{"id":164739,"date":"2023-07-07T10:40:24","date_gmt":"2023-07-07T08:40:24","guid":{"rendered":"https:\/\/novice.si\/page\/?p=164739"},"modified":"2023-07-06T15:42:00","modified_gmt":"2023-07-06T13:42:00","slug":"zaceli-z-gradnjo-mostu-pri-spici","status":"publish","type":"post","link":"https:\/\/novice.si\/page\/zaceli-z-gradnjo-mostu-pri-spici\/","title":{"rendered":"Za\u010deli z gradnjo mostu pri \u0160pici"},"content":{"rendered":"<p><em><strong><img loading=\"lazy\" decoding=\"async\" class=\" wp-image-164740 alignright\" src=\"https:\/\/novice.si\/page\/wp-content\/uploads\/2023\/07\/Cz-spica-most-2-600x450.jpg\" alt=\"\u0160pica most\" width=\"504\" height=\"378\" srcset=\"https:\/\/novice.si\/page\/wp-content\/uploads\/2023\/07\/Cz-spica-most-2-600x450.jpg 600w, https:\/\/novice.si\/page\/wp-content\/uploads\/2023\/07\/Cz-spica-most-2-1024x768.jpg 1024w, https:\/\/novice.si\/page\/wp-content\/uploads\/2023\/07\/Cz-spica-most-2-768x576.jpg 768w, https:\/\/novice.si\/page\/wp-content\/uploads\/2023\/07\/Cz-spica-most-2-1536x1152.jpg 1536w, https:\/\/novice.si\/page\/wp-content\/uploads\/2023\/07\/Cz-spica-most-2-80x60.jpg 80w, https:\/\/novice.si\/page\/wp-content\/uploads\/2023\/07\/Cz-spica-most-2-265x198.jpg 265w, https:\/\/novice.si\/page\/wp-content\/uploads\/2023\/07\/Cz-spica-most-2-696x522.jpg 696w, https:\/\/novice.si\/page\/wp-content\/uploads\/2023\/07\/Cz-spica-most-2-1068x801.jpg 1068w, https:\/\/novice.si\/page\/wp-content\/uploads\/2023\/07\/Cz-spica-most-2-560x420.jpg 560w, https:\/\/novice.si\/page\/wp-content\/uploads\/2023\/07\/Cz-spica-most-2-24x18.jpg 24w, https:\/\/novice.si\/page\/wp-content\/uploads\/2023\/07\/Cz-spica-most-2-36x27.jpg 36w, https:\/\/novice.si\/page\/wp-content\/uploads\/2023\/07\/Cz-spica-most-2-48x36.jpg 48w, https:\/\/novice.si\/page\/wp-content\/uploads\/2023\/07\/Cz-spica-most-2.jpg 1613w\" sizes=\"auto, (max-width: 504px) 100vw, 504px\" \/>Letos. <\/strong>Izvedba pilotov in betonskih opornikov za most je predvidena do konca avgusta, monta\u017ea jeklene konstrukcije oktobra letos.<\/em><\/p>\n<p>Na kolesarski povezavi Celje\u2013\u017dalec so se v teh dneh za\u010dela dela tudi na celjskem delu steze, s pripravljalnimi deli za gradnjo mostu \u010dez Savinjo pri \u0160pici. Na levem in desnem bregu Savinje sta tako na terenu \u017ee vidna za\u010dasna platoja za izvedbo pilotiranja.<\/p>\n<p>Postavitev novega mostu \u010dez Savinjo pri \u0160pici predstavlja osrednji del gradbenih aktivnosti na celjskem delu povezave, kjer na trasi niso predvideni drugi ve\u010dji posegi, saj bo kolesarska pot ostala makadamska.<\/p>\n<p><strong>Most bo te\u017eek ve\u010d kot sto ton<\/strong><\/p>\n<p>Izvedba pilotov in betonskih opornikov za most je predvidena do konca avgusta, monta\u017ea jeklene konstrukcije pa v oktobru tega leta. Most bo postavljen pribli\u017eno 200 metrov gorvodno od \u0160pice, soto\u010dja Savinje in Lo\u017enice, nad prelivnimi polji kajaka\u0161kega centra. Most, ki bo stal na dveh betonskih opornikih brez vmesnih podpor, bo imel razpon med le\u017ei\u0161\u010di 76 metrov in skupno dol\u017eino 80,77 metra. \u0160irina kolesarske in pohodne povr\u0161ine bo 3,5 metra.<\/p>\n<p>Most bo narejen kot jeklena konstrukcija in bo te\u017eek pribli\u017eno 123 ton. Posamezne dele jeklene konstrukcije bodo v za\u010detku septembra dostavili na gradbi\u0161\u010de, kon\u010dna monta\u017ea pa bo izvedena predvidoma v oktobru 2023. Ve\u010d o tem vas \u010daka v aktualni \u0161tevilki \u010dasopisa Celjan, ki jo \u017ee lahko dobite na prodajnih mestih.<\/p>\n","protected":false},"excerpt":{"rendered":"<p>Letos. Izvedba pilotov in betonskih opornikov za most je predvidena do konca avgusta, monta\u017ea jeklene konstrukcije oktobra letos. Na kolesarski povezavi Celje\u2013\u017dalec so se v teh dneh za\u010dela dela tudi na celjskem delu steze, s pripravljalnimi deli za gradnjo mostu \u010dez Savinjo pri \u0160pici. Na levem in desnem bregu Savinje sta tako na terenu \u017ee [&hellip;]<\/p>\n","protected":false},"author":55,"featured_media":164740,"comment_status":"closed","ping_status":"closed","sticky":false,"template":"","format":"standard","meta":{"footnotes":""},"categories":[14,142,17],"tags":[],"class_list":{"0":"post-164739","1":"post","2":"type-post","3":"status-publish","4":"format-standard","5":"has-post-thumbnail","7":"category-aktualno","8":"category-celjan","9":"category-celjsko"},"yoast_head":"<!-- This site is optimized with the Yoast SEO plugin v27.4 - https:\/\/yoast.com\/product\/yoast-seo-wordpress\/ -->\n<title>Za\u010deli z gradnjo mostu pri \u0160pici - Novice.si<\/title>\n<meta name=\"robots\" content=\"index, follow, max-snippet:-1, max-image-preview:large, max-video-preview:-1\" \/>\n<link rel=\"canonical\" href=\"https:\/\/novice.si\/page\/zaceli-z-gradnjo-mostu-pri-spici\/\" \/>\n<meta property=\"og:locale\" content=\"sl_SI\" \/>\n<meta property=\"og:type\" content=\"article\" \/>\n<meta property=\"og:title\" content=\"Za\u010deli z gradnjo mostu pri \u0160pici - Novice.si\" \/>\n<meta property=\"og:description\" content=\"Letos. Izvedba pilotov in betonskih opornikov za most je predvidena do konca avgusta, monta\u017ea jeklene konstrukcije oktobra letos. Na kolesarski povezavi Celje\u2013\u017dalec so se v teh dneh za\u010dela dela tudi na celjskem delu steze, s pripravljalnimi deli za gradnjo mostu \u010dez Savinjo pri \u0160pici. Na levem in desnem bregu Savinje sta tako na terenu \u017ee [&hellip;]\" \/>\n<meta property=\"og:url\" content=\"https:\/\/novice.si\/page\/zaceli-z-gradnjo-mostu-pri-spici\/\" \/>\n<meta property=\"og:site_name\" content=\"Novice.si\" \/>\n<meta property=\"article:published_time\" content=\"2023-07-07T08:40:24+00:00\" \/>\n<meta property=\"og:image\" content=\"https:\/\/novice.si\/page\/wp-content\/uploads\/2023\/07\/Cz-spica-most-2.jpg\" \/>\n\t<meta property=\"og:image:width\" content=\"1613\" \/>\n\t<meta property=\"og:image:height\" content=\"1210\" \/>\n\t<meta property=\"og:image:type\" content=\"image\/jpeg\" \/>\n<meta name=\"author\" content=\"Uredni\u0161tvo Celjana\" \/>\n<meta name=\"twitter:card\" content=\"summary_large_image\" \/>\n<meta name=\"twitter:label1\" content=\"Written by\" \/>\n\t<meta name=\"twitter:data1\" content=\"Uredni\u0161tvo Celjana\" \/>\n\t<meta name=\"twitter:label2\" content=\"Est. reading time\" \/>\n\t<meta name=\"twitter:data2\" content=\"2 minuti\" \/>\n<script type=\"application\/ld+json\" class=\"yoast-schema-graph\">{\"@context\":\"https:\\\/\\\/schema.org\",\"@graph\":[{\"@type\":\"Article\",\"@id\":\"https:\\\/\\\/novice.si\\\/page\\\/zaceli-z-gradnjo-mostu-pri-spici\\\/#article\",\"isPartOf\":{\"@id\":\"https:\\\/\\\/novice.si\\\/page\\\/zaceli-z-gradnjo-mostu-pri-spici\\\/\"},\"author\":{\"name\":\"Uredni\u0161tvo Celjana\",\"@id\":\"https:\\\/\\\/novice.si\\\/page\\\/#\\\/schema\\\/person\\\/a49f233ef2777ec7b2e8d0662325bb48\"},\"headline\":\"Za\u010deli z gradnjo mostu pri \u0160pici\",\"datePublished\":\"2023-07-07T08:40:24+00:00\",\"mainEntityOfPage\":{\"@id\":\"https:\\\/\\\/novice.si\\\/page\\\/zaceli-z-gradnjo-mostu-pri-spici\\\/\"},\"wordCount\":239,\"publisher\":{\"@id\":\"https:\\\/\\\/novice.si\\\/page\\\/#organization\"},\"image\":{\"@id\":\"https:\\\/\\\/novice.si\\\/page\\\/zaceli-z-gradnjo-mostu-pri-spici\\\/#primaryimage\"},\"thumbnailUrl\":\"https:\\\/\\\/novice.si\\\/page\\\/wp-content\\\/uploads\\\/2023\\\/07\\\/Cz-spica-most-2.jpg\",\"articleSection\":[\"Aktualno\",\"Celjan\",\"Celjsko\"],\"inLanguage\":\"sl-SI\"},{\"@type\":\"WebPage\",\"@id\":\"https:\\\/\\\/novice.si\\\/page\\\/zaceli-z-gradnjo-mostu-pri-spici\\\/\",\"url\":\"https:\\\/\\\/novice.si\\\/page\\\/zaceli-z-gradnjo-mostu-pri-spici\\\/\",\"name\":\"Za\u010deli z gradnjo mostu pri \u0160pici - Novice.si\",\"isPartOf\":{\"@id\":\"https:\\\/\\\/novice.si\\\/page\\\/#website\"},\"primaryImageOfPage\":{\"@id\":\"https:\\\/\\\/novice.si\\\/page\\\/zaceli-z-gradnjo-mostu-pri-spici\\\/#primaryimage\"},\"image\":{\"@id\":\"https:\\\/\\\/novice.si\\\/page\\\/zaceli-z-gradnjo-mostu-pri-spici\\\/#primaryimage\"},\"thumbnailUrl\":\"https:\\\/\\\/novice.si\\\/page\\\/wp-content\\\/uploads\\\/2023\\\/07\\\/Cz-spica-most-2.jpg\",\"datePublished\":\"2023-07-07T08:40:24+00:00\",\"breadcrumb\":{\"@id\":\"https:\\\/\\\/novice.si\\\/page\\\/zaceli-z-gradnjo-mostu-pri-spici\\\/#breadcrumb\"},\"inLanguage\":\"sl-SI\",\"potentialAction\":[{\"@type\":\"ReadAction\",\"target\":[\"https:\\\/\\\/novice.si\\\/page\\\/zaceli-z-gradnjo-mostu-pri-spici\\\/\"]}]},{\"@type\":\"ImageObject\",\"inLanguage\":\"sl-SI\",\"@id\":\"https:\\\/\\\/novice.si\\\/page\\\/zaceli-z-gradnjo-mostu-pri-spici\\\/#primaryimage\",\"url\":\"https:\\\/\\\/novice.si\\\/page\\\/wp-content\\\/uploads\\\/2023\\\/07\\\/Cz-spica-most-2.jpg\",\"contentUrl\":\"https:\\\/\\\/novice.si\\\/page\\\/wp-content\\\/uploads\\\/2023\\\/07\\\/Cz-spica-most-2.jpg\",\"width\":1613,\"height\":1210,\"caption\":\"\u0160pica most\"},{\"@type\":\"BreadcrumbList\",\"@id\":\"https:\\\/\\\/novice.si\\\/page\\\/zaceli-z-gradnjo-mostu-pri-spici\\\/#breadcrumb\",\"itemListElement\":[{\"@type\":\"ListItem\",\"position\":1,\"name\":\"Home\",\"item\":\"https:\\\/\\\/novice.si\\\/page\\\/\"},{\"@type\":\"ListItem\",\"position\":2,\"name\":\"Za\u010deli z gradnjo mostu pri \u0160pici\"}]},{\"@type\":\"WebSite\",\"@id\":\"https:\\\/\\\/novice.si\\\/page\\\/#website\",\"url\":\"https:\\\/\\\/novice.si\\\/page\\\/\",\"name\":\"Novice.si\",\"description\":\"\",\"publisher\":{\"@id\":\"https:\\\/\\\/novice.si\\\/page\\\/#organization\"},\"potentialAction\":[{\"@type\":\"SearchAction\",\"target\":{\"@type\":\"EntryPoint\",\"urlTemplate\":\"https:\\\/\\\/novice.si\\\/page\\\/?s={search_term_string}\"},\"query-input\":{\"@type\":\"PropertyValueSpecification\",\"valueRequired\":true,\"valueName\":\"search_term_string\"}}],\"inLanguage\":\"sl-SI\"},{\"@type\":\"Organization\",\"@id\":\"https:\\\/\\\/novice.si\\\/page\\\/#organization\",\"name\":\"Novice.si\",\"url\":\"https:\\\/\\\/novice.si\\\/page\\\/\",\"logo\":{\"@type\":\"ImageObject\",\"inLanguage\":\"sl-SI\",\"@id\":\"https:\\\/\\\/novice.si\\\/page\\\/#\\\/schema\\\/logo\\\/image\\\/\",\"url\":\"https:\\\/\\\/novice.si\\\/page\\\/wp-content\\\/uploads\\\/2023\\\/03\\\/novice_si.png\",\"contentUrl\":\"https:\\\/\\\/novice.si\\\/page\\\/wp-content\\\/uploads\\\/2023\\\/03\\\/novice_si.png\",\"width\":576,\"height\":200,\"caption\":\"Novice.si\"},\"image\":{\"@id\":\"https:\\\/\\\/novice.si\\\/page\\\/#\\\/schema\\\/logo\\\/image\\\/\"}},{\"@type\":\"Person\",\"@id\":\"https:\\\/\\\/novice.si\\\/page\\\/#\\\/schema\\\/person\\\/a49f233ef2777ec7b2e8d0662325bb48\",\"name\":\"Uredni\u0161tvo Celjana\",\"image\":{\"@type\":\"ImageObject\",\"inLanguage\":\"sl-SI\",\"@id\":\"https:\\\/\\\/secure.gravatar.com\\\/avatar\\\/7f7863e616af8f92806c638dd1db3f1a238d83d1cc2ec3100afc06fbb7eb303f?s=96&d=mm&r=g\",\"url\":\"https:\\\/\\\/secure.gravatar.com\\\/avatar\\\/7f7863e616af8f92806c638dd1db3f1a238d83d1cc2ec3100afc06fbb7eb303f?s=96&d=mm&r=g\",\"contentUrl\":\"https:\\\/\\\/secure.gravatar.com\\\/avatar\\\/7f7863e616af8f92806c638dd1db3f1a238d83d1cc2ec3100afc06fbb7eb303f?s=96&d=mm&r=g\",\"caption\":\"Uredni\u0161tvo Celjana\"},\"url\":\"https:\\\/\\\/novice.si\\\/page\\\/author\\\/maja\\\/\"}]}<\/script>\n<!-- \/ Yoast SEO plugin. -->","yoast_head_json":{"title":"Za\u010deli z gradnjo mostu pri \u0160pici - Novice.si","robots":{"index":"index","follow":"follow","max-snippet":"max-snippet:-1","max-image-preview":"max-image-preview:large","max-video-preview":"max-video-preview:-1"},"canonical":"https:\/\/novice.si\/page\/zaceli-z-gradnjo-mostu-pri-spici\/","og_locale":"sl_SI","og_type":"article","og_title":"Za\u010deli z gradnjo mostu pri \u0160pici - Novice.si","og_description":"Letos. Izvedba pilotov in betonskih opornikov za most je predvidena do konca avgusta, monta\u017ea jeklene konstrukcije oktobra letos. Na kolesarski povezavi Celje\u2013\u017dalec so se v teh dneh za\u010dela dela tudi na celjskem delu steze, s pripravljalnimi deli za gradnjo mostu \u010dez Savinjo pri \u0160pici. Na levem in desnem bregu Savinje sta tako na terenu \u017ee [&hellip;]","og_url":"https:\/\/novice.si\/page\/zaceli-z-gradnjo-mostu-pri-spici\/","og_site_name":"Novice.si","article_published_time":"2023-07-07T08:40:24+00:00","og_image":[{"width":1613,"height":1210,"url":"https:\/\/novice.si\/page\/wp-content\/uploads\/2023\/07\/Cz-spica-most-2.jpg","type":"image\/jpeg"}],"author":"Uredni\u0161tvo Celjana","twitter_card":"summary_large_image","twitter_misc":{"Written by":"Uredni\u0161tvo Celjana","Est. reading time":"2 minuti"},"schema":{"@context":"https:\/\/schema.org","@graph":[{"@type":"Article","@id":"https:\/\/novice.si\/page\/zaceli-z-gradnjo-mostu-pri-spici\/#article","isPartOf":{"@id":"https:\/\/novice.si\/page\/zaceli-z-gradnjo-mostu-pri-spici\/"},"author":{"name":"Uredni\u0161tvo Celjana","@id":"https:\/\/novice.si\/page\/#\/schema\/person\/a49f233ef2777ec7b2e8d0662325bb48"},"headline":"Za\u010deli z gradnjo mostu pri \u0160pici","datePublished":"2023-07-07T08:40:24+00:00","mainEntityOfPage":{"@id":"https:\/\/novice.si\/page\/zaceli-z-gradnjo-mostu-pri-spici\/"},"wordCount":239,"publisher":{"@id":"https:\/\/novice.si\/page\/#organization"},"image":{"@id":"https:\/\/novice.si\/page\/zaceli-z-gradnjo-mostu-pri-spici\/#primaryimage"},"thumbnailUrl":"https:\/\/novice.si\/page\/wp-content\/uploads\/2023\/07\/Cz-spica-most-2.jpg","articleSection":["Aktualno","Celjan","Celjsko"],"inLanguage":"sl-SI"},{"@type":"WebPage","@id":"https:\/\/novice.si\/page\/zaceli-z-gradnjo-mostu-pri-spici\/","url":"https:\/\/novice.si\/page\/zaceli-z-gradnjo-mostu-pri-spici\/","name":"Za\u010deli z gradnjo mostu pri \u0160pici - Novice.si","isPartOf":{"@id":"https:\/\/novice.si\/page\/#website"},"primaryImageOfPage":{"@id":"https:\/\/novice.si\/page\/zaceli-z-gradnjo-mostu-pri-spici\/#primaryimage"},"image":{"@id":"https:\/\/novice.si\/page\/zaceli-z-gradnjo-mostu-pri-spici\/#primaryimage"},"thumbnailUrl":"https:\/\/novice.si\/page\/wp-content\/uploads\/2023\/07\/Cz-spica-most-2.jpg","datePublished":"2023-07-07T08:40:24+00:00","breadcrumb":{"@id":"https:\/\/novice.si\/page\/zaceli-z-gradnjo-mostu-pri-spici\/#breadcrumb"},"inLanguage":"sl-SI","potentialAction":[{"@type":"ReadAction","target":["https:\/\/novice.si\/page\/zaceli-z-gradnjo-mostu-pri-spici\/"]}]},{"@type":"ImageObject","inLanguage":"sl-SI","@id":"https:\/\/novice.si\/page\/zaceli-z-gradnjo-mostu-pri-spici\/#primaryimage","url":"https:\/\/novice.si\/page\/wp-content\/uploads\/2023\/07\/Cz-spica-most-2.jpg","contentUrl":"https:\/\/novice.si\/page\/wp-content\/uploads\/2023\/07\/Cz-spica-most-2.jpg","width":1613,"height":1210,"caption":"\u0160pica most"},{"@type":"BreadcrumbList","@id":"https:\/\/novice.si\/page\/zaceli-z-gradnjo-mostu-pri-spici\/#breadcrumb","itemListElement":[{"@type":"ListItem","position":1,"name":"Home","item":"https:\/\/novice.si\/page\/"},{"@type":"ListItem","position":2,"name":"Za\u010deli z gradnjo mostu pri \u0160pici"}]},{"@type":"WebSite","@id":"https:\/\/novice.si\/page\/#website","url":"https:\/\/novice.si\/page\/","name":"Novice.si","description":"","publisher":{"@id":"https:\/\/novice.si\/page\/#organization"},"potentialAction":[{"@type":"SearchAction","target":{"@type":"EntryPoint","urlTemplate":"https:\/\/novice.si\/page\/?s={search_term_string}"},"query-input":{"@type":"PropertyValueSpecification","valueRequired":true,"valueName":"search_term_string"}}],"inLanguage":"sl-SI"},{"@type":"Organization","@id":"https:\/\/novice.si\/page\/#organization","name":"Novice.si","url":"https:\/\/novice.si\/page\/","logo":{"@type":"ImageObject","inLanguage":"sl-SI","@id":"https:\/\/novice.si\/page\/#\/schema\/logo\/image\/","url":"https:\/\/novice.si\/page\/wp-content\/uploads\/2023\/03\/novice_si.png","contentUrl":"https:\/\/novice.si\/page\/wp-content\/uploads\/2023\/03\/novice_si.png","width":576,"height":200,"caption":"Novice.si"},"image":{"@id":"https:\/\/novice.si\/page\/#\/schema\/logo\/image\/"}},{"@type":"Person","@id":"https:\/\/novice.si\/page\/#\/schema\/person\/a49f233ef2777ec7b2e8d0662325bb48","name":"Uredni\u0161tvo Celjana","image":{"@type":"ImageObject","inLanguage":"sl-SI","@id":"https:\/\/secure.gravatar.com\/avatar\/7f7863e616af8f92806c638dd1db3f1a238d83d1cc2ec3100afc06fbb7eb303f?s=96&d=mm&r=g","url":"https:\/\/secure.gravatar.com\/avatar\/7f7863e616af8f92806c638dd1db3f1a238d83d1cc2ec3100afc06fbb7eb303f?s=96&d=mm&r=g","contentUrl":"https:\/\/secure.gravatar.com\/avatar\/7f7863e616af8f92806c638dd1db3f1a238d83d1cc2ec3100afc06fbb7eb303f?s=96&d=mm&r=g","caption":"Uredni\u0161tvo Celjana"},"url":"https:\/\/novice.si\/page\/author\/maja\/"}]}},"_links":{"self":[{"href":"https:\/\/novice.si\/page\/wp-json\/wp\/v2\/posts\/164739","targetHints":{"allow":["GET"]}}],"collection":[{"href":"https:\/\/novice.si\/page\/wp-json\/wp\/v2\/posts"}],"about":[{"href":"https:\/\/novice.si\/page\/wp-json\/wp\/v2\/types\/post"}],"author":[{"embeddable":true,"href":"https:\/\/novice.si\/page\/wp-json\/wp\/v2\/users\/55"}],"replies":[{"embeddable":true,"href":"https:\/\/novice.si\/page\/wp-json\/wp\/v2\/comments?post=164739"}],"version-history":[{"count":1,"href":"https:\/\/novice.si\/page\/wp-json\/wp\/v2\/posts\/164739\/revisions"}],"predecessor-version":[{"id":164741,"href":"https:\/\/novice.si\/page\/wp-json\/wp\/v2\/posts\/164739\/revisions\/164741"}],"wp:featuredmedia":[{"embeddable":true,"href":"https:\/\/novice.si\/page\/wp-json\/wp\/v2\/media\/164740"}],"wp:attachment":[{"href":"https:\/\/novice.si\/page\/wp-json\/wp\/v2\/media?parent=164739"}],"wp:term":[{"taxonomy":"category","embeddable":true,"href":"https:\/\/novice.si\/page\/wp-json\/wp\/v2\/categories?post=164739"},{"taxonomy":"post_tag","embeddable":true,"href":"https:\/\/novice.si\/page\/wp-json\/wp\/v2\/tags?post=164739"}],"curies":[{"name":"wp","href":"https:\/\/api.w.org\/{rel}","templated":true}]}}