{"id":164736,"date":"2023-07-07T08:36:26","date_gmt":"2023-07-07T06:36:26","guid":{"rendered":"https:\/\/novice.si\/page\/?p=164736"},"modified":"2023-07-06T15:40:14","modified_gmt":"2023-07-06T13:40:14","slug":"obcina-sofinancira-poletni-avtobus-do-logarske-doline","status":"publish","type":"post","link":"https:\/\/novice.si\/page\/obcina-sofinancira-poletni-avtobus-do-logarske-doline\/","title":{"rendered":"Ob\u010dina sofinancira poletni avtobus do Logarske doline"},"content":{"rendered":"<p><em><img loading=\"lazy\" decoding=\"async\" class=\" wp-image-164737 alignleft\" src=\"https:\/\/novice.si\/page\/wp-content\/uploads\/2023\/07\/logarska-dolina-visje-600x399.jpg\" alt=\"Logarska dolina\" width=\"495\" height=\"329\" srcset=\"https:\/\/novice.si\/page\/wp-content\/uploads\/2023\/07\/logarska-dolina-visje-600x399.jpg 600w, https:\/\/novice.si\/page\/wp-content\/uploads\/2023\/07\/logarska-dolina-visje-1024x680.jpg 1024w, https:\/\/novice.si\/page\/wp-content\/uploads\/2023\/07\/logarska-dolina-visje-768x510.jpg 768w, https:\/\/novice.si\/page\/wp-content\/uploads\/2023\/07\/logarska-dolina-visje-1536x1020.jpg 1536w, https:\/\/novice.si\/page\/wp-content\/uploads\/2023\/07\/logarska-dolina-visje-2048x1361.jpg 2048w, https:\/\/novice.si\/page\/wp-content\/uploads\/2023\/07\/logarska-dolina-visje-696x462.jpg 696w, https:\/\/novice.si\/page\/wp-content\/uploads\/2023\/07\/logarska-dolina-visje-1068x710.jpg 1068w, https:\/\/novice.si\/page\/wp-content\/uploads\/2023\/07\/logarska-dolina-visje-632x420.jpg 632w, https:\/\/novice.si\/page\/wp-content\/uploads\/2023\/07\/logarska-dolina-visje-24x16.jpg 24w, https:\/\/novice.si\/page\/wp-content\/uploads\/2023\/07\/logarska-dolina-visje-36x24.jpg 36w, https:\/\/novice.si\/page\/wp-content\/uploads\/2023\/07\/logarska-dolina-visje-48x32.jpg 48w\" sizes=\"auto, (max-width: 495px) 100vw, 495px\" \/>Poletni turisti\u010dni avtobus bo do 31. avgusta, ob sobotah, nedeljah in praznikih, vozil od Celja do Logarske doline in nazaj.\u00a0 <\/em><\/p>\n<p>Kolesarski turisti\u010dni avtobus \u017ee nekaj let zapored med Celjem in Logarsko dolino povezuje ob\u010dine ob Savinji. Na avtobus lahko izletniki vstopijo na vseh postajali\u0161\u010dih med Celjem in Logarsko dolino. Nanj lahko brezpla\u010dno vzamejo kolo.<\/p>\n<p><strong>Za otroke brezpla\u010dno<\/strong><\/p>\n<p>Mestna ob\u010dina Celje se v zadnjih letih intenzivno ukvarja s projekti trajnostne mobilnosti, in tudi sofinanciranje tega turisti\u010dnega avtobusa pripomore k manj\u0161emu onesna\u017eevanju okolja ter na\u0161im prebivalcem omogo\u010da udobno in ugodno potovanje v enega najlep\u0161ih predelov Slovenije. Hkrati vse prebivalce krajev, v katerih se ustavlja avtobus, vabimo na obisk v Celje.<\/p>\n<p>Otroci do 4. leta se lahko peljejo brezpla\u010dno, do 10. leta pa je cena polovi\u010dna. Vozovnico je mogo\u010de rezervirati tudi preko spleta.<\/p>\n","protected":false},"excerpt":{"rendered":"<p>Poletni turisti\u010dni avtobus bo do 31. avgusta, ob sobotah, nedeljah in praznikih, vozil od Celja do Logarske doline in nazaj.\u00a0 Kolesarski turisti\u010dni avtobus \u017ee nekaj let zapored med Celjem in Logarsko dolino povezuje ob\u010dine ob Savinji. Na avtobus lahko izletniki vstopijo na vseh postajali\u0161\u010dih med Celjem in Logarsko dolino. Nanj lahko brezpla\u010dno vzamejo kolo. Za [&hellip;]<\/p>\n","protected":false},"author":55,"featured_media":164737,"comment_status":"closed","ping_status":"closed","sticky":false,"template":"","format":"standard","meta":{"footnotes":""},"categories":[14,142,17],"tags":[],"class_list":{"0":"post-164736","1":"post","2":"type-post","3":"status-publish","4":"format-standard","5":"has-post-thumbnail","7":"category-aktualno","8":"category-celjan","9":"category-celjsko"},"yoast_head":"<!-- This site is optimized with the Yoast SEO plugin v27.4 - https:\/\/yoast.com\/product\/yoast-seo-wordpress\/ -->\n<title>Ob\u010dina sofinancira poletni avtobus do Logarske doline - Novice.si<\/title>\n<meta name=\"robots\" content=\"index, follow, max-snippet:-1, max-image-preview:large, max-video-preview:-1\" \/>\n<link rel=\"canonical\" href=\"https:\/\/novice.si\/page\/obcina-sofinancira-poletni-avtobus-do-logarske-doline\/\" \/>\n<meta property=\"og:locale\" content=\"sl_SI\" \/>\n<meta property=\"og:type\" content=\"article\" \/>\n<meta property=\"og:title\" content=\"Ob\u010dina sofinancira poletni avtobus do Logarske doline - Novice.si\" \/>\n<meta property=\"og:description\" content=\"Poletni turisti\u010dni avtobus bo do 31. avgusta, ob sobotah, nedeljah in praznikih, vozil od Celja do Logarske doline in nazaj.\u00a0 Kolesarski turisti\u010dni avtobus \u017ee nekaj let zapored med Celjem in Logarsko dolino povezuje ob\u010dine ob Savinji. Na avtobus lahko izletniki vstopijo na vseh postajali\u0161\u010dih med Celjem in Logarsko dolino. Nanj lahko brezpla\u010dno vzamejo kolo. Za [&hellip;]\" \/>\n<meta property=\"og:url\" content=\"https:\/\/novice.si\/page\/obcina-sofinancira-poletni-avtobus-do-logarske-doline\/\" \/>\n<meta property=\"og:site_name\" content=\"Novice.si\" \/>\n<meta property=\"article:published_time\" content=\"2023-07-07T06:36:26+00:00\" \/>\n<meta property=\"og:image\" content=\"https:\/\/novice.si\/page\/wp-content\/uploads\/2023\/07\/logarska-dolina-visje-scaled.jpg\" \/>\n\t<meta property=\"og:image:width\" content=\"2560\" \/>\n\t<meta property=\"og:image:height\" content=\"1701\" \/>\n\t<meta property=\"og:image:type\" content=\"image\/jpeg\" \/>\n<meta name=\"author\" content=\"Uredni\u0161tvo Celjana\" \/>\n<meta name=\"twitter:card\" content=\"summary_large_image\" \/>\n<meta name=\"twitter:label1\" content=\"Written by\" \/>\n\t<meta name=\"twitter:data1\" content=\"Uredni\u0161tvo Celjana\" \/>\n\t<meta name=\"twitter:label2\" content=\"Est. reading time\" \/>\n\t<meta name=\"twitter:data2\" content=\"1 minuta\" \/>\n<script type=\"application\/ld+json\" class=\"yoast-schema-graph\">{\"@context\":\"https:\\\/\\\/schema.org\",\"@graph\":[{\"@type\":\"Article\",\"@id\":\"https:\\\/\\\/novice.si\\\/page\\\/obcina-sofinancira-poletni-avtobus-do-logarske-doline\\\/#article\",\"isPartOf\":{\"@id\":\"https:\\\/\\\/novice.si\\\/page\\\/obcina-sofinancira-poletni-avtobus-do-logarske-doline\\\/\"},\"author\":{\"name\":\"Uredni\u0161tvo Celjana\",\"@id\":\"https:\\\/\\\/novice.si\\\/page\\\/#\\\/schema\\\/person\\\/a49f233ef2777ec7b2e8d0662325bb48\"},\"headline\":\"Ob\u010dina sofinancira poletni avtobus do Logarske doline\",\"datePublished\":\"2023-07-07T06:36:26+00:00\",\"mainEntityOfPage\":{\"@id\":\"https:\\\/\\\/novice.si\\\/page\\\/obcina-sofinancira-poletni-avtobus-do-logarske-doline\\\/\"},\"wordCount\":151,\"publisher\":{\"@id\":\"https:\\\/\\\/novice.si\\\/page\\\/#organization\"},\"image\":{\"@id\":\"https:\\\/\\\/novice.si\\\/page\\\/obcina-sofinancira-poletni-avtobus-do-logarske-doline\\\/#primaryimage\"},\"thumbnailUrl\":\"https:\\\/\\\/novice.si\\\/page\\\/wp-content\\\/uploads\\\/2023\\\/07\\\/logarska-dolina-visje-scaled.jpg\",\"articleSection\":[\"Aktualno\",\"Celjan\",\"Celjsko\"],\"inLanguage\":\"sl-SI\"},{\"@type\":\"WebPage\",\"@id\":\"https:\\\/\\\/novice.si\\\/page\\\/obcina-sofinancira-poletni-avtobus-do-logarske-doline\\\/\",\"url\":\"https:\\\/\\\/novice.si\\\/page\\\/obcina-sofinancira-poletni-avtobus-do-logarske-doline\\\/\",\"name\":\"Ob\u010dina sofinancira poletni avtobus do Logarske doline - Novice.si\",\"isPartOf\":{\"@id\":\"https:\\\/\\\/novice.si\\\/page\\\/#website\"},\"primaryImageOfPage\":{\"@id\":\"https:\\\/\\\/novice.si\\\/page\\\/obcina-sofinancira-poletni-avtobus-do-logarske-doline\\\/#primaryimage\"},\"image\":{\"@id\":\"https:\\\/\\\/novice.si\\\/page\\\/obcina-sofinancira-poletni-avtobus-do-logarske-doline\\\/#primaryimage\"},\"thumbnailUrl\":\"https:\\\/\\\/novice.si\\\/page\\\/wp-content\\\/uploads\\\/2023\\\/07\\\/logarska-dolina-visje-scaled.jpg\",\"datePublished\":\"2023-07-07T06:36:26+00:00\",\"breadcrumb\":{\"@id\":\"https:\\\/\\\/novice.si\\\/page\\\/obcina-sofinancira-poletni-avtobus-do-logarske-doline\\\/#breadcrumb\"},\"inLanguage\":\"sl-SI\",\"potentialAction\":[{\"@type\":\"ReadAction\",\"target\":[\"https:\\\/\\\/novice.si\\\/page\\\/obcina-sofinancira-poletni-avtobus-do-logarske-doline\\\/\"]}]},{\"@type\":\"ImageObject\",\"inLanguage\":\"sl-SI\",\"@id\":\"https:\\\/\\\/novice.si\\\/page\\\/obcina-sofinancira-poletni-avtobus-do-logarske-doline\\\/#primaryimage\",\"url\":\"https:\\\/\\\/novice.si\\\/page\\\/wp-content\\\/uploads\\\/2023\\\/07\\\/logarska-dolina-visje-scaled.jpg\",\"contentUrl\":\"https:\\\/\\\/novice.si\\\/page\\\/wp-content\\\/uploads\\\/2023\\\/07\\\/logarska-dolina-visje-scaled.jpg\",\"width\":2560,\"height\":1701,\"caption\":\"Logarska dolina\"},{\"@type\":\"BreadcrumbList\",\"@id\":\"https:\\\/\\\/novice.si\\\/page\\\/obcina-sofinancira-poletni-avtobus-do-logarske-doline\\\/#breadcrumb\",\"itemListElement\":[{\"@type\":\"ListItem\",\"position\":1,\"name\":\"Home\",\"item\":\"https:\\\/\\\/novice.si\\\/page\\\/\"},{\"@type\":\"ListItem\",\"position\":2,\"name\":\"Ob\u010dina sofinancira poletni avtobus do Logarske doline\"}]},{\"@type\":\"WebSite\",\"@id\":\"https:\\\/\\\/novice.si\\\/page\\\/#website\",\"url\":\"https:\\\/\\\/novice.si\\\/page\\\/\",\"name\":\"Novice.si\",\"description\":\"\",\"publisher\":{\"@id\":\"https:\\\/\\\/novice.si\\\/page\\\/#organization\"},\"potentialAction\":[{\"@type\":\"SearchAction\",\"target\":{\"@type\":\"EntryPoint\",\"urlTemplate\":\"https:\\\/\\\/novice.si\\\/page\\\/?s={search_term_string}\"},\"query-input\":{\"@type\":\"PropertyValueSpecification\",\"valueRequired\":true,\"valueName\":\"search_term_string\"}}],\"inLanguage\":\"sl-SI\"},{\"@type\":\"Organization\",\"@id\":\"https:\\\/\\\/novice.si\\\/page\\\/#organization\",\"name\":\"Novice.si\",\"url\":\"https:\\\/\\\/novice.si\\\/page\\\/\",\"logo\":{\"@type\":\"ImageObject\",\"inLanguage\":\"sl-SI\",\"@id\":\"https:\\\/\\\/novice.si\\\/page\\\/#\\\/schema\\\/logo\\\/image\\\/\",\"url\":\"https:\\\/\\\/novice.si\\\/page\\\/wp-content\\\/uploads\\\/2023\\\/03\\\/novice_si.png\",\"contentUrl\":\"https:\\\/\\\/novice.si\\\/page\\\/wp-content\\\/uploads\\\/2023\\\/03\\\/novice_si.png\",\"width\":576,\"height\":200,\"caption\":\"Novice.si\"},\"image\":{\"@id\":\"https:\\\/\\\/novice.si\\\/page\\\/#\\\/schema\\\/logo\\\/image\\\/\"}},{\"@type\":\"Person\",\"@id\":\"https:\\\/\\\/novice.si\\\/page\\\/#\\\/schema\\\/person\\\/a49f233ef2777ec7b2e8d0662325bb48\",\"name\":\"Uredni\u0161tvo Celjana\",\"image\":{\"@type\":\"ImageObject\",\"inLanguage\":\"sl-SI\",\"@id\":\"https:\\\/\\\/secure.gravatar.com\\\/avatar\\\/7f7863e616af8f92806c638dd1db3f1a238d83d1cc2ec3100afc06fbb7eb303f?s=96&d=mm&r=g\",\"url\":\"https:\\\/\\\/secure.gravatar.com\\\/avatar\\\/7f7863e616af8f92806c638dd1db3f1a238d83d1cc2ec3100afc06fbb7eb303f?s=96&d=mm&r=g\",\"contentUrl\":\"https:\\\/\\\/secure.gravatar.com\\\/avatar\\\/7f7863e616af8f92806c638dd1db3f1a238d83d1cc2ec3100afc06fbb7eb303f?s=96&d=mm&r=g\",\"caption\":\"Uredni\u0161tvo Celjana\"},\"url\":\"https:\\\/\\\/novice.si\\\/page\\\/author\\\/maja\\\/\"}]}<\/script>\n<!-- \/ Yoast SEO plugin. -->","yoast_head_json":{"title":"Ob\u010dina sofinancira poletni avtobus do Logarske doline - Novice.si","robots":{"index":"index","follow":"follow","max-snippet":"max-snippet:-1","max-image-preview":"max-image-preview:large","max-video-preview":"max-video-preview:-1"},"canonical":"https:\/\/novice.si\/page\/obcina-sofinancira-poletni-avtobus-do-logarske-doline\/","og_locale":"sl_SI","og_type":"article","og_title":"Ob\u010dina sofinancira poletni avtobus do Logarske doline - Novice.si","og_description":"Poletni turisti\u010dni avtobus bo do 31. avgusta, ob sobotah, nedeljah in praznikih, vozil od Celja do Logarske doline in nazaj.\u00a0 Kolesarski turisti\u010dni avtobus \u017ee nekaj let zapored med Celjem in Logarsko dolino povezuje ob\u010dine ob Savinji. Na avtobus lahko izletniki vstopijo na vseh postajali\u0161\u010dih med Celjem in Logarsko dolino. Nanj lahko brezpla\u010dno vzamejo kolo. Za [&hellip;]","og_url":"https:\/\/novice.si\/page\/obcina-sofinancira-poletni-avtobus-do-logarske-doline\/","og_site_name":"Novice.si","article_published_time":"2023-07-07T06:36:26+00:00","og_image":[{"width":2560,"height":1701,"url":"https:\/\/novice.si\/page\/wp-content\/uploads\/2023\/07\/logarska-dolina-visje-scaled.jpg","type":"image\/jpeg"}],"author":"Uredni\u0161tvo Celjana","twitter_card":"summary_large_image","twitter_misc":{"Written by":"Uredni\u0161tvo Celjana","Est. reading time":"1 minuta"},"schema":{"@context":"https:\/\/schema.org","@graph":[{"@type":"Article","@id":"https:\/\/novice.si\/page\/obcina-sofinancira-poletni-avtobus-do-logarske-doline\/#article","isPartOf":{"@id":"https:\/\/novice.si\/page\/obcina-sofinancira-poletni-avtobus-do-logarske-doline\/"},"author":{"name":"Uredni\u0161tvo Celjana","@id":"https:\/\/novice.si\/page\/#\/schema\/person\/a49f233ef2777ec7b2e8d0662325bb48"},"headline":"Ob\u010dina sofinancira poletni avtobus do Logarske doline","datePublished":"2023-07-07T06:36:26+00:00","mainEntityOfPage":{"@id":"https:\/\/novice.si\/page\/obcina-sofinancira-poletni-avtobus-do-logarske-doline\/"},"wordCount":151,"publisher":{"@id":"https:\/\/novice.si\/page\/#organization"},"image":{"@id":"https:\/\/novice.si\/page\/obcina-sofinancira-poletni-avtobus-do-logarske-doline\/#primaryimage"},"thumbnailUrl":"https:\/\/novice.si\/page\/wp-content\/uploads\/2023\/07\/logarska-dolina-visje-scaled.jpg","articleSection":["Aktualno","Celjan","Celjsko"],"inLanguage":"sl-SI"},{"@type":"WebPage","@id":"https:\/\/novice.si\/page\/obcina-sofinancira-poletni-avtobus-do-logarske-doline\/","url":"https:\/\/novice.si\/page\/obcina-sofinancira-poletni-avtobus-do-logarske-doline\/","name":"Ob\u010dina sofinancira poletni avtobus do Logarske doline - Novice.si","isPartOf":{"@id":"https:\/\/novice.si\/page\/#website"},"primaryImageOfPage":{"@id":"https:\/\/novice.si\/page\/obcina-sofinancira-poletni-avtobus-do-logarske-doline\/#primaryimage"},"image":{"@id":"https:\/\/novice.si\/page\/obcina-sofinancira-poletni-avtobus-do-logarske-doline\/#primaryimage"},"thumbnailUrl":"https:\/\/novice.si\/page\/wp-content\/uploads\/2023\/07\/logarska-dolina-visje-scaled.jpg","datePublished":"2023-07-07T06:36:26+00:00","breadcrumb":{"@id":"https:\/\/novice.si\/page\/obcina-sofinancira-poletni-avtobus-do-logarske-doline\/#breadcrumb"},"inLanguage":"sl-SI","potentialAction":[{"@type":"ReadAction","target":["https:\/\/novice.si\/page\/obcina-sofinancira-poletni-avtobus-do-logarske-doline\/"]}]},{"@type":"ImageObject","inLanguage":"sl-SI","@id":"https:\/\/novice.si\/page\/obcina-sofinancira-poletni-avtobus-do-logarske-doline\/#primaryimage","url":"https:\/\/novice.si\/page\/wp-content\/uploads\/2023\/07\/logarska-dolina-visje-scaled.jpg","contentUrl":"https:\/\/novice.si\/page\/wp-content\/uploads\/2023\/07\/logarska-dolina-visje-scaled.jpg","width":2560,"height":1701,"caption":"Logarska dolina"},{"@type":"BreadcrumbList","@id":"https:\/\/novice.si\/page\/obcina-sofinancira-poletni-avtobus-do-logarske-doline\/#breadcrumb","itemListElement":[{"@type":"ListItem","position":1,"name":"Home","item":"https:\/\/novice.si\/page\/"},{"@type":"ListItem","position":2,"name":"Ob\u010dina sofinancira poletni avtobus do Logarske doline"}]},{"@type":"WebSite","@id":"https:\/\/novice.si\/page\/#website","url":"https:\/\/novice.si\/page\/","name":"Novice.si","description":"","publisher":{"@id":"https:\/\/novice.si\/page\/#organization"},"potentialAction":[{"@type":"SearchAction","target":{"@type":"EntryPoint","urlTemplate":"https:\/\/novice.si\/page\/?s={search_term_string}"},"query-input":{"@type":"PropertyValueSpecification","valueRequired":true,"valueName":"search_term_string"}}],"inLanguage":"sl-SI"},{"@type":"Organization","@id":"https:\/\/novice.si\/page\/#organization","name":"Novice.si","url":"https:\/\/novice.si\/page\/","logo":{"@type":"ImageObject","inLanguage":"sl-SI","@id":"https:\/\/novice.si\/page\/#\/schema\/logo\/image\/","url":"https:\/\/novice.si\/page\/wp-content\/uploads\/2023\/03\/novice_si.png","contentUrl":"https:\/\/novice.si\/page\/wp-content\/uploads\/2023\/03\/novice_si.png","width":576,"height":200,"caption":"Novice.si"},"image":{"@id":"https:\/\/novice.si\/page\/#\/schema\/logo\/image\/"}},{"@type":"Person","@id":"https:\/\/novice.si\/page\/#\/schema\/person\/a49f233ef2777ec7b2e8d0662325bb48","name":"Uredni\u0161tvo Celjana","image":{"@type":"ImageObject","inLanguage":"sl-SI","@id":"https:\/\/secure.gravatar.com\/avatar\/7f7863e616af8f92806c638dd1db3f1a238d83d1cc2ec3100afc06fbb7eb303f?s=96&d=mm&r=g","url":"https:\/\/secure.gravatar.com\/avatar\/7f7863e616af8f92806c638dd1db3f1a238d83d1cc2ec3100afc06fbb7eb303f?s=96&d=mm&r=g","contentUrl":"https:\/\/secure.gravatar.com\/avatar\/7f7863e616af8f92806c638dd1db3f1a238d83d1cc2ec3100afc06fbb7eb303f?s=96&d=mm&r=g","caption":"Uredni\u0161tvo Celjana"},"url":"https:\/\/novice.si\/page\/author\/maja\/"}]}},"_links":{"self":[{"href":"https:\/\/novice.si\/page\/wp-json\/wp\/v2\/posts\/164736","targetHints":{"allow":["GET"]}}],"collection":[{"href":"https:\/\/novice.si\/page\/wp-json\/wp\/v2\/posts"}],"about":[{"href":"https:\/\/novice.si\/page\/wp-json\/wp\/v2\/types\/post"}],"author":[{"embeddable":true,"href":"https:\/\/novice.si\/page\/wp-json\/wp\/v2\/users\/55"}],"replies":[{"embeddable":true,"href":"https:\/\/novice.si\/page\/wp-json\/wp\/v2\/comments?post=164736"}],"version-history":[{"count":1,"href":"https:\/\/novice.si\/page\/wp-json\/wp\/v2\/posts\/164736\/revisions"}],"predecessor-version":[{"id":164738,"href":"https:\/\/novice.si\/page\/wp-json\/wp\/v2\/posts\/164736\/revisions\/164738"}],"wp:featuredmedia":[{"embeddable":true,"href":"https:\/\/novice.si\/page\/wp-json\/wp\/v2\/media\/164737"}],"wp:attachment":[{"href":"https:\/\/novice.si\/page\/wp-json\/wp\/v2\/media?parent=164736"}],"wp:term":[{"taxonomy":"category","embeddable":true,"href":"https:\/\/novice.si\/page\/wp-json\/wp\/v2\/categories?post=164736"},{"taxonomy":"post_tag","embeddable":true,"href":"https:\/\/novice.si\/page\/wp-json\/wp\/v2\/tags?post=164736"}],"curies":[{"name":"wp","href":"https:\/\/api.w.org\/{rel}","templated":true}]}}