{"id":164733,"date":"2023-07-06T15:36:15","date_gmt":"2023-07-06T13:36:15","guid":{"rendered":"https:\/\/novice.si\/page\/?p=164733"},"modified":"2023-07-06T15:36:15","modified_gmt":"2023-07-06T13:36:15","slug":"vrocina-a-tudi-neurja","status":"publish","type":"post","link":"https:\/\/novice.si\/page\/vrocina-a-tudi-neurja\/","title":{"rendered":"Vro\u010dina, a tudi neurja"},"content":{"rendered":"<p><img loading=\"lazy\" decoding=\"async\" class=\"size-medium wp-image-164734\" src=\"https:\/\/novice.si\/page\/wp-content\/uploads\/2023\/07\/CZ_poletno-vreme1-600x363.jpg\" alt=\"vreme\" width=\"600\" height=\"363\" srcset=\"https:\/\/novice.si\/page\/wp-content\/uploads\/2023\/07\/CZ_poletno-vreme1-600x363.jpg 600w, https:\/\/novice.si\/page\/wp-content\/uploads\/2023\/07\/CZ_poletno-vreme1-1024x620.jpg 1024w, https:\/\/novice.si\/page\/wp-content\/uploads\/2023\/07\/CZ_poletno-vreme1-768x465.jpg 768w, https:\/\/novice.si\/page\/wp-content\/uploads\/2023\/07\/CZ_poletno-vreme1-1536x929.jpg 1536w, https:\/\/novice.si\/page\/wp-content\/uploads\/2023\/07\/CZ_poletno-vreme1-696x421.jpg 696w, https:\/\/novice.si\/page\/wp-content\/uploads\/2023\/07\/CZ_poletno-vreme1-1068x646.jpg 1068w, https:\/\/novice.si\/page\/wp-content\/uploads\/2023\/07\/CZ_poletno-vreme1-694x420.jpg 694w, https:\/\/novice.si\/page\/wp-content\/uploads\/2023\/07\/CZ_poletno-vreme1-24x15.jpg 24w, https:\/\/novice.si\/page\/wp-content\/uploads\/2023\/07\/CZ_poletno-vreme1-36x22.jpg 36w, https:\/\/novice.si\/page\/wp-content\/uploads\/2023\/07\/CZ_poletno-vreme1-48x29.jpg 48w, https:\/\/novice.si\/page\/wp-content\/uploads\/2023\/07\/CZ_poletno-vreme1.jpg 2008w\" sizes=\"auto, (max-width: 600px) 100vw, 600px\" \/><\/p>\n<p><em><strong>Poletje.<\/strong> Leto\u0161nje se ni za\u010delo s temperaturnimi rekordi, \u010deprav smo prvi vro\u010dinski val \u017ee do\u017eiveli. Prihajajo novi, ki pa jih bodo ob\u010dasno spremljale tudi poletne nevihte.<\/em><\/p>\n<p>Leto\u0161njo pomlad je marsikdo tarnal, da je bila pretirano de\u017eevna in prehladna. O ve\u010d padavinah pritrjujejo tudi uradni meteorolo\u0161ki podatki: \u00bbLeto\u0161nja meteorolo\u0161ka pomlad je bila na dr\u017eavni ravni zmerno topla, nadpovpre\u010dno namo\u010dena in slabo oson\u010dena,\u00ab pojasnjujejo na Agenciji RS za okolje (ARSO).<\/p>\n<p>Od leta 1991 je bila najtoplej\u0161a pomlad leta 2007, ko so bile temperature za 1,7 stopinje Celzija vi\u0161je od povpre\u010dja, leto\u0161nja pomlad se uvr\u0161\u010da na 21. mesto.<\/p>\n<p><strong>Zelo mokra, a ne rekordna pomlad<\/strong><\/p>\n<p>\u00bbZa razliko od temperature zraka je bila leto\u0161nja pomlad zlasti po zaslugi de\u017eevnih in sivih dni aprila in maja zmerno izstopajo\u010da po padavinah in son\u010dnem obsevanju. Vi\u0161ina padavin je bila na dr\u017eavni ravni znatno nad dolgoletnim povpre\u010djem, s kazalnikom 120 odstotkov, kar je okoli 22. najvi\u0161ja vrednost v 74-letnem nizu podatkov,\u00ab povzemajo na ARSU.<\/p>\n<p><strong>Vro\u010dinski valovi in nevihte<\/strong><\/p>\n<p>Komaj smo \u010dakali poletje, a tudi to je letos druga\u010dno, saj prina\u0161a pogoste popoldanske plohe in nevihte, tudi to\u010da ni redek pojav. \u00bbJunij nam je med 21. in 24. \u017ee prinesel kraj\u0161i vro\u010dinski val, na drugega pa bo, zgleda, treba \u0161e vsaj teden dni, ali tudi ve\u010d, po\u010dakati,\u00ab napoveduje Gregor\u010di\u010d.<\/p>\n<p>\u00bbSezonske napovedi nam za julij in avgust sicer obetajo nadpovpre\u010dne temperature in vsaj povpre\u010dno koli\u010dino padavin. Tako je videti, da se nam huj\u0161e su\u0161e ni bati, bo pa zato verjetno nekaj ve\u010d neviht in najbr\u017e tudi neurij.\u00ab Ve\u010d o tem ali se sploh lahko za\u0161\u010ditimo pred to\u010do ter o najvi\u0161jih in najni\u017ejih temperaturah pa v aktualnem Celjanu.<\/p>\n","protected":false},"excerpt":{"rendered":"<p>Poletje. Leto\u0161nje se ni za\u010delo s temperaturnimi rekordi, \u010deprav smo prvi vro\u010dinski val \u017ee do\u017eiveli. Prihajajo novi, ki pa jih bodo ob\u010dasno spremljale tudi poletne nevihte. Leto\u0161njo pomlad je marsikdo tarnal, da je bila pretirano de\u017eevna in prehladna. O ve\u010d padavinah pritrjujejo tudi uradni meteorolo\u0161ki podatki: \u00bbLeto\u0161nja meteorolo\u0161ka pomlad je bila na dr\u017eavni ravni zmerno [&hellip;]<\/p>\n","protected":false},"author":55,"featured_media":164734,"comment_status":"closed","ping_status":"closed","sticky":false,"template":"","format":"standard","meta":{"footnotes":""},"categories":[14,142,17],"tags":[],"class_list":{"0":"post-164733","1":"post","2":"type-post","3":"status-publish","4":"format-standard","5":"has-post-thumbnail","7":"category-aktualno","8":"category-celjan","9":"category-celjsko"},"yoast_head":"<!-- This site is optimized with the Yoast SEO plugin v27.4 - https:\/\/yoast.com\/product\/yoast-seo-wordpress\/ -->\n<title>Vro\u010dina, a tudi neurja - Novice.si<\/title>\n<meta name=\"robots\" content=\"index, follow, max-snippet:-1, max-image-preview:large, max-video-preview:-1\" \/>\n<link rel=\"canonical\" href=\"https:\/\/novice.si\/page\/vrocina-a-tudi-neurja\/\" \/>\n<meta property=\"og:locale\" content=\"sl_SI\" \/>\n<meta property=\"og:type\" content=\"article\" \/>\n<meta property=\"og:title\" content=\"Vro\u010dina, a tudi neurja - Novice.si\" \/>\n<meta property=\"og:description\" content=\"Poletje. Leto\u0161nje se ni za\u010delo s temperaturnimi rekordi, \u010deprav smo prvi vro\u010dinski val \u017ee do\u017eiveli. Prihajajo novi, ki pa jih bodo ob\u010dasno spremljale tudi poletne nevihte. Leto\u0161njo pomlad je marsikdo tarnal, da je bila pretirano de\u017eevna in prehladna. O ve\u010d padavinah pritrjujejo tudi uradni meteorolo\u0161ki podatki: \u00bbLeto\u0161nja meteorolo\u0161ka pomlad je bila na dr\u017eavni ravni zmerno [&hellip;]\" \/>\n<meta property=\"og:url\" content=\"https:\/\/novice.si\/page\/vrocina-a-tudi-neurja\/\" \/>\n<meta property=\"og:site_name\" content=\"Novice.si\" \/>\n<meta property=\"article:published_time\" content=\"2023-07-06T13:36:15+00:00\" \/>\n<meta property=\"og:image\" content=\"https:\/\/novice.si\/page\/wp-content\/uploads\/2023\/07\/CZ_poletno-vreme1.jpg\" \/>\n\t<meta property=\"og:image:width\" content=\"2008\" \/>\n\t<meta property=\"og:image:height\" content=\"1215\" \/>\n\t<meta property=\"og:image:type\" content=\"image\/jpeg\" \/>\n<meta name=\"author\" content=\"Uredni\u0161tvo Celjana\" \/>\n<meta name=\"twitter:card\" content=\"summary_large_image\" \/>\n<meta name=\"twitter:label1\" content=\"Written by\" \/>\n\t<meta name=\"twitter:data1\" content=\"Uredni\u0161tvo Celjana\" \/>\n\t<meta name=\"twitter:label2\" content=\"Est. reading time\" \/>\n\t<meta name=\"twitter:data2\" content=\"2 minuti\" \/>\n<script type=\"application\/ld+json\" class=\"yoast-schema-graph\">{\"@context\":\"https:\\\/\\\/schema.org\",\"@graph\":[{\"@type\":\"Article\",\"@id\":\"https:\\\/\\\/novice.si\\\/page\\\/vrocina-a-tudi-neurja\\\/#article\",\"isPartOf\":{\"@id\":\"https:\\\/\\\/novice.si\\\/page\\\/vrocina-a-tudi-neurja\\\/\"},\"author\":{\"name\":\"Uredni\u0161tvo Celjana\",\"@id\":\"https:\\\/\\\/novice.si\\\/page\\\/#\\\/schema\\\/person\\\/a49f233ef2777ec7b2e8d0662325bb48\"},\"headline\":\"Vro\u010dina, a tudi neurja\",\"datePublished\":\"2023-07-06T13:36:15+00:00\",\"mainEntityOfPage\":{\"@id\":\"https:\\\/\\\/novice.si\\\/page\\\/vrocina-a-tudi-neurja\\\/\"},\"wordCount\":307,\"publisher\":{\"@id\":\"https:\\\/\\\/novice.si\\\/page\\\/#organization\"},\"image\":{\"@id\":\"https:\\\/\\\/novice.si\\\/page\\\/vrocina-a-tudi-neurja\\\/#primaryimage\"},\"thumbnailUrl\":\"https:\\\/\\\/novice.si\\\/page\\\/wp-content\\\/uploads\\\/2023\\\/07\\\/CZ_poletno-vreme1.jpg\",\"articleSection\":[\"Aktualno\",\"Celjan\",\"Celjsko\"],\"inLanguage\":\"sl-SI\"},{\"@type\":\"WebPage\",\"@id\":\"https:\\\/\\\/novice.si\\\/page\\\/vrocina-a-tudi-neurja\\\/\",\"url\":\"https:\\\/\\\/novice.si\\\/page\\\/vrocina-a-tudi-neurja\\\/\",\"name\":\"Vro\u010dina, a tudi neurja - Novice.si\",\"isPartOf\":{\"@id\":\"https:\\\/\\\/novice.si\\\/page\\\/#website\"},\"primaryImageOfPage\":{\"@id\":\"https:\\\/\\\/novice.si\\\/page\\\/vrocina-a-tudi-neurja\\\/#primaryimage\"},\"image\":{\"@id\":\"https:\\\/\\\/novice.si\\\/page\\\/vrocina-a-tudi-neurja\\\/#primaryimage\"},\"thumbnailUrl\":\"https:\\\/\\\/novice.si\\\/page\\\/wp-content\\\/uploads\\\/2023\\\/07\\\/CZ_poletno-vreme1.jpg\",\"datePublished\":\"2023-07-06T13:36:15+00:00\",\"breadcrumb\":{\"@id\":\"https:\\\/\\\/novice.si\\\/page\\\/vrocina-a-tudi-neurja\\\/#breadcrumb\"},\"inLanguage\":\"sl-SI\",\"potentialAction\":[{\"@type\":\"ReadAction\",\"target\":[\"https:\\\/\\\/novice.si\\\/page\\\/vrocina-a-tudi-neurja\\\/\"]}]},{\"@type\":\"ImageObject\",\"inLanguage\":\"sl-SI\",\"@id\":\"https:\\\/\\\/novice.si\\\/page\\\/vrocina-a-tudi-neurja\\\/#primaryimage\",\"url\":\"https:\\\/\\\/novice.si\\\/page\\\/wp-content\\\/uploads\\\/2023\\\/07\\\/CZ_poletno-vreme1.jpg\",\"contentUrl\":\"https:\\\/\\\/novice.si\\\/page\\\/wp-content\\\/uploads\\\/2023\\\/07\\\/CZ_poletno-vreme1.jpg\",\"width\":2008,\"height\":1215,\"caption\":\"Major Storm Saskatchewan Canada lightnig ominous clouds\"},{\"@type\":\"BreadcrumbList\",\"@id\":\"https:\\\/\\\/novice.si\\\/page\\\/vrocina-a-tudi-neurja\\\/#breadcrumb\",\"itemListElement\":[{\"@type\":\"ListItem\",\"position\":1,\"name\":\"Home\",\"item\":\"https:\\\/\\\/novice.si\\\/page\\\/\"},{\"@type\":\"ListItem\",\"position\":2,\"name\":\"Vro\u010dina, a tudi neurja\"}]},{\"@type\":\"WebSite\",\"@id\":\"https:\\\/\\\/novice.si\\\/page\\\/#website\",\"url\":\"https:\\\/\\\/novice.si\\\/page\\\/\",\"name\":\"Novice.si\",\"description\":\"\",\"publisher\":{\"@id\":\"https:\\\/\\\/novice.si\\\/page\\\/#organization\"},\"potentialAction\":[{\"@type\":\"SearchAction\",\"target\":{\"@type\":\"EntryPoint\",\"urlTemplate\":\"https:\\\/\\\/novice.si\\\/page\\\/?s={search_term_string}\"},\"query-input\":{\"@type\":\"PropertyValueSpecification\",\"valueRequired\":true,\"valueName\":\"search_term_string\"}}],\"inLanguage\":\"sl-SI\"},{\"@type\":\"Organization\",\"@id\":\"https:\\\/\\\/novice.si\\\/page\\\/#organization\",\"name\":\"Novice.si\",\"url\":\"https:\\\/\\\/novice.si\\\/page\\\/\",\"logo\":{\"@type\":\"ImageObject\",\"inLanguage\":\"sl-SI\",\"@id\":\"https:\\\/\\\/novice.si\\\/page\\\/#\\\/schema\\\/logo\\\/image\\\/\",\"url\":\"https:\\\/\\\/novice.si\\\/page\\\/wp-content\\\/uploads\\\/2023\\\/03\\\/novice_si.png\",\"contentUrl\":\"https:\\\/\\\/novice.si\\\/page\\\/wp-content\\\/uploads\\\/2023\\\/03\\\/novice_si.png\",\"width\":576,\"height\":200,\"caption\":\"Novice.si\"},\"image\":{\"@id\":\"https:\\\/\\\/novice.si\\\/page\\\/#\\\/schema\\\/logo\\\/image\\\/\"}},{\"@type\":\"Person\",\"@id\":\"https:\\\/\\\/novice.si\\\/page\\\/#\\\/schema\\\/person\\\/a49f233ef2777ec7b2e8d0662325bb48\",\"name\":\"Uredni\u0161tvo Celjana\",\"image\":{\"@type\":\"ImageObject\",\"inLanguage\":\"sl-SI\",\"@id\":\"https:\\\/\\\/secure.gravatar.com\\\/avatar\\\/7f7863e616af8f92806c638dd1db3f1a238d83d1cc2ec3100afc06fbb7eb303f?s=96&d=mm&r=g\",\"url\":\"https:\\\/\\\/secure.gravatar.com\\\/avatar\\\/7f7863e616af8f92806c638dd1db3f1a238d83d1cc2ec3100afc06fbb7eb303f?s=96&d=mm&r=g\",\"contentUrl\":\"https:\\\/\\\/secure.gravatar.com\\\/avatar\\\/7f7863e616af8f92806c638dd1db3f1a238d83d1cc2ec3100afc06fbb7eb303f?s=96&d=mm&r=g\",\"caption\":\"Uredni\u0161tvo Celjana\"},\"url\":\"https:\\\/\\\/novice.si\\\/page\\\/author\\\/maja\\\/\"}]}<\/script>\n<!-- \/ Yoast SEO plugin. -->","yoast_head_json":{"title":"Vro\u010dina, a tudi neurja - Novice.si","robots":{"index":"index","follow":"follow","max-snippet":"max-snippet:-1","max-image-preview":"max-image-preview:large","max-video-preview":"max-video-preview:-1"},"canonical":"https:\/\/novice.si\/page\/vrocina-a-tudi-neurja\/","og_locale":"sl_SI","og_type":"article","og_title":"Vro\u010dina, a tudi neurja - Novice.si","og_description":"Poletje. Leto\u0161nje se ni za\u010delo s temperaturnimi rekordi, \u010deprav smo prvi vro\u010dinski val \u017ee do\u017eiveli. Prihajajo novi, ki pa jih bodo ob\u010dasno spremljale tudi poletne nevihte. Leto\u0161njo pomlad je marsikdo tarnal, da je bila pretirano de\u017eevna in prehladna. O ve\u010d padavinah pritrjujejo tudi uradni meteorolo\u0161ki podatki: \u00bbLeto\u0161nja meteorolo\u0161ka pomlad je bila na dr\u017eavni ravni zmerno [&hellip;]","og_url":"https:\/\/novice.si\/page\/vrocina-a-tudi-neurja\/","og_site_name":"Novice.si","article_published_time":"2023-07-06T13:36:15+00:00","og_image":[{"width":2008,"height":1215,"url":"https:\/\/novice.si\/page\/wp-content\/uploads\/2023\/07\/CZ_poletno-vreme1.jpg","type":"image\/jpeg"}],"author":"Uredni\u0161tvo Celjana","twitter_card":"summary_large_image","twitter_misc":{"Written by":"Uredni\u0161tvo Celjana","Est. reading time":"2 minuti"},"schema":{"@context":"https:\/\/schema.org","@graph":[{"@type":"Article","@id":"https:\/\/novice.si\/page\/vrocina-a-tudi-neurja\/#article","isPartOf":{"@id":"https:\/\/novice.si\/page\/vrocina-a-tudi-neurja\/"},"author":{"name":"Uredni\u0161tvo Celjana","@id":"https:\/\/novice.si\/page\/#\/schema\/person\/a49f233ef2777ec7b2e8d0662325bb48"},"headline":"Vro\u010dina, a tudi neurja","datePublished":"2023-07-06T13:36:15+00:00","mainEntityOfPage":{"@id":"https:\/\/novice.si\/page\/vrocina-a-tudi-neurja\/"},"wordCount":307,"publisher":{"@id":"https:\/\/novice.si\/page\/#organization"},"image":{"@id":"https:\/\/novice.si\/page\/vrocina-a-tudi-neurja\/#primaryimage"},"thumbnailUrl":"https:\/\/novice.si\/page\/wp-content\/uploads\/2023\/07\/CZ_poletno-vreme1.jpg","articleSection":["Aktualno","Celjan","Celjsko"],"inLanguage":"sl-SI"},{"@type":"WebPage","@id":"https:\/\/novice.si\/page\/vrocina-a-tudi-neurja\/","url":"https:\/\/novice.si\/page\/vrocina-a-tudi-neurja\/","name":"Vro\u010dina, a tudi neurja - Novice.si","isPartOf":{"@id":"https:\/\/novice.si\/page\/#website"},"primaryImageOfPage":{"@id":"https:\/\/novice.si\/page\/vrocina-a-tudi-neurja\/#primaryimage"},"image":{"@id":"https:\/\/novice.si\/page\/vrocina-a-tudi-neurja\/#primaryimage"},"thumbnailUrl":"https:\/\/novice.si\/page\/wp-content\/uploads\/2023\/07\/CZ_poletno-vreme1.jpg","datePublished":"2023-07-06T13:36:15+00:00","breadcrumb":{"@id":"https:\/\/novice.si\/page\/vrocina-a-tudi-neurja\/#breadcrumb"},"inLanguage":"sl-SI","potentialAction":[{"@type":"ReadAction","target":["https:\/\/novice.si\/page\/vrocina-a-tudi-neurja\/"]}]},{"@type":"ImageObject","inLanguage":"sl-SI","@id":"https:\/\/novice.si\/page\/vrocina-a-tudi-neurja\/#primaryimage","url":"https:\/\/novice.si\/page\/wp-content\/uploads\/2023\/07\/CZ_poletno-vreme1.jpg","contentUrl":"https:\/\/novice.si\/page\/wp-content\/uploads\/2023\/07\/CZ_poletno-vreme1.jpg","width":2008,"height":1215,"caption":"Major Storm Saskatchewan Canada lightnig ominous clouds"},{"@type":"BreadcrumbList","@id":"https:\/\/novice.si\/page\/vrocina-a-tudi-neurja\/#breadcrumb","itemListElement":[{"@type":"ListItem","position":1,"name":"Home","item":"https:\/\/novice.si\/page\/"},{"@type":"ListItem","position":2,"name":"Vro\u010dina, a tudi neurja"}]},{"@type":"WebSite","@id":"https:\/\/novice.si\/page\/#website","url":"https:\/\/novice.si\/page\/","name":"Novice.si","description":"","publisher":{"@id":"https:\/\/novice.si\/page\/#organization"},"potentialAction":[{"@type":"SearchAction","target":{"@type":"EntryPoint","urlTemplate":"https:\/\/novice.si\/page\/?s={search_term_string}"},"query-input":{"@type":"PropertyValueSpecification","valueRequired":true,"valueName":"search_term_string"}}],"inLanguage":"sl-SI"},{"@type":"Organization","@id":"https:\/\/novice.si\/page\/#organization","name":"Novice.si","url":"https:\/\/novice.si\/page\/","logo":{"@type":"ImageObject","inLanguage":"sl-SI","@id":"https:\/\/novice.si\/page\/#\/schema\/logo\/image\/","url":"https:\/\/novice.si\/page\/wp-content\/uploads\/2023\/03\/novice_si.png","contentUrl":"https:\/\/novice.si\/page\/wp-content\/uploads\/2023\/03\/novice_si.png","width":576,"height":200,"caption":"Novice.si"},"image":{"@id":"https:\/\/novice.si\/page\/#\/schema\/logo\/image\/"}},{"@type":"Person","@id":"https:\/\/novice.si\/page\/#\/schema\/person\/a49f233ef2777ec7b2e8d0662325bb48","name":"Uredni\u0161tvo Celjana","image":{"@type":"ImageObject","inLanguage":"sl-SI","@id":"https:\/\/secure.gravatar.com\/avatar\/7f7863e616af8f92806c638dd1db3f1a238d83d1cc2ec3100afc06fbb7eb303f?s=96&d=mm&r=g","url":"https:\/\/secure.gravatar.com\/avatar\/7f7863e616af8f92806c638dd1db3f1a238d83d1cc2ec3100afc06fbb7eb303f?s=96&d=mm&r=g","contentUrl":"https:\/\/secure.gravatar.com\/avatar\/7f7863e616af8f92806c638dd1db3f1a238d83d1cc2ec3100afc06fbb7eb303f?s=96&d=mm&r=g","caption":"Uredni\u0161tvo Celjana"},"url":"https:\/\/novice.si\/page\/author\/maja\/"}]}},"_links":{"self":[{"href":"https:\/\/novice.si\/page\/wp-json\/wp\/v2\/posts\/164733","targetHints":{"allow":["GET"]}}],"collection":[{"href":"https:\/\/novice.si\/page\/wp-json\/wp\/v2\/posts"}],"about":[{"href":"https:\/\/novice.si\/page\/wp-json\/wp\/v2\/types\/post"}],"author":[{"embeddable":true,"href":"https:\/\/novice.si\/page\/wp-json\/wp\/v2\/users\/55"}],"replies":[{"embeddable":true,"href":"https:\/\/novice.si\/page\/wp-json\/wp\/v2\/comments?post=164733"}],"version-history":[{"count":1,"href":"https:\/\/novice.si\/page\/wp-json\/wp\/v2\/posts\/164733\/revisions"}],"predecessor-version":[{"id":164735,"href":"https:\/\/novice.si\/page\/wp-json\/wp\/v2\/posts\/164733\/revisions\/164735"}],"wp:featuredmedia":[{"embeddable":true,"href":"https:\/\/novice.si\/page\/wp-json\/wp\/v2\/media\/164734"}],"wp:attachment":[{"href":"https:\/\/novice.si\/page\/wp-json\/wp\/v2\/media?parent=164733"}],"wp:term":[{"taxonomy":"category","embeddable":true,"href":"https:\/\/novice.si\/page\/wp-json\/wp\/v2\/categories?post=164733"},{"taxonomy":"post_tag","embeddable":true,"href":"https:\/\/novice.si\/page\/wp-json\/wp\/v2\/tags?post=164733"}],"curies":[{"name":"wp","href":"https:\/\/api.w.org\/{rel}","templated":true}]}}