{"id":164729,"date":"2023-07-06T13:48:40","date_gmt":"2023-07-06T11:48:40","guid":{"rendered":"https:\/\/novice.si\/page\/?p=164729"},"modified":"2023-07-06T14:03:59","modified_gmt":"2023-07-06T12:03:59","slug":"celje-trojica-zdravnikov-zavraca-krivo-za-smrt-35-letnika","status":"publish","type":"post","link":"https:\/\/novice.si\/page\/celje-trojica-zdravnikov-zavraca-krivo-za-smrt-35-letnika\/","title":{"rendered":"CELJE Trojica zdravnikov zavra\u010da krivdo za smrt 35-letnika"},"content":{"rendered":"<p>Celjska kazenska sodnica <strong>Maja Man\u010dek \u0160porin<\/strong> je popoldne sklenila raz\u0161irjeni predobravnavni narok za zdravnike celjske bolni\u0161nice, ki so obto\u017eeni malomarnega zdravljenja in opustitve dol\u017enega ravnanja.<\/p>\n<p>Odgovorni naj bi bili za smrt 35-letnega Velenj\u010dana <strong>Dejana Mrkonji\u010da<\/strong>, ki je v pred 13 leti v bolni\u0161nici umrl zaradi sepse.<\/p>\n<p>Potem, ko je <strong>Zlatan Tkalec<\/strong> sporo\u010dil, da se dana\u0161njega naroka ne namerava udele\u017eiti, je sodnica sklenila, da bo glavno obravnavo, kjer bosta na zato\u017eni klopi \u0161e <strong>Jana Pe\u010dovnik <\/strong>in <strong>Branko Breznikar<\/strong>, za\u010dela potem, ko bodo prejeli komisijsko izvedensko mnenje ljubljanske medicinske fakultete.<\/p>\n<p>Izvedenca, ki je izdelal prvo mnenje, so razre\u0161ili, saj je sodeloval v interni preiskavi celjske bolni\u0161nice, ta pa je pokazala na nekatere nepravilnosti.<\/p>\n<p>P\u0160<\/p>\n","protected":false},"excerpt":{"rendered":"<p>Celjska kazenska sodnica Maja Man\u010dek \u0160porin je popoldne sklenila raz\u0161irjeni predobravnavni narok za zdravnike celjske bolni\u0161nice, ki so obto\u017eeni malomarnega zdravljenja in opustitve dol\u017enega ravnanja. Odgovorni naj bi bili za smrt 35-letnega Velenj\u010dana Dejana Mrkonji\u010da, ki je v pred 13 leti v bolni\u0161nici umrl zaradi sepse. Potem, ko je Zlatan Tkalec sporo\u010dil, da se dana\u0161njega [&hellip;]<\/p>\n","protected":false},"author":33,"featured_media":163753,"comment_status":"closed","ping_status":"closed","sticky":false,"template":"","format":"standard","meta":{"footnotes":""},"categories":[14,17,29],"tags":[18246,18247,18245,18249,3733,18248,356,18244],"class_list":{"0":"post-164729","1":"post","2":"type-post","3":"status-publish","4":"format-standard","5":"has-post-thumbnail","7":"category-aktualno","8":"category-celjsko","9":"category-kronika","10":"tag-branko-breznikar","11":"tag-dejan-mrkonjic","12":"tag-jana-pecovnik","13":"tag-malomarno-zdravljenje","14":"tag-sbc","15":"tag-sepsa","16":"tag-sojenje","17":"tag-zlatan-tkalec"},"yoast_head":"<!-- This site is optimized with the Yoast SEO plugin v27.4 - https:\/\/yoast.com\/product\/yoast-seo-wordpress\/ -->\n<title>CELJE Trojica zdravnikov zavra\u010da krivdo za smrt 35-letnika - Novice.si<\/title>\n<meta name=\"robots\" content=\"index, follow, max-snippet:-1, max-image-preview:large, max-video-preview:-1\" \/>\n<link rel=\"canonical\" href=\"https:\/\/novice.si\/page\/celje-trojica-zdravnikov-zavraca-krivo-za-smrt-35-letnika\/\" \/>\n<meta property=\"og:locale\" content=\"sl_SI\" \/>\n<meta property=\"og:type\" content=\"article\" \/>\n<meta property=\"og:title\" content=\"CELJE Trojica zdravnikov zavra\u010da krivdo za smrt 35-letnika - Novice.si\" \/>\n<meta property=\"og:description\" content=\"Celjska kazenska sodnica Maja Man\u010dek \u0160porin je popoldne sklenila raz\u0161irjeni predobravnavni narok za zdravnike celjske bolni\u0161nice, ki so obto\u017eeni malomarnega zdravljenja in opustitve dol\u017enega ravnanja. Odgovorni naj bi bili za smrt 35-letnega Velenj\u010dana Dejana Mrkonji\u010da, ki je v pred 13 leti v bolni\u0161nici umrl zaradi sepse. Potem, ko je Zlatan Tkalec sporo\u010dil, da se dana\u0161njega [&hellip;]\" \/>\n<meta property=\"og:url\" content=\"https:\/\/novice.si\/page\/celje-trojica-zdravnikov-zavraca-krivo-za-smrt-35-letnika\/\" \/>\n<meta property=\"og:site_name\" content=\"Novice.si\" \/>\n<meta property=\"article:published_time\" content=\"2023-07-06T11:48:40+00:00\" \/>\n<meta property=\"article:modified_time\" content=\"2023-07-06T12:03:59+00:00\" \/>\n<meta property=\"og:image\" content=\"https:\/\/novice.si\/page\/wp-content\/uploads\/2023\/06\/SBC-jun23-2-scaled.jpg\" \/>\n\t<meta property=\"og:image:width\" content=\"2560\" \/>\n\t<meta property=\"og:image:height\" content=\"1920\" \/>\n\t<meta property=\"og:image:type\" content=\"image\/jpeg\" \/>\n<meta name=\"author\" content=\"Uredni\u0161tvo Celjana\" \/>\n<meta name=\"twitter:card\" content=\"summary_large_image\" \/>\n<meta name=\"twitter:label1\" content=\"Written by\" \/>\n\t<meta name=\"twitter:data1\" content=\"Uredni\u0161tvo Celjana\" \/>\n\t<meta name=\"twitter:label2\" content=\"Est. reading time\" \/>\n\t<meta name=\"twitter:data2\" content=\"1 minuta\" \/>\n<script type=\"application\/ld+json\" class=\"yoast-schema-graph\">{\"@context\":\"https:\\\/\\\/schema.org\",\"@graph\":[{\"@type\":\"Article\",\"@id\":\"https:\\\/\\\/novice.si\\\/page\\\/celje-trojica-zdravnikov-zavraca-krivo-za-smrt-35-letnika\\\/#article\",\"isPartOf\":{\"@id\":\"https:\\\/\\\/novice.si\\\/page\\\/celje-trojica-zdravnikov-zavraca-krivo-za-smrt-35-letnika\\\/\"},\"author\":{\"name\":\"Uredni\u0161tvo Celjana\",\"@id\":\"https:\\\/\\\/novice.si\\\/page\\\/#\\\/schema\\\/person\\\/57f25c9642a9541c7349c65d32032c3e\"},\"headline\":\"CELJE Trojica zdravnikov zavra\u010da krivdo za smrt 35-letnika\",\"datePublished\":\"2023-07-06T11:48:40+00:00\",\"dateModified\":\"2023-07-06T12:03:59+00:00\",\"mainEntityOfPage\":{\"@id\":\"https:\\\/\\\/novice.si\\\/page\\\/celje-trojica-zdravnikov-zavraca-krivo-za-smrt-35-letnika\\\/\"},\"wordCount\":136,\"publisher\":{\"@id\":\"https:\\\/\\\/novice.si\\\/page\\\/#organization\"},\"image\":{\"@id\":\"https:\\\/\\\/novice.si\\\/page\\\/celje-trojica-zdravnikov-zavraca-krivo-za-smrt-35-letnika\\\/#primaryimage\"},\"thumbnailUrl\":\"https:\\\/\\\/novice.si\\\/page\\\/wp-content\\\/uploads\\\/2023\\\/06\\\/SBC-jun23-2-scaled.jpg\",\"keywords\":[\"branko breznikar\",\"dejan Mrkonji\u010d\",\"jana pe\u010dovnik\",\"malomarno zdravljenje\",\"SBC\",\"sepsa\",\"sojenje\",\"Zlatan tkalec\"],\"articleSection\":[\"Aktualno\",\"Celjsko\",\"Kronika\"],\"inLanguage\":\"sl-SI\"},{\"@type\":\"WebPage\",\"@id\":\"https:\\\/\\\/novice.si\\\/page\\\/celje-trojica-zdravnikov-zavraca-krivo-za-smrt-35-letnika\\\/\",\"url\":\"https:\\\/\\\/novice.si\\\/page\\\/celje-trojica-zdravnikov-zavraca-krivo-za-smrt-35-letnika\\\/\",\"name\":\"CELJE Trojica zdravnikov zavra\u010da krivdo za smrt 35-letnika - Novice.si\",\"isPartOf\":{\"@id\":\"https:\\\/\\\/novice.si\\\/page\\\/#website\"},\"primaryImageOfPage\":{\"@id\":\"https:\\\/\\\/novice.si\\\/page\\\/celje-trojica-zdravnikov-zavraca-krivo-za-smrt-35-letnika\\\/#primaryimage\"},\"image\":{\"@id\":\"https:\\\/\\\/novice.si\\\/page\\\/celje-trojica-zdravnikov-zavraca-krivo-za-smrt-35-letnika\\\/#primaryimage\"},\"thumbnailUrl\":\"https:\\\/\\\/novice.si\\\/page\\\/wp-content\\\/uploads\\\/2023\\\/06\\\/SBC-jun23-2-scaled.jpg\",\"datePublished\":\"2023-07-06T11:48:40+00:00\",\"dateModified\":\"2023-07-06T12:03:59+00:00\",\"breadcrumb\":{\"@id\":\"https:\\\/\\\/novice.si\\\/page\\\/celje-trojica-zdravnikov-zavraca-krivo-za-smrt-35-letnika\\\/#breadcrumb\"},\"inLanguage\":\"sl-SI\",\"potentialAction\":[{\"@type\":\"ReadAction\",\"target\":[\"https:\\\/\\\/novice.si\\\/page\\\/celje-trojica-zdravnikov-zavraca-krivo-za-smrt-35-letnika\\\/\"]}]},{\"@type\":\"ImageObject\",\"inLanguage\":\"sl-SI\",\"@id\":\"https:\\\/\\\/novice.si\\\/page\\\/celje-trojica-zdravnikov-zavraca-krivo-za-smrt-35-letnika\\\/#primaryimage\",\"url\":\"https:\\\/\\\/novice.si\\\/page\\\/wp-content\\\/uploads\\\/2023\\\/06\\\/SBC-jun23-2-scaled.jpg\",\"contentUrl\":\"https:\\\/\\\/novice.si\\\/page\\\/wp-content\\\/uploads\\\/2023\\\/06\\\/SBC-jun23-2-scaled.jpg\",\"width\":2560,\"height\":1920},{\"@type\":\"BreadcrumbList\",\"@id\":\"https:\\\/\\\/novice.si\\\/page\\\/celje-trojica-zdravnikov-zavraca-krivo-za-smrt-35-letnika\\\/#breadcrumb\",\"itemListElement\":[{\"@type\":\"ListItem\",\"position\":1,\"name\":\"Home\",\"item\":\"https:\\\/\\\/novice.si\\\/page\\\/\"},{\"@type\":\"ListItem\",\"position\":2,\"name\":\"CELJE Trojica zdravnikov zavra\u010da krivdo za smrt 35-letnika\"}]},{\"@type\":\"WebSite\",\"@id\":\"https:\\\/\\\/novice.si\\\/page\\\/#website\",\"url\":\"https:\\\/\\\/novice.si\\\/page\\\/\",\"name\":\"Novice.si\",\"description\":\"\",\"publisher\":{\"@id\":\"https:\\\/\\\/novice.si\\\/page\\\/#organization\"},\"potentialAction\":[{\"@type\":\"SearchAction\",\"target\":{\"@type\":\"EntryPoint\",\"urlTemplate\":\"https:\\\/\\\/novice.si\\\/page\\\/?s={search_term_string}\"},\"query-input\":{\"@type\":\"PropertyValueSpecification\",\"valueRequired\":true,\"valueName\":\"search_term_string\"}}],\"inLanguage\":\"sl-SI\"},{\"@type\":\"Organization\",\"@id\":\"https:\\\/\\\/novice.si\\\/page\\\/#organization\",\"name\":\"Novice.si\",\"url\":\"https:\\\/\\\/novice.si\\\/page\\\/\",\"logo\":{\"@type\":\"ImageObject\",\"inLanguage\":\"sl-SI\",\"@id\":\"https:\\\/\\\/novice.si\\\/page\\\/#\\\/schema\\\/logo\\\/image\\\/\",\"url\":\"https:\\\/\\\/novice.si\\\/page\\\/wp-content\\\/uploads\\\/2023\\\/03\\\/novice_si.png\",\"contentUrl\":\"https:\\\/\\\/novice.si\\\/page\\\/wp-content\\\/uploads\\\/2023\\\/03\\\/novice_si.png\",\"width\":576,\"height\":200,\"caption\":\"Novice.si\"},\"image\":{\"@id\":\"https:\\\/\\\/novice.si\\\/page\\\/#\\\/schema\\\/logo\\\/image\\\/\"}},{\"@type\":\"Person\",\"@id\":\"https:\\\/\\\/novice.si\\\/page\\\/#\\\/schema\\\/person\\\/57f25c9642a9541c7349c65d32032c3e\",\"name\":\"Uredni\u0161tvo Celjana\",\"image\":{\"@type\":\"ImageObject\",\"inLanguage\":\"sl-SI\",\"@id\":\"https:\\\/\\\/secure.gravatar.com\\\/avatar\\\/78e52bc4279b65f6df6345e0ef0f7b792d361361f230cf4ffecfe0afe6d5629c?s=96&d=mm&r=g\",\"url\":\"https:\\\/\\\/secure.gravatar.com\\\/avatar\\\/78e52bc4279b65f6df6345e0ef0f7b792d361361f230cf4ffecfe0afe6d5629c?s=96&d=mm&r=g\",\"contentUrl\":\"https:\\\/\\\/secure.gravatar.com\\\/avatar\\\/78e52bc4279b65f6df6345e0ef0f7b792d361361f230cf4ffecfe0afe6d5629c?s=96&d=mm&r=g\",\"caption\":\"Uredni\u0161tvo Celjana\"},\"url\":\"https:\\\/\\\/novice.si\\\/page\\\/author\\\/primoz\\\/\"}]}<\/script>\n<!-- \/ Yoast SEO plugin. -->","yoast_head_json":{"title":"CELJE Trojica zdravnikov zavra\u010da krivdo za smrt 35-letnika - Novice.si","robots":{"index":"index","follow":"follow","max-snippet":"max-snippet:-1","max-image-preview":"max-image-preview:large","max-video-preview":"max-video-preview:-1"},"canonical":"https:\/\/novice.si\/page\/celje-trojica-zdravnikov-zavraca-krivo-za-smrt-35-letnika\/","og_locale":"sl_SI","og_type":"article","og_title":"CELJE Trojica zdravnikov zavra\u010da krivdo za smrt 35-letnika - Novice.si","og_description":"Celjska kazenska sodnica Maja Man\u010dek \u0160porin je popoldne sklenila raz\u0161irjeni predobravnavni narok za zdravnike celjske bolni\u0161nice, ki so obto\u017eeni malomarnega zdravljenja in opustitve dol\u017enega ravnanja. Odgovorni naj bi bili za smrt 35-letnega Velenj\u010dana Dejana Mrkonji\u010da, ki je v pred 13 leti v bolni\u0161nici umrl zaradi sepse. Potem, ko je Zlatan Tkalec sporo\u010dil, da se dana\u0161njega [&hellip;]","og_url":"https:\/\/novice.si\/page\/celje-trojica-zdravnikov-zavraca-krivo-za-smrt-35-letnika\/","og_site_name":"Novice.si","article_published_time":"2023-07-06T11:48:40+00:00","article_modified_time":"2023-07-06T12:03:59+00:00","og_image":[{"width":2560,"height":1920,"url":"https:\/\/novice.si\/page\/wp-content\/uploads\/2023\/06\/SBC-jun23-2-scaled.jpg","type":"image\/jpeg"}],"author":"Uredni\u0161tvo Celjana","twitter_card":"summary_large_image","twitter_misc":{"Written by":"Uredni\u0161tvo Celjana","Est. reading time":"1 minuta"},"schema":{"@context":"https:\/\/schema.org","@graph":[{"@type":"Article","@id":"https:\/\/novice.si\/page\/celje-trojica-zdravnikov-zavraca-krivo-za-smrt-35-letnika\/#article","isPartOf":{"@id":"https:\/\/novice.si\/page\/celje-trojica-zdravnikov-zavraca-krivo-za-smrt-35-letnika\/"},"author":{"name":"Uredni\u0161tvo Celjana","@id":"https:\/\/novice.si\/page\/#\/schema\/person\/57f25c9642a9541c7349c65d32032c3e"},"headline":"CELJE Trojica zdravnikov zavra\u010da krivdo za smrt 35-letnika","datePublished":"2023-07-06T11:48:40+00:00","dateModified":"2023-07-06T12:03:59+00:00","mainEntityOfPage":{"@id":"https:\/\/novice.si\/page\/celje-trojica-zdravnikov-zavraca-krivo-za-smrt-35-letnika\/"},"wordCount":136,"publisher":{"@id":"https:\/\/novice.si\/page\/#organization"},"image":{"@id":"https:\/\/novice.si\/page\/celje-trojica-zdravnikov-zavraca-krivo-za-smrt-35-letnika\/#primaryimage"},"thumbnailUrl":"https:\/\/novice.si\/page\/wp-content\/uploads\/2023\/06\/SBC-jun23-2-scaled.jpg","keywords":["branko breznikar","dejan Mrkonji\u010d","jana pe\u010dovnik","malomarno zdravljenje","SBC","sepsa","sojenje","Zlatan tkalec"],"articleSection":["Aktualno","Celjsko","Kronika"],"inLanguage":"sl-SI"},{"@type":"WebPage","@id":"https:\/\/novice.si\/page\/celje-trojica-zdravnikov-zavraca-krivo-za-smrt-35-letnika\/","url":"https:\/\/novice.si\/page\/celje-trojica-zdravnikov-zavraca-krivo-za-smrt-35-letnika\/","name":"CELJE Trojica zdravnikov zavra\u010da krivdo za smrt 35-letnika - Novice.si","isPartOf":{"@id":"https:\/\/novice.si\/page\/#website"},"primaryImageOfPage":{"@id":"https:\/\/novice.si\/page\/celje-trojica-zdravnikov-zavraca-krivo-za-smrt-35-letnika\/#primaryimage"},"image":{"@id":"https:\/\/novice.si\/page\/celje-trojica-zdravnikov-zavraca-krivo-za-smrt-35-letnika\/#primaryimage"},"thumbnailUrl":"https:\/\/novice.si\/page\/wp-content\/uploads\/2023\/06\/SBC-jun23-2-scaled.jpg","datePublished":"2023-07-06T11:48:40+00:00","dateModified":"2023-07-06T12:03:59+00:00","breadcrumb":{"@id":"https:\/\/novice.si\/page\/celje-trojica-zdravnikov-zavraca-krivo-za-smrt-35-letnika\/#breadcrumb"},"inLanguage":"sl-SI","potentialAction":[{"@type":"ReadAction","target":["https:\/\/novice.si\/page\/celje-trojica-zdravnikov-zavraca-krivo-za-smrt-35-letnika\/"]}]},{"@type":"ImageObject","inLanguage":"sl-SI","@id":"https:\/\/novice.si\/page\/celje-trojica-zdravnikov-zavraca-krivo-za-smrt-35-letnika\/#primaryimage","url":"https:\/\/novice.si\/page\/wp-content\/uploads\/2023\/06\/SBC-jun23-2-scaled.jpg","contentUrl":"https:\/\/novice.si\/page\/wp-content\/uploads\/2023\/06\/SBC-jun23-2-scaled.jpg","width":2560,"height":1920},{"@type":"BreadcrumbList","@id":"https:\/\/novice.si\/page\/celje-trojica-zdravnikov-zavraca-krivo-za-smrt-35-letnika\/#breadcrumb","itemListElement":[{"@type":"ListItem","position":1,"name":"Home","item":"https:\/\/novice.si\/page\/"},{"@type":"ListItem","position":2,"name":"CELJE Trojica zdravnikov zavra\u010da krivdo za smrt 35-letnika"}]},{"@type":"WebSite","@id":"https:\/\/novice.si\/page\/#website","url":"https:\/\/novice.si\/page\/","name":"Novice.si","description":"","publisher":{"@id":"https:\/\/novice.si\/page\/#organization"},"potentialAction":[{"@type":"SearchAction","target":{"@type":"EntryPoint","urlTemplate":"https:\/\/novice.si\/page\/?s={search_term_string}"},"query-input":{"@type":"PropertyValueSpecification","valueRequired":true,"valueName":"search_term_string"}}],"inLanguage":"sl-SI"},{"@type":"Organization","@id":"https:\/\/novice.si\/page\/#organization","name":"Novice.si","url":"https:\/\/novice.si\/page\/","logo":{"@type":"ImageObject","inLanguage":"sl-SI","@id":"https:\/\/novice.si\/page\/#\/schema\/logo\/image\/","url":"https:\/\/novice.si\/page\/wp-content\/uploads\/2023\/03\/novice_si.png","contentUrl":"https:\/\/novice.si\/page\/wp-content\/uploads\/2023\/03\/novice_si.png","width":576,"height":200,"caption":"Novice.si"},"image":{"@id":"https:\/\/novice.si\/page\/#\/schema\/logo\/image\/"}},{"@type":"Person","@id":"https:\/\/novice.si\/page\/#\/schema\/person\/57f25c9642a9541c7349c65d32032c3e","name":"Uredni\u0161tvo Celjana","image":{"@type":"ImageObject","inLanguage":"sl-SI","@id":"https:\/\/secure.gravatar.com\/avatar\/78e52bc4279b65f6df6345e0ef0f7b792d361361f230cf4ffecfe0afe6d5629c?s=96&d=mm&r=g","url":"https:\/\/secure.gravatar.com\/avatar\/78e52bc4279b65f6df6345e0ef0f7b792d361361f230cf4ffecfe0afe6d5629c?s=96&d=mm&r=g","contentUrl":"https:\/\/secure.gravatar.com\/avatar\/78e52bc4279b65f6df6345e0ef0f7b792d361361f230cf4ffecfe0afe6d5629c?s=96&d=mm&r=g","caption":"Uredni\u0161tvo Celjana"},"url":"https:\/\/novice.si\/page\/author\/primoz\/"}]}},"_links":{"self":[{"href":"https:\/\/novice.si\/page\/wp-json\/wp\/v2\/posts\/164729","targetHints":{"allow":["GET"]}}],"collection":[{"href":"https:\/\/novice.si\/page\/wp-json\/wp\/v2\/posts"}],"about":[{"href":"https:\/\/novice.si\/page\/wp-json\/wp\/v2\/types\/post"}],"author":[{"embeddable":true,"href":"https:\/\/novice.si\/page\/wp-json\/wp\/v2\/users\/33"}],"replies":[{"embeddable":true,"href":"https:\/\/novice.si\/page\/wp-json\/wp\/v2\/comments?post=164729"}],"version-history":[{"count":3,"href":"https:\/\/novice.si\/page\/wp-json\/wp\/v2\/posts\/164729\/revisions"}],"predecessor-version":[{"id":164732,"href":"https:\/\/novice.si\/page\/wp-json\/wp\/v2\/posts\/164729\/revisions\/164732"}],"wp:featuredmedia":[{"embeddable":true,"href":"https:\/\/novice.si\/page\/wp-json\/wp\/v2\/media\/163753"}],"wp:attachment":[{"href":"https:\/\/novice.si\/page\/wp-json\/wp\/v2\/media?parent=164729"}],"wp:term":[{"taxonomy":"category","embeddable":true,"href":"https:\/\/novice.si\/page\/wp-json\/wp\/v2\/categories?post=164729"},{"taxonomy":"post_tag","embeddable":true,"href":"https:\/\/novice.si\/page\/wp-json\/wp\/v2\/tags?post=164729"}],"curies":[{"name":"wp","href":"https:\/\/api.w.org\/{rel}","templated":true}]}}