{"id":164678,"date":"2023-07-05T12:45:58","date_gmt":"2023-07-05T10:45:58","guid":{"rendered":"https:\/\/novice.si\/page\/?p=164678"},"modified":"2023-07-05T12:45:58","modified_gmt":"2023-07-05T10:45:58","slug":"celje-braslovce-cetrto-sojenje-balantu-in-drci","status":"publish","type":"post","link":"https:\/\/novice.si\/page\/celje-braslovce-cetrto-sojenje-balantu-in-drci\/","title":{"rendered":"CELJE BRASLOV\u010cE \u010cetrto sojenje Balantu in Dr\u010di"},"content":{"rendered":"<p>Celjska kazenska sodnica <strong>Maja Man\u010dek \u0160porin<\/strong> je dopoldne za\u010dela \u017ee \u010detrto sojenje nekdanjima \u017eupanu in pod\u017eupanu Braslov\u010d <strong>Marku Balantu<\/strong> in <strong>Vinku Dr\u010d<\/strong>i.<\/p>\n<p><img loading=\"lazy\" decoding=\"async\" class=\"wp-image-164679 alignleft\" src=\"https:\/\/novice.si\/page\/wp-content\/uploads\/2023\/07\/balant-drca-2-546x600.jpg\" alt=\"\" width=\"354\" height=\"389\" srcset=\"https:\/\/novice.si\/page\/wp-content\/uploads\/2023\/07\/balant-drca-2-546x600.jpg 546w, https:\/\/novice.si\/page\/wp-content\/uploads\/2023\/07\/balant-drca-2-932x1024.jpg 932w, https:\/\/novice.si\/page\/wp-content\/uploads\/2023\/07\/balant-drca-2-768x843.jpg 768w, https:\/\/novice.si\/page\/wp-content\/uploads\/2023\/07\/balant-drca-2-1399x1536.jpg 1399w, https:\/\/novice.si\/page\/wp-content\/uploads\/2023\/07\/balant-drca-2-1865x2048.jpg 1865w, https:\/\/novice.si\/page\/wp-content\/uploads\/2023\/07\/balant-drca-2-696x764.jpg 696w, https:\/\/novice.si\/page\/wp-content\/uploads\/2023\/07\/balant-drca-2-1068x1173.jpg 1068w, https:\/\/novice.si\/page\/wp-content\/uploads\/2023\/07\/balant-drca-2-382x420.jpg 382w, https:\/\/novice.si\/page\/wp-content\/uploads\/2023\/07\/balant-drca-2-22x24.jpg 22w, https:\/\/novice.si\/page\/wp-content\/uploads\/2023\/07\/balant-drca-2-33x36.jpg 33w, https:\/\/novice.si\/page\/wp-content\/uploads\/2023\/07\/balant-drca-2-44x48.jpg 44w\" sizes=\"auto, (max-width: 354px) 100vw, 354px\" \/>Vi\u0161je sodi\u0161\u010de je namre\u010d razveljavilo lansko zavrnilno sodbo in odredilo novo sojenje za zlorabo uradnega polo\u017eaja.<\/p>\n<p>Primer sega v leto 2008, ko so v ob\u010dini brez vednosti kmetijskega in okoljskega ministrstva spremenili namembnost ve\u010d kmetijskih zemlji\u0161\u010d. Zaradi notranjih informacij naj bi se Dr\u010da okoristil za ve\u010d kot 140 tiso\u010dakov, ko je z investitorjem \u0161e preden je pri\u0161lo do prekategorizacije sklenil pogodbo s klavzulo, ki je dolo\u010dala, do kdaj mora parcela postati zazidljiva. Obto\u017eeni Balant naj bi mu pri tem pomagal.<\/p>\n<p>Sojenje se z zasli\u0161anjem treh klju\u010dnih pri\u010d nadaljuje 4. septembra, za 21 pri\u010d pa so zgolj prebrali njihove izjave.<\/p>\n<p>Obto\u017eena vztrajata pri dosedanjih zagovorih.<\/p>\n<p>P\u0160<\/p>\n","protected":false},"excerpt":{"rendered":"<p>Celjska kazenska sodnica Maja Man\u010dek \u0160porin je dopoldne za\u010dela \u017ee \u010detrto sojenje nekdanjima \u017eupanu in pod\u017eupanu Braslov\u010d Marku Balantu in Vinku Dr\u010di. Vi\u0161je sodi\u0161\u010de je namre\u010d razveljavilo lansko zavrnilno sodbo in odredilo novo sojenje za zlorabo uradnega polo\u017eaja. Primer sega v leto 2008, ko so v ob\u010dini brez vednosti kmetijskega in okoljskega ministrstva spremenili namembnost [&hellip;]<\/p>\n","protected":false},"author":33,"featured_media":164680,"comment_status":"closed","ping_status":"closed","sticky":false,"template":"","format":"standard","meta":{"footnotes":""},"categories":[14,17,29],"tags":[],"class_list":{"0":"post-164678","1":"post","2":"type-post","3":"status-publish","4":"format-standard","5":"has-post-thumbnail","7":"category-aktualno","8":"category-celjsko","9":"category-kronika"},"yoast_head":"<!-- This site is optimized with the Yoast SEO plugin v27.4 - https:\/\/yoast.com\/product\/yoast-seo-wordpress\/ -->\n<title>CELJE BRASLOV\u010cE \u010cetrto sojenje Balantu in Dr\u010di - Novice.si<\/title>\n<meta name=\"robots\" content=\"index, follow, max-snippet:-1, max-image-preview:large, max-video-preview:-1\" \/>\n<link rel=\"canonical\" href=\"https:\/\/novice.si\/page\/celje-braslovce-cetrto-sojenje-balantu-in-drci\/\" \/>\n<meta property=\"og:locale\" content=\"sl_SI\" \/>\n<meta property=\"og:type\" content=\"article\" \/>\n<meta property=\"og:title\" content=\"CELJE BRASLOV\u010cE \u010cetrto sojenje Balantu in Dr\u010di - Novice.si\" \/>\n<meta property=\"og:description\" content=\"Celjska kazenska sodnica Maja Man\u010dek \u0160porin je dopoldne za\u010dela \u017ee \u010detrto sojenje nekdanjima \u017eupanu in pod\u017eupanu Braslov\u010d Marku Balantu in Vinku Dr\u010di. Vi\u0161je sodi\u0161\u010de je namre\u010d razveljavilo lansko zavrnilno sodbo in odredilo novo sojenje za zlorabo uradnega polo\u017eaja. Primer sega v leto 2008, ko so v ob\u010dini brez vednosti kmetijskega in okoljskega ministrstva spremenili namembnost [&hellip;]\" \/>\n<meta property=\"og:url\" content=\"https:\/\/novice.si\/page\/celje-braslovce-cetrto-sojenje-balantu-in-drci\/\" \/>\n<meta property=\"og:site_name\" content=\"Novice.si\" \/>\n<meta property=\"article:published_time\" content=\"2023-07-05T10:45:58+00:00\" \/>\n<meta property=\"og:image\" content=\"https:\/\/novice.si\/page\/wp-content\/uploads\/2023\/07\/balant-drca-1-scaled.jpg\" \/>\n\t<meta property=\"og:image:width\" content=\"2560\" \/>\n\t<meta property=\"og:image:height\" content=\"2184\" \/>\n\t<meta property=\"og:image:type\" content=\"image\/jpeg\" \/>\n<meta name=\"author\" content=\"Uredni\u0161tvo Celjana\" \/>\n<meta name=\"twitter:card\" content=\"summary_large_image\" \/>\n<meta name=\"twitter:label1\" content=\"Written by\" \/>\n\t<meta name=\"twitter:data1\" content=\"Uredni\u0161tvo Celjana\" \/>\n\t<meta name=\"twitter:label2\" content=\"Est. reading time\" \/>\n\t<meta name=\"twitter:data2\" content=\"1 minuta\" \/>\n<script type=\"application\/ld+json\" class=\"yoast-schema-graph\">{\"@context\":\"https:\\\/\\\/schema.org\",\"@graph\":[{\"@type\":\"Article\",\"@id\":\"https:\\\/\\\/novice.si\\\/page\\\/celje-braslovce-cetrto-sojenje-balantu-in-drci\\\/#article\",\"isPartOf\":{\"@id\":\"https:\\\/\\\/novice.si\\\/page\\\/celje-braslovce-cetrto-sojenje-balantu-in-drci\\\/\"},\"author\":{\"name\":\"Uredni\u0161tvo Celjana\",\"@id\":\"https:\\\/\\\/novice.si\\\/page\\\/#\\\/schema\\\/person\\\/57f25c9642a9541c7349c65d32032c3e\"},\"headline\":\"CELJE BRASLOV\u010cE \u010cetrto sojenje Balantu in Dr\u010di\",\"datePublished\":\"2023-07-05T10:45:58+00:00\",\"mainEntityOfPage\":{\"@id\":\"https:\\\/\\\/novice.si\\\/page\\\/celje-braslovce-cetrto-sojenje-balantu-in-drci\\\/\"},\"wordCount\":148,\"publisher\":{\"@id\":\"https:\\\/\\\/novice.si\\\/page\\\/#organization\"},\"image\":{\"@id\":\"https:\\\/\\\/novice.si\\\/page\\\/celje-braslovce-cetrto-sojenje-balantu-in-drci\\\/#primaryimage\"},\"thumbnailUrl\":\"https:\\\/\\\/novice.si\\\/page\\\/wp-content\\\/uploads\\\/2023\\\/07\\\/balant-drca-1-scaled.jpg\",\"articleSection\":[\"Aktualno\",\"Celjsko\",\"Kronika\"],\"inLanguage\":\"sl-SI\"},{\"@type\":\"WebPage\",\"@id\":\"https:\\\/\\\/novice.si\\\/page\\\/celje-braslovce-cetrto-sojenje-balantu-in-drci\\\/\",\"url\":\"https:\\\/\\\/novice.si\\\/page\\\/celje-braslovce-cetrto-sojenje-balantu-in-drci\\\/\",\"name\":\"CELJE BRASLOV\u010cE \u010cetrto sojenje Balantu in Dr\u010di - Novice.si\",\"isPartOf\":{\"@id\":\"https:\\\/\\\/novice.si\\\/page\\\/#website\"},\"primaryImageOfPage\":{\"@id\":\"https:\\\/\\\/novice.si\\\/page\\\/celje-braslovce-cetrto-sojenje-balantu-in-drci\\\/#primaryimage\"},\"image\":{\"@id\":\"https:\\\/\\\/novice.si\\\/page\\\/celje-braslovce-cetrto-sojenje-balantu-in-drci\\\/#primaryimage\"},\"thumbnailUrl\":\"https:\\\/\\\/novice.si\\\/page\\\/wp-content\\\/uploads\\\/2023\\\/07\\\/balant-drca-1-scaled.jpg\",\"datePublished\":\"2023-07-05T10:45:58+00:00\",\"breadcrumb\":{\"@id\":\"https:\\\/\\\/novice.si\\\/page\\\/celje-braslovce-cetrto-sojenje-balantu-in-drci\\\/#breadcrumb\"},\"inLanguage\":\"sl-SI\",\"potentialAction\":[{\"@type\":\"ReadAction\",\"target\":[\"https:\\\/\\\/novice.si\\\/page\\\/celje-braslovce-cetrto-sojenje-balantu-in-drci\\\/\"]}]},{\"@type\":\"ImageObject\",\"inLanguage\":\"sl-SI\",\"@id\":\"https:\\\/\\\/novice.si\\\/page\\\/celje-braslovce-cetrto-sojenje-balantu-in-drci\\\/#primaryimage\",\"url\":\"https:\\\/\\\/novice.si\\\/page\\\/wp-content\\\/uploads\\\/2023\\\/07\\\/balant-drca-1-scaled.jpg\",\"contentUrl\":\"https:\\\/\\\/novice.si\\\/page\\\/wp-content\\\/uploads\\\/2023\\\/07\\\/balant-drca-1-scaled.jpg\",\"width\":2560,\"height\":2184},{\"@type\":\"BreadcrumbList\",\"@id\":\"https:\\\/\\\/novice.si\\\/page\\\/celje-braslovce-cetrto-sojenje-balantu-in-drci\\\/#breadcrumb\",\"itemListElement\":[{\"@type\":\"ListItem\",\"position\":1,\"name\":\"Home\",\"item\":\"https:\\\/\\\/novice.si\\\/page\\\/\"},{\"@type\":\"ListItem\",\"position\":2,\"name\":\"CELJE BRASLOV\u010cE \u010cetrto sojenje Balantu in Dr\u010di\"}]},{\"@type\":\"WebSite\",\"@id\":\"https:\\\/\\\/novice.si\\\/page\\\/#website\",\"url\":\"https:\\\/\\\/novice.si\\\/page\\\/\",\"name\":\"Novice.si\",\"description\":\"\",\"publisher\":{\"@id\":\"https:\\\/\\\/novice.si\\\/page\\\/#organization\"},\"potentialAction\":[{\"@type\":\"SearchAction\",\"target\":{\"@type\":\"EntryPoint\",\"urlTemplate\":\"https:\\\/\\\/novice.si\\\/page\\\/?s={search_term_string}\"},\"query-input\":{\"@type\":\"PropertyValueSpecification\",\"valueRequired\":true,\"valueName\":\"search_term_string\"}}],\"inLanguage\":\"sl-SI\"},{\"@type\":\"Organization\",\"@id\":\"https:\\\/\\\/novice.si\\\/page\\\/#organization\",\"name\":\"Novice.si\",\"url\":\"https:\\\/\\\/novice.si\\\/page\\\/\",\"logo\":{\"@type\":\"ImageObject\",\"inLanguage\":\"sl-SI\",\"@id\":\"https:\\\/\\\/novice.si\\\/page\\\/#\\\/schema\\\/logo\\\/image\\\/\",\"url\":\"https:\\\/\\\/novice.si\\\/page\\\/wp-content\\\/uploads\\\/2023\\\/03\\\/novice_si.png\",\"contentUrl\":\"https:\\\/\\\/novice.si\\\/page\\\/wp-content\\\/uploads\\\/2023\\\/03\\\/novice_si.png\",\"width\":576,\"height\":200,\"caption\":\"Novice.si\"},\"image\":{\"@id\":\"https:\\\/\\\/novice.si\\\/page\\\/#\\\/schema\\\/logo\\\/image\\\/\"}},{\"@type\":\"Person\",\"@id\":\"https:\\\/\\\/novice.si\\\/page\\\/#\\\/schema\\\/person\\\/57f25c9642a9541c7349c65d32032c3e\",\"name\":\"Uredni\u0161tvo Celjana\",\"image\":{\"@type\":\"ImageObject\",\"inLanguage\":\"sl-SI\",\"@id\":\"https:\\\/\\\/secure.gravatar.com\\\/avatar\\\/78e52bc4279b65f6df6345e0ef0f7b792d361361f230cf4ffecfe0afe6d5629c?s=96&d=mm&r=g\",\"url\":\"https:\\\/\\\/secure.gravatar.com\\\/avatar\\\/78e52bc4279b65f6df6345e0ef0f7b792d361361f230cf4ffecfe0afe6d5629c?s=96&d=mm&r=g\",\"contentUrl\":\"https:\\\/\\\/secure.gravatar.com\\\/avatar\\\/78e52bc4279b65f6df6345e0ef0f7b792d361361f230cf4ffecfe0afe6d5629c?s=96&d=mm&r=g\",\"caption\":\"Uredni\u0161tvo Celjana\"},\"url\":\"https:\\\/\\\/novice.si\\\/page\\\/author\\\/primoz\\\/\"}]}<\/script>\n<!-- \/ Yoast SEO plugin. -->","yoast_head_json":{"title":"CELJE BRASLOV\u010cE \u010cetrto sojenje Balantu in Dr\u010di - Novice.si","robots":{"index":"index","follow":"follow","max-snippet":"max-snippet:-1","max-image-preview":"max-image-preview:large","max-video-preview":"max-video-preview:-1"},"canonical":"https:\/\/novice.si\/page\/celje-braslovce-cetrto-sojenje-balantu-in-drci\/","og_locale":"sl_SI","og_type":"article","og_title":"CELJE BRASLOV\u010cE \u010cetrto sojenje Balantu in Dr\u010di - Novice.si","og_description":"Celjska kazenska sodnica Maja Man\u010dek \u0160porin je dopoldne za\u010dela \u017ee \u010detrto sojenje nekdanjima \u017eupanu in pod\u017eupanu Braslov\u010d Marku Balantu in Vinku Dr\u010di. Vi\u0161je sodi\u0161\u010de je namre\u010d razveljavilo lansko zavrnilno sodbo in odredilo novo sojenje za zlorabo uradnega polo\u017eaja. Primer sega v leto 2008, ko so v ob\u010dini brez vednosti kmetijskega in okoljskega ministrstva spremenili namembnost [&hellip;]","og_url":"https:\/\/novice.si\/page\/celje-braslovce-cetrto-sojenje-balantu-in-drci\/","og_site_name":"Novice.si","article_published_time":"2023-07-05T10:45:58+00:00","og_image":[{"width":2560,"height":2184,"url":"https:\/\/novice.si\/page\/wp-content\/uploads\/2023\/07\/balant-drca-1-scaled.jpg","type":"image\/jpeg"}],"author":"Uredni\u0161tvo Celjana","twitter_card":"summary_large_image","twitter_misc":{"Written by":"Uredni\u0161tvo Celjana","Est. reading time":"1 minuta"},"schema":{"@context":"https:\/\/schema.org","@graph":[{"@type":"Article","@id":"https:\/\/novice.si\/page\/celje-braslovce-cetrto-sojenje-balantu-in-drci\/#article","isPartOf":{"@id":"https:\/\/novice.si\/page\/celje-braslovce-cetrto-sojenje-balantu-in-drci\/"},"author":{"name":"Uredni\u0161tvo Celjana","@id":"https:\/\/novice.si\/page\/#\/schema\/person\/57f25c9642a9541c7349c65d32032c3e"},"headline":"CELJE BRASLOV\u010cE \u010cetrto sojenje Balantu in Dr\u010di","datePublished":"2023-07-05T10:45:58+00:00","mainEntityOfPage":{"@id":"https:\/\/novice.si\/page\/celje-braslovce-cetrto-sojenje-balantu-in-drci\/"},"wordCount":148,"publisher":{"@id":"https:\/\/novice.si\/page\/#organization"},"image":{"@id":"https:\/\/novice.si\/page\/celje-braslovce-cetrto-sojenje-balantu-in-drci\/#primaryimage"},"thumbnailUrl":"https:\/\/novice.si\/page\/wp-content\/uploads\/2023\/07\/balant-drca-1-scaled.jpg","articleSection":["Aktualno","Celjsko","Kronika"],"inLanguage":"sl-SI"},{"@type":"WebPage","@id":"https:\/\/novice.si\/page\/celje-braslovce-cetrto-sojenje-balantu-in-drci\/","url":"https:\/\/novice.si\/page\/celje-braslovce-cetrto-sojenje-balantu-in-drci\/","name":"CELJE BRASLOV\u010cE \u010cetrto sojenje Balantu in Dr\u010di - Novice.si","isPartOf":{"@id":"https:\/\/novice.si\/page\/#website"},"primaryImageOfPage":{"@id":"https:\/\/novice.si\/page\/celje-braslovce-cetrto-sojenje-balantu-in-drci\/#primaryimage"},"image":{"@id":"https:\/\/novice.si\/page\/celje-braslovce-cetrto-sojenje-balantu-in-drci\/#primaryimage"},"thumbnailUrl":"https:\/\/novice.si\/page\/wp-content\/uploads\/2023\/07\/balant-drca-1-scaled.jpg","datePublished":"2023-07-05T10:45:58+00:00","breadcrumb":{"@id":"https:\/\/novice.si\/page\/celje-braslovce-cetrto-sojenje-balantu-in-drci\/#breadcrumb"},"inLanguage":"sl-SI","potentialAction":[{"@type":"ReadAction","target":["https:\/\/novice.si\/page\/celje-braslovce-cetrto-sojenje-balantu-in-drci\/"]}]},{"@type":"ImageObject","inLanguage":"sl-SI","@id":"https:\/\/novice.si\/page\/celje-braslovce-cetrto-sojenje-balantu-in-drci\/#primaryimage","url":"https:\/\/novice.si\/page\/wp-content\/uploads\/2023\/07\/balant-drca-1-scaled.jpg","contentUrl":"https:\/\/novice.si\/page\/wp-content\/uploads\/2023\/07\/balant-drca-1-scaled.jpg","width":2560,"height":2184},{"@type":"BreadcrumbList","@id":"https:\/\/novice.si\/page\/celje-braslovce-cetrto-sojenje-balantu-in-drci\/#breadcrumb","itemListElement":[{"@type":"ListItem","position":1,"name":"Home","item":"https:\/\/novice.si\/page\/"},{"@type":"ListItem","position":2,"name":"CELJE BRASLOV\u010cE \u010cetrto sojenje Balantu in Dr\u010di"}]},{"@type":"WebSite","@id":"https:\/\/novice.si\/page\/#website","url":"https:\/\/novice.si\/page\/","name":"Novice.si","description":"","publisher":{"@id":"https:\/\/novice.si\/page\/#organization"},"potentialAction":[{"@type":"SearchAction","target":{"@type":"EntryPoint","urlTemplate":"https:\/\/novice.si\/page\/?s={search_term_string}"},"query-input":{"@type":"PropertyValueSpecification","valueRequired":true,"valueName":"search_term_string"}}],"inLanguage":"sl-SI"},{"@type":"Organization","@id":"https:\/\/novice.si\/page\/#organization","name":"Novice.si","url":"https:\/\/novice.si\/page\/","logo":{"@type":"ImageObject","inLanguage":"sl-SI","@id":"https:\/\/novice.si\/page\/#\/schema\/logo\/image\/","url":"https:\/\/novice.si\/page\/wp-content\/uploads\/2023\/03\/novice_si.png","contentUrl":"https:\/\/novice.si\/page\/wp-content\/uploads\/2023\/03\/novice_si.png","width":576,"height":200,"caption":"Novice.si"},"image":{"@id":"https:\/\/novice.si\/page\/#\/schema\/logo\/image\/"}},{"@type":"Person","@id":"https:\/\/novice.si\/page\/#\/schema\/person\/57f25c9642a9541c7349c65d32032c3e","name":"Uredni\u0161tvo Celjana","image":{"@type":"ImageObject","inLanguage":"sl-SI","@id":"https:\/\/secure.gravatar.com\/avatar\/78e52bc4279b65f6df6345e0ef0f7b792d361361f230cf4ffecfe0afe6d5629c?s=96&d=mm&r=g","url":"https:\/\/secure.gravatar.com\/avatar\/78e52bc4279b65f6df6345e0ef0f7b792d361361f230cf4ffecfe0afe6d5629c?s=96&d=mm&r=g","contentUrl":"https:\/\/secure.gravatar.com\/avatar\/78e52bc4279b65f6df6345e0ef0f7b792d361361f230cf4ffecfe0afe6d5629c?s=96&d=mm&r=g","caption":"Uredni\u0161tvo Celjana"},"url":"https:\/\/novice.si\/page\/author\/primoz\/"}]}},"_links":{"self":[{"href":"https:\/\/novice.si\/page\/wp-json\/wp\/v2\/posts\/164678","targetHints":{"allow":["GET"]}}],"collection":[{"href":"https:\/\/novice.si\/page\/wp-json\/wp\/v2\/posts"}],"about":[{"href":"https:\/\/novice.si\/page\/wp-json\/wp\/v2\/types\/post"}],"author":[{"embeddable":true,"href":"https:\/\/novice.si\/page\/wp-json\/wp\/v2\/users\/33"}],"replies":[{"embeddable":true,"href":"https:\/\/novice.si\/page\/wp-json\/wp\/v2\/comments?post=164678"}],"version-history":[{"count":1,"href":"https:\/\/novice.si\/page\/wp-json\/wp\/v2\/posts\/164678\/revisions"}],"predecessor-version":[{"id":164681,"href":"https:\/\/novice.si\/page\/wp-json\/wp\/v2\/posts\/164678\/revisions\/164681"}],"wp:featuredmedia":[{"embeddable":true,"href":"https:\/\/novice.si\/page\/wp-json\/wp\/v2\/media\/164680"}],"wp:attachment":[{"href":"https:\/\/novice.si\/page\/wp-json\/wp\/v2\/media?parent=164678"}],"wp:term":[{"taxonomy":"category","embeddable":true,"href":"https:\/\/novice.si\/page\/wp-json\/wp\/v2\/categories?post=164678"},{"taxonomy":"post_tag","embeddable":true,"href":"https:\/\/novice.si\/page\/wp-json\/wp\/v2\/tags?post=164678"}],"curies":[{"name":"wp","href":"https:\/\/api.w.org\/{rel}","templated":true}]}}