{"id":164646,"date":"2023-07-05T07:56:48","date_gmt":"2023-07-05T05:56:48","guid":{"rendered":"https:\/\/novice.si\/page\/?p=164646"},"modified":"2023-07-05T07:56:48","modified_gmt":"2023-07-05T05:56:48","slug":"celje-zalec-koncana-preiskava-o-onesnazenju-vodovoda","status":"publish","type":"post","link":"https:\/\/novice.si\/page\/celje-zalec-koncana-preiskava-o-onesnazenju-vodovoda\/","title":{"rendered":"CELJE \u017dALEC Kon\u010dana preiskava o onesna\u017eenju vodovoda"},"content":{"rendered":"<p>Celjski kriminalisti so zaradi povzro\u010ditve splo\u0161ne nevarnosti iz malomarnosti kazensko ovadili 59-letnika, zaradi opustitve dol\u017enega nadzorstva nad zakonitostjo ravnanja pa \u0161e 53-letno osebo.<\/p>\n<p>Obe sta iz \u017ealskega komunalnega podjetja in naj bi bili odgovorni, da se je lansko jesen z opore\u010dno vodo zastrupilo okoli 500 ob\u010danov, vsak peti je iskal zdravni\u0161ko pomo\u010d v urgentnem centru, 29 so jih zadr\u017eali v bolni\u0161nici.<\/p>\n<p>V sistemu zajetja in priprave pitne vode je po ugotovitvah preiskovalec pri\u0161lo do izpada kloriranja in s tem do onesna\u017eenja.<\/p>\n<p>P\u0160<\/p>\n","protected":false},"excerpt":{"rendered":"<p>Celjski kriminalisti so zaradi povzro\u010ditve splo\u0161ne nevarnosti iz malomarnosti kazensko ovadili 59-letnika, zaradi opustitve dol\u017enega nadzorstva nad zakonitostjo ravnanja pa \u0161e 53-letno osebo. Obe sta iz \u017ealskega komunalnega podjetja in naj bi bili odgovorni, da se je lansko jesen z opore\u010dno vodo zastrupilo okoli 500 ob\u010danov, vsak peti je iskal zdravni\u0161ko pomo\u010d v urgentnem centru, [&hellip;]<\/p>\n","protected":false},"author":33,"featured_media":156423,"comment_status":"closed","ping_status":"closed","sticky":false,"template":"","format":"standard","meta":{"footnotes":""},"categories":[14,17,29],"tags":[388,3866,18236,3599],"class_list":{"0":"post-164646","1":"post","2":"type-post","3":"status-publish","4":"format-standard","5":"has-post-thumbnail","7":"category-aktualno","8":"category-celjsko","9":"category-kronika","10":"tag-kazenska-ovadba","11":"tag-preiskava","12":"tag-vodovod-zalec","13":"tag-zastrupitev"},"yoast_head":"<!-- This site is optimized with the Yoast SEO plugin v27.4 - https:\/\/yoast.com\/product\/yoast-seo-wordpress\/ -->\n<title>CELJE \u017dALEC Kon\u010dana preiskava o onesna\u017eenju vodovoda - Novice.si<\/title>\n<meta name=\"robots\" content=\"index, follow, max-snippet:-1, max-image-preview:large, max-video-preview:-1\" \/>\n<link rel=\"canonical\" href=\"https:\/\/novice.si\/page\/celje-zalec-koncana-preiskava-o-onesnazenju-vodovoda\/\" \/>\n<meta property=\"og:locale\" content=\"sl_SI\" \/>\n<meta property=\"og:type\" content=\"article\" \/>\n<meta property=\"og:title\" content=\"CELJE \u017dALEC Kon\u010dana preiskava o onesna\u017eenju vodovoda - Novice.si\" \/>\n<meta property=\"og:description\" content=\"Celjski kriminalisti so zaradi povzro\u010ditve splo\u0161ne nevarnosti iz malomarnosti kazensko ovadili 59-letnika, zaradi opustitve dol\u017enega nadzorstva nad zakonitostjo ravnanja pa \u0161e 53-letno osebo. Obe sta iz \u017ealskega komunalnega podjetja in naj bi bili odgovorni, da se je lansko jesen z opore\u010dno vodo zastrupilo okoli 500 ob\u010danov, vsak peti je iskal zdravni\u0161ko pomo\u010d v urgentnem centru, [&hellip;]\" \/>\n<meta property=\"og:url\" content=\"https:\/\/novice.si\/page\/celje-zalec-koncana-preiskava-o-onesnazenju-vodovoda\/\" \/>\n<meta property=\"og:site_name\" content=\"Novice.si\" \/>\n<meta property=\"article:published_time\" content=\"2023-07-05T05:56:48+00:00\" \/>\n<meta property=\"og:image\" content=\"https:\/\/novice.si\/page\/wp-content\/uploads\/2022\/11\/Vodarna-4_resize.jpeg\" \/>\n\t<meta property=\"og:image:width\" content=\"933\" \/>\n\t<meta property=\"og:image:height\" content=\"700\" \/>\n\t<meta property=\"og:image:type\" content=\"image\/jpeg\" \/>\n<meta name=\"author\" content=\"Uredni\u0161tvo Celjana\" \/>\n<meta name=\"twitter:card\" content=\"summary_large_image\" \/>\n<meta name=\"twitter:label1\" content=\"Written by\" \/>\n\t<meta name=\"twitter:data1\" content=\"Uredni\u0161tvo Celjana\" \/>\n\t<meta name=\"twitter:label2\" content=\"Est. reading time\" \/>\n\t<meta name=\"twitter:data2\" content=\"1 minuta\" \/>\n<script type=\"application\/ld+json\" class=\"yoast-schema-graph\">{\"@context\":\"https:\\\/\\\/schema.org\",\"@graph\":[{\"@type\":\"Article\",\"@id\":\"https:\\\/\\\/novice.si\\\/page\\\/celje-zalec-koncana-preiskava-o-onesnazenju-vodovoda\\\/#article\",\"isPartOf\":{\"@id\":\"https:\\\/\\\/novice.si\\\/page\\\/celje-zalec-koncana-preiskava-o-onesnazenju-vodovoda\\\/\"},\"author\":{\"name\":\"Uredni\u0161tvo Celjana\",\"@id\":\"https:\\\/\\\/novice.si\\\/page\\\/#\\\/schema\\\/person\\\/57f25c9642a9541c7349c65d32032c3e\"},\"headline\":\"CELJE \u017dALEC Kon\u010dana preiskava o onesna\u017eenju vodovoda\",\"datePublished\":\"2023-07-05T05:56:48+00:00\",\"mainEntityOfPage\":{\"@id\":\"https:\\\/\\\/novice.si\\\/page\\\/celje-zalec-koncana-preiskava-o-onesnazenju-vodovoda\\\/\"},\"wordCount\":99,\"publisher\":{\"@id\":\"https:\\\/\\\/novice.si\\\/page\\\/#organization\"},\"image\":{\"@id\":\"https:\\\/\\\/novice.si\\\/page\\\/celje-zalec-koncana-preiskava-o-onesnazenju-vodovoda\\\/#primaryimage\"},\"thumbnailUrl\":\"https:\\\/\\\/novice.si\\\/page\\\/wp-content\\\/uploads\\\/2022\\\/11\\\/Vodarna-4_resize.jpeg\",\"keywords\":[\"kazenska ovadba\",\"preiskava\",\"vodovod \u017ealec\",\"zastrupitev\"],\"articleSection\":[\"Aktualno\",\"Celjsko\",\"Kronika\"],\"inLanguage\":\"sl-SI\"},{\"@type\":\"WebPage\",\"@id\":\"https:\\\/\\\/novice.si\\\/page\\\/celje-zalec-koncana-preiskava-o-onesnazenju-vodovoda\\\/\",\"url\":\"https:\\\/\\\/novice.si\\\/page\\\/celje-zalec-koncana-preiskava-o-onesnazenju-vodovoda\\\/\",\"name\":\"CELJE \u017dALEC Kon\u010dana preiskava o onesna\u017eenju vodovoda - Novice.si\",\"isPartOf\":{\"@id\":\"https:\\\/\\\/novice.si\\\/page\\\/#website\"},\"primaryImageOfPage\":{\"@id\":\"https:\\\/\\\/novice.si\\\/page\\\/celje-zalec-koncana-preiskava-o-onesnazenju-vodovoda\\\/#primaryimage\"},\"image\":{\"@id\":\"https:\\\/\\\/novice.si\\\/page\\\/celje-zalec-koncana-preiskava-o-onesnazenju-vodovoda\\\/#primaryimage\"},\"thumbnailUrl\":\"https:\\\/\\\/novice.si\\\/page\\\/wp-content\\\/uploads\\\/2022\\\/11\\\/Vodarna-4_resize.jpeg\",\"datePublished\":\"2023-07-05T05:56:48+00:00\",\"breadcrumb\":{\"@id\":\"https:\\\/\\\/novice.si\\\/page\\\/celje-zalec-koncana-preiskava-o-onesnazenju-vodovoda\\\/#breadcrumb\"},\"inLanguage\":\"sl-SI\",\"potentialAction\":[{\"@type\":\"ReadAction\",\"target\":[\"https:\\\/\\\/novice.si\\\/page\\\/celje-zalec-koncana-preiskava-o-onesnazenju-vodovoda\\\/\"]}]},{\"@type\":\"ImageObject\",\"inLanguage\":\"sl-SI\",\"@id\":\"https:\\\/\\\/novice.si\\\/page\\\/celje-zalec-koncana-preiskava-o-onesnazenju-vodovoda\\\/#primaryimage\",\"url\":\"https:\\\/\\\/novice.si\\\/page\\\/wp-content\\\/uploads\\\/2022\\\/11\\\/Vodarna-4_resize.jpeg\",\"contentUrl\":\"https:\\\/\\\/novice.si\\\/page\\\/wp-content\\\/uploads\\\/2022\\\/11\\\/Vodarna-4_resize.jpeg\",\"width\":933,\"height\":700,\"caption\":\"V u\u010dnem centru obiskovalcu predstavijo tehnologijo priprave vode. Med drugim predstavijo tudi kaj se dogaja pod zemljo - kak\u0161ne so cevi, vodovodni priklju\u010dki, kako so speljani tranzitni vodi \u2026\"},{\"@type\":\"BreadcrumbList\",\"@id\":\"https:\\\/\\\/novice.si\\\/page\\\/celje-zalec-koncana-preiskava-o-onesnazenju-vodovoda\\\/#breadcrumb\",\"itemListElement\":[{\"@type\":\"ListItem\",\"position\":1,\"name\":\"Home\",\"item\":\"https:\\\/\\\/novice.si\\\/page\\\/\"},{\"@type\":\"ListItem\",\"position\":2,\"name\":\"CELJE \u017dALEC Kon\u010dana preiskava o onesna\u017eenju vodovoda\"}]},{\"@type\":\"WebSite\",\"@id\":\"https:\\\/\\\/novice.si\\\/page\\\/#website\",\"url\":\"https:\\\/\\\/novice.si\\\/page\\\/\",\"name\":\"Novice.si\",\"description\":\"\",\"publisher\":{\"@id\":\"https:\\\/\\\/novice.si\\\/page\\\/#organization\"},\"potentialAction\":[{\"@type\":\"SearchAction\",\"target\":{\"@type\":\"EntryPoint\",\"urlTemplate\":\"https:\\\/\\\/novice.si\\\/page\\\/?s={search_term_string}\"},\"query-input\":{\"@type\":\"PropertyValueSpecification\",\"valueRequired\":true,\"valueName\":\"search_term_string\"}}],\"inLanguage\":\"sl-SI\"},{\"@type\":\"Organization\",\"@id\":\"https:\\\/\\\/novice.si\\\/page\\\/#organization\",\"name\":\"Novice.si\",\"url\":\"https:\\\/\\\/novice.si\\\/page\\\/\",\"logo\":{\"@type\":\"ImageObject\",\"inLanguage\":\"sl-SI\",\"@id\":\"https:\\\/\\\/novice.si\\\/page\\\/#\\\/schema\\\/logo\\\/image\\\/\",\"url\":\"https:\\\/\\\/novice.si\\\/page\\\/wp-content\\\/uploads\\\/2023\\\/03\\\/novice_si.png\",\"contentUrl\":\"https:\\\/\\\/novice.si\\\/page\\\/wp-content\\\/uploads\\\/2023\\\/03\\\/novice_si.png\",\"width\":576,\"height\":200,\"caption\":\"Novice.si\"},\"image\":{\"@id\":\"https:\\\/\\\/novice.si\\\/page\\\/#\\\/schema\\\/logo\\\/image\\\/\"}},{\"@type\":\"Person\",\"@id\":\"https:\\\/\\\/novice.si\\\/page\\\/#\\\/schema\\\/person\\\/57f25c9642a9541c7349c65d32032c3e\",\"name\":\"Uredni\u0161tvo Celjana\",\"image\":{\"@type\":\"ImageObject\",\"inLanguage\":\"sl-SI\",\"@id\":\"https:\\\/\\\/secure.gravatar.com\\\/avatar\\\/78e52bc4279b65f6df6345e0ef0f7b792d361361f230cf4ffecfe0afe6d5629c?s=96&d=mm&r=g\",\"url\":\"https:\\\/\\\/secure.gravatar.com\\\/avatar\\\/78e52bc4279b65f6df6345e0ef0f7b792d361361f230cf4ffecfe0afe6d5629c?s=96&d=mm&r=g\",\"contentUrl\":\"https:\\\/\\\/secure.gravatar.com\\\/avatar\\\/78e52bc4279b65f6df6345e0ef0f7b792d361361f230cf4ffecfe0afe6d5629c?s=96&d=mm&r=g\",\"caption\":\"Uredni\u0161tvo Celjana\"},\"url\":\"https:\\\/\\\/novice.si\\\/page\\\/author\\\/primoz\\\/\"}]}<\/script>\n<!-- \/ Yoast SEO plugin. -->","yoast_head_json":{"title":"CELJE \u017dALEC Kon\u010dana preiskava o onesna\u017eenju vodovoda - Novice.si","robots":{"index":"index","follow":"follow","max-snippet":"max-snippet:-1","max-image-preview":"max-image-preview:large","max-video-preview":"max-video-preview:-1"},"canonical":"https:\/\/novice.si\/page\/celje-zalec-koncana-preiskava-o-onesnazenju-vodovoda\/","og_locale":"sl_SI","og_type":"article","og_title":"CELJE \u017dALEC Kon\u010dana preiskava o onesna\u017eenju vodovoda - Novice.si","og_description":"Celjski kriminalisti so zaradi povzro\u010ditve splo\u0161ne nevarnosti iz malomarnosti kazensko ovadili 59-letnika, zaradi opustitve dol\u017enega nadzorstva nad zakonitostjo ravnanja pa \u0161e 53-letno osebo. Obe sta iz \u017ealskega komunalnega podjetja in naj bi bili odgovorni, da se je lansko jesen z opore\u010dno vodo zastrupilo okoli 500 ob\u010danov, vsak peti je iskal zdravni\u0161ko pomo\u010d v urgentnem centru, [&hellip;]","og_url":"https:\/\/novice.si\/page\/celje-zalec-koncana-preiskava-o-onesnazenju-vodovoda\/","og_site_name":"Novice.si","article_published_time":"2023-07-05T05:56:48+00:00","og_image":[{"width":933,"height":700,"url":"https:\/\/novice.si\/page\/wp-content\/uploads\/2022\/11\/Vodarna-4_resize.jpeg","type":"image\/jpeg"}],"author":"Uredni\u0161tvo Celjana","twitter_card":"summary_large_image","twitter_misc":{"Written by":"Uredni\u0161tvo Celjana","Est. reading time":"1 minuta"},"schema":{"@context":"https:\/\/schema.org","@graph":[{"@type":"Article","@id":"https:\/\/novice.si\/page\/celje-zalec-koncana-preiskava-o-onesnazenju-vodovoda\/#article","isPartOf":{"@id":"https:\/\/novice.si\/page\/celje-zalec-koncana-preiskava-o-onesnazenju-vodovoda\/"},"author":{"name":"Uredni\u0161tvo Celjana","@id":"https:\/\/novice.si\/page\/#\/schema\/person\/57f25c9642a9541c7349c65d32032c3e"},"headline":"CELJE \u017dALEC Kon\u010dana preiskava o onesna\u017eenju vodovoda","datePublished":"2023-07-05T05:56:48+00:00","mainEntityOfPage":{"@id":"https:\/\/novice.si\/page\/celje-zalec-koncana-preiskava-o-onesnazenju-vodovoda\/"},"wordCount":99,"publisher":{"@id":"https:\/\/novice.si\/page\/#organization"},"image":{"@id":"https:\/\/novice.si\/page\/celje-zalec-koncana-preiskava-o-onesnazenju-vodovoda\/#primaryimage"},"thumbnailUrl":"https:\/\/novice.si\/page\/wp-content\/uploads\/2022\/11\/Vodarna-4_resize.jpeg","keywords":["kazenska ovadba","preiskava","vodovod \u017ealec","zastrupitev"],"articleSection":["Aktualno","Celjsko","Kronika"],"inLanguage":"sl-SI"},{"@type":"WebPage","@id":"https:\/\/novice.si\/page\/celje-zalec-koncana-preiskava-o-onesnazenju-vodovoda\/","url":"https:\/\/novice.si\/page\/celje-zalec-koncana-preiskava-o-onesnazenju-vodovoda\/","name":"CELJE \u017dALEC Kon\u010dana preiskava o onesna\u017eenju vodovoda - Novice.si","isPartOf":{"@id":"https:\/\/novice.si\/page\/#website"},"primaryImageOfPage":{"@id":"https:\/\/novice.si\/page\/celje-zalec-koncana-preiskava-o-onesnazenju-vodovoda\/#primaryimage"},"image":{"@id":"https:\/\/novice.si\/page\/celje-zalec-koncana-preiskava-o-onesnazenju-vodovoda\/#primaryimage"},"thumbnailUrl":"https:\/\/novice.si\/page\/wp-content\/uploads\/2022\/11\/Vodarna-4_resize.jpeg","datePublished":"2023-07-05T05:56:48+00:00","breadcrumb":{"@id":"https:\/\/novice.si\/page\/celje-zalec-koncana-preiskava-o-onesnazenju-vodovoda\/#breadcrumb"},"inLanguage":"sl-SI","potentialAction":[{"@type":"ReadAction","target":["https:\/\/novice.si\/page\/celje-zalec-koncana-preiskava-o-onesnazenju-vodovoda\/"]}]},{"@type":"ImageObject","inLanguage":"sl-SI","@id":"https:\/\/novice.si\/page\/celje-zalec-koncana-preiskava-o-onesnazenju-vodovoda\/#primaryimage","url":"https:\/\/novice.si\/page\/wp-content\/uploads\/2022\/11\/Vodarna-4_resize.jpeg","contentUrl":"https:\/\/novice.si\/page\/wp-content\/uploads\/2022\/11\/Vodarna-4_resize.jpeg","width":933,"height":700,"caption":"V u\u010dnem centru obiskovalcu predstavijo tehnologijo priprave vode. Med drugim predstavijo tudi kaj se dogaja pod zemljo - kak\u0161ne so cevi, vodovodni priklju\u010dki, kako so speljani tranzitni vodi \u2026"},{"@type":"BreadcrumbList","@id":"https:\/\/novice.si\/page\/celje-zalec-koncana-preiskava-o-onesnazenju-vodovoda\/#breadcrumb","itemListElement":[{"@type":"ListItem","position":1,"name":"Home","item":"https:\/\/novice.si\/page\/"},{"@type":"ListItem","position":2,"name":"CELJE \u017dALEC Kon\u010dana preiskava o onesna\u017eenju vodovoda"}]},{"@type":"WebSite","@id":"https:\/\/novice.si\/page\/#website","url":"https:\/\/novice.si\/page\/","name":"Novice.si","description":"","publisher":{"@id":"https:\/\/novice.si\/page\/#organization"},"potentialAction":[{"@type":"SearchAction","target":{"@type":"EntryPoint","urlTemplate":"https:\/\/novice.si\/page\/?s={search_term_string}"},"query-input":{"@type":"PropertyValueSpecification","valueRequired":true,"valueName":"search_term_string"}}],"inLanguage":"sl-SI"},{"@type":"Organization","@id":"https:\/\/novice.si\/page\/#organization","name":"Novice.si","url":"https:\/\/novice.si\/page\/","logo":{"@type":"ImageObject","inLanguage":"sl-SI","@id":"https:\/\/novice.si\/page\/#\/schema\/logo\/image\/","url":"https:\/\/novice.si\/page\/wp-content\/uploads\/2023\/03\/novice_si.png","contentUrl":"https:\/\/novice.si\/page\/wp-content\/uploads\/2023\/03\/novice_si.png","width":576,"height":200,"caption":"Novice.si"},"image":{"@id":"https:\/\/novice.si\/page\/#\/schema\/logo\/image\/"}},{"@type":"Person","@id":"https:\/\/novice.si\/page\/#\/schema\/person\/57f25c9642a9541c7349c65d32032c3e","name":"Uredni\u0161tvo Celjana","image":{"@type":"ImageObject","inLanguage":"sl-SI","@id":"https:\/\/secure.gravatar.com\/avatar\/78e52bc4279b65f6df6345e0ef0f7b792d361361f230cf4ffecfe0afe6d5629c?s=96&d=mm&r=g","url":"https:\/\/secure.gravatar.com\/avatar\/78e52bc4279b65f6df6345e0ef0f7b792d361361f230cf4ffecfe0afe6d5629c?s=96&d=mm&r=g","contentUrl":"https:\/\/secure.gravatar.com\/avatar\/78e52bc4279b65f6df6345e0ef0f7b792d361361f230cf4ffecfe0afe6d5629c?s=96&d=mm&r=g","caption":"Uredni\u0161tvo Celjana"},"url":"https:\/\/novice.si\/page\/author\/primoz\/"}]}},"_links":{"self":[{"href":"https:\/\/novice.si\/page\/wp-json\/wp\/v2\/posts\/164646","targetHints":{"allow":["GET"]}}],"collection":[{"href":"https:\/\/novice.si\/page\/wp-json\/wp\/v2\/posts"}],"about":[{"href":"https:\/\/novice.si\/page\/wp-json\/wp\/v2\/types\/post"}],"author":[{"embeddable":true,"href":"https:\/\/novice.si\/page\/wp-json\/wp\/v2\/users\/33"}],"replies":[{"embeddable":true,"href":"https:\/\/novice.si\/page\/wp-json\/wp\/v2\/comments?post=164646"}],"version-history":[{"count":1,"href":"https:\/\/novice.si\/page\/wp-json\/wp\/v2\/posts\/164646\/revisions"}],"predecessor-version":[{"id":164647,"href":"https:\/\/novice.si\/page\/wp-json\/wp\/v2\/posts\/164646\/revisions\/164647"}],"wp:featuredmedia":[{"embeddable":true,"href":"https:\/\/novice.si\/page\/wp-json\/wp\/v2\/media\/156423"}],"wp:attachment":[{"href":"https:\/\/novice.si\/page\/wp-json\/wp\/v2\/media?parent=164646"}],"wp:term":[{"taxonomy":"category","embeddable":true,"href":"https:\/\/novice.si\/page\/wp-json\/wp\/v2\/categories?post=164646"},{"taxonomy":"post_tag","embeddable":true,"href":"https:\/\/novice.si\/page\/wp-json\/wp\/v2\/tags?post=164646"}],"curies":[{"name":"wp","href":"https:\/\/api.w.org\/{rel}","templated":true}]}}