{"id":164639,"date":"2023-07-05T04:54:39","date_gmt":"2023-07-05T02:54:39","guid":{"rendered":"https:\/\/novice.si\/page\/?p=164639"},"modified":"2023-07-05T04:55:24","modified_gmt":"2023-07-05T02:55:24","slug":"v-smarju-pri-jelsah-predali-kljuce-novozgrajenih-oskrbovanih-stanovanj","status":"publish","type":"post","link":"https:\/\/novice.si\/page\/v-smarju-pri-jelsah-predali-kljuce-novozgrajenih-oskrbovanih-stanovanj\/","title":{"rendered":"V \u0160marju pri Jel\u0161ah predali klju\u010de novozgrajenih oskrbovanih stanovanj"},"content":{"rendered":"<p><strong>V \u0160marju pri Jel\u0161ah so namenu predali novozgrajena oskrbovana stanovanja.<\/strong><\/p>\n<p><img loading=\"lazy\" decoding=\"async\" class=\"wp-image-164642 alignleft\" src=\"https:\/\/novice.si\/page\/wp-content\/uploads\/2023\/07\/23536X9159-600x400.jpg\" alt=\"\" width=\"224\" height=\"149\" srcset=\"https:\/\/novice.si\/page\/wp-content\/uploads\/2023\/07\/23536X9159-600x400.jpg 600w, https:\/\/novice.si\/page\/wp-content\/uploads\/2023\/07\/23536X9159-1024x682.jpg 1024w, https:\/\/novice.si\/page\/wp-content\/uploads\/2023\/07\/23536X9159-768x511.jpg 768w, https:\/\/novice.si\/page\/wp-content\/uploads\/2023\/07\/23536X9159-1536x1023.jpg 1536w, https:\/\/novice.si\/page\/wp-content\/uploads\/2023\/07\/23536X9159-2048x1364.jpg 2048w, https:\/\/novice.si\/page\/wp-content\/uploads\/2023\/07\/23536X9159-696x464.jpg 696w, https:\/\/novice.si\/page\/wp-content\/uploads\/2023\/07\/23536X9159-1068x711.jpg 1068w, https:\/\/novice.si\/page\/wp-content\/uploads\/2023\/07\/23536X9159-631x420.jpg 631w, https:\/\/novice.si\/page\/wp-content\/uploads\/2023\/07\/23536X9159-24x16.jpg 24w, https:\/\/novice.si\/page\/wp-content\/uploads\/2023\/07\/23536X9159-36x24.jpg 36w, https:\/\/novice.si\/page\/wp-content\/uploads\/2023\/07\/23536X9159-48x32.jpg 48w\" sizes=\"auto, (max-width: 224px) 100vw, 224px\" \/>V \u0160marju pri Jel\u0161ah so kon\u010dali\u00a0 gradnjo dveh objektov s skupno 30 novimi javnimi najemnimi oskrbovanimi stanovanji. Stanovanja sta na torkovi slovesni otvoritvi v uporabo predala direktor stanovanjskega sklada <strong>\u010crtomir Remec<\/strong> in \u017eupan ob\u010dine \u0160marje pri Jel\u0161ah <strong>Matija \u010cak\u0161<\/strong>.<br \/>\nSkupna vrednost nalo\u017ebe zna\u0161a 3,3 milijona evrov,\u00a01,4 milijona je sofinanciral Stanovanjski sklad. Ministrstvo za okolje in prostor je prispevalo 777 tiso\u010d eur, Eko sklad pa \u0161e 257 tiso\u010d.<br \/>\nVe\u010d in podrobneje pa v novih Roga\u0161kih novicah!<\/p>\n\r\n                <style type=\"text\/css\">\r\n                    \r\n                    #tdi_1  .td-doubleSlider-2 .td-item1 {\r\n                        background: url(https:\/\/novice.si\/page\/wp-content\/uploads\/2023\/07\/23536X9159-80x60.jpg) 0 0 no-repeat;\r\n                    }\r\n                    #tdi_1  .td-doubleSlider-2 .td-item2 {\r\n                        background: url(https:\/\/novice.si\/page\/wp-content\/uploads\/2023\/07\/23536X9097-80x60.jpg) 0 0 no-repeat;\r\n                    }\r\n                    #tdi_1  .td-doubleSlider-2 .td-item3 {\r\n                        background: url(https:\/\/novice.si\/page\/wp-content\/uploads\/2023\/07\/23536X9110-80x60.jpg) 0 0 no-repeat;\r\n                    }\r\n                <\/style>\r\n\r\n                <div id=\"tdi_1\" class=\"td-gallery td-slide-on-2-columns\">\r\n                    <div class=\"post_td_gallery\">\r\n                        <div class=\"td-gallery-slide-top\">\r\n                           <div class=\"td-gallery-title\"><\/div>\r\n\r\n                            <div class=\"td-gallery-controls-wrapper\">\r\n                                <div class=\"td-gallery-slide-count\"><span class=\"td-gallery-slide-item-focus\">1<\/span> od 3<\/div>\r\n                                <div class=\"td-gallery-slide-prev-next-but\">\r\n                                    <i class = \"td-icon-left doubleSliderPrevButton\"><\/i>\r\n                                    <i class = \"td-icon-right doubleSliderNextButton\"><\/i>\r\n                                <\/div>\r\n                            <\/div>\r\n                        <\/div>\r\n\r\n                        <div class = \"td-doubleSlider-1 \">\r\n                            <div class = \"td-slider\">\r\n                                \r\n                    <div class = \"td-slide-item td-item1\">\r\n                        <figure class=\"td-slide-galery-figure td-slide-popup-gallery\">\r\n                            <a class=\"slide-gallery-image-link\" href=\"https:\/\/novice.si\/page\/wp-content\/uploads\/2023\/07\/23536X9159-scaled.jpg\" title=\"23536X9159\"  data-caption=\"\"  data-description=\"\" data-gallery>\r\n                                <img decoding=\"async\" src=\"https:\/\/novice.si\/page\/wp-content\/uploads\/2023\/07\/23536X9159-631x420.jpg\" srcset=\"https:\/\/novice.si\/page\/wp-content\/uploads\/2023\/07\/23536X9159-631x420.jpg 631w, https:\/\/novice.si\/page\/wp-content\/uploads\/2023\/07\/23536X9159-600x400.jpg 600w, https:\/\/novice.si\/page\/wp-content\/uploads\/2023\/07\/23536X9159-1024x682.jpg 1024w, https:\/\/novice.si\/page\/wp-content\/uploads\/2023\/07\/23536X9159-768x511.jpg 768w, https:\/\/novice.si\/page\/wp-content\/uploads\/2023\/07\/23536X9159-1536x1023.jpg 1536w, https:\/\/novice.si\/page\/wp-content\/uploads\/2023\/07\/23536X9159-2048x1364.jpg 2048w, https:\/\/novice.si\/page\/wp-content\/uploads\/2023\/07\/23536X9159-696x464.jpg 696w, https:\/\/novice.si\/page\/wp-content\/uploads\/2023\/07\/23536X9159-1068x711.jpg 1068w, https:\/\/novice.si\/page\/wp-content\/uploads\/2023\/07\/23536X9159-24x16.jpg 24w, https:\/\/novice.si\/page\/wp-content\/uploads\/2023\/07\/23536X9159-36x24.jpg 36w, https:\/\/novice.si\/page\/wp-content\/uploads\/2023\/07\/23536X9159-48x32.jpg 48w\" sizes=\"(max-width: 631px) 100vw, 631px\" alt=\"\">\r\n                            <\/a>\r\n                            \r\n                        <\/figure>\r\n                    <\/div>\r\n                    <div class = \"td-slide-item td-item2\">\r\n                        <figure class=\"td-slide-galery-figure td-slide-popup-gallery\">\r\n                            <a class=\"slide-gallery-image-link\" href=\"https:\/\/novice.si\/page\/wp-content\/uploads\/2023\/07\/23536X9097-scaled.jpg\" title=\"23536X9097\"  data-caption=\"\"  data-description=\"\" data-gallery>\r\n                                <img decoding=\"async\" src=\"https:\/\/novice.si\/page\/wp-content\/uploads\/2023\/07\/23536X9097-631x420.jpg\" srcset=\"https:\/\/novice.si\/page\/wp-content\/uploads\/2023\/07\/23536X9097-631x420.jpg 631w, https:\/\/novice.si\/page\/wp-content\/uploads\/2023\/07\/23536X9097-600x400.jpg 600w, https:\/\/novice.si\/page\/wp-content\/uploads\/2023\/07\/23536X9097-1024x682.jpg 1024w, https:\/\/novice.si\/page\/wp-content\/uploads\/2023\/07\/23536X9097-768x511.jpg 768w, https:\/\/novice.si\/page\/wp-content\/uploads\/2023\/07\/23536X9097-1536x1023.jpg 1536w, https:\/\/novice.si\/page\/wp-content\/uploads\/2023\/07\/23536X9097-2048x1364.jpg 2048w, https:\/\/novice.si\/page\/wp-content\/uploads\/2023\/07\/23536X9097-696x464.jpg 696w, https:\/\/novice.si\/page\/wp-content\/uploads\/2023\/07\/23536X9097-1068x711.jpg 1068w, https:\/\/novice.si\/page\/wp-content\/uploads\/2023\/07\/23536X9097-24x16.jpg 24w, https:\/\/novice.si\/page\/wp-content\/uploads\/2023\/07\/23536X9097-36x24.jpg 36w, https:\/\/novice.si\/page\/wp-content\/uploads\/2023\/07\/23536X9097-48x32.jpg 48w\" sizes=\"(max-width: 631px) 100vw, 631px\" alt=\"\">\r\n                            <\/a>\r\n                            \r\n                        <\/figure>\r\n                    <\/div>\r\n                    <div class = \"td-slide-item td-item3\">\r\n                        <figure class=\"td-slide-galery-figure td-slide-popup-gallery\">\r\n                            <a class=\"slide-gallery-image-link\" href=\"https:\/\/novice.si\/page\/wp-content\/uploads\/2023\/07\/23536X9110-scaled.jpg\" title=\"23536X9110\"  data-caption=\"\"  data-description=\"\" data-gallery>\r\n                                <img decoding=\"async\" src=\"https:\/\/novice.si\/page\/wp-content\/uploads\/2023\/07\/23536X9110-631x420.jpg\" srcset=\"https:\/\/novice.si\/page\/wp-content\/uploads\/2023\/07\/23536X9110-631x420.jpg 631w, https:\/\/novice.si\/page\/wp-content\/uploads\/2023\/07\/23536X9110-600x400.jpg 600w, https:\/\/novice.si\/page\/wp-content\/uploads\/2023\/07\/23536X9110-1024x682.jpg 1024w, https:\/\/novice.si\/page\/wp-content\/uploads\/2023\/07\/23536X9110-768x511.jpg 768w, https:\/\/novice.si\/page\/wp-content\/uploads\/2023\/07\/23536X9110-1536x1023.jpg 1536w, https:\/\/novice.si\/page\/wp-content\/uploads\/2023\/07\/23536X9110-2048x1364.jpg 2048w, https:\/\/novice.si\/page\/wp-content\/uploads\/2023\/07\/23536X9110-696x464.jpg 696w, https:\/\/novice.si\/page\/wp-content\/uploads\/2023\/07\/23536X9110-1068x711.jpg 1068w, https:\/\/novice.si\/page\/wp-content\/uploads\/2023\/07\/23536X9110-24x16.jpg 24w, https:\/\/novice.si\/page\/wp-content\/uploads\/2023\/07\/23536X9110-36x24.jpg 36w, https:\/\/novice.si\/page\/wp-content\/uploads\/2023\/07\/23536X9110-48x32.jpg 48w\" sizes=\"(max-width: 631px) 100vw, 631px\" alt=\"\">\r\n                            <\/a>\r\n                            \r\n                        <\/figure>\r\n                    <\/div>\r\n                            <\/div>\r\n                        <\/div>\r\n\r\n                        <div class = \"td-doubleSlider-2\">\r\n                            <div class = \"td-slider\">\r\n                                \r\n                    <div class = \"td-button td-item1\">\r\n                        <div class = \"td-border\"><\/div>\r\n                    <\/div>\r\n                    <div class = \"td-button td-item2\">\r\n                        <div class = \"td-border\"><\/div>\r\n                    <\/div>\r\n                    <div class = \"td-button td-item3\">\r\n                        <div class = \"td-border\"><\/div>\r\n                    <\/div>\r\n                            <\/div>\r\n                        <\/div>\r\n\r\n                    <\/div>\r\n\r\n                <\/div>\r\n                \n","protected":false},"excerpt":{"rendered":"<p>V \u0160marju pri Jel\u0161ah so namenu predali novozgrajena oskrbovana stanovanja. V \u0160marju pri Jel\u0161ah so kon\u010dali\u00a0 gradnjo dveh objektov s skupno 30 novimi javnimi najemnimi oskrbovanimi stanovanji. Stanovanja sta na torkovi slovesni otvoritvi v uporabo predala direktor stanovanjskega sklada \u010crtomir Remec in \u017eupan ob\u010dine \u0160marje pri Jel\u0161ah Matija \u010cak\u0161. Skupna vrednost nalo\u017ebe zna\u0161a 3,3 milijona [&hellip;]<\/p>\n","protected":false},"author":12,"featured_media":164642,"comment_status":"closed","ping_status":"closed","sticky":false,"template":"","format":"standard","meta":{"footnotes":""},"categories":[14,868,38,141,3108,5406],"tags":[15515,487,9917],"class_list":{"0":"post-164639","1":"post","2":"type-post","3":"status-publish","4":"format-standard","5":"has-post-thumbnail","7":"category-aktualno","8":"category-casopisi","9":"category-kozjansko","10":"category-novice","11":"category-radio-rogla","12":"category-rogaske-novice","13":"tag-oskrbovana-stanovanja","14":"tag-smarje-pri-jelsah","15":"tag-stanovanjski-sklad"},"yoast_head":"<!-- This site is optimized with the Yoast SEO plugin v27.4 - https:\/\/yoast.com\/product\/yoast-seo-wordpress\/ -->\n<title>V \u0160marju pri Jel\u0161ah predali klju\u010de novozgrajenih oskrbovanih stanovanj - Novice.si<\/title>\n<meta name=\"robots\" content=\"index, follow, max-snippet:-1, max-image-preview:large, max-video-preview:-1\" \/>\n<link rel=\"canonical\" href=\"https:\/\/novice.si\/page\/v-smarju-pri-jelsah-predali-kljuce-novozgrajenih-oskrbovanih-stanovanj\/\" \/>\n<meta property=\"og:locale\" content=\"sl_SI\" \/>\n<meta property=\"og:type\" content=\"article\" \/>\n<meta property=\"og:title\" content=\"V \u0160marju pri Jel\u0161ah predali klju\u010de novozgrajenih oskrbovanih stanovanj - Novice.si\" \/>\n<meta property=\"og:description\" content=\"V \u0160marju pri Jel\u0161ah so namenu predali novozgrajena oskrbovana stanovanja. V \u0160marju pri Jel\u0161ah so kon\u010dali\u00a0 gradnjo dveh objektov s skupno 30 novimi javnimi najemnimi oskrbovanimi stanovanji. Stanovanja sta na torkovi slovesni otvoritvi v uporabo predala direktor stanovanjskega sklada \u010crtomir Remec in \u017eupan ob\u010dine \u0160marje pri Jel\u0161ah Matija \u010cak\u0161. Skupna vrednost nalo\u017ebe zna\u0161a 3,3 milijona [&hellip;]\" \/>\n<meta property=\"og:url\" content=\"https:\/\/novice.si\/page\/v-smarju-pri-jelsah-predali-kljuce-novozgrajenih-oskrbovanih-stanovanj\/\" \/>\n<meta property=\"og:site_name\" content=\"Novice.si\" \/>\n<meta property=\"article:published_time\" content=\"2023-07-05T02:54:39+00:00\" \/>\n<meta property=\"article:modified_time\" content=\"2023-07-05T02:55:24+00:00\" \/>\n<meta property=\"og:image\" content=\"https:\/\/novice.si\/page\/wp-content\/uploads\/2023\/07\/23536X9159-scaled.jpg\" \/>\n\t<meta property=\"og:image:width\" content=\"2560\" \/>\n\t<meta property=\"og:image:height\" content=\"1705\" \/>\n\t<meta property=\"og:image:type\" content=\"image\/jpeg\" \/>\n<meta name=\"author\" content=\"Uredni\u0161tvo Celjana\" \/>\n<meta name=\"twitter:card\" content=\"summary_large_image\" \/>\n<meta name=\"twitter:label1\" content=\"Written by\" \/>\n\t<meta name=\"twitter:data1\" content=\"Uredni\u0161tvo Celjana\" \/>\n\t<meta name=\"twitter:label2\" content=\"Est. reading time\" \/>\n\t<meta name=\"twitter:data2\" content=\"1 minuta\" \/>\n<script type=\"application\/ld+json\" class=\"yoast-schema-graph\">{\"@context\":\"https:\\\/\\\/schema.org\",\"@graph\":[{\"@type\":\"Article\",\"@id\":\"https:\\\/\\\/novice.si\\\/page\\\/v-smarju-pri-jelsah-predali-kljuce-novozgrajenih-oskrbovanih-stanovanj\\\/#article\",\"isPartOf\":{\"@id\":\"https:\\\/\\\/novice.si\\\/page\\\/v-smarju-pri-jelsah-predali-kljuce-novozgrajenih-oskrbovanih-stanovanj\\\/\"},\"author\":{\"name\":\"Uredni\u0161tvo Celjana\",\"@id\":\"https:\\\/\\\/novice.si\\\/page\\\/#\\\/schema\\\/person\\\/51903923b50fefb075bc1cd24fe4d065\"},\"headline\":\"V \u0160marju pri Jel\u0161ah predali klju\u010de novozgrajenih oskrbovanih stanovanj\",\"datePublished\":\"2023-07-05T02:54:39+00:00\",\"dateModified\":\"2023-07-05T02:55:24+00:00\",\"mainEntityOfPage\":{\"@id\":\"https:\\\/\\\/novice.si\\\/page\\\/v-smarju-pri-jelsah-predali-kljuce-novozgrajenih-oskrbovanih-stanovanj\\\/\"},\"wordCount\":109,\"publisher\":{\"@id\":\"https:\\\/\\\/novice.si\\\/page\\\/#organization\"},\"image\":{\"@id\":\"https:\\\/\\\/novice.si\\\/page\\\/v-smarju-pri-jelsah-predali-kljuce-novozgrajenih-oskrbovanih-stanovanj\\\/#primaryimage\"},\"thumbnailUrl\":\"https:\\\/\\\/novice.si\\\/page\\\/wp-content\\\/uploads\\\/2023\\\/07\\\/23536X9159-scaled.jpg\",\"keywords\":[\"oskrbovana stanovanja\",\"\u0160marje pri Jel\u0161ah\",\"Stanovanjski sklad\"],\"articleSection\":[\"Aktualno\",\"\u010casopisi\",\"Kozjansko\",\"Novice\",\"Radio Rogla\",\"Roga\u0161ke novice\"],\"inLanguage\":\"sl-SI\"},{\"@type\":\"WebPage\",\"@id\":\"https:\\\/\\\/novice.si\\\/page\\\/v-smarju-pri-jelsah-predali-kljuce-novozgrajenih-oskrbovanih-stanovanj\\\/\",\"url\":\"https:\\\/\\\/novice.si\\\/page\\\/v-smarju-pri-jelsah-predali-kljuce-novozgrajenih-oskrbovanih-stanovanj\\\/\",\"name\":\"V \u0160marju pri Jel\u0161ah predali klju\u010de novozgrajenih oskrbovanih stanovanj - Novice.si\",\"isPartOf\":{\"@id\":\"https:\\\/\\\/novice.si\\\/page\\\/#website\"},\"primaryImageOfPage\":{\"@id\":\"https:\\\/\\\/novice.si\\\/page\\\/v-smarju-pri-jelsah-predali-kljuce-novozgrajenih-oskrbovanih-stanovanj\\\/#primaryimage\"},\"image\":{\"@id\":\"https:\\\/\\\/novice.si\\\/page\\\/v-smarju-pri-jelsah-predali-kljuce-novozgrajenih-oskrbovanih-stanovanj\\\/#primaryimage\"},\"thumbnailUrl\":\"https:\\\/\\\/novice.si\\\/page\\\/wp-content\\\/uploads\\\/2023\\\/07\\\/23536X9159-scaled.jpg\",\"datePublished\":\"2023-07-05T02:54:39+00:00\",\"dateModified\":\"2023-07-05T02:55:24+00:00\",\"breadcrumb\":{\"@id\":\"https:\\\/\\\/novice.si\\\/page\\\/v-smarju-pri-jelsah-predali-kljuce-novozgrajenih-oskrbovanih-stanovanj\\\/#breadcrumb\"},\"inLanguage\":\"sl-SI\",\"potentialAction\":[{\"@type\":\"ReadAction\",\"target\":[\"https:\\\/\\\/novice.si\\\/page\\\/v-smarju-pri-jelsah-predali-kljuce-novozgrajenih-oskrbovanih-stanovanj\\\/\"]}]},{\"@type\":\"ImageObject\",\"inLanguage\":\"sl-SI\",\"@id\":\"https:\\\/\\\/novice.si\\\/page\\\/v-smarju-pri-jelsah-predali-kljuce-novozgrajenih-oskrbovanih-stanovanj\\\/#primaryimage\",\"url\":\"https:\\\/\\\/novice.si\\\/page\\\/wp-content\\\/uploads\\\/2023\\\/07\\\/23536X9159-scaled.jpg\",\"contentUrl\":\"https:\\\/\\\/novice.si\\\/page\\\/wp-content\\\/uploads\\\/2023\\\/07\\\/23536X9159-scaled.jpg\",\"width\":2560,\"height\":1705},{\"@type\":\"BreadcrumbList\",\"@id\":\"https:\\\/\\\/novice.si\\\/page\\\/v-smarju-pri-jelsah-predali-kljuce-novozgrajenih-oskrbovanih-stanovanj\\\/#breadcrumb\",\"itemListElement\":[{\"@type\":\"ListItem\",\"position\":1,\"name\":\"Home\",\"item\":\"https:\\\/\\\/novice.si\\\/page\\\/\"},{\"@type\":\"ListItem\",\"position\":2,\"name\":\"V \u0160marju pri Jel\u0161ah predali klju\u010de novozgrajenih oskrbovanih stanovanj\"}]},{\"@type\":\"WebSite\",\"@id\":\"https:\\\/\\\/novice.si\\\/page\\\/#website\",\"url\":\"https:\\\/\\\/novice.si\\\/page\\\/\",\"name\":\"Novice.si\",\"description\":\"\",\"publisher\":{\"@id\":\"https:\\\/\\\/novice.si\\\/page\\\/#organization\"},\"potentialAction\":[{\"@type\":\"SearchAction\",\"target\":{\"@type\":\"EntryPoint\",\"urlTemplate\":\"https:\\\/\\\/novice.si\\\/page\\\/?s={search_term_string}\"},\"query-input\":{\"@type\":\"PropertyValueSpecification\",\"valueRequired\":true,\"valueName\":\"search_term_string\"}}],\"inLanguage\":\"sl-SI\"},{\"@type\":\"Organization\",\"@id\":\"https:\\\/\\\/novice.si\\\/page\\\/#organization\",\"name\":\"Novice.si\",\"url\":\"https:\\\/\\\/novice.si\\\/page\\\/\",\"logo\":{\"@type\":\"ImageObject\",\"inLanguage\":\"sl-SI\",\"@id\":\"https:\\\/\\\/novice.si\\\/page\\\/#\\\/schema\\\/logo\\\/image\\\/\",\"url\":\"https:\\\/\\\/novice.si\\\/page\\\/wp-content\\\/uploads\\\/2023\\\/03\\\/novice_si.png\",\"contentUrl\":\"https:\\\/\\\/novice.si\\\/page\\\/wp-content\\\/uploads\\\/2023\\\/03\\\/novice_si.png\",\"width\":576,\"height\":200,\"caption\":\"Novice.si\"},\"image\":{\"@id\":\"https:\\\/\\\/novice.si\\\/page\\\/#\\\/schema\\\/logo\\\/image\\\/\"}},{\"@type\":\"Person\",\"@id\":\"https:\\\/\\\/novice.si\\\/page\\\/#\\\/schema\\\/person\\\/51903923b50fefb075bc1cd24fe4d065\",\"name\":\"Uredni\u0161tvo Celjana\",\"image\":{\"@type\":\"ImageObject\",\"inLanguage\":\"sl-SI\",\"@id\":\"https:\\\/\\\/secure.gravatar.com\\\/avatar\\\/b516f102aa90b53619e09722b8ea56721c99bfcb4f1035f9b333d99f52330226?s=96&d=mm&r=g\",\"url\":\"https:\\\/\\\/secure.gravatar.com\\\/avatar\\\/b516f102aa90b53619e09722b8ea56721c99bfcb4f1035f9b333d99f52330226?s=96&d=mm&r=g\",\"contentUrl\":\"https:\\\/\\\/secure.gravatar.com\\\/avatar\\\/b516f102aa90b53619e09722b8ea56721c99bfcb4f1035f9b333d99f52330226?s=96&d=mm&r=g\",\"caption\":\"Uredni\u0161tvo Celjana\"},\"url\":\"https:\\\/\\\/novice.si\\\/page\\\/author\\\/nejc\\\/\"}]}<\/script>\n<!-- \/ Yoast SEO plugin. -->","yoast_head_json":{"title":"V \u0160marju pri Jel\u0161ah predali klju\u010de novozgrajenih oskrbovanih stanovanj - Novice.si","robots":{"index":"index","follow":"follow","max-snippet":"max-snippet:-1","max-image-preview":"max-image-preview:large","max-video-preview":"max-video-preview:-1"},"canonical":"https:\/\/novice.si\/page\/v-smarju-pri-jelsah-predali-kljuce-novozgrajenih-oskrbovanih-stanovanj\/","og_locale":"sl_SI","og_type":"article","og_title":"V \u0160marju pri Jel\u0161ah predali klju\u010de novozgrajenih oskrbovanih stanovanj - Novice.si","og_description":"V \u0160marju pri Jel\u0161ah so namenu predali novozgrajena oskrbovana stanovanja. V \u0160marju pri Jel\u0161ah so kon\u010dali\u00a0 gradnjo dveh objektov s skupno 30 novimi javnimi najemnimi oskrbovanimi stanovanji. Stanovanja sta na torkovi slovesni otvoritvi v uporabo predala direktor stanovanjskega sklada \u010crtomir Remec in \u017eupan ob\u010dine \u0160marje pri Jel\u0161ah Matija \u010cak\u0161. Skupna vrednost nalo\u017ebe zna\u0161a 3,3 milijona [&hellip;]","og_url":"https:\/\/novice.si\/page\/v-smarju-pri-jelsah-predali-kljuce-novozgrajenih-oskrbovanih-stanovanj\/","og_site_name":"Novice.si","article_published_time":"2023-07-05T02:54:39+00:00","article_modified_time":"2023-07-05T02:55:24+00:00","og_image":[{"width":2560,"height":1705,"url":"https:\/\/novice.si\/page\/wp-content\/uploads\/2023\/07\/23536X9159-scaled.jpg","type":"image\/jpeg"}],"author":"Uredni\u0161tvo Celjana","twitter_card":"summary_large_image","twitter_misc":{"Written by":"Uredni\u0161tvo Celjana","Est. reading time":"1 minuta"},"schema":{"@context":"https:\/\/schema.org","@graph":[{"@type":"Article","@id":"https:\/\/novice.si\/page\/v-smarju-pri-jelsah-predali-kljuce-novozgrajenih-oskrbovanih-stanovanj\/#article","isPartOf":{"@id":"https:\/\/novice.si\/page\/v-smarju-pri-jelsah-predali-kljuce-novozgrajenih-oskrbovanih-stanovanj\/"},"author":{"name":"Uredni\u0161tvo Celjana","@id":"https:\/\/novice.si\/page\/#\/schema\/person\/51903923b50fefb075bc1cd24fe4d065"},"headline":"V \u0160marju pri Jel\u0161ah predali klju\u010de novozgrajenih oskrbovanih stanovanj","datePublished":"2023-07-05T02:54:39+00:00","dateModified":"2023-07-05T02:55:24+00:00","mainEntityOfPage":{"@id":"https:\/\/novice.si\/page\/v-smarju-pri-jelsah-predali-kljuce-novozgrajenih-oskrbovanih-stanovanj\/"},"wordCount":109,"publisher":{"@id":"https:\/\/novice.si\/page\/#organization"},"image":{"@id":"https:\/\/novice.si\/page\/v-smarju-pri-jelsah-predali-kljuce-novozgrajenih-oskrbovanih-stanovanj\/#primaryimage"},"thumbnailUrl":"https:\/\/novice.si\/page\/wp-content\/uploads\/2023\/07\/23536X9159-scaled.jpg","keywords":["oskrbovana stanovanja","\u0160marje pri Jel\u0161ah","Stanovanjski sklad"],"articleSection":["Aktualno","\u010casopisi","Kozjansko","Novice","Radio Rogla","Roga\u0161ke novice"],"inLanguage":"sl-SI"},{"@type":"WebPage","@id":"https:\/\/novice.si\/page\/v-smarju-pri-jelsah-predali-kljuce-novozgrajenih-oskrbovanih-stanovanj\/","url":"https:\/\/novice.si\/page\/v-smarju-pri-jelsah-predali-kljuce-novozgrajenih-oskrbovanih-stanovanj\/","name":"V \u0160marju pri Jel\u0161ah predali klju\u010de novozgrajenih oskrbovanih stanovanj - Novice.si","isPartOf":{"@id":"https:\/\/novice.si\/page\/#website"},"primaryImageOfPage":{"@id":"https:\/\/novice.si\/page\/v-smarju-pri-jelsah-predali-kljuce-novozgrajenih-oskrbovanih-stanovanj\/#primaryimage"},"image":{"@id":"https:\/\/novice.si\/page\/v-smarju-pri-jelsah-predali-kljuce-novozgrajenih-oskrbovanih-stanovanj\/#primaryimage"},"thumbnailUrl":"https:\/\/novice.si\/page\/wp-content\/uploads\/2023\/07\/23536X9159-scaled.jpg","datePublished":"2023-07-05T02:54:39+00:00","dateModified":"2023-07-05T02:55:24+00:00","breadcrumb":{"@id":"https:\/\/novice.si\/page\/v-smarju-pri-jelsah-predali-kljuce-novozgrajenih-oskrbovanih-stanovanj\/#breadcrumb"},"inLanguage":"sl-SI","potentialAction":[{"@type":"ReadAction","target":["https:\/\/novice.si\/page\/v-smarju-pri-jelsah-predali-kljuce-novozgrajenih-oskrbovanih-stanovanj\/"]}]},{"@type":"ImageObject","inLanguage":"sl-SI","@id":"https:\/\/novice.si\/page\/v-smarju-pri-jelsah-predali-kljuce-novozgrajenih-oskrbovanih-stanovanj\/#primaryimage","url":"https:\/\/novice.si\/page\/wp-content\/uploads\/2023\/07\/23536X9159-scaled.jpg","contentUrl":"https:\/\/novice.si\/page\/wp-content\/uploads\/2023\/07\/23536X9159-scaled.jpg","width":2560,"height":1705},{"@type":"BreadcrumbList","@id":"https:\/\/novice.si\/page\/v-smarju-pri-jelsah-predali-kljuce-novozgrajenih-oskrbovanih-stanovanj\/#breadcrumb","itemListElement":[{"@type":"ListItem","position":1,"name":"Home","item":"https:\/\/novice.si\/page\/"},{"@type":"ListItem","position":2,"name":"V \u0160marju pri Jel\u0161ah predali klju\u010de novozgrajenih oskrbovanih stanovanj"}]},{"@type":"WebSite","@id":"https:\/\/novice.si\/page\/#website","url":"https:\/\/novice.si\/page\/","name":"Novice.si","description":"","publisher":{"@id":"https:\/\/novice.si\/page\/#organization"},"potentialAction":[{"@type":"SearchAction","target":{"@type":"EntryPoint","urlTemplate":"https:\/\/novice.si\/page\/?s={search_term_string}"},"query-input":{"@type":"PropertyValueSpecification","valueRequired":true,"valueName":"search_term_string"}}],"inLanguage":"sl-SI"},{"@type":"Organization","@id":"https:\/\/novice.si\/page\/#organization","name":"Novice.si","url":"https:\/\/novice.si\/page\/","logo":{"@type":"ImageObject","inLanguage":"sl-SI","@id":"https:\/\/novice.si\/page\/#\/schema\/logo\/image\/","url":"https:\/\/novice.si\/page\/wp-content\/uploads\/2023\/03\/novice_si.png","contentUrl":"https:\/\/novice.si\/page\/wp-content\/uploads\/2023\/03\/novice_si.png","width":576,"height":200,"caption":"Novice.si"},"image":{"@id":"https:\/\/novice.si\/page\/#\/schema\/logo\/image\/"}},{"@type":"Person","@id":"https:\/\/novice.si\/page\/#\/schema\/person\/51903923b50fefb075bc1cd24fe4d065","name":"Uredni\u0161tvo Celjana","image":{"@type":"ImageObject","inLanguage":"sl-SI","@id":"https:\/\/secure.gravatar.com\/avatar\/b516f102aa90b53619e09722b8ea56721c99bfcb4f1035f9b333d99f52330226?s=96&d=mm&r=g","url":"https:\/\/secure.gravatar.com\/avatar\/b516f102aa90b53619e09722b8ea56721c99bfcb4f1035f9b333d99f52330226?s=96&d=mm&r=g","contentUrl":"https:\/\/secure.gravatar.com\/avatar\/b516f102aa90b53619e09722b8ea56721c99bfcb4f1035f9b333d99f52330226?s=96&d=mm&r=g","caption":"Uredni\u0161tvo Celjana"},"url":"https:\/\/novice.si\/page\/author\/nejc\/"}]}},"_links":{"self":[{"href":"https:\/\/novice.si\/page\/wp-json\/wp\/v2\/posts\/164639","targetHints":{"allow":["GET"]}}],"collection":[{"href":"https:\/\/novice.si\/page\/wp-json\/wp\/v2\/posts"}],"about":[{"href":"https:\/\/novice.si\/page\/wp-json\/wp\/v2\/types\/post"}],"author":[{"embeddable":true,"href":"https:\/\/novice.si\/page\/wp-json\/wp\/v2\/users\/12"}],"replies":[{"embeddable":true,"href":"https:\/\/novice.si\/page\/wp-json\/wp\/v2\/comments?post=164639"}],"version-history":[{"count":2,"href":"https:\/\/novice.si\/page\/wp-json\/wp\/v2\/posts\/164639\/revisions"}],"predecessor-version":[{"id":164644,"href":"https:\/\/novice.si\/page\/wp-json\/wp\/v2\/posts\/164639\/revisions\/164644"}],"wp:featuredmedia":[{"embeddable":true,"href":"https:\/\/novice.si\/page\/wp-json\/wp\/v2\/media\/164642"}],"wp:attachment":[{"href":"https:\/\/novice.si\/page\/wp-json\/wp\/v2\/media?parent=164639"}],"wp:term":[{"taxonomy":"category","embeddable":true,"href":"https:\/\/novice.si\/page\/wp-json\/wp\/v2\/categories?post=164639"},{"taxonomy":"post_tag","embeddable":true,"href":"https:\/\/novice.si\/page\/wp-json\/wp\/v2\/tags?post=164639"}],"curies":[{"name":"wp","href":"https:\/\/api.w.org\/{rel}","templated":true}]}}