{"id":164199,"date":"2023-06-23T17:30:27","date_gmt":"2023-06-23T15:30:27","guid":{"rendered":"https:\/\/novice.si\/page\/?p=164199"},"modified":"2023-06-23T17:30:27","modified_gmt":"2023-06-23T15:30:27","slug":"celje-ljubljana-janova-na-celu-zdus","status":"publish","type":"post","link":"https:\/\/novice.si\/page\/celje-ljubljana-janova-na-celu-zdus\/","title":{"rendered":"CELJE LJUBLJANA Janova na \u010delu ZDUS"},"content":{"rendered":"<p><img loading=\"lazy\" decoding=\"async\" class=\" wp-image-164202 alignleft\" src=\"https:\/\/novice.si\/page\/wp-content\/uploads\/2023\/06\/zdenka-jan-450x600.jpg\" alt=\"\" width=\"171\" height=\"228\" srcset=\"https:\/\/novice.si\/page\/wp-content\/uploads\/2023\/06\/zdenka-jan-450x600.jpg 450w, https:\/\/novice.si\/page\/wp-content\/uploads\/2023\/06\/zdenka-jan-768x1024.jpg 768w, https:\/\/novice.si\/page\/wp-content\/uploads\/2023\/06\/zdenka-jan-1152x1536.jpg 1152w, https:\/\/novice.si\/page\/wp-content\/uploads\/2023\/06\/zdenka-jan-696x928.jpg 696w, https:\/\/novice.si\/page\/wp-content\/uploads\/2023\/06\/zdenka-jan-1068x1424.jpg 1068w, https:\/\/novice.si\/page\/wp-content\/uploads\/2023\/06\/zdenka-jan-315x420.jpg 315w, https:\/\/novice.si\/page\/wp-content\/uploads\/2023\/06\/zdenka-jan-18x24.jpg 18w, https:\/\/novice.si\/page\/wp-content\/uploads\/2023\/06\/zdenka-jan-27x36.jpg 27w, https:\/\/novice.si\/page\/wp-content\/uploads\/2023\/06\/zdenka-jan-36x48.jpg 36w, https:\/\/novice.si\/page\/wp-content\/uploads\/2023\/06\/zdenka-jan.jpg 1536w\" sizes=\"auto, (max-width: 171px) 100vw, 171px\" \/>Upokojena celjska kriminalisti\u010dna in\u0161pektorica <strong>Zdenka Jan<\/strong> je nova predsednica Zdru\u017eenja dru\u0161tva upokojencev Slovenije (ZDUS).<\/p>\n<p>Na tem mestu je nasledila <strong>Janeza Su\u0161nika<\/strong>, ki je upokojensko krovno organizacijo vodil dva mandata.<\/p>\n<p>Kakor je napovedala ob izvolitvi, kjer je premagala tri protikandidate, bo svoje delo zastavila na postavki, da upokojenci niso preteklost, temve\u010d z mladimi tvorijo sedanjost. Dejala je \u0161e, da se bo zavzemala tudi za blaginjo tistih, ki bodo upokojenci \u0161ele postali.<\/p>\n<p>P\u0160<\/p>\n","protected":false},"excerpt":{"rendered":"<p>Upokojena celjska kriminalisti\u010dna in\u0161pektorica Zdenka Jan je nova predsednica Zdru\u017eenja dru\u0161tva upokojencev Slovenije (ZDUS). Na tem mestu je nasledila Janeza Su\u0161nika, ki je upokojensko krovno organizacijo vodil dva mandata. Kakor je napovedala ob izvolitvi, kjer je premagala tri protikandidate, bo svoje delo zastavila na postavki, da upokojenci niso preteklost, temve\u010d z mladimi tvorijo sedanjost. Dejala [&hellip;]<\/p>\n","protected":false},"author":33,"featured_media":164200,"comment_status":"closed","ping_status":"closed","sticky":false,"template":"","format":"standard","meta":{"footnotes":""},"categories":[17],"tags":[4607,1395,6276,18161],"class_list":{"0":"post-164199","1":"post","2":"type-post","3":"status-publish","4":"format-standard","5":"has-post-thumbnail","7":"category-celjsko","8":"tag-nova-predsednica","9":"tag-upokojenci","10":"tag-zdenka-jan","11":"tag-zdus"},"yoast_head":"<!-- This site is optimized with the Yoast SEO plugin v27.4 - https:\/\/yoast.com\/product\/yoast-seo-wordpress\/ -->\n<title>CELJE LJUBLJANA Janova na \u010delu ZDUS - Novice.si<\/title>\n<meta name=\"robots\" content=\"index, follow, max-snippet:-1, max-image-preview:large, max-video-preview:-1\" \/>\n<link rel=\"canonical\" href=\"https:\/\/novice.si\/page\/celje-ljubljana-janova-na-celu-zdus\/\" \/>\n<meta property=\"og:locale\" content=\"sl_SI\" \/>\n<meta property=\"og:type\" content=\"article\" \/>\n<meta property=\"og:title\" content=\"CELJE LJUBLJANA Janova na \u010delu ZDUS - Novice.si\" \/>\n<meta property=\"og:description\" content=\"Upokojena celjska kriminalisti\u010dna in\u0161pektorica Zdenka Jan je nova predsednica Zdru\u017eenja dru\u0161tva upokojencev Slovenije (ZDUS). Na tem mestu je nasledila Janeza Su\u0161nika, ki je upokojensko krovno organizacijo vodil dva mandata. Kakor je napovedala ob izvolitvi, kjer je premagala tri protikandidate, bo svoje delo zastavila na postavki, da upokojenci niso preteklost, temve\u010d z mladimi tvorijo sedanjost. Dejala [&hellip;]\" \/>\n<meta property=\"og:url\" content=\"https:\/\/novice.si\/page\/celje-ljubljana-janova-na-celu-zdus\/\" \/>\n<meta property=\"og:site_name\" content=\"Novice.si\" \/>\n<meta property=\"article:published_time\" content=\"2023-06-23T15:30:27+00:00\" \/>\n<meta property=\"og:image\" content=\"https:\/\/novice.si\/page\/wp-content\/uploads\/2023\/06\/zdenka-jan3.jpeg\" \/>\n\t<meta property=\"og:image:width\" content=\"1600\" \/>\n\t<meta property=\"og:image:height\" content=\"900\" \/>\n\t<meta property=\"og:image:type\" content=\"image\/jpeg\" \/>\n<meta name=\"author\" content=\"Uredni\u0161tvo Celjana\" \/>\n<meta name=\"twitter:card\" content=\"summary_large_image\" \/>\n<meta name=\"twitter:label1\" content=\"Written by\" \/>\n\t<meta name=\"twitter:data1\" content=\"Uredni\u0161tvo Celjana\" \/>\n\t<meta name=\"twitter:label2\" content=\"Est. reading time\" \/>\n\t<meta name=\"twitter:data2\" content=\"1 minuta\" \/>\n<script type=\"application\/ld+json\" class=\"yoast-schema-graph\">{\"@context\":\"https:\\\/\\\/schema.org\",\"@graph\":[{\"@type\":\"Article\",\"@id\":\"https:\\\/\\\/novice.si\\\/page\\\/celje-ljubljana-janova-na-celu-zdus\\\/#article\",\"isPartOf\":{\"@id\":\"https:\\\/\\\/novice.si\\\/page\\\/celje-ljubljana-janova-na-celu-zdus\\\/\"},\"author\":{\"name\":\"Uredni\u0161tvo Celjana\",\"@id\":\"https:\\\/\\\/novice.si\\\/page\\\/#\\\/schema\\\/person\\\/57f25c9642a9541c7349c65d32032c3e\"},\"headline\":\"CELJE LJUBLJANA Janova na \u010delu ZDUS\",\"datePublished\":\"2023-06-23T15:30:27+00:00\",\"mainEntityOfPage\":{\"@id\":\"https:\\\/\\\/novice.si\\\/page\\\/celje-ljubljana-janova-na-celu-zdus\\\/\"},\"wordCount\":82,\"publisher\":{\"@id\":\"https:\\\/\\\/novice.si\\\/page\\\/#organization\"},\"image\":{\"@id\":\"https:\\\/\\\/novice.si\\\/page\\\/celje-ljubljana-janova-na-celu-zdus\\\/#primaryimage\"},\"thumbnailUrl\":\"https:\\\/\\\/novice.si\\\/page\\\/wp-content\\\/uploads\\\/2023\\\/06\\\/zdenka-jan3.jpeg\",\"keywords\":[\"nova predsednica\",\"upokojenci\",\"Zdenka Jan\",\"ZDUS\"],\"articleSection\":[\"Celjsko\"],\"inLanguage\":\"sl-SI\"},{\"@type\":\"WebPage\",\"@id\":\"https:\\\/\\\/novice.si\\\/page\\\/celje-ljubljana-janova-na-celu-zdus\\\/\",\"url\":\"https:\\\/\\\/novice.si\\\/page\\\/celje-ljubljana-janova-na-celu-zdus\\\/\",\"name\":\"CELJE LJUBLJANA Janova na \u010delu ZDUS - Novice.si\",\"isPartOf\":{\"@id\":\"https:\\\/\\\/novice.si\\\/page\\\/#website\"},\"primaryImageOfPage\":{\"@id\":\"https:\\\/\\\/novice.si\\\/page\\\/celje-ljubljana-janova-na-celu-zdus\\\/#primaryimage\"},\"image\":{\"@id\":\"https:\\\/\\\/novice.si\\\/page\\\/celje-ljubljana-janova-na-celu-zdus\\\/#primaryimage\"},\"thumbnailUrl\":\"https:\\\/\\\/novice.si\\\/page\\\/wp-content\\\/uploads\\\/2023\\\/06\\\/zdenka-jan3.jpeg\",\"datePublished\":\"2023-06-23T15:30:27+00:00\",\"breadcrumb\":{\"@id\":\"https:\\\/\\\/novice.si\\\/page\\\/celje-ljubljana-janova-na-celu-zdus\\\/#breadcrumb\"},\"inLanguage\":\"sl-SI\",\"potentialAction\":[{\"@type\":\"ReadAction\",\"target\":[\"https:\\\/\\\/novice.si\\\/page\\\/celje-ljubljana-janova-na-celu-zdus\\\/\"]}]},{\"@type\":\"ImageObject\",\"inLanguage\":\"sl-SI\",\"@id\":\"https:\\\/\\\/novice.si\\\/page\\\/celje-ljubljana-janova-na-celu-zdus\\\/#primaryimage\",\"url\":\"https:\\\/\\\/novice.si\\\/page\\\/wp-content\\\/uploads\\\/2023\\\/06\\\/zdenka-jan3.jpeg\",\"contentUrl\":\"https:\\\/\\\/novice.si\\\/page\\\/wp-content\\\/uploads\\\/2023\\\/06\\\/zdenka-jan3.jpeg\",\"width\":1600,\"height\":900},{\"@type\":\"BreadcrumbList\",\"@id\":\"https:\\\/\\\/novice.si\\\/page\\\/celje-ljubljana-janova-na-celu-zdus\\\/#breadcrumb\",\"itemListElement\":[{\"@type\":\"ListItem\",\"position\":1,\"name\":\"Home\",\"item\":\"https:\\\/\\\/novice.si\\\/page\\\/\"},{\"@type\":\"ListItem\",\"position\":2,\"name\":\"CELJE LJUBLJANA Janova na \u010delu ZDUS\"}]},{\"@type\":\"WebSite\",\"@id\":\"https:\\\/\\\/novice.si\\\/page\\\/#website\",\"url\":\"https:\\\/\\\/novice.si\\\/page\\\/\",\"name\":\"Novice.si\",\"description\":\"\",\"publisher\":{\"@id\":\"https:\\\/\\\/novice.si\\\/page\\\/#organization\"},\"potentialAction\":[{\"@type\":\"SearchAction\",\"target\":{\"@type\":\"EntryPoint\",\"urlTemplate\":\"https:\\\/\\\/novice.si\\\/page\\\/?s={search_term_string}\"},\"query-input\":{\"@type\":\"PropertyValueSpecification\",\"valueRequired\":true,\"valueName\":\"search_term_string\"}}],\"inLanguage\":\"sl-SI\"},{\"@type\":\"Organization\",\"@id\":\"https:\\\/\\\/novice.si\\\/page\\\/#organization\",\"name\":\"Novice.si\",\"url\":\"https:\\\/\\\/novice.si\\\/page\\\/\",\"logo\":{\"@type\":\"ImageObject\",\"inLanguage\":\"sl-SI\",\"@id\":\"https:\\\/\\\/novice.si\\\/page\\\/#\\\/schema\\\/logo\\\/image\\\/\",\"url\":\"https:\\\/\\\/novice.si\\\/page\\\/wp-content\\\/uploads\\\/2023\\\/03\\\/novice_si.png\",\"contentUrl\":\"https:\\\/\\\/novice.si\\\/page\\\/wp-content\\\/uploads\\\/2023\\\/03\\\/novice_si.png\",\"width\":576,\"height\":200,\"caption\":\"Novice.si\"},\"image\":{\"@id\":\"https:\\\/\\\/novice.si\\\/page\\\/#\\\/schema\\\/logo\\\/image\\\/\"}},{\"@type\":\"Person\",\"@id\":\"https:\\\/\\\/novice.si\\\/page\\\/#\\\/schema\\\/person\\\/57f25c9642a9541c7349c65d32032c3e\",\"name\":\"Uredni\u0161tvo Celjana\",\"image\":{\"@type\":\"ImageObject\",\"inLanguage\":\"sl-SI\",\"@id\":\"https:\\\/\\\/secure.gravatar.com\\\/avatar\\\/78e52bc4279b65f6df6345e0ef0f7b792d361361f230cf4ffecfe0afe6d5629c?s=96&d=mm&r=g\",\"url\":\"https:\\\/\\\/secure.gravatar.com\\\/avatar\\\/78e52bc4279b65f6df6345e0ef0f7b792d361361f230cf4ffecfe0afe6d5629c?s=96&d=mm&r=g\",\"contentUrl\":\"https:\\\/\\\/secure.gravatar.com\\\/avatar\\\/78e52bc4279b65f6df6345e0ef0f7b792d361361f230cf4ffecfe0afe6d5629c?s=96&d=mm&r=g\",\"caption\":\"Uredni\u0161tvo Celjana\"},\"url\":\"https:\\\/\\\/novice.si\\\/page\\\/author\\\/primoz\\\/\"}]}<\/script>\n<!-- \/ Yoast SEO plugin. -->","yoast_head_json":{"title":"CELJE LJUBLJANA Janova na \u010delu ZDUS - Novice.si","robots":{"index":"index","follow":"follow","max-snippet":"max-snippet:-1","max-image-preview":"max-image-preview:large","max-video-preview":"max-video-preview:-1"},"canonical":"https:\/\/novice.si\/page\/celje-ljubljana-janova-na-celu-zdus\/","og_locale":"sl_SI","og_type":"article","og_title":"CELJE LJUBLJANA Janova na \u010delu ZDUS - Novice.si","og_description":"Upokojena celjska kriminalisti\u010dna in\u0161pektorica Zdenka Jan je nova predsednica Zdru\u017eenja dru\u0161tva upokojencev Slovenije (ZDUS). Na tem mestu je nasledila Janeza Su\u0161nika, ki je upokojensko krovno organizacijo vodil dva mandata. Kakor je napovedala ob izvolitvi, kjer je premagala tri protikandidate, bo svoje delo zastavila na postavki, da upokojenci niso preteklost, temve\u010d z mladimi tvorijo sedanjost. Dejala [&hellip;]","og_url":"https:\/\/novice.si\/page\/celje-ljubljana-janova-na-celu-zdus\/","og_site_name":"Novice.si","article_published_time":"2023-06-23T15:30:27+00:00","og_image":[{"width":1600,"height":900,"url":"https:\/\/novice.si\/page\/wp-content\/uploads\/2023\/06\/zdenka-jan3.jpeg","type":"image\/jpeg"}],"author":"Uredni\u0161tvo Celjana","twitter_card":"summary_large_image","twitter_misc":{"Written by":"Uredni\u0161tvo Celjana","Est. reading time":"1 minuta"},"schema":{"@context":"https:\/\/schema.org","@graph":[{"@type":"Article","@id":"https:\/\/novice.si\/page\/celje-ljubljana-janova-na-celu-zdus\/#article","isPartOf":{"@id":"https:\/\/novice.si\/page\/celje-ljubljana-janova-na-celu-zdus\/"},"author":{"name":"Uredni\u0161tvo Celjana","@id":"https:\/\/novice.si\/page\/#\/schema\/person\/57f25c9642a9541c7349c65d32032c3e"},"headline":"CELJE LJUBLJANA Janova na \u010delu ZDUS","datePublished":"2023-06-23T15:30:27+00:00","mainEntityOfPage":{"@id":"https:\/\/novice.si\/page\/celje-ljubljana-janova-na-celu-zdus\/"},"wordCount":82,"publisher":{"@id":"https:\/\/novice.si\/page\/#organization"},"image":{"@id":"https:\/\/novice.si\/page\/celje-ljubljana-janova-na-celu-zdus\/#primaryimage"},"thumbnailUrl":"https:\/\/novice.si\/page\/wp-content\/uploads\/2023\/06\/zdenka-jan3.jpeg","keywords":["nova predsednica","upokojenci","Zdenka Jan","ZDUS"],"articleSection":["Celjsko"],"inLanguage":"sl-SI"},{"@type":"WebPage","@id":"https:\/\/novice.si\/page\/celje-ljubljana-janova-na-celu-zdus\/","url":"https:\/\/novice.si\/page\/celje-ljubljana-janova-na-celu-zdus\/","name":"CELJE LJUBLJANA Janova na \u010delu ZDUS - Novice.si","isPartOf":{"@id":"https:\/\/novice.si\/page\/#website"},"primaryImageOfPage":{"@id":"https:\/\/novice.si\/page\/celje-ljubljana-janova-na-celu-zdus\/#primaryimage"},"image":{"@id":"https:\/\/novice.si\/page\/celje-ljubljana-janova-na-celu-zdus\/#primaryimage"},"thumbnailUrl":"https:\/\/novice.si\/page\/wp-content\/uploads\/2023\/06\/zdenka-jan3.jpeg","datePublished":"2023-06-23T15:30:27+00:00","breadcrumb":{"@id":"https:\/\/novice.si\/page\/celje-ljubljana-janova-na-celu-zdus\/#breadcrumb"},"inLanguage":"sl-SI","potentialAction":[{"@type":"ReadAction","target":["https:\/\/novice.si\/page\/celje-ljubljana-janova-na-celu-zdus\/"]}]},{"@type":"ImageObject","inLanguage":"sl-SI","@id":"https:\/\/novice.si\/page\/celje-ljubljana-janova-na-celu-zdus\/#primaryimage","url":"https:\/\/novice.si\/page\/wp-content\/uploads\/2023\/06\/zdenka-jan3.jpeg","contentUrl":"https:\/\/novice.si\/page\/wp-content\/uploads\/2023\/06\/zdenka-jan3.jpeg","width":1600,"height":900},{"@type":"BreadcrumbList","@id":"https:\/\/novice.si\/page\/celje-ljubljana-janova-na-celu-zdus\/#breadcrumb","itemListElement":[{"@type":"ListItem","position":1,"name":"Home","item":"https:\/\/novice.si\/page\/"},{"@type":"ListItem","position":2,"name":"CELJE LJUBLJANA Janova na \u010delu ZDUS"}]},{"@type":"WebSite","@id":"https:\/\/novice.si\/page\/#website","url":"https:\/\/novice.si\/page\/","name":"Novice.si","description":"","publisher":{"@id":"https:\/\/novice.si\/page\/#organization"},"potentialAction":[{"@type":"SearchAction","target":{"@type":"EntryPoint","urlTemplate":"https:\/\/novice.si\/page\/?s={search_term_string}"},"query-input":{"@type":"PropertyValueSpecification","valueRequired":true,"valueName":"search_term_string"}}],"inLanguage":"sl-SI"},{"@type":"Organization","@id":"https:\/\/novice.si\/page\/#organization","name":"Novice.si","url":"https:\/\/novice.si\/page\/","logo":{"@type":"ImageObject","inLanguage":"sl-SI","@id":"https:\/\/novice.si\/page\/#\/schema\/logo\/image\/","url":"https:\/\/novice.si\/page\/wp-content\/uploads\/2023\/03\/novice_si.png","contentUrl":"https:\/\/novice.si\/page\/wp-content\/uploads\/2023\/03\/novice_si.png","width":576,"height":200,"caption":"Novice.si"},"image":{"@id":"https:\/\/novice.si\/page\/#\/schema\/logo\/image\/"}},{"@type":"Person","@id":"https:\/\/novice.si\/page\/#\/schema\/person\/57f25c9642a9541c7349c65d32032c3e","name":"Uredni\u0161tvo Celjana","image":{"@type":"ImageObject","inLanguage":"sl-SI","@id":"https:\/\/secure.gravatar.com\/avatar\/78e52bc4279b65f6df6345e0ef0f7b792d361361f230cf4ffecfe0afe6d5629c?s=96&d=mm&r=g","url":"https:\/\/secure.gravatar.com\/avatar\/78e52bc4279b65f6df6345e0ef0f7b792d361361f230cf4ffecfe0afe6d5629c?s=96&d=mm&r=g","contentUrl":"https:\/\/secure.gravatar.com\/avatar\/78e52bc4279b65f6df6345e0ef0f7b792d361361f230cf4ffecfe0afe6d5629c?s=96&d=mm&r=g","caption":"Uredni\u0161tvo Celjana"},"url":"https:\/\/novice.si\/page\/author\/primoz\/"}]}},"_links":{"self":[{"href":"https:\/\/novice.si\/page\/wp-json\/wp\/v2\/posts\/164199","targetHints":{"allow":["GET"]}}],"collection":[{"href":"https:\/\/novice.si\/page\/wp-json\/wp\/v2\/posts"}],"about":[{"href":"https:\/\/novice.si\/page\/wp-json\/wp\/v2\/types\/post"}],"author":[{"embeddable":true,"href":"https:\/\/novice.si\/page\/wp-json\/wp\/v2\/users\/33"}],"replies":[{"embeddable":true,"href":"https:\/\/novice.si\/page\/wp-json\/wp\/v2\/comments?post=164199"}],"version-history":[{"count":1,"href":"https:\/\/novice.si\/page\/wp-json\/wp\/v2\/posts\/164199\/revisions"}],"predecessor-version":[{"id":164203,"href":"https:\/\/novice.si\/page\/wp-json\/wp\/v2\/posts\/164199\/revisions\/164203"}],"wp:featuredmedia":[{"embeddable":true,"href":"https:\/\/novice.si\/page\/wp-json\/wp\/v2\/media\/164200"}],"wp:attachment":[{"href":"https:\/\/novice.si\/page\/wp-json\/wp\/v2\/media?parent=164199"}],"wp:term":[{"taxonomy":"category","embeddable":true,"href":"https:\/\/novice.si\/page\/wp-json\/wp\/v2\/categories?post=164199"},{"taxonomy":"post_tag","embeddable":true,"href":"https:\/\/novice.si\/page\/wp-json\/wp\/v2\/tags?post=164199"}],"curies":[{"name":"wp","href":"https:\/\/api.w.org\/{rel}","templated":true}]}}