{"id":164113,"date":"2023-06-20T15:18:04","date_gmt":"2023-06-20T13:18:04","guid":{"rendered":"https:\/\/novice.si\/page\/?p=164113"},"modified":"2023-06-21T11:24:05","modified_gmt":"2023-06-21T09:24:05","slug":"prebold-otrok-umrl-v-razgretem-avtomobilu","status":"publish","type":"post","link":"https:\/\/novice.si\/page\/prebold-otrok-umrl-v-razgretem-avtomobilu\/","title":{"rendered":"PREBOLD Otrok umrl v razgretem avtomobilu (dopolnjeno)"},"content":{"rendered":"<p>Po podatkih centra za obve\u0161\u010danje so gasilci iz Prebolda in Sv. Lovrenca nekaj pred 13. uro <img loading=\"lazy\" decoding=\"async\" class=\"size-medium wp-image-130244 alignleft\" src=\"https:\/\/novice.si\/page\/wp-content\/uploads\/2020\/09\/helikopterski-prevoz-na-Okreselj-foto-andraz-purg-200x300.jpg\" alt=\"\" width=\"200\" height=\"300\" srcset=\"https:\/\/novice.si\/page\/wp-content\/uploads\/2020\/09\/helikopterski-prevoz-na-Okreselj-foto-andraz-purg-200x300.jpg 200w, https:\/\/novice.si\/page\/wp-content\/uploads\/2020\/09\/helikopterski-prevoz-na-Okreselj-foto-andraz-purg-683x1024.jpg 683w, https:\/\/novice.si\/page\/wp-content\/uploads\/2020\/09\/helikopterski-prevoz-na-Okreselj-foto-andraz-purg-768x1152.jpg 768w, https:\/\/novice.si\/page\/wp-content\/uploads\/2020\/09\/helikopterski-prevoz-na-Okreselj-foto-andraz-purg-1024x1536.jpg 1024w, https:\/\/novice.si\/page\/wp-content\/uploads\/2020\/09\/helikopterski-prevoz-na-Okreselj-foto-andraz-purg-1365x2048.jpg 1365w, https:\/\/novice.si\/page\/wp-content\/uploads\/2020\/09\/helikopterski-prevoz-na-Okreselj-foto-andraz-purg-696x1044.jpg 696w, https:\/\/novice.si\/page\/wp-content\/uploads\/2020\/09\/helikopterski-prevoz-na-Okreselj-foto-andraz-purg-1068x1602.jpg 1068w, https:\/\/novice.si\/page\/wp-content\/uploads\/2020\/09\/helikopterski-prevoz-na-Okreselj-foto-andraz-purg-280x420.jpg 280w, https:\/\/novice.si\/page\/wp-content\/uploads\/2020\/09\/helikopterski-prevoz-na-Okreselj-foto-andraz-purg-16x24.jpg 16w, https:\/\/novice.si\/page\/wp-content\/uploads\/2020\/09\/helikopterski-prevoz-na-Okreselj-foto-andraz-purg-24x36.jpg 24w, https:\/\/novice.si\/page\/wp-content\/uploads\/2020\/09\/helikopterski-prevoz-na-Okreselj-foto-andraz-purg-32x48.jpg 32w, https:\/\/novice.si\/page\/wp-content\/uploads\/2020\/09\/helikopterski-prevoz-na-Okreselj-foto-andraz-purg-scaled.jpg 1707w\" sizes=\"auto, (max-width: 200px) 100vw, 200px\" \/>opravili tehni\u010dni poseg in iz razgretega vozila sku\u0161ali re\u0161iti\u00a0 \u0161e ne dveletnega otroka, ki je ostal zaprt v njem.<\/p>\n<p>Prvi, ki je otroka v osebnem avtu, ki stal na soncu v kraju Sv. Lovrenc, opazil, je bil naklju\u010dno mimoido\u010di, ki je tudi prvi posredoval.<\/p>\n<p>Prvo pomo\u010d so zatem nudili gasilci, nato pa \u0161e ekipa nujne medicinske pomo\u010di, ki otroka z voja\u0161kim helikopterjem odpeljala do bolni\u0161nice, a je bilo zanj \u017ee prepozno.<\/p>\n<p>Kot je pokazala preiskava, je bilo vozilo parkirano pred stanovanjsko hi\u0161o otrokove matere, ki se je v njej skupaj partnerjem tudi nahajala. Oba so pridr\u017eali in ju sumijo kaznivega dejanja povzro\u010ditve smrti iz malomarnosti.<\/p>\n<p>(fotografija je ponazoritvena)<\/p>\n<p>P\u0160<\/p>\n","protected":false},"excerpt":{"rendered":"<p>Po podatkih centra za obve\u0161\u010danje so gasilci iz Prebolda in Sv. Lovrenca nekaj pred 13. uro opravili tehni\u010dni poseg in iz razgretega vozila sku\u0161ali re\u0161iti\u00a0 \u0161e ne dveletnega otroka, ki je ostal zaprt v njem. Prvi, ki je otroka v osebnem avtu, ki stal na soncu v kraju Sv. Lovrenc, opazil, je bil naklju\u010dno mimoido\u010di, [&hellip;]<\/p>\n","protected":false},"author":33,"featured_media":152823,"comment_status":"closed","ping_status":"closed","sticky":false,"template":"","format":"standard","meta":{"footnotes":""},"categories":[14,17,29],"tags":[18145,6357,7270,18146],"class_list":{"0":"post-164113","1":"post","2":"type-post","3":"status-publish","4":"format-standard","5":"has-post-thumbnail","7":"category-aktualno","8":"category-celjsko","9":"category-kronika","10":"tag-otrok-umrl-v-razgretem-vozilu","11":"tag-prebold","12":"tag-resevanje","13":"tag-sv-lovrenc"},"yoast_head":"<!-- This site is optimized with the Yoast SEO plugin v27.4 - https:\/\/yoast.com\/product\/yoast-seo-wordpress\/ -->\n<title>PREBOLD Otrok umrl v razgretem avtomobilu (dopolnjeno) - Novice.si<\/title>\n<meta name=\"robots\" content=\"index, follow, max-snippet:-1, max-image-preview:large, max-video-preview:-1\" \/>\n<link rel=\"canonical\" href=\"https:\/\/novice.si\/page\/prebold-otrok-umrl-v-razgretem-avtomobilu\/\" \/>\n<meta property=\"og:locale\" content=\"sl_SI\" \/>\n<meta property=\"og:type\" content=\"article\" \/>\n<meta property=\"og:title\" content=\"PREBOLD Otrok umrl v razgretem avtomobilu (dopolnjeno) - Novice.si\" \/>\n<meta property=\"og:description\" content=\"Po podatkih centra za obve\u0161\u010danje so gasilci iz Prebolda in Sv. Lovrenca nekaj pred 13. uro opravili tehni\u010dni poseg in iz razgretega vozila sku\u0161ali re\u0161iti\u00a0 \u0161e ne dveletnega otroka, ki je ostal zaprt v njem. Prvi, ki je otroka v osebnem avtu, ki stal na soncu v kraju Sv. Lovrenc, opazil, je bil naklju\u010dno mimoido\u010di, [&hellip;]\" \/>\n<meta property=\"og:url\" content=\"https:\/\/novice.si\/page\/prebold-otrok-umrl-v-razgretem-avtomobilu\/\" \/>\n<meta property=\"og:site_name\" content=\"Novice.si\" \/>\n<meta property=\"article:published_time\" content=\"2023-06-20T13:18:04+00:00\" \/>\n<meta property=\"article:modified_time\" content=\"2023-06-21T09:24:05+00:00\" \/>\n<meta property=\"og:image\" content=\"https:\/\/novice.si\/page\/wp-content\/uploads\/2022\/08\/policija-ponazoritvena-1-scaled.jpg\" \/>\n\t<meta property=\"og:image:width\" content=\"2560\" \/>\n\t<meta property=\"og:image:height\" content=\"1440\" \/>\n\t<meta property=\"og:image:type\" content=\"image\/jpeg\" \/>\n<meta name=\"author\" content=\"Uredni\u0161tvo Celjana\" \/>\n<meta name=\"twitter:card\" content=\"summary_large_image\" \/>\n<meta name=\"twitter:label1\" content=\"Written by\" \/>\n\t<meta name=\"twitter:data1\" content=\"Uredni\u0161tvo Celjana\" \/>\n\t<meta name=\"twitter:label2\" content=\"Est. reading time\" \/>\n\t<meta name=\"twitter:data2\" content=\"1 minuta\" \/>\n<script type=\"application\/ld+json\" class=\"yoast-schema-graph\">{\"@context\":\"https:\\\/\\\/schema.org\",\"@graph\":[{\"@type\":\"Article\",\"@id\":\"https:\\\/\\\/novice.si\\\/page\\\/prebold-otrok-umrl-v-razgretem-avtomobilu\\\/#article\",\"isPartOf\":{\"@id\":\"https:\\\/\\\/novice.si\\\/page\\\/prebold-otrok-umrl-v-razgretem-avtomobilu\\\/\"},\"author\":{\"name\":\"Uredni\u0161tvo Celjana\",\"@id\":\"https:\\\/\\\/novice.si\\\/page\\\/#\\\/schema\\\/person\\\/57f25c9642a9541c7349c65d32032c3e\"},\"headline\":\"PREBOLD Otrok umrl v razgretem avtomobilu (dopolnjeno)\",\"datePublished\":\"2023-06-20T13:18:04+00:00\",\"dateModified\":\"2023-06-21T09:24:05+00:00\",\"mainEntityOfPage\":{\"@id\":\"https:\\\/\\\/novice.si\\\/page\\\/prebold-otrok-umrl-v-razgretem-avtomobilu\\\/\"},\"wordCount\":143,\"publisher\":{\"@id\":\"https:\\\/\\\/novice.si\\\/page\\\/#organization\"},\"image\":{\"@id\":\"https:\\\/\\\/novice.si\\\/page\\\/prebold-otrok-umrl-v-razgretem-avtomobilu\\\/#primaryimage\"},\"thumbnailUrl\":\"https:\\\/\\\/novice.si\\\/page\\\/wp-content\\\/uploads\\\/2022\\\/08\\\/policija-ponazoritvena-1-scaled.jpg\",\"keywords\":[\"otrok umrl v razgretem vozilu\",\"Prebold\",\"re\u0161evanje\",\"Sv. Lovrenc\"],\"articleSection\":[\"Aktualno\",\"Celjsko\",\"Kronika\"],\"inLanguage\":\"sl-SI\"},{\"@type\":\"WebPage\",\"@id\":\"https:\\\/\\\/novice.si\\\/page\\\/prebold-otrok-umrl-v-razgretem-avtomobilu\\\/\",\"url\":\"https:\\\/\\\/novice.si\\\/page\\\/prebold-otrok-umrl-v-razgretem-avtomobilu\\\/\",\"name\":\"PREBOLD Otrok umrl v razgretem avtomobilu (dopolnjeno) - Novice.si\",\"isPartOf\":{\"@id\":\"https:\\\/\\\/novice.si\\\/page\\\/#website\"},\"primaryImageOfPage\":{\"@id\":\"https:\\\/\\\/novice.si\\\/page\\\/prebold-otrok-umrl-v-razgretem-avtomobilu\\\/#primaryimage\"},\"image\":{\"@id\":\"https:\\\/\\\/novice.si\\\/page\\\/prebold-otrok-umrl-v-razgretem-avtomobilu\\\/#primaryimage\"},\"thumbnailUrl\":\"https:\\\/\\\/novice.si\\\/page\\\/wp-content\\\/uploads\\\/2022\\\/08\\\/policija-ponazoritvena-1-scaled.jpg\",\"datePublished\":\"2023-06-20T13:18:04+00:00\",\"dateModified\":\"2023-06-21T09:24:05+00:00\",\"breadcrumb\":{\"@id\":\"https:\\\/\\\/novice.si\\\/page\\\/prebold-otrok-umrl-v-razgretem-avtomobilu\\\/#breadcrumb\"},\"inLanguage\":\"sl-SI\",\"potentialAction\":[{\"@type\":\"ReadAction\",\"target\":[\"https:\\\/\\\/novice.si\\\/page\\\/prebold-otrok-umrl-v-razgretem-avtomobilu\\\/\"]}]},{\"@type\":\"ImageObject\",\"inLanguage\":\"sl-SI\",\"@id\":\"https:\\\/\\\/novice.si\\\/page\\\/prebold-otrok-umrl-v-razgretem-avtomobilu\\\/#primaryimage\",\"url\":\"https:\\\/\\\/novice.si\\\/page\\\/wp-content\\\/uploads\\\/2022\\\/08\\\/policija-ponazoritvena-1-scaled.jpg\",\"contentUrl\":\"https:\\\/\\\/novice.si\\\/page\\\/wp-content\\\/uploads\\\/2022\\\/08\\\/policija-ponazoritvena-1-scaled.jpg\",\"width\":2560,\"height\":1440},{\"@type\":\"BreadcrumbList\",\"@id\":\"https:\\\/\\\/novice.si\\\/page\\\/prebold-otrok-umrl-v-razgretem-avtomobilu\\\/#breadcrumb\",\"itemListElement\":[{\"@type\":\"ListItem\",\"position\":1,\"name\":\"Home\",\"item\":\"https:\\\/\\\/novice.si\\\/page\\\/\"},{\"@type\":\"ListItem\",\"position\":2,\"name\":\"PREBOLD Otrok umrl v razgretem avtomobilu (dopolnjeno)\"}]},{\"@type\":\"WebSite\",\"@id\":\"https:\\\/\\\/novice.si\\\/page\\\/#website\",\"url\":\"https:\\\/\\\/novice.si\\\/page\\\/\",\"name\":\"Novice.si\",\"description\":\"\",\"publisher\":{\"@id\":\"https:\\\/\\\/novice.si\\\/page\\\/#organization\"},\"potentialAction\":[{\"@type\":\"SearchAction\",\"target\":{\"@type\":\"EntryPoint\",\"urlTemplate\":\"https:\\\/\\\/novice.si\\\/page\\\/?s={search_term_string}\"},\"query-input\":{\"@type\":\"PropertyValueSpecification\",\"valueRequired\":true,\"valueName\":\"search_term_string\"}}],\"inLanguage\":\"sl-SI\"},{\"@type\":\"Organization\",\"@id\":\"https:\\\/\\\/novice.si\\\/page\\\/#organization\",\"name\":\"Novice.si\",\"url\":\"https:\\\/\\\/novice.si\\\/page\\\/\",\"logo\":{\"@type\":\"ImageObject\",\"inLanguage\":\"sl-SI\",\"@id\":\"https:\\\/\\\/novice.si\\\/page\\\/#\\\/schema\\\/logo\\\/image\\\/\",\"url\":\"https:\\\/\\\/novice.si\\\/page\\\/wp-content\\\/uploads\\\/2023\\\/03\\\/novice_si.png\",\"contentUrl\":\"https:\\\/\\\/novice.si\\\/page\\\/wp-content\\\/uploads\\\/2023\\\/03\\\/novice_si.png\",\"width\":576,\"height\":200,\"caption\":\"Novice.si\"},\"image\":{\"@id\":\"https:\\\/\\\/novice.si\\\/page\\\/#\\\/schema\\\/logo\\\/image\\\/\"}},{\"@type\":\"Person\",\"@id\":\"https:\\\/\\\/novice.si\\\/page\\\/#\\\/schema\\\/person\\\/57f25c9642a9541c7349c65d32032c3e\",\"name\":\"Uredni\u0161tvo Celjana\",\"image\":{\"@type\":\"ImageObject\",\"inLanguage\":\"sl-SI\",\"@id\":\"https:\\\/\\\/secure.gravatar.com\\\/avatar\\\/78e52bc4279b65f6df6345e0ef0f7b792d361361f230cf4ffecfe0afe6d5629c?s=96&d=mm&r=g\",\"url\":\"https:\\\/\\\/secure.gravatar.com\\\/avatar\\\/78e52bc4279b65f6df6345e0ef0f7b792d361361f230cf4ffecfe0afe6d5629c?s=96&d=mm&r=g\",\"contentUrl\":\"https:\\\/\\\/secure.gravatar.com\\\/avatar\\\/78e52bc4279b65f6df6345e0ef0f7b792d361361f230cf4ffecfe0afe6d5629c?s=96&d=mm&r=g\",\"caption\":\"Uredni\u0161tvo Celjana\"},\"url\":\"https:\\\/\\\/novice.si\\\/page\\\/author\\\/primoz\\\/\"}]}<\/script>\n<!-- \/ Yoast SEO plugin. -->","yoast_head_json":{"title":"PREBOLD Otrok umrl v razgretem avtomobilu (dopolnjeno) - Novice.si","robots":{"index":"index","follow":"follow","max-snippet":"max-snippet:-1","max-image-preview":"max-image-preview:large","max-video-preview":"max-video-preview:-1"},"canonical":"https:\/\/novice.si\/page\/prebold-otrok-umrl-v-razgretem-avtomobilu\/","og_locale":"sl_SI","og_type":"article","og_title":"PREBOLD Otrok umrl v razgretem avtomobilu (dopolnjeno) - Novice.si","og_description":"Po podatkih centra za obve\u0161\u010danje so gasilci iz Prebolda in Sv. Lovrenca nekaj pred 13. uro opravili tehni\u010dni poseg in iz razgretega vozila sku\u0161ali re\u0161iti\u00a0 \u0161e ne dveletnega otroka, ki je ostal zaprt v njem. Prvi, ki je otroka v osebnem avtu, ki stal na soncu v kraju Sv. Lovrenc, opazil, je bil naklju\u010dno mimoido\u010di, [&hellip;]","og_url":"https:\/\/novice.si\/page\/prebold-otrok-umrl-v-razgretem-avtomobilu\/","og_site_name":"Novice.si","article_published_time":"2023-06-20T13:18:04+00:00","article_modified_time":"2023-06-21T09:24:05+00:00","og_image":[{"width":2560,"height":1440,"url":"https:\/\/novice.si\/page\/wp-content\/uploads\/2022\/08\/policija-ponazoritvena-1-scaled.jpg","type":"image\/jpeg"}],"author":"Uredni\u0161tvo Celjana","twitter_card":"summary_large_image","twitter_misc":{"Written by":"Uredni\u0161tvo Celjana","Est. reading time":"1 minuta"},"schema":{"@context":"https:\/\/schema.org","@graph":[{"@type":"Article","@id":"https:\/\/novice.si\/page\/prebold-otrok-umrl-v-razgretem-avtomobilu\/#article","isPartOf":{"@id":"https:\/\/novice.si\/page\/prebold-otrok-umrl-v-razgretem-avtomobilu\/"},"author":{"name":"Uredni\u0161tvo Celjana","@id":"https:\/\/novice.si\/page\/#\/schema\/person\/57f25c9642a9541c7349c65d32032c3e"},"headline":"PREBOLD Otrok umrl v razgretem avtomobilu (dopolnjeno)","datePublished":"2023-06-20T13:18:04+00:00","dateModified":"2023-06-21T09:24:05+00:00","mainEntityOfPage":{"@id":"https:\/\/novice.si\/page\/prebold-otrok-umrl-v-razgretem-avtomobilu\/"},"wordCount":143,"publisher":{"@id":"https:\/\/novice.si\/page\/#organization"},"image":{"@id":"https:\/\/novice.si\/page\/prebold-otrok-umrl-v-razgretem-avtomobilu\/#primaryimage"},"thumbnailUrl":"https:\/\/novice.si\/page\/wp-content\/uploads\/2022\/08\/policija-ponazoritvena-1-scaled.jpg","keywords":["otrok umrl v razgretem vozilu","Prebold","re\u0161evanje","Sv. Lovrenc"],"articleSection":["Aktualno","Celjsko","Kronika"],"inLanguage":"sl-SI"},{"@type":"WebPage","@id":"https:\/\/novice.si\/page\/prebold-otrok-umrl-v-razgretem-avtomobilu\/","url":"https:\/\/novice.si\/page\/prebold-otrok-umrl-v-razgretem-avtomobilu\/","name":"PREBOLD Otrok umrl v razgretem avtomobilu (dopolnjeno) - Novice.si","isPartOf":{"@id":"https:\/\/novice.si\/page\/#website"},"primaryImageOfPage":{"@id":"https:\/\/novice.si\/page\/prebold-otrok-umrl-v-razgretem-avtomobilu\/#primaryimage"},"image":{"@id":"https:\/\/novice.si\/page\/prebold-otrok-umrl-v-razgretem-avtomobilu\/#primaryimage"},"thumbnailUrl":"https:\/\/novice.si\/page\/wp-content\/uploads\/2022\/08\/policija-ponazoritvena-1-scaled.jpg","datePublished":"2023-06-20T13:18:04+00:00","dateModified":"2023-06-21T09:24:05+00:00","breadcrumb":{"@id":"https:\/\/novice.si\/page\/prebold-otrok-umrl-v-razgretem-avtomobilu\/#breadcrumb"},"inLanguage":"sl-SI","potentialAction":[{"@type":"ReadAction","target":["https:\/\/novice.si\/page\/prebold-otrok-umrl-v-razgretem-avtomobilu\/"]}]},{"@type":"ImageObject","inLanguage":"sl-SI","@id":"https:\/\/novice.si\/page\/prebold-otrok-umrl-v-razgretem-avtomobilu\/#primaryimage","url":"https:\/\/novice.si\/page\/wp-content\/uploads\/2022\/08\/policija-ponazoritvena-1-scaled.jpg","contentUrl":"https:\/\/novice.si\/page\/wp-content\/uploads\/2022\/08\/policija-ponazoritvena-1-scaled.jpg","width":2560,"height":1440},{"@type":"BreadcrumbList","@id":"https:\/\/novice.si\/page\/prebold-otrok-umrl-v-razgretem-avtomobilu\/#breadcrumb","itemListElement":[{"@type":"ListItem","position":1,"name":"Home","item":"https:\/\/novice.si\/page\/"},{"@type":"ListItem","position":2,"name":"PREBOLD Otrok umrl v razgretem avtomobilu (dopolnjeno)"}]},{"@type":"WebSite","@id":"https:\/\/novice.si\/page\/#website","url":"https:\/\/novice.si\/page\/","name":"Novice.si","description":"","publisher":{"@id":"https:\/\/novice.si\/page\/#organization"},"potentialAction":[{"@type":"SearchAction","target":{"@type":"EntryPoint","urlTemplate":"https:\/\/novice.si\/page\/?s={search_term_string}"},"query-input":{"@type":"PropertyValueSpecification","valueRequired":true,"valueName":"search_term_string"}}],"inLanguage":"sl-SI"},{"@type":"Organization","@id":"https:\/\/novice.si\/page\/#organization","name":"Novice.si","url":"https:\/\/novice.si\/page\/","logo":{"@type":"ImageObject","inLanguage":"sl-SI","@id":"https:\/\/novice.si\/page\/#\/schema\/logo\/image\/","url":"https:\/\/novice.si\/page\/wp-content\/uploads\/2023\/03\/novice_si.png","contentUrl":"https:\/\/novice.si\/page\/wp-content\/uploads\/2023\/03\/novice_si.png","width":576,"height":200,"caption":"Novice.si"},"image":{"@id":"https:\/\/novice.si\/page\/#\/schema\/logo\/image\/"}},{"@type":"Person","@id":"https:\/\/novice.si\/page\/#\/schema\/person\/57f25c9642a9541c7349c65d32032c3e","name":"Uredni\u0161tvo Celjana","image":{"@type":"ImageObject","inLanguage":"sl-SI","@id":"https:\/\/secure.gravatar.com\/avatar\/78e52bc4279b65f6df6345e0ef0f7b792d361361f230cf4ffecfe0afe6d5629c?s=96&d=mm&r=g","url":"https:\/\/secure.gravatar.com\/avatar\/78e52bc4279b65f6df6345e0ef0f7b792d361361f230cf4ffecfe0afe6d5629c?s=96&d=mm&r=g","contentUrl":"https:\/\/secure.gravatar.com\/avatar\/78e52bc4279b65f6df6345e0ef0f7b792d361361f230cf4ffecfe0afe6d5629c?s=96&d=mm&r=g","caption":"Uredni\u0161tvo Celjana"},"url":"https:\/\/novice.si\/page\/author\/primoz\/"}]}},"_links":{"self":[{"href":"https:\/\/novice.si\/page\/wp-json\/wp\/v2\/posts\/164113","targetHints":{"allow":["GET"]}}],"collection":[{"href":"https:\/\/novice.si\/page\/wp-json\/wp\/v2\/posts"}],"about":[{"href":"https:\/\/novice.si\/page\/wp-json\/wp\/v2\/types\/post"}],"author":[{"embeddable":true,"href":"https:\/\/novice.si\/page\/wp-json\/wp\/v2\/users\/33"}],"replies":[{"embeddable":true,"href":"https:\/\/novice.si\/page\/wp-json\/wp\/v2\/comments?post=164113"}],"version-history":[{"count":4,"href":"https:\/\/novice.si\/page\/wp-json\/wp\/v2\/posts\/164113\/revisions"}],"predecessor-version":[{"id":164140,"href":"https:\/\/novice.si\/page\/wp-json\/wp\/v2\/posts\/164113\/revisions\/164140"}],"wp:featuredmedia":[{"embeddable":true,"href":"https:\/\/novice.si\/page\/wp-json\/wp\/v2\/media\/152823"}],"wp:attachment":[{"href":"https:\/\/novice.si\/page\/wp-json\/wp\/v2\/media?parent=164113"}],"wp:term":[{"taxonomy":"category","embeddable":true,"href":"https:\/\/novice.si\/page\/wp-json\/wp\/v2\/categories?post=164113"},{"taxonomy":"post_tag","embeddable":true,"href":"https:\/\/novice.si\/page\/wp-json\/wp\/v2\/tags?post=164113"}],"curies":[{"name":"wp","href":"https:\/\/api.w.org\/{rel}","templated":true}]}}