{"id":164045,"date":"2023-06-19T12:07:20","date_gmt":"2023-06-19T10:07:20","guid":{"rendered":"https:\/\/novice.si\/page\/?p=164045"},"modified":"2023-06-19T12:07:20","modified_gmt":"2023-06-19T10:07:20","slug":"dobje-odprt-je-natecaj-za-pokazi-kaj-znas","status":"publish","type":"post","link":"https:\/\/novice.si\/page\/dobje-odprt-je-natecaj-za-pokazi-kaj-znas\/","title":{"rendered":"DOBJE Odprt je nate\u010daj za Poka\u017ei, kaj zna\u0161"},"content":{"rendered":"<p><img loading=\"lazy\" decoding=\"async\" class=\"size-medium wp-image-128638 alignleft\" src=\"https:\/\/novice.si\/page\/wp-content\/uploads\/2020\/07\/poka\u017ei-kaj-zna\u0161-300x260.png\" alt=\"\" width=\"300\" height=\"260\" srcset=\"https:\/\/novice.si\/page\/wp-content\/uploads\/2020\/07\/poka\u017ei-kaj-zna\u0161-300x260.png 300w, https:\/\/novice.si\/page\/wp-content\/uploads\/2020\/07\/poka\u017ei-kaj-zna\u0161-1024x887.png 1024w, https:\/\/novice.si\/page\/wp-content\/uploads\/2020\/07\/poka\u017ei-kaj-zna\u0161-768x665.png 768w, https:\/\/novice.si\/page\/wp-content\/uploads\/2020\/07\/poka\u017ei-kaj-zna\u0161-534x462.png 534w, https:\/\/novice.si\/page\/wp-content\/uploads\/2020\/07\/poka\u017ei-kaj-zna\u0161-696x603.png 696w, https:\/\/novice.si\/page\/wp-content\/uploads\/2020\/07\/poka\u017ei-kaj-zna\u0161-1068x925.png 1068w, https:\/\/novice.si\/page\/wp-content\/uploads\/2020\/07\/poka\u017ei-kaj-zna\u0161-485x420.png 485w, https:\/\/novice.si\/page\/wp-content\/uploads\/2020\/07\/poka\u017ei-kaj-zna\u0161-24x21.png 24w, https:\/\/novice.si\/page\/wp-content\/uploads\/2020\/07\/poka\u017ei-kaj-zna\u0161-36x31.png 36w, https:\/\/novice.si\/page\/wp-content\/uploads\/2020\/07\/poka\u017ei-kaj-zna\u0161-48x42.png 48w, https:\/\/novice.si\/page\/wp-content\/uploads\/2020\/07\/poka\u017ei-kaj-zna\u0161.png 1074w\" sizes=\"auto, (max-width: 300px) 100vw, 300px\" \/>Kulturno dru\u0161tvo Dobje je razpisalo nate\u010daj za leto\u0161njo izvedbo festivala Poka\u017ei, kaj zna\u0161.<\/p>\n<p>Tega bodo zadnjo julijsko nedeljo izvedli \u017ee petdeseti\u010d, zainteresirani pa se na naslov dru\u0161tva lahko prijavijo do 24. julija.<\/p>\n<p>Forma enega najstarej\u0161ih slovenskih glasbenih festivalov tekmovalnega zna\u010daja ostaja nespremenjena \u2013 solisti in dueti se predstavijo z eno, ansambli pa z dvema skladbama.<\/p>\n<p>Prireditev si obi\u010dajno ogleda okoli 500 ljubiteljev prete\u017eno narodno zabavne glasbe.<\/p>\n<p>P\u0160<\/p>\n","protected":false},"excerpt":{"rendered":"<p>Kulturno dru\u0161tvo Dobje je razpisalo nate\u010daj za leto\u0161njo izvedbo festivala Poka\u017ei, kaj zna\u0161. Tega bodo zadnjo julijsko nedeljo izvedli \u017ee petdeseti\u010d, zainteresirani pa se na naslov dru\u0161tva lahko prijavijo do 24. julija. Forma enega najstarej\u0161ih slovenskih glasbenih festivalov tekmovalnega zna\u010daja ostaja nespremenjena \u2013 solisti in dueti se predstavijo z eno, ansambli pa z dvema skladbama. [&hellip;]<\/p>\n","protected":false},"author":33,"featured_media":109537,"comment_status":"closed","ping_status":"closed","sticky":false,"template":"","format":"standard","meta":{"footnotes":""},"categories":[57],"tags":[451,2808,18140,3158,3980],"class_list":{"0":"post-164045","1":"post","2":"type-post","3":"status-publish","4":"format-standard","5":"has-post-thumbnail","7":"category-sentjursko","8":"tag-dobje","9":"tag-festival","10":"tag-kud-dobje","11":"tag-natecaj","12":"tag-pokazi-kaj-znas"},"yoast_head":"<!-- This site is optimized with the Yoast SEO plugin v27.4 - https:\/\/yoast.com\/product\/yoast-seo-wordpress\/ -->\n<title>DOBJE Odprt je nate\u010daj za Poka\u017ei, kaj zna\u0161 - Novice.si<\/title>\n<meta name=\"robots\" content=\"index, follow, max-snippet:-1, max-image-preview:large, max-video-preview:-1\" \/>\n<link rel=\"canonical\" href=\"https:\/\/novice.si\/page\/dobje-odprt-je-natecaj-za-pokazi-kaj-znas\/\" \/>\n<meta property=\"og:locale\" content=\"sl_SI\" \/>\n<meta property=\"og:type\" content=\"article\" \/>\n<meta property=\"og:title\" content=\"DOBJE Odprt je nate\u010daj za Poka\u017ei, kaj zna\u0161 - Novice.si\" \/>\n<meta property=\"og:description\" content=\"Kulturno dru\u0161tvo Dobje je razpisalo nate\u010daj za leto\u0161njo izvedbo festivala Poka\u017ei, kaj zna\u0161. Tega bodo zadnjo julijsko nedeljo izvedli \u017ee petdeseti\u010d, zainteresirani pa se na naslov dru\u0161tva lahko prijavijo do 24. julija. Forma enega najstarej\u0161ih slovenskih glasbenih festivalov tekmovalnega zna\u010daja ostaja nespremenjena \u2013 solisti in dueti se predstavijo z eno, ansambli pa z dvema skladbama. [&hellip;]\" \/>\n<meta property=\"og:url\" content=\"https:\/\/novice.si\/page\/dobje-odprt-je-natecaj-za-pokazi-kaj-znas\/\" \/>\n<meta property=\"og:site_name\" content=\"Novice.si\" \/>\n<meta property=\"article:published_time\" content=\"2023-06-19T10:07:20+00:00\" \/>\n<meta property=\"og:image\" content=\"https:\/\/novice.si\/page\/wp-content\/uploads\/2019\/07\/\u0160pas-kvintet.png\" \/>\n\t<meta property=\"og:image:width\" content=\"560\" \/>\n\t<meta property=\"og:image:height\" content=\"406\" \/>\n\t<meta property=\"og:image:type\" content=\"image\/png\" \/>\n<meta name=\"author\" content=\"Uredni\u0161tvo Celjana\" \/>\n<meta name=\"twitter:card\" content=\"summary_large_image\" \/>\n<meta name=\"twitter:label1\" content=\"Written by\" \/>\n\t<meta name=\"twitter:data1\" content=\"Uredni\u0161tvo Celjana\" \/>\n\t<meta name=\"twitter:label2\" content=\"Est. reading time\" \/>\n\t<meta name=\"twitter:data2\" content=\"1 minuta\" \/>\n<script type=\"application\/ld+json\" class=\"yoast-schema-graph\">{\"@context\":\"https:\\\/\\\/schema.org\",\"@graph\":[{\"@type\":\"Article\",\"@id\":\"https:\\\/\\\/novice.si\\\/page\\\/dobje-odprt-je-natecaj-za-pokazi-kaj-znas\\\/#article\",\"isPartOf\":{\"@id\":\"https:\\\/\\\/novice.si\\\/page\\\/dobje-odprt-je-natecaj-za-pokazi-kaj-znas\\\/\"},\"author\":{\"name\":\"Uredni\u0161tvo Celjana\",\"@id\":\"https:\\\/\\\/novice.si\\\/page\\\/#\\\/schema\\\/person\\\/57f25c9642a9541c7349c65d32032c3e\"},\"headline\":\"DOBJE Odprt je nate\u010daj za Poka\u017ei, kaj zna\u0161\",\"datePublished\":\"2023-06-19T10:07:20+00:00\",\"mainEntityOfPage\":{\"@id\":\"https:\\\/\\\/novice.si\\\/page\\\/dobje-odprt-je-natecaj-za-pokazi-kaj-znas\\\/\"},\"wordCount\":83,\"publisher\":{\"@id\":\"https:\\\/\\\/novice.si\\\/page\\\/#organization\"},\"image\":{\"@id\":\"https:\\\/\\\/novice.si\\\/page\\\/dobje-odprt-je-natecaj-za-pokazi-kaj-znas\\\/#primaryimage\"},\"thumbnailUrl\":\"https:\\\/\\\/novice.si\\\/page\\\/wp-content\\\/uploads\\\/2019\\\/07\\\/\u0160pas-kvintet.png\",\"keywords\":[\"Dobje\",\"festival\",\"KUD Dobje\",\"nate\u010daj\",\"Poka\u017ei kaj zna\u0161\"],\"articleSection\":[\"\u0160entjursko\"],\"inLanguage\":\"sl-SI\"},{\"@type\":\"WebPage\",\"@id\":\"https:\\\/\\\/novice.si\\\/page\\\/dobje-odprt-je-natecaj-za-pokazi-kaj-znas\\\/\",\"url\":\"https:\\\/\\\/novice.si\\\/page\\\/dobje-odprt-je-natecaj-za-pokazi-kaj-znas\\\/\",\"name\":\"DOBJE Odprt je nate\u010daj za Poka\u017ei, kaj zna\u0161 - Novice.si\",\"isPartOf\":{\"@id\":\"https:\\\/\\\/novice.si\\\/page\\\/#website\"},\"primaryImageOfPage\":{\"@id\":\"https:\\\/\\\/novice.si\\\/page\\\/dobje-odprt-je-natecaj-za-pokazi-kaj-znas\\\/#primaryimage\"},\"image\":{\"@id\":\"https:\\\/\\\/novice.si\\\/page\\\/dobje-odprt-je-natecaj-za-pokazi-kaj-znas\\\/#primaryimage\"},\"thumbnailUrl\":\"https:\\\/\\\/novice.si\\\/page\\\/wp-content\\\/uploads\\\/2019\\\/07\\\/\u0160pas-kvintet.png\",\"datePublished\":\"2023-06-19T10:07:20+00:00\",\"breadcrumb\":{\"@id\":\"https:\\\/\\\/novice.si\\\/page\\\/dobje-odprt-je-natecaj-za-pokazi-kaj-znas\\\/#breadcrumb\"},\"inLanguage\":\"sl-SI\",\"potentialAction\":[{\"@type\":\"ReadAction\",\"target\":[\"https:\\\/\\\/novice.si\\\/page\\\/dobje-odprt-je-natecaj-za-pokazi-kaj-znas\\\/\"]}]},{\"@type\":\"ImageObject\",\"inLanguage\":\"sl-SI\",\"@id\":\"https:\\\/\\\/novice.si\\\/page\\\/dobje-odprt-je-natecaj-za-pokazi-kaj-znas\\\/#primaryimage\",\"url\":\"https:\\\/\\\/novice.si\\\/page\\\/wp-content\\\/uploads\\\/2019\\\/07\\\/\u0160pas-kvintet.png\",\"contentUrl\":\"https:\\\/\\\/novice.si\\\/page\\\/wp-content\\\/uploads\\\/2019\\\/07\\\/\u0160pas-kvintet.png\",\"width\":560,\"height\":406},{\"@type\":\"BreadcrumbList\",\"@id\":\"https:\\\/\\\/novice.si\\\/page\\\/dobje-odprt-je-natecaj-za-pokazi-kaj-znas\\\/#breadcrumb\",\"itemListElement\":[{\"@type\":\"ListItem\",\"position\":1,\"name\":\"Home\",\"item\":\"https:\\\/\\\/novice.si\\\/page\\\/\"},{\"@type\":\"ListItem\",\"position\":2,\"name\":\"DOBJE Odprt je nate\u010daj za Poka\u017ei, kaj zna\u0161\"}]},{\"@type\":\"WebSite\",\"@id\":\"https:\\\/\\\/novice.si\\\/page\\\/#website\",\"url\":\"https:\\\/\\\/novice.si\\\/page\\\/\",\"name\":\"Novice.si\",\"description\":\"\",\"publisher\":{\"@id\":\"https:\\\/\\\/novice.si\\\/page\\\/#organization\"},\"potentialAction\":[{\"@type\":\"SearchAction\",\"target\":{\"@type\":\"EntryPoint\",\"urlTemplate\":\"https:\\\/\\\/novice.si\\\/page\\\/?s={search_term_string}\"},\"query-input\":{\"@type\":\"PropertyValueSpecification\",\"valueRequired\":true,\"valueName\":\"search_term_string\"}}],\"inLanguage\":\"sl-SI\"},{\"@type\":\"Organization\",\"@id\":\"https:\\\/\\\/novice.si\\\/page\\\/#organization\",\"name\":\"Novice.si\",\"url\":\"https:\\\/\\\/novice.si\\\/page\\\/\",\"logo\":{\"@type\":\"ImageObject\",\"inLanguage\":\"sl-SI\",\"@id\":\"https:\\\/\\\/novice.si\\\/page\\\/#\\\/schema\\\/logo\\\/image\\\/\",\"url\":\"https:\\\/\\\/novice.si\\\/page\\\/wp-content\\\/uploads\\\/2023\\\/03\\\/novice_si.png\",\"contentUrl\":\"https:\\\/\\\/novice.si\\\/page\\\/wp-content\\\/uploads\\\/2023\\\/03\\\/novice_si.png\",\"width\":576,\"height\":200,\"caption\":\"Novice.si\"},\"image\":{\"@id\":\"https:\\\/\\\/novice.si\\\/page\\\/#\\\/schema\\\/logo\\\/image\\\/\"}},{\"@type\":\"Person\",\"@id\":\"https:\\\/\\\/novice.si\\\/page\\\/#\\\/schema\\\/person\\\/57f25c9642a9541c7349c65d32032c3e\",\"name\":\"Uredni\u0161tvo Celjana\",\"image\":{\"@type\":\"ImageObject\",\"inLanguage\":\"sl-SI\",\"@id\":\"https:\\\/\\\/secure.gravatar.com\\\/avatar\\\/78e52bc4279b65f6df6345e0ef0f7b792d361361f230cf4ffecfe0afe6d5629c?s=96&d=mm&r=g\",\"url\":\"https:\\\/\\\/secure.gravatar.com\\\/avatar\\\/78e52bc4279b65f6df6345e0ef0f7b792d361361f230cf4ffecfe0afe6d5629c?s=96&d=mm&r=g\",\"contentUrl\":\"https:\\\/\\\/secure.gravatar.com\\\/avatar\\\/78e52bc4279b65f6df6345e0ef0f7b792d361361f230cf4ffecfe0afe6d5629c?s=96&d=mm&r=g\",\"caption\":\"Uredni\u0161tvo Celjana\"},\"url\":\"https:\\\/\\\/novice.si\\\/page\\\/author\\\/primoz\\\/\"}]}<\/script>\n<!-- \/ Yoast SEO plugin. -->","yoast_head_json":{"title":"DOBJE Odprt je nate\u010daj za Poka\u017ei, kaj zna\u0161 - Novice.si","robots":{"index":"index","follow":"follow","max-snippet":"max-snippet:-1","max-image-preview":"max-image-preview:large","max-video-preview":"max-video-preview:-1"},"canonical":"https:\/\/novice.si\/page\/dobje-odprt-je-natecaj-za-pokazi-kaj-znas\/","og_locale":"sl_SI","og_type":"article","og_title":"DOBJE Odprt je nate\u010daj za Poka\u017ei, kaj zna\u0161 - Novice.si","og_description":"Kulturno dru\u0161tvo Dobje je razpisalo nate\u010daj za leto\u0161njo izvedbo festivala Poka\u017ei, kaj zna\u0161. Tega bodo zadnjo julijsko nedeljo izvedli \u017ee petdeseti\u010d, zainteresirani pa se na naslov dru\u0161tva lahko prijavijo do 24. julija. Forma enega najstarej\u0161ih slovenskih glasbenih festivalov tekmovalnega zna\u010daja ostaja nespremenjena \u2013 solisti in dueti se predstavijo z eno, ansambli pa z dvema skladbama. [&hellip;]","og_url":"https:\/\/novice.si\/page\/dobje-odprt-je-natecaj-za-pokazi-kaj-znas\/","og_site_name":"Novice.si","article_published_time":"2023-06-19T10:07:20+00:00","og_image":[{"width":560,"height":406,"url":"https:\/\/novice.si\/page\/wp-content\/uploads\/2019\/07\/\u0160pas-kvintet.png","type":"image\/png"}],"author":"Uredni\u0161tvo Celjana","twitter_card":"summary_large_image","twitter_misc":{"Written by":"Uredni\u0161tvo Celjana","Est. reading time":"1 minuta"},"schema":{"@context":"https:\/\/schema.org","@graph":[{"@type":"Article","@id":"https:\/\/novice.si\/page\/dobje-odprt-je-natecaj-za-pokazi-kaj-znas\/#article","isPartOf":{"@id":"https:\/\/novice.si\/page\/dobje-odprt-je-natecaj-za-pokazi-kaj-znas\/"},"author":{"name":"Uredni\u0161tvo Celjana","@id":"https:\/\/novice.si\/page\/#\/schema\/person\/57f25c9642a9541c7349c65d32032c3e"},"headline":"DOBJE Odprt je nate\u010daj za Poka\u017ei, kaj zna\u0161","datePublished":"2023-06-19T10:07:20+00:00","mainEntityOfPage":{"@id":"https:\/\/novice.si\/page\/dobje-odprt-je-natecaj-za-pokazi-kaj-znas\/"},"wordCount":83,"publisher":{"@id":"https:\/\/novice.si\/page\/#organization"},"image":{"@id":"https:\/\/novice.si\/page\/dobje-odprt-je-natecaj-za-pokazi-kaj-znas\/#primaryimage"},"thumbnailUrl":"https:\/\/novice.si\/page\/wp-content\/uploads\/2019\/07\/\u0160pas-kvintet.png","keywords":["Dobje","festival","KUD Dobje","nate\u010daj","Poka\u017ei kaj zna\u0161"],"articleSection":["\u0160entjursko"],"inLanguage":"sl-SI"},{"@type":"WebPage","@id":"https:\/\/novice.si\/page\/dobje-odprt-je-natecaj-za-pokazi-kaj-znas\/","url":"https:\/\/novice.si\/page\/dobje-odprt-je-natecaj-za-pokazi-kaj-znas\/","name":"DOBJE Odprt je nate\u010daj za Poka\u017ei, kaj zna\u0161 - Novice.si","isPartOf":{"@id":"https:\/\/novice.si\/page\/#website"},"primaryImageOfPage":{"@id":"https:\/\/novice.si\/page\/dobje-odprt-je-natecaj-za-pokazi-kaj-znas\/#primaryimage"},"image":{"@id":"https:\/\/novice.si\/page\/dobje-odprt-je-natecaj-za-pokazi-kaj-znas\/#primaryimage"},"thumbnailUrl":"https:\/\/novice.si\/page\/wp-content\/uploads\/2019\/07\/\u0160pas-kvintet.png","datePublished":"2023-06-19T10:07:20+00:00","breadcrumb":{"@id":"https:\/\/novice.si\/page\/dobje-odprt-je-natecaj-za-pokazi-kaj-znas\/#breadcrumb"},"inLanguage":"sl-SI","potentialAction":[{"@type":"ReadAction","target":["https:\/\/novice.si\/page\/dobje-odprt-je-natecaj-za-pokazi-kaj-znas\/"]}]},{"@type":"ImageObject","inLanguage":"sl-SI","@id":"https:\/\/novice.si\/page\/dobje-odprt-je-natecaj-za-pokazi-kaj-znas\/#primaryimage","url":"https:\/\/novice.si\/page\/wp-content\/uploads\/2019\/07\/\u0160pas-kvintet.png","contentUrl":"https:\/\/novice.si\/page\/wp-content\/uploads\/2019\/07\/\u0160pas-kvintet.png","width":560,"height":406},{"@type":"BreadcrumbList","@id":"https:\/\/novice.si\/page\/dobje-odprt-je-natecaj-za-pokazi-kaj-znas\/#breadcrumb","itemListElement":[{"@type":"ListItem","position":1,"name":"Home","item":"https:\/\/novice.si\/page\/"},{"@type":"ListItem","position":2,"name":"DOBJE Odprt je nate\u010daj za Poka\u017ei, kaj zna\u0161"}]},{"@type":"WebSite","@id":"https:\/\/novice.si\/page\/#website","url":"https:\/\/novice.si\/page\/","name":"Novice.si","description":"","publisher":{"@id":"https:\/\/novice.si\/page\/#organization"},"potentialAction":[{"@type":"SearchAction","target":{"@type":"EntryPoint","urlTemplate":"https:\/\/novice.si\/page\/?s={search_term_string}"},"query-input":{"@type":"PropertyValueSpecification","valueRequired":true,"valueName":"search_term_string"}}],"inLanguage":"sl-SI"},{"@type":"Organization","@id":"https:\/\/novice.si\/page\/#organization","name":"Novice.si","url":"https:\/\/novice.si\/page\/","logo":{"@type":"ImageObject","inLanguage":"sl-SI","@id":"https:\/\/novice.si\/page\/#\/schema\/logo\/image\/","url":"https:\/\/novice.si\/page\/wp-content\/uploads\/2023\/03\/novice_si.png","contentUrl":"https:\/\/novice.si\/page\/wp-content\/uploads\/2023\/03\/novice_si.png","width":576,"height":200,"caption":"Novice.si"},"image":{"@id":"https:\/\/novice.si\/page\/#\/schema\/logo\/image\/"}},{"@type":"Person","@id":"https:\/\/novice.si\/page\/#\/schema\/person\/57f25c9642a9541c7349c65d32032c3e","name":"Uredni\u0161tvo Celjana","image":{"@type":"ImageObject","inLanguage":"sl-SI","@id":"https:\/\/secure.gravatar.com\/avatar\/78e52bc4279b65f6df6345e0ef0f7b792d361361f230cf4ffecfe0afe6d5629c?s=96&d=mm&r=g","url":"https:\/\/secure.gravatar.com\/avatar\/78e52bc4279b65f6df6345e0ef0f7b792d361361f230cf4ffecfe0afe6d5629c?s=96&d=mm&r=g","contentUrl":"https:\/\/secure.gravatar.com\/avatar\/78e52bc4279b65f6df6345e0ef0f7b792d361361f230cf4ffecfe0afe6d5629c?s=96&d=mm&r=g","caption":"Uredni\u0161tvo Celjana"},"url":"https:\/\/novice.si\/page\/author\/primoz\/"}]}},"_links":{"self":[{"href":"https:\/\/novice.si\/page\/wp-json\/wp\/v2\/posts\/164045","targetHints":{"allow":["GET"]}}],"collection":[{"href":"https:\/\/novice.si\/page\/wp-json\/wp\/v2\/posts"}],"about":[{"href":"https:\/\/novice.si\/page\/wp-json\/wp\/v2\/types\/post"}],"author":[{"embeddable":true,"href":"https:\/\/novice.si\/page\/wp-json\/wp\/v2\/users\/33"}],"replies":[{"embeddable":true,"href":"https:\/\/novice.si\/page\/wp-json\/wp\/v2\/comments?post=164045"}],"version-history":[{"count":1,"href":"https:\/\/novice.si\/page\/wp-json\/wp\/v2\/posts\/164045\/revisions"}],"predecessor-version":[{"id":164046,"href":"https:\/\/novice.si\/page\/wp-json\/wp\/v2\/posts\/164045\/revisions\/164046"}],"wp:featuredmedia":[{"embeddable":true,"href":"https:\/\/novice.si\/page\/wp-json\/wp\/v2\/media\/109537"}],"wp:attachment":[{"href":"https:\/\/novice.si\/page\/wp-json\/wp\/v2\/media?parent=164045"}],"wp:term":[{"taxonomy":"category","embeddable":true,"href":"https:\/\/novice.si\/page\/wp-json\/wp\/v2\/categories?post=164045"},{"taxonomy":"post_tag","embeddable":true,"href":"https:\/\/novice.si\/page\/wp-json\/wp\/v2\/tags?post=164045"}],"curies":[{"name":"wp","href":"https:\/\/api.w.org\/{rel}","templated":true}]}}