{"id":163965,"date":"2023-06-15T13:34:32","date_gmt":"2023-06-15T11:34:32","guid":{"rendered":"https:\/\/novice.si\/page\/?p=163965"},"modified":"2023-06-15T13:34:32","modified_gmt":"2023-06-15T11:34:32","slug":"zacenja-se-eurobasket-za-zenske-za-slovenke-s-tekmo-proti-britankam","status":"publish","type":"post","link":"https:\/\/novice.si\/page\/zacenja-se-eurobasket-za-zenske-za-slovenke-s-tekmo-proti-britankam\/","title":{"rendered":"Za\u010denja se EuroBasket za \u017eenske, za Slovenke s tekmo proti Britankam"},"content":{"rendered":"<p><img loading=\"lazy\" decoding=\"async\" class=\"alignnone size-medium wp-image-163969\" src=\"https:\/\/novice.si\/page\/wp-content\/uploads\/2023\/06\/kosarka-reprezentanca-zenske-foto-KZS-\u2013-Jan-Gregorc-600x400.jpg\" alt=\"\" width=\"600\" height=\"400\" srcset=\"https:\/\/novice.si\/page\/wp-content\/uploads\/2023\/06\/kosarka-reprezentanca-zenske-foto-KZS-\u2013-Jan-Gregorc-600x400.jpg 600w, https:\/\/novice.si\/page\/wp-content\/uploads\/2023\/06\/kosarka-reprezentanca-zenske-foto-KZS-\u2013-Jan-Gregorc-768x512.jpg 768w, https:\/\/novice.si\/page\/wp-content\/uploads\/2023\/06\/kosarka-reprezentanca-zenske-foto-KZS-\u2013-Jan-Gregorc-696x464.jpg 696w, https:\/\/novice.si\/page\/wp-content\/uploads\/2023\/06\/kosarka-reprezentanca-zenske-foto-KZS-\u2013-Jan-Gregorc-630x420.jpg 630w, https:\/\/novice.si\/page\/wp-content\/uploads\/2023\/06\/kosarka-reprezentanca-zenske-foto-KZS-\u2013-Jan-Gregorc-24x16.jpg 24w, https:\/\/novice.si\/page\/wp-content\/uploads\/2023\/06\/kosarka-reprezentanca-zenske-foto-KZS-\u2013-Jan-Gregorc-36x24.jpg 36w, https:\/\/novice.si\/page\/wp-content\/uploads\/2023\/06\/kosarka-reprezentanca-zenske-foto-KZS-\u2013-Jan-Gregorc-48x32.jpg 48w, https:\/\/novice.si\/page\/wp-content\/uploads\/2023\/06\/kosarka-reprezentanca-zenske-foto-KZS-\u2013-Jan-Gregorc.jpg 900w\" sizes=\"auto, (max-width: 600px) 100vw, 600px\" \/><br \/>\nDanes se za\u010denja evropsko prvenstvo v ko\u0161arki za \u017eenske, ki ga bosta gostili dve mesti, Ljubljana in Tel Aviv. Slovenke bodo igrale v Ljubljani in v prvem delu tekmovanja jih ta teden \u010dakajo tri tekme.<br \/>\nPrva tekma Slovenke na doma\u010dem EuroBasketu \u010daka \u017ee danes ob 18. uri, ko se bodo pomerile z nasprotnicami iz Velike Britanije. Jutri se bodo pomerile z Nemkami in v nedeljo s Francozinjami. Med dvanajsterico igralk, ki bodo zastopale slovenske barve so tudi Konji\u010danka <strong>Aj\u0161a Sivka<\/strong> ter aktualni \u010dlanici Cinkarne Celje <strong>Lea Debeljak <\/strong>in <strong>Bla\u017ea \u010ceh<\/strong>. Do zadnjega je bila v igri tudi Zre\u010danka <strong>Zala \u0160rot<\/strong>, ki je oddelala celotne priprave, iz ekipe pa izpadla, ko je selektor seznam \u0161tirinajstih igralk skr\u010dil na kon\u010dnih dvanajst.<br \/>\nSelektor slovenske \u017eenske \u010dlanske reprezentance <strong>Georgios Dikaioulakos <\/strong>je pred prvo tekmo dejal: &#8220;Kon\u010dno bomo do\u010dakali dan, ki ga vse reprezentance \u017ee od za\u010detka priprav nestrpno pri\u010dakujemo. Prvenstvo za\u010denjamo s tekmo proti Veliki Britaniji. Gre za ekipo, ki je fizi\u010dno zelo mo\u010dna. Na\u0161a osnovna naloga bo, da nadziramo skok ter na splo\u0161no bitko v raketi in pod obema obro\u010dema. Upamo, da nam bodo navija\u010di dali dodaten veter v hrbet in bomo prvenstvo za\u010deli z zmago, ki si jo vsi neizmerno \u017eelimo.&#8221; (Jure Mernik)<br \/>\nFoto: KZS \/ Jan Gregorc<\/p>\n<p>&nbsp;<\/p>\n","protected":false},"excerpt":{"rendered":"<p>Danes se za\u010denja evropsko prvenstvo v ko\u0161arki za \u017eenske, ki ga bosta gostili dve mesti, Ljubljana in Tel Aviv. Slovenke bodo igrale v Ljubljani in v prvem delu tekmovanja jih ta teden \u010dakajo tri tekme. Prva tekma Slovenke na doma\u010dem EuroBasketu \u010daka \u017ee danes ob 18. uri, ko se bodo pomerile z nasprotnicami iz Velike [&hellip;]<\/p>\n","protected":false},"author":7,"featured_media":163969,"comment_status":"closed","ping_status":"closed","sticky":false,"template":"","format":"standard","meta":{"footnotes":""},"categories":[14,17,16,68],"tags":[13169,14051,17844,18072],"class_list":{"0":"post-163965","1":"post","2":"type-post","3":"status-publish","4":"format-standard","5":"has-post-thumbnail","7":"category-aktualno","8":"category-celjsko","9":"category-konjisko","10":"category-sport","11":"tag-ajsa-sivka","12":"tag-blaza-ceh","13":"tag-eurobasket-za-zenske-2023","14":"tag-lea-debeljak"},"yoast_head":"<!-- This site is optimized with the Yoast SEO plugin v27.4 - https:\/\/yoast.com\/product\/yoast-seo-wordpress\/ -->\n<title>Za\u010denja se EuroBasket za \u017eenske, za Slovenke s tekmo proti Britankam - Novice.si<\/title>\n<meta name=\"robots\" content=\"index, follow, max-snippet:-1, max-image-preview:large, max-video-preview:-1\" \/>\n<link rel=\"canonical\" href=\"https:\/\/novice.si\/page\/zacenja-se-eurobasket-za-zenske-za-slovenke-s-tekmo-proti-britankam\/\" \/>\n<meta property=\"og:locale\" content=\"sl_SI\" \/>\n<meta property=\"og:type\" content=\"article\" \/>\n<meta property=\"og:title\" content=\"Za\u010denja se EuroBasket za \u017eenske, za Slovenke s tekmo proti Britankam - Novice.si\" \/>\n<meta property=\"og:description\" content=\"Danes se za\u010denja evropsko prvenstvo v ko\u0161arki za \u017eenske, ki ga bosta gostili dve mesti, Ljubljana in Tel Aviv. Slovenke bodo igrale v Ljubljani in v prvem delu tekmovanja jih ta teden \u010dakajo tri tekme. Prva tekma Slovenke na doma\u010dem EuroBasketu \u010daka \u017ee danes ob 18. uri, ko se bodo pomerile z nasprotnicami iz Velike [&hellip;]\" \/>\n<meta property=\"og:url\" content=\"https:\/\/novice.si\/page\/zacenja-se-eurobasket-za-zenske-za-slovenke-s-tekmo-proti-britankam\/\" \/>\n<meta property=\"og:site_name\" content=\"Novice.si\" \/>\n<meta property=\"article:published_time\" content=\"2023-06-15T11:34:32+00:00\" \/>\n<meta property=\"og:image\" content=\"https:\/\/novice.si\/page\/wp-content\/uploads\/2023\/06\/kosarka-reprezentanca-zenske-foto-KZS-\u2013-Jan-Gregorc.jpg\" \/>\n\t<meta property=\"og:image:width\" content=\"900\" \/>\n\t<meta property=\"og:image:height\" content=\"600\" \/>\n\t<meta property=\"og:image:type\" content=\"image\/jpeg\" \/>\n<meta name=\"author\" content=\"Uredni\u0161tvo Novic\" \/>\n<meta name=\"twitter:card\" content=\"summary_large_image\" \/>\n<meta name=\"twitter:label1\" content=\"Written by\" \/>\n\t<meta name=\"twitter:data1\" content=\"Uredni\u0161tvo Novic\" \/>\n\t<meta name=\"twitter:label2\" content=\"Est. reading time\" \/>\n\t<meta name=\"twitter:data2\" content=\"2 minuti\" \/>\n<script type=\"application\/ld+json\" class=\"yoast-schema-graph\">{\"@context\":\"https:\\\/\\\/schema.org\",\"@graph\":[{\"@type\":\"Article\",\"@id\":\"https:\\\/\\\/novice.si\\\/page\\\/zacenja-se-eurobasket-za-zenske-za-slovenke-s-tekmo-proti-britankam\\\/#article\",\"isPartOf\":{\"@id\":\"https:\\\/\\\/novice.si\\\/page\\\/zacenja-se-eurobasket-za-zenske-za-slovenke-s-tekmo-proti-britankam\\\/\"},\"author\":{\"name\":\"Uredni\u0161tvo Novic\",\"@id\":\"https:\\\/\\\/novice.si\\\/page\\\/#\\\/schema\\\/person\\\/a877dbb8680d441357ce27663beb35ca\"},\"headline\":\"Za\u010denja se EuroBasket za \u017eenske, za Slovenke s tekmo proti Britankam\",\"datePublished\":\"2023-06-15T11:34:32+00:00\",\"mainEntityOfPage\":{\"@id\":\"https:\\\/\\\/novice.si\\\/page\\\/zacenja-se-eurobasket-za-zenske-za-slovenke-s-tekmo-proti-britankam\\\/\"},\"wordCount\":238,\"publisher\":{\"@id\":\"https:\\\/\\\/novice.si\\\/page\\\/#organization\"},\"image\":{\"@id\":\"https:\\\/\\\/novice.si\\\/page\\\/zacenja-se-eurobasket-za-zenske-za-slovenke-s-tekmo-proti-britankam\\\/#primaryimage\"},\"thumbnailUrl\":\"https:\\\/\\\/novice.si\\\/page\\\/wp-content\\\/uploads\\\/2023\\\/06\\\/kosarka-reprezentanca-zenske-foto-KZS-\u2013-Jan-Gregorc.jpg\",\"keywords\":[\"Aj\u0161a Sivka\",\"Bla\u017ea \u010ceh\",\"EuroBasket za \u017eenske 2023\",\"Lea Debeljak\"],\"articleSection\":[\"Aktualno\",\"Celjsko\",\"Konji\u0161ko\",\"\u0160port\"],\"inLanguage\":\"sl-SI\"},{\"@type\":\"WebPage\",\"@id\":\"https:\\\/\\\/novice.si\\\/page\\\/zacenja-se-eurobasket-za-zenske-za-slovenke-s-tekmo-proti-britankam\\\/\",\"url\":\"https:\\\/\\\/novice.si\\\/page\\\/zacenja-se-eurobasket-za-zenske-za-slovenke-s-tekmo-proti-britankam\\\/\",\"name\":\"Za\u010denja se EuroBasket za \u017eenske, za Slovenke s tekmo proti Britankam - Novice.si\",\"isPartOf\":{\"@id\":\"https:\\\/\\\/novice.si\\\/page\\\/#website\"},\"primaryImageOfPage\":{\"@id\":\"https:\\\/\\\/novice.si\\\/page\\\/zacenja-se-eurobasket-za-zenske-za-slovenke-s-tekmo-proti-britankam\\\/#primaryimage\"},\"image\":{\"@id\":\"https:\\\/\\\/novice.si\\\/page\\\/zacenja-se-eurobasket-za-zenske-za-slovenke-s-tekmo-proti-britankam\\\/#primaryimage\"},\"thumbnailUrl\":\"https:\\\/\\\/novice.si\\\/page\\\/wp-content\\\/uploads\\\/2023\\\/06\\\/kosarka-reprezentanca-zenske-foto-KZS-\u2013-Jan-Gregorc.jpg\",\"datePublished\":\"2023-06-15T11:34:32+00:00\",\"breadcrumb\":{\"@id\":\"https:\\\/\\\/novice.si\\\/page\\\/zacenja-se-eurobasket-za-zenske-za-slovenke-s-tekmo-proti-britankam\\\/#breadcrumb\"},\"inLanguage\":\"sl-SI\",\"potentialAction\":[{\"@type\":\"ReadAction\",\"target\":[\"https:\\\/\\\/novice.si\\\/page\\\/zacenja-se-eurobasket-za-zenske-za-slovenke-s-tekmo-proti-britankam\\\/\"]}]},{\"@type\":\"ImageObject\",\"inLanguage\":\"sl-SI\",\"@id\":\"https:\\\/\\\/novice.si\\\/page\\\/zacenja-se-eurobasket-za-zenske-za-slovenke-s-tekmo-proti-britankam\\\/#primaryimage\",\"url\":\"https:\\\/\\\/novice.si\\\/page\\\/wp-content\\\/uploads\\\/2023\\\/06\\\/kosarka-reprezentanca-zenske-foto-KZS-\u2013-Jan-Gregorc.jpg\",\"contentUrl\":\"https:\\\/\\\/novice.si\\\/page\\\/wp-content\\\/uploads\\\/2023\\\/06\\\/kosarka-reprezentanca-zenske-foto-KZS-\u2013-Jan-Gregorc.jpg\",\"width\":900,\"height\":600},{\"@type\":\"BreadcrumbList\",\"@id\":\"https:\\\/\\\/novice.si\\\/page\\\/zacenja-se-eurobasket-za-zenske-za-slovenke-s-tekmo-proti-britankam\\\/#breadcrumb\",\"itemListElement\":[{\"@type\":\"ListItem\",\"position\":1,\"name\":\"Home\",\"item\":\"https:\\\/\\\/novice.si\\\/page\\\/\"},{\"@type\":\"ListItem\",\"position\":2,\"name\":\"Za\u010denja se EuroBasket za \u017eenske, za Slovenke s tekmo proti Britankam\"}]},{\"@type\":\"WebSite\",\"@id\":\"https:\\\/\\\/novice.si\\\/page\\\/#website\",\"url\":\"https:\\\/\\\/novice.si\\\/page\\\/\",\"name\":\"Novice.si\",\"description\":\"\",\"publisher\":{\"@id\":\"https:\\\/\\\/novice.si\\\/page\\\/#organization\"},\"potentialAction\":[{\"@type\":\"SearchAction\",\"target\":{\"@type\":\"EntryPoint\",\"urlTemplate\":\"https:\\\/\\\/novice.si\\\/page\\\/?s={search_term_string}\"},\"query-input\":{\"@type\":\"PropertyValueSpecification\",\"valueRequired\":true,\"valueName\":\"search_term_string\"}}],\"inLanguage\":\"sl-SI\"},{\"@type\":\"Organization\",\"@id\":\"https:\\\/\\\/novice.si\\\/page\\\/#organization\",\"name\":\"Novice.si\",\"url\":\"https:\\\/\\\/novice.si\\\/page\\\/\",\"logo\":{\"@type\":\"ImageObject\",\"inLanguage\":\"sl-SI\",\"@id\":\"https:\\\/\\\/novice.si\\\/page\\\/#\\\/schema\\\/logo\\\/image\\\/\",\"url\":\"https:\\\/\\\/novice.si\\\/page\\\/wp-content\\\/uploads\\\/2023\\\/03\\\/novice_si.png\",\"contentUrl\":\"https:\\\/\\\/novice.si\\\/page\\\/wp-content\\\/uploads\\\/2023\\\/03\\\/novice_si.png\",\"width\":576,\"height\":200,\"caption\":\"Novice.si\"},\"image\":{\"@id\":\"https:\\\/\\\/novice.si\\\/page\\\/#\\\/schema\\\/logo\\\/image\\\/\"}},{\"@type\":\"Person\",\"@id\":\"https:\\\/\\\/novice.si\\\/page\\\/#\\\/schema\\\/person\\\/a877dbb8680d441357ce27663beb35ca\",\"name\":\"Uredni\u0161tvo Novic\",\"image\":{\"@type\":\"ImageObject\",\"inLanguage\":\"sl-SI\",\"@id\":\"https:\\\/\\\/secure.gravatar.com\\\/avatar\\\/f19c0ae874706cc9ba19d2f6da5f74a5a5ee7674f283fed29ce0ad16a9f1893e?s=96&d=mm&r=g\",\"url\":\"https:\\\/\\\/secure.gravatar.com\\\/avatar\\\/f19c0ae874706cc9ba19d2f6da5f74a5a5ee7674f283fed29ce0ad16a9f1893e?s=96&d=mm&r=g\",\"contentUrl\":\"https:\\\/\\\/secure.gravatar.com\\\/avatar\\\/f19c0ae874706cc9ba19d2f6da5f74a5a5ee7674f283fed29ce0ad16a9f1893e?s=96&d=mm&r=g\",\"caption\":\"Uredni\u0161tvo Novic\"},\"url\":\"https:\\\/\\\/novice.si\\\/page\\\/author\\\/jure\\\/\"}]}<\/script>\n<!-- \/ Yoast SEO plugin. -->","yoast_head_json":{"title":"Za\u010denja se EuroBasket za \u017eenske, za Slovenke s tekmo proti Britankam - Novice.si","robots":{"index":"index","follow":"follow","max-snippet":"max-snippet:-1","max-image-preview":"max-image-preview:large","max-video-preview":"max-video-preview:-1"},"canonical":"https:\/\/novice.si\/page\/zacenja-se-eurobasket-za-zenske-za-slovenke-s-tekmo-proti-britankam\/","og_locale":"sl_SI","og_type":"article","og_title":"Za\u010denja se EuroBasket za \u017eenske, za Slovenke s tekmo proti Britankam - Novice.si","og_description":"Danes se za\u010denja evropsko prvenstvo v ko\u0161arki za \u017eenske, ki ga bosta gostili dve mesti, Ljubljana in Tel Aviv. Slovenke bodo igrale v Ljubljani in v prvem delu tekmovanja jih ta teden \u010dakajo tri tekme. Prva tekma Slovenke na doma\u010dem EuroBasketu \u010daka \u017ee danes ob 18. uri, ko se bodo pomerile z nasprotnicami iz Velike [&hellip;]","og_url":"https:\/\/novice.si\/page\/zacenja-se-eurobasket-za-zenske-za-slovenke-s-tekmo-proti-britankam\/","og_site_name":"Novice.si","article_published_time":"2023-06-15T11:34:32+00:00","og_image":[{"width":900,"height":600,"url":"https:\/\/novice.si\/page\/wp-content\/uploads\/2023\/06\/kosarka-reprezentanca-zenske-foto-KZS-\u2013-Jan-Gregorc.jpg","type":"image\/jpeg"}],"author":"Uredni\u0161tvo Novic","twitter_card":"summary_large_image","twitter_misc":{"Written by":"Uredni\u0161tvo Novic","Est. reading time":"2 minuti"},"schema":{"@context":"https:\/\/schema.org","@graph":[{"@type":"Article","@id":"https:\/\/novice.si\/page\/zacenja-se-eurobasket-za-zenske-za-slovenke-s-tekmo-proti-britankam\/#article","isPartOf":{"@id":"https:\/\/novice.si\/page\/zacenja-se-eurobasket-za-zenske-za-slovenke-s-tekmo-proti-britankam\/"},"author":{"name":"Uredni\u0161tvo Novic","@id":"https:\/\/novice.si\/page\/#\/schema\/person\/a877dbb8680d441357ce27663beb35ca"},"headline":"Za\u010denja se EuroBasket za \u017eenske, za Slovenke s tekmo proti Britankam","datePublished":"2023-06-15T11:34:32+00:00","mainEntityOfPage":{"@id":"https:\/\/novice.si\/page\/zacenja-se-eurobasket-za-zenske-za-slovenke-s-tekmo-proti-britankam\/"},"wordCount":238,"publisher":{"@id":"https:\/\/novice.si\/page\/#organization"},"image":{"@id":"https:\/\/novice.si\/page\/zacenja-se-eurobasket-za-zenske-za-slovenke-s-tekmo-proti-britankam\/#primaryimage"},"thumbnailUrl":"https:\/\/novice.si\/page\/wp-content\/uploads\/2023\/06\/kosarka-reprezentanca-zenske-foto-KZS-\u2013-Jan-Gregorc.jpg","keywords":["Aj\u0161a Sivka","Bla\u017ea \u010ceh","EuroBasket za \u017eenske 2023","Lea Debeljak"],"articleSection":["Aktualno","Celjsko","Konji\u0161ko","\u0160port"],"inLanguage":"sl-SI"},{"@type":"WebPage","@id":"https:\/\/novice.si\/page\/zacenja-se-eurobasket-za-zenske-za-slovenke-s-tekmo-proti-britankam\/","url":"https:\/\/novice.si\/page\/zacenja-se-eurobasket-za-zenske-za-slovenke-s-tekmo-proti-britankam\/","name":"Za\u010denja se EuroBasket za \u017eenske, za Slovenke s tekmo proti Britankam - Novice.si","isPartOf":{"@id":"https:\/\/novice.si\/page\/#website"},"primaryImageOfPage":{"@id":"https:\/\/novice.si\/page\/zacenja-se-eurobasket-za-zenske-za-slovenke-s-tekmo-proti-britankam\/#primaryimage"},"image":{"@id":"https:\/\/novice.si\/page\/zacenja-se-eurobasket-za-zenske-za-slovenke-s-tekmo-proti-britankam\/#primaryimage"},"thumbnailUrl":"https:\/\/novice.si\/page\/wp-content\/uploads\/2023\/06\/kosarka-reprezentanca-zenske-foto-KZS-\u2013-Jan-Gregorc.jpg","datePublished":"2023-06-15T11:34:32+00:00","breadcrumb":{"@id":"https:\/\/novice.si\/page\/zacenja-se-eurobasket-za-zenske-za-slovenke-s-tekmo-proti-britankam\/#breadcrumb"},"inLanguage":"sl-SI","potentialAction":[{"@type":"ReadAction","target":["https:\/\/novice.si\/page\/zacenja-se-eurobasket-za-zenske-za-slovenke-s-tekmo-proti-britankam\/"]}]},{"@type":"ImageObject","inLanguage":"sl-SI","@id":"https:\/\/novice.si\/page\/zacenja-se-eurobasket-za-zenske-za-slovenke-s-tekmo-proti-britankam\/#primaryimage","url":"https:\/\/novice.si\/page\/wp-content\/uploads\/2023\/06\/kosarka-reprezentanca-zenske-foto-KZS-\u2013-Jan-Gregorc.jpg","contentUrl":"https:\/\/novice.si\/page\/wp-content\/uploads\/2023\/06\/kosarka-reprezentanca-zenske-foto-KZS-\u2013-Jan-Gregorc.jpg","width":900,"height":600},{"@type":"BreadcrumbList","@id":"https:\/\/novice.si\/page\/zacenja-se-eurobasket-za-zenske-za-slovenke-s-tekmo-proti-britankam\/#breadcrumb","itemListElement":[{"@type":"ListItem","position":1,"name":"Home","item":"https:\/\/novice.si\/page\/"},{"@type":"ListItem","position":2,"name":"Za\u010denja se EuroBasket za \u017eenske, za Slovenke s tekmo proti Britankam"}]},{"@type":"WebSite","@id":"https:\/\/novice.si\/page\/#website","url":"https:\/\/novice.si\/page\/","name":"Novice.si","description":"","publisher":{"@id":"https:\/\/novice.si\/page\/#organization"},"potentialAction":[{"@type":"SearchAction","target":{"@type":"EntryPoint","urlTemplate":"https:\/\/novice.si\/page\/?s={search_term_string}"},"query-input":{"@type":"PropertyValueSpecification","valueRequired":true,"valueName":"search_term_string"}}],"inLanguage":"sl-SI"},{"@type":"Organization","@id":"https:\/\/novice.si\/page\/#organization","name":"Novice.si","url":"https:\/\/novice.si\/page\/","logo":{"@type":"ImageObject","inLanguage":"sl-SI","@id":"https:\/\/novice.si\/page\/#\/schema\/logo\/image\/","url":"https:\/\/novice.si\/page\/wp-content\/uploads\/2023\/03\/novice_si.png","contentUrl":"https:\/\/novice.si\/page\/wp-content\/uploads\/2023\/03\/novice_si.png","width":576,"height":200,"caption":"Novice.si"},"image":{"@id":"https:\/\/novice.si\/page\/#\/schema\/logo\/image\/"}},{"@type":"Person","@id":"https:\/\/novice.si\/page\/#\/schema\/person\/a877dbb8680d441357ce27663beb35ca","name":"Uredni\u0161tvo Novic","image":{"@type":"ImageObject","inLanguage":"sl-SI","@id":"https:\/\/secure.gravatar.com\/avatar\/f19c0ae874706cc9ba19d2f6da5f74a5a5ee7674f283fed29ce0ad16a9f1893e?s=96&d=mm&r=g","url":"https:\/\/secure.gravatar.com\/avatar\/f19c0ae874706cc9ba19d2f6da5f74a5a5ee7674f283fed29ce0ad16a9f1893e?s=96&d=mm&r=g","contentUrl":"https:\/\/secure.gravatar.com\/avatar\/f19c0ae874706cc9ba19d2f6da5f74a5a5ee7674f283fed29ce0ad16a9f1893e?s=96&d=mm&r=g","caption":"Uredni\u0161tvo Novic"},"url":"https:\/\/novice.si\/page\/author\/jure\/"}]}},"_links":{"self":[{"href":"https:\/\/novice.si\/page\/wp-json\/wp\/v2\/posts\/163965","targetHints":{"allow":["GET"]}}],"collection":[{"href":"https:\/\/novice.si\/page\/wp-json\/wp\/v2\/posts"}],"about":[{"href":"https:\/\/novice.si\/page\/wp-json\/wp\/v2\/types\/post"}],"author":[{"embeddable":true,"href":"https:\/\/novice.si\/page\/wp-json\/wp\/v2\/users\/7"}],"replies":[{"embeddable":true,"href":"https:\/\/novice.si\/page\/wp-json\/wp\/v2\/comments?post=163965"}],"version-history":[{"count":1,"href":"https:\/\/novice.si\/page\/wp-json\/wp\/v2\/posts\/163965\/revisions"}],"predecessor-version":[{"id":163970,"href":"https:\/\/novice.si\/page\/wp-json\/wp\/v2\/posts\/163965\/revisions\/163970"}],"wp:featuredmedia":[{"embeddable":true,"href":"https:\/\/novice.si\/page\/wp-json\/wp\/v2\/media\/163969"}],"wp:attachment":[{"href":"https:\/\/novice.si\/page\/wp-json\/wp\/v2\/media?parent=163965"}],"wp:term":[{"taxonomy":"category","embeddable":true,"href":"https:\/\/novice.si\/page\/wp-json\/wp\/v2\/categories?post=163965"},{"taxonomy":"post_tag","embeddable":true,"href":"https:\/\/novice.si\/page\/wp-json\/wp\/v2\/tags?post=163965"}],"curies":[{"name":"wp","href":"https:\/\/api.w.org\/{rel}","templated":true}]}}