{"id":163906,"date":"2023-06-14T13:44:40","date_gmt":"2023-06-14T11:44:40","guid":{"rendered":"https:\/\/novice.si\/page\/?p=163906"},"modified":"2023-06-14T13:44:40","modified_gmt":"2023-06-14T11:44:40","slug":"slovenska-bistrica-plesni-studio-siri-plesno-kulturo-med-vse-generacije-ljudi","status":"publish","type":"post","link":"https:\/\/novice.si\/page\/slovenska-bistrica-plesni-studio-siri-plesno-kulturo-med-vse-generacije-ljudi\/","title":{"rendered":"Slovenska Bistrica: plesni studio \u0161iri plesno kulturo med vse generacije ljudi"},"content":{"rendered":"<p>Iz <strong>Plesnega studia Plohl<\/strong> v Slovenski Bistrici prihajajo novice o dose\u017ekih njihovih plesnih varovancev.<\/p>\n<p><strong>Aneta in \u017dan, sta postala dr\u017eavna prvaka<br \/>\n<\/strong>V Ivan\u010dni Gorici je 10. junija potekalo \u0161e zadnje dr\u017eavno prvenstvo v plesni sezoni 2022\/2023. Plesni pari so se pomerili v kombinaciji 10 plesov (standardni in latinsko-ameri\u0161ki plesi). Plesni studio Plohl je plesno sezono okronal z lepimi dose\u017eki: V kategoriji mlaj\u0161ih pionirjev sta varovanca Luka Kova\u010di\u010d in Ema Ivani\u0161evi\u010d zasedla 4. mesto. Med pionirji so se izjemno razveselili naslova dr\u017eavnih prvakov, ki sta nam ga priplesala \u017dan Skrbinek in Aneta Kav\u010di\u010d Ra\u010dunica, njuna klubska kolega Kristijan Mesari\u010d in Julija Brence pa sta se zavihtela na 3. mesto. Tudi med mlaj\u0161imi mladinci so imeli dva predstavnika &#8211; Erik Rampre in Ana Vidovi\u010d, sta postala vice prvaka Slovenije, Lan Pristovnik in Mimi Godec pa sta se okronala z bronasto medaljo. Med mladinci so imeli kar tri predstavnike, med katerimi sta se najvi\u0161je povzpela Jaka Kro\u0161l in \u017dana Hudin, na odli\u010dno 3. mesto. Tian Kodri\u010d Mlakar in Nina Bra\u010di\u010d sta se uvrstila na 4. mesto, po \u0161ele petih mesecih skupne plesne poti. Nik Ivani\u0161evi\u010d in Tia \u0160prem pa sta med mladinci zasedla 5. mesto.<\/p>\n\r\n                <style type=\"text\/css\">\r\n                    \r\n                    #tdi_1  .td-doubleSlider-2 .td-item1 {\r\n                        background: url(https:\/\/novice.si\/page\/wp-content\/uploads\/2023\/06\/FIT-BABI_resize-80x60.jpg) 0 0 no-repeat;\r\n                    }\r\n                    #tdi_1  .td-doubleSlider-2 .td-item2 {\r\n                        background: url(https:\/\/novice.si\/page\/wp-content\/uploads\/2023\/06\/Izaja-in-Sofia2_resize-80x60.jpg) 0 0 no-repeat;\r\n                    }\r\n                    #tdi_1  .td-doubleSlider-2 .td-item3 {\r\n                        background: url(https:\/\/novice.si\/page\/wp-content\/uploads\/2023\/06\/LATIN-LADIES_resize-80x60.jpg) 0 0 no-repeat;\r\n                    }\r\n                    #tdi_1  .td-doubleSlider-2 .td-item4 {\r\n                        background: url(https:\/\/novice.si\/page\/wp-content\/uploads\/2023\/06\/ZALA-Jezovnik2_resize-80x60.jpg) 0 0 no-repeat;\r\n                    }\r\n                    #tdi_1  .td-doubleSlider-2 .td-item5 {\r\n                        background: url(https:\/\/novice.si\/page\/wp-content\/uploads\/2023\/06\/Zan-Skrbinek-in-Aneta-Kavcic-Racunica2_resize-80x60.jpeg) 0 0 no-repeat;\r\n                    }\r\n                <\/style>\r\n\r\n                <div id=\"tdi_1\" class=\"td-gallery td-slide-on-2-columns\">\r\n                    <div class=\"post_td_gallery\">\r\n                        <div class=\"td-gallery-slide-top\">\r\n                           <div class=\"td-gallery-title\"><\/div>\r\n\r\n                            <div class=\"td-gallery-controls-wrapper\">\r\n                                <div class=\"td-gallery-slide-count\"><span class=\"td-gallery-slide-item-focus\">1<\/span> od 5<\/div>\r\n                                <div class=\"td-gallery-slide-prev-next-but\">\r\n                                    <i class = \"td-icon-left doubleSliderPrevButton\"><\/i>\r\n                                    <i class = \"td-icon-right doubleSliderNextButton\"><\/i>\r\n                                <\/div>\r\n                            <\/div>\r\n                        <\/div>\r\n\r\n                        <div class = \"td-doubleSlider-1 \">\r\n                            <div class = \"td-slider\">\r\n                                \r\n                    <div class = \"td-slide-item td-item1\">\r\n                        <figure class=\"td-slide-galery-figure td-slide-popup-gallery\">\r\n                            <a class=\"slide-gallery-image-link\" href=\"https:\/\/novice.si\/page\/wp-content\/uploads\/2023\/06\/FIT-BABI_resize.jpg\" title=\"FIT BABI_resize\"  data-caption=\"FIT BABI\"  data-description=\"\" data-gallery>\r\n                                <img decoding=\"async\" src=\"https:\/\/novice.si\/page\/wp-content\/uploads\/2023\/06\/FIT-BABI_resize-560x420.jpg\" srcset=\"https:\/\/novice.si\/page\/wp-content\/uploads\/2023\/06\/FIT-BABI_resize-560x420.jpg 560w, https:\/\/novice.si\/page\/wp-content\/uploads\/2023\/06\/FIT-BABI_resize-600x450.jpg 600w, https:\/\/novice.si\/page\/wp-content\/uploads\/2023\/06\/FIT-BABI_resize-768x576.jpg 768w, https:\/\/novice.si\/page\/wp-content\/uploads\/2023\/06\/FIT-BABI_resize-80x60.jpg 80w, https:\/\/novice.si\/page\/wp-content\/uploads\/2023\/06\/FIT-BABI_resize-265x198.jpg 265w, https:\/\/novice.si\/page\/wp-content\/uploads\/2023\/06\/FIT-BABI_resize-696x522.jpg 696w, https:\/\/novice.si\/page\/wp-content\/uploads\/2023\/06\/FIT-BABI_resize-24x18.jpg 24w, https:\/\/novice.si\/page\/wp-content\/uploads\/2023\/06\/FIT-BABI_resize-36x27.jpg 36w, https:\/\/novice.si\/page\/wp-content\/uploads\/2023\/06\/FIT-BABI_resize-48x36.jpg 48w, https:\/\/novice.si\/page\/wp-content\/uploads\/2023\/06\/FIT-BABI_resize.jpg 933w\" sizes=\"(max-width: 560px) 100vw, 560px\" alt=\"\">\r\n                            <\/a>\r\n                            <figcaption class = \"td-slide-caption td-gallery-slide-content\"><div class = \"td-gallery-slide-copywrite\">FIT BABI<\/div><\/figcaption>\r\n                        <\/figure>\r\n                    <\/div>\r\n                    <div class = \"td-slide-item td-item2\">\r\n                        <figure class=\"td-slide-galery-figure td-slide-popup-gallery\">\r\n                            <a class=\"slide-gallery-image-link\" href=\"https:\/\/novice.si\/page\/wp-content\/uploads\/2023\/06\/Izaja-in-Sofia2_resize.jpg\" title=\"Izaja in Sofia2_resize\"  data-caption=\"Izaja in Sofia\"  data-description=\"\" data-gallery>\r\n                                <img decoding=\"async\" src=\"https:\/\/novice.si\/page\/wp-content\/uploads\/2023\/06\/Izaja-in-Sofia2_resize-797x420.jpg\" srcset=\"https:\/\/novice.si\/page\/wp-content\/uploads\/2023\/06\/Izaja-in-Sofia2_resize-797x420.jpg 797w, https:\/\/novice.si\/page\/wp-content\/uploads\/2023\/06\/Izaja-in-Sofia2_resize-600x316.jpg 600w, https:\/\/novice.si\/page\/wp-content\/uploads\/2023\/06\/Izaja-in-Sofia2_resize-768x405.jpg 768w, https:\/\/novice.si\/page\/wp-content\/uploads\/2023\/06\/Izaja-in-Sofia2_resize-696x367.jpg 696w, https:\/\/novice.si\/page\/wp-content\/uploads\/2023\/06\/Izaja-in-Sofia2_resize-24x13.jpg 24w, https:\/\/novice.si\/page\/wp-content\/uploads\/2023\/06\/Izaja-in-Sofia2_resize-36x19.jpg 36w, https:\/\/novice.si\/page\/wp-content\/uploads\/2023\/06\/Izaja-in-Sofia2_resize-48x25.jpg 48w, https:\/\/novice.si\/page\/wp-content\/uploads\/2023\/06\/Izaja-in-Sofia2_resize.jpg 1000w\" sizes=\"(max-width: 797px) 100vw, 797px\" alt=\"\">\r\n                            <\/a>\r\n                            <figcaption class = \"td-slide-caption td-gallery-slide-content\"><div class = \"td-gallery-slide-copywrite\">Izaja in Sofia<\/div><\/figcaption>\r\n                        <\/figure>\r\n                    <\/div>\r\n                    <div class = \"td-slide-item td-item3\">\r\n                        <figure class=\"td-slide-galery-figure td-slide-popup-gallery\">\r\n                            <a class=\"slide-gallery-image-link\" href=\"https:\/\/novice.si\/page\/wp-content\/uploads\/2023\/06\/LATIN-LADIES_resize.jpg\" title=\"LATIN LADIES_resize\"  data-caption=\"LATIN LADIES\"  data-description=\"\" data-gallery>\r\n                                <img decoding=\"async\" src=\"https:\/\/novice.si\/page\/wp-content\/uploads\/2023\/06\/LATIN-LADIES_resize-630x420.jpg\" srcset=\"https:\/\/novice.si\/page\/wp-content\/uploads\/2023\/06\/LATIN-LADIES_resize-630x420.jpg 630w, https:\/\/novice.si\/page\/wp-content\/uploads\/2023\/06\/LATIN-LADIES_resize-600x400.jpg 600w, https:\/\/novice.si\/page\/wp-content\/uploads\/2023\/06\/LATIN-LADIES_resize-768x512.jpg 768w, https:\/\/novice.si\/page\/wp-content\/uploads\/2023\/06\/LATIN-LADIES_resize-696x464.jpg 696w, https:\/\/novice.si\/page\/wp-content\/uploads\/2023\/06\/LATIN-LADIES_resize-24x16.jpg 24w, https:\/\/novice.si\/page\/wp-content\/uploads\/2023\/06\/LATIN-LADIES_resize-36x24.jpg 36w, https:\/\/novice.si\/page\/wp-content\/uploads\/2023\/06\/LATIN-LADIES_resize-48x32.jpg 48w, https:\/\/novice.si\/page\/wp-content\/uploads\/2023\/06\/LATIN-LADIES_resize.jpg 1000w\" sizes=\"(max-width: 630px) 100vw, 630px\" alt=\"\">\r\n                            <\/a>\r\n                            <figcaption class = \"td-slide-caption td-gallery-slide-content\"><div class = \"td-gallery-slide-copywrite\">LATIN LADIES<\/div><\/figcaption>\r\n                        <\/figure>\r\n                    <\/div>\r\n                    <div class = \"td-slide-item td-item4\">\r\n                        <figure class=\"td-slide-galery-figure td-slide-popup-gallery\">\r\n                            <a class=\"slide-gallery-image-link\" href=\"https:\/\/novice.si\/page\/wp-content\/uploads\/2023\/06\/ZALA-Jezovnik2_resize.jpg\" title=\"ZALA Je\u017eovnik2_resize\"  data-caption=\"ZALA Je\u017eovnik\"  data-description=\"\" data-gallery>\r\n                                <img decoding=\"async\" src=\"https:\/\/novice.si\/page\/wp-content\/uploads\/2023\/06\/ZALA-Jezovnik2_resize-622x420.jpg\" srcset=\"https:\/\/novice.si\/page\/wp-content\/uploads\/2023\/06\/ZALA-Jezovnik2_resize-622x420.jpg 622w, https:\/\/novice.si\/page\/wp-content\/uploads\/2023\/06\/ZALA-Jezovnik2_resize-600x405.jpg 600w, https:\/\/novice.si\/page\/wp-content\/uploads\/2023\/06\/ZALA-Jezovnik2_resize-768x518.jpg 768w, https:\/\/novice.si\/page\/wp-content\/uploads\/2023\/06\/ZALA-Jezovnik2_resize-696x470.jpg 696w, https:\/\/novice.si\/page\/wp-content\/uploads\/2023\/06\/ZALA-Jezovnik2_resize-24x16.jpg 24w, https:\/\/novice.si\/page\/wp-content\/uploads\/2023\/06\/ZALA-Jezovnik2_resize-36x24.jpg 36w, https:\/\/novice.si\/page\/wp-content\/uploads\/2023\/06\/ZALA-Jezovnik2_resize-48x32.jpg 48w, https:\/\/novice.si\/page\/wp-content\/uploads\/2023\/06\/ZALA-Jezovnik2_resize.jpg 1000w\" sizes=\"(max-width: 622px) 100vw, 622px\" alt=\"\">\r\n                            <\/a>\r\n                            <figcaption class = \"td-slide-caption td-gallery-slide-content\"><div class = \"td-gallery-slide-copywrite\">ZALA Je\u017eovnik<\/div><\/figcaption>\r\n                        <\/figure>\r\n                    <\/div>\r\n                    <div class = \"td-slide-item td-item5\">\r\n                        <figure class=\"td-slide-galery-figure td-slide-popup-gallery\">\r\n                            <a class=\"slide-gallery-image-link\" href=\"https:\/\/novice.si\/page\/wp-content\/uploads\/2023\/06\/Zan-Skrbinek-in-Aneta-Kavcic-Racunica2_resize.jpeg\" title=\"\u017dan Skrbinek in Aneta Kav\u010di\u010d Ra\u010dunica2_resize\"  data-caption=\"\u017dan Skrbinek in Aneta Kav\u010di\u010d Ra\u010dunica sta si v kombinaciji desetih plesov priplesala naslov dr\u017eavnih prvakov med pionirji.\"  data-description=\"\" data-gallery>\r\n                                <img decoding=\"async\" src=\"https:\/\/novice.si\/page\/wp-content\/uploads\/2023\/06\/Zan-Skrbinek-in-Aneta-Kavcic-Racunica2_resize-574x420.jpeg\" srcset=\"https:\/\/novice.si\/page\/wp-content\/uploads\/2023\/06\/Zan-Skrbinek-in-Aneta-Kavcic-Racunica2_resize-574x420.jpeg 574w, https:\/\/novice.si\/page\/wp-content\/uploads\/2023\/06\/Zan-Skrbinek-in-Aneta-Kavcic-Racunica2_resize-600x439.jpeg 600w, https:\/\/novice.si\/page\/wp-content\/uploads\/2023\/06\/Zan-Skrbinek-in-Aneta-Kavcic-Racunica2_resize-768x562.jpeg 768w, https:\/\/novice.si\/page\/wp-content\/uploads\/2023\/06\/Zan-Skrbinek-in-Aneta-Kavcic-Racunica2_resize-80x60.jpeg 80w, https:\/\/novice.si\/page\/wp-content\/uploads\/2023\/06\/Zan-Skrbinek-in-Aneta-Kavcic-Racunica2_resize-696x510.jpeg 696w, https:\/\/novice.si\/page\/wp-content\/uploads\/2023\/06\/Zan-Skrbinek-in-Aneta-Kavcic-Racunica2_resize-24x18.jpeg 24w, https:\/\/novice.si\/page\/wp-content\/uploads\/2023\/06\/Zan-Skrbinek-in-Aneta-Kavcic-Racunica2_resize-36x26.jpeg 36w, https:\/\/novice.si\/page\/wp-content\/uploads\/2023\/06\/Zan-Skrbinek-in-Aneta-Kavcic-Racunica2_resize-48x35.jpeg 48w, https:\/\/novice.si\/page\/wp-content\/uploads\/2023\/06\/Zan-Skrbinek-in-Aneta-Kavcic-Racunica2_resize.jpeg 956w\" sizes=\"(max-width: 574px) 100vw, 574px\" alt=\"\">\r\n                            <\/a>\r\n                            <figcaption class = \"td-slide-caption td-gallery-slide-content\"><div class = \"td-gallery-slide-copywrite\">\u017dan Skrbinek in Aneta Kav\u010di\u010d Ra\u010dunica sta si v kombinaciji desetih plesov priplesala naslov dr\u017eavnih prvakov med pionirji.<\/div><\/figcaption>\r\n                        <\/figure>\r\n                    <\/div>\r\n                            <\/div>\r\n                        <\/div>\r\n\r\n                        <div class = \"td-doubleSlider-2\">\r\n                            <div class = \"td-slider\">\r\n                                \r\n                    <div class = \"td-button td-item1\">\r\n                        <div class = \"td-border\"><\/div>\r\n                    <\/div>\r\n                    <div class = \"td-button td-item2\">\r\n                        <div class = \"td-border\"><\/div>\r\n                    <\/div>\r\n                    <div class = \"td-button td-item3\">\r\n                        <div class = \"td-border\"><\/div>\r\n                    <\/div>\r\n                    <div class = \"td-button td-item4\">\r\n                        <div class = \"td-border\"><\/div>\r\n                    <\/div>\r\n                    <div class = \"td-button td-item5\">\r\n                        <div class = \"td-border\"><\/div>\r\n                    <\/div>\r\n                            <\/div>\r\n                        <\/div>\r\n\r\n                    <\/div>\r\n\r\n                <\/div>\r\n                \n<p><strong>Ponosni tudi na \u0161est nazivov dr\u017eavnih prvakinj<br \/>\n<\/strong>V La\u0161kem je 3. junija potekalo dr\u017eavno prvenstvo Umetni\u0161kega plesnega zdru\u017eenja Slovenije (UPZS). Na najbolj pomembnem tekmovanju te plesne sezone so se pomerili tudi varovanci plesnega studia Plohl.<\/p>\n<p>Skupina \u017eensk\u00a0 <strong>LATIN LADIES<\/strong> (Vesna Muc, Nastja Zacharias, Barbara \u010ci\u010dak, Nika Zalokar, Simona Smolar, Anja Hebar, Vojka Le\u0161nik Tamer) je osvojila dva naziva dr\u017eavnih prvakinj in sicer v flamencu, prav tako pa tudi z novo show to\u010dko.<\/p>\n<p><strong>Plesni duo<\/strong> (Izaja Poto\u010dnik Smogavec in Sofia Sedovnik Coljnar) je osvojil prav tako dva naziva dr\u017eavnih prvakov v flamencu in v latin showu, ter drugo mesto v show programu s to\u010dko charlestona. V mladinski kategoriji so imeli solo nastop <strong>Zale Je\u017eovnik<\/strong>, ki je s charlestonom osvojila svoj prvi naziv dr\u017eavne prvakinje. Bu\u010den aplavz publike pa je po\u017eela \u017eenska skupina seniork, ki je bila na omenjenem tekmovanju najstarej\u0161a predstavnica celotnega tekmovanja, kar jim je \u0161e v ve\u010dji ponos, da poka\u017eemo da za ples ni nikoli prepozno. Seniorska skupina <strong>FIT BABI<\/strong> je tako s svojim prepri\u010dljivim nastopom zloglasne Abbe dvignila gledalce na noge in si priplesala naziv dr\u017eavnih prvakinj.<\/p>\n<p>\u00bbPonosna in vesela sem, da imam mo\u017enost v svojem doma\u010dem kraju Slovenska Bistrica vzgajati nove plesne upe, \u0161iriti plesno kulturo med vse generacije ljudi, skrbeti s plesom za bolj\u0161e in bolj kakovostno \u017eivljenje ljudi, tako na fizi\u010dnem kot tudi psihi\u010dnem nivoju,\u00ab vsem tem uspehom ob rob dodaja vodja studia, <strong>mag. Martina Plohl. <\/strong><\/p>\n<p>(Povzeto po zapisu M. Plohl, foto: M. P.)<strong><br \/>\n<\/strong><\/p>\n","protected":false},"excerpt":{"rendered":"<p>Iz Plesnega studia Plohl v Slovenski Bistrici prihajajo novice o dose\u017ekih njihovih plesnih varovancev. Aneta in \u017dan, sta postala dr\u017eavna prvaka V Ivan\u010dni Gorici je 10. junija potekalo \u0161e zadnje dr\u017eavno prvenstvo v plesni sezoni 2022\/2023. Plesni pari so se pomerili v kombinaciji 10 plesov (standardni in latinsko-ameri\u0161ki plesi). Plesni studio Plohl je plesno sezono [&hellip;]<\/p>\n","protected":false},"author":8,"featured_media":163907,"comment_status":"closed","ping_status":"closed","sticky":false,"template":"","format":"standard","meta":{"footnotes":""},"categories":[14,32],"tags":[18065,18066,18063,18064,171],"class_list":{"0":"post-163906","1":"post","2":"type-post","3":"status-publish","4":"format-standard","5":"has-post-thumbnail","7":"category-aktualno","8":"category-bistrisko","9":"tag-fit-babi","10":"tag-latin-ladies","11":"tag-plesni-studio","12":"tag-ploh","13":"tag-slovenska-bistrica"},"yoast_head":"<!-- This site is optimized with the Yoast SEO plugin v27.4 - https:\/\/yoast.com\/product\/yoast-seo-wordpress\/ -->\n<title>Slovenska Bistrica: plesni studio \u0161iri plesno kulturo med vse generacije ljudi - Novice.si<\/title>\n<meta name=\"robots\" content=\"index, follow, max-snippet:-1, max-image-preview:large, max-video-preview:-1\" \/>\n<link rel=\"canonical\" href=\"https:\/\/novice.si\/page\/slovenska-bistrica-plesni-studio-siri-plesno-kulturo-med-vse-generacije-ljudi\/\" \/>\n<meta property=\"og:locale\" content=\"sl_SI\" \/>\n<meta property=\"og:type\" content=\"article\" \/>\n<meta property=\"og:title\" content=\"Slovenska Bistrica: plesni studio \u0161iri plesno kulturo med vse generacije ljudi - Novice.si\" \/>\n<meta property=\"og:description\" content=\"Iz Plesnega studia Plohl v Slovenski Bistrici prihajajo novice o dose\u017ekih njihovih plesnih varovancev. Aneta in \u017dan, sta postala dr\u017eavna prvaka V Ivan\u010dni Gorici je 10. junija potekalo \u0161e zadnje dr\u017eavno prvenstvo v plesni sezoni 2022\/2023. Plesni pari so se pomerili v kombinaciji 10 plesov (standardni in latinsko-ameri\u0161ki plesi). Plesni studio Plohl je plesno sezono [&hellip;]\" \/>\n<meta property=\"og:url\" content=\"https:\/\/novice.si\/page\/slovenska-bistrica-plesni-studio-siri-plesno-kulturo-med-vse-generacije-ljudi\/\" \/>\n<meta property=\"og:site_name\" content=\"Novice.si\" \/>\n<meta property=\"article:published_time\" content=\"2023-06-14T11:44:40+00:00\" \/>\n<meta property=\"og:image\" content=\"https:\/\/novice.si\/page\/wp-content\/uploads\/2023\/06\/FIT-BABI_resize.jpg\" \/>\n\t<meta property=\"og:image:width\" content=\"933\" \/>\n\t<meta property=\"og:image:height\" content=\"700\" \/>\n\t<meta property=\"og:image:type\" content=\"image\/jpeg\" \/>\n<meta name=\"author\" content=\"Uredni\u0161tvo Bistri\u0161kih novic\" \/>\n<meta name=\"twitter:card\" content=\"summary_large_image\" \/>\n<meta name=\"twitter:label1\" content=\"Written by\" \/>\n\t<meta name=\"twitter:data1\" content=\"Uredni\u0161tvo Bistri\u0161kih novic\" \/>\n\t<meta name=\"twitter:label2\" content=\"Est. reading time\" \/>\n\t<meta name=\"twitter:data2\" content=\"3 minute\" \/>\n<script type=\"application\/ld+json\" class=\"yoast-schema-graph\">{\"@context\":\"https:\\\/\\\/schema.org\",\"@graph\":[{\"@type\":\"Article\",\"@id\":\"https:\\\/\\\/novice.si\\\/page\\\/slovenska-bistrica-plesni-studio-siri-plesno-kulturo-med-vse-generacije-ljudi\\\/#article\",\"isPartOf\":{\"@id\":\"https:\\\/\\\/novice.si\\\/page\\\/slovenska-bistrica-plesni-studio-siri-plesno-kulturo-med-vse-generacije-ljudi\\\/\"},\"author\":{\"name\":\"Uredni\u0161tvo Bistri\u0161kih novic\",\"@id\":\"https:\\\/\\\/novice.si\\\/page\\\/#\\\/schema\\\/person\\\/96b32396deedcde3f7f776c306b4be21\"},\"headline\":\"Slovenska Bistrica: plesni studio \u0161iri plesno kulturo med vse generacije ljudi\",\"datePublished\":\"2023-06-14T11:44:40+00:00\",\"mainEntityOfPage\":{\"@id\":\"https:\\\/\\\/novice.si\\\/page\\\/slovenska-bistrica-plesni-studio-siri-plesno-kulturo-med-vse-generacije-ljudi\\\/\"},\"wordCount\":488,\"publisher\":{\"@id\":\"https:\\\/\\\/novice.si\\\/page\\\/#organization\"},\"image\":{\"@id\":\"https:\\\/\\\/novice.si\\\/page\\\/slovenska-bistrica-plesni-studio-siri-plesno-kulturo-med-vse-generacije-ljudi\\\/#primaryimage\"},\"thumbnailUrl\":\"https:\\\/\\\/novice.si\\\/page\\\/wp-content\\\/uploads\\\/2023\\\/06\\\/FIT-BABI_resize.jpg\",\"keywords\":[\"FIT BABI\",\"LATIN LADIES\",\"plesni studio\",\"Ploh\",\"Slovenska Bistrica\"],\"articleSection\":[\"Aktualno\",\"Bistri\u0161ko\"],\"inLanguage\":\"sl-SI\"},{\"@type\":\"WebPage\",\"@id\":\"https:\\\/\\\/novice.si\\\/page\\\/slovenska-bistrica-plesni-studio-siri-plesno-kulturo-med-vse-generacije-ljudi\\\/\",\"url\":\"https:\\\/\\\/novice.si\\\/page\\\/slovenska-bistrica-plesni-studio-siri-plesno-kulturo-med-vse-generacije-ljudi\\\/\",\"name\":\"Slovenska Bistrica: plesni studio \u0161iri plesno kulturo med vse generacije ljudi - Novice.si\",\"isPartOf\":{\"@id\":\"https:\\\/\\\/novice.si\\\/page\\\/#website\"},\"primaryImageOfPage\":{\"@id\":\"https:\\\/\\\/novice.si\\\/page\\\/slovenska-bistrica-plesni-studio-siri-plesno-kulturo-med-vse-generacije-ljudi\\\/#primaryimage\"},\"image\":{\"@id\":\"https:\\\/\\\/novice.si\\\/page\\\/slovenska-bistrica-plesni-studio-siri-plesno-kulturo-med-vse-generacije-ljudi\\\/#primaryimage\"},\"thumbnailUrl\":\"https:\\\/\\\/novice.si\\\/page\\\/wp-content\\\/uploads\\\/2023\\\/06\\\/FIT-BABI_resize.jpg\",\"datePublished\":\"2023-06-14T11:44:40+00:00\",\"breadcrumb\":{\"@id\":\"https:\\\/\\\/novice.si\\\/page\\\/slovenska-bistrica-plesni-studio-siri-plesno-kulturo-med-vse-generacije-ljudi\\\/#breadcrumb\"},\"inLanguage\":\"sl-SI\",\"potentialAction\":[{\"@type\":\"ReadAction\",\"target\":[\"https:\\\/\\\/novice.si\\\/page\\\/slovenska-bistrica-plesni-studio-siri-plesno-kulturo-med-vse-generacije-ljudi\\\/\"]}]},{\"@type\":\"ImageObject\",\"inLanguage\":\"sl-SI\",\"@id\":\"https:\\\/\\\/novice.si\\\/page\\\/slovenska-bistrica-plesni-studio-siri-plesno-kulturo-med-vse-generacije-ljudi\\\/#primaryimage\",\"url\":\"https:\\\/\\\/novice.si\\\/page\\\/wp-content\\\/uploads\\\/2023\\\/06\\\/FIT-BABI_resize.jpg\",\"contentUrl\":\"https:\\\/\\\/novice.si\\\/page\\\/wp-content\\\/uploads\\\/2023\\\/06\\\/FIT-BABI_resize.jpg\",\"width\":933,\"height\":700,\"caption\":\"FIT BABI\"},{\"@type\":\"BreadcrumbList\",\"@id\":\"https:\\\/\\\/novice.si\\\/page\\\/slovenska-bistrica-plesni-studio-siri-plesno-kulturo-med-vse-generacije-ljudi\\\/#breadcrumb\",\"itemListElement\":[{\"@type\":\"ListItem\",\"position\":1,\"name\":\"Home\",\"item\":\"https:\\\/\\\/novice.si\\\/page\\\/\"},{\"@type\":\"ListItem\",\"position\":2,\"name\":\"Slovenska Bistrica: plesni studio \u0161iri plesno kulturo med vse generacije ljudi\"}]},{\"@type\":\"WebSite\",\"@id\":\"https:\\\/\\\/novice.si\\\/page\\\/#website\",\"url\":\"https:\\\/\\\/novice.si\\\/page\\\/\",\"name\":\"Novice.si\",\"description\":\"\",\"publisher\":{\"@id\":\"https:\\\/\\\/novice.si\\\/page\\\/#organization\"},\"potentialAction\":[{\"@type\":\"SearchAction\",\"target\":{\"@type\":\"EntryPoint\",\"urlTemplate\":\"https:\\\/\\\/novice.si\\\/page\\\/?s={search_term_string}\"},\"query-input\":{\"@type\":\"PropertyValueSpecification\",\"valueRequired\":true,\"valueName\":\"search_term_string\"}}],\"inLanguage\":\"sl-SI\"},{\"@type\":\"Organization\",\"@id\":\"https:\\\/\\\/novice.si\\\/page\\\/#organization\",\"name\":\"Novice.si\",\"url\":\"https:\\\/\\\/novice.si\\\/page\\\/\",\"logo\":{\"@type\":\"ImageObject\",\"inLanguage\":\"sl-SI\",\"@id\":\"https:\\\/\\\/novice.si\\\/page\\\/#\\\/schema\\\/logo\\\/image\\\/\",\"url\":\"https:\\\/\\\/novice.si\\\/page\\\/wp-content\\\/uploads\\\/2023\\\/03\\\/novice_si.png\",\"contentUrl\":\"https:\\\/\\\/novice.si\\\/page\\\/wp-content\\\/uploads\\\/2023\\\/03\\\/novice_si.png\",\"width\":576,\"height\":200,\"caption\":\"Novice.si\"},\"image\":{\"@id\":\"https:\\\/\\\/novice.si\\\/page\\\/#\\\/schema\\\/logo\\\/image\\\/\"}},{\"@type\":\"Person\",\"@id\":\"https:\\\/\\\/novice.si\\\/page\\\/#\\\/schema\\\/person\\\/96b32396deedcde3f7f776c306b4be21\",\"name\":\"Uredni\u0161tvo Bistri\u0161kih novic\",\"image\":{\"@type\":\"ImageObject\",\"inLanguage\":\"sl-SI\",\"@id\":\"https:\\\/\\\/secure.gravatar.com\\\/avatar\\\/26c56c4b10cdb3a21e86442e5f2845a4eafdd0f3605def77ec6cff4aaef32ea4?s=96&d=mm&r=g\",\"url\":\"https:\\\/\\\/secure.gravatar.com\\\/avatar\\\/26c56c4b10cdb3a21e86442e5f2845a4eafdd0f3605def77ec6cff4aaef32ea4?s=96&d=mm&r=g\",\"contentUrl\":\"https:\\\/\\\/secure.gravatar.com\\\/avatar\\\/26c56c4b10cdb3a21e86442e5f2845a4eafdd0f3605def77ec6cff4aaef32ea4?s=96&d=mm&r=g\",\"caption\":\"Uredni\u0161tvo Bistri\u0161kih novic\"},\"url\":\"https:\\\/\\\/novice.si\\\/page\\\/author\\\/bojana\\\/\"}]}<\/script>\n<!-- \/ Yoast SEO plugin. -->","yoast_head_json":{"title":"Slovenska Bistrica: plesni studio \u0161iri plesno kulturo med vse generacije ljudi - Novice.si","robots":{"index":"index","follow":"follow","max-snippet":"max-snippet:-1","max-image-preview":"max-image-preview:large","max-video-preview":"max-video-preview:-1"},"canonical":"https:\/\/novice.si\/page\/slovenska-bistrica-plesni-studio-siri-plesno-kulturo-med-vse-generacije-ljudi\/","og_locale":"sl_SI","og_type":"article","og_title":"Slovenska Bistrica: plesni studio \u0161iri plesno kulturo med vse generacije ljudi - Novice.si","og_description":"Iz Plesnega studia Plohl v Slovenski Bistrici prihajajo novice o dose\u017ekih njihovih plesnih varovancev. Aneta in \u017dan, sta postala dr\u017eavna prvaka V Ivan\u010dni Gorici je 10. junija potekalo \u0161e zadnje dr\u017eavno prvenstvo v plesni sezoni 2022\/2023. Plesni pari so se pomerili v kombinaciji 10 plesov (standardni in latinsko-ameri\u0161ki plesi). Plesni studio Plohl je plesno sezono [&hellip;]","og_url":"https:\/\/novice.si\/page\/slovenska-bistrica-plesni-studio-siri-plesno-kulturo-med-vse-generacije-ljudi\/","og_site_name":"Novice.si","article_published_time":"2023-06-14T11:44:40+00:00","og_image":[{"width":933,"height":700,"url":"https:\/\/novice.si\/page\/wp-content\/uploads\/2023\/06\/FIT-BABI_resize.jpg","type":"image\/jpeg"}],"author":"Uredni\u0161tvo Bistri\u0161kih novic","twitter_card":"summary_large_image","twitter_misc":{"Written by":"Uredni\u0161tvo Bistri\u0161kih novic","Est. reading time":"3 minute"},"schema":{"@context":"https:\/\/schema.org","@graph":[{"@type":"Article","@id":"https:\/\/novice.si\/page\/slovenska-bistrica-plesni-studio-siri-plesno-kulturo-med-vse-generacije-ljudi\/#article","isPartOf":{"@id":"https:\/\/novice.si\/page\/slovenska-bistrica-plesni-studio-siri-plesno-kulturo-med-vse-generacije-ljudi\/"},"author":{"name":"Uredni\u0161tvo Bistri\u0161kih novic","@id":"https:\/\/novice.si\/page\/#\/schema\/person\/96b32396deedcde3f7f776c306b4be21"},"headline":"Slovenska Bistrica: plesni studio \u0161iri plesno kulturo med vse generacije ljudi","datePublished":"2023-06-14T11:44:40+00:00","mainEntityOfPage":{"@id":"https:\/\/novice.si\/page\/slovenska-bistrica-plesni-studio-siri-plesno-kulturo-med-vse-generacije-ljudi\/"},"wordCount":488,"publisher":{"@id":"https:\/\/novice.si\/page\/#organization"},"image":{"@id":"https:\/\/novice.si\/page\/slovenska-bistrica-plesni-studio-siri-plesno-kulturo-med-vse-generacije-ljudi\/#primaryimage"},"thumbnailUrl":"https:\/\/novice.si\/page\/wp-content\/uploads\/2023\/06\/FIT-BABI_resize.jpg","keywords":["FIT BABI","LATIN LADIES","plesni studio","Ploh","Slovenska Bistrica"],"articleSection":["Aktualno","Bistri\u0161ko"],"inLanguage":"sl-SI"},{"@type":"WebPage","@id":"https:\/\/novice.si\/page\/slovenska-bistrica-plesni-studio-siri-plesno-kulturo-med-vse-generacije-ljudi\/","url":"https:\/\/novice.si\/page\/slovenska-bistrica-plesni-studio-siri-plesno-kulturo-med-vse-generacije-ljudi\/","name":"Slovenska Bistrica: plesni studio \u0161iri plesno kulturo med vse generacije ljudi - Novice.si","isPartOf":{"@id":"https:\/\/novice.si\/page\/#website"},"primaryImageOfPage":{"@id":"https:\/\/novice.si\/page\/slovenska-bistrica-plesni-studio-siri-plesno-kulturo-med-vse-generacije-ljudi\/#primaryimage"},"image":{"@id":"https:\/\/novice.si\/page\/slovenska-bistrica-plesni-studio-siri-plesno-kulturo-med-vse-generacije-ljudi\/#primaryimage"},"thumbnailUrl":"https:\/\/novice.si\/page\/wp-content\/uploads\/2023\/06\/FIT-BABI_resize.jpg","datePublished":"2023-06-14T11:44:40+00:00","breadcrumb":{"@id":"https:\/\/novice.si\/page\/slovenska-bistrica-plesni-studio-siri-plesno-kulturo-med-vse-generacije-ljudi\/#breadcrumb"},"inLanguage":"sl-SI","potentialAction":[{"@type":"ReadAction","target":["https:\/\/novice.si\/page\/slovenska-bistrica-plesni-studio-siri-plesno-kulturo-med-vse-generacije-ljudi\/"]}]},{"@type":"ImageObject","inLanguage":"sl-SI","@id":"https:\/\/novice.si\/page\/slovenska-bistrica-plesni-studio-siri-plesno-kulturo-med-vse-generacije-ljudi\/#primaryimage","url":"https:\/\/novice.si\/page\/wp-content\/uploads\/2023\/06\/FIT-BABI_resize.jpg","contentUrl":"https:\/\/novice.si\/page\/wp-content\/uploads\/2023\/06\/FIT-BABI_resize.jpg","width":933,"height":700,"caption":"FIT BABI"},{"@type":"BreadcrumbList","@id":"https:\/\/novice.si\/page\/slovenska-bistrica-plesni-studio-siri-plesno-kulturo-med-vse-generacije-ljudi\/#breadcrumb","itemListElement":[{"@type":"ListItem","position":1,"name":"Home","item":"https:\/\/novice.si\/page\/"},{"@type":"ListItem","position":2,"name":"Slovenska Bistrica: plesni studio \u0161iri plesno kulturo med vse generacije ljudi"}]},{"@type":"WebSite","@id":"https:\/\/novice.si\/page\/#website","url":"https:\/\/novice.si\/page\/","name":"Novice.si","description":"","publisher":{"@id":"https:\/\/novice.si\/page\/#organization"},"potentialAction":[{"@type":"SearchAction","target":{"@type":"EntryPoint","urlTemplate":"https:\/\/novice.si\/page\/?s={search_term_string}"},"query-input":{"@type":"PropertyValueSpecification","valueRequired":true,"valueName":"search_term_string"}}],"inLanguage":"sl-SI"},{"@type":"Organization","@id":"https:\/\/novice.si\/page\/#organization","name":"Novice.si","url":"https:\/\/novice.si\/page\/","logo":{"@type":"ImageObject","inLanguage":"sl-SI","@id":"https:\/\/novice.si\/page\/#\/schema\/logo\/image\/","url":"https:\/\/novice.si\/page\/wp-content\/uploads\/2023\/03\/novice_si.png","contentUrl":"https:\/\/novice.si\/page\/wp-content\/uploads\/2023\/03\/novice_si.png","width":576,"height":200,"caption":"Novice.si"},"image":{"@id":"https:\/\/novice.si\/page\/#\/schema\/logo\/image\/"}},{"@type":"Person","@id":"https:\/\/novice.si\/page\/#\/schema\/person\/96b32396deedcde3f7f776c306b4be21","name":"Uredni\u0161tvo Bistri\u0161kih novic","image":{"@type":"ImageObject","inLanguage":"sl-SI","@id":"https:\/\/secure.gravatar.com\/avatar\/26c56c4b10cdb3a21e86442e5f2845a4eafdd0f3605def77ec6cff4aaef32ea4?s=96&d=mm&r=g","url":"https:\/\/secure.gravatar.com\/avatar\/26c56c4b10cdb3a21e86442e5f2845a4eafdd0f3605def77ec6cff4aaef32ea4?s=96&d=mm&r=g","contentUrl":"https:\/\/secure.gravatar.com\/avatar\/26c56c4b10cdb3a21e86442e5f2845a4eafdd0f3605def77ec6cff4aaef32ea4?s=96&d=mm&r=g","caption":"Uredni\u0161tvo Bistri\u0161kih novic"},"url":"https:\/\/novice.si\/page\/author\/bojana\/"}]}},"_links":{"self":[{"href":"https:\/\/novice.si\/page\/wp-json\/wp\/v2\/posts\/163906","targetHints":{"allow":["GET"]}}],"collection":[{"href":"https:\/\/novice.si\/page\/wp-json\/wp\/v2\/posts"}],"about":[{"href":"https:\/\/novice.si\/page\/wp-json\/wp\/v2\/types\/post"}],"author":[{"embeddable":true,"href":"https:\/\/novice.si\/page\/wp-json\/wp\/v2\/users\/8"}],"replies":[{"embeddable":true,"href":"https:\/\/novice.si\/page\/wp-json\/wp\/v2\/comments?post=163906"}],"version-history":[{"count":1,"href":"https:\/\/novice.si\/page\/wp-json\/wp\/v2\/posts\/163906\/revisions"}],"predecessor-version":[{"id":163912,"href":"https:\/\/novice.si\/page\/wp-json\/wp\/v2\/posts\/163906\/revisions\/163912"}],"wp:featuredmedia":[{"embeddable":true,"href":"https:\/\/novice.si\/page\/wp-json\/wp\/v2\/media\/163907"}],"wp:attachment":[{"href":"https:\/\/novice.si\/page\/wp-json\/wp\/v2\/media?parent=163906"}],"wp:term":[{"taxonomy":"category","embeddable":true,"href":"https:\/\/novice.si\/page\/wp-json\/wp\/v2\/categories?post=163906"},{"taxonomy":"post_tag","embeddable":true,"href":"https:\/\/novice.si\/page\/wp-json\/wp\/v2\/tags?post=163906"}],"curies":[{"name":"wp","href":"https:\/\/api.w.org\/{rel}","templated":true}]}}