{"id":163902,"date":"2023-06-15T07:40:38","date_gmt":"2023-06-15T05:40:38","guid":{"rendered":"https:\/\/novice.si\/page\/?p=163902"},"modified":"2023-06-14T12:43:46","modified_gmt":"2023-06-14T10:43:46","slug":"dobrna-obcina-danes-praznuje","status":"publish","type":"post","link":"https:\/\/novice.si\/page\/dobrna-obcina-danes-praznuje\/","title":{"rendered":"DOBRNA Ob\u010dina danes praznuje"},"content":{"rendered":"<p>Ob\u010dina Dobrna, ki se je pred 25 leti odcepila od Vojnika in se osamosvojila, danes obele\u017euje ob\u010dinski praznik.<\/p>\n<p><img loading=\"lazy\" decoding=\"async\" class=\"wp-image-163903 alignleft\" src=\"https:\/\/novice.si\/page\/wp-content\/uploads\/2023\/06\/Center-Dobrne-600x400.jpg\" alt=\"\" width=\"420\" height=\"280\" srcset=\"https:\/\/novice.si\/page\/wp-content\/uploads\/2023\/06\/Center-Dobrne-600x400.jpg 600w, https:\/\/novice.si\/page\/wp-content\/uploads\/2023\/06\/Center-Dobrne-1024x683.jpg 1024w, https:\/\/novice.si\/page\/wp-content\/uploads\/2023\/06\/Center-Dobrne-768x512.jpg 768w, https:\/\/novice.si\/page\/wp-content\/uploads\/2023\/06\/Center-Dobrne-696x464.jpg 696w, https:\/\/novice.si\/page\/wp-content\/uploads\/2023\/06\/Center-Dobrne-1068x713.jpg 1068w, https:\/\/novice.si\/page\/wp-content\/uploads\/2023\/06\/Center-Dobrne-629x420.jpg 629w, https:\/\/novice.si\/page\/wp-content\/uploads\/2023\/06\/Center-Dobrne-24x16.jpg 24w, https:\/\/novice.si\/page\/wp-content\/uploads\/2023\/06\/Center-Dobrne-36x24.jpg 36w, https:\/\/novice.si\/page\/wp-content\/uploads\/2023\/06\/Center-Dobrne-48x32.jpg 48w, https:\/\/novice.si\/page\/wp-content\/uploads\/2023\/06\/Center-Dobrne.jpg 1223w\" sizes=\"auto, (max-width: 420px) 100vw, 420px\" \/>Zaznamovala ga bo slavnostna seja ob\u010dinskega sveta s podelitvijo ob\u010dinskih priznanj, program praznovanj pa se bo nadaljeval do 25. junija.<\/p>\n<p>Ob\u010dino vse od njenega za\u010detka vodi \u017eupan <strong>Martin Brecl<\/strong>, ki tokrat izpostavlja: \u00bbNadaljujemo projekte, ki so bili ustavljeni v prej\u0161njem obdobju, predvsem vodooskrba iz naslova evropskega programa okrevanja in odpornosti, kjer smo prijavili pet projektov, ki so v fazi realizacije in nam vzamejo veliko \u010dasa. Te\u010de projekt Rune s ciljem napeljati optiko do vsakega gospodinjstva v ob\u010dini in bi ga prihodnje leto morali kon\u010dati in celotna ob\u010dina je kar precej razkopana. Kon\u010dno \u017eelimo do\u010dakati uresni\u010ditev projekta kolesarske povezave od Velenja preko Dobrne in Vojnika do Celja, na na\u0161i strani smo pripravili vse, izbran je tudi izvajalec. V na\u010drtih sta \u0161e \u0161portni park in \u0161portna dvorana, saj je obstoje\u010da \u0161e iz leta 1975, in \u0161e ve\u010d drugih.\u00ab<\/p>\n<p>P\u0160<\/p>\n","protected":false},"excerpt":{"rendered":"<p>Ob\u010dina Dobrna, ki se je pred 25 leti odcepila od Vojnika in se osamosvojila, danes obele\u017euje ob\u010dinski praznik. Zaznamovala ga bo slavnostna seja ob\u010dinskega sveta s podelitvijo ob\u010dinskih priznanj, program praznovanj pa se bo nadaljeval do 25. junija. Ob\u010dino vse od njenega za\u010detka vodi \u017eupan Martin Brecl, ki tokrat izpostavlja: \u00bbNadaljujemo projekte, ki so bili [&hellip;]<\/p>\n","protected":false},"author":33,"featured_media":163904,"comment_status":"closed","ping_status":"closed","sticky":false,"template":"","format":"standard","meta":{"footnotes":""},"categories":[17],"tags":[363,2275,4143,7910],"class_list":{"0":"post-163902","1":"post","2":"type-post","3":"status-publish","4":"format-standard","5":"has-post-thumbnail","7":"category-celjsko","8":"tag-dobrna","9":"tag-martin-belic","10":"tag-obcinski-praznik","11":"tag-obcinski-projekti"},"yoast_head":"<!-- This site is optimized with the Yoast SEO plugin v27.4 - https:\/\/yoast.com\/product\/yoast-seo-wordpress\/ -->\n<title>DOBRNA Ob\u010dina danes praznuje - Novice.si<\/title>\n<meta name=\"robots\" content=\"index, follow, max-snippet:-1, max-image-preview:large, max-video-preview:-1\" \/>\n<link rel=\"canonical\" href=\"https:\/\/novice.si\/page\/dobrna-obcina-danes-praznuje\/\" \/>\n<meta property=\"og:locale\" content=\"sl_SI\" \/>\n<meta property=\"og:type\" content=\"article\" \/>\n<meta property=\"og:title\" content=\"DOBRNA Ob\u010dina danes praznuje - Novice.si\" \/>\n<meta property=\"og:description\" content=\"Ob\u010dina Dobrna, ki se je pred 25 leti odcepila od Vojnika in se osamosvojila, danes obele\u017euje ob\u010dinski praznik. Zaznamovala ga bo slavnostna seja ob\u010dinskega sveta s podelitvijo ob\u010dinskih priznanj, program praznovanj pa se bo nadaljeval do 25. junija. Ob\u010dino vse od njenega za\u010detka vodi \u017eupan Martin Brecl, ki tokrat izpostavlja: \u00bbNadaljujemo projekte, ki so bili [&hellip;]\" \/>\n<meta property=\"og:url\" content=\"https:\/\/novice.si\/page\/dobrna-obcina-danes-praznuje\/\" \/>\n<meta property=\"og:site_name\" content=\"Novice.si\" \/>\n<meta property=\"article:published_time\" content=\"2023-06-15T05:40:38+00:00\" \/>\n<meta property=\"og:image\" content=\"https:\/\/novice.si\/page\/wp-content\/uploads\/2023\/06\/Dobrna-panoramska.jpg\" \/>\n\t<meta property=\"og:image:width\" content=\"743\" \/>\n\t<meta property=\"og:image:height\" content=\"863\" \/>\n\t<meta property=\"og:image:type\" content=\"image\/jpeg\" \/>\n<meta name=\"author\" content=\"Uredni\u0161tvo Celjana\" \/>\n<meta name=\"twitter:card\" content=\"summary_large_image\" \/>\n<meta name=\"twitter:label1\" content=\"Written by\" \/>\n\t<meta name=\"twitter:data1\" content=\"Uredni\u0161tvo Celjana\" \/>\n\t<meta name=\"twitter:label2\" content=\"Est. reading time\" \/>\n\t<meta name=\"twitter:data2\" content=\"2 minuti\" \/>\n<script type=\"application\/ld+json\" class=\"yoast-schema-graph\">{\"@context\":\"https:\\\/\\\/schema.org\",\"@graph\":[{\"@type\":\"Article\",\"@id\":\"https:\\\/\\\/novice.si\\\/page\\\/dobrna-obcina-danes-praznuje\\\/#article\",\"isPartOf\":{\"@id\":\"https:\\\/\\\/novice.si\\\/page\\\/dobrna-obcina-danes-praznuje\\\/\"},\"author\":{\"name\":\"Uredni\u0161tvo Celjana\",\"@id\":\"https:\\\/\\\/novice.si\\\/page\\\/#\\\/schema\\\/person\\\/57f25c9642a9541c7349c65d32032c3e\"},\"headline\":\"DOBRNA Ob\u010dina danes praznuje\",\"datePublished\":\"2023-06-15T05:40:38+00:00\",\"mainEntityOfPage\":{\"@id\":\"https:\\\/\\\/novice.si\\\/page\\\/dobrna-obcina-danes-praznuje\\\/\"},\"wordCount\":175,\"publisher\":{\"@id\":\"https:\\\/\\\/novice.si\\\/page\\\/#organization\"},\"image\":{\"@id\":\"https:\\\/\\\/novice.si\\\/page\\\/dobrna-obcina-danes-praznuje\\\/#primaryimage\"},\"thumbnailUrl\":\"https:\\\/\\\/novice.si\\\/page\\\/wp-content\\\/uploads\\\/2023\\\/06\\\/Dobrna-panoramska.jpg\",\"keywords\":[\"Dobrna\",\"Martin Belic\",\"ob\u010dinski praznik\",\"ob\u010dinski projekti\"],\"articleSection\":[\"Celjsko\"],\"inLanguage\":\"sl-SI\"},{\"@type\":\"WebPage\",\"@id\":\"https:\\\/\\\/novice.si\\\/page\\\/dobrna-obcina-danes-praznuje\\\/\",\"url\":\"https:\\\/\\\/novice.si\\\/page\\\/dobrna-obcina-danes-praznuje\\\/\",\"name\":\"DOBRNA Ob\u010dina danes praznuje - Novice.si\",\"isPartOf\":{\"@id\":\"https:\\\/\\\/novice.si\\\/page\\\/#website\"},\"primaryImageOfPage\":{\"@id\":\"https:\\\/\\\/novice.si\\\/page\\\/dobrna-obcina-danes-praznuje\\\/#primaryimage\"},\"image\":{\"@id\":\"https:\\\/\\\/novice.si\\\/page\\\/dobrna-obcina-danes-praznuje\\\/#primaryimage\"},\"thumbnailUrl\":\"https:\\\/\\\/novice.si\\\/page\\\/wp-content\\\/uploads\\\/2023\\\/06\\\/Dobrna-panoramska.jpg\",\"datePublished\":\"2023-06-15T05:40:38+00:00\",\"breadcrumb\":{\"@id\":\"https:\\\/\\\/novice.si\\\/page\\\/dobrna-obcina-danes-praznuje\\\/#breadcrumb\"},\"inLanguage\":\"sl-SI\",\"potentialAction\":[{\"@type\":\"ReadAction\",\"target\":[\"https:\\\/\\\/novice.si\\\/page\\\/dobrna-obcina-danes-praznuje\\\/\"]}]},{\"@type\":\"ImageObject\",\"inLanguage\":\"sl-SI\",\"@id\":\"https:\\\/\\\/novice.si\\\/page\\\/dobrna-obcina-danes-praznuje\\\/#primaryimage\",\"url\":\"https:\\\/\\\/novice.si\\\/page\\\/wp-content\\\/uploads\\\/2023\\\/06\\\/Dobrna-panoramska.jpg\",\"contentUrl\":\"https:\\\/\\\/novice.si\\\/page\\\/wp-content\\\/uploads\\\/2023\\\/06\\\/Dobrna-panoramska.jpg\",\"width\":743,\"height\":863},{\"@type\":\"BreadcrumbList\",\"@id\":\"https:\\\/\\\/novice.si\\\/page\\\/dobrna-obcina-danes-praznuje\\\/#breadcrumb\",\"itemListElement\":[{\"@type\":\"ListItem\",\"position\":1,\"name\":\"Home\",\"item\":\"https:\\\/\\\/novice.si\\\/page\\\/\"},{\"@type\":\"ListItem\",\"position\":2,\"name\":\"DOBRNA Ob\u010dina danes praznuje\"}]},{\"@type\":\"WebSite\",\"@id\":\"https:\\\/\\\/novice.si\\\/page\\\/#website\",\"url\":\"https:\\\/\\\/novice.si\\\/page\\\/\",\"name\":\"Novice.si\",\"description\":\"\",\"publisher\":{\"@id\":\"https:\\\/\\\/novice.si\\\/page\\\/#organization\"},\"potentialAction\":[{\"@type\":\"SearchAction\",\"target\":{\"@type\":\"EntryPoint\",\"urlTemplate\":\"https:\\\/\\\/novice.si\\\/page\\\/?s={search_term_string}\"},\"query-input\":{\"@type\":\"PropertyValueSpecification\",\"valueRequired\":true,\"valueName\":\"search_term_string\"}}],\"inLanguage\":\"sl-SI\"},{\"@type\":\"Organization\",\"@id\":\"https:\\\/\\\/novice.si\\\/page\\\/#organization\",\"name\":\"Novice.si\",\"url\":\"https:\\\/\\\/novice.si\\\/page\\\/\",\"logo\":{\"@type\":\"ImageObject\",\"inLanguage\":\"sl-SI\",\"@id\":\"https:\\\/\\\/novice.si\\\/page\\\/#\\\/schema\\\/logo\\\/image\\\/\",\"url\":\"https:\\\/\\\/novice.si\\\/page\\\/wp-content\\\/uploads\\\/2023\\\/03\\\/novice_si.png\",\"contentUrl\":\"https:\\\/\\\/novice.si\\\/page\\\/wp-content\\\/uploads\\\/2023\\\/03\\\/novice_si.png\",\"width\":576,\"height\":200,\"caption\":\"Novice.si\"},\"image\":{\"@id\":\"https:\\\/\\\/novice.si\\\/page\\\/#\\\/schema\\\/logo\\\/image\\\/\"}},{\"@type\":\"Person\",\"@id\":\"https:\\\/\\\/novice.si\\\/page\\\/#\\\/schema\\\/person\\\/57f25c9642a9541c7349c65d32032c3e\",\"name\":\"Uredni\u0161tvo Celjana\",\"image\":{\"@type\":\"ImageObject\",\"inLanguage\":\"sl-SI\",\"@id\":\"https:\\\/\\\/secure.gravatar.com\\\/avatar\\\/78e52bc4279b65f6df6345e0ef0f7b792d361361f230cf4ffecfe0afe6d5629c?s=96&d=mm&r=g\",\"url\":\"https:\\\/\\\/secure.gravatar.com\\\/avatar\\\/78e52bc4279b65f6df6345e0ef0f7b792d361361f230cf4ffecfe0afe6d5629c?s=96&d=mm&r=g\",\"contentUrl\":\"https:\\\/\\\/secure.gravatar.com\\\/avatar\\\/78e52bc4279b65f6df6345e0ef0f7b792d361361f230cf4ffecfe0afe6d5629c?s=96&d=mm&r=g\",\"caption\":\"Uredni\u0161tvo Celjana\"},\"url\":\"https:\\\/\\\/novice.si\\\/page\\\/author\\\/primoz\\\/\"}]}<\/script>\n<!-- \/ Yoast SEO plugin. -->","yoast_head_json":{"title":"DOBRNA Ob\u010dina danes praznuje - Novice.si","robots":{"index":"index","follow":"follow","max-snippet":"max-snippet:-1","max-image-preview":"max-image-preview:large","max-video-preview":"max-video-preview:-1"},"canonical":"https:\/\/novice.si\/page\/dobrna-obcina-danes-praznuje\/","og_locale":"sl_SI","og_type":"article","og_title":"DOBRNA Ob\u010dina danes praznuje - Novice.si","og_description":"Ob\u010dina Dobrna, ki se je pred 25 leti odcepila od Vojnika in se osamosvojila, danes obele\u017euje ob\u010dinski praznik. Zaznamovala ga bo slavnostna seja ob\u010dinskega sveta s podelitvijo ob\u010dinskih priznanj, program praznovanj pa se bo nadaljeval do 25. junija. Ob\u010dino vse od njenega za\u010detka vodi \u017eupan Martin Brecl, ki tokrat izpostavlja: \u00bbNadaljujemo projekte, ki so bili [&hellip;]","og_url":"https:\/\/novice.si\/page\/dobrna-obcina-danes-praznuje\/","og_site_name":"Novice.si","article_published_time":"2023-06-15T05:40:38+00:00","og_image":[{"width":743,"height":863,"url":"https:\/\/novice.si\/page\/wp-content\/uploads\/2023\/06\/Dobrna-panoramska.jpg","type":"image\/jpeg"}],"author":"Uredni\u0161tvo Celjana","twitter_card":"summary_large_image","twitter_misc":{"Written by":"Uredni\u0161tvo Celjana","Est. reading time":"2 minuti"},"schema":{"@context":"https:\/\/schema.org","@graph":[{"@type":"Article","@id":"https:\/\/novice.si\/page\/dobrna-obcina-danes-praznuje\/#article","isPartOf":{"@id":"https:\/\/novice.si\/page\/dobrna-obcina-danes-praznuje\/"},"author":{"name":"Uredni\u0161tvo Celjana","@id":"https:\/\/novice.si\/page\/#\/schema\/person\/57f25c9642a9541c7349c65d32032c3e"},"headline":"DOBRNA Ob\u010dina danes praznuje","datePublished":"2023-06-15T05:40:38+00:00","mainEntityOfPage":{"@id":"https:\/\/novice.si\/page\/dobrna-obcina-danes-praznuje\/"},"wordCount":175,"publisher":{"@id":"https:\/\/novice.si\/page\/#organization"},"image":{"@id":"https:\/\/novice.si\/page\/dobrna-obcina-danes-praznuje\/#primaryimage"},"thumbnailUrl":"https:\/\/novice.si\/page\/wp-content\/uploads\/2023\/06\/Dobrna-panoramska.jpg","keywords":["Dobrna","Martin Belic","ob\u010dinski praznik","ob\u010dinski projekti"],"articleSection":["Celjsko"],"inLanguage":"sl-SI"},{"@type":"WebPage","@id":"https:\/\/novice.si\/page\/dobrna-obcina-danes-praznuje\/","url":"https:\/\/novice.si\/page\/dobrna-obcina-danes-praznuje\/","name":"DOBRNA Ob\u010dina danes praznuje - Novice.si","isPartOf":{"@id":"https:\/\/novice.si\/page\/#website"},"primaryImageOfPage":{"@id":"https:\/\/novice.si\/page\/dobrna-obcina-danes-praznuje\/#primaryimage"},"image":{"@id":"https:\/\/novice.si\/page\/dobrna-obcina-danes-praznuje\/#primaryimage"},"thumbnailUrl":"https:\/\/novice.si\/page\/wp-content\/uploads\/2023\/06\/Dobrna-panoramska.jpg","datePublished":"2023-06-15T05:40:38+00:00","breadcrumb":{"@id":"https:\/\/novice.si\/page\/dobrna-obcina-danes-praznuje\/#breadcrumb"},"inLanguage":"sl-SI","potentialAction":[{"@type":"ReadAction","target":["https:\/\/novice.si\/page\/dobrna-obcina-danes-praznuje\/"]}]},{"@type":"ImageObject","inLanguage":"sl-SI","@id":"https:\/\/novice.si\/page\/dobrna-obcina-danes-praznuje\/#primaryimage","url":"https:\/\/novice.si\/page\/wp-content\/uploads\/2023\/06\/Dobrna-panoramska.jpg","contentUrl":"https:\/\/novice.si\/page\/wp-content\/uploads\/2023\/06\/Dobrna-panoramska.jpg","width":743,"height":863},{"@type":"BreadcrumbList","@id":"https:\/\/novice.si\/page\/dobrna-obcina-danes-praznuje\/#breadcrumb","itemListElement":[{"@type":"ListItem","position":1,"name":"Home","item":"https:\/\/novice.si\/page\/"},{"@type":"ListItem","position":2,"name":"DOBRNA Ob\u010dina danes praznuje"}]},{"@type":"WebSite","@id":"https:\/\/novice.si\/page\/#website","url":"https:\/\/novice.si\/page\/","name":"Novice.si","description":"","publisher":{"@id":"https:\/\/novice.si\/page\/#organization"},"potentialAction":[{"@type":"SearchAction","target":{"@type":"EntryPoint","urlTemplate":"https:\/\/novice.si\/page\/?s={search_term_string}"},"query-input":{"@type":"PropertyValueSpecification","valueRequired":true,"valueName":"search_term_string"}}],"inLanguage":"sl-SI"},{"@type":"Organization","@id":"https:\/\/novice.si\/page\/#organization","name":"Novice.si","url":"https:\/\/novice.si\/page\/","logo":{"@type":"ImageObject","inLanguage":"sl-SI","@id":"https:\/\/novice.si\/page\/#\/schema\/logo\/image\/","url":"https:\/\/novice.si\/page\/wp-content\/uploads\/2023\/03\/novice_si.png","contentUrl":"https:\/\/novice.si\/page\/wp-content\/uploads\/2023\/03\/novice_si.png","width":576,"height":200,"caption":"Novice.si"},"image":{"@id":"https:\/\/novice.si\/page\/#\/schema\/logo\/image\/"}},{"@type":"Person","@id":"https:\/\/novice.si\/page\/#\/schema\/person\/57f25c9642a9541c7349c65d32032c3e","name":"Uredni\u0161tvo Celjana","image":{"@type":"ImageObject","inLanguage":"sl-SI","@id":"https:\/\/secure.gravatar.com\/avatar\/78e52bc4279b65f6df6345e0ef0f7b792d361361f230cf4ffecfe0afe6d5629c?s=96&d=mm&r=g","url":"https:\/\/secure.gravatar.com\/avatar\/78e52bc4279b65f6df6345e0ef0f7b792d361361f230cf4ffecfe0afe6d5629c?s=96&d=mm&r=g","contentUrl":"https:\/\/secure.gravatar.com\/avatar\/78e52bc4279b65f6df6345e0ef0f7b792d361361f230cf4ffecfe0afe6d5629c?s=96&d=mm&r=g","caption":"Uredni\u0161tvo Celjana"},"url":"https:\/\/novice.si\/page\/author\/primoz\/"}]}},"_links":{"self":[{"href":"https:\/\/novice.si\/page\/wp-json\/wp\/v2\/posts\/163902","targetHints":{"allow":["GET"]}}],"collection":[{"href":"https:\/\/novice.si\/page\/wp-json\/wp\/v2\/posts"}],"about":[{"href":"https:\/\/novice.si\/page\/wp-json\/wp\/v2\/types\/post"}],"author":[{"embeddable":true,"href":"https:\/\/novice.si\/page\/wp-json\/wp\/v2\/users\/33"}],"replies":[{"embeddable":true,"href":"https:\/\/novice.si\/page\/wp-json\/wp\/v2\/comments?post=163902"}],"version-history":[{"count":1,"href":"https:\/\/novice.si\/page\/wp-json\/wp\/v2\/posts\/163902\/revisions"}],"predecessor-version":[{"id":163905,"href":"https:\/\/novice.si\/page\/wp-json\/wp\/v2\/posts\/163902\/revisions\/163905"}],"wp:featuredmedia":[{"embeddable":true,"href":"https:\/\/novice.si\/page\/wp-json\/wp\/v2\/media\/163904"}],"wp:attachment":[{"href":"https:\/\/novice.si\/page\/wp-json\/wp\/v2\/media?parent=163902"}],"wp:term":[{"taxonomy":"category","embeddable":true,"href":"https:\/\/novice.si\/page\/wp-json\/wp\/v2\/categories?post=163902"},{"taxonomy":"post_tag","embeddable":true,"href":"https:\/\/novice.si\/page\/wp-json\/wp\/v2\/tags?post=163902"}],"curies":[{"name":"wp","href":"https:\/\/api.w.org\/{rel}","templated":true}]}}