{"id":163847,"date":"2023-06-13T14:23:28","date_gmt":"2023-06-13T12:23:28","guid":{"rendered":"https:\/\/novice.si\/page\/?p=163847"},"modified":"2023-06-13T14:23:28","modified_gmt":"2023-06-13T12:23:28","slug":"kolesarska-dirka-po-sloveniji-casovnica-zapiranja-tras-obmocje-pu-celje","status":"publish","type":"post","link":"https:\/\/novice.si\/page\/kolesarska-dirka-po-sloveniji-casovnica-zapiranja-tras-obmocje-pu-celje\/","title":{"rendered":"Kolesarska dirka Po Sloveniji: \u010dasovnica zapiranja tras (obmo\u010dje PU Celje)"},"content":{"rendered":"<ol start=\"29\">\n<li>junija se s prvo etapo z za\u010detkom v Celju za\u010denja tekmovalni del 29. dirke Po Sloveniji 2023.<\/li>\n<\/ol>\n<p><strong>Prva etapa:<\/strong><\/p>\n<p><strong>\u010casovnica 1. etape dirke Po Sloveniji,<\/strong> ki bo <span style=\"background-color: #ffff00;\">v sredo, 14. junija<\/span> in predvidene <strong>zapore,<\/strong> ki se bodo za\u010dele <strong>15 minut pred prihodom<\/strong> na lokacijo; <strong>Start<\/strong> etape bo ob <strong>11.05<\/strong> v Celju na De\u010dkovi cesti pred obmo\u010djem celjskega sejmi\u0161\u010da. Pot se bo nadaljevala skozi center mesta in nato proti Vojniku, kamor bodo kolesarji prispeli ob <strong>11.25<\/strong>. Sledijo \u0160martinsko jezero <strong>(11.30)<\/strong>, zahod Celja <strong>(11.35)<\/strong>, Levec<strong> (11.41)<\/strong>, \u017dalec <strong>(11.46)<\/strong>, \u0160empeter <strong>(11.55)<\/strong>, Breg pri Polzeli <strong>(11.56)<\/strong>, Polzela<strong> (okoli 12.01)<\/strong>, Pari\u017elje<strong> (okoli 12.02)<\/strong>, Braslov\u010de <strong>(okoli 12.04)<\/strong>, Male Braslov\u010de<strong> (okoli 12.06)<\/strong>, Letu\u0161 <strong>(okoli 12.10)<\/strong>, \u0160martno ob Paki <strong>(okoli 12.13)<\/strong>, Gavce <strong>(okoli 12.16)<\/strong>, Gorenje <strong>(okoli 12.17)<\/strong>, \u0160o\u0161tanj <strong>(okoli 12.24)<\/strong>, Florjan <strong>(okoli 12.29)<\/strong>, Topol\u0161ica <strong>(okoli 12.34)<\/strong>, Gaberke <strong>(okoli 12.40)<\/strong>, Velenje<strong> (okoli 12.52)<\/strong>, \u010crnova<strong> (okoli 13.00)<\/strong>, Pristava <strong>(okoli 13.05)<\/strong>, Dobrna <strong>(okoli 13.08)<\/strong>, Socka<strong> (okoli 13.13)<\/strong>, Vitanje <strong>(okoli 13.22)<\/strong>, Stranice <strong>(okoli 13.31)<\/strong>, Zre\u010de <strong>(okoli 13.37)<\/strong>, Radana vas <strong>(okoli 13.39)<\/strong>, Slovenske Konjice <strong>(okoli 13.45)<\/strong>, \u017di\u010de<strong> (okoli 13.52)<\/strong>, \u017di\u010dka kartuzija<strong> (okoli 14.03)<\/strong>, Dramlje <strong>(okoli 14.10)<\/strong>, Trnovec <strong>(okoli 14.11)<\/strong>, Dole<strong> (okoli 14.15)<\/strong>, \u0160entjur<strong> (okoli 14.19)<\/strong>, Stop\u010de <strong>(okoli 14.23)<\/strong>, Spodnji vrh<strong> (okoli 14.24)<\/strong>, Breze<strong> (okoli 14.29)<\/strong>, Hotunje <strong>(okoli 14.30)<\/strong>, Ponikva<strong> (okoli 14.32)<\/strong>, \u0160entvid pri Grobelnem <strong>(okoli 14.38)<\/strong>, \u0160marje pri Jel\u0161ah<strong> (okoli 14.39)<\/strong>, Strtenica<strong> (okoli 14.56)<\/strong>, Spodnje Mestinje<strong> (okoli 15.06)<\/strong>, Pristava <strong>(okoli 15.08)<\/strong>, Vonarje <strong>(okoli 15.10)<\/strong>, Kamence <strong>(okoli 15.16)<\/strong>, Brestovec <strong>(okoli 15.18)<\/strong>, Roga\u0161ka Slatina <strong>(okoli 15.19)<\/strong>, Spodnje negonje <strong>(okoli 15.25)<\/strong>, Brezovec pri Rogatcu <strong>(okoli 15.32)<\/strong> in \u0161e povratek v ciljno Roga\u0161ko Slatino okoli <strong>15.38<\/strong>.<\/p>\n<p><strong>Druga etapa:<\/strong><\/p>\n<p><strong>\u010casovnica 2. etape dirke Po Sloveniji,<\/strong> ki bo <span style=\"background-color: #ffff00;\">v \u010detrtek, 15. junija i<\/span>n predvidene <strong>zapore,<\/strong> ki se bodo za\u010dele <strong>15 minut pred prihodom<\/strong> na lokacijo; <strong>Start<\/strong> etape bo ob <strong>10.55<\/strong> v \u017dalcu. Pot se bo nadaljevala okoli \u017dalca in nato proti \u0160empetru, kamor bodo kolesarji prispeli ob <strong>11.11<\/strong>. Sledijo Kaplja vas<strong> (11.15)<\/strong>, Dolenja vas<strong> (11.16)<\/strong>, Prebold <strong>(11.17)<\/strong>, Dolenja vas <strong>(11.18)<\/strong>, Latkova vas <strong>(11.20)<\/strong>, \u0160empeter <strong>(11.21)<\/strong>, \u017dalec <strong>(11.28)<\/strong>, Levec<strong> (11.34)<\/strong>, Celje <strong>(okoli 11.38)<\/strong>, Teharje <strong>(okoli 11.44)<\/strong>, \u017delezarna \u0160tore <strong>(okoli 11.46)<\/strong>, \u0160tore<strong> (okoli 11.47)<\/strong>, Kompole <strong>(okoli 11.52)<\/strong>, \u0160entjur <strong>(okoli 11.59)<\/strong>, Stop\u010de<strong> (okoli 12.01)<\/strong>, \u0160entvid proti Grobelnem <strong>(okoli 12.07)<\/strong>, \u0160marje pri Jel\u0161ah <strong>(okoli 12.14)<\/strong>, Mestinje <strong>(okoli 12.18)<\/strong>, Podplat<strong> (okoli 12.21)<\/strong>, Teka\u010devo <strong>(okoli 12.24)<\/strong>, Rogatec <strong>(okoli 12.37)<\/strong> in Stoperce <strong>(okoli 12.45)<\/strong>. Pot nadaljujejo skozi Maj\u0161perk, Kidri\u010devo, Videm pri Ptuju in Jeruzalem, prihod v ciljni Ormo\u017e pa je predviden okoli <strong>15. ure<\/strong> popoldan.<\/p>\n<p>Vsi, ki si boste dirko ogledali in udele\u017eence v prometu, policisti napro\u0161ajo, da upo\u0161tevate navodila organizatorja, lokalnih skupnosti, rediteljev in redarstva ter policije in zapore na cestah ter mo\u017enih dalj\u0161ih zastojev na vseh etapah, kot je razvidno tudi iz prilo\u017eenih \u010dasovnic zapiranja tras.<\/p>\n","protected":false},"excerpt":{"rendered":"<p>junija se s prvo etapo z za\u010detkom v Celju za\u010denja tekmovalni del 29. dirke Po Sloveniji 2023. Prva etapa: \u010casovnica 1. etape dirke Po Sloveniji, ki bo v sredo, 14. junija in predvidene zapore, ki se bodo za\u010dele 15 minut pred prihodom na lokacijo; Start etape bo ob 11.05 v Celju na De\u010dkovi cesti pred [&hellip;]<\/p>\n","protected":false},"author":5,"featured_media":163848,"comment_status":"closed","ping_status":"closed","sticky":false,"template":"","format":"standard","meta":{"footnotes":""},"categories":[14,17,16,38,57,68],"tags":[],"class_list":{"0":"post-163847","1":"post","2":"type-post","3":"status-publish","4":"format-standard","5":"has-post-thumbnail","7":"category-aktualno","8":"category-celjsko","9":"category-konjisko","10":"category-kozjansko","11":"category-sentjursko","12":"category-sport"},"yoast_head":"<!-- This site is optimized with the Yoast SEO plugin v27.4 - https:\/\/yoast.com\/product\/yoast-seo-wordpress\/ -->\n<title>Kolesarska dirka Po Sloveniji: \u010dasovnica zapiranja tras (obmo\u010dje PU Celje) - Novice.si<\/title>\n<meta name=\"robots\" content=\"index, follow, max-snippet:-1, max-image-preview:large, max-video-preview:-1\" \/>\n<link rel=\"canonical\" href=\"https:\/\/novice.si\/page\/kolesarska-dirka-po-sloveniji-casovnica-zapiranja-tras-obmocje-pu-celje\/\" \/>\n<meta property=\"og:locale\" content=\"sl_SI\" \/>\n<meta property=\"og:type\" content=\"article\" \/>\n<meta property=\"og:title\" content=\"Kolesarska dirka Po Sloveniji: \u010dasovnica zapiranja tras (obmo\u010dje PU Celje) - Novice.si\" \/>\n<meta property=\"og:description\" content=\"junija se s prvo etapo z za\u010detkom v Celju za\u010denja tekmovalni del 29. dirke Po Sloveniji 2023. Prva etapa: \u010casovnica 1. etape dirke Po Sloveniji, ki bo v sredo, 14. junija in predvidene zapore, ki se bodo za\u010dele 15 minut pred prihodom na lokacijo; Start etape bo ob 11.05 v Celju na De\u010dkovi cesti pred [&hellip;]\" \/>\n<meta property=\"og:url\" content=\"https:\/\/novice.si\/page\/kolesarska-dirka-po-sloveniji-casovnica-zapiranja-tras-obmocje-pu-celje\/\" \/>\n<meta property=\"og:site_name\" content=\"Novice.si\" \/>\n<meta property=\"article:published_time\" content=\"2023-06-13T12:23:28+00:00\" \/>\n<meta property=\"og:image\" content=\"https:\/\/novice.si\/page\/wp-content\/uploads\/2023\/06\/dirka.webp\" \/>\n\t<meta property=\"og:image:width\" content=\"1920\" \/>\n\t<meta property=\"og:image:height\" content=\"1281\" \/>\n\t<meta property=\"og:image:type\" content=\"image\/webp\" \/>\n<meta name=\"author\" content=\"Uredni\u0161tvo Radia Rogla\" \/>\n<meta name=\"twitter:card\" content=\"summary_large_image\" \/>\n<meta name=\"twitter:label1\" content=\"Written by\" \/>\n\t<meta name=\"twitter:data1\" content=\"Uredni\u0161tvo Radia Rogla\" \/>\n\t<meta name=\"twitter:label2\" content=\"Est. reading time\" \/>\n\t<meta name=\"twitter:data2\" content=\"3 minute\" \/>\n<script type=\"application\/ld+json\" class=\"yoast-schema-graph\">{\"@context\":\"https:\\\/\\\/schema.org\",\"@graph\":[{\"@type\":\"Article\",\"@id\":\"https:\\\/\\\/novice.si\\\/page\\\/kolesarska-dirka-po-sloveniji-casovnica-zapiranja-tras-obmocje-pu-celje\\\/#article\",\"isPartOf\":{\"@id\":\"https:\\\/\\\/novice.si\\\/page\\\/kolesarska-dirka-po-sloveniji-casovnica-zapiranja-tras-obmocje-pu-celje\\\/\"},\"author\":{\"name\":\"Uredni\u0161tvo Radia Rogla\",\"@id\":\"https:\\\/\\\/novice.si\\\/page\\\/#\\\/schema\\\/person\\\/25f5278da029e7b6f1e1c5653d7152a6\"},\"headline\":\"Kolesarska dirka Po Sloveniji: \u010dasovnica zapiranja tras (obmo\u010dje PU Celje)\",\"datePublished\":\"2023-06-13T12:23:28+00:00\",\"mainEntityOfPage\":{\"@id\":\"https:\\\/\\\/novice.si\\\/page\\\/kolesarska-dirka-po-sloveniji-casovnica-zapiranja-tras-obmocje-pu-celje\\\/\"},\"wordCount\":387,\"publisher\":{\"@id\":\"https:\\\/\\\/novice.si\\\/page\\\/#organization\"},\"image\":{\"@id\":\"https:\\\/\\\/novice.si\\\/page\\\/kolesarska-dirka-po-sloveniji-casovnica-zapiranja-tras-obmocje-pu-celje\\\/#primaryimage\"},\"thumbnailUrl\":\"https:\\\/\\\/novice.si\\\/page\\\/wp-content\\\/uploads\\\/2023\\\/06\\\/dirka.webp\",\"articleSection\":[\"Aktualno\",\"Celjsko\",\"Konji\u0161ko\",\"Kozjansko\",\"\u0160entjursko\",\"\u0160port\"],\"inLanguage\":\"sl-SI\"},{\"@type\":\"WebPage\",\"@id\":\"https:\\\/\\\/novice.si\\\/page\\\/kolesarska-dirka-po-sloveniji-casovnica-zapiranja-tras-obmocje-pu-celje\\\/\",\"url\":\"https:\\\/\\\/novice.si\\\/page\\\/kolesarska-dirka-po-sloveniji-casovnica-zapiranja-tras-obmocje-pu-celje\\\/\",\"name\":\"Kolesarska dirka Po Sloveniji: \u010dasovnica zapiranja tras (obmo\u010dje PU Celje) - Novice.si\",\"isPartOf\":{\"@id\":\"https:\\\/\\\/novice.si\\\/page\\\/#website\"},\"primaryImageOfPage\":{\"@id\":\"https:\\\/\\\/novice.si\\\/page\\\/kolesarska-dirka-po-sloveniji-casovnica-zapiranja-tras-obmocje-pu-celje\\\/#primaryimage\"},\"image\":{\"@id\":\"https:\\\/\\\/novice.si\\\/page\\\/kolesarska-dirka-po-sloveniji-casovnica-zapiranja-tras-obmocje-pu-celje\\\/#primaryimage\"},\"thumbnailUrl\":\"https:\\\/\\\/novice.si\\\/page\\\/wp-content\\\/uploads\\\/2023\\\/06\\\/dirka.webp\",\"datePublished\":\"2023-06-13T12:23:28+00:00\",\"breadcrumb\":{\"@id\":\"https:\\\/\\\/novice.si\\\/page\\\/kolesarska-dirka-po-sloveniji-casovnica-zapiranja-tras-obmocje-pu-celje\\\/#breadcrumb\"},\"inLanguage\":\"sl-SI\",\"potentialAction\":[{\"@type\":\"ReadAction\",\"target\":[\"https:\\\/\\\/novice.si\\\/page\\\/kolesarska-dirka-po-sloveniji-casovnica-zapiranja-tras-obmocje-pu-celje\\\/\"]}]},{\"@type\":\"ImageObject\",\"inLanguage\":\"sl-SI\",\"@id\":\"https:\\\/\\\/novice.si\\\/page\\\/kolesarska-dirka-po-sloveniji-casovnica-zapiranja-tras-obmocje-pu-celje\\\/#primaryimage\",\"url\":\"https:\\\/\\\/novice.si\\\/page\\\/wp-content\\\/uploads\\\/2023\\\/06\\\/dirka.webp\",\"contentUrl\":\"https:\\\/\\\/novice.si\\\/page\\\/wp-content\\\/uploads\\\/2023\\\/06\\\/dirka.webp\",\"width\":1920,\"height\":1281},{\"@type\":\"BreadcrumbList\",\"@id\":\"https:\\\/\\\/novice.si\\\/page\\\/kolesarska-dirka-po-sloveniji-casovnica-zapiranja-tras-obmocje-pu-celje\\\/#breadcrumb\",\"itemListElement\":[{\"@type\":\"ListItem\",\"position\":1,\"name\":\"Home\",\"item\":\"https:\\\/\\\/novice.si\\\/page\\\/\"},{\"@type\":\"ListItem\",\"position\":2,\"name\":\"Kolesarska dirka Po Sloveniji: \u010dasovnica zapiranja tras (obmo\u010dje PU Celje)\"}]},{\"@type\":\"WebSite\",\"@id\":\"https:\\\/\\\/novice.si\\\/page\\\/#website\",\"url\":\"https:\\\/\\\/novice.si\\\/page\\\/\",\"name\":\"Novice.si\",\"description\":\"\",\"publisher\":{\"@id\":\"https:\\\/\\\/novice.si\\\/page\\\/#organization\"},\"potentialAction\":[{\"@type\":\"SearchAction\",\"target\":{\"@type\":\"EntryPoint\",\"urlTemplate\":\"https:\\\/\\\/novice.si\\\/page\\\/?s={search_term_string}\"},\"query-input\":{\"@type\":\"PropertyValueSpecification\",\"valueRequired\":true,\"valueName\":\"search_term_string\"}}],\"inLanguage\":\"sl-SI\"},{\"@type\":\"Organization\",\"@id\":\"https:\\\/\\\/novice.si\\\/page\\\/#organization\",\"name\":\"Novice.si\",\"url\":\"https:\\\/\\\/novice.si\\\/page\\\/\",\"logo\":{\"@type\":\"ImageObject\",\"inLanguage\":\"sl-SI\",\"@id\":\"https:\\\/\\\/novice.si\\\/page\\\/#\\\/schema\\\/logo\\\/image\\\/\",\"url\":\"https:\\\/\\\/novice.si\\\/page\\\/wp-content\\\/uploads\\\/2023\\\/03\\\/novice_si.png\",\"contentUrl\":\"https:\\\/\\\/novice.si\\\/page\\\/wp-content\\\/uploads\\\/2023\\\/03\\\/novice_si.png\",\"width\":576,\"height\":200,\"caption\":\"Novice.si\"},\"image\":{\"@id\":\"https:\\\/\\\/novice.si\\\/page\\\/#\\\/schema\\\/logo\\\/image\\\/\"}},{\"@type\":\"Person\",\"@id\":\"https:\\\/\\\/novice.si\\\/page\\\/#\\\/schema\\\/person\\\/25f5278da029e7b6f1e1c5653d7152a6\",\"name\":\"Uredni\u0161tvo Radia Rogla\",\"image\":{\"@type\":\"ImageObject\",\"inLanguage\":\"sl-SI\",\"@id\":\"https:\\\/\\\/secure.gravatar.com\\\/avatar\\\/eade8259eacc27e89cb0948c57c4cbe46b0f16ea634156f167415ac94c5b03e3?s=96&d=mm&r=g\",\"url\":\"https:\\\/\\\/secure.gravatar.com\\\/avatar\\\/eade8259eacc27e89cb0948c57c4cbe46b0f16ea634156f167415ac94c5b03e3?s=96&d=mm&r=g\",\"contentUrl\":\"https:\\\/\\\/secure.gravatar.com\\\/avatar\\\/eade8259eacc27e89cb0948c57c4cbe46b0f16ea634156f167415ac94c5b03e3?s=96&d=mm&r=g\",\"caption\":\"Uredni\u0161tvo Radia Rogla\"},\"url\":\"https:\\\/\\\/novice.si\\\/page\\\/author\\\/valerija\\\/\"}]}<\/script>\n<!-- \/ Yoast SEO plugin. -->","yoast_head_json":{"title":"Kolesarska dirka Po Sloveniji: \u010dasovnica zapiranja tras (obmo\u010dje PU Celje) - Novice.si","robots":{"index":"index","follow":"follow","max-snippet":"max-snippet:-1","max-image-preview":"max-image-preview:large","max-video-preview":"max-video-preview:-1"},"canonical":"https:\/\/novice.si\/page\/kolesarska-dirka-po-sloveniji-casovnica-zapiranja-tras-obmocje-pu-celje\/","og_locale":"sl_SI","og_type":"article","og_title":"Kolesarska dirka Po Sloveniji: \u010dasovnica zapiranja tras (obmo\u010dje PU Celje) - Novice.si","og_description":"junija se s prvo etapo z za\u010detkom v Celju za\u010denja tekmovalni del 29. dirke Po Sloveniji 2023. Prva etapa: \u010casovnica 1. etape dirke Po Sloveniji, ki bo v sredo, 14. junija in predvidene zapore, ki se bodo za\u010dele 15 minut pred prihodom na lokacijo; Start etape bo ob 11.05 v Celju na De\u010dkovi cesti pred [&hellip;]","og_url":"https:\/\/novice.si\/page\/kolesarska-dirka-po-sloveniji-casovnica-zapiranja-tras-obmocje-pu-celje\/","og_site_name":"Novice.si","article_published_time":"2023-06-13T12:23:28+00:00","og_image":[{"width":1920,"height":1281,"url":"https:\/\/novice.si\/page\/wp-content\/uploads\/2023\/06\/dirka.webp","type":"image\/webp"}],"author":"Uredni\u0161tvo Radia Rogla","twitter_card":"summary_large_image","twitter_misc":{"Written by":"Uredni\u0161tvo Radia Rogla","Est. reading time":"3 minute"},"schema":{"@context":"https:\/\/schema.org","@graph":[{"@type":"Article","@id":"https:\/\/novice.si\/page\/kolesarska-dirka-po-sloveniji-casovnica-zapiranja-tras-obmocje-pu-celje\/#article","isPartOf":{"@id":"https:\/\/novice.si\/page\/kolesarska-dirka-po-sloveniji-casovnica-zapiranja-tras-obmocje-pu-celje\/"},"author":{"name":"Uredni\u0161tvo Radia Rogla","@id":"https:\/\/novice.si\/page\/#\/schema\/person\/25f5278da029e7b6f1e1c5653d7152a6"},"headline":"Kolesarska dirka Po Sloveniji: \u010dasovnica zapiranja tras (obmo\u010dje PU Celje)","datePublished":"2023-06-13T12:23:28+00:00","mainEntityOfPage":{"@id":"https:\/\/novice.si\/page\/kolesarska-dirka-po-sloveniji-casovnica-zapiranja-tras-obmocje-pu-celje\/"},"wordCount":387,"publisher":{"@id":"https:\/\/novice.si\/page\/#organization"},"image":{"@id":"https:\/\/novice.si\/page\/kolesarska-dirka-po-sloveniji-casovnica-zapiranja-tras-obmocje-pu-celje\/#primaryimage"},"thumbnailUrl":"https:\/\/novice.si\/page\/wp-content\/uploads\/2023\/06\/dirka.webp","articleSection":["Aktualno","Celjsko","Konji\u0161ko","Kozjansko","\u0160entjursko","\u0160port"],"inLanguage":"sl-SI"},{"@type":"WebPage","@id":"https:\/\/novice.si\/page\/kolesarska-dirka-po-sloveniji-casovnica-zapiranja-tras-obmocje-pu-celje\/","url":"https:\/\/novice.si\/page\/kolesarska-dirka-po-sloveniji-casovnica-zapiranja-tras-obmocje-pu-celje\/","name":"Kolesarska dirka Po Sloveniji: \u010dasovnica zapiranja tras (obmo\u010dje PU Celje) - Novice.si","isPartOf":{"@id":"https:\/\/novice.si\/page\/#website"},"primaryImageOfPage":{"@id":"https:\/\/novice.si\/page\/kolesarska-dirka-po-sloveniji-casovnica-zapiranja-tras-obmocje-pu-celje\/#primaryimage"},"image":{"@id":"https:\/\/novice.si\/page\/kolesarska-dirka-po-sloveniji-casovnica-zapiranja-tras-obmocje-pu-celje\/#primaryimage"},"thumbnailUrl":"https:\/\/novice.si\/page\/wp-content\/uploads\/2023\/06\/dirka.webp","datePublished":"2023-06-13T12:23:28+00:00","breadcrumb":{"@id":"https:\/\/novice.si\/page\/kolesarska-dirka-po-sloveniji-casovnica-zapiranja-tras-obmocje-pu-celje\/#breadcrumb"},"inLanguage":"sl-SI","potentialAction":[{"@type":"ReadAction","target":["https:\/\/novice.si\/page\/kolesarska-dirka-po-sloveniji-casovnica-zapiranja-tras-obmocje-pu-celje\/"]}]},{"@type":"ImageObject","inLanguage":"sl-SI","@id":"https:\/\/novice.si\/page\/kolesarska-dirka-po-sloveniji-casovnica-zapiranja-tras-obmocje-pu-celje\/#primaryimage","url":"https:\/\/novice.si\/page\/wp-content\/uploads\/2023\/06\/dirka.webp","contentUrl":"https:\/\/novice.si\/page\/wp-content\/uploads\/2023\/06\/dirka.webp","width":1920,"height":1281},{"@type":"BreadcrumbList","@id":"https:\/\/novice.si\/page\/kolesarska-dirka-po-sloveniji-casovnica-zapiranja-tras-obmocje-pu-celje\/#breadcrumb","itemListElement":[{"@type":"ListItem","position":1,"name":"Home","item":"https:\/\/novice.si\/page\/"},{"@type":"ListItem","position":2,"name":"Kolesarska dirka Po Sloveniji: \u010dasovnica zapiranja tras (obmo\u010dje PU Celje)"}]},{"@type":"WebSite","@id":"https:\/\/novice.si\/page\/#website","url":"https:\/\/novice.si\/page\/","name":"Novice.si","description":"","publisher":{"@id":"https:\/\/novice.si\/page\/#organization"},"potentialAction":[{"@type":"SearchAction","target":{"@type":"EntryPoint","urlTemplate":"https:\/\/novice.si\/page\/?s={search_term_string}"},"query-input":{"@type":"PropertyValueSpecification","valueRequired":true,"valueName":"search_term_string"}}],"inLanguage":"sl-SI"},{"@type":"Organization","@id":"https:\/\/novice.si\/page\/#organization","name":"Novice.si","url":"https:\/\/novice.si\/page\/","logo":{"@type":"ImageObject","inLanguage":"sl-SI","@id":"https:\/\/novice.si\/page\/#\/schema\/logo\/image\/","url":"https:\/\/novice.si\/page\/wp-content\/uploads\/2023\/03\/novice_si.png","contentUrl":"https:\/\/novice.si\/page\/wp-content\/uploads\/2023\/03\/novice_si.png","width":576,"height":200,"caption":"Novice.si"},"image":{"@id":"https:\/\/novice.si\/page\/#\/schema\/logo\/image\/"}},{"@type":"Person","@id":"https:\/\/novice.si\/page\/#\/schema\/person\/25f5278da029e7b6f1e1c5653d7152a6","name":"Uredni\u0161tvo Radia Rogla","image":{"@type":"ImageObject","inLanguage":"sl-SI","@id":"https:\/\/secure.gravatar.com\/avatar\/eade8259eacc27e89cb0948c57c4cbe46b0f16ea634156f167415ac94c5b03e3?s=96&d=mm&r=g","url":"https:\/\/secure.gravatar.com\/avatar\/eade8259eacc27e89cb0948c57c4cbe46b0f16ea634156f167415ac94c5b03e3?s=96&d=mm&r=g","contentUrl":"https:\/\/secure.gravatar.com\/avatar\/eade8259eacc27e89cb0948c57c4cbe46b0f16ea634156f167415ac94c5b03e3?s=96&d=mm&r=g","caption":"Uredni\u0161tvo Radia Rogla"},"url":"https:\/\/novice.si\/page\/author\/valerija\/"}]}},"_links":{"self":[{"href":"https:\/\/novice.si\/page\/wp-json\/wp\/v2\/posts\/163847","targetHints":{"allow":["GET"]}}],"collection":[{"href":"https:\/\/novice.si\/page\/wp-json\/wp\/v2\/posts"}],"about":[{"href":"https:\/\/novice.si\/page\/wp-json\/wp\/v2\/types\/post"}],"author":[{"embeddable":true,"href":"https:\/\/novice.si\/page\/wp-json\/wp\/v2\/users\/5"}],"replies":[{"embeddable":true,"href":"https:\/\/novice.si\/page\/wp-json\/wp\/v2\/comments?post=163847"}],"version-history":[{"count":1,"href":"https:\/\/novice.si\/page\/wp-json\/wp\/v2\/posts\/163847\/revisions"}],"predecessor-version":[{"id":163849,"href":"https:\/\/novice.si\/page\/wp-json\/wp\/v2\/posts\/163847\/revisions\/163849"}],"wp:featuredmedia":[{"embeddable":true,"href":"https:\/\/novice.si\/page\/wp-json\/wp\/v2\/media\/163848"}],"wp:attachment":[{"href":"https:\/\/novice.si\/page\/wp-json\/wp\/v2\/media?parent=163847"}],"wp:term":[{"taxonomy":"category","embeddable":true,"href":"https:\/\/novice.si\/page\/wp-json\/wp\/v2\/categories?post=163847"},{"taxonomy":"post_tag","embeddable":true,"href":"https:\/\/novice.si\/page\/wp-json\/wp\/v2\/tags?post=163847"}],"curies":[{"name":"wp","href":"https:\/\/api.w.org\/{rel}","templated":true}]}}