{"id":163748,"date":"2023-06-12T14:22:00","date_gmt":"2023-06-12T12:22:00","guid":{"rendered":"https:\/\/novice.si\/page\/?p=163748"},"modified":"2023-06-12T14:22:00","modified_gmt":"2023-06-12T12:22:00","slug":"celje-krklecev-primer-zastal-dobil-bo-novega-zagovornika","status":"publish","type":"post","link":"https:\/\/novice.si\/page\/celje-krklecev-primer-zastal-dobil-bo-novega-zagovornika\/","title":{"rendered":"CELJE Krkle\u010dev primer zastal, dobil bo novega zagovornika"},"content":{"rendered":"<p>Celjsko okro\u017eno sodi\u0161\u010de dopoldne ni moglo nadaljevati sojenja 67-letnemu <strong>Branku Krklecu<\/strong>, ki se zagovarja za umor konji\u0161kih sodnih izvr\u0161iteljev <strong>Aleksandra Klementa<\/strong> in <strong>Nata\u0161e Zadravec Klement<\/strong> februarja lani v \u0160kofiji pri \u0160marju.<\/p>\n<p><img loading=\"lazy\" decoding=\"async\" class=\"size-medium wp-image-159241 alignleft\" src=\"https:\/\/novice.si\/page\/wp-content\/uploads\/2023\/01\/Krklec-jan23-1-3-1-300x225.jpg\" alt=\"\" width=\"300\" height=\"225\" srcset=\"https:\/\/novice.si\/page\/wp-content\/uploads\/2023\/01\/Krklec-jan23-1-3-1-300x225.jpg 300w, https:\/\/novice.si\/page\/wp-content\/uploads\/2023\/01\/Krklec-jan23-1-3-1-1024x768.jpg 1024w, https:\/\/novice.si\/page\/wp-content\/uploads\/2023\/01\/Krklec-jan23-1-3-1-768x576.jpg 768w, https:\/\/novice.si\/page\/wp-content\/uploads\/2023\/01\/Krklec-jan23-1-3-1-1536x1152.jpg 1536w, https:\/\/novice.si\/page\/wp-content\/uploads\/2023\/01\/Krklec-jan23-1-3-1-2048x1536.jpg 2048w, https:\/\/novice.si\/page\/wp-content\/uploads\/2023\/01\/Krklec-jan23-1-3-1-80x60.jpg 80w, https:\/\/novice.si\/page\/wp-content\/uploads\/2023\/01\/Krklec-jan23-1-3-1-265x198.jpg 265w, https:\/\/novice.si\/page\/wp-content\/uploads\/2023\/01\/Krklec-jan23-1-3-1-696x522.jpg 696w, https:\/\/novice.si\/page\/wp-content\/uploads\/2023\/01\/Krklec-jan23-1-3-1-1068x801.jpg 1068w, https:\/\/novice.si\/page\/wp-content\/uploads\/2023\/01\/Krklec-jan23-1-3-1-560x420.jpg 560w, https:\/\/novice.si\/page\/wp-content\/uploads\/2023\/01\/Krklec-jan23-1-3-1-24x18.jpg 24w, https:\/\/novice.si\/page\/wp-content\/uploads\/2023\/01\/Krklec-jan23-1-3-1-36x27.jpg 36w, https:\/\/novice.si\/page\/wp-content\/uploads\/2023\/01\/Krklec-jan23-1-3-1-48x36.jpg 48w\" sizes=\"auto, (max-width: 300px) 100vw, 300px\" \/><\/p>\n<p>Ker bo njegov zagovornik zaradi zdravstvenih te\u017eav odsoten vsaj dva meseca, si mora obto\u017eeni, ki mu grozi najvi\u0161ja zaporna kazen, izbrati novega zagovornika oziroma mu ga bodo dodelili po uradni dol\u017enosti.<\/p>\n<p>Glavno obravnavo je sodnica <strong>Gordana Malovi\u0107<\/strong> sicer nameravala kon\u010dati \u0161e ta mesec, a kot ka\u017ee, se bo z nekaj sre\u010de takrat \u0161ele nadaljevala.<\/p>\n<p>P\u0160<\/p>\n","protected":false},"excerpt":{"rendered":"<p>Celjsko okro\u017eno sodi\u0161\u010de dopoldne ni moglo nadaljevati sojenja 67-letnemu Branku Krklecu, ki se zagovarja za umor konji\u0161kih sodnih izvr\u0161iteljev Aleksandra Klementa in Nata\u0161e Zadravec Klement februarja lani v \u0160kofiji pri \u0160marju. Ker bo njegov zagovornik zaradi zdravstvenih te\u017eav odsoten vsaj dva meseca, si mora obto\u017eeni, ki mu grozi najvi\u0161ja zaporna kazen, izbrati novega zagovornika oziroma [&hellip;]<\/p>\n","protected":false},"author":33,"featured_media":160881,"comment_status":"closed","ping_status":"closed","sticky":false,"template":"","format":"standard","meta":{"footnotes":""},"categories":[14,17,16,38,29],"tags":[15852,18052,14229,356,17304],"class_list":{"0":"post-163748","1":"post","2":"type-post","3":"status-publish","4":"format-standard","5":"has-post-thumbnail","7":"category-aktualno","8":"category-celjsko","9":"category-konjisko","10":"category-kozjansko","11":"category-kronika","12":"tag-branko-krklec","13":"tag-novi-zagovornik","14":"tag-prelozen-narok","15":"tag-sojenje","16":"tag-umor-sodnih-izvrsiteljev"},"yoast_head":"<!-- This site is optimized with the Yoast SEO plugin v27.4 - https:\/\/yoast.com\/product\/yoast-seo-wordpress\/ -->\n<title>CELJE Krkle\u010dev primer zastal, dobil bo novega zagovornika - Novice.si<\/title>\n<meta name=\"robots\" content=\"index, follow, max-snippet:-1, max-image-preview:large, max-video-preview:-1\" \/>\n<link rel=\"canonical\" href=\"https:\/\/novice.si\/page\/celje-krklecev-primer-zastal-dobil-bo-novega-zagovornika\/\" \/>\n<meta property=\"og:locale\" content=\"sl_SI\" \/>\n<meta property=\"og:type\" content=\"article\" \/>\n<meta property=\"og:title\" content=\"CELJE Krkle\u010dev primer zastal, dobil bo novega zagovornika - Novice.si\" \/>\n<meta property=\"og:description\" content=\"Celjsko okro\u017eno sodi\u0161\u010de dopoldne ni moglo nadaljevati sojenja 67-letnemu Branku Krklecu, ki se zagovarja za umor konji\u0161kih sodnih izvr\u0161iteljev Aleksandra Klementa in Nata\u0161e Zadravec Klement februarja lani v \u0160kofiji pri \u0160marju. Ker bo njegov zagovornik zaradi zdravstvenih te\u017eav odsoten vsaj dva meseca, si mora obto\u017eeni, ki mu grozi najvi\u0161ja zaporna kazen, izbrati novega zagovornika oziroma [&hellip;]\" \/>\n<meta property=\"og:url\" content=\"https:\/\/novice.si\/page\/celje-krklecev-primer-zastal-dobil-bo-novega-zagovornika\/\" \/>\n<meta property=\"og:site_name\" content=\"Novice.si\" \/>\n<meta property=\"article:published_time\" content=\"2023-06-12T12:22:00+00:00\" \/>\n<meta property=\"og:image\" content=\"https:\/\/novice.si\/page\/wp-content\/uploads\/2023\/03\/Krklec-mar-23-2-scaled.jpg\" \/>\n\t<meta property=\"og:image:width\" content=\"2560\" \/>\n\t<meta property=\"og:image:height\" content=\"1920\" \/>\n\t<meta property=\"og:image:type\" content=\"image\/jpeg\" \/>\n<meta name=\"author\" content=\"Uredni\u0161tvo Celjana\" \/>\n<meta name=\"twitter:card\" content=\"summary_large_image\" \/>\n<meta name=\"twitter:label1\" content=\"Written by\" \/>\n\t<meta name=\"twitter:data1\" content=\"Uredni\u0161tvo Celjana\" \/>\n\t<meta name=\"twitter:label2\" content=\"Est. reading time\" \/>\n\t<meta name=\"twitter:data2\" content=\"1 minuta\" \/>\n<script type=\"application\/ld+json\" class=\"yoast-schema-graph\">{\"@context\":\"https:\\\/\\\/schema.org\",\"@graph\":[{\"@type\":\"Article\",\"@id\":\"https:\\\/\\\/novice.si\\\/page\\\/celje-krklecev-primer-zastal-dobil-bo-novega-zagovornika\\\/#article\",\"isPartOf\":{\"@id\":\"https:\\\/\\\/novice.si\\\/page\\\/celje-krklecev-primer-zastal-dobil-bo-novega-zagovornika\\\/\"},\"author\":{\"name\":\"Uredni\u0161tvo Celjana\",\"@id\":\"https:\\\/\\\/novice.si\\\/page\\\/#\\\/schema\\\/person\\\/57f25c9642a9541c7349c65d32032c3e\"},\"headline\":\"CELJE Krkle\u010dev primer zastal, dobil bo novega zagovornika\",\"datePublished\":\"2023-06-12T12:22:00+00:00\",\"mainEntityOfPage\":{\"@id\":\"https:\\\/\\\/novice.si\\\/page\\\/celje-krklecev-primer-zastal-dobil-bo-novega-zagovornika\\\/\"},\"wordCount\":107,\"publisher\":{\"@id\":\"https:\\\/\\\/novice.si\\\/page\\\/#organization\"},\"image\":{\"@id\":\"https:\\\/\\\/novice.si\\\/page\\\/celje-krklecev-primer-zastal-dobil-bo-novega-zagovornika\\\/#primaryimage\"},\"thumbnailUrl\":\"https:\\\/\\\/novice.si\\\/page\\\/wp-content\\\/uploads\\\/2023\\\/03\\\/Krklec-mar-23-2-scaled.jpg\",\"keywords\":[\"Branko Krklec\",\"novi zagovornik\",\"prelo\u017een narok\",\"sojenje\",\"umor sodnih izvr\u0161iteljev\"],\"articleSection\":[\"Aktualno\",\"Celjsko\",\"Konji\u0161ko\",\"Kozjansko\",\"Kronika\"],\"inLanguage\":\"sl-SI\"},{\"@type\":\"WebPage\",\"@id\":\"https:\\\/\\\/novice.si\\\/page\\\/celje-krklecev-primer-zastal-dobil-bo-novega-zagovornika\\\/\",\"url\":\"https:\\\/\\\/novice.si\\\/page\\\/celje-krklecev-primer-zastal-dobil-bo-novega-zagovornika\\\/\",\"name\":\"CELJE Krkle\u010dev primer zastal, dobil bo novega zagovornika - Novice.si\",\"isPartOf\":{\"@id\":\"https:\\\/\\\/novice.si\\\/page\\\/#website\"},\"primaryImageOfPage\":{\"@id\":\"https:\\\/\\\/novice.si\\\/page\\\/celje-krklecev-primer-zastal-dobil-bo-novega-zagovornika\\\/#primaryimage\"},\"image\":{\"@id\":\"https:\\\/\\\/novice.si\\\/page\\\/celje-krklecev-primer-zastal-dobil-bo-novega-zagovornika\\\/#primaryimage\"},\"thumbnailUrl\":\"https:\\\/\\\/novice.si\\\/page\\\/wp-content\\\/uploads\\\/2023\\\/03\\\/Krklec-mar-23-2-scaled.jpg\",\"datePublished\":\"2023-06-12T12:22:00+00:00\",\"breadcrumb\":{\"@id\":\"https:\\\/\\\/novice.si\\\/page\\\/celje-krklecev-primer-zastal-dobil-bo-novega-zagovornika\\\/#breadcrumb\"},\"inLanguage\":\"sl-SI\",\"potentialAction\":[{\"@type\":\"ReadAction\",\"target\":[\"https:\\\/\\\/novice.si\\\/page\\\/celje-krklecev-primer-zastal-dobil-bo-novega-zagovornika\\\/\"]}]},{\"@type\":\"ImageObject\",\"inLanguage\":\"sl-SI\",\"@id\":\"https:\\\/\\\/novice.si\\\/page\\\/celje-krklecev-primer-zastal-dobil-bo-novega-zagovornika\\\/#primaryimage\",\"url\":\"https:\\\/\\\/novice.si\\\/page\\\/wp-content\\\/uploads\\\/2023\\\/03\\\/Krklec-mar-23-2-scaled.jpg\",\"contentUrl\":\"https:\\\/\\\/novice.si\\\/page\\\/wp-content\\\/uploads\\\/2023\\\/03\\\/Krklec-mar-23-2-scaled.jpg\",\"width\":2560,\"height\":1920},{\"@type\":\"BreadcrumbList\",\"@id\":\"https:\\\/\\\/novice.si\\\/page\\\/celje-krklecev-primer-zastal-dobil-bo-novega-zagovornika\\\/#breadcrumb\",\"itemListElement\":[{\"@type\":\"ListItem\",\"position\":1,\"name\":\"Home\",\"item\":\"https:\\\/\\\/novice.si\\\/page\\\/\"},{\"@type\":\"ListItem\",\"position\":2,\"name\":\"CELJE Krkle\u010dev primer zastal, dobil bo novega zagovornika\"}]},{\"@type\":\"WebSite\",\"@id\":\"https:\\\/\\\/novice.si\\\/page\\\/#website\",\"url\":\"https:\\\/\\\/novice.si\\\/page\\\/\",\"name\":\"Novice.si\",\"description\":\"\",\"publisher\":{\"@id\":\"https:\\\/\\\/novice.si\\\/page\\\/#organization\"},\"potentialAction\":[{\"@type\":\"SearchAction\",\"target\":{\"@type\":\"EntryPoint\",\"urlTemplate\":\"https:\\\/\\\/novice.si\\\/page\\\/?s={search_term_string}\"},\"query-input\":{\"@type\":\"PropertyValueSpecification\",\"valueRequired\":true,\"valueName\":\"search_term_string\"}}],\"inLanguage\":\"sl-SI\"},{\"@type\":\"Organization\",\"@id\":\"https:\\\/\\\/novice.si\\\/page\\\/#organization\",\"name\":\"Novice.si\",\"url\":\"https:\\\/\\\/novice.si\\\/page\\\/\",\"logo\":{\"@type\":\"ImageObject\",\"inLanguage\":\"sl-SI\",\"@id\":\"https:\\\/\\\/novice.si\\\/page\\\/#\\\/schema\\\/logo\\\/image\\\/\",\"url\":\"https:\\\/\\\/novice.si\\\/page\\\/wp-content\\\/uploads\\\/2023\\\/03\\\/novice_si.png\",\"contentUrl\":\"https:\\\/\\\/novice.si\\\/page\\\/wp-content\\\/uploads\\\/2023\\\/03\\\/novice_si.png\",\"width\":576,\"height\":200,\"caption\":\"Novice.si\"},\"image\":{\"@id\":\"https:\\\/\\\/novice.si\\\/page\\\/#\\\/schema\\\/logo\\\/image\\\/\"}},{\"@type\":\"Person\",\"@id\":\"https:\\\/\\\/novice.si\\\/page\\\/#\\\/schema\\\/person\\\/57f25c9642a9541c7349c65d32032c3e\",\"name\":\"Uredni\u0161tvo Celjana\",\"image\":{\"@type\":\"ImageObject\",\"inLanguage\":\"sl-SI\",\"@id\":\"https:\\\/\\\/secure.gravatar.com\\\/avatar\\\/78e52bc4279b65f6df6345e0ef0f7b792d361361f230cf4ffecfe0afe6d5629c?s=96&d=mm&r=g\",\"url\":\"https:\\\/\\\/secure.gravatar.com\\\/avatar\\\/78e52bc4279b65f6df6345e0ef0f7b792d361361f230cf4ffecfe0afe6d5629c?s=96&d=mm&r=g\",\"contentUrl\":\"https:\\\/\\\/secure.gravatar.com\\\/avatar\\\/78e52bc4279b65f6df6345e0ef0f7b792d361361f230cf4ffecfe0afe6d5629c?s=96&d=mm&r=g\",\"caption\":\"Uredni\u0161tvo Celjana\"},\"url\":\"https:\\\/\\\/novice.si\\\/page\\\/author\\\/primoz\\\/\"}]}<\/script>\n<!-- \/ Yoast SEO plugin. -->","yoast_head_json":{"title":"CELJE Krkle\u010dev primer zastal, dobil bo novega zagovornika - Novice.si","robots":{"index":"index","follow":"follow","max-snippet":"max-snippet:-1","max-image-preview":"max-image-preview:large","max-video-preview":"max-video-preview:-1"},"canonical":"https:\/\/novice.si\/page\/celje-krklecev-primer-zastal-dobil-bo-novega-zagovornika\/","og_locale":"sl_SI","og_type":"article","og_title":"CELJE Krkle\u010dev primer zastal, dobil bo novega zagovornika - Novice.si","og_description":"Celjsko okro\u017eno sodi\u0161\u010de dopoldne ni moglo nadaljevati sojenja 67-letnemu Branku Krklecu, ki se zagovarja za umor konji\u0161kih sodnih izvr\u0161iteljev Aleksandra Klementa in Nata\u0161e Zadravec Klement februarja lani v \u0160kofiji pri \u0160marju. Ker bo njegov zagovornik zaradi zdravstvenih te\u017eav odsoten vsaj dva meseca, si mora obto\u017eeni, ki mu grozi najvi\u0161ja zaporna kazen, izbrati novega zagovornika oziroma [&hellip;]","og_url":"https:\/\/novice.si\/page\/celje-krklecev-primer-zastal-dobil-bo-novega-zagovornika\/","og_site_name":"Novice.si","article_published_time":"2023-06-12T12:22:00+00:00","og_image":[{"width":2560,"height":1920,"url":"https:\/\/novice.si\/page\/wp-content\/uploads\/2023\/03\/Krklec-mar-23-2-scaled.jpg","type":"image\/jpeg"}],"author":"Uredni\u0161tvo Celjana","twitter_card":"summary_large_image","twitter_misc":{"Written by":"Uredni\u0161tvo Celjana","Est. reading time":"1 minuta"},"schema":{"@context":"https:\/\/schema.org","@graph":[{"@type":"Article","@id":"https:\/\/novice.si\/page\/celje-krklecev-primer-zastal-dobil-bo-novega-zagovornika\/#article","isPartOf":{"@id":"https:\/\/novice.si\/page\/celje-krklecev-primer-zastal-dobil-bo-novega-zagovornika\/"},"author":{"name":"Uredni\u0161tvo Celjana","@id":"https:\/\/novice.si\/page\/#\/schema\/person\/57f25c9642a9541c7349c65d32032c3e"},"headline":"CELJE Krkle\u010dev primer zastal, dobil bo novega zagovornika","datePublished":"2023-06-12T12:22:00+00:00","mainEntityOfPage":{"@id":"https:\/\/novice.si\/page\/celje-krklecev-primer-zastal-dobil-bo-novega-zagovornika\/"},"wordCount":107,"publisher":{"@id":"https:\/\/novice.si\/page\/#organization"},"image":{"@id":"https:\/\/novice.si\/page\/celje-krklecev-primer-zastal-dobil-bo-novega-zagovornika\/#primaryimage"},"thumbnailUrl":"https:\/\/novice.si\/page\/wp-content\/uploads\/2023\/03\/Krklec-mar-23-2-scaled.jpg","keywords":["Branko Krklec","novi zagovornik","prelo\u017een narok","sojenje","umor sodnih izvr\u0161iteljev"],"articleSection":["Aktualno","Celjsko","Konji\u0161ko","Kozjansko","Kronika"],"inLanguage":"sl-SI"},{"@type":"WebPage","@id":"https:\/\/novice.si\/page\/celje-krklecev-primer-zastal-dobil-bo-novega-zagovornika\/","url":"https:\/\/novice.si\/page\/celje-krklecev-primer-zastal-dobil-bo-novega-zagovornika\/","name":"CELJE Krkle\u010dev primer zastal, dobil bo novega zagovornika - Novice.si","isPartOf":{"@id":"https:\/\/novice.si\/page\/#website"},"primaryImageOfPage":{"@id":"https:\/\/novice.si\/page\/celje-krklecev-primer-zastal-dobil-bo-novega-zagovornika\/#primaryimage"},"image":{"@id":"https:\/\/novice.si\/page\/celje-krklecev-primer-zastal-dobil-bo-novega-zagovornika\/#primaryimage"},"thumbnailUrl":"https:\/\/novice.si\/page\/wp-content\/uploads\/2023\/03\/Krklec-mar-23-2-scaled.jpg","datePublished":"2023-06-12T12:22:00+00:00","breadcrumb":{"@id":"https:\/\/novice.si\/page\/celje-krklecev-primer-zastal-dobil-bo-novega-zagovornika\/#breadcrumb"},"inLanguage":"sl-SI","potentialAction":[{"@type":"ReadAction","target":["https:\/\/novice.si\/page\/celje-krklecev-primer-zastal-dobil-bo-novega-zagovornika\/"]}]},{"@type":"ImageObject","inLanguage":"sl-SI","@id":"https:\/\/novice.si\/page\/celje-krklecev-primer-zastal-dobil-bo-novega-zagovornika\/#primaryimage","url":"https:\/\/novice.si\/page\/wp-content\/uploads\/2023\/03\/Krklec-mar-23-2-scaled.jpg","contentUrl":"https:\/\/novice.si\/page\/wp-content\/uploads\/2023\/03\/Krklec-mar-23-2-scaled.jpg","width":2560,"height":1920},{"@type":"BreadcrumbList","@id":"https:\/\/novice.si\/page\/celje-krklecev-primer-zastal-dobil-bo-novega-zagovornika\/#breadcrumb","itemListElement":[{"@type":"ListItem","position":1,"name":"Home","item":"https:\/\/novice.si\/page\/"},{"@type":"ListItem","position":2,"name":"CELJE Krkle\u010dev primer zastal, dobil bo novega zagovornika"}]},{"@type":"WebSite","@id":"https:\/\/novice.si\/page\/#website","url":"https:\/\/novice.si\/page\/","name":"Novice.si","description":"","publisher":{"@id":"https:\/\/novice.si\/page\/#organization"},"potentialAction":[{"@type":"SearchAction","target":{"@type":"EntryPoint","urlTemplate":"https:\/\/novice.si\/page\/?s={search_term_string}"},"query-input":{"@type":"PropertyValueSpecification","valueRequired":true,"valueName":"search_term_string"}}],"inLanguage":"sl-SI"},{"@type":"Organization","@id":"https:\/\/novice.si\/page\/#organization","name":"Novice.si","url":"https:\/\/novice.si\/page\/","logo":{"@type":"ImageObject","inLanguage":"sl-SI","@id":"https:\/\/novice.si\/page\/#\/schema\/logo\/image\/","url":"https:\/\/novice.si\/page\/wp-content\/uploads\/2023\/03\/novice_si.png","contentUrl":"https:\/\/novice.si\/page\/wp-content\/uploads\/2023\/03\/novice_si.png","width":576,"height":200,"caption":"Novice.si"},"image":{"@id":"https:\/\/novice.si\/page\/#\/schema\/logo\/image\/"}},{"@type":"Person","@id":"https:\/\/novice.si\/page\/#\/schema\/person\/57f25c9642a9541c7349c65d32032c3e","name":"Uredni\u0161tvo Celjana","image":{"@type":"ImageObject","inLanguage":"sl-SI","@id":"https:\/\/secure.gravatar.com\/avatar\/78e52bc4279b65f6df6345e0ef0f7b792d361361f230cf4ffecfe0afe6d5629c?s=96&d=mm&r=g","url":"https:\/\/secure.gravatar.com\/avatar\/78e52bc4279b65f6df6345e0ef0f7b792d361361f230cf4ffecfe0afe6d5629c?s=96&d=mm&r=g","contentUrl":"https:\/\/secure.gravatar.com\/avatar\/78e52bc4279b65f6df6345e0ef0f7b792d361361f230cf4ffecfe0afe6d5629c?s=96&d=mm&r=g","caption":"Uredni\u0161tvo Celjana"},"url":"https:\/\/novice.si\/page\/author\/primoz\/"}]}},"_links":{"self":[{"href":"https:\/\/novice.si\/page\/wp-json\/wp\/v2\/posts\/163748","targetHints":{"allow":["GET"]}}],"collection":[{"href":"https:\/\/novice.si\/page\/wp-json\/wp\/v2\/posts"}],"about":[{"href":"https:\/\/novice.si\/page\/wp-json\/wp\/v2\/types\/post"}],"author":[{"embeddable":true,"href":"https:\/\/novice.si\/page\/wp-json\/wp\/v2\/users\/33"}],"replies":[{"embeddable":true,"href":"https:\/\/novice.si\/page\/wp-json\/wp\/v2\/comments?post=163748"}],"version-history":[{"count":1,"href":"https:\/\/novice.si\/page\/wp-json\/wp\/v2\/posts\/163748\/revisions"}],"predecessor-version":[{"id":163749,"href":"https:\/\/novice.si\/page\/wp-json\/wp\/v2\/posts\/163748\/revisions\/163749"}],"wp:featuredmedia":[{"embeddable":true,"href":"https:\/\/novice.si\/page\/wp-json\/wp\/v2\/media\/160881"}],"wp:attachment":[{"href":"https:\/\/novice.si\/page\/wp-json\/wp\/v2\/media?parent=163748"}],"wp:term":[{"taxonomy":"category","embeddable":true,"href":"https:\/\/novice.si\/page\/wp-json\/wp\/v2\/categories?post=163748"},{"taxonomy":"post_tag","embeddable":true,"href":"https:\/\/novice.si\/page\/wp-json\/wp\/v2\/tags?post=163748"}],"curies":[{"name":"wp","href":"https:\/\/api.w.org\/{rel}","templated":true}]}}