{"id":163617,"date":"2023-06-08T08:29:24","date_gmt":"2023-06-08T06:29:24","guid":{"rendered":"https:\/\/novice.si\/page\/?p=163617"},"modified":"2023-06-08T08:29:24","modified_gmt":"2023-06-08T06:29:24","slug":"smarska-obcina-predstavila-opravljeno-delo-nalozbe-v-teku-in-nacrte","status":"publish","type":"post","link":"https:\/\/novice.si\/page\/smarska-obcina-predstavila-opravljeno-delo-nalozbe-v-teku-in-nacrte\/","title":{"rendered":"\u0160marska ob\u010dina predstavila opravljeno delo, nalo\u017ebe v teku in na\u010drte"},"content":{"rendered":"<p><strong>Ob\u010dina \u0160marje pri Jel\u0161ah je pred osrednjo slovesnostjo ob prazniku Ob\u010dine \u0160marje pri Jel\u0161ah na zajtrk povabila novinarke in novinarje in jim predstavila nalo\u017ebe in projekte zadnjega leta ter na\u010drte za prihodnje.<\/strong><\/p>\n<p>Ob\u010dina \u0160marje pri Jel\u0161ah je tik pred obele\u017eitvijo Ob\u010dinskega praznika. V sklopu novinarske konference, so predstavniki ob\u010dinske uprave predstavili \u0161tevilne projekte, ki so zaznamovali obdobje zadnjega leta, se izvajajo in bodo zaznamovali utrip v prihodnje.<\/p>\n<p><img loading=\"lazy\" decoding=\"async\" class=\" wp-image-163618 alignleft\" src=\"https:\/\/novice.si\/page\/wp-content\/uploads\/2023\/06\/Smarje-600x400.jpg\" alt=\"\" width=\"407\" height=\"271\" srcset=\"https:\/\/novice.si\/page\/wp-content\/uploads\/2023\/06\/Smarje-600x400.jpg 600w, https:\/\/novice.si\/page\/wp-content\/uploads\/2023\/06\/Smarje-1024x683.jpg 1024w, https:\/\/novice.si\/page\/wp-content\/uploads\/2023\/06\/Smarje-768x512.jpg 768w, https:\/\/novice.si\/page\/wp-content\/uploads\/2023\/06\/Smarje-1536x1024.jpg 1536w, https:\/\/novice.si\/page\/wp-content\/uploads\/2023\/06\/Smarje-2048x1365.jpg 2048w, https:\/\/novice.si\/page\/wp-content\/uploads\/2023\/06\/Smarje-696x464.jpg 696w, https:\/\/novice.si\/page\/wp-content\/uploads\/2023\/06\/Smarje-1068x712.jpg 1068w, https:\/\/novice.si\/page\/wp-content\/uploads\/2023\/06\/Smarje-630x420.jpg 630w, https:\/\/novice.si\/page\/wp-content\/uploads\/2023\/06\/Smarje-24x16.jpg 24w, https:\/\/novice.si\/page\/wp-content\/uploads\/2023\/06\/Smarje-36x24.jpg 36w, https:\/\/novice.si\/page\/wp-content\/uploads\/2023\/06\/Smarje-48x32.jpg 48w\" sizes=\"auto, (max-width: 407px) 100vw, 407px\" \/>Po ve\u010dletnih aktivnostih in pripravah se je septembra 2021 za\u010dela gradnja dveh objektov z oskrbovanimi stanovanji. Ob\u010dina \u0160marje pri Jel\u0161ah tako pridobiva 30 oskrbovanih stanovanj, za potrebe individualnih nakupov oskrbovanih stanovanj pa je podjetje GES zgradilo \u0161e en objekt s 14 stanovanji, ki so namenjeni prodaji na trgu. Kot je izpostavila <strong>Patricija Goru\u010dan<\/strong> so vsa stanovanja oddana, slovesna otvoritev pa je na\u010drtovana za 4. julija. Ob\u010dina \u0160marje pri Jel\u0161ah je v maju letos za\u010dela redna vzdr\u017eevalna dela in asfaltiranjem na ob\u010dinskih cestah, za kar je v prora\u010dunu namenjenih nekaj manj kot 350.000 EUR. <strong>Mag. Anita Reich<\/strong> je izpostavila, da je bilo v preteklem letu urejeno kri\u017ei\u0161\u010de pri Trgovini Ka\u0161\u010da, zaklju\u010dena je bila rekonstrukcija obstoje\u010dega mostu v Kolodvorski ulici, na obmo\u010dju ob\u010dine pa so, kot je predstavil <strong>Peter Planin\u0161ek,<\/strong> sanirali tudi tri ve\u010dje plazove. Zaklju\u010dili so z energetsko obnovo PO\u0160 Kristan Vrh, vredno 733.000 EUR, uspe\u0161no so zaklju\u010dili gradnjo prve faze novega gasilskega doma v Kristan Vrhu, v sklopu Operacije Barok pod kro\u0161njami pa so nadgradili turisti\u010dno infrastrukturo. Uredili so t. i. \u010ditalnico pod kro\u0161njami, ki je z moderno urbano opremo prvi tovrstni prostor za dru\u017eenja, manj\u0161e prireditve, izobra\u017eevanja. Pridobili so tri nove, v zgodbo povezane produkte, ki bodo \u0161irili zavest o kulturni dedi\u0161\u010dini in hkrati opravljali poslanstvo promocije. Najpomembnej\u0161i faktor v operaciji pa predstavlja obnova poti po Kalvariji. V preteklem letu se je po petih letih neprestanih del v \u017eupnijski cerkvi Marije Vnebovzete v \u0160marju pri Jel\u0161ah zaklju\u010dila obnova, ki je bila po besedah <strong>Damjana Bo\u0161tjan\u010di\u010da<\/strong> skupno ocenjena na 1,5 milijona evrov, obnovila pa se je tudi 11. kapelica Kalvarije Svetega Roka. V Mestinju so zgradili \u0161e rekreativno balini\u0161\u010de, sofinancirali pa so tudi obnovo dotrajanega igri\u0161\u010da v Grobelnem. V teku je rekonstrukcija prostorov stare \u0161ole, kjer bo omogo\u010dena vzpostavitev sodobnega fizioterapevtskega centra, opravljanje patrona\u017enega varstva dru\u017ein in nujno potrebne preventivne dejavnosti v okviru zdravstveno-vzgojnega centra. V teku je komunalna ureditev stanovanjske soseske Dobrava, kanalizacije in \u010distilne naprave Grobelno \u2013 \u0160entvid II. faza, sanacija plazu na lokalni cesti Brecljevo \u2013 Dra\u0161kovo Selo, v fazi izgradnje pa je tudi dr\u017eavna kolesarska povezava Belo \u2013 Podplat, prav tako pa se bodo za\u010dela rekonstrukcija dvorca Jel\u0161ingrad, ki bo zaradi kompleksnosti in obse\u017enosti trajala ve\u010d let.<\/p>\n<p>Tudi v prihodnje ne bo manjkalo investicij, ki bodo pomembno vplivale na bivanje ob\u010dank in ob\u010danov, mimoido\u010dih ali gostov, le te pa je predstavil \u017eupan Matija \u010cak\u0161.<\/p>\n<p>Kaj vse se bo dogajalo v ob\u010dini v prihodnje, preberite v jutri\u0161nji tiskani izdaji Roga\u0161kih novic. (K. C.)<\/p>\n<p>&nbsp;<\/p>\n<p>&nbsp;<\/p>\n","protected":false},"excerpt":{"rendered":"<p>Ob\u010dina \u0160marje pri Jel\u0161ah je pred osrednjo slovesnostjo ob prazniku Ob\u010dine \u0160marje pri Jel\u0161ah na zajtrk povabila novinarke in novinarje in jim predstavila nalo\u017ebe in projekte zadnjega leta ter na\u010drte za prihodnje. Ob\u010dina \u0160marje pri Jel\u0161ah je tik pred obele\u017eitvijo Ob\u010dinskega praznika. V sklopu novinarske konference, so predstavniki ob\u010dinske uprave predstavili \u0161tevilne projekte, ki so [&hellip;]<\/p>\n","protected":false},"author":12,"featured_media":163618,"comment_status":"closed","ping_status":"closed","sticky":false,"template":"","format":"standard","meta":{"footnotes":""},"categories":[14,38,5406],"tags":[5557,4925,12287,4143,487],"class_list":{"0":"post-163617","1":"post","2":"type-post","3":"status-publish","4":"format-standard","5":"has-post-thumbnail","7":"category-aktualno","8":"category-kozjansko","9":"category-rogaske-novice","10":"tag-investicije","11":"tag-matija-caks","12":"tag-novinarska-konferenca","13":"tag-obcinski-praznik","14":"tag-smarje-pri-jelsah"},"yoast_head":"<!-- This site is optimized with the Yoast SEO plugin v27.4 - https:\/\/yoast.com\/product\/yoast-seo-wordpress\/ -->\n<title>\u0160marska ob\u010dina predstavila opravljeno delo, nalo\u017ebe v teku in na\u010drte - Novice.si<\/title>\n<meta name=\"robots\" content=\"index, follow, max-snippet:-1, max-image-preview:large, max-video-preview:-1\" \/>\n<link rel=\"canonical\" href=\"https:\/\/novice.si\/page\/smarska-obcina-predstavila-opravljeno-delo-nalozbe-v-teku-in-nacrte\/\" \/>\n<meta property=\"og:locale\" content=\"sl_SI\" \/>\n<meta property=\"og:type\" content=\"article\" \/>\n<meta property=\"og:title\" content=\"\u0160marska ob\u010dina predstavila opravljeno delo, nalo\u017ebe v teku in na\u010drte - Novice.si\" \/>\n<meta property=\"og:description\" content=\"Ob\u010dina \u0160marje pri Jel\u0161ah je pred osrednjo slovesnostjo ob prazniku Ob\u010dine \u0160marje pri Jel\u0161ah na zajtrk povabila novinarke in novinarje in jim predstavila nalo\u017ebe in projekte zadnjega leta ter na\u010drte za prihodnje. Ob\u010dina \u0160marje pri Jel\u0161ah je tik pred obele\u017eitvijo Ob\u010dinskega praznika. V sklopu novinarske konference, so predstavniki ob\u010dinske uprave predstavili \u0161tevilne projekte, ki so [&hellip;]\" \/>\n<meta property=\"og:url\" content=\"https:\/\/novice.si\/page\/smarska-obcina-predstavila-opravljeno-delo-nalozbe-v-teku-in-nacrte\/\" \/>\n<meta property=\"og:site_name\" content=\"Novice.si\" \/>\n<meta property=\"article:published_time\" content=\"2023-06-08T06:29:24+00:00\" \/>\n<meta property=\"og:image\" content=\"https:\/\/novice.si\/page\/wp-content\/uploads\/2023\/06\/Smarje-scaled.jpg\" \/>\n\t<meta property=\"og:image:width\" content=\"2560\" \/>\n\t<meta property=\"og:image:height\" content=\"1707\" \/>\n\t<meta property=\"og:image:type\" content=\"image\/jpeg\" \/>\n<meta name=\"author\" content=\"Uredni\u0161tvo Celjana\" \/>\n<meta name=\"twitter:card\" content=\"summary_large_image\" \/>\n<meta name=\"twitter:label1\" content=\"Written by\" \/>\n\t<meta name=\"twitter:data1\" content=\"Uredni\u0161tvo Celjana\" \/>\n\t<meta name=\"twitter:label2\" content=\"Est. reading time\" \/>\n\t<meta name=\"twitter:data2\" content=\"3 minute\" \/>\n<script type=\"application\/ld+json\" class=\"yoast-schema-graph\">{\"@context\":\"https:\\\/\\\/schema.org\",\"@graph\":[{\"@type\":\"Article\",\"@id\":\"https:\\\/\\\/novice.si\\\/page\\\/smarska-obcina-predstavila-opravljeno-delo-nalozbe-v-teku-in-nacrte\\\/#article\",\"isPartOf\":{\"@id\":\"https:\\\/\\\/novice.si\\\/page\\\/smarska-obcina-predstavila-opravljeno-delo-nalozbe-v-teku-in-nacrte\\\/\"},\"author\":{\"name\":\"Uredni\u0161tvo Celjana\",\"@id\":\"https:\\\/\\\/novice.si\\\/page\\\/#\\\/schema\\\/person\\\/51903923b50fefb075bc1cd24fe4d065\"},\"headline\":\"\u0160marska ob\u010dina predstavila opravljeno delo, nalo\u017ebe v teku in na\u010drte\",\"datePublished\":\"2023-06-08T06:29:24+00:00\",\"mainEntityOfPage\":{\"@id\":\"https:\\\/\\\/novice.si\\\/page\\\/smarska-obcina-predstavila-opravljeno-delo-nalozbe-v-teku-in-nacrte\\\/\"},\"wordCount\":541,\"publisher\":{\"@id\":\"https:\\\/\\\/novice.si\\\/page\\\/#organization\"},\"image\":{\"@id\":\"https:\\\/\\\/novice.si\\\/page\\\/smarska-obcina-predstavila-opravljeno-delo-nalozbe-v-teku-in-nacrte\\\/#primaryimage\"},\"thumbnailUrl\":\"https:\\\/\\\/novice.si\\\/page\\\/wp-content\\\/uploads\\\/2023\\\/06\\\/Smarje-scaled.jpg\",\"keywords\":[\"investicije\",\"Matija \u010cak\u0161\",\"novinarska konferenca\",\"ob\u010dinski praznik\",\"\u0160marje pri Jel\u0161ah\"],\"articleSection\":[\"Aktualno\",\"Kozjansko\",\"Roga\u0161ke novice\"],\"inLanguage\":\"sl-SI\"},{\"@type\":\"WebPage\",\"@id\":\"https:\\\/\\\/novice.si\\\/page\\\/smarska-obcina-predstavila-opravljeno-delo-nalozbe-v-teku-in-nacrte\\\/\",\"url\":\"https:\\\/\\\/novice.si\\\/page\\\/smarska-obcina-predstavila-opravljeno-delo-nalozbe-v-teku-in-nacrte\\\/\",\"name\":\"\u0160marska ob\u010dina predstavila opravljeno delo, nalo\u017ebe v teku in na\u010drte - Novice.si\",\"isPartOf\":{\"@id\":\"https:\\\/\\\/novice.si\\\/page\\\/#website\"},\"primaryImageOfPage\":{\"@id\":\"https:\\\/\\\/novice.si\\\/page\\\/smarska-obcina-predstavila-opravljeno-delo-nalozbe-v-teku-in-nacrte\\\/#primaryimage\"},\"image\":{\"@id\":\"https:\\\/\\\/novice.si\\\/page\\\/smarska-obcina-predstavila-opravljeno-delo-nalozbe-v-teku-in-nacrte\\\/#primaryimage\"},\"thumbnailUrl\":\"https:\\\/\\\/novice.si\\\/page\\\/wp-content\\\/uploads\\\/2023\\\/06\\\/Smarje-scaled.jpg\",\"datePublished\":\"2023-06-08T06:29:24+00:00\",\"breadcrumb\":{\"@id\":\"https:\\\/\\\/novice.si\\\/page\\\/smarska-obcina-predstavila-opravljeno-delo-nalozbe-v-teku-in-nacrte\\\/#breadcrumb\"},\"inLanguage\":\"sl-SI\",\"potentialAction\":[{\"@type\":\"ReadAction\",\"target\":[\"https:\\\/\\\/novice.si\\\/page\\\/smarska-obcina-predstavila-opravljeno-delo-nalozbe-v-teku-in-nacrte\\\/\"]}]},{\"@type\":\"ImageObject\",\"inLanguage\":\"sl-SI\",\"@id\":\"https:\\\/\\\/novice.si\\\/page\\\/smarska-obcina-predstavila-opravljeno-delo-nalozbe-v-teku-in-nacrte\\\/#primaryimage\",\"url\":\"https:\\\/\\\/novice.si\\\/page\\\/wp-content\\\/uploads\\\/2023\\\/06\\\/Smarje-scaled.jpg\",\"contentUrl\":\"https:\\\/\\\/novice.si\\\/page\\\/wp-content\\\/uploads\\\/2023\\\/06\\\/Smarje-scaled.jpg\",\"width\":2560,\"height\":1707},{\"@type\":\"BreadcrumbList\",\"@id\":\"https:\\\/\\\/novice.si\\\/page\\\/smarska-obcina-predstavila-opravljeno-delo-nalozbe-v-teku-in-nacrte\\\/#breadcrumb\",\"itemListElement\":[{\"@type\":\"ListItem\",\"position\":1,\"name\":\"Home\",\"item\":\"https:\\\/\\\/novice.si\\\/page\\\/\"},{\"@type\":\"ListItem\",\"position\":2,\"name\":\"\u0160marska ob\u010dina predstavila opravljeno delo, nalo\u017ebe v teku in na\u010drte\"}]},{\"@type\":\"WebSite\",\"@id\":\"https:\\\/\\\/novice.si\\\/page\\\/#website\",\"url\":\"https:\\\/\\\/novice.si\\\/page\\\/\",\"name\":\"Novice.si\",\"description\":\"\",\"publisher\":{\"@id\":\"https:\\\/\\\/novice.si\\\/page\\\/#organization\"},\"potentialAction\":[{\"@type\":\"SearchAction\",\"target\":{\"@type\":\"EntryPoint\",\"urlTemplate\":\"https:\\\/\\\/novice.si\\\/page\\\/?s={search_term_string}\"},\"query-input\":{\"@type\":\"PropertyValueSpecification\",\"valueRequired\":true,\"valueName\":\"search_term_string\"}}],\"inLanguage\":\"sl-SI\"},{\"@type\":\"Organization\",\"@id\":\"https:\\\/\\\/novice.si\\\/page\\\/#organization\",\"name\":\"Novice.si\",\"url\":\"https:\\\/\\\/novice.si\\\/page\\\/\",\"logo\":{\"@type\":\"ImageObject\",\"inLanguage\":\"sl-SI\",\"@id\":\"https:\\\/\\\/novice.si\\\/page\\\/#\\\/schema\\\/logo\\\/image\\\/\",\"url\":\"https:\\\/\\\/novice.si\\\/page\\\/wp-content\\\/uploads\\\/2023\\\/03\\\/novice_si.png\",\"contentUrl\":\"https:\\\/\\\/novice.si\\\/page\\\/wp-content\\\/uploads\\\/2023\\\/03\\\/novice_si.png\",\"width\":576,\"height\":200,\"caption\":\"Novice.si\"},\"image\":{\"@id\":\"https:\\\/\\\/novice.si\\\/page\\\/#\\\/schema\\\/logo\\\/image\\\/\"}},{\"@type\":\"Person\",\"@id\":\"https:\\\/\\\/novice.si\\\/page\\\/#\\\/schema\\\/person\\\/51903923b50fefb075bc1cd24fe4d065\",\"name\":\"Uredni\u0161tvo Celjana\",\"image\":{\"@type\":\"ImageObject\",\"inLanguage\":\"sl-SI\",\"@id\":\"https:\\\/\\\/secure.gravatar.com\\\/avatar\\\/b516f102aa90b53619e09722b8ea56721c99bfcb4f1035f9b333d99f52330226?s=96&d=mm&r=g\",\"url\":\"https:\\\/\\\/secure.gravatar.com\\\/avatar\\\/b516f102aa90b53619e09722b8ea56721c99bfcb4f1035f9b333d99f52330226?s=96&d=mm&r=g\",\"contentUrl\":\"https:\\\/\\\/secure.gravatar.com\\\/avatar\\\/b516f102aa90b53619e09722b8ea56721c99bfcb4f1035f9b333d99f52330226?s=96&d=mm&r=g\",\"caption\":\"Uredni\u0161tvo Celjana\"},\"url\":\"https:\\\/\\\/novice.si\\\/page\\\/author\\\/nejc\\\/\"}]}<\/script>\n<!-- \/ Yoast SEO plugin. -->","yoast_head_json":{"title":"\u0160marska ob\u010dina predstavila opravljeno delo, nalo\u017ebe v teku in na\u010drte - Novice.si","robots":{"index":"index","follow":"follow","max-snippet":"max-snippet:-1","max-image-preview":"max-image-preview:large","max-video-preview":"max-video-preview:-1"},"canonical":"https:\/\/novice.si\/page\/smarska-obcina-predstavila-opravljeno-delo-nalozbe-v-teku-in-nacrte\/","og_locale":"sl_SI","og_type":"article","og_title":"\u0160marska ob\u010dina predstavila opravljeno delo, nalo\u017ebe v teku in na\u010drte - Novice.si","og_description":"Ob\u010dina \u0160marje pri Jel\u0161ah je pred osrednjo slovesnostjo ob prazniku Ob\u010dine \u0160marje pri Jel\u0161ah na zajtrk povabila novinarke in novinarje in jim predstavila nalo\u017ebe in projekte zadnjega leta ter na\u010drte za prihodnje. Ob\u010dina \u0160marje pri Jel\u0161ah je tik pred obele\u017eitvijo Ob\u010dinskega praznika. V sklopu novinarske konference, so predstavniki ob\u010dinske uprave predstavili \u0161tevilne projekte, ki so [&hellip;]","og_url":"https:\/\/novice.si\/page\/smarska-obcina-predstavila-opravljeno-delo-nalozbe-v-teku-in-nacrte\/","og_site_name":"Novice.si","article_published_time":"2023-06-08T06:29:24+00:00","og_image":[{"width":2560,"height":1707,"url":"https:\/\/novice.si\/page\/wp-content\/uploads\/2023\/06\/Smarje-scaled.jpg","type":"image\/jpeg"}],"author":"Uredni\u0161tvo Celjana","twitter_card":"summary_large_image","twitter_misc":{"Written by":"Uredni\u0161tvo Celjana","Est. reading time":"3 minute"},"schema":{"@context":"https:\/\/schema.org","@graph":[{"@type":"Article","@id":"https:\/\/novice.si\/page\/smarska-obcina-predstavila-opravljeno-delo-nalozbe-v-teku-in-nacrte\/#article","isPartOf":{"@id":"https:\/\/novice.si\/page\/smarska-obcina-predstavila-opravljeno-delo-nalozbe-v-teku-in-nacrte\/"},"author":{"name":"Uredni\u0161tvo Celjana","@id":"https:\/\/novice.si\/page\/#\/schema\/person\/51903923b50fefb075bc1cd24fe4d065"},"headline":"\u0160marska ob\u010dina predstavila opravljeno delo, nalo\u017ebe v teku in na\u010drte","datePublished":"2023-06-08T06:29:24+00:00","mainEntityOfPage":{"@id":"https:\/\/novice.si\/page\/smarska-obcina-predstavila-opravljeno-delo-nalozbe-v-teku-in-nacrte\/"},"wordCount":541,"publisher":{"@id":"https:\/\/novice.si\/page\/#organization"},"image":{"@id":"https:\/\/novice.si\/page\/smarska-obcina-predstavila-opravljeno-delo-nalozbe-v-teku-in-nacrte\/#primaryimage"},"thumbnailUrl":"https:\/\/novice.si\/page\/wp-content\/uploads\/2023\/06\/Smarje-scaled.jpg","keywords":["investicije","Matija \u010cak\u0161","novinarska konferenca","ob\u010dinski praznik","\u0160marje pri Jel\u0161ah"],"articleSection":["Aktualno","Kozjansko","Roga\u0161ke novice"],"inLanguage":"sl-SI"},{"@type":"WebPage","@id":"https:\/\/novice.si\/page\/smarska-obcina-predstavila-opravljeno-delo-nalozbe-v-teku-in-nacrte\/","url":"https:\/\/novice.si\/page\/smarska-obcina-predstavila-opravljeno-delo-nalozbe-v-teku-in-nacrte\/","name":"\u0160marska ob\u010dina predstavila opravljeno delo, nalo\u017ebe v teku in na\u010drte - Novice.si","isPartOf":{"@id":"https:\/\/novice.si\/page\/#website"},"primaryImageOfPage":{"@id":"https:\/\/novice.si\/page\/smarska-obcina-predstavila-opravljeno-delo-nalozbe-v-teku-in-nacrte\/#primaryimage"},"image":{"@id":"https:\/\/novice.si\/page\/smarska-obcina-predstavila-opravljeno-delo-nalozbe-v-teku-in-nacrte\/#primaryimage"},"thumbnailUrl":"https:\/\/novice.si\/page\/wp-content\/uploads\/2023\/06\/Smarje-scaled.jpg","datePublished":"2023-06-08T06:29:24+00:00","breadcrumb":{"@id":"https:\/\/novice.si\/page\/smarska-obcina-predstavila-opravljeno-delo-nalozbe-v-teku-in-nacrte\/#breadcrumb"},"inLanguage":"sl-SI","potentialAction":[{"@type":"ReadAction","target":["https:\/\/novice.si\/page\/smarska-obcina-predstavila-opravljeno-delo-nalozbe-v-teku-in-nacrte\/"]}]},{"@type":"ImageObject","inLanguage":"sl-SI","@id":"https:\/\/novice.si\/page\/smarska-obcina-predstavila-opravljeno-delo-nalozbe-v-teku-in-nacrte\/#primaryimage","url":"https:\/\/novice.si\/page\/wp-content\/uploads\/2023\/06\/Smarje-scaled.jpg","contentUrl":"https:\/\/novice.si\/page\/wp-content\/uploads\/2023\/06\/Smarje-scaled.jpg","width":2560,"height":1707},{"@type":"BreadcrumbList","@id":"https:\/\/novice.si\/page\/smarska-obcina-predstavila-opravljeno-delo-nalozbe-v-teku-in-nacrte\/#breadcrumb","itemListElement":[{"@type":"ListItem","position":1,"name":"Home","item":"https:\/\/novice.si\/page\/"},{"@type":"ListItem","position":2,"name":"\u0160marska ob\u010dina predstavila opravljeno delo, nalo\u017ebe v teku in na\u010drte"}]},{"@type":"WebSite","@id":"https:\/\/novice.si\/page\/#website","url":"https:\/\/novice.si\/page\/","name":"Novice.si","description":"","publisher":{"@id":"https:\/\/novice.si\/page\/#organization"},"potentialAction":[{"@type":"SearchAction","target":{"@type":"EntryPoint","urlTemplate":"https:\/\/novice.si\/page\/?s={search_term_string}"},"query-input":{"@type":"PropertyValueSpecification","valueRequired":true,"valueName":"search_term_string"}}],"inLanguage":"sl-SI"},{"@type":"Organization","@id":"https:\/\/novice.si\/page\/#organization","name":"Novice.si","url":"https:\/\/novice.si\/page\/","logo":{"@type":"ImageObject","inLanguage":"sl-SI","@id":"https:\/\/novice.si\/page\/#\/schema\/logo\/image\/","url":"https:\/\/novice.si\/page\/wp-content\/uploads\/2023\/03\/novice_si.png","contentUrl":"https:\/\/novice.si\/page\/wp-content\/uploads\/2023\/03\/novice_si.png","width":576,"height":200,"caption":"Novice.si"},"image":{"@id":"https:\/\/novice.si\/page\/#\/schema\/logo\/image\/"}},{"@type":"Person","@id":"https:\/\/novice.si\/page\/#\/schema\/person\/51903923b50fefb075bc1cd24fe4d065","name":"Uredni\u0161tvo Celjana","image":{"@type":"ImageObject","inLanguage":"sl-SI","@id":"https:\/\/secure.gravatar.com\/avatar\/b516f102aa90b53619e09722b8ea56721c99bfcb4f1035f9b333d99f52330226?s=96&d=mm&r=g","url":"https:\/\/secure.gravatar.com\/avatar\/b516f102aa90b53619e09722b8ea56721c99bfcb4f1035f9b333d99f52330226?s=96&d=mm&r=g","contentUrl":"https:\/\/secure.gravatar.com\/avatar\/b516f102aa90b53619e09722b8ea56721c99bfcb4f1035f9b333d99f52330226?s=96&d=mm&r=g","caption":"Uredni\u0161tvo Celjana"},"url":"https:\/\/novice.si\/page\/author\/nejc\/"}]}},"_links":{"self":[{"href":"https:\/\/novice.si\/page\/wp-json\/wp\/v2\/posts\/163617","targetHints":{"allow":["GET"]}}],"collection":[{"href":"https:\/\/novice.si\/page\/wp-json\/wp\/v2\/posts"}],"about":[{"href":"https:\/\/novice.si\/page\/wp-json\/wp\/v2\/types\/post"}],"author":[{"embeddable":true,"href":"https:\/\/novice.si\/page\/wp-json\/wp\/v2\/users\/12"}],"replies":[{"embeddable":true,"href":"https:\/\/novice.si\/page\/wp-json\/wp\/v2\/comments?post=163617"}],"version-history":[{"count":1,"href":"https:\/\/novice.si\/page\/wp-json\/wp\/v2\/posts\/163617\/revisions"}],"predecessor-version":[{"id":163619,"href":"https:\/\/novice.si\/page\/wp-json\/wp\/v2\/posts\/163617\/revisions\/163619"}],"wp:featuredmedia":[{"embeddable":true,"href":"https:\/\/novice.si\/page\/wp-json\/wp\/v2\/media\/163618"}],"wp:attachment":[{"href":"https:\/\/novice.si\/page\/wp-json\/wp\/v2\/media?parent=163617"}],"wp:term":[{"taxonomy":"category","embeddable":true,"href":"https:\/\/novice.si\/page\/wp-json\/wp\/v2\/categories?post=163617"},{"taxonomy":"post_tag","embeddable":true,"href":"https:\/\/novice.si\/page\/wp-json\/wp\/v2\/tags?post=163617"}],"curies":[{"name":"wp","href":"https:\/\/api.w.org\/{rel}","templated":true}]}}