{"id":163609,"date":"2023-06-07T12:53:54","date_gmt":"2023-06-07T10:53:54","guid":{"rendered":"https:\/\/novice.si\/page\/?p=163609"},"modified":"2023-06-07T12:53:54","modified_gmt":"2023-06-07T10:53:54","slug":"vodja-projekta-sporoca-projekt-vetrne-elektrarne-slovenska-bistrica-je-tik-pred-izdajo-gradbenega-dovoljenja","status":"publish","type":"post","link":"https:\/\/novice.si\/page\/vodja-projekta-sporoca-projekt-vetrne-elektrarne-slovenska-bistrica-je-tik-pred-izdajo-gradbenega-dovoljenja\/","title":{"rendered":"Vodja projekta sporo\u010da: Projekt Vetrne elektrarne Slovenska Bistrica je tik pred izdajo gradbenega dovoljenja"},"content":{"rendered":"<p>Projekt Vetrne elektrarne Slovenska Bistrica, 56 vetrnic na treh lokacijah, je po petih letih priprav tik pred izdajo gradbenega dovoljenja \u2013 sporo\u010da <strong>Mitja Herti\u0161<\/strong>, idejni vodja projekta in direktor projektnega podjetja <strong>Energija na veter.<\/strong><\/p>\n<figure id=\"attachment_163610\" aria-describedby=\"caption-attachment-163610\" style=\"width: 300px\" class=\"wp-caption alignnone\"><img loading=\"lazy\" decoding=\"async\" class=\"wp-image-163610 size-full\" src=\"https:\/\/novice.si\/page\/wp-content\/uploads\/2023\/06\/vetrne-elektrarne-2_resize.jpg\" alt=\"\" width=\"300\" height=\"191\" srcset=\"https:\/\/novice.si\/page\/wp-content\/uploads\/2023\/06\/vetrne-elektrarne-2_resize.jpg 300w, https:\/\/novice.si\/page\/wp-content\/uploads\/2023\/06\/vetrne-elektrarne-2_resize-24x15.jpg 24w, https:\/\/novice.si\/page\/wp-content\/uploads\/2023\/06\/vetrne-elektrarne-2_resize-36x23.jpg 36w, https:\/\/novice.si\/page\/wp-content\/uploads\/2023\/06\/vetrne-elektrarne-2_resize-48x31.jpg 48w\" sizes=\"auto, (max-width: 300px) 100vw, 300px\" \/><figcaption id=\"caption-attachment-163610\" class=\"wp-caption-text\">(Slika je simboli\u010dna)<\/figcaption><\/figure>\n<p>V sporo\u010dilu za javnost med drugim navajajo, da so investitorji tri leta priprav izkoristili za preverjanje mo\u017enih vplivov na naravo in okoli\u0161ke prebivalce. Sporo\u010dajo, da je trenutno projekt na\u010drtovane postavitve 56 vetrni elektrarn v fazi izdaje gradbenih dovoljenj po integralnem postopku. Projektna dokumentacija in Poro\u010dilo o vplivih na okolje pa bo javno dostopno v \u010dasu javne razgrnitve projekta, ki jo na\u010drtujejo v septembru 2023.<\/p>\n<p>V dru\u017ebi Energija na veter ocenjujejo, da so za lokalno okolje na za\u010detku spremembe in novosti praviloma pospremljene z nezaupanjem. Navajajo, da k projektu pristopajo in ga vodijo z najve\u010djo mero eti\u010dne odgovornosti do okolja, narave, lokalnih skupnosti in turisti\u010dnih ponudnikov.<\/p>\n<p><strong>Koliko bi dobila Slovenska Bistrica?<br \/>\n<\/strong><\/p>\n<p>Izra\u010dunali so tudi, koliko denarja bi z realizacijo na\u010drtovanih vetrnih elektrarn prejela ob\u010dina Slovenska Bistrica:<br \/>\n\u00bbS 56 vetrnimi elektrarnami na obmo\u010dju Slovenske Bistrice se zagotovi proizvodnja zelene elektri\u010dne energije za 110.000 gospodinjstev, prepoznani pa so tudi drugi pozitivni dru\u017ebeni in ekonomski u\u010dinki.\u00a0 Ob\u010dini namre\u010d pripadajo <strong>3% prihodkov<\/strong> od proizvedene elektri\u010dne energije.<br \/>\nZ realizacijo 56 vetrnih elektrarn Slovenska Bistrica bi lahko ob\u010dina prejela 2,7 milijona EUR na leto, v 35 letih torej ve\u010d kot 95 milijonov EUR. <em>(Pri izra\u010dunu so upo\u0161tevana izhodi\u0161\u010da: cena elektri\u010dne energije 180 EUR na MW\/h. 8 milijonov kWh proizvedene elektri\u010dne energije na leto na 1 vetrno elektrarno z nazivno mo\u010djo 3,5 MW. Proizvodnja elektri\u010dne energije iz 56 vetrnih elektrarn.) <\/em><\/p>\n<p>Z dodatnimi viri iz naslova realizacije 56 vetrnih elektrarn Slovenska Bistrica lahko ob\u010dina Slovenska Bistrica svojim ob\u010danom zagotovi novo javno infrastrukturo, dodatno podporo gasilcem, dru\u0161tvom in \u0161portnim klubom ter ustvarja podlage za razvoj zelenega turizma na Pohorju,\u00ab so med drugim ocenili in zapisali v sporo\u010dilu javnosti. (B. P.)<\/p>\n","protected":false},"excerpt":{"rendered":"<p>Projekt Vetrne elektrarne Slovenska Bistrica, 56 vetrnic na treh lokacijah, je po petih letih priprav tik pred izdajo gradbenega dovoljenja \u2013 sporo\u010da Mitja Herti\u0161, idejni vodja projekta in direktor projektnega podjetja Energija na veter. V sporo\u010dilu za javnost med drugim navajajo, da so investitorji tri leta priprav izkoristili za preverjanje mo\u017enih vplivov na naravo in [&hellip;]<\/p>\n","protected":false},"author":8,"featured_media":163611,"comment_status":"closed","ping_status":"closed","sticky":false,"template":"","format":"standard","meta":{"footnotes":""},"categories":[14,32],"tags":[18019,18020,171,6878],"class_list":{"0":"post-163609","1":"post","2":"type-post","3":"status-publish","4":"format-standard","5":"has-post-thumbnail","7":"category-aktualno","8":"category-bistrisko","9":"tag-energija-na-veter","10":"tag-hertis","11":"tag-slovenska-bistrica","12":"tag-vetrne-elektrarne"},"yoast_head":"<!-- This site is optimized with the Yoast SEO plugin v27.4 - https:\/\/yoast.com\/product\/yoast-seo-wordpress\/ -->\n<title>Vodja projekta sporo\u010da: Projekt Vetrne elektrarne Slovenska Bistrica je tik pred izdajo gradbenega dovoljenja - Novice.si<\/title>\n<meta name=\"robots\" content=\"index, follow, max-snippet:-1, max-image-preview:large, max-video-preview:-1\" \/>\n<link rel=\"canonical\" href=\"https:\/\/novice.si\/page\/vodja-projekta-sporoca-projekt-vetrne-elektrarne-slovenska-bistrica-je-tik-pred-izdajo-gradbenega-dovoljenja\/\" \/>\n<meta property=\"og:locale\" content=\"sl_SI\" \/>\n<meta property=\"og:type\" content=\"article\" \/>\n<meta property=\"og:title\" content=\"Vodja projekta sporo\u010da: Projekt Vetrne elektrarne Slovenska Bistrica je tik pred izdajo gradbenega dovoljenja - Novice.si\" \/>\n<meta property=\"og:description\" content=\"Projekt Vetrne elektrarne Slovenska Bistrica, 56 vetrnic na treh lokacijah, je po petih letih priprav tik pred izdajo gradbenega dovoljenja \u2013 sporo\u010da Mitja Herti\u0161, idejni vodja projekta in direktor projektnega podjetja Energija na veter. V sporo\u010dilu za javnost med drugim navajajo, da so investitorji tri leta priprav izkoristili za preverjanje mo\u017enih vplivov na naravo in [&hellip;]\" \/>\n<meta property=\"og:url\" content=\"https:\/\/novice.si\/page\/vodja-projekta-sporoca-projekt-vetrne-elektrarne-slovenska-bistrica-je-tik-pred-izdajo-gradbenega-dovoljenja\/\" \/>\n<meta property=\"og:site_name\" content=\"Novice.si\" \/>\n<meta property=\"article:published_time\" content=\"2023-06-07T10:53:54+00:00\" \/>\n<meta property=\"og:image\" content=\"https:\/\/novice.si\/page\/wp-content\/uploads\/2023\/06\/vetrne-elektrarne-2.jpg\" \/>\n\t<meta property=\"og:image:width\" content=\"555\" \/>\n\t<meta property=\"og:image:height\" content=\"374\" \/>\n\t<meta property=\"og:image:type\" content=\"image\/jpeg\" \/>\n<meta name=\"author\" content=\"Uredni\u0161tvo Bistri\u0161kih novic\" \/>\n<meta name=\"twitter:card\" content=\"summary_large_image\" \/>\n<meta name=\"twitter:label1\" content=\"Written by\" \/>\n\t<meta name=\"twitter:data1\" content=\"Uredni\u0161tvo Bistri\u0161kih novic\" \/>\n\t<meta name=\"twitter:label2\" content=\"Est. reading time\" \/>\n\t<meta name=\"twitter:data2\" content=\"2 minuti\" \/>\n<script type=\"application\/ld+json\" class=\"yoast-schema-graph\">{\"@context\":\"https:\\\/\\\/schema.org\",\"@graph\":[{\"@type\":\"Article\",\"@id\":\"https:\\\/\\\/novice.si\\\/page\\\/vodja-projekta-sporoca-projekt-vetrne-elektrarne-slovenska-bistrica-je-tik-pred-izdajo-gradbenega-dovoljenja\\\/#article\",\"isPartOf\":{\"@id\":\"https:\\\/\\\/novice.si\\\/page\\\/vodja-projekta-sporoca-projekt-vetrne-elektrarne-slovenska-bistrica-je-tik-pred-izdajo-gradbenega-dovoljenja\\\/\"},\"author\":{\"name\":\"Uredni\u0161tvo Bistri\u0161kih novic\",\"@id\":\"https:\\\/\\\/novice.si\\\/page\\\/#\\\/schema\\\/person\\\/96b32396deedcde3f7f776c306b4be21\"},\"headline\":\"Vodja projekta sporo\u010da: Projekt Vetrne elektrarne Slovenska Bistrica je tik pred izdajo gradbenega dovoljenja\",\"datePublished\":\"2023-06-07T10:53:54+00:00\",\"mainEntityOfPage\":{\"@id\":\"https:\\\/\\\/novice.si\\\/page\\\/vodja-projekta-sporoca-projekt-vetrne-elektrarne-slovenska-bistrica-je-tik-pred-izdajo-gradbenega-dovoljenja\\\/\"},\"wordCount\":348,\"publisher\":{\"@id\":\"https:\\\/\\\/novice.si\\\/page\\\/#organization\"},\"image\":{\"@id\":\"https:\\\/\\\/novice.si\\\/page\\\/vodja-projekta-sporoca-projekt-vetrne-elektrarne-slovenska-bistrica-je-tik-pred-izdajo-gradbenega-dovoljenja\\\/#primaryimage\"},\"thumbnailUrl\":\"https:\\\/\\\/novice.si\\\/page\\\/wp-content\\\/uploads\\\/2023\\\/06\\\/vetrne-elektrarne-2.jpg\",\"keywords\":[\"energija na veter\",\"herti\u0161\",\"Slovenska Bistrica\",\"vetrne elektrarne\"],\"articleSection\":[\"Aktualno\",\"Bistri\u0161ko\"],\"inLanguage\":\"sl-SI\"},{\"@type\":\"WebPage\",\"@id\":\"https:\\\/\\\/novice.si\\\/page\\\/vodja-projekta-sporoca-projekt-vetrne-elektrarne-slovenska-bistrica-je-tik-pred-izdajo-gradbenega-dovoljenja\\\/\",\"url\":\"https:\\\/\\\/novice.si\\\/page\\\/vodja-projekta-sporoca-projekt-vetrne-elektrarne-slovenska-bistrica-je-tik-pred-izdajo-gradbenega-dovoljenja\\\/\",\"name\":\"Vodja projekta sporo\u010da: Projekt Vetrne elektrarne Slovenska Bistrica je tik pred izdajo gradbenega dovoljenja - Novice.si\",\"isPartOf\":{\"@id\":\"https:\\\/\\\/novice.si\\\/page\\\/#website\"},\"primaryImageOfPage\":{\"@id\":\"https:\\\/\\\/novice.si\\\/page\\\/vodja-projekta-sporoca-projekt-vetrne-elektrarne-slovenska-bistrica-je-tik-pred-izdajo-gradbenega-dovoljenja\\\/#primaryimage\"},\"image\":{\"@id\":\"https:\\\/\\\/novice.si\\\/page\\\/vodja-projekta-sporoca-projekt-vetrne-elektrarne-slovenska-bistrica-je-tik-pred-izdajo-gradbenega-dovoljenja\\\/#primaryimage\"},\"thumbnailUrl\":\"https:\\\/\\\/novice.si\\\/page\\\/wp-content\\\/uploads\\\/2023\\\/06\\\/vetrne-elektrarne-2.jpg\",\"datePublished\":\"2023-06-07T10:53:54+00:00\",\"breadcrumb\":{\"@id\":\"https:\\\/\\\/novice.si\\\/page\\\/vodja-projekta-sporoca-projekt-vetrne-elektrarne-slovenska-bistrica-je-tik-pred-izdajo-gradbenega-dovoljenja\\\/#breadcrumb\"},\"inLanguage\":\"sl-SI\",\"potentialAction\":[{\"@type\":\"ReadAction\",\"target\":[\"https:\\\/\\\/novice.si\\\/page\\\/vodja-projekta-sporoca-projekt-vetrne-elektrarne-slovenska-bistrica-je-tik-pred-izdajo-gradbenega-dovoljenja\\\/\"]}]},{\"@type\":\"ImageObject\",\"inLanguage\":\"sl-SI\",\"@id\":\"https:\\\/\\\/novice.si\\\/page\\\/vodja-projekta-sporoca-projekt-vetrne-elektrarne-slovenska-bistrica-je-tik-pred-izdajo-gradbenega-dovoljenja\\\/#primaryimage\",\"url\":\"https:\\\/\\\/novice.si\\\/page\\\/wp-content\\\/uploads\\\/2023\\\/06\\\/vetrne-elektrarne-2.jpg\",\"contentUrl\":\"https:\\\/\\\/novice.si\\\/page\\\/wp-content\\\/uploads\\\/2023\\\/06\\\/vetrne-elektrarne-2.jpg\",\"width\":555,\"height\":374},{\"@type\":\"BreadcrumbList\",\"@id\":\"https:\\\/\\\/novice.si\\\/page\\\/vodja-projekta-sporoca-projekt-vetrne-elektrarne-slovenska-bistrica-je-tik-pred-izdajo-gradbenega-dovoljenja\\\/#breadcrumb\",\"itemListElement\":[{\"@type\":\"ListItem\",\"position\":1,\"name\":\"Home\",\"item\":\"https:\\\/\\\/novice.si\\\/page\\\/\"},{\"@type\":\"ListItem\",\"position\":2,\"name\":\"Vodja projekta sporo\u010da: Projekt Vetrne elektrarne Slovenska Bistrica je tik pred izdajo gradbenega dovoljenja\"}]},{\"@type\":\"WebSite\",\"@id\":\"https:\\\/\\\/novice.si\\\/page\\\/#website\",\"url\":\"https:\\\/\\\/novice.si\\\/page\\\/\",\"name\":\"Novice.si\",\"description\":\"\",\"publisher\":{\"@id\":\"https:\\\/\\\/novice.si\\\/page\\\/#organization\"},\"potentialAction\":[{\"@type\":\"SearchAction\",\"target\":{\"@type\":\"EntryPoint\",\"urlTemplate\":\"https:\\\/\\\/novice.si\\\/page\\\/?s={search_term_string}\"},\"query-input\":{\"@type\":\"PropertyValueSpecification\",\"valueRequired\":true,\"valueName\":\"search_term_string\"}}],\"inLanguage\":\"sl-SI\"},{\"@type\":\"Organization\",\"@id\":\"https:\\\/\\\/novice.si\\\/page\\\/#organization\",\"name\":\"Novice.si\",\"url\":\"https:\\\/\\\/novice.si\\\/page\\\/\",\"logo\":{\"@type\":\"ImageObject\",\"inLanguage\":\"sl-SI\",\"@id\":\"https:\\\/\\\/novice.si\\\/page\\\/#\\\/schema\\\/logo\\\/image\\\/\",\"url\":\"https:\\\/\\\/novice.si\\\/page\\\/wp-content\\\/uploads\\\/2023\\\/03\\\/novice_si.png\",\"contentUrl\":\"https:\\\/\\\/novice.si\\\/page\\\/wp-content\\\/uploads\\\/2023\\\/03\\\/novice_si.png\",\"width\":576,\"height\":200,\"caption\":\"Novice.si\"},\"image\":{\"@id\":\"https:\\\/\\\/novice.si\\\/page\\\/#\\\/schema\\\/logo\\\/image\\\/\"}},{\"@type\":\"Person\",\"@id\":\"https:\\\/\\\/novice.si\\\/page\\\/#\\\/schema\\\/person\\\/96b32396deedcde3f7f776c306b4be21\",\"name\":\"Uredni\u0161tvo Bistri\u0161kih novic\",\"image\":{\"@type\":\"ImageObject\",\"inLanguage\":\"sl-SI\",\"@id\":\"https:\\\/\\\/secure.gravatar.com\\\/avatar\\\/26c56c4b10cdb3a21e86442e5f2845a4eafdd0f3605def77ec6cff4aaef32ea4?s=96&d=mm&r=g\",\"url\":\"https:\\\/\\\/secure.gravatar.com\\\/avatar\\\/26c56c4b10cdb3a21e86442e5f2845a4eafdd0f3605def77ec6cff4aaef32ea4?s=96&d=mm&r=g\",\"contentUrl\":\"https:\\\/\\\/secure.gravatar.com\\\/avatar\\\/26c56c4b10cdb3a21e86442e5f2845a4eafdd0f3605def77ec6cff4aaef32ea4?s=96&d=mm&r=g\",\"caption\":\"Uredni\u0161tvo Bistri\u0161kih novic\"},\"url\":\"https:\\\/\\\/novice.si\\\/page\\\/author\\\/bojana\\\/\"}]}<\/script>\n<!-- \/ Yoast SEO plugin. -->","yoast_head_json":{"title":"Vodja projekta sporo\u010da: Projekt Vetrne elektrarne Slovenska Bistrica je tik pred izdajo gradbenega dovoljenja - Novice.si","robots":{"index":"index","follow":"follow","max-snippet":"max-snippet:-1","max-image-preview":"max-image-preview:large","max-video-preview":"max-video-preview:-1"},"canonical":"https:\/\/novice.si\/page\/vodja-projekta-sporoca-projekt-vetrne-elektrarne-slovenska-bistrica-je-tik-pred-izdajo-gradbenega-dovoljenja\/","og_locale":"sl_SI","og_type":"article","og_title":"Vodja projekta sporo\u010da: Projekt Vetrne elektrarne Slovenska Bistrica je tik pred izdajo gradbenega dovoljenja - Novice.si","og_description":"Projekt Vetrne elektrarne Slovenska Bistrica, 56 vetrnic na treh lokacijah, je po petih letih priprav tik pred izdajo gradbenega dovoljenja \u2013 sporo\u010da Mitja Herti\u0161, idejni vodja projekta in direktor projektnega podjetja Energija na veter. V sporo\u010dilu za javnost med drugim navajajo, da so investitorji tri leta priprav izkoristili za preverjanje mo\u017enih vplivov na naravo in [&hellip;]","og_url":"https:\/\/novice.si\/page\/vodja-projekta-sporoca-projekt-vetrne-elektrarne-slovenska-bistrica-je-tik-pred-izdajo-gradbenega-dovoljenja\/","og_site_name":"Novice.si","article_published_time":"2023-06-07T10:53:54+00:00","og_image":[{"width":555,"height":374,"url":"https:\/\/novice.si\/page\/wp-content\/uploads\/2023\/06\/vetrne-elektrarne-2.jpg","type":"image\/jpeg"}],"author":"Uredni\u0161tvo Bistri\u0161kih novic","twitter_card":"summary_large_image","twitter_misc":{"Written by":"Uredni\u0161tvo Bistri\u0161kih novic","Est. reading time":"2 minuti"},"schema":{"@context":"https:\/\/schema.org","@graph":[{"@type":"Article","@id":"https:\/\/novice.si\/page\/vodja-projekta-sporoca-projekt-vetrne-elektrarne-slovenska-bistrica-je-tik-pred-izdajo-gradbenega-dovoljenja\/#article","isPartOf":{"@id":"https:\/\/novice.si\/page\/vodja-projekta-sporoca-projekt-vetrne-elektrarne-slovenska-bistrica-je-tik-pred-izdajo-gradbenega-dovoljenja\/"},"author":{"name":"Uredni\u0161tvo Bistri\u0161kih novic","@id":"https:\/\/novice.si\/page\/#\/schema\/person\/96b32396deedcde3f7f776c306b4be21"},"headline":"Vodja projekta sporo\u010da: Projekt Vetrne elektrarne Slovenska Bistrica je tik pred izdajo gradbenega dovoljenja","datePublished":"2023-06-07T10:53:54+00:00","mainEntityOfPage":{"@id":"https:\/\/novice.si\/page\/vodja-projekta-sporoca-projekt-vetrne-elektrarne-slovenska-bistrica-je-tik-pred-izdajo-gradbenega-dovoljenja\/"},"wordCount":348,"publisher":{"@id":"https:\/\/novice.si\/page\/#organization"},"image":{"@id":"https:\/\/novice.si\/page\/vodja-projekta-sporoca-projekt-vetrne-elektrarne-slovenska-bistrica-je-tik-pred-izdajo-gradbenega-dovoljenja\/#primaryimage"},"thumbnailUrl":"https:\/\/novice.si\/page\/wp-content\/uploads\/2023\/06\/vetrne-elektrarne-2.jpg","keywords":["energija na veter","herti\u0161","Slovenska Bistrica","vetrne elektrarne"],"articleSection":["Aktualno","Bistri\u0161ko"],"inLanguage":"sl-SI"},{"@type":"WebPage","@id":"https:\/\/novice.si\/page\/vodja-projekta-sporoca-projekt-vetrne-elektrarne-slovenska-bistrica-je-tik-pred-izdajo-gradbenega-dovoljenja\/","url":"https:\/\/novice.si\/page\/vodja-projekta-sporoca-projekt-vetrne-elektrarne-slovenska-bistrica-je-tik-pred-izdajo-gradbenega-dovoljenja\/","name":"Vodja projekta sporo\u010da: Projekt Vetrne elektrarne Slovenska Bistrica je tik pred izdajo gradbenega dovoljenja - Novice.si","isPartOf":{"@id":"https:\/\/novice.si\/page\/#website"},"primaryImageOfPage":{"@id":"https:\/\/novice.si\/page\/vodja-projekta-sporoca-projekt-vetrne-elektrarne-slovenska-bistrica-je-tik-pred-izdajo-gradbenega-dovoljenja\/#primaryimage"},"image":{"@id":"https:\/\/novice.si\/page\/vodja-projekta-sporoca-projekt-vetrne-elektrarne-slovenska-bistrica-je-tik-pred-izdajo-gradbenega-dovoljenja\/#primaryimage"},"thumbnailUrl":"https:\/\/novice.si\/page\/wp-content\/uploads\/2023\/06\/vetrne-elektrarne-2.jpg","datePublished":"2023-06-07T10:53:54+00:00","breadcrumb":{"@id":"https:\/\/novice.si\/page\/vodja-projekta-sporoca-projekt-vetrne-elektrarne-slovenska-bistrica-je-tik-pred-izdajo-gradbenega-dovoljenja\/#breadcrumb"},"inLanguage":"sl-SI","potentialAction":[{"@type":"ReadAction","target":["https:\/\/novice.si\/page\/vodja-projekta-sporoca-projekt-vetrne-elektrarne-slovenska-bistrica-je-tik-pred-izdajo-gradbenega-dovoljenja\/"]}]},{"@type":"ImageObject","inLanguage":"sl-SI","@id":"https:\/\/novice.si\/page\/vodja-projekta-sporoca-projekt-vetrne-elektrarne-slovenska-bistrica-je-tik-pred-izdajo-gradbenega-dovoljenja\/#primaryimage","url":"https:\/\/novice.si\/page\/wp-content\/uploads\/2023\/06\/vetrne-elektrarne-2.jpg","contentUrl":"https:\/\/novice.si\/page\/wp-content\/uploads\/2023\/06\/vetrne-elektrarne-2.jpg","width":555,"height":374},{"@type":"BreadcrumbList","@id":"https:\/\/novice.si\/page\/vodja-projekta-sporoca-projekt-vetrne-elektrarne-slovenska-bistrica-je-tik-pred-izdajo-gradbenega-dovoljenja\/#breadcrumb","itemListElement":[{"@type":"ListItem","position":1,"name":"Home","item":"https:\/\/novice.si\/page\/"},{"@type":"ListItem","position":2,"name":"Vodja projekta sporo\u010da: Projekt Vetrne elektrarne Slovenska Bistrica je tik pred izdajo gradbenega dovoljenja"}]},{"@type":"WebSite","@id":"https:\/\/novice.si\/page\/#website","url":"https:\/\/novice.si\/page\/","name":"Novice.si","description":"","publisher":{"@id":"https:\/\/novice.si\/page\/#organization"},"potentialAction":[{"@type":"SearchAction","target":{"@type":"EntryPoint","urlTemplate":"https:\/\/novice.si\/page\/?s={search_term_string}"},"query-input":{"@type":"PropertyValueSpecification","valueRequired":true,"valueName":"search_term_string"}}],"inLanguage":"sl-SI"},{"@type":"Organization","@id":"https:\/\/novice.si\/page\/#organization","name":"Novice.si","url":"https:\/\/novice.si\/page\/","logo":{"@type":"ImageObject","inLanguage":"sl-SI","@id":"https:\/\/novice.si\/page\/#\/schema\/logo\/image\/","url":"https:\/\/novice.si\/page\/wp-content\/uploads\/2023\/03\/novice_si.png","contentUrl":"https:\/\/novice.si\/page\/wp-content\/uploads\/2023\/03\/novice_si.png","width":576,"height":200,"caption":"Novice.si"},"image":{"@id":"https:\/\/novice.si\/page\/#\/schema\/logo\/image\/"}},{"@type":"Person","@id":"https:\/\/novice.si\/page\/#\/schema\/person\/96b32396deedcde3f7f776c306b4be21","name":"Uredni\u0161tvo Bistri\u0161kih novic","image":{"@type":"ImageObject","inLanguage":"sl-SI","@id":"https:\/\/secure.gravatar.com\/avatar\/26c56c4b10cdb3a21e86442e5f2845a4eafdd0f3605def77ec6cff4aaef32ea4?s=96&d=mm&r=g","url":"https:\/\/secure.gravatar.com\/avatar\/26c56c4b10cdb3a21e86442e5f2845a4eafdd0f3605def77ec6cff4aaef32ea4?s=96&d=mm&r=g","contentUrl":"https:\/\/secure.gravatar.com\/avatar\/26c56c4b10cdb3a21e86442e5f2845a4eafdd0f3605def77ec6cff4aaef32ea4?s=96&d=mm&r=g","caption":"Uredni\u0161tvo Bistri\u0161kih novic"},"url":"https:\/\/novice.si\/page\/author\/bojana\/"}]}},"_links":{"self":[{"href":"https:\/\/novice.si\/page\/wp-json\/wp\/v2\/posts\/163609","targetHints":{"allow":["GET"]}}],"collection":[{"href":"https:\/\/novice.si\/page\/wp-json\/wp\/v2\/posts"}],"about":[{"href":"https:\/\/novice.si\/page\/wp-json\/wp\/v2\/types\/post"}],"author":[{"embeddable":true,"href":"https:\/\/novice.si\/page\/wp-json\/wp\/v2\/users\/8"}],"replies":[{"embeddable":true,"href":"https:\/\/novice.si\/page\/wp-json\/wp\/v2\/comments?post=163609"}],"version-history":[{"count":1,"href":"https:\/\/novice.si\/page\/wp-json\/wp\/v2\/posts\/163609\/revisions"}],"predecessor-version":[{"id":163612,"href":"https:\/\/novice.si\/page\/wp-json\/wp\/v2\/posts\/163609\/revisions\/163612"}],"wp:featuredmedia":[{"embeddable":true,"href":"https:\/\/novice.si\/page\/wp-json\/wp\/v2\/media\/163611"}],"wp:attachment":[{"href":"https:\/\/novice.si\/page\/wp-json\/wp\/v2\/media?parent=163609"}],"wp:term":[{"taxonomy":"category","embeddable":true,"href":"https:\/\/novice.si\/page\/wp-json\/wp\/v2\/categories?post=163609"},{"taxonomy":"post_tag","embeddable":true,"href":"https:\/\/novice.si\/page\/wp-json\/wp\/v2\/tags?post=163609"}],"curies":[{"name":"wp","href":"https:\/\/api.w.org\/{rel}","templated":true}]}}