{"id":163594,"date":"2023-06-07T12:24:08","date_gmt":"2023-06-07T10:24:08","guid":{"rendered":"https:\/\/novice.si\/page\/?p=163594"},"modified":"2023-06-07T12:24:08","modified_gmt":"2023-06-07T10:24:08","slug":"celje-kdo-je-marcevski-napadalec-z-glavne-avtobusne-postaje","status":"publish","type":"post","link":"https:\/\/novice.si\/page\/celje-kdo-je-marcevski-napadalec-z-glavne-avtobusne-postaje\/","title":{"rendered":"CELJE Kdo je mar\u010devski napadalec z glavne avtobusne postaje?"},"content":{"rendered":"<p>Celjska policijska uprava poizveduje za neznancem, ki je konec marca na glavni celjski\u00a0<img loading=\"lazy\" decoding=\"async\" class=\" wp-image-163595 alignleft\" src=\"https:\/\/novice.si\/page\/wp-content\/uploads\/2023\/06\/foto-NN.png-300x600.jpg\" alt=\"\" width=\"184\" height=\"368\" srcset=\"https:\/\/novice.si\/page\/wp-content\/uploads\/2023\/06\/foto-NN.png-300x600.jpg 300w, https:\/\/novice.si\/page\/wp-content\/uploads\/2023\/06\/foto-NN.png-210x420.jpg 210w, https:\/\/novice.si\/page\/wp-content\/uploads\/2023\/06\/foto-NN.png-12x24.jpg 12w, https:\/\/novice.si\/page\/wp-content\/uploads\/2023\/06\/foto-NN.png-18x36.jpg 18w, https:\/\/novice.si\/page\/wp-content\/uploads\/2023\/06\/foto-NN.png-24x48.jpg 24w, https:\/\/novice.si\/page\/wp-content\/uploads\/2023\/06\/foto-NN.png.jpg 409w\" sizes=\"auto, (max-width: 184px) 100vw, 184px\" \/>avtobusni postaji v ve\u010dernih urah napadel 31-letnika in ga la\u017eje ranil.<\/p>\n<p>Napadalca je spremljala mlaj\u0161a \u017eenska, oba sta se po dogodku odpravila v smeri Vojnika.<\/p>\n<p>Kaj je bil razlog za napad na ob\u010dana, ki je \u010dakal prevoz, \u0161e ni znano, policisti zbirajo obvestila v smeri kaznivega dejanja nasilni\u0161tva.<\/p>\n<p>Policija napro\u0161a vse, ki bi imeli informacije o osumljencu ali kaznivem dejanju, da to sporo\u010dijo na Policijsko postajo Celje oziroma na telefon <a href=\"https:\/\/www.google.si\/search?q=pp+celje&amp;sxsrf=APwXEdfJYELIk8DHApR0olql52k_XTq6JA%3A1686124232735&amp;source=hp&amp;ei=yDaAZMecKtKNi-gPufGrqAY&amp;iflsig=AOEireoAAAAAZIBE2CI3DMOQfjstFR1qav_KGdhXZD6y&amp;ved=0ahUKEwjHoL-f1rD_AhXSxgIHHbn4CmUQ4dUDCAk&amp;uact=5&amp;oq=pp+celje&amp;gs_lcp=Cgdnd3Mtd2l6EAMyDgguEIAEEMcBEK8BENQCMgUIABCABDIFCAAQgAQyCAgAEIAEEMsBMggIABCABBDLATIICAAQgAQQywEyCAgAEIAEEMsBMggIABCABBDLATIICAAQgAQQywEyCAgAEIAEEMsBOgcILhDqAhAnOgcIIxDqAhAnOgcIIxCKBRAnOgsIABCABBCxAxCDAToRCC4QgAQQsQMQgwEQxwEQ0QM6DgguEIAEELEDEIMBENQCOggIABCABBCxAzoLCC4QgAQQxwEQrwFQkAZYtQ5glRBoAXAAeACAAbECiAHXCJIBBzAuNC4xLjGYAQCgAQGwAQo&amp;sclient=gws-wiz\">(03) 542 64 00<\/a> oziroma na interventno \u0161tevilko 113 ali anonimni telefon 080 1200.<\/p>\n<p>P\u0160, foto: PU Celje<\/p>\n","protected":false},"excerpt":{"rendered":"<p>Celjska policijska uprava poizveduje za neznancem, ki je konec marca na glavni celjski\u00a0avtobusni postaji v ve\u010dernih urah napadel 31-letnika in ga la\u017eje ranil. Napadalca je spremljala mlaj\u0161a \u017eenska, oba sta se po dogodku odpravila v smeri Vojnika. Kaj je bil razlog za napad na ob\u010dana, ki je \u010dakal prevoz, \u0161e ni znano, policisti zbirajo obvestila [&hellip;]<\/p>\n","protected":false},"author":33,"featured_media":163595,"comment_status":"closed","ping_status":"closed","sticky":false,"template":"","format":"standard","meta":{"footnotes":""},"categories":[14,17,29],"tags":[22,3807,18018,14053],"class_list":{"0":"post-163594","1":"post","2":"type-post","3":"status-publish","4":"format-standard","5":"has-post-thumbnail","7":"category-aktualno","8":"category-celjsko","9":"category-kronika","10":"tag-celje","11":"tag-iskanje","12":"tag-napadalec-z-glavne-avtobusne-postaje","13":"tag-tiralica"},"yoast_head":"<!-- This site is optimized with the Yoast SEO plugin v27.4 - https:\/\/yoast.com\/product\/yoast-seo-wordpress\/ -->\n<title>CELJE Kdo je mar\u010devski napadalec z glavne avtobusne postaje? - Novice.si<\/title>\n<meta name=\"robots\" content=\"index, follow, max-snippet:-1, max-image-preview:large, max-video-preview:-1\" \/>\n<link rel=\"canonical\" href=\"https:\/\/novice.si\/page\/celje-kdo-je-marcevski-napadalec-z-glavne-avtobusne-postaje\/\" \/>\n<meta property=\"og:locale\" content=\"sl_SI\" \/>\n<meta property=\"og:type\" content=\"article\" \/>\n<meta property=\"og:title\" content=\"CELJE Kdo je mar\u010devski napadalec z glavne avtobusne postaje? - Novice.si\" \/>\n<meta property=\"og:description\" content=\"Celjska policijska uprava poizveduje za neznancem, ki je konec marca na glavni celjski\u00a0avtobusni postaji v ve\u010dernih urah napadel 31-letnika in ga la\u017eje ranil. Napadalca je spremljala mlaj\u0161a \u017eenska, oba sta se po dogodku odpravila v smeri Vojnika. Kaj je bil razlog za napad na ob\u010dana, ki je \u010dakal prevoz, \u0161e ni znano, policisti zbirajo obvestila [&hellip;]\" \/>\n<meta property=\"og:url\" content=\"https:\/\/novice.si\/page\/celje-kdo-je-marcevski-napadalec-z-glavne-avtobusne-postaje\/\" \/>\n<meta property=\"og:site_name\" content=\"Novice.si\" \/>\n<meta property=\"article:published_time\" content=\"2023-06-07T10:24:08+00:00\" \/>\n<meta property=\"og:image\" content=\"https:\/\/novice.si\/page\/wp-content\/uploads\/2023\/06\/foto-NN.png.jpg\" \/>\n\t<meta property=\"og:image:width\" content=\"409\" \/>\n\t<meta property=\"og:image:height\" content=\"818\" \/>\n\t<meta property=\"og:image:type\" content=\"image\/jpeg\" \/>\n<meta name=\"author\" content=\"Uredni\u0161tvo Celjana\" \/>\n<meta name=\"twitter:card\" content=\"summary_large_image\" \/>\n<meta name=\"twitter:label1\" content=\"Written by\" \/>\n\t<meta name=\"twitter:data1\" content=\"Uredni\u0161tvo Celjana\" \/>\n\t<meta name=\"twitter:label2\" content=\"Est. reading time\" \/>\n\t<meta name=\"twitter:data2\" content=\"1 minuta\" \/>\n<script type=\"application\/ld+json\" class=\"yoast-schema-graph\">{\"@context\":\"https:\\\/\\\/schema.org\",\"@graph\":[{\"@type\":\"Article\",\"@id\":\"https:\\\/\\\/novice.si\\\/page\\\/celje-kdo-je-marcevski-napadalec-z-glavne-avtobusne-postaje\\\/#article\",\"isPartOf\":{\"@id\":\"https:\\\/\\\/novice.si\\\/page\\\/celje-kdo-je-marcevski-napadalec-z-glavne-avtobusne-postaje\\\/\"},\"author\":{\"name\":\"Uredni\u0161tvo Celjana\",\"@id\":\"https:\\\/\\\/novice.si\\\/page\\\/#\\\/schema\\\/person\\\/57f25c9642a9541c7349c65d32032c3e\"},\"headline\":\"CELJE Kdo je mar\u010devski napadalec z glavne avtobusne postaje?\",\"datePublished\":\"2023-06-07T10:24:08+00:00\",\"mainEntityOfPage\":{\"@id\":\"https:\\\/\\\/novice.si\\\/page\\\/celje-kdo-je-marcevski-napadalec-z-glavne-avtobusne-postaje\\\/\"},\"wordCount\":111,\"publisher\":{\"@id\":\"https:\\\/\\\/novice.si\\\/page\\\/#organization\"},\"image\":{\"@id\":\"https:\\\/\\\/novice.si\\\/page\\\/celje-kdo-je-marcevski-napadalec-z-glavne-avtobusne-postaje\\\/#primaryimage\"},\"thumbnailUrl\":\"https:\\\/\\\/novice.si\\\/page\\\/wp-content\\\/uploads\\\/2023\\\/06\\\/foto-NN.png.jpg\",\"keywords\":[\"Celje\",\"iskanje\",\"napadalec z glavne avtobusne postaje\",\"tiralica\"],\"articleSection\":[\"Aktualno\",\"Celjsko\",\"Kronika\"],\"inLanguage\":\"sl-SI\"},{\"@type\":\"WebPage\",\"@id\":\"https:\\\/\\\/novice.si\\\/page\\\/celje-kdo-je-marcevski-napadalec-z-glavne-avtobusne-postaje\\\/\",\"url\":\"https:\\\/\\\/novice.si\\\/page\\\/celje-kdo-je-marcevski-napadalec-z-glavne-avtobusne-postaje\\\/\",\"name\":\"CELJE Kdo je mar\u010devski napadalec z glavne avtobusne postaje? - Novice.si\",\"isPartOf\":{\"@id\":\"https:\\\/\\\/novice.si\\\/page\\\/#website\"},\"primaryImageOfPage\":{\"@id\":\"https:\\\/\\\/novice.si\\\/page\\\/celje-kdo-je-marcevski-napadalec-z-glavne-avtobusne-postaje\\\/#primaryimage\"},\"image\":{\"@id\":\"https:\\\/\\\/novice.si\\\/page\\\/celje-kdo-je-marcevski-napadalec-z-glavne-avtobusne-postaje\\\/#primaryimage\"},\"thumbnailUrl\":\"https:\\\/\\\/novice.si\\\/page\\\/wp-content\\\/uploads\\\/2023\\\/06\\\/foto-NN.png.jpg\",\"datePublished\":\"2023-06-07T10:24:08+00:00\",\"breadcrumb\":{\"@id\":\"https:\\\/\\\/novice.si\\\/page\\\/celje-kdo-je-marcevski-napadalec-z-glavne-avtobusne-postaje\\\/#breadcrumb\"},\"inLanguage\":\"sl-SI\",\"potentialAction\":[{\"@type\":\"ReadAction\",\"target\":[\"https:\\\/\\\/novice.si\\\/page\\\/celje-kdo-je-marcevski-napadalec-z-glavne-avtobusne-postaje\\\/\"]}]},{\"@type\":\"ImageObject\",\"inLanguage\":\"sl-SI\",\"@id\":\"https:\\\/\\\/novice.si\\\/page\\\/celje-kdo-je-marcevski-napadalec-z-glavne-avtobusne-postaje\\\/#primaryimage\",\"url\":\"https:\\\/\\\/novice.si\\\/page\\\/wp-content\\\/uploads\\\/2023\\\/06\\\/foto-NN.png.jpg\",\"contentUrl\":\"https:\\\/\\\/novice.si\\\/page\\\/wp-content\\\/uploads\\\/2023\\\/06\\\/foto-NN.png.jpg\",\"width\":409,\"height\":818},{\"@type\":\"BreadcrumbList\",\"@id\":\"https:\\\/\\\/novice.si\\\/page\\\/celje-kdo-je-marcevski-napadalec-z-glavne-avtobusne-postaje\\\/#breadcrumb\",\"itemListElement\":[{\"@type\":\"ListItem\",\"position\":1,\"name\":\"Home\",\"item\":\"https:\\\/\\\/novice.si\\\/page\\\/\"},{\"@type\":\"ListItem\",\"position\":2,\"name\":\"CELJE Kdo je mar\u010devski napadalec z glavne avtobusne postaje?\"}]},{\"@type\":\"WebSite\",\"@id\":\"https:\\\/\\\/novice.si\\\/page\\\/#website\",\"url\":\"https:\\\/\\\/novice.si\\\/page\\\/\",\"name\":\"Novice.si\",\"description\":\"\",\"publisher\":{\"@id\":\"https:\\\/\\\/novice.si\\\/page\\\/#organization\"},\"potentialAction\":[{\"@type\":\"SearchAction\",\"target\":{\"@type\":\"EntryPoint\",\"urlTemplate\":\"https:\\\/\\\/novice.si\\\/page\\\/?s={search_term_string}\"},\"query-input\":{\"@type\":\"PropertyValueSpecification\",\"valueRequired\":true,\"valueName\":\"search_term_string\"}}],\"inLanguage\":\"sl-SI\"},{\"@type\":\"Organization\",\"@id\":\"https:\\\/\\\/novice.si\\\/page\\\/#organization\",\"name\":\"Novice.si\",\"url\":\"https:\\\/\\\/novice.si\\\/page\\\/\",\"logo\":{\"@type\":\"ImageObject\",\"inLanguage\":\"sl-SI\",\"@id\":\"https:\\\/\\\/novice.si\\\/page\\\/#\\\/schema\\\/logo\\\/image\\\/\",\"url\":\"https:\\\/\\\/novice.si\\\/page\\\/wp-content\\\/uploads\\\/2023\\\/03\\\/novice_si.png\",\"contentUrl\":\"https:\\\/\\\/novice.si\\\/page\\\/wp-content\\\/uploads\\\/2023\\\/03\\\/novice_si.png\",\"width\":576,\"height\":200,\"caption\":\"Novice.si\"},\"image\":{\"@id\":\"https:\\\/\\\/novice.si\\\/page\\\/#\\\/schema\\\/logo\\\/image\\\/\"}},{\"@type\":\"Person\",\"@id\":\"https:\\\/\\\/novice.si\\\/page\\\/#\\\/schema\\\/person\\\/57f25c9642a9541c7349c65d32032c3e\",\"name\":\"Uredni\u0161tvo Celjana\",\"image\":{\"@type\":\"ImageObject\",\"inLanguage\":\"sl-SI\",\"@id\":\"https:\\\/\\\/secure.gravatar.com\\\/avatar\\\/78e52bc4279b65f6df6345e0ef0f7b792d361361f230cf4ffecfe0afe6d5629c?s=96&d=mm&r=g\",\"url\":\"https:\\\/\\\/secure.gravatar.com\\\/avatar\\\/78e52bc4279b65f6df6345e0ef0f7b792d361361f230cf4ffecfe0afe6d5629c?s=96&d=mm&r=g\",\"contentUrl\":\"https:\\\/\\\/secure.gravatar.com\\\/avatar\\\/78e52bc4279b65f6df6345e0ef0f7b792d361361f230cf4ffecfe0afe6d5629c?s=96&d=mm&r=g\",\"caption\":\"Uredni\u0161tvo Celjana\"},\"url\":\"https:\\\/\\\/novice.si\\\/page\\\/author\\\/primoz\\\/\"}]}<\/script>\n<!-- \/ Yoast SEO plugin. -->","yoast_head_json":{"title":"CELJE Kdo je mar\u010devski napadalec z glavne avtobusne postaje? - Novice.si","robots":{"index":"index","follow":"follow","max-snippet":"max-snippet:-1","max-image-preview":"max-image-preview:large","max-video-preview":"max-video-preview:-1"},"canonical":"https:\/\/novice.si\/page\/celje-kdo-je-marcevski-napadalec-z-glavne-avtobusne-postaje\/","og_locale":"sl_SI","og_type":"article","og_title":"CELJE Kdo je mar\u010devski napadalec z glavne avtobusne postaje? - Novice.si","og_description":"Celjska policijska uprava poizveduje za neznancem, ki je konec marca na glavni celjski\u00a0avtobusni postaji v ve\u010dernih urah napadel 31-letnika in ga la\u017eje ranil. Napadalca je spremljala mlaj\u0161a \u017eenska, oba sta se po dogodku odpravila v smeri Vojnika. Kaj je bil razlog za napad na ob\u010dana, ki je \u010dakal prevoz, \u0161e ni znano, policisti zbirajo obvestila [&hellip;]","og_url":"https:\/\/novice.si\/page\/celje-kdo-je-marcevski-napadalec-z-glavne-avtobusne-postaje\/","og_site_name":"Novice.si","article_published_time":"2023-06-07T10:24:08+00:00","og_image":[{"width":409,"height":818,"url":"https:\/\/novice.si\/page\/wp-content\/uploads\/2023\/06\/foto-NN.png.jpg","type":"image\/jpeg"}],"author":"Uredni\u0161tvo Celjana","twitter_card":"summary_large_image","twitter_misc":{"Written by":"Uredni\u0161tvo Celjana","Est. reading time":"1 minuta"},"schema":{"@context":"https:\/\/schema.org","@graph":[{"@type":"Article","@id":"https:\/\/novice.si\/page\/celje-kdo-je-marcevski-napadalec-z-glavne-avtobusne-postaje\/#article","isPartOf":{"@id":"https:\/\/novice.si\/page\/celje-kdo-je-marcevski-napadalec-z-glavne-avtobusne-postaje\/"},"author":{"name":"Uredni\u0161tvo Celjana","@id":"https:\/\/novice.si\/page\/#\/schema\/person\/57f25c9642a9541c7349c65d32032c3e"},"headline":"CELJE Kdo je mar\u010devski napadalec z glavne avtobusne postaje?","datePublished":"2023-06-07T10:24:08+00:00","mainEntityOfPage":{"@id":"https:\/\/novice.si\/page\/celje-kdo-je-marcevski-napadalec-z-glavne-avtobusne-postaje\/"},"wordCount":111,"publisher":{"@id":"https:\/\/novice.si\/page\/#organization"},"image":{"@id":"https:\/\/novice.si\/page\/celje-kdo-je-marcevski-napadalec-z-glavne-avtobusne-postaje\/#primaryimage"},"thumbnailUrl":"https:\/\/novice.si\/page\/wp-content\/uploads\/2023\/06\/foto-NN.png.jpg","keywords":["Celje","iskanje","napadalec z glavne avtobusne postaje","tiralica"],"articleSection":["Aktualno","Celjsko","Kronika"],"inLanguage":"sl-SI"},{"@type":"WebPage","@id":"https:\/\/novice.si\/page\/celje-kdo-je-marcevski-napadalec-z-glavne-avtobusne-postaje\/","url":"https:\/\/novice.si\/page\/celje-kdo-je-marcevski-napadalec-z-glavne-avtobusne-postaje\/","name":"CELJE Kdo je mar\u010devski napadalec z glavne avtobusne postaje? - Novice.si","isPartOf":{"@id":"https:\/\/novice.si\/page\/#website"},"primaryImageOfPage":{"@id":"https:\/\/novice.si\/page\/celje-kdo-je-marcevski-napadalec-z-glavne-avtobusne-postaje\/#primaryimage"},"image":{"@id":"https:\/\/novice.si\/page\/celje-kdo-je-marcevski-napadalec-z-glavne-avtobusne-postaje\/#primaryimage"},"thumbnailUrl":"https:\/\/novice.si\/page\/wp-content\/uploads\/2023\/06\/foto-NN.png.jpg","datePublished":"2023-06-07T10:24:08+00:00","breadcrumb":{"@id":"https:\/\/novice.si\/page\/celje-kdo-je-marcevski-napadalec-z-glavne-avtobusne-postaje\/#breadcrumb"},"inLanguage":"sl-SI","potentialAction":[{"@type":"ReadAction","target":["https:\/\/novice.si\/page\/celje-kdo-je-marcevski-napadalec-z-glavne-avtobusne-postaje\/"]}]},{"@type":"ImageObject","inLanguage":"sl-SI","@id":"https:\/\/novice.si\/page\/celje-kdo-je-marcevski-napadalec-z-glavne-avtobusne-postaje\/#primaryimage","url":"https:\/\/novice.si\/page\/wp-content\/uploads\/2023\/06\/foto-NN.png.jpg","contentUrl":"https:\/\/novice.si\/page\/wp-content\/uploads\/2023\/06\/foto-NN.png.jpg","width":409,"height":818},{"@type":"BreadcrumbList","@id":"https:\/\/novice.si\/page\/celje-kdo-je-marcevski-napadalec-z-glavne-avtobusne-postaje\/#breadcrumb","itemListElement":[{"@type":"ListItem","position":1,"name":"Home","item":"https:\/\/novice.si\/page\/"},{"@type":"ListItem","position":2,"name":"CELJE Kdo je mar\u010devski napadalec z glavne avtobusne postaje?"}]},{"@type":"WebSite","@id":"https:\/\/novice.si\/page\/#website","url":"https:\/\/novice.si\/page\/","name":"Novice.si","description":"","publisher":{"@id":"https:\/\/novice.si\/page\/#organization"},"potentialAction":[{"@type":"SearchAction","target":{"@type":"EntryPoint","urlTemplate":"https:\/\/novice.si\/page\/?s={search_term_string}"},"query-input":{"@type":"PropertyValueSpecification","valueRequired":true,"valueName":"search_term_string"}}],"inLanguage":"sl-SI"},{"@type":"Organization","@id":"https:\/\/novice.si\/page\/#organization","name":"Novice.si","url":"https:\/\/novice.si\/page\/","logo":{"@type":"ImageObject","inLanguage":"sl-SI","@id":"https:\/\/novice.si\/page\/#\/schema\/logo\/image\/","url":"https:\/\/novice.si\/page\/wp-content\/uploads\/2023\/03\/novice_si.png","contentUrl":"https:\/\/novice.si\/page\/wp-content\/uploads\/2023\/03\/novice_si.png","width":576,"height":200,"caption":"Novice.si"},"image":{"@id":"https:\/\/novice.si\/page\/#\/schema\/logo\/image\/"}},{"@type":"Person","@id":"https:\/\/novice.si\/page\/#\/schema\/person\/57f25c9642a9541c7349c65d32032c3e","name":"Uredni\u0161tvo Celjana","image":{"@type":"ImageObject","inLanguage":"sl-SI","@id":"https:\/\/secure.gravatar.com\/avatar\/78e52bc4279b65f6df6345e0ef0f7b792d361361f230cf4ffecfe0afe6d5629c?s=96&d=mm&r=g","url":"https:\/\/secure.gravatar.com\/avatar\/78e52bc4279b65f6df6345e0ef0f7b792d361361f230cf4ffecfe0afe6d5629c?s=96&d=mm&r=g","contentUrl":"https:\/\/secure.gravatar.com\/avatar\/78e52bc4279b65f6df6345e0ef0f7b792d361361f230cf4ffecfe0afe6d5629c?s=96&d=mm&r=g","caption":"Uredni\u0161tvo Celjana"},"url":"https:\/\/novice.si\/page\/author\/primoz\/"}]}},"_links":{"self":[{"href":"https:\/\/novice.si\/page\/wp-json\/wp\/v2\/posts\/163594","targetHints":{"allow":["GET"]}}],"collection":[{"href":"https:\/\/novice.si\/page\/wp-json\/wp\/v2\/posts"}],"about":[{"href":"https:\/\/novice.si\/page\/wp-json\/wp\/v2\/types\/post"}],"author":[{"embeddable":true,"href":"https:\/\/novice.si\/page\/wp-json\/wp\/v2\/users\/33"}],"replies":[{"embeddable":true,"href":"https:\/\/novice.si\/page\/wp-json\/wp\/v2\/comments?post=163594"}],"version-history":[{"count":1,"href":"https:\/\/novice.si\/page\/wp-json\/wp\/v2\/posts\/163594\/revisions"}],"predecessor-version":[{"id":163596,"href":"https:\/\/novice.si\/page\/wp-json\/wp\/v2\/posts\/163594\/revisions\/163596"}],"wp:featuredmedia":[{"embeddable":true,"href":"https:\/\/novice.si\/page\/wp-json\/wp\/v2\/media\/163595"}],"wp:attachment":[{"href":"https:\/\/novice.si\/page\/wp-json\/wp\/v2\/media?parent=163594"}],"wp:term":[{"taxonomy":"category","embeddable":true,"href":"https:\/\/novice.si\/page\/wp-json\/wp\/v2\/categories?post=163594"},{"taxonomy":"post_tag","embeddable":true,"href":"https:\/\/novice.si\/page\/wp-json\/wp\/v2\/tags?post=163594"}],"curies":[{"name":"wp","href":"https:\/\/api.w.org\/{rel}","templated":true}]}}