{"id":163584,"date":"2023-06-07T11:47:03","date_gmt":"2023-06-07T09:47:03","guid":{"rendered":"https:\/\/novice.si\/page\/?p=163584"},"modified":"2023-06-07T11:47:03","modified_gmt":"2023-06-07T09:47:03","slug":"na-evropske-igre-na-poljsko-tudi-stevilni-stajerski-sportniki","status":"publish","type":"post","link":"https:\/\/novice.si\/page\/na-evropske-igre-na-poljsko-tudi-stevilni-stajerski-sportniki\/","title":{"rendered":"Na evropske igre na Poljsko tudi \u0161tevilni \u0161tajerski \u0161portniki"},"content":{"rendered":"<p><img loading=\"lazy\" decoding=\"async\" class=\"size-medium wp-image-163585\" src=\"https:\/\/novice.si\/page\/wp-content\/uploads\/2023\/06\/Reprezentanca-za-evropske-igre-2023-foto-Ales-Fevzer_resize-600x309.jpg\" alt=\"\" width=\"600\" height=\"309\" srcset=\"https:\/\/novice.si\/page\/wp-content\/uploads\/2023\/06\/Reprezentanca-za-evropske-igre-2023-foto-Ales-Fevzer_resize-600x309.jpg 600w, https:\/\/novice.si\/page\/wp-content\/uploads\/2023\/06\/Reprezentanca-za-evropske-igre-2023-foto-Ales-Fevzer_resize-768x396.jpg 768w, https:\/\/novice.si\/page\/wp-content\/uploads\/2023\/06\/Reprezentanca-za-evropske-igre-2023-foto-Ales-Fevzer_resize-696x358.jpg 696w, https:\/\/novice.si\/page\/wp-content\/uploads\/2023\/06\/Reprezentanca-za-evropske-igre-2023-foto-Ales-Fevzer_resize-24x12.jpg 24w, https:\/\/novice.si\/page\/wp-content\/uploads\/2023\/06\/Reprezentanca-za-evropske-igre-2023-foto-Ales-Fevzer_resize-36x19.jpg 36w, https:\/\/novice.si\/page\/wp-content\/uploads\/2023\/06\/Reprezentanca-za-evropske-igre-2023-foto-Ales-Fevzer_resize-48x25.jpg 48w, https:\/\/novice.si\/page\/wp-content\/uploads\/2023\/06\/Reprezentanca-za-evropske-igre-2023-foto-Ales-Fevzer_resize.jpg 800w\" sizes=\"auto, (max-width: 600px) 100vw, 600px\" \/><\/p>\n<p>Na tretjih Evropskih igrah, ki bodo med 21. junijem in 2. julijem, bo nastopil kar 137 slovenskih \u0161portnikov. Ti se bodo pomerili v 19 \u0161portnih panogah. Glavno mesto tekmovanja bo Krakov, sicer pa bodo prizori\u0161\u010da po vsej Poljski.<br \/>\nV slovenski reprezentanci &#8211; predstavili so jo v\u010deraj, bo tudi precej \u0160tajercev. Med njimi so \u010dlani Atletskega dru\u0161tva Kladivar Celje <strong>Vid Botolin<\/strong> (5.000 m), <strong>Ian Matic Gu\u010dek<\/strong> (400 m ovire), <strong>Jan Vukovi\u010d<\/strong> (800 m), <strong>Klara Lukan<\/strong> (5.000 m), <strong>Esma Pajt<\/strong> (kladivo), <strong>Martina Ratej<\/strong> (kopje) in <strong>Tina \u0160utej<\/strong> (palica), judoisti za me\u0161ano ekipno tekmo <strong>Vito Dragi\u010d<\/strong> (JK Impol), <strong>Enej Marini\u010d<\/strong> (JK Branik Maribor) in <strong>Alen Vu\u010dina<\/strong> (JK Oplotnica). V slalomu na divjih vodah bo nastopil kajaka\u0161 celjskega kluba <strong>Lan Tominc<\/strong>. <strong>Timi Zajc<\/strong> iz Hram\u0161 bo tekmoval v smu\u010darskih skokih, Bistri\u010dan <strong>Ivan Konrad Trajkovi\u010d<\/strong> v tawekwondoju, \u2026 Med najbolj znanimi slovenskimi \u0161portniki, ki bodo potovali na Poljsko so denimo tudi K<strong>ristjan \u010ceh, Maru\u0161a Mi\u0161ma\u0161 Zrim\u0161ek, Adrian Gomboc, Peter Kauzer, Benjamin Sav\u0161ek, \u0160pela Ponomarenko Jani\u0107, Tanja \u017dakelj, Darko Jorgi\u0107, An\u017ee Lani\u0161ek, \u017diva Dvor\u0161ak<\/strong>, \u2026<br \/>\nFoto: Ale\u0161 Fev\u017eer<\/p>\n","protected":false},"excerpt":{"rendered":"<p>Na tretjih Evropskih igrah, ki bodo med 21. junijem in 2. julijem, bo nastopil kar 137 slovenskih \u0161portnikov. Ti se bodo pomerili v 19 \u0161portnih panogah. Glavno mesto tekmovanja bo Krakov, sicer pa bodo prizori\u0161\u010da po vsej Poljski. V slovenski reprezentanci &#8211; predstavili so jo v\u010deraj, bo tudi precej \u0160tajercev. Med njimi so \u010dlani Atletskega [&hellip;]<\/p>\n","protected":false},"author":7,"featured_media":163585,"comment_status":"closed","ping_status":"closed","sticky":false,"template":"","format":"standard","meta":{"footnotes":""},"categories":[14,32,17,16,68],"tags":[18017],"class_list":{"0":"post-163584","1":"post","2":"type-post","3":"status-publish","4":"format-standard","5":"has-post-thumbnail","7":"category-aktualno","8":"category-bistrisko","9":"category-celjsko","10":"category-konjisko","11":"category-sport","12":"tag-evropske-igre-krakov-2023"},"yoast_head":"<!-- This site is optimized with the Yoast SEO plugin v27.4 - https:\/\/yoast.com\/product\/yoast-seo-wordpress\/ -->\n<title>Na evropske igre na Poljsko tudi \u0161tevilni \u0161tajerski \u0161portniki - Novice.si<\/title>\n<meta name=\"robots\" content=\"index, follow, max-snippet:-1, max-image-preview:large, max-video-preview:-1\" \/>\n<link rel=\"canonical\" href=\"https:\/\/novice.si\/page\/na-evropske-igre-na-poljsko-tudi-stevilni-stajerski-sportniki\/\" \/>\n<meta property=\"og:locale\" content=\"sl_SI\" \/>\n<meta property=\"og:type\" content=\"article\" \/>\n<meta property=\"og:title\" content=\"Na evropske igre na Poljsko tudi \u0161tevilni \u0161tajerski \u0161portniki - Novice.si\" \/>\n<meta property=\"og:description\" content=\"Na tretjih Evropskih igrah, ki bodo med 21. junijem in 2. julijem, bo nastopil kar 137 slovenskih \u0161portnikov. Ti se bodo pomerili v 19 \u0161portnih panogah. Glavno mesto tekmovanja bo Krakov, sicer pa bodo prizori\u0161\u010da po vsej Poljski. V slovenski reprezentanci &#8211; predstavili so jo v\u010deraj, bo tudi precej \u0160tajercev. Med njimi so \u010dlani Atletskega [&hellip;]\" \/>\n<meta property=\"og:url\" content=\"https:\/\/novice.si\/page\/na-evropske-igre-na-poljsko-tudi-stevilni-stajerski-sportniki\/\" \/>\n<meta property=\"og:site_name\" content=\"Novice.si\" \/>\n<meta property=\"article:published_time\" content=\"2023-06-07T09:47:03+00:00\" \/>\n<meta property=\"og:image\" content=\"https:\/\/novice.si\/page\/wp-content\/uploads\/2023\/06\/Reprezentanca-za-evropske-igre-2023-foto-Ales-Fevzer_resize.jpg\" \/>\n\t<meta property=\"og:image:width\" content=\"800\" \/>\n\t<meta property=\"og:image:height\" content=\"412\" \/>\n\t<meta property=\"og:image:type\" content=\"image\/jpeg\" \/>\n<meta name=\"author\" content=\"Uredni\u0161tvo Novic\" \/>\n<meta name=\"twitter:card\" content=\"summary_large_image\" \/>\n<meta name=\"twitter:label1\" content=\"Written by\" \/>\n\t<meta name=\"twitter:data1\" content=\"Uredni\u0161tvo Novic\" \/>\n\t<meta name=\"twitter:label2\" content=\"Est. reading time\" \/>\n\t<meta name=\"twitter:data2\" content=\"2 minuti\" \/>\n<script type=\"application\/ld+json\" class=\"yoast-schema-graph\">{\"@context\":\"https:\\\/\\\/schema.org\",\"@graph\":[{\"@type\":\"Article\",\"@id\":\"https:\\\/\\\/novice.si\\\/page\\\/na-evropske-igre-na-poljsko-tudi-stevilni-stajerski-sportniki\\\/#article\",\"isPartOf\":{\"@id\":\"https:\\\/\\\/novice.si\\\/page\\\/na-evropske-igre-na-poljsko-tudi-stevilni-stajerski-sportniki\\\/\"},\"author\":{\"name\":\"Uredni\u0161tvo Novic\",\"@id\":\"https:\\\/\\\/novice.si\\\/page\\\/#\\\/schema\\\/person\\\/a877dbb8680d441357ce27663beb35ca\"},\"headline\":\"Na evropske igre na Poljsko tudi \u0161tevilni \u0161tajerski \u0161portniki\",\"datePublished\":\"2023-06-07T09:47:03+00:00\",\"mainEntityOfPage\":{\"@id\":\"https:\\\/\\\/novice.si\\\/page\\\/na-evropske-igre-na-poljsko-tudi-stevilni-stajerski-sportniki\\\/\"},\"wordCount\":187,\"publisher\":{\"@id\":\"https:\\\/\\\/novice.si\\\/page\\\/#organization\"},\"image\":{\"@id\":\"https:\\\/\\\/novice.si\\\/page\\\/na-evropske-igre-na-poljsko-tudi-stevilni-stajerski-sportniki\\\/#primaryimage\"},\"thumbnailUrl\":\"https:\\\/\\\/novice.si\\\/page\\\/wp-content\\\/uploads\\\/2023\\\/06\\\/Reprezentanca-za-evropske-igre-2023-foto-Ales-Fevzer_resize.jpg\",\"keywords\":[\"Evropske igre Krakov 2023\"],\"articleSection\":[\"Aktualno\",\"Bistri\u0161ko\",\"Celjsko\",\"Konji\u0161ko\",\"\u0160port\"],\"inLanguage\":\"sl-SI\"},{\"@type\":\"WebPage\",\"@id\":\"https:\\\/\\\/novice.si\\\/page\\\/na-evropske-igre-na-poljsko-tudi-stevilni-stajerski-sportniki\\\/\",\"url\":\"https:\\\/\\\/novice.si\\\/page\\\/na-evropske-igre-na-poljsko-tudi-stevilni-stajerski-sportniki\\\/\",\"name\":\"Na evropske igre na Poljsko tudi \u0161tevilni \u0161tajerski \u0161portniki - Novice.si\",\"isPartOf\":{\"@id\":\"https:\\\/\\\/novice.si\\\/page\\\/#website\"},\"primaryImageOfPage\":{\"@id\":\"https:\\\/\\\/novice.si\\\/page\\\/na-evropske-igre-na-poljsko-tudi-stevilni-stajerski-sportniki\\\/#primaryimage\"},\"image\":{\"@id\":\"https:\\\/\\\/novice.si\\\/page\\\/na-evropske-igre-na-poljsko-tudi-stevilni-stajerski-sportniki\\\/#primaryimage\"},\"thumbnailUrl\":\"https:\\\/\\\/novice.si\\\/page\\\/wp-content\\\/uploads\\\/2023\\\/06\\\/Reprezentanca-za-evropske-igre-2023-foto-Ales-Fevzer_resize.jpg\",\"datePublished\":\"2023-06-07T09:47:03+00:00\",\"breadcrumb\":{\"@id\":\"https:\\\/\\\/novice.si\\\/page\\\/na-evropske-igre-na-poljsko-tudi-stevilni-stajerski-sportniki\\\/#breadcrumb\"},\"inLanguage\":\"sl-SI\",\"potentialAction\":[{\"@type\":\"ReadAction\",\"target\":[\"https:\\\/\\\/novice.si\\\/page\\\/na-evropske-igre-na-poljsko-tudi-stevilni-stajerski-sportniki\\\/\"]}]},{\"@type\":\"ImageObject\",\"inLanguage\":\"sl-SI\",\"@id\":\"https:\\\/\\\/novice.si\\\/page\\\/na-evropske-igre-na-poljsko-tudi-stevilni-stajerski-sportniki\\\/#primaryimage\",\"url\":\"https:\\\/\\\/novice.si\\\/page\\\/wp-content\\\/uploads\\\/2023\\\/06\\\/Reprezentanca-za-evropske-igre-2023-foto-Ales-Fevzer_resize.jpg\",\"contentUrl\":\"https:\\\/\\\/novice.si\\\/page\\\/wp-content\\\/uploads\\\/2023\\\/06\\\/Reprezentanca-za-evropske-igre-2023-foto-Ales-Fevzer_resize.jpg\",\"width\":800,\"height\":412,\"caption\":\"Team Slovenia for 3rd European Games in Krakow (POL) during official presentation in Ljubljana, Slovenia on June 6, 2023 , Slovenia on April 23, 2023\"},{\"@type\":\"BreadcrumbList\",\"@id\":\"https:\\\/\\\/novice.si\\\/page\\\/na-evropske-igre-na-poljsko-tudi-stevilni-stajerski-sportniki\\\/#breadcrumb\",\"itemListElement\":[{\"@type\":\"ListItem\",\"position\":1,\"name\":\"Home\",\"item\":\"https:\\\/\\\/novice.si\\\/page\\\/\"},{\"@type\":\"ListItem\",\"position\":2,\"name\":\"Na evropske igre na Poljsko tudi \u0161tevilni \u0161tajerski \u0161portniki\"}]},{\"@type\":\"WebSite\",\"@id\":\"https:\\\/\\\/novice.si\\\/page\\\/#website\",\"url\":\"https:\\\/\\\/novice.si\\\/page\\\/\",\"name\":\"Novice.si\",\"description\":\"\",\"publisher\":{\"@id\":\"https:\\\/\\\/novice.si\\\/page\\\/#organization\"},\"potentialAction\":[{\"@type\":\"SearchAction\",\"target\":{\"@type\":\"EntryPoint\",\"urlTemplate\":\"https:\\\/\\\/novice.si\\\/page\\\/?s={search_term_string}\"},\"query-input\":{\"@type\":\"PropertyValueSpecification\",\"valueRequired\":true,\"valueName\":\"search_term_string\"}}],\"inLanguage\":\"sl-SI\"},{\"@type\":\"Organization\",\"@id\":\"https:\\\/\\\/novice.si\\\/page\\\/#organization\",\"name\":\"Novice.si\",\"url\":\"https:\\\/\\\/novice.si\\\/page\\\/\",\"logo\":{\"@type\":\"ImageObject\",\"inLanguage\":\"sl-SI\",\"@id\":\"https:\\\/\\\/novice.si\\\/page\\\/#\\\/schema\\\/logo\\\/image\\\/\",\"url\":\"https:\\\/\\\/novice.si\\\/page\\\/wp-content\\\/uploads\\\/2023\\\/03\\\/novice_si.png\",\"contentUrl\":\"https:\\\/\\\/novice.si\\\/page\\\/wp-content\\\/uploads\\\/2023\\\/03\\\/novice_si.png\",\"width\":576,\"height\":200,\"caption\":\"Novice.si\"},\"image\":{\"@id\":\"https:\\\/\\\/novice.si\\\/page\\\/#\\\/schema\\\/logo\\\/image\\\/\"}},{\"@type\":\"Person\",\"@id\":\"https:\\\/\\\/novice.si\\\/page\\\/#\\\/schema\\\/person\\\/a877dbb8680d441357ce27663beb35ca\",\"name\":\"Uredni\u0161tvo Novic\",\"image\":{\"@type\":\"ImageObject\",\"inLanguage\":\"sl-SI\",\"@id\":\"https:\\\/\\\/secure.gravatar.com\\\/avatar\\\/f19c0ae874706cc9ba19d2f6da5f74a5a5ee7674f283fed29ce0ad16a9f1893e?s=96&d=mm&r=g\",\"url\":\"https:\\\/\\\/secure.gravatar.com\\\/avatar\\\/f19c0ae874706cc9ba19d2f6da5f74a5a5ee7674f283fed29ce0ad16a9f1893e?s=96&d=mm&r=g\",\"contentUrl\":\"https:\\\/\\\/secure.gravatar.com\\\/avatar\\\/f19c0ae874706cc9ba19d2f6da5f74a5a5ee7674f283fed29ce0ad16a9f1893e?s=96&d=mm&r=g\",\"caption\":\"Uredni\u0161tvo Novic\"},\"url\":\"https:\\\/\\\/novice.si\\\/page\\\/author\\\/jure\\\/\"}]}<\/script>\n<!-- \/ Yoast SEO plugin. -->","yoast_head_json":{"title":"Na evropske igre na Poljsko tudi \u0161tevilni \u0161tajerski \u0161portniki - Novice.si","robots":{"index":"index","follow":"follow","max-snippet":"max-snippet:-1","max-image-preview":"max-image-preview:large","max-video-preview":"max-video-preview:-1"},"canonical":"https:\/\/novice.si\/page\/na-evropske-igre-na-poljsko-tudi-stevilni-stajerski-sportniki\/","og_locale":"sl_SI","og_type":"article","og_title":"Na evropske igre na Poljsko tudi \u0161tevilni \u0161tajerski \u0161portniki - Novice.si","og_description":"Na tretjih Evropskih igrah, ki bodo med 21. junijem in 2. julijem, bo nastopil kar 137 slovenskih \u0161portnikov. Ti se bodo pomerili v 19 \u0161portnih panogah. Glavno mesto tekmovanja bo Krakov, sicer pa bodo prizori\u0161\u010da po vsej Poljski. V slovenski reprezentanci &#8211; predstavili so jo v\u010deraj, bo tudi precej \u0160tajercev. Med njimi so \u010dlani Atletskega [&hellip;]","og_url":"https:\/\/novice.si\/page\/na-evropske-igre-na-poljsko-tudi-stevilni-stajerski-sportniki\/","og_site_name":"Novice.si","article_published_time":"2023-06-07T09:47:03+00:00","og_image":[{"width":800,"height":412,"url":"https:\/\/novice.si\/page\/wp-content\/uploads\/2023\/06\/Reprezentanca-za-evropske-igre-2023-foto-Ales-Fevzer_resize.jpg","type":"image\/jpeg"}],"author":"Uredni\u0161tvo Novic","twitter_card":"summary_large_image","twitter_misc":{"Written by":"Uredni\u0161tvo Novic","Est. reading time":"2 minuti"},"schema":{"@context":"https:\/\/schema.org","@graph":[{"@type":"Article","@id":"https:\/\/novice.si\/page\/na-evropske-igre-na-poljsko-tudi-stevilni-stajerski-sportniki\/#article","isPartOf":{"@id":"https:\/\/novice.si\/page\/na-evropske-igre-na-poljsko-tudi-stevilni-stajerski-sportniki\/"},"author":{"name":"Uredni\u0161tvo Novic","@id":"https:\/\/novice.si\/page\/#\/schema\/person\/a877dbb8680d441357ce27663beb35ca"},"headline":"Na evropske igre na Poljsko tudi \u0161tevilni \u0161tajerski \u0161portniki","datePublished":"2023-06-07T09:47:03+00:00","mainEntityOfPage":{"@id":"https:\/\/novice.si\/page\/na-evropske-igre-na-poljsko-tudi-stevilni-stajerski-sportniki\/"},"wordCount":187,"publisher":{"@id":"https:\/\/novice.si\/page\/#organization"},"image":{"@id":"https:\/\/novice.si\/page\/na-evropske-igre-na-poljsko-tudi-stevilni-stajerski-sportniki\/#primaryimage"},"thumbnailUrl":"https:\/\/novice.si\/page\/wp-content\/uploads\/2023\/06\/Reprezentanca-za-evropske-igre-2023-foto-Ales-Fevzer_resize.jpg","keywords":["Evropske igre Krakov 2023"],"articleSection":["Aktualno","Bistri\u0161ko","Celjsko","Konji\u0161ko","\u0160port"],"inLanguage":"sl-SI"},{"@type":"WebPage","@id":"https:\/\/novice.si\/page\/na-evropske-igre-na-poljsko-tudi-stevilni-stajerski-sportniki\/","url":"https:\/\/novice.si\/page\/na-evropske-igre-na-poljsko-tudi-stevilni-stajerski-sportniki\/","name":"Na evropske igre na Poljsko tudi \u0161tevilni \u0161tajerski \u0161portniki - Novice.si","isPartOf":{"@id":"https:\/\/novice.si\/page\/#website"},"primaryImageOfPage":{"@id":"https:\/\/novice.si\/page\/na-evropske-igre-na-poljsko-tudi-stevilni-stajerski-sportniki\/#primaryimage"},"image":{"@id":"https:\/\/novice.si\/page\/na-evropske-igre-na-poljsko-tudi-stevilni-stajerski-sportniki\/#primaryimage"},"thumbnailUrl":"https:\/\/novice.si\/page\/wp-content\/uploads\/2023\/06\/Reprezentanca-za-evropske-igre-2023-foto-Ales-Fevzer_resize.jpg","datePublished":"2023-06-07T09:47:03+00:00","breadcrumb":{"@id":"https:\/\/novice.si\/page\/na-evropske-igre-na-poljsko-tudi-stevilni-stajerski-sportniki\/#breadcrumb"},"inLanguage":"sl-SI","potentialAction":[{"@type":"ReadAction","target":["https:\/\/novice.si\/page\/na-evropske-igre-na-poljsko-tudi-stevilni-stajerski-sportniki\/"]}]},{"@type":"ImageObject","inLanguage":"sl-SI","@id":"https:\/\/novice.si\/page\/na-evropske-igre-na-poljsko-tudi-stevilni-stajerski-sportniki\/#primaryimage","url":"https:\/\/novice.si\/page\/wp-content\/uploads\/2023\/06\/Reprezentanca-za-evropske-igre-2023-foto-Ales-Fevzer_resize.jpg","contentUrl":"https:\/\/novice.si\/page\/wp-content\/uploads\/2023\/06\/Reprezentanca-za-evropske-igre-2023-foto-Ales-Fevzer_resize.jpg","width":800,"height":412,"caption":"Team Slovenia for 3rd European Games in Krakow (POL) during official presentation in Ljubljana, Slovenia on June 6, 2023 , Slovenia on April 23, 2023"},{"@type":"BreadcrumbList","@id":"https:\/\/novice.si\/page\/na-evropske-igre-na-poljsko-tudi-stevilni-stajerski-sportniki\/#breadcrumb","itemListElement":[{"@type":"ListItem","position":1,"name":"Home","item":"https:\/\/novice.si\/page\/"},{"@type":"ListItem","position":2,"name":"Na evropske igre na Poljsko tudi \u0161tevilni \u0161tajerski \u0161portniki"}]},{"@type":"WebSite","@id":"https:\/\/novice.si\/page\/#website","url":"https:\/\/novice.si\/page\/","name":"Novice.si","description":"","publisher":{"@id":"https:\/\/novice.si\/page\/#organization"},"potentialAction":[{"@type":"SearchAction","target":{"@type":"EntryPoint","urlTemplate":"https:\/\/novice.si\/page\/?s={search_term_string}"},"query-input":{"@type":"PropertyValueSpecification","valueRequired":true,"valueName":"search_term_string"}}],"inLanguage":"sl-SI"},{"@type":"Organization","@id":"https:\/\/novice.si\/page\/#organization","name":"Novice.si","url":"https:\/\/novice.si\/page\/","logo":{"@type":"ImageObject","inLanguage":"sl-SI","@id":"https:\/\/novice.si\/page\/#\/schema\/logo\/image\/","url":"https:\/\/novice.si\/page\/wp-content\/uploads\/2023\/03\/novice_si.png","contentUrl":"https:\/\/novice.si\/page\/wp-content\/uploads\/2023\/03\/novice_si.png","width":576,"height":200,"caption":"Novice.si"},"image":{"@id":"https:\/\/novice.si\/page\/#\/schema\/logo\/image\/"}},{"@type":"Person","@id":"https:\/\/novice.si\/page\/#\/schema\/person\/a877dbb8680d441357ce27663beb35ca","name":"Uredni\u0161tvo Novic","image":{"@type":"ImageObject","inLanguage":"sl-SI","@id":"https:\/\/secure.gravatar.com\/avatar\/f19c0ae874706cc9ba19d2f6da5f74a5a5ee7674f283fed29ce0ad16a9f1893e?s=96&d=mm&r=g","url":"https:\/\/secure.gravatar.com\/avatar\/f19c0ae874706cc9ba19d2f6da5f74a5a5ee7674f283fed29ce0ad16a9f1893e?s=96&d=mm&r=g","contentUrl":"https:\/\/secure.gravatar.com\/avatar\/f19c0ae874706cc9ba19d2f6da5f74a5a5ee7674f283fed29ce0ad16a9f1893e?s=96&d=mm&r=g","caption":"Uredni\u0161tvo Novic"},"url":"https:\/\/novice.si\/page\/author\/jure\/"}]}},"_links":{"self":[{"href":"https:\/\/novice.si\/page\/wp-json\/wp\/v2\/posts\/163584","targetHints":{"allow":["GET"]}}],"collection":[{"href":"https:\/\/novice.si\/page\/wp-json\/wp\/v2\/posts"}],"about":[{"href":"https:\/\/novice.si\/page\/wp-json\/wp\/v2\/types\/post"}],"author":[{"embeddable":true,"href":"https:\/\/novice.si\/page\/wp-json\/wp\/v2\/users\/7"}],"replies":[{"embeddable":true,"href":"https:\/\/novice.si\/page\/wp-json\/wp\/v2\/comments?post=163584"}],"version-history":[{"count":1,"href":"https:\/\/novice.si\/page\/wp-json\/wp\/v2\/posts\/163584\/revisions"}],"predecessor-version":[{"id":163586,"href":"https:\/\/novice.si\/page\/wp-json\/wp\/v2\/posts\/163584\/revisions\/163586"}],"wp:featuredmedia":[{"embeddable":true,"href":"https:\/\/novice.si\/page\/wp-json\/wp\/v2\/media\/163585"}],"wp:attachment":[{"href":"https:\/\/novice.si\/page\/wp-json\/wp\/v2\/media?parent=163584"}],"wp:term":[{"taxonomy":"category","embeddable":true,"href":"https:\/\/novice.si\/page\/wp-json\/wp\/v2\/categories?post=163584"},{"taxonomy":"post_tag","embeddable":true,"href":"https:\/\/novice.si\/page\/wp-json\/wp\/v2\/tags?post=163584"}],"curies":[{"name":"wp","href":"https:\/\/api.w.org\/{rel}","templated":true}]}}