{"id":163523,"date":"2023-06-05T16:53:25","date_gmt":"2023-06-05T14:53:25","guid":{"rendered":"https:\/\/novice.si\/page\/?p=163523"},"modified":"2023-06-05T18:15:25","modified_gmt":"2023-06-05T16:15:25","slug":"celje-abramov-ze-s-cetrtim-odvetnikom-a-imel-bi-se-petega","status":"publish","type":"post","link":"https:\/\/novice.si\/page\/celje-abramov-ze-s-cetrtim-odvetnikom-a-imel-bi-se-petega\/","title":{"rendered":"CELJE Abramov \u017ee s petim odvetnikom, a imel bi \u0161e \u0161estega"},"content":{"rendered":"<p>Celjsko sodi\u0161\u010de je zaradi dodatnih zapletov na sojenju 33-letnemu <strong>Sebastienu Abramovu <\/strong>preklicalo \u017ee razpisane \u0161tiri naroke in za nadaljevanje sojenja za umor <strong>Sare Veber<\/strong> leta <img loading=\"lazy\" decoding=\"async\" class=\"wp-image-163524 alignleft\" src=\"https:\/\/novice.si\/page\/wp-content\/uploads\/2023\/06\/odvetnik-Dusan-Tanko-2.jpg\" alt=\"\" width=\"341\" height=\"329\" srcset=\"https:\/\/novice.si\/page\/wp-content\/uploads\/2023\/06\/odvetnik-Dusan-Tanko-2.jpg 488w, https:\/\/novice.si\/page\/wp-content\/uploads\/2023\/06\/odvetnik-Dusan-Tanko-2-435x420.jpg 435w, https:\/\/novice.si\/page\/wp-content\/uploads\/2023\/06\/odvetnik-Dusan-Tanko-2-24x24.jpg 24w, https:\/\/novice.si\/page\/wp-content\/uploads\/2023\/06\/odvetnik-Dusan-Tanko-2-36x36.jpg 36w, https:\/\/novice.si\/page\/wp-content\/uploads\/2023\/06\/odvetnik-Dusan-Tanko-2-48x46.jpg 48w\" sizes=\"auto, (max-width: 341px) 100vw, 341px\" \/>2015 dolo\u010dilo 19. junij.<\/p>\n<p>Obto\u017eenemu je zaradi zdravstvenih razlogov namre\u010d preklical pooblastilo odvetnik <strong>Michael Rotterj<\/strong>, zato mu je sodi\u0161\u010de dodelilo zagovornika po uradni dol\u017enosti \u2013 izku\u0161enega celjskega odvetnika <strong>Du\u0161ana Tanka <\/strong>(na sliki), saj si obto\u017eeni v predvidenem \u010dasu po programu brezpla\u010dne pravne pomo\u010di ni novega izbral sam.<\/p>\n<p>Abramov je uporabil oro\u017eje, ki ga \u0161e ima na voljo in takti\u010dno zamenjal zadnjega zagovornika. Sodnici <strong>Marjani Topolovec Dolin\u0161ek<\/strong> je dejal, da z novim odvetnikom ne more vzpostaviti zaupanja, zato ne \u017eeli, da bi ga zagovarjal, saj si bo sam izbral nekoga. Trenutno se odlo\u010da med dvema.<\/p>\n<p>Predsednica sodi\u0161\u010da je zavrnila Abramovo zahtevo, saj da pri Tanku ne gre za opu\u0161\u010danje dol\u017enosti, a ker je pri\u010dakovati prito\u017ebo na sklep na vi\u0161je sodi\u0161\u010de, morajo po\u010dakati do 13. junija.<\/p>\n<p>Ljubljan\u010danu, znanemu predvsem po aferi \u00bbodrezana roka\u00ab z <strong>Julijo Adle\u0161i\u010d<\/strong>, grozi najvi\u0161ja zaporna kazen, priporni razlogi v tej zadevi pa mu pote\u010dejo konec julija.<\/p>\n<p>P\u0160<\/p>\n","protected":false},"excerpt":{"rendered":"<p>Celjsko sodi\u0161\u010de je zaradi dodatnih zapletov na sojenju 33-letnemu Sebastienu Abramovu preklicalo \u017ee razpisane \u0161tiri naroke in za nadaljevanje sojenja za umor Sare Veber leta 2015 dolo\u010dilo 19. junij. Obto\u017eenemu je zaradi zdravstvenih razlogov namre\u010d preklical pooblastilo odvetnik Michael Rotterj, zato mu je sodi\u0161\u010de dodelilo zagovornika po uradni dol\u017enosti \u2013 izku\u0161enega celjskega odvetnika Du\u0161ana Tanka [&hellip;]<\/p>\n","protected":false},"author":33,"featured_media":158756,"comment_status":"closed","ping_status":"closed","sticky":false,"template":"","format":"standard","meta":{"footnotes":""},"categories":[14,17,29],"tags":[8086,16119,4648,4931,356,1488],"class_list":{"0":"post-163523","1":"post","2":"type-post","3":"status-publish","4":"format-standard","5":"has-post-thumbnail","7":"category-aktualno","8":"category-celjsko","9":"category-kronika","10":"tag-dusan-tanko","11":"tag-michael-rotter","12":"tag-sara-veber","13":"tag-sebastien-abranov","14":"tag-sojenje","15":"tag-umor"},"yoast_head":"<!-- This site is optimized with the Yoast SEO plugin v27.4 - https:\/\/yoast.com\/product\/yoast-seo-wordpress\/ -->\n<title>CELJE Abramov \u017ee s petim odvetnikom, a imel bi \u0161e \u0161estega - Novice.si<\/title>\n<meta name=\"robots\" content=\"index, follow, max-snippet:-1, max-image-preview:large, max-video-preview:-1\" \/>\n<link rel=\"canonical\" href=\"https:\/\/novice.si\/page\/celje-abramov-ze-s-cetrtim-odvetnikom-a-imel-bi-se-petega\/\" \/>\n<meta property=\"og:locale\" content=\"sl_SI\" \/>\n<meta property=\"og:type\" content=\"article\" \/>\n<meta property=\"og:title\" content=\"CELJE Abramov \u017ee s petim odvetnikom, a imel bi \u0161e \u0161estega - Novice.si\" \/>\n<meta property=\"og:description\" content=\"Celjsko sodi\u0161\u010de je zaradi dodatnih zapletov na sojenju 33-letnemu Sebastienu Abramovu preklicalo \u017ee razpisane \u0161tiri naroke in za nadaljevanje sojenja za umor Sare Veber leta 2015 dolo\u010dilo 19. junij. Obto\u017eenemu je zaradi zdravstvenih razlogov namre\u010d preklical pooblastilo odvetnik Michael Rotterj, zato mu je sodi\u0161\u010de dodelilo zagovornika po uradni dol\u017enosti \u2013 izku\u0161enega celjskega odvetnika Du\u0161ana Tanka [&hellip;]\" \/>\n<meta property=\"og:url\" content=\"https:\/\/novice.si\/page\/celje-abramov-ze-s-cetrtim-odvetnikom-a-imel-bi-se-petega\/\" \/>\n<meta property=\"og:site_name\" content=\"Novice.si\" \/>\n<meta property=\"article:published_time\" content=\"2023-06-05T14:53:25+00:00\" \/>\n<meta property=\"article:modified_time\" content=\"2023-06-05T16:15:25+00:00\" \/>\n<meta property=\"og:image\" content=\"https:\/\/novice.si\/page\/wp-content\/uploads\/2023\/01\/abramov-jan23-1-scaled.jpg\" \/>\n\t<meta property=\"og:image:width\" content=\"2560\" \/>\n\t<meta property=\"og:image:height\" content=\"1920\" \/>\n\t<meta property=\"og:image:type\" content=\"image\/jpeg\" \/>\n<meta name=\"author\" content=\"Uredni\u0161tvo Celjana\" \/>\n<meta name=\"twitter:card\" content=\"summary_large_image\" \/>\n<meta name=\"twitter:label1\" content=\"Written by\" \/>\n\t<meta name=\"twitter:data1\" content=\"Uredni\u0161tvo Celjana\" \/>\n\t<meta name=\"twitter:label2\" content=\"Est. reading time\" \/>\n\t<meta name=\"twitter:data2\" content=\"2 minuti\" \/>\n<script type=\"application\/ld+json\" class=\"yoast-schema-graph\">{\"@context\":\"https:\\\/\\\/schema.org\",\"@graph\":[{\"@type\":\"Article\",\"@id\":\"https:\\\/\\\/novice.si\\\/page\\\/celje-abramov-ze-s-cetrtim-odvetnikom-a-imel-bi-se-petega\\\/#article\",\"isPartOf\":{\"@id\":\"https:\\\/\\\/novice.si\\\/page\\\/celje-abramov-ze-s-cetrtim-odvetnikom-a-imel-bi-se-petega\\\/\"},\"author\":{\"name\":\"Uredni\u0161tvo Celjana\",\"@id\":\"https:\\\/\\\/novice.si\\\/page\\\/#\\\/schema\\\/person\\\/57f25c9642a9541c7349c65d32032c3e\"},\"headline\":\"CELJE Abramov \u017ee s petim odvetnikom, a imel bi \u0161e \u0161estega\",\"datePublished\":\"2023-06-05T14:53:25+00:00\",\"dateModified\":\"2023-06-05T16:15:25+00:00\",\"mainEntityOfPage\":{\"@id\":\"https:\\\/\\\/novice.si\\\/page\\\/celje-abramov-ze-s-cetrtim-odvetnikom-a-imel-bi-se-petega\\\/\"},\"wordCount\":207,\"publisher\":{\"@id\":\"https:\\\/\\\/novice.si\\\/page\\\/#organization\"},\"image\":{\"@id\":\"https:\\\/\\\/novice.si\\\/page\\\/celje-abramov-ze-s-cetrtim-odvetnikom-a-imel-bi-se-petega\\\/#primaryimage\"},\"thumbnailUrl\":\"https:\\\/\\\/novice.si\\\/page\\\/wp-content\\\/uploads\\\/2023\\\/01\\\/abramov-jan23-1-scaled.jpg\",\"keywords\":[\"du\u0161an tanko\",\"michael rotter\",\"sara veber\",\"Sebastien Abranov\",\"sojenje\",\"umor\"],\"articleSection\":[\"Aktualno\",\"Celjsko\",\"Kronika\"],\"inLanguage\":\"sl-SI\"},{\"@type\":\"WebPage\",\"@id\":\"https:\\\/\\\/novice.si\\\/page\\\/celje-abramov-ze-s-cetrtim-odvetnikom-a-imel-bi-se-petega\\\/\",\"url\":\"https:\\\/\\\/novice.si\\\/page\\\/celje-abramov-ze-s-cetrtim-odvetnikom-a-imel-bi-se-petega\\\/\",\"name\":\"CELJE Abramov \u017ee s petim odvetnikom, a imel bi \u0161e \u0161estega - Novice.si\",\"isPartOf\":{\"@id\":\"https:\\\/\\\/novice.si\\\/page\\\/#website\"},\"primaryImageOfPage\":{\"@id\":\"https:\\\/\\\/novice.si\\\/page\\\/celje-abramov-ze-s-cetrtim-odvetnikom-a-imel-bi-se-petega\\\/#primaryimage\"},\"image\":{\"@id\":\"https:\\\/\\\/novice.si\\\/page\\\/celje-abramov-ze-s-cetrtim-odvetnikom-a-imel-bi-se-petega\\\/#primaryimage\"},\"thumbnailUrl\":\"https:\\\/\\\/novice.si\\\/page\\\/wp-content\\\/uploads\\\/2023\\\/01\\\/abramov-jan23-1-scaled.jpg\",\"datePublished\":\"2023-06-05T14:53:25+00:00\",\"dateModified\":\"2023-06-05T16:15:25+00:00\",\"breadcrumb\":{\"@id\":\"https:\\\/\\\/novice.si\\\/page\\\/celje-abramov-ze-s-cetrtim-odvetnikom-a-imel-bi-se-petega\\\/#breadcrumb\"},\"inLanguage\":\"sl-SI\",\"potentialAction\":[{\"@type\":\"ReadAction\",\"target\":[\"https:\\\/\\\/novice.si\\\/page\\\/celje-abramov-ze-s-cetrtim-odvetnikom-a-imel-bi-se-petega\\\/\"]}]},{\"@type\":\"ImageObject\",\"inLanguage\":\"sl-SI\",\"@id\":\"https:\\\/\\\/novice.si\\\/page\\\/celje-abramov-ze-s-cetrtim-odvetnikom-a-imel-bi-se-petega\\\/#primaryimage\",\"url\":\"https:\\\/\\\/novice.si\\\/page\\\/wp-content\\\/uploads\\\/2023\\\/01\\\/abramov-jan23-1-scaled.jpg\",\"contentUrl\":\"https:\\\/\\\/novice.si\\\/page\\\/wp-content\\\/uploads\\\/2023\\\/01\\\/abramov-jan23-1-scaled.jpg\",\"width\":2560,\"height\":1920},{\"@type\":\"BreadcrumbList\",\"@id\":\"https:\\\/\\\/novice.si\\\/page\\\/celje-abramov-ze-s-cetrtim-odvetnikom-a-imel-bi-se-petega\\\/#breadcrumb\",\"itemListElement\":[{\"@type\":\"ListItem\",\"position\":1,\"name\":\"Home\",\"item\":\"https:\\\/\\\/novice.si\\\/page\\\/\"},{\"@type\":\"ListItem\",\"position\":2,\"name\":\"CELJE Abramov \u017ee s petim odvetnikom, a imel bi \u0161e \u0161estega\"}]},{\"@type\":\"WebSite\",\"@id\":\"https:\\\/\\\/novice.si\\\/page\\\/#website\",\"url\":\"https:\\\/\\\/novice.si\\\/page\\\/\",\"name\":\"Novice.si\",\"description\":\"\",\"publisher\":{\"@id\":\"https:\\\/\\\/novice.si\\\/page\\\/#organization\"},\"potentialAction\":[{\"@type\":\"SearchAction\",\"target\":{\"@type\":\"EntryPoint\",\"urlTemplate\":\"https:\\\/\\\/novice.si\\\/page\\\/?s={search_term_string}\"},\"query-input\":{\"@type\":\"PropertyValueSpecification\",\"valueRequired\":true,\"valueName\":\"search_term_string\"}}],\"inLanguage\":\"sl-SI\"},{\"@type\":\"Organization\",\"@id\":\"https:\\\/\\\/novice.si\\\/page\\\/#organization\",\"name\":\"Novice.si\",\"url\":\"https:\\\/\\\/novice.si\\\/page\\\/\",\"logo\":{\"@type\":\"ImageObject\",\"inLanguage\":\"sl-SI\",\"@id\":\"https:\\\/\\\/novice.si\\\/page\\\/#\\\/schema\\\/logo\\\/image\\\/\",\"url\":\"https:\\\/\\\/novice.si\\\/page\\\/wp-content\\\/uploads\\\/2023\\\/03\\\/novice_si.png\",\"contentUrl\":\"https:\\\/\\\/novice.si\\\/page\\\/wp-content\\\/uploads\\\/2023\\\/03\\\/novice_si.png\",\"width\":576,\"height\":200,\"caption\":\"Novice.si\"},\"image\":{\"@id\":\"https:\\\/\\\/novice.si\\\/page\\\/#\\\/schema\\\/logo\\\/image\\\/\"}},{\"@type\":\"Person\",\"@id\":\"https:\\\/\\\/novice.si\\\/page\\\/#\\\/schema\\\/person\\\/57f25c9642a9541c7349c65d32032c3e\",\"name\":\"Uredni\u0161tvo Celjana\",\"image\":{\"@type\":\"ImageObject\",\"inLanguage\":\"sl-SI\",\"@id\":\"https:\\\/\\\/secure.gravatar.com\\\/avatar\\\/78e52bc4279b65f6df6345e0ef0f7b792d361361f230cf4ffecfe0afe6d5629c?s=96&d=mm&r=g\",\"url\":\"https:\\\/\\\/secure.gravatar.com\\\/avatar\\\/78e52bc4279b65f6df6345e0ef0f7b792d361361f230cf4ffecfe0afe6d5629c?s=96&d=mm&r=g\",\"contentUrl\":\"https:\\\/\\\/secure.gravatar.com\\\/avatar\\\/78e52bc4279b65f6df6345e0ef0f7b792d361361f230cf4ffecfe0afe6d5629c?s=96&d=mm&r=g\",\"caption\":\"Uredni\u0161tvo Celjana\"},\"url\":\"https:\\\/\\\/novice.si\\\/page\\\/author\\\/primoz\\\/\"}]}<\/script>\n<!-- \/ Yoast SEO plugin. -->","yoast_head_json":{"title":"CELJE Abramov \u017ee s petim odvetnikom, a imel bi \u0161e \u0161estega - Novice.si","robots":{"index":"index","follow":"follow","max-snippet":"max-snippet:-1","max-image-preview":"max-image-preview:large","max-video-preview":"max-video-preview:-1"},"canonical":"https:\/\/novice.si\/page\/celje-abramov-ze-s-cetrtim-odvetnikom-a-imel-bi-se-petega\/","og_locale":"sl_SI","og_type":"article","og_title":"CELJE Abramov \u017ee s petim odvetnikom, a imel bi \u0161e \u0161estega - Novice.si","og_description":"Celjsko sodi\u0161\u010de je zaradi dodatnih zapletov na sojenju 33-letnemu Sebastienu Abramovu preklicalo \u017ee razpisane \u0161tiri naroke in za nadaljevanje sojenja za umor Sare Veber leta 2015 dolo\u010dilo 19. junij. Obto\u017eenemu je zaradi zdravstvenih razlogov namre\u010d preklical pooblastilo odvetnik Michael Rotterj, zato mu je sodi\u0161\u010de dodelilo zagovornika po uradni dol\u017enosti \u2013 izku\u0161enega celjskega odvetnika Du\u0161ana Tanka [&hellip;]","og_url":"https:\/\/novice.si\/page\/celje-abramov-ze-s-cetrtim-odvetnikom-a-imel-bi-se-petega\/","og_site_name":"Novice.si","article_published_time":"2023-06-05T14:53:25+00:00","article_modified_time":"2023-06-05T16:15:25+00:00","og_image":[{"width":2560,"height":1920,"url":"https:\/\/novice.si\/page\/wp-content\/uploads\/2023\/01\/abramov-jan23-1-scaled.jpg","type":"image\/jpeg"}],"author":"Uredni\u0161tvo Celjana","twitter_card":"summary_large_image","twitter_misc":{"Written by":"Uredni\u0161tvo Celjana","Est. reading time":"2 minuti"},"schema":{"@context":"https:\/\/schema.org","@graph":[{"@type":"Article","@id":"https:\/\/novice.si\/page\/celje-abramov-ze-s-cetrtim-odvetnikom-a-imel-bi-se-petega\/#article","isPartOf":{"@id":"https:\/\/novice.si\/page\/celje-abramov-ze-s-cetrtim-odvetnikom-a-imel-bi-se-petega\/"},"author":{"name":"Uredni\u0161tvo Celjana","@id":"https:\/\/novice.si\/page\/#\/schema\/person\/57f25c9642a9541c7349c65d32032c3e"},"headline":"CELJE Abramov \u017ee s petim odvetnikom, a imel bi \u0161e \u0161estega","datePublished":"2023-06-05T14:53:25+00:00","dateModified":"2023-06-05T16:15:25+00:00","mainEntityOfPage":{"@id":"https:\/\/novice.si\/page\/celje-abramov-ze-s-cetrtim-odvetnikom-a-imel-bi-se-petega\/"},"wordCount":207,"publisher":{"@id":"https:\/\/novice.si\/page\/#organization"},"image":{"@id":"https:\/\/novice.si\/page\/celje-abramov-ze-s-cetrtim-odvetnikom-a-imel-bi-se-petega\/#primaryimage"},"thumbnailUrl":"https:\/\/novice.si\/page\/wp-content\/uploads\/2023\/01\/abramov-jan23-1-scaled.jpg","keywords":["du\u0161an tanko","michael rotter","sara veber","Sebastien Abranov","sojenje","umor"],"articleSection":["Aktualno","Celjsko","Kronika"],"inLanguage":"sl-SI"},{"@type":"WebPage","@id":"https:\/\/novice.si\/page\/celje-abramov-ze-s-cetrtim-odvetnikom-a-imel-bi-se-petega\/","url":"https:\/\/novice.si\/page\/celje-abramov-ze-s-cetrtim-odvetnikom-a-imel-bi-se-petega\/","name":"CELJE Abramov \u017ee s petim odvetnikom, a imel bi \u0161e \u0161estega - Novice.si","isPartOf":{"@id":"https:\/\/novice.si\/page\/#website"},"primaryImageOfPage":{"@id":"https:\/\/novice.si\/page\/celje-abramov-ze-s-cetrtim-odvetnikom-a-imel-bi-se-petega\/#primaryimage"},"image":{"@id":"https:\/\/novice.si\/page\/celje-abramov-ze-s-cetrtim-odvetnikom-a-imel-bi-se-petega\/#primaryimage"},"thumbnailUrl":"https:\/\/novice.si\/page\/wp-content\/uploads\/2023\/01\/abramov-jan23-1-scaled.jpg","datePublished":"2023-06-05T14:53:25+00:00","dateModified":"2023-06-05T16:15:25+00:00","breadcrumb":{"@id":"https:\/\/novice.si\/page\/celje-abramov-ze-s-cetrtim-odvetnikom-a-imel-bi-se-petega\/#breadcrumb"},"inLanguage":"sl-SI","potentialAction":[{"@type":"ReadAction","target":["https:\/\/novice.si\/page\/celje-abramov-ze-s-cetrtim-odvetnikom-a-imel-bi-se-petega\/"]}]},{"@type":"ImageObject","inLanguage":"sl-SI","@id":"https:\/\/novice.si\/page\/celje-abramov-ze-s-cetrtim-odvetnikom-a-imel-bi-se-petega\/#primaryimage","url":"https:\/\/novice.si\/page\/wp-content\/uploads\/2023\/01\/abramov-jan23-1-scaled.jpg","contentUrl":"https:\/\/novice.si\/page\/wp-content\/uploads\/2023\/01\/abramov-jan23-1-scaled.jpg","width":2560,"height":1920},{"@type":"BreadcrumbList","@id":"https:\/\/novice.si\/page\/celje-abramov-ze-s-cetrtim-odvetnikom-a-imel-bi-se-petega\/#breadcrumb","itemListElement":[{"@type":"ListItem","position":1,"name":"Home","item":"https:\/\/novice.si\/page\/"},{"@type":"ListItem","position":2,"name":"CELJE Abramov \u017ee s petim odvetnikom, a imel bi \u0161e \u0161estega"}]},{"@type":"WebSite","@id":"https:\/\/novice.si\/page\/#website","url":"https:\/\/novice.si\/page\/","name":"Novice.si","description":"","publisher":{"@id":"https:\/\/novice.si\/page\/#organization"},"potentialAction":[{"@type":"SearchAction","target":{"@type":"EntryPoint","urlTemplate":"https:\/\/novice.si\/page\/?s={search_term_string}"},"query-input":{"@type":"PropertyValueSpecification","valueRequired":true,"valueName":"search_term_string"}}],"inLanguage":"sl-SI"},{"@type":"Organization","@id":"https:\/\/novice.si\/page\/#organization","name":"Novice.si","url":"https:\/\/novice.si\/page\/","logo":{"@type":"ImageObject","inLanguage":"sl-SI","@id":"https:\/\/novice.si\/page\/#\/schema\/logo\/image\/","url":"https:\/\/novice.si\/page\/wp-content\/uploads\/2023\/03\/novice_si.png","contentUrl":"https:\/\/novice.si\/page\/wp-content\/uploads\/2023\/03\/novice_si.png","width":576,"height":200,"caption":"Novice.si"},"image":{"@id":"https:\/\/novice.si\/page\/#\/schema\/logo\/image\/"}},{"@type":"Person","@id":"https:\/\/novice.si\/page\/#\/schema\/person\/57f25c9642a9541c7349c65d32032c3e","name":"Uredni\u0161tvo Celjana","image":{"@type":"ImageObject","inLanguage":"sl-SI","@id":"https:\/\/secure.gravatar.com\/avatar\/78e52bc4279b65f6df6345e0ef0f7b792d361361f230cf4ffecfe0afe6d5629c?s=96&d=mm&r=g","url":"https:\/\/secure.gravatar.com\/avatar\/78e52bc4279b65f6df6345e0ef0f7b792d361361f230cf4ffecfe0afe6d5629c?s=96&d=mm&r=g","contentUrl":"https:\/\/secure.gravatar.com\/avatar\/78e52bc4279b65f6df6345e0ef0f7b792d361361f230cf4ffecfe0afe6d5629c?s=96&d=mm&r=g","caption":"Uredni\u0161tvo Celjana"},"url":"https:\/\/novice.si\/page\/author\/primoz\/"}]}},"_links":{"self":[{"href":"https:\/\/novice.si\/page\/wp-json\/wp\/v2\/posts\/163523","targetHints":{"allow":["GET"]}}],"collection":[{"href":"https:\/\/novice.si\/page\/wp-json\/wp\/v2\/posts"}],"about":[{"href":"https:\/\/novice.si\/page\/wp-json\/wp\/v2\/types\/post"}],"author":[{"embeddable":true,"href":"https:\/\/novice.si\/page\/wp-json\/wp\/v2\/users\/33"}],"replies":[{"embeddable":true,"href":"https:\/\/novice.si\/page\/wp-json\/wp\/v2\/comments?post=163523"}],"version-history":[{"count":4,"href":"https:\/\/novice.si\/page\/wp-json\/wp\/v2\/posts\/163523\/revisions"}],"predecessor-version":[{"id":163538,"href":"https:\/\/novice.si\/page\/wp-json\/wp\/v2\/posts\/163523\/revisions\/163538"}],"wp:featuredmedia":[{"embeddable":true,"href":"https:\/\/novice.si\/page\/wp-json\/wp\/v2\/media\/158756"}],"wp:attachment":[{"href":"https:\/\/novice.si\/page\/wp-json\/wp\/v2\/media?parent=163523"}],"wp:term":[{"taxonomy":"category","embeddable":true,"href":"https:\/\/novice.si\/page\/wp-json\/wp\/v2\/categories?post=163523"},{"taxonomy":"post_tag","embeddable":true,"href":"https:\/\/novice.si\/page\/wp-json\/wp\/v2\/tags?post=163523"}],"curies":[{"name":"wp","href":"https:\/\/api.w.org\/{rel}","templated":true}]}}