{"id":163502,"date":"2023-06-05T11:34:23","date_gmt":"2023-06-05T09:34:23","guid":{"rendered":"https:\/\/novice.si\/page\/?p=163502"},"modified":"2023-06-05T11:34:23","modified_gmt":"2023-06-05T09:34:23","slug":"celje-razstava-viktorja-povseta-ob-90-letnici","status":"publish","type":"post","link":"https:\/\/novice.si\/page\/celje-razstava-viktorja-povseta-ob-90-letnici\/","title":{"rendered":"Celje: razstava Viktorja Pov\u0161eta ob 90-letnici"},"content":{"rendered":"<p><strong>Ta konec tedna bodo v Kvartirni hi\u0161i v Celju odprli razstavo akademskega slikarja in konservatorja specialista Celjana Viktorja Pov\u0161eta ob njegovi 90-letnici. Ve\u010dkrat nagrajeni avtor je med drugim tudi Naj Celjan za \u017eivljenjsko delo Mestnega \u010dasopisa Celjan iz leta 2016.<\/strong><\/p>\n<figure id=\"attachment_163505\" aria-describedby=\"caption-attachment-163505\" style=\"width: 696px\" class=\"wp-caption alignnone\"><img loading=\"lazy\" decoding=\"async\" class=\"wp-image-163505 size-large\" src=\"https:\/\/novice.si\/page\/wp-content\/uploads\/2023\/06\/povse-1024x719.jpg\" alt=\"\" width=\"696\" height=\"489\" srcset=\"https:\/\/novice.si\/page\/wp-content\/uploads\/2023\/06\/povse-1024x719.jpg 1024w, https:\/\/novice.si\/page\/wp-content\/uploads\/2023\/06\/povse-600x421.jpg 600w, https:\/\/novice.si\/page\/wp-content\/uploads\/2023\/06\/povse-768x539.jpg 768w, https:\/\/novice.si\/page\/wp-content\/uploads\/2023\/06\/povse-100x70.jpg 100w, https:\/\/novice.si\/page\/wp-content\/uploads\/2023\/06\/povse-696x489.jpg 696w, https:\/\/novice.si\/page\/wp-content\/uploads\/2023\/06\/povse-1068x750.jpg 1068w, https:\/\/novice.si\/page\/wp-content\/uploads\/2023\/06\/povse-598x420.jpg 598w, https:\/\/novice.si\/page\/wp-content\/uploads\/2023\/06\/povse-24x17.jpg 24w, https:\/\/novice.si\/page\/wp-content\/uploads\/2023\/06\/povse-36x25.jpg 36w, https:\/\/novice.si\/page\/wp-content\/uploads\/2023\/06\/povse-48x34.jpg 48w, https:\/\/novice.si\/page\/wp-content\/uploads\/2023\/06\/povse.jpg 1280w\" sizes=\"auto, (max-width: 696px) 100vw, 696px\" \/><figcaption id=\"caption-attachment-163505\" class=\"wp-caption-text\">Viktor Pov\u0161e ob prejemu naziva Naj celjan 2016.<\/figcaption><\/figure>\n<p>Umetnik je s svojim umetni\u0161kim darom in vrhunsko natan\u010dnostjo Celju zapustil izjemen umetni\u0161ki opus \u2013 v obliki restavriranih oljnih slik, fresk in kipov. Te najdemo v Pokrajinskem muzeju Celje, celjskih Kapucinskem samostanu in cerkvah sv. Daniela in Marijinega vnebovzetja.<\/p>\n<p>Najpomembnej\u0161e restavratorske posege je Pov\u0161e opravil v cerkvah Sv. Danijela in Marijinega vnebovzetja. Leta 1967 je prevzel v restavriranje dragoceni kamniti kip \u017dalostne Matere Bo\u017eje, ki je bil sedemkrat preslikan. Obnovljeno delo je bilo l. 1972 na razstavi v Salzburgu in leto kasneje v Parizu in je prejelo mednarodno priznanje kot najbolje ohranjena originalna polihromacija v Evropi.<br \/>\nLeta 1968 je za\u010del z restavratorskim delom v Kapeli \u017dalostne Matere Bo\u017eje in po dobrem letu dela odkril freske evropske kvalitete na rebrastem stropu izpod desetih bele\u017eev, \u010deprav je bilo mnenje uglednih strokovnjakov, da je delo nemogo\u010de izvesti. To je bil \u0161ele za\u010detek, saj je v bodo\u010dih 18 letih restavriral v tej cerkvi vse, kar je bilo mogo\u010de.<br \/>\nPosebej zahteven projekt pa je mojster izvedel v cerkvi Marijinega vnebovzetja, kjer je 90 kvadratnih metrov veliko fresko razkosal na 63 delov in jo po dveh letih in pol obnove vrnil na obnovljeno steno. Strokovno in tehni\u010dno tako zahtevnega posega v Sloveniji ni opravil \u0161e nih\u010de.<br \/>\nViktor Pov\u0161e je slovensko javnost osupnil in nadvse navdu\u0161il tudi, ko je pred slabim dese<\/p>\n<figure id=\"attachment_163504\" aria-describedby=\"caption-attachment-163504\" style=\"width: 150px\" class=\"wp-caption alignleft\"><img loading=\"lazy\" decoding=\"async\" class=\"wp-image-163504 size-thumbnail\" src=\"https:\/\/novice.si\/page\/wp-content\/uploads\/2023\/06\/julija-150x150.jpg\" alt=\"\" width=\"150\" height=\"150\" \/><figcaption id=\"caption-attachment-163504\" class=\"wp-caption-text\">Primi\u010deva Julija, Langus<\/figcaption><\/figure>\n<p>tletjem pod\u00a0 sliko Marije Magdalene je s preciznim o\u010desom in ve\u010dletno vztrajnostjo odkril skrito Primi\u010devo Julijo; \u0161ele tretji portret muze na\u0161ega najve\u010djega pesnika, delo slikarja Matev\u017ea Langusa.<\/p>\n<p>Razstava v Kvartirni hi\u0161i na Gosposki v Celju, ki je odprta od torka do petka med 16.00 in 19.00, bo na ogled do 31. julija.<\/p>\n<p>Morda vas bo zanimalo tudi: <a href=\"https:\/\/novice.si\/page\/tako-smo-razglasili-naj-celjana\/\">https:\/\/novice.si\/page\/tako-smo-razglasili-naj-celjana\/<\/a><\/p>\n<p>&nbsp;<\/p>\n","protected":false},"excerpt":{"rendered":"<p>Ta konec tedna bodo v Kvartirni hi\u0161i v Celju odprli razstavo akademskega slikarja in konservatorja specialista Celjana Viktorja Pov\u0161eta ob njegovi 90-letnici. Ve\u010dkrat nagrajeni avtor je med drugim tudi Naj Celjan za \u017eivljenjsko delo Mestnega \u010dasopisa Celjan iz leta 2016. Umetnik je s svojim umetni\u0161kim darom in vrhunsko natan\u010dnostjo Celju zapustil izjemen umetni\u0161ki opus \u2013 [&hellip;]<\/p>\n","protected":false},"author":5,"featured_media":163505,"comment_status":"closed","ping_status":"closed","sticky":false,"template":"","format":"standard","meta":{"footnotes":""},"categories":[17,15,1],"tags":[17996],"class_list":{"0":"post-163502","1":"post","2":"type-post","3":"status-publish","4":"format-standard","5":"has-post-thumbnail","7":"category-celjsko","8":"category-druzabno","9":"category-nekategorizirano","10":"tag-viktor-povse"},"yoast_head":"<!-- This site is optimized with the Yoast SEO plugin v27.4 - https:\/\/yoast.com\/product\/yoast-seo-wordpress\/ -->\n<title>Celje: razstava Viktorja Pov\u0161eta ob 90-letnici - Novice.si<\/title>\n<meta name=\"robots\" content=\"index, follow, max-snippet:-1, max-image-preview:large, max-video-preview:-1\" \/>\n<link rel=\"canonical\" href=\"https:\/\/novice.si\/page\/celje-razstava-viktorja-povseta-ob-90-letnici\/\" \/>\n<meta property=\"og:locale\" content=\"sl_SI\" \/>\n<meta property=\"og:type\" content=\"article\" \/>\n<meta property=\"og:title\" content=\"Celje: razstava Viktorja Pov\u0161eta ob 90-letnici - Novice.si\" \/>\n<meta property=\"og:description\" content=\"Ta konec tedna bodo v Kvartirni hi\u0161i v Celju odprli razstavo akademskega slikarja in konservatorja specialista Celjana Viktorja Pov\u0161eta ob njegovi 90-letnici. Ve\u010dkrat nagrajeni avtor je med drugim tudi Naj Celjan za \u017eivljenjsko delo Mestnega \u010dasopisa Celjan iz leta 2016. Umetnik je s svojim umetni\u0161kim darom in vrhunsko natan\u010dnostjo Celju zapustil izjemen umetni\u0161ki opus \u2013 [&hellip;]\" \/>\n<meta property=\"og:url\" content=\"https:\/\/novice.si\/page\/celje-razstava-viktorja-povseta-ob-90-letnici\/\" \/>\n<meta property=\"og:site_name\" content=\"Novice.si\" \/>\n<meta property=\"article:published_time\" content=\"2023-06-05T09:34:23+00:00\" \/>\n<meta property=\"og:image\" content=\"https:\/\/novice.si\/page\/wp-content\/uploads\/2023\/06\/povse.jpg\" \/>\n\t<meta property=\"og:image:width\" content=\"1280\" \/>\n\t<meta property=\"og:image:height\" content=\"899\" \/>\n\t<meta property=\"og:image:type\" content=\"image\/jpeg\" \/>\n<meta name=\"author\" content=\"Uredni\u0161tvo Radia Rogla\" \/>\n<meta name=\"twitter:card\" content=\"summary_large_image\" \/>\n<meta name=\"twitter:label1\" content=\"Written by\" \/>\n\t<meta name=\"twitter:data1\" content=\"Uredni\u0161tvo Radia Rogla\" \/>\n\t<meta name=\"twitter:label2\" content=\"Est. reading time\" \/>\n\t<meta name=\"twitter:data2\" content=\"3 minute\" \/>\n<script type=\"application\/ld+json\" class=\"yoast-schema-graph\">{\"@context\":\"https:\\\/\\\/schema.org\",\"@graph\":[{\"@type\":\"Article\",\"@id\":\"https:\\\/\\\/novice.si\\\/page\\\/celje-razstava-viktorja-povseta-ob-90-letnici\\\/#article\",\"isPartOf\":{\"@id\":\"https:\\\/\\\/novice.si\\\/page\\\/celje-razstava-viktorja-povseta-ob-90-letnici\\\/\"},\"author\":{\"name\":\"Uredni\u0161tvo Radia Rogla\",\"@id\":\"https:\\\/\\\/novice.si\\\/page\\\/#\\\/schema\\\/person\\\/25f5278da029e7b6f1e1c5653d7152a6\"},\"headline\":\"Celje: razstava Viktorja Pov\u0161eta ob 90-letnici\",\"datePublished\":\"2023-06-05T09:34:23+00:00\",\"mainEntityOfPage\":{\"@id\":\"https:\\\/\\\/novice.si\\\/page\\\/celje-razstava-viktorja-povseta-ob-90-letnici\\\/\"},\"wordCount\":367,\"publisher\":{\"@id\":\"https:\\\/\\\/novice.si\\\/page\\\/#organization\"},\"image\":{\"@id\":\"https:\\\/\\\/novice.si\\\/page\\\/celje-razstava-viktorja-povseta-ob-90-letnici\\\/#primaryimage\"},\"thumbnailUrl\":\"https:\\\/\\\/novice.si\\\/page\\\/wp-content\\\/uploads\\\/2023\\\/06\\\/povse.jpg\",\"keywords\":[\"viktor pov\u0161e\"],\"articleSection\":[\"Celjsko\",\"Dru\u017eabno\",\"Nerazvr\u0161\u010deno\"],\"inLanguage\":\"sl-SI\"},{\"@type\":\"WebPage\",\"@id\":\"https:\\\/\\\/novice.si\\\/page\\\/celje-razstava-viktorja-povseta-ob-90-letnici\\\/\",\"url\":\"https:\\\/\\\/novice.si\\\/page\\\/celje-razstava-viktorja-povseta-ob-90-letnici\\\/\",\"name\":\"Celje: razstava Viktorja Pov\u0161eta ob 90-letnici - Novice.si\",\"isPartOf\":{\"@id\":\"https:\\\/\\\/novice.si\\\/page\\\/#website\"},\"primaryImageOfPage\":{\"@id\":\"https:\\\/\\\/novice.si\\\/page\\\/celje-razstava-viktorja-povseta-ob-90-letnici\\\/#primaryimage\"},\"image\":{\"@id\":\"https:\\\/\\\/novice.si\\\/page\\\/celje-razstava-viktorja-povseta-ob-90-letnici\\\/#primaryimage\"},\"thumbnailUrl\":\"https:\\\/\\\/novice.si\\\/page\\\/wp-content\\\/uploads\\\/2023\\\/06\\\/povse.jpg\",\"datePublished\":\"2023-06-05T09:34:23+00:00\",\"breadcrumb\":{\"@id\":\"https:\\\/\\\/novice.si\\\/page\\\/celje-razstava-viktorja-povseta-ob-90-letnici\\\/#breadcrumb\"},\"inLanguage\":\"sl-SI\",\"potentialAction\":[{\"@type\":\"ReadAction\",\"target\":[\"https:\\\/\\\/novice.si\\\/page\\\/celje-razstava-viktorja-povseta-ob-90-letnici\\\/\"]}]},{\"@type\":\"ImageObject\",\"inLanguage\":\"sl-SI\",\"@id\":\"https:\\\/\\\/novice.si\\\/page\\\/celje-razstava-viktorja-povseta-ob-90-letnici\\\/#primaryimage\",\"url\":\"https:\\\/\\\/novice.si\\\/page\\\/wp-content\\\/uploads\\\/2023\\\/06\\\/povse.jpg\",\"contentUrl\":\"https:\\\/\\\/novice.si\\\/page\\\/wp-content\\\/uploads\\\/2023\\\/06\\\/povse.jpg\",\"width\":1280,\"height\":899},{\"@type\":\"BreadcrumbList\",\"@id\":\"https:\\\/\\\/novice.si\\\/page\\\/celje-razstava-viktorja-povseta-ob-90-letnici\\\/#breadcrumb\",\"itemListElement\":[{\"@type\":\"ListItem\",\"position\":1,\"name\":\"Home\",\"item\":\"https:\\\/\\\/novice.si\\\/page\\\/\"},{\"@type\":\"ListItem\",\"position\":2,\"name\":\"Celje: razstava Viktorja Pov\u0161eta ob 90-letnici\"}]},{\"@type\":\"WebSite\",\"@id\":\"https:\\\/\\\/novice.si\\\/page\\\/#website\",\"url\":\"https:\\\/\\\/novice.si\\\/page\\\/\",\"name\":\"Novice.si\",\"description\":\"\",\"publisher\":{\"@id\":\"https:\\\/\\\/novice.si\\\/page\\\/#organization\"},\"potentialAction\":[{\"@type\":\"SearchAction\",\"target\":{\"@type\":\"EntryPoint\",\"urlTemplate\":\"https:\\\/\\\/novice.si\\\/page\\\/?s={search_term_string}\"},\"query-input\":{\"@type\":\"PropertyValueSpecification\",\"valueRequired\":true,\"valueName\":\"search_term_string\"}}],\"inLanguage\":\"sl-SI\"},{\"@type\":\"Organization\",\"@id\":\"https:\\\/\\\/novice.si\\\/page\\\/#organization\",\"name\":\"Novice.si\",\"url\":\"https:\\\/\\\/novice.si\\\/page\\\/\",\"logo\":{\"@type\":\"ImageObject\",\"inLanguage\":\"sl-SI\",\"@id\":\"https:\\\/\\\/novice.si\\\/page\\\/#\\\/schema\\\/logo\\\/image\\\/\",\"url\":\"https:\\\/\\\/novice.si\\\/page\\\/wp-content\\\/uploads\\\/2023\\\/03\\\/novice_si.png\",\"contentUrl\":\"https:\\\/\\\/novice.si\\\/page\\\/wp-content\\\/uploads\\\/2023\\\/03\\\/novice_si.png\",\"width\":576,\"height\":200,\"caption\":\"Novice.si\"},\"image\":{\"@id\":\"https:\\\/\\\/novice.si\\\/page\\\/#\\\/schema\\\/logo\\\/image\\\/\"}},{\"@type\":\"Person\",\"@id\":\"https:\\\/\\\/novice.si\\\/page\\\/#\\\/schema\\\/person\\\/25f5278da029e7b6f1e1c5653d7152a6\",\"name\":\"Uredni\u0161tvo Radia Rogla\",\"image\":{\"@type\":\"ImageObject\",\"inLanguage\":\"sl-SI\",\"@id\":\"https:\\\/\\\/secure.gravatar.com\\\/avatar\\\/eade8259eacc27e89cb0948c57c4cbe46b0f16ea634156f167415ac94c5b03e3?s=96&d=mm&r=g\",\"url\":\"https:\\\/\\\/secure.gravatar.com\\\/avatar\\\/eade8259eacc27e89cb0948c57c4cbe46b0f16ea634156f167415ac94c5b03e3?s=96&d=mm&r=g\",\"contentUrl\":\"https:\\\/\\\/secure.gravatar.com\\\/avatar\\\/eade8259eacc27e89cb0948c57c4cbe46b0f16ea634156f167415ac94c5b03e3?s=96&d=mm&r=g\",\"caption\":\"Uredni\u0161tvo Radia Rogla\"},\"url\":\"https:\\\/\\\/novice.si\\\/page\\\/author\\\/valerija\\\/\"}]}<\/script>\n<!-- \/ Yoast SEO plugin. -->","yoast_head_json":{"title":"Celje: razstava Viktorja Pov\u0161eta ob 90-letnici - Novice.si","robots":{"index":"index","follow":"follow","max-snippet":"max-snippet:-1","max-image-preview":"max-image-preview:large","max-video-preview":"max-video-preview:-1"},"canonical":"https:\/\/novice.si\/page\/celje-razstava-viktorja-povseta-ob-90-letnici\/","og_locale":"sl_SI","og_type":"article","og_title":"Celje: razstava Viktorja Pov\u0161eta ob 90-letnici - Novice.si","og_description":"Ta konec tedna bodo v Kvartirni hi\u0161i v Celju odprli razstavo akademskega slikarja in konservatorja specialista Celjana Viktorja Pov\u0161eta ob njegovi 90-letnici. Ve\u010dkrat nagrajeni avtor je med drugim tudi Naj Celjan za \u017eivljenjsko delo Mestnega \u010dasopisa Celjan iz leta 2016. Umetnik je s svojim umetni\u0161kim darom in vrhunsko natan\u010dnostjo Celju zapustil izjemen umetni\u0161ki opus \u2013 [&hellip;]","og_url":"https:\/\/novice.si\/page\/celje-razstava-viktorja-povseta-ob-90-letnici\/","og_site_name":"Novice.si","article_published_time":"2023-06-05T09:34:23+00:00","og_image":[{"width":1280,"height":899,"url":"https:\/\/novice.si\/page\/wp-content\/uploads\/2023\/06\/povse.jpg","type":"image\/jpeg"}],"author":"Uredni\u0161tvo Radia Rogla","twitter_card":"summary_large_image","twitter_misc":{"Written by":"Uredni\u0161tvo Radia Rogla","Est. reading time":"3 minute"},"schema":{"@context":"https:\/\/schema.org","@graph":[{"@type":"Article","@id":"https:\/\/novice.si\/page\/celje-razstava-viktorja-povseta-ob-90-letnici\/#article","isPartOf":{"@id":"https:\/\/novice.si\/page\/celje-razstava-viktorja-povseta-ob-90-letnici\/"},"author":{"name":"Uredni\u0161tvo Radia Rogla","@id":"https:\/\/novice.si\/page\/#\/schema\/person\/25f5278da029e7b6f1e1c5653d7152a6"},"headline":"Celje: razstava Viktorja Pov\u0161eta ob 90-letnici","datePublished":"2023-06-05T09:34:23+00:00","mainEntityOfPage":{"@id":"https:\/\/novice.si\/page\/celje-razstava-viktorja-povseta-ob-90-letnici\/"},"wordCount":367,"publisher":{"@id":"https:\/\/novice.si\/page\/#organization"},"image":{"@id":"https:\/\/novice.si\/page\/celje-razstava-viktorja-povseta-ob-90-letnici\/#primaryimage"},"thumbnailUrl":"https:\/\/novice.si\/page\/wp-content\/uploads\/2023\/06\/povse.jpg","keywords":["viktor pov\u0161e"],"articleSection":["Celjsko","Dru\u017eabno","Nerazvr\u0161\u010deno"],"inLanguage":"sl-SI"},{"@type":"WebPage","@id":"https:\/\/novice.si\/page\/celje-razstava-viktorja-povseta-ob-90-letnici\/","url":"https:\/\/novice.si\/page\/celje-razstava-viktorja-povseta-ob-90-letnici\/","name":"Celje: razstava Viktorja Pov\u0161eta ob 90-letnici - Novice.si","isPartOf":{"@id":"https:\/\/novice.si\/page\/#website"},"primaryImageOfPage":{"@id":"https:\/\/novice.si\/page\/celje-razstava-viktorja-povseta-ob-90-letnici\/#primaryimage"},"image":{"@id":"https:\/\/novice.si\/page\/celje-razstava-viktorja-povseta-ob-90-letnici\/#primaryimage"},"thumbnailUrl":"https:\/\/novice.si\/page\/wp-content\/uploads\/2023\/06\/povse.jpg","datePublished":"2023-06-05T09:34:23+00:00","breadcrumb":{"@id":"https:\/\/novice.si\/page\/celje-razstava-viktorja-povseta-ob-90-letnici\/#breadcrumb"},"inLanguage":"sl-SI","potentialAction":[{"@type":"ReadAction","target":["https:\/\/novice.si\/page\/celje-razstava-viktorja-povseta-ob-90-letnici\/"]}]},{"@type":"ImageObject","inLanguage":"sl-SI","@id":"https:\/\/novice.si\/page\/celje-razstava-viktorja-povseta-ob-90-letnici\/#primaryimage","url":"https:\/\/novice.si\/page\/wp-content\/uploads\/2023\/06\/povse.jpg","contentUrl":"https:\/\/novice.si\/page\/wp-content\/uploads\/2023\/06\/povse.jpg","width":1280,"height":899},{"@type":"BreadcrumbList","@id":"https:\/\/novice.si\/page\/celje-razstava-viktorja-povseta-ob-90-letnici\/#breadcrumb","itemListElement":[{"@type":"ListItem","position":1,"name":"Home","item":"https:\/\/novice.si\/page\/"},{"@type":"ListItem","position":2,"name":"Celje: razstava Viktorja Pov\u0161eta ob 90-letnici"}]},{"@type":"WebSite","@id":"https:\/\/novice.si\/page\/#website","url":"https:\/\/novice.si\/page\/","name":"Novice.si","description":"","publisher":{"@id":"https:\/\/novice.si\/page\/#organization"},"potentialAction":[{"@type":"SearchAction","target":{"@type":"EntryPoint","urlTemplate":"https:\/\/novice.si\/page\/?s={search_term_string}"},"query-input":{"@type":"PropertyValueSpecification","valueRequired":true,"valueName":"search_term_string"}}],"inLanguage":"sl-SI"},{"@type":"Organization","@id":"https:\/\/novice.si\/page\/#organization","name":"Novice.si","url":"https:\/\/novice.si\/page\/","logo":{"@type":"ImageObject","inLanguage":"sl-SI","@id":"https:\/\/novice.si\/page\/#\/schema\/logo\/image\/","url":"https:\/\/novice.si\/page\/wp-content\/uploads\/2023\/03\/novice_si.png","contentUrl":"https:\/\/novice.si\/page\/wp-content\/uploads\/2023\/03\/novice_si.png","width":576,"height":200,"caption":"Novice.si"},"image":{"@id":"https:\/\/novice.si\/page\/#\/schema\/logo\/image\/"}},{"@type":"Person","@id":"https:\/\/novice.si\/page\/#\/schema\/person\/25f5278da029e7b6f1e1c5653d7152a6","name":"Uredni\u0161tvo Radia Rogla","image":{"@type":"ImageObject","inLanguage":"sl-SI","@id":"https:\/\/secure.gravatar.com\/avatar\/eade8259eacc27e89cb0948c57c4cbe46b0f16ea634156f167415ac94c5b03e3?s=96&d=mm&r=g","url":"https:\/\/secure.gravatar.com\/avatar\/eade8259eacc27e89cb0948c57c4cbe46b0f16ea634156f167415ac94c5b03e3?s=96&d=mm&r=g","contentUrl":"https:\/\/secure.gravatar.com\/avatar\/eade8259eacc27e89cb0948c57c4cbe46b0f16ea634156f167415ac94c5b03e3?s=96&d=mm&r=g","caption":"Uredni\u0161tvo Radia Rogla"},"url":"https:\/\/novice.si\/page\/author\/valerija\/"}]}},"_links":{"self":[{"href":"https:\/\/novice.si\/page\/wp-json\/wp\/v2\/posts\/163502","targetHints":{"allow":["GET"]}}],"collection":[{"href":"https:\/\/novice.si\/page\/wp-json\/wp\/v2\/posts"}],"about":[{"href":"https:\/\/novice.si\/page\/wp-json\/wp\/v2\/types\/post"}],"author":[{"embeddable":true,"href":"https:\/\/novice.si\/page\/wp-json\/wp\/v2\/users\/5"}],"replies":[{"embeddable":true,"href":"https:\/\/novice.si\/page\/wp-json\/wp\/v2\/comments?post=163502"}],"version-history":[{"count":2,"href":"https:\/\/novice.si\/page\/wp-json\/wp\/v2\/posts\/163502\/revisions"}],"predecessor-version":[{"id":163507,"href":"https:\/\/novice.si\/page\/wp-json\/wp\/v2\/posts\/163502\/revisions\/163507"}],"wp:featuredmedia":[{"embeddable":true,"href":"https:\/\/novice.si\/page\/wp-json\/wp\/v2\/media\/163505"}],"wp:attachment":[{"href":"https:\/\/novice.si\/page\/wp-json\/wp\/v2\/media?parent=163502"}],"wp:term":[{"taxonomy":"category","embeddable":true,"href":"https:\/\/novice.si\/page\/wp-json\/wp\/v2\/categories?post=163502"},{"taxonomy":"post_tag","embeddable":true,"href":"https:\/\/novice.si\/page\/wp-json\/wp\/v2\/tags?post=163502"}],"curies":[{"name":"wp","href":"https:\/\/api.w.org\/{rel}","templated":true}]}}