{"id":163487,"date":"2023-06-03T14:04:35","date_gmt":"2023-06-03T12:04:35","guid":{"rendered":"https:\/\/novice.si\/page\/?p=163487"},"modified":"2023-06-05T19:50:46","modified_gmt":"2023-06-05T17:50:46","slug":"na-videzu-s-proslavo-obelezili-90-obletnico-prostovoljnega-gasilskega-drustva","status":"publish","type":"post","link":"https:\/\/novice.si\/page\/na-videzu-s-proslavo-obelezili-90-obletnico-prostovoljnega-gasilskega-drustva\/","title":{"rendered":"Na Vide\u017eu s proslavo obele\u017eili 90. obletnico Prostovoljnega gasilskega dru\u0161tva"},"content":{"rendered":"<p>V\u010deraj je na Vide\u017eu pri Slovenski Bistrici tamkaj\u0161nje Prostovoljno gasilsko dru\u0161tvo obele\u017eilo 90. let delovanja. Pred gasilskim domom je potekala proslava, ki se je pri\u010dela s pozdravnimi nagovori. V kulturnem programu sta sodelovala <strong>Frajhajmska godba na Pihala<\/strong> in <strong>Vaber\u0161ki fantje<\/strong>. Podelili so priznanja Gasilske zveze Slovenije. Priznanje GZ tretje stopnje je prejel <strong>Borut Cvahte<\/strong>. Priznanje GZ druge stopnje so prejeli <strong>Alisa Martina Krajnc<\/strong>, <strong>Klemen Leskovar<\/strong>, <strong>Nejc Leskovar<\/strong> in <strong>Andrej Koro\u0161ec<\/strong>. Priznanje GZ prve stopnje sta prejela <strong>Miha Martini<\/strong> in <strong>Katarina Vehovar<\/strong>. Gasilsko odlikovanje tretje stopnje je prejel <strong>Rajko Selin\u0161ek<\/strong>, gasilsko odlikovanje prve stopnje pa <strong>Martina Vehovar<\/strong> in <strong>Milan Leskovar<\/strong>. Gasilsko plamenico tretje stopnje je prejel <strong>Robert Vogrinec<\/strong>, gasilsko plamenico prve stopnje pa <strong>Bo\u0161tjan Vehovar<\/strong> in <strong>Damijan Selin\u0161ek<\/strong>. Na praznovanje so bila povabljena vsa dru\u0161tva iz gasilske zveze Slovenska Bistrica ter predstavniki podravske regije.<\/p>\n<figure id=\"attachment_163488\" aria-describedby=\"caption-attachment-163488\" style=\"width: 600px\" class=\"wp-caption aligncenter\"><img loading=\"lazy\" decoding=\"async\" class=\"wp-image-163488 size-medium\" src=\"https:\/\/novice.si\/page\/wp-content\/uploads\/2023\/06\/videz1-600x449.jpeg\" alt=\"\" width=\"600\" height=\"449\" srcset=\"https:\/\/novice.si\/page\/wp-content\/uploads\/2023\/06\/videz1-600x449.jpeg 600w, https:\/\/novice.si\/page\/wp-content\/uploads\/2023\/06\/videz1-1024x767.jpeg 1024w, https:\/\/novice.si\/page\/wp-content\/uploads\/2023\/06\/videz1-768x575.jpeg 768w, https:\/\/novice.si\/page\/wp-content\/uploads\/2023\/06\/videz1-80x60.jpeg 80w, https:\/\/novice.si\/page\/wp-content\/uploads\/2023\/06\/videz1-265x198.jpeg 265w, https:\/\/novice.si\/page\/wp-content\/uploads\/2023\/06\/videz1-696x521.jpeg 696w, https:\/\/novice.si\/page\/wp-content\/uploads\/2023\/06\/videz1-1068x800.jpeg 1068w, https:\/\/novice.si\/page\/wp-content\/uploads\/2023\/06\/videz1-561x420.jpeg 561w, https:\/\/novice.si\/page\/wp-content\/uploads\/2023\/06\/videz1-24x18.jpeg 24w, https:\/\/novice.si\/page\/wp-content\/uploads\/2023\/06\/videz1-36x27.jpeg 36w, https:\/\/novice.si\/page\/wp-content\/uploads\/2023\/06\/videz1-48x36.jpeg 48w, https:\/\/novice.si\/page\/wp-content\/uploads\/2023\/06\/videz1.jpeg 1170w\" sizes=\"auto, (max-width: 600px) 100vw, 600px\" \/><figcaption id=\"caption-attachment-163488\" class=\"wp-caption-text\">Prejemniki priznanj GZS. (Foto: PGD Vide\u017e)<\/figcaption><\/figure>\n<p>Danes zve\u010der pripravljajo \u0161e tradicionalno gasilsko veselico z Ansamblom Spev. Praznovanje pa bodo zaklju\u010dili v nedeljo, ko bodo gostili veterane Gasilske zveze Slovenska Bistrica. Pride jih okrog 170. (D.G.)<\/p>\n<p>&nbsp;<\/p>\n","protected":false},"excerpt":{"rendered":"<p>V\u010deraj je na Vide\u017eu pri Slovenski Bistrici tamkaj\u0161nje Prostovoljno gasilsko dru\u0161tvo obele\u017eilo 90. let delovanja. Pred gasilskim domom je potekala proslava, ki se je pri\u010dela s pozdravnimi nagovori. V kulturnem programu sta sodelovala Frajhajmska godba na Pihala in Vaber\u0161ki fantje. Podelili so priznanja Gasilske zveze Slovenije. Priznanje GZ tretje stopnje je prejel Borut Cvahte. Priznanje [&hellip;]<\/p>\n","protected":false},"author":12,"featured_media":163489,"comment_status":"closed","ping_status":"closed","sticky":false,"template":"","format":"standard","meta":{"footnotes":""},"categories":[14,32],"tags":[5322,17992,17991,17989,17990],"class_list":{"0":"post-163487","1":"post","2":"type-post","3":"status-publish","4":"format-standard","5":"has-post-thumbnail","7":"category-aktualno","8":"category-bistrisko","9":"tag-90-let","10":"tag-ansambel-spev","11":"tag-gz-slovenska-bistrica","12":"tag-pgd-videz","13":"tag-robert-vogrinec"},"yoast_head":"<!-- This site is optimized with the Yoast SEO plugin v27.4 - https:\/\/yoast.com\/product\/yoast-seo-wordpress\/ -->\n<title>Na Vide\u017eu s proslavo obele\u017eili 90. obletnico Prostovoljnega gasilskega dru\u0161tva - Novice.si<\/title>\n<meta name=\"robots\" content=\"index, follow, max-snippet:-1, max-image-preview:large, max-video-preview:-1\" \/>\n<link rel=\"canonical\" href=\"https:\/\/novice.si\/page\/na-videzu-s-proslavo-obelezili-90-obletnico-prostovoljnega-gasilskega-drustva\/\" \/>\n<meta property=\"og:locale\" content=\"sl_SI\" \/>\n<meta property=\"og:type\" content=\"article\" \/>\n<meta property=\"og:title\" content=\"Na Vide\u017eu s proslavo obele\u017eili 90. obletnico Prostovoljnega gasilskega dru\u0161tva - Novice.si\" \/>\n<meta property=\"og:description\" content=\"V\u010deraj je na Vide\u017eu pri Slovenski Bistrici tamkaj\u0161nje Prostovoljno gasilsko dru\u0161tvo obele\u017eilo 90. let delovanja. Pred gasilskim domom je potekala proslava, ki se je pri\u010dela s pozdravnimi nagovori. V kulturnem programu sta sodelovala Frajhajmska godba na Pihala in Vaber\u0161ki fantje. Podelili so priznanja Gasilske zveze Slovenije. Priznanje GZ tretje stopnje je prejel Borut Cvahte. Priznanje [&hellip;]\" \/>\n<meta property=\"og:url\" content=\"https:\/\/novice.si\/page\/na-videzu-s-proslavo-obelezili-90-obletnico-prostovoljnega-gasilskega-drustva\/\" \/>\n<meta property=\"og:site_name\" content=\"Novice.si\" \/>\n<meta property=\"article:published_time\" content=\"2023-06-03T12:04:35+00:00\" \/>\n<meta property=\"article:modified_time\" content=\"2023-06-05T17:50:46+00:00\" \/>\n<meta property=\"og:image\" content=\"https:\/\/novice.si\/page\/wp-content\/uploads\/2023\/06\/videz2-scaled.jpg\" \/>\n\t<meta property=\"og:image:width\" content=\"2560\" \/>\n\t<meta property=\"og:image:height\" content=\"1706\" \/>\n\t<meta property=\"og:image:type\" content=\"image\/jpeg\" \/>\n<meta name=\"author\" content=\"Uredni\u0161tvo Celjana\" \/>\n<meta name=\"twitter:card\" content=\"summary_large_image\" \/>\n<meta name=\"twitter:label1\" content=\"Written by\" \/>\n\t<meta name=\"twitter:data1\" content=\"Uredni\u0161tvo Celjana\" \/>\n\t<meta name=\"twitter:label2\" content=\"Est. reading time\" \/>\n\t<meta name=\"twitter:data2\" content=\"2 minuti\" \/>\n<script type=\"application\/ld+json\" class=\"yoast-schema-graph\">{\"@context\":\"https:\\\/\\\/schema.org\",\"@graph\":[{\"@type\":\"Article\",\"@id\":\"https:\\\/\\\/novice.si\\\/page\\\/na-videzu-s-proslavo-obelezili-90-obletnico-prostovoljnega-gasilskega-drustva\\\/#article\",\"isPartOf\":{\"@id\":\"https:\\\/\\\/novice.si\\\/page\\\/na-videzu-s-proslavo-obelezili-90-obletnico-prostovoljnega-gasilskega-drustva\\\/\"},\"author\":{\"name\":\"Uredni\u0161tvo Celjana\",\"@id\":\"https:\\\/\\\/novice.si\\\/page\\\/#\\\/schema\\\/person\\\/51903923b50fefb075bc1cd24fe4d065\"},\"headline\":\"Na Vide\u017eu s proslavo obele\u017eili 90. obletnico Prostovoljnega gasilskega dru\u0161tva\",\"datePublished\":\"2023-06-03T12:04:35+00:00\",\"dateModified\":\"2023-06-05T17:50:46+00:00\",\"mainEntityOfPage\":{\"@id\":\"https:\\\/\\\/novice.si\\\/page\\\/na-videzu-s-proslavo-obelezili-90-obletnico-prostovoljnega-gasilskega-drustva\\\/\"},\"wordCount\":201,\"publisher\":{\"@id\":\"https:\\\/\\\/novice.si\\\/page\\\/#organization\"},\"image\":{\"@id\":\"https:\\\/\\\/novice.si\\\/page\\\/na-videzu-s-proslavo-obelezili-90-obletnico-prostovoljnega-gasilskega-drustva\\\/#primaryimage\"},\"thumbnailUrl\":\"https:\\\/\\\/novice.si\\\/page\\\/wp-content\\\/uploads\\\/2023\\\/06\\\/videz2-scaled.jpg\",\"keywords\":[\"90 let\",\"Ansambel Spev\",\"GZ Slovenska Bistrica\",\"PGD Vide\u017e\",\"Robert Vogrinec\"],\"articleSection\":[\"Aktualno\",\"Bistri\u0161ko\"],\"inLanguage\":\"sl-SI\"},{\"@type\":\"WebPage\",\"@id\":\"https:\\\/\\\/novice.si\\\/page\\\/na-videzu-s-proslavo-obelezili-90-obletnico-prostovoljnega-gasilskega-drustva\\\/\",\"url\":\"https:\\\/\\\/novice.si\\\/page\\\/na-videzu-s-proslavo-obelezili-90-obletnico-prostovoljnega-gasilskega-drustva\\\/\",\"name\":\"Na Vide\u017eu s proslavo obele\u017eili 90. obletnico Prostovoljnega gasilskega dru\u0161tva - Novice.si\",\"isPartOf\":{\"@id\":\"https:\\\/\\\/novice.si\\\/page\\\/#website\"},\"primaryImageOfPage\":{\"@id\":\"https:\\\/\\\/novice.si\\\/page\\\/na-videzu-s-proslavo-obelezili-90-obletnico-prostovoljnega-gasilskega-drustva\\\/#primaryimage\"},\"image\":{\"@id\":\"https:\\\/\\\/novice.si\\\/page\\\/na-videzu-s-proslavo-obelezili-90-obletnico-prostovoljnega-gasilskega-drustva\\\/#primaryimage\"},\"thumbnailUrl\":\"https:\\\/\\\/novice.si\\\/page\\\/wp-content\\\/uploads\\\/2023\\\/06\\\/videz2-scaled.jpg\",\"datePublished\":\"2023-06-03T12:04:35+00:00\",\"dateModified\":\"2023-06-05T17:50:46+00:00\",\"breadcrumb\":{\"@id\":\"https:\\\/\\\/novice.si\\\/page\\\/na-videzu-s-proslavo-obelezili-90-obletnico-prostovoljnega-gasilskega-drustva\\\/#breadcrumb\"},\"inLanguage\":\"sl-SI\",\"potentialAction\":[{\"@type\":\"ReadAction\",\"target\":[\"https:\\\/\\\/novice.si\\\/page\\\/na-videzu-s-proslavo-obelezili-90-obletnico-prostovoljnega-gasilskega-drustva\\\/\"]}]},{\"@type\":\"ImageObject\",\"inLanguage\":\"sl-SI\",\"@id\":\"https:\\\/\\\/novice.si\\\/page\\\/na-videzu-s-proslavo-obelezili-90-obletnico-prostovoljnega-gasilskega-drustva\\\/#primaryimage\",\"url\":\"https:\\\/\\\/novice.si\\\/page\\\/wp-content\\\/uploads\\\/2023\\\/06\\\/videz2-scaled.jpg\",\"contentUrl\":\"https:\\\/\\\/novice.si\\\/page\\\/wp-content\\\/uploads\\\/2023\\\/06\\\/videz2-scaled.jpg\",\"width\":2560,\"height\":1706},{\"@type\":\"BreadcrumbList\",\"@id\":\"https:\\\/\\\/novice.si\\\/page\\\/na-videzu-s-proslavo-obelezili-90-obletnico-prostovoljnega-gasilskega-drustva\\\/#breadcrumb\",\"itemListElement\":[{\"@type\":\"ListItem\",\"position\":1,\"name\":\"Home\",\"item\":\"https:\\\/\\\/novice.si\\\/page\\\/\"},{\"@type\":\"ListItem\",\"position\":2,\"name\":\"Na Vide\u017eu s proslavo obele\u017eili 90. obletnico Prostovoljnega gasilskega dru\u0161tva\"}]},{\"@type\":\"WebSite\",\"@id\":\"https:\\\/\\\/novice.si\\\/page\\\/#website\",\"url\":\"https:\\\/\\\/novice.si\\\/page\\\/\",\"name\":\"Novice.si\",\"description\":\"\",\"publisher\":{\"@id\":\"https:\\\/\\\/novice.si\\\/page\\\/#organization\"},\"potentialAction\":[{\"@type\":\"SearchAction\",\"target\":{\"@type\":\"EntryPoint\",\"urlTemplate\":\"https:\\\/\\\/novice.si\\\/page\\\/?s={search_term_string}\"},\"query-input\":{\"@type\":\"PropertyValueSpecification\",\"valueRequired\":true,\"valueName\":\"search_term_string\"}}],\"inLanguage\":\"sl-SI\"},{\"@type\":\"Organization\",\"@id\":\"https:\\\/\\\/novice.si\\\/page\\\/#organization\",\"name\":\"Novice.si\",\"url\":\"https:\\\/\\\/novice.si\\\/page\\\/\",\"logo\":{\"@type\":\"ImageObject\",\"inLanguage\":\"sl-SI\",\"@id\":\"https:\\\/\\\/novice.si\\\/page\\\/#\\\/schema\\\/logo\\\/image\\\/\",\"url\":\"https:\\\/\\\/novice.si\\\/page\\\/wp-content\\\/uploads\\\/2023\\\/03\\\/novice_si.png\",\"contentUrl\":\"https:\\\/\\\/novice.si\\\/page\\\/wp-content\\\/uploads\\\/2023\\\/03\\\/novice_si.png\",\"width\":576,\"height\":200,\"caption\":\"Novice.si\"},\"image\":{\"@id\":\"https:\\\/\\\/novice.si\\\/page\\\/#\\\/schema\\\/logo\\\/image\\\/\"}},{\"@type\":\"Person\",\"@id\":\"https:\\\/\\\/novice.si\\\/page\\\/#\\\/schema\\\/person\\\/51903923b50fefb075bc1cd24fe4d065\",\"name\":\"Uredni\u0161tvo Celjana\",\"image\":{\"@type\":\"ImageObject\",\"inLanguage\":\"sl-SI\",\"@id\":\"https:\\\/\\\/secure.gravatar.com\\\/avatar\\\/b516f102aa90b53619e09722b8ea56721c99bfcb4f1035f9b333d99f52330226?s=96&d=mm&r=g\",\"url\":\"https:\\\/\\\/secure.gravatar.com\\\/avatar\\\/b516f102aa90b53619e09722b8ea56721c99bfcb4f1035f9b333d99f52330226?s=96&d=mm&r=g\",\"contentUrl\":\"https:\\\/\\\/secure.gravatar.com\\\/avatar\\\/b516f102aa90b53619e09722b8ea56721c99bfcb4f1035f9b333d99f52330226?s=96&d=mm&r=g\",\"caption\":\"Uredni\u0161tvo Celjana\"},\"url\":\"https:\\\/\\\/novice.si\\\/page\\\/author\\\/nejc\\\/\"}]}<\/script>\n<!-- \/ Yoast SEO plugin. -->","yoast_head_json":{"title":"Na Vide\u017eu s proslavo obele\u017eili 90. obletnico Prostovoljnega gasilskega dru\u0161tva - Novice.si","robots":{"index":"index","follow":"follow","max-snippet":"max-snippet:-1","max-image-preview":"max-image-preview:large","max-video-preview":"max-video-preview:-1"},"canonical":"https:\/\/novice.si\/page\/na-videzu-s-proslavo-obelezili-90-obletnico-prostovoljnega-gasilskega-drustva\/","og_locale":"sl_SI","og_type":"article","og_title":"Na Vide\u017eu s proslavo obele\u017eili 90. obletnico Prostovoljnega gasilskega dru\u0161tva - Novice.si","og_description":"V\u010deraj je na Vide\u017eu pri Slovenski Bistrici tamkaj\u0161nje Prostovoljno gasilsko dru\u0161tvo obele\u017eilo 90. let delovanja. Pred gasilskim domom je potekala proslava, ki se je pri\u010dela s pozdravnimi nagovori. V kulturnem programu sta sodelovala Frajhajmska godba na Pihala in Vaber\u0161ki fantje. Podelili so priznanja Gasilske zveze Slovenije. Priznanje GZ tretje stopnje je prejel Borut Cvahte. Priznanje [&hellip;]","og_url":"https:\/\/novice.si\/page\/na-videzu-s-proslavo-obelezili-90-obletnico-prostovoljnega-gasilskega-drustva\/","og_site_name":"Novice.si","article_published_time":"2023-06-03T12:04:35+00:00","article_modified_time":"2023-06-05T17:50:46+00:00","og_image":[{"width":2560,"height":1706,"url":"https:\/\/novice.si\/page\/wp-content\/uploads\/2023\/06\/videz2-scaled.jpg","type":"image\/jpeg"}],"author":"Uredni\u0161tvo Celjana","twitter_card":"summary_large_image","twitter_misc":{"Written by":"Uredni\u0161tvo Celjana","Est. reading time":"2 minuti"},"schema":{"@context":"https:\/\/schema.org","@graph":[{"@type":"Article","@id":"https:\/\/novice.si\/page\/na-videzu-s-proslavo-obelezili-90-obletnico-prostovoljnega-gasilskega-drustva\/#article","isPartOf":{"@id":"https:\/\/novice.si\/page\/na-videzu-s-proslavo-obelezili-90-obletnico-prostovoljnega-gasilskega-drustva\/"},"author":{"name":"Uredni\u0161tvo Celjana","@id":"https:\/\/novice.si\/page\/#\/schema\/person\/51903923b50fefb075bc1cd24fe4d065"},"headline":"Na Vide\u017eu s proslavo obele\u017eili 90. obletnico Prostovoljnega gasilskega dru\u0161tva","datePublished":"2023-06-03T12:04:35+00:00","dateModified":"2023-06-05T17:50:46+00:00","mainEntityOfPage":{"@id":"https:\/\/novice.si\/page\/na-videzu-s-proslavo-obelezili-90-obletnico-prostovoljnega-gasilskega-drustva\/"},"wordCount":201,"publisher":{"@id":"https:\/\/novice.si\/page\/#organization"},"image":{"@id":"https:\/\/novice.si\/page\/na-videzu-s-proslavo-obelezili-90-obletnico-prostovoljnega-gasilskega-drustva\/#primaryimage"},"thumbnailUrl":"https:\/\/novice.si\/page\/wp-content\/uploads\/2023\/06\/videz2-scaled.jpg","keywords":["90 let","Ansambel Spev","GZ Slovenska Bistrica","PGD Vide\u017e","Robert Vogrinec"],"articleSection":["Aktualno","Bistri\u0161ko"],"inLanguage":"sl-SI"},{"@type":"WebPage","@id":"https:\/\/novice.si\/page\/na-videzu-s-proslavo-obelezili-90-obletnico-prostovoljnega-gasilskega-drustva\/","url":"https:\/\/novice.si\/page\/na-videzu-s-proslavo-obelezili-90-obletnico-prostovoljnega-gasilskega-drustva\/","name":"Na Vide\u017eu s proslavo obele\u017eili 90. obletnico Prostovoljnega gasilskega dru\u0161tva - Novice.si","isPartOf":{"@id":"https:\/\/novice.si\/page\/#website"},"primaryImageOfPage":{"@id":"https:\/\/novice.si\/page\/na-videzu-s-proslavo-obelezili-90-obletnico-prostovoljnega-gasilskega-drustva\/#primaryimage"},"image":{"@id":"https:\/\/novice.si\/page\/na-videzu-s-proslavo-obelezili-90-obletnico-prostovoljnega-gasilskega-drustva\/#primaryimage"},"thumbnailUrl":"https:\/\/novice.si\/page\/wp-content\/uploads\/2023\/06\/videz2-scaled.jpg","datePublished":"2023-06-03T12:04:35+00:00","dateModified":"2023-06-05T17:50:46+00:00","breadcrumb":{"@id":"https:\/\/novice.si\/page\/na-videzu-s-proslavo-obelezili-90-obletnico-prostovoljnega-gasilskega-drustva\/#breadcrumb"},"inLanguage":"sl-SI","potentialAction":[{"@type":"ReadAction","target":["https:\/\/novice.si\/page\/na-videzu-s-proslavo-obelezili-90-obletnico-prostovoljnega-gasilskega-drustva\/"]}]},{"@type":"ImageObject","inLanguage":"sl-SI","@id":"https:\/\/novice.si\/page\/na-videzu-s-proslavo-obelezili-90-obletnico-prostovoljnega-gasilskega-drustva\/#primaryimage","url":"https:\/\/novice.si\/page\/wp-content\/uploads\/2023\/06\/videz2-scaled.jpg","contentUrl":"https:\/\/novice.si\/page\/wp-content\/uploads\/2023\/06\/videz2-scaled.jpg","width":2560,"height":1706},{"@type":"BreadcrumbList","@id":"https:\/\/novice.si\/page\/na-videzu-s-proslavo-obelezili-90-obletnico-prostovoljnega-gasilskega-drustva\/#breadcrumb","itemListElement":[{"@type":"ListItem","position":1,"name":"Home","item":"https:\/\/novice.si\/page\/"},{"@type":"ListItem","position":2,"name":"Na Vide\u017eu s proslavo obele\u017eili 90. obletnico Prostovoljnega gasilskega dru\u0161tva"}]},{"@type":"WebSite","@id":"https:\/\/novice.si\/page\/#website","url":"https:\/\/novice.si\/page\/","name":"Novice.si","description":"","publisher":{"@id":"https:\/\/novice.si\/page\/#organization"},"potentialAction":[{"@type":"SearchAction","target":{"@type":"EntryPoint","urlTemplate":"https:\/\/novice.si\/page\/?s={search_term_string}"},"query-input":{"@type":"PropertyValueSpecification","valueRequired":true,"valueName":"search_term_string"}}],"inLanguage":"sl-SI"},{"@type":"Organization","@id":"https:\/\/novice.si\/page\/#organization","name":"Novice.si","url":"https:\/\/novice.si\/page\/","logo":{"@type":"ImageObject","inLanguage":"sl-SI","@id":"https:\/\/novice.si\/page\/#\/schema\/logo\/image\/","url":"https:\/\/novice.si\/page\/wp-content\/uploads\/2023\/03\/novice_si.png","contentUrl":"https:\/\/novice.si\/page\/wp-content\/uploads\/2023\/03\/novice_si.png","width":576,"height":200,"caption":"Novice.si"},"image":{"@id":"https:\/\/novice.si\/page\/#\/schema\/logo\/image\/"}},{"@type":"Person","@id":"https:\/\/novice.si\/page\/#\/schema\/person\/51903923b50fefb075bc1cd24fe4d065","name":"Uredni\u0161tvo Celjana","image":{"@type":"ImageObject","inLanguage":"sl-SI","@id":"https:\/\/secure.gravatar.com\/avatar\/b516f102aa90b53619e09722b8ea56721c99bfcb4f1035f9b333d99f52330226?s=96&d=mm&r=g","url":"https:\/\/secure.gravatar.com\/avatar\/b516f102aa90b53619e09722b8ea56721c99bfcb4f1035f9b333d99f52330226?s=96&d=mm&r=g","contentUrl":"https:\/\/secure.gravatar.com\/avatar\/b516f102aa90b53619e09722b8ea56721c99bfcb4f1035f9b333d99f52330226?s=96&d=mm&r=g","caption":"Uredni\u0161tvo Celjana"},"url":"https:\/\/novice.si\/page\/author\/nejc\/"}]}},"_links":{"self":[{"href":"https:\/\/novice.si\/page\/wp-json\/wp\/v2\/posts\/163487","targetHints":{"allow":["GET"]}}],"collection":[{"href":"https:\/\/novice.si\/page\/wp-json\/wp\/v2\/posts"}],"about":[{"href":"https:\/\/novice.si\/page\/wp-json\/wp\/v2\/types\/post"}],"author":[{"embeddable":true,"href":"https:\/\/novice.si\/page\/wp-json\/wp\/v2\/users\/12"}],"replies":[{"embeddable":true,"href":"https:\/\/novice.si\/page\/wp-json\/wp\/v2\/comments?post=163487"}],"version-history":[{"count":6,"href":"https:\/\/novice.si\/page\/wp-json\/wp\/v2\/posts\/163487\/revisions"}],"predecessor-version":[{"id":163544,"href":"https:\/\/novice.si\/page\/wp-json\/wp\/v2\/posts\/163487\/revisions\/163544"}],"wp:featuredmedia":[{"embeddable":true,"href":"https:\/\/novice.si\/page\/wp-json\/wp\/v2\/media\/163489"}],"wp:attachment":[{"href":"https:\/\/novice.si\/page\/wp-json\/wp\/v2\/media?parent=163487"}],"wp:term":[{"taxonomy":"category","embeddable":true,"href":"https:\/\/novice.si\/page\/wp-json\/wp\/v2\/categories?post=163487"},{"taxonomy":"post_tag","embeddable":true,"href":"https:\/\/novice.si\/page\/wp-json\/wp\/v2\/tags?post=163487"}],"curies":[{"name":"wp","href":"https:\/\/api.w.org\/{rel}","templated":true}]}}