{"id":163398,"date":"2023-06-01T11:40:32","date_gmt":"2023-06-01T09:40:32","guid":{"rendered":"https:\/\/novice.si\/page\/?p=163398"},"modified":"2023-05-31T14:42:35","modified_gmt":"2023-05-31T12:42:35","slug":"pilotni-projekt-od-odpadkov-do-energije","status":"publish","type":"post","link":"https:\/\/novice.si\/page\/pilotni-projekt-od-odpadkov-do-energije\/","title":{"rendered":"Pilotni projekt Od odpadkov do energije"},"content":{"rendered":"<p><em><img loading=\"lazy\" decoding=\"async\" class=\"size-medium wp-image-163400 aligncenter\" src=\"https:\/\/novice.si\/page\/wp-content\/uploads\/2023\/05\/Mladi-od-odpadkov-do-energije-600x338.jpg\" alt=\"\" width=\"600\" height=\"338\" srcset=\"https:\/\/novice.si\/page\/wp-content\/uploads\/2023\/05\/Mladi-od-odpadkov-do-energije-600x338.jpg 600w, https:\/\/novice.si\/page\/wp-content\/uploads\/2023\/05\/Mladi-od-odpadkov-do-energije-1024x577.jpg 1024w, https:\/\/novice.si\/page\/wp-content\/uploads\/2023\/05\/Mladi-od-odpadkov-do-energije-768x432.jpg 768w, https:\/\/novice.si\/page\/wp-content\/uploads\/2023\/05\/Mladi-od-odpadkov-do-energije-1536x865.jpg 1536w, https:\/\/novice.si\/page\/wp-content\/uploads\/2023\/05\/Mladi-od-odpadkov-do-energije-2048x1153.jpg 2048w, https:\/\/novice.si\/page\/wp-content\/uploads\/2023\/05\/Mladi-od-odpadkov-do-energije-696x392.jpg 696w, https:\/\/novice.si\/page\/wp-content\/uploads\/2023\/05\/Mladi-od-odpadkov-do-energije-1068x601.jpg 1068w, https:\/\/novice.si\/page\/wp-content\/uploads\/2023\/05\/Mladi-od-odpadkov-do-energije-746x420.jpg 746w, https:\/\/novice.si\/page\/wp-content\/uploads\/2023\/05\/Mladi-od-odpadkov-do-energije-24x14.jpg 24w, https:\/\/novice.si\/page\/wp-content\/uploads\/2023\/05\/Mladi-od-odpadkov-do-energije-36x20.jpg 36w, https:\/\/novice.si\/page\/wp-content\/uploads\/2023\/05\/Mladi-od-odpadkov-do-energije-48x27.jpg 48w\" sizes=\"auto, (max-width: 600px) 100vw, 600px\" \/>U\u010denci 8. razredov III. O\u0160 Celje so v sklopu naravoslovnega dne sodelovali v pilotnem projektu Od odpadkov do energije.<\/em><\/p>\n<p>Gre za program spodbujanja odgovornega ravnanja s komunalnimi odpadki v Mestni ob\u010dini Celje, katerega cilj je izbolj\u0161ati znanje na podro\u010dju okoljskih vpra\u0161anj, s poudarkom na razvoju ve\u0161\u010din za zmanj\u0161evanje koli\u010din odpadkov.<\/p>\n<p>Projekt so izvedli prvi\u010d, v prihodnjem \u0161olskem letu pa se bo nadaljeval v vseh 8. razredih osnovnih \u0161ol v Mestni ob\u010dini Celje. Tako bodo vse generacije celjskih otrok spoznale celoten krogotok odpadkov \u2013 od njihovega nastanka do vseh vrst predelav, s poudarkom na termi\u010dni obdelavi odpadkov, ki je edinstvena v Sloveniji.<\/p>\n<p><strong>Kako do manj odpadkov?<\/strong><\/p>\n<p>Skladno s ciljem projekta \u2013 izbolj\u0161ati znanje na podro\u010dju okoljskih vpra\u0161anj, predvsem pa aktivnosti za razvoj ve\u0161\u010din za zmanj\u0161evanje koli\u010din odpadkov \u2013 so se u\u010denci pred za\u010detkom terenskih ogledov seznanili z na\u010dini prepre\u010devanja nastajanja in ponovne uporabe odpadkov. V skupinah so zapisali svoje zelo zanimive predloge, kaj lahko naredimo sami, da bi bilo odpadkov manj. \u010ce ne moremo prepre\u010diti nastajanja vseh vrst odpadkov, je pomembno, da tiste odpadke, ki se jih da reciklirati, lo\u010deno zberemo in odlo\u017eimo v pravi zabojnik. V tem so se u\u010denci tudi sami preizkusili in pokazali, kako znajo pravilno in tudi hitro razvrstiti razli\u010dne odpadke, ki vsakodnevno nastajajo v na\u0161ih gospodinjstvih, v \u0161oli ali slu\u017ebah.<\/p>\n<p>Mladi so v sklopu projekta obiskali \u0161tevilna celjska podjetja, kjer so se seznanili z delovanjem.<\/p>\n","protected":false},"excerpt":{"rendered":"<p>U\u010denci 8. razredov III. O\u0160 Celje so v sklopu naravoslovnega dne sodelovali v pilotnem projektu Od odpadkov do energije. Gre za program spodbujanja odgovornega ravnanja s komunalnimi odpadki v Mestni ob\u010dini Celje, katerega cilj je izbolj\u0161ati znanje na podro\u010dju okoljskih vpra\u0161anj, s poudarkom na razvoju ve\u0161\u010din za zmanj\u0161evanje koli\u010din odpadkov. Projekt so izvedli prvi\u010d, v [&hellip;]<\/p>\n","protected":false},"author":55,"featured_media":163400,"comment_status":"closed","ping_status":"closed","sticky":false,"template":"","format":"standard","meta":{"footnotes":""},"categories":[14,142,17],"tags":[],"class_list":{"0":"post-163398","1":"post","2":"type-post","3":"status-publish","4":"format-standard","5":"has-post-thumbnail","7":"category-aktualno","8":"category-celjan","9":"category-celjsko"},"yoast_head":"<!-- This site is optimized with the Yoast SEO plugin v27.4 - https:\/\/yoast.com\/product\/yoast-seo-wordpress\/ -->\n<title>Pilotni projekt Od odpadkov do energije - Novice.si<\/title>\n<meta name=\"robots\" content=\"index, follow, max-snippet:-1, max-image-preview:large, max-video-preview:-1\" \/>\n<link rel=\"canonical\" href=\"https:\/\/novice.si\/page\/pilotni-projekt-od-odpadkov-do-energije\/\" \/>\n<meta property=\"og:locale\" content=\"sl_SI\" \/>\n<meta property=\"og:type\" content=\"article\" \/>\n<meta property=\"og:title\" content=\"Pilotni projekt Od odpadkov do energije - Novice.si\" \/>\n<meta property=\"og:description\" content=\"U\u010denci 8. razredov III. O\u0160 Celje so v sklopu naravoslovnega dne sodelovali v pilotnem projektu Od odpadkov do energije. Gre za program spodbujanja odgovornega ravnanja s komunalnimi odpadki v Mestni ob\u010dini Celje, katerega cilj je izbolj\u0161ati znanje na podro\u010dju okoljskih vpra\u0161anj, s poudarkom na razvoju ve\u0161\u010din za zmanj\u0161evanje koli\u010din odpadkov. Projekt so izvedli prvi\u010d, v [&hellip;]\" \/>\n<meta property=\"og:url\" content=\"https:\/\/novice.si\/page\/pilotni-projekt-od-odpadkov-do-energije\/\" \/>\n<meta property=\"og:site_name\" content=\"Novice.si\" \/>\n<meta property=\"article:published_time\" content=\"2023-06-01T09:40:32+00:00\" \/>\n<meta property=\"og:image\" content=\"https:\/\/novice.si\/page\/wp-content\/uploads\/2023\/05\/Mladi-od-odpadkov-do-energije-scaled.jpg\" \/>\n\t<meta property=\"og:image:width\" content=\"2560\" \/>\n\t<meta property=\"og:image:height\" content=\"1441\" \/>\n\t<meta property=\"og:image:type\" content=\"image\/jpeg\" \/>\n<meta name=\"author\" content=\"Uredni\u0161tvo Celjana\" \/>\n<meta name=\"twitter:card\" content=\"summary_large_image\" \/>\n<meta name=\"twitter:label1\" content=\"Written by\" \/>\n\t<meta name=\"twitter:data1\" content=\"Uredni\u0161tvo Celjana\" \/>\n\t<meta name=\"twitter:label2\" content=\"Est. reading time\" \/>\n\t<meta name=\"twitter:data2\" content=\"2 minuti\" \/>\n<script type=\"application\/ld+json\" class=\"yoast-schema-graph\">{\"@context\":\"https:\\\/\\\/schema.org\",\"@graph\":[{\"@type\":\"Article\",\"@id\":\"https:\\\/\\\/novice.si\\\/page\\\/pilotni-projekt-od-odpadkov-do-energije\\\/#article\",\"isPartOf\":{\"@id\":\"https:\\\/\\\/novice.si\\\/page\\\/pilotni-projekt-od-odpadkov-do-energije\\\/\"},\"author\":{\"name\":\"Uredni\u0161tvo Celjana\",\"@id\":\"https:\\\/\\\/novice.si\\\/page\\\/#\\\/schema\\\/person\\\/a49f233ef2777ec7b2e8d0662325bb48\"},\"headline\":\"Pilotni projekt Od odpadkov do energije\",\"datePublished\":\"2023-06-01T09:40:32+00:00\",\"mainEntityOfPage\":{\"@id\":\"https:\\\/\\\/novice.si\\\/page\\\/pilotni-projekt-od-odpadkov-do-energije\\\/\"},\"wordCount\":257,\"publisher\":{\"@id\":\"https:\\\/\\\/novice.si\\\/page\\\/#organization\"},\"image\":{\"@id\":\"https:\\\/\\\/novice.si\\\/page\\\/pilotni-projekt-od-odpadkov-do-energije\\\/#primaryimage\"},\"thumbnailUrl\":\"https:\\\/\\\/novice.si\\\/page\\\/wp-content\\\/uploads\\\/2023\\\/05\\\/Mladi-od-odpadkov-do-energije-scaled.jpg\",\"articleSection\":[\"Aktualno\",\"Celjan\",\"Celjsko\"],\"inLanguage\":\"sl-SI\"},{\"@type\":\"WebPage\",\"@id\":\"https:\\\/\\\/novice.si\\\/page\\\/pilotni-projekt-od-odpadkov-do-energije\\\/\",\"url\":\"https:\\\/\\\/novice.si\\\/page\\\/pilotni-projekt-od-odpadkov-do-energije\\\/\",\"name\":\"Pilotni projekt Od odpadkov do energije - Novice.si\",\"isPartOf\":{\"@id\":\"https:\\\/\\\/novice.si\\\/page\\\/#website\"},\"primaryImageOfPage\":{\"@id\":\"https:\\\/\\\/novice.si\\\/page\\\/pilotni-projekt-od-odpadkov-do-energije\\\/#primaryimage\"},\"image\":{\"@id\":\"https:\\\/\\\/novice.si\\\/page\\\/pilotni-projekt-od-odpadkov-do-energije\\\/#primaryimage\"},\"thumbnailUrl\":\"https:\\\/\\\/novice.si\\\/page\\\/wp-content\\\/uploads\\\/2023\\\/05\\\/Mladi-od-odpadkov-do-energije-scaled.jpg\",\"datePublished\":\"2023-06-01T09:40:32+00:00\",\"breadcrumb\":{\"@id\":\"https:\\\/\\\/novice.si\\\/page\\\/pilotni-projekt-od-odpadkov-do-energije\\\/#breadcrumb\"},\"inLanguage\":\"sl-SI\",\"potentialAction\":[{\"@type\":\"ReadAction\",\"target\":[\"https:\\\/\\\/novice.si\\\/page\\\/pilotni-projekt-od-odpadkov-do-energije\\\/\"]}]},{\"@type\":\"ImageObject\",\"inLanguage\":\"sl-SI\",\"@id\":\"https:\\\/\\\/novice.si\\\/page\\\/pilotni-projekt-od-odpadkov-do-energije\\\/#primaryimage\",\"url\":\"https:\\\/\\\/novice.si\\\/page\\\/wp-content\\\/uploads\\\/2023\\\/05\\\/Mladi-od-odpadkov-do-energije-scaled.jpg\",\"contentUrl\":\"https:\\\/\\\/novice.si\\\/page\\\/wp-content\\\/uploads\\\/2023\\\/05\\\/Mladi-od-odpadkov-do-energije-scaled.jpg\",\"width\":2560,\"height\":1441},{\"@type\":\"BreadcrumbList\",\"@id\":\"https:\\\/\\\/novice.si\\\/page\\\/pilotni-projekt-od-odpadkov-do-energije\\\/#breadcrumb\",\"itemListElement\":[{\"@type\":\"ListItem\",\"position\":1,\"name\":\"Home\",\"item\":\"https:\\\/\\\/novice.si\\\/page\\\/\"},{\"@type\":\"ListItem\",\"position\":2,\"name\":\"Pilotni projekt Od odpadkov do energije\"}]},{\"@type\":\"WebSite\",\"@id\":\"https:\\\/\\\/novice.si\\\/page\\\/#website\",\"url\":\"https:\\\/\\\/novice.si\\\/page\\\/\",\"name\":\"Novice.si\",\"description\":\"\",\"publisher\":{\"@id\":\"https:\\\/\\\/novice.si\\\/page\\\/#organization\"},\"potentialAction\":[{\"@type\":\"SearchAction\",\"target\":{\"@type\":\"EntryPoint\",\"urlTemplate\":\"https:\\\/\\\/novice.si\\\/page\\\/?s={search_term_string}\"},\"query-input\":{\"@type\":\"PropertyValueSpecification\",\"valueRequired\":true,\"valueName\":\"search_term_string\"}}],\"inLanguage\":\"sl-SI\"},{\"@type\":\"Organization\",\"@id\":\"https:\\\/\\\/novice.si\\\/page\\\/#organization\",\"name\":\"Novice.si\",\"url\":\"https:\\\/\\\/novice.si\\\/page\\\/\",\"logo\":{\"@type\":\"ImageObject\",\"inLanguage\":\"sl-SI\",\"@id\":\"https:\\\/\\\/novice.si\\\/page\\\/#\\\/schema\\\/logo\\\/image\\\/\",\"url\":\"https:\\\/\\\/novice.si\\\/page\\\/wp-content\\\/uploads\\\/2023\\\/03\\\/novice_si.png\",\"contentUrl\":\"https:\\\/\\\/novice.si\\\/page\\\/wp-content\\\/uploads\\\/2023\\\/03\\\/novice_si.png\",\"width\":576,\"height\":200,\"caption\":\"Novice.si\"},\"image\":{\"@id\":\"https:\\\/\\\/novice.si\\\/page\\\/#\\\/schema\\\/logo\\\/image\\\/\"}},{\"@type\":\"Person\",\"@id\":\"https:\\\/\\\/novice.si\\\/page\\\/#\\\/schema\\\/person\\\/a49f233ef2777ec7b2e8d0662325bb48\",\"name\":\"Uredni\u0161tvo Celjana\",\"image\":{\"@type\":\"ImageObject\",\"inLanguage\":\"sl-SI\",\"@id\":\"https:\\\/\\\/secure.gravatar.com\\\/avatar\\\/7f7863e616af8f92806c638dd1db3f1a238d83d1cc2ec3100afc06fbb7eb303f?s=96&d=mm&r=g\",\"url\":\"https:\\\/\\\/secure.gravatar.com\\\/avatar\\\/7f7863e616af8f92806c638dd1db3f1a238d83d1cc2ec3100afc06fbb7eb303f?s=96&d=mm&r=g\",\"contentUrl\":\"https:\\\/\\\/secure.gravatar.com\\\/avatar\\\/7f7863e616af8f92806c638dd1db3f1a238d83d1cc2ec3100afc06fbb7eb303f?s=96&d=mm&r=g\",\"caption\":\"Uredni\u0161tvo Celjana\"},\"url\":\"https:\\\/\\\/novice.si\\\/page\\\/author\\\/maja\\\/\"}]}<\/script>\n<!-- \/ Yoast SEO plugin. -->","yoast_head_json":{"title":"Pilotni projekt Od odpadkov do energije - Novice.si","robots":{"index":"index","follow":"follow","max-snippet":"max-snippet:-1","max-image-preview":"max-image-preview:large","max-video-preview":"max-video-preview:-1"},"canonical":"https:\/\/novice.si\/page\/pilotni-projekt-od-odpadkov-do-energije\/","og_locale":"sl_SI","og_type":"article","og_title":"Pilotni projekt Od odpadkov do energije - Novice.si","og_description":"U\u010denci 8. razredov III. O\u0160 Celje so v sklopu naravoslovnega dne sodelovali v pilotnem projektu Od odpadkov do energije. Gre za program spodbujanja odgovornega ravnanja s komunalnimi odpadki v Mestni ob\u010dini Celje, katerega cilj je izbolj\u0161ati znanje na podro\u010dju okoljskih vpra\u0161anj, s poudarkom na razvoju ve\u0161\u010din za zmanj\u0161evanje koli\u010din odpadkov. Projekt so izvedli prvi\u010d, v [&hellip;]","og_url":"https:\/\/novice.si\/page\/pilotni-projekt-od-odpadkov-do-energije\/","og_site_name":"Novice.si","article_published_time":"2023-06-01T09:40:32+00:00","og_image":[{"width":2560,"height":1441,"url":"https:\/\/novice.si\/page\/wp-content\/uploads\/2023\/05\/Mladi-od-odpadkov-do-energije-scaled.jpg","type":"image\/jpeg"}],"author":"Uredni\u0161tvo Celjana","twitter_card":"summary_large_image","twitter_misc":{"Written by":"Uredni\u0161tvo Celjana","Est. reading time":"2 minuti"},"schema":{"@context":"https:\/\/schema.org","@graph":[{"@type":"Article","@id":"https:\/\/novice.si\/page\/pilotni-projekt-od-odpadkov-do-energije\/#article","isPartOf":{"@id":"https:\/\/novice.si\/page\/pilotni-projekt-od-odpadkov-do-energije\/"},"author":{"name":"Uredni\u0161tvo Celjana","@id":"https:\/\/novice.si\/page\/#\/schema\/person\/a49f233ef2777ec7b2e8d0662325bb48"},"headline":"Pilotni projekt Od odpadkov do energije","datePublished":"2023-06-01T09:40:32+00:00","mainEntityOfPage":{"@id":"https:\/\/novice.si\/page\/pilotni-projekt-od-odpadkov-do-energije\/"},"wordCount":257,"publisher":{"@id":"https:\/\/novice.si\/page\/#organization"},"image":{"@id":"https:\/\/novice.si\/page\/pilotni-projekt-od-odpadkov-do-energije\/#primaryimage"},"thumbnailUrl":"https:\/\/novice.si\/page\/wp-content\/uploads\/2023\/05\/Mladi-od-odpadkov-do-energije-scaled.jpg","articleSection":["Aktualno","Celjan","Celjsko"],"inLanguage":"sl-SI"},{"@type":"WebPage","@id":"https:\/\/novice.si\/page\/pilotni-projekt-od-odpadkov-do-energije\/","url":"https:\/\/novice.si\/page\/pilotni-projekt-od-odpadkov-do-energije\/","name":"Pilotni projekt Od odpadkov do energije - Novice.si","isPartOf":{"@id":"https:\/\/novice.si\/page\/#website"},"primaryImageOfPage":{"@id":"https:\/\/novice.si\/page\/pilotni-projekt-od-odpadkov-do-energije\/#primaryimage"},"image":{"@id":"https:\/\/novice.si\/page\/pilotni-projekt-od-odpadkov-do-energije\/#primaryimage"},"thumbnailUrl":"https:\/\/novice.si\/page\/wp-content\/uploads\/2023\/05\/Mladi-od-odpadkov-do-energije-scaled.jpg","datePublished":"2023-06-01T09:40:32+00:00","breadcrumb":{"@id":"https:\/\/novice.si\/page\/pilotni-projekt-od-odpadkov-do-energije\/#breadcrumb"},"inLanguage":"sl-SI","potentialAction":[{"@type":"ReadAction","target":["https:\/\/novice.si\/page\/pilotni-projekt-od-odpadkov-do-energije\/"]}]},{"@type":"ImageObject","inLanguage":"sl-SI","@id":"https:\/\/novice.si\/page\/pilotni-projekt-od-odpadkov-do-energije\/#primaryimage","url":"https:\/\/novice.si\/page\/wp-content\/uploads\/2023\/05\/Mladi-od-odpadkov-do-energije-scaled.jpg","contentUrl":"https:\/\/novice.si\/page\/wp-content\/uploads\/2023\/05\/Mladi-od-odpadkov-do-energije-scaled.jpg","width":2560,"height":1441},{"@type":"BreadcrumbList","@id":"https:\/\/novice.si\/page\/pilotni-projekt-od-odpadkov-do-energije\/#breadcrumb","itemListElement":[{"@type":"ListItem","position":1,"name":"Home","item":"https:\/\/novice.si\/page\/"},{"@type":"ListItem","position":2,"name":"Pilotni projekt Od odpadkov do energije"}]},{"@type":"WebSite","@id":"https:\/\/novice.si\/page\/#website","url":"https:\/\/novice.si\/page\/","name":"Novice.si","description":"","publisher":{"@id":"https:\/\/novice.si\/page\/#organization"},"potentialAction":[{"@type":"SearchAction","target":{"@type":"EntryPoint","urlTemplate":"https:\/\/novice.si\/page\/?s={search_term_string}"},"query-input":{"@type":"PropertyValueSpecification","valueRequired":true,"valueName":"search_term_string"}}],"inLanguage":"sl-SI"},{"@type":"Organization","@id":"https:\/\/novice.si\/page\/#organization","name":"Novice.si","url":"https:\/\/novice.si\/page\/","logo":{"@type":"ImageObject","inLanguage":"sl-SI","@id":"https:\/\/novice.si\/page\/#\/schema\/logo\/image\/","url":"https:\/\/novice.si\/page\/wp-content\/uploads\/2023\/03\/novice_si.png","contentUrl":"https:\/\/novice.si\/page\/wp-content\/uploads\/2023\/03\/novice_si.png","width":576,"height":200,"caption":"Novice.si"},"image":{"@id":"https:\/\/novice.si\/page\/#\/schema\/logo\/image\/"}},{"@type":"Person","@id":"https:\/\/novice.si\/page\/#\/schema\/person\/a49f233ef2777ec7b2e8d0662325bb48","name":"Uredni\u0161tvo Celjana","image":{"@type":"ImageObject","inLanguage":"sl-SI","@id":"https:\/\/secure.gravatar.com\/avatar\/7f7863e616af8f92806c638dd1db3f1a238d83d1cc2ec3100afc06fbb7eb303f?s=96&d=mm&r=g","url":"https:\/\/secure.gravatar.com\/avatar\/7f7863e616af8f92806c638dd1db3f1a238d83d1cc2ec3100afc06fbb7eb303f?s=96&d=mm&r=g","contentUrl":"https:\/\/secure.gravatar.com\/avatar\/7f7863e616af8f92806c638dd1db3f1a238d83d1cc2ec3100afc06fbb7eb303f?s=96&d=mm&r=g","caption":"Uredni\u0161tvo Celjana"},"url":"https:\/\/novice.si\/page\/author\/maja\/"}]}},"_links":{"self":[{"href":"https:\/\/novice.si\/page\/wp-json\/wp\/v2\/posts\/163398","targetHints":{"allow":["GET"]}}],"collection":[{"href":"https:\/\/novice.si\/page\/wp-json\/wp\/v2\/posts"}],"about":[{"href":"https:\/\/novice.si\/page\/wp-json\/wp\/v2\/types\/post"}],"author":[{"embeddable":true,"href":"https:\/\/novice.si\/page\/wp-json\/wp\/v2\/users\/55"}],"replies":[{"embeddable":true,"href":"https:\/\/novice.si\/page\/wp-json\/wp\/v2\/comments?post=163398"}],"version-history":[{"count":1,"href":"https:\/\/novice.si\/page\/wp-json\/wp\/v2\/posts\/163398\/revisions"}],"predecessor-version":[{"id":163401,"href":"https:\/\/novice.si\/page\/wp-json\/wp\/v2\/posts\/163398\/revisions\/163401"}],"wp:featuredmedia":[{"embeddable":true,"href":"https:\/\/novice.si\/page\/wp-json\/wp\/v2\/media\/163400"}],"wp:attachment":[{"href":"https:\/\/novice.si\/page\/wp-json\/wp\/v2\/media?parent=163398"}],"wp:term":[{"taxonomy":"category","embeddable":true,"href":"https:\/\/novice.si\/page\/wp-json\/wp\/v2\/categories?post=163398"},{"taxonomy":"post_tag","embeddable":true,"href":"https:\/\/novice.si\/page\/wp-json\/wp\/v2\/tags?post=163398"}],"curies":[{"name":"wp","href":"https:\/\/api.w.org\/{rel}","templated":true}]}}