{"id":163294,"date":"2023-05-29T20:08:22","date_gmt":"2023-05-29T18:08:22","guid":{"rendered":"https:\/\/novice.si\/page\/?p=163294"},"modified":"2023-05-29T20:18:08","modified_gmt":"2023-05-29T18:18:08","slug":"popravek-clanka-evropski-tozilci-nad-goljufije-celjskih-direktoric-objavljen-dne-28-4-2023","status":"publish","type":"post","link":"https:\/\/novice.si\/page\/popravek-clanka-evropski-tozilci-nad-goljufije-celjskih-direktoric-objavljen-dne-28-4-2023\/","title":{"rendered":"\u00bbPopravek \u010dlanka\u00ab Evropski to\u017eilci nad goljufije celjskih direktoric, objavljen dne 28. 4. 2023"},"content":{"rendered":"<p><img loading=\"lazy\" decoding=\"async\" class=\"wp-image-163296 alignright\" src=\"https:\/\/novice.si\/page\/wp-content\/uploads\/2023\/05\/klicaj-600x340.jpg\" alt=\"\" width=\"281\" height=\"159\" srcset=\"https:\/\/novice.si\/page\/wp-content\/uploads\/2023\/05\/klicaj-600x340.jpg 600w, https:\/\/novice.si\/page\/wp-content\/uploads\/2023\/05\/klicaj-1024x580.jpg 1024w, https:\/\/novice.si\/page\/wp-content\/uploads\/2023\/05\/klicaj-768x435.jpg 768w, https:\/\/novice.si\/page\/wp-content\/uploads\/2023\/05\/klicaj-696x394.jpg 696w, https:\/\/novice.si\/page\/wp-content\/uploads\/2023\/05\/klicaj-1068x605.jpg 1068w, https:\/\/novice.si\/page\/wp-content\/uploads\/2023\/05\/klicaj-742x420.jpg 742w, https:\/\/novice.si\/page\/wp-content\/uploads\/2023\/05\/klicaj-24x14.jpg 24w, https:\/\/novice.si\/page\/wp-content\/uploads\/2023\/05\/klicaj-36x20.jpg 36w, https:\/\/novice.si\/page\/wp-content\/uploads\/2023\/05\/klicaj-48x27.jpg 48w, https:\/\/novice.si\/page\/wp-content\/uploads\/2023\/05\/klicaj.jpg 1125w\" sizes=\"auto, (max-width: 281px) 100vw, 281px\" \/>Zakonita zastopnica dru\u017ebe Griffin d.o.o. Tanja \u010cajavec z domnevno obto\u017enico ni seznanjena. Obto\u017enica ji (\u0161e) ni bila vro\u010dena, zato se do o\u010ditkov, ki so povzeti v \u010dlanku, ne more konkretno in natan\u010dno opredeliti. Obenem poudarja, da velja po slovenski zakonodaji in Ustavi Republike Slovenije (27. \u010dlen) domneva nedol\u017enosti, in sicer, da kdor je obto\u017een kaznivega ravnanja, velja za nedol\u017enega, dokler njihova krivda ni ugotovljena s pravnomo\u010dno sodbo in obsoja javno objavo imena oziroma naziva domnevno osumljenih oseb. Glede na navedeno je povzemanje o\u010ditkov iz domnevne obto\u017enice, \u0161e preden je ta sploh postala pravnomo\u010dna, najmanj preuranjeno, dru\u017eba Griffin d.o.o. ter Tanja \u010cajavec pa o\u010ditke, povzete v navedenem \u010dlanku, zavra\u010data kot neutemeljene.<\/p>\n<p>&nbsp;<\/p>\n<p style=\"text-align: right;\">Tanja \u010cajavec in Griffin d.o.o.<\/p>\n<p>&nbsp;<\/p>\n<p>Vsebina se nana\u0161a na objavljen prispevek objavljen <strong><a href=\"https:\/\/novice.si\/page\/celje-evropski-tozilci-nad-goljufijo-celjskih-direktoric\/\" target=\"_blank\" rel=\"noopener\">TUKAJ.\u00a0<\/a><\/strong><\/p>\n","protected":false},"excerpt":{"rendered":"<p>Zakonita zastopnica dru\u017ebe Griffin d.o.o. Tanja \u010cajavec z domnevno obto\u017enico ni seznanjena. Obto\u017enica ji (\u0161e) ni bila vro\u010dena, zato se do o\u010ditkov, ki so povzeti v \u010dlanku, ne more konkretno in natan\u010dno opredeliti. Obenem poudarja, da velja po slovenski zakonodaji in Ustavi Republike Slovenije (27. \u010dlen) domneva nedol\u017enosti, in sicer, da kdor je obto\u017een kaznivega [&hellip;]<\/p>\n","protected":false},"author":12,"featured_media":163296,"comment_status":"closed","ping_status":"closed","sticky":false,"template":"","format":"standard","meta":{"footnotes":""},"categories":[17,29],"tags":[17942,9509],"class_list":{"0":"post-163294","1":"post","2":"type-post","3":"status-publish","4":"format-standard","5":"has-post-thumbnail","7":"category-celjsko","8":"category-kronika","9":"tag-griffin-doo","10":"tag-tanja-cajavec"},"yoast_head":"<!-- This site is optimized with the Yoast SEO plugin v27.4 - https:\/\/yoast.com\/product\/yoast-seo-wordpress\/ -->\n<title>\u00bbPopravek \u010dlanka\u00ab Evropski to\u017eilci nad goljufije celjskih direktoric, objavljen dne 28. 4. 2023 - Novice.si<\/title>\n<meta name=\"robots\" content=\"index, follow, max-snippet:-1, max-image-preview:large, max-video-preview:-1\" \/>\n<link rel=\"canonical\" href=\"https:\/\/novice.si\/page\/popravek-clanka-evropski-tozilci-nad-goljufije-celjskih-direktoric-objavljen-dne-28-4-2023\/\" \/>\n<meta property=\"og:locale\" content=\"sl_SI\" \/>\n<meta property=\"og:type\" content=\"article\" \/>\n<meta property=\"og:title\" content=\"\u00bbPopravek \u010dlanka\u00ab Evropski to\u017eilci nad goljufije celjskih direktoric, objavljen dne 28. 4. 2023 - Novice.si\" \/>\n<meta property=\"og:description\" content=\"Zakonita zastopnica dru\u017ebe Griffin d.o.o. Tanja \u010cajavec z domnevno obto\u017enico ni seznanjena. Obto\u017enica ji (\u0161e) ni bila vro\u010dena, zato se do o\u010ditkov, ki so povzeti v \u010dlanku, ne more konkretno in natan\u010dno opredeliti. Obenem poudarja, da velja po slovenski zakonodaji in Ustavi Republike Slovenije (27. \u010dlen) domneva nedol\u017enosti, in sicer, da kdor je obto\u017een kaznivega [&hellip;]\" \/>\n<meta property=\"og:url\" content=\"https:\/\/novice.si\/page\/popravek-clanka-evropski-tozilci-nad-goljufije-celjskih-direktoric-objavljen-dne-28-4-2023\/\" \/>\n<meta property=\"og:site_name\" content=\"Novice.si\" \/>\n<meta property=\"article:published_time\" content=\"2023-05-29T18:08:22+00:00\" \/>\n<meta property=\"article:modified_time\" content=\"2023-05-29T18:18:08+00:00\" \/>\n<meta property=\"og:image\" content=\"https:\/\/novice.si\/page\/wp-content\/uploads\/2023\/05\/klicaj.jpg\" \/>\n\t<meta property=\"og:image:width\" content=\"1125\" \/>\n\t<meta property=\"og:image:height\" content=\"637\" \/>\n\t<meta property=\"og:image:type\" content=\"image\/jpeg\" \/>\n<meta name=\"author\" content=\"Uredni\u0161tvo Celjana\" \/>\n<meta name=\"twitter:card\" content=\"summary_large_image\" \/>\n<meta name=\"twitter:label1\" content=\"Written by\" \/>\n\t<meta name=\"twitter:data1\" content=\"Uredni\u0161tvo Celjana\" \/>\n\t<meta name=\"twitter:label2\" content=\"Est. reading time\" \/>\n\t<meta name=\"twitter:data2\" content=\"1 minuta\" \/>\n<script type=\"application\/ld+json\" class=\"yoast-schema-graph\">{\"@context\":\"https:\\\/\\\/schema.org\",\"@graph\":[{\"@type\":\"Article\",\"@id\":\"https:\\\/\\\/novice.si\\\/page\\\/popravek-clanka-evropski-tozilci-nad-goljufije-celjskih-direktoric-objavljen-dne-28-4-2023\\\/#article\",\"isPartOf\":{\"@id\":\"https:\\\/\\\/novice.si\\\/page\\\/popravek-clanka-evropski-tozilci-nad-goljufije-celjskih-direktoric-objavljen-dne-28-4-2023\\\/\"},\"author\":{\"name\":\"Uredni\u0161tvo Celjana\",\"@id\":\"https:\\\/\\\/novice.si\\\/page\\\/#\\\/schema\\\/person\\\/51903923b50fefb075bc1cd24fe4d065\"},\"headline\":\"\u00bbPopravek \u010dlanka\u00ab Evropski to\u017eilci nad goljufije celjskih direktoric, objavljen dne 28. 4. 2023\",\"datePublished\":\"2023-05-29T18:08:22+00:00\",\"dateModified\":\"2023-05-29T18:18:08+00:00\",\"mainEntityOfPage\":{\"@id\":\"https:\\\/\\\/novice.si\\\/page\\\/popravek-clanka-evropski-tozilci-nad-goljufije-celjskih-direktoric-objavljen-dne-28-4-2023\\\/\"},\"wordCount\":158,\"publisher\":{\"@id\":\"https:\\\/\\\/novice.si\\\/page\\\/#organization\"},\"image\":{\"@id\":\"https:\\\/\\\/novice.si\\\/page\\\/popravek-clanka-evropski-tozilci-nad-goljufije-celjskih-direktoric-objavljen-dne-28-4-2023\\\/#primaryimage\"},\"thumbnailUrl\":\"https:\\\/\\\/novice.si\\\/page\\\/wp-content\\\/uploads\\\/2023\\\/05\\\/klicaj.jpg\",\"keywords\":[\"griffin doo\",\"tanja \u010dajavec\"],\"articleSection\":[\"Celjsko\",\"Kronika\"],\"inLanguage\":\"sl-SI\"},{\"@type\":\"WebPage\",\"@id\":\"https:\\\/\\\/novice.si\\\/page\\\/popravek-clanka-evropski-tozilci-nad-goljufije-celjskih-direktoric-objavljen-dne-28-4-2023\\\/\",\"url\":\"https:\\\/\\\/novice.si\\\/page\\\/popravek-clanka-evropski-tozilci-nad-goljufije-celjskih-direktoric-objavljen-dne-28-4-2023\\\/\",\"name\":\"\u00bbPopravek \u010dlanka\u00ab Evropski to\u017eilci nad goljufije celjskih direktoric, objavljen dne 28. 4. 2023 - Novice.si\",\"isPartOf\":{\"@id\":\"https:\\\/\\\/novice.si\\\/page\\\/#website\"},\"primaryImageOfPage\":{\"@id\":\"https:\\\/\\\/novice.si\\\/page\\\/popravek-clanka-evropski-tozilci-nad-goljufije-celjskih-direktoric-objavljen-dne-28-4-2023\\\/#primaryimage\"},\"image\":{\"@id\":\"https:\\\/\\\/novice.si\\\/page\\\/popravek-clanka-evropski-tozilci-nad-goljufije-celjskih-direktoric-objavljen-dne-28-4-2023\\\/#primaryimage\"},\"thumbnailUrl\":\"https:\\\/\\\/novice.si\\\/page\\\/wp-content\\\/uploads\\\/2023\\\/05\\\/klicaj.jpg\",\"datePublished\":\"2023-05-29T18:08:22+00:00\",\"dateModified\":\"2023-05-29T18:18:08+00:00\",\"breadcrumb\":{\"@id\":\"https:\\\/\\\/novice.si\\\/page\\\/popravek-clanka-evropski-tozilci-nad-goljufije-celjskih-direktoric-objavljen-dne-28-4-2023\\\/#breadcrumb\"},\"inLanguage\":\"sl-SI\",\"potentialAction\":[{\"@type\":\"ReadAction\",\"target\":[\"https:\\\/\\\/novice.si\\\/page\\\/popravek-clanka-evropski-tozilci-nad-goljufije-celjskih-direktoric-objavljen-dne-28-4-2023\\\/\"]}]},{\"@type\":\"ImageObject\",\"inLanguage\":\"sl-SI\",\"@id\":\"https:\\\/\\\/novice.si\\\/page\\\/popravek-clanka-evropski-tozilci-nad-goljufije-celjskih-direktoric-objavljen-dne-28-4-2023\\\/#primaryimage\",\"url\":\"https:\\\/\\\/novice.si\\\/page\\\/wp-content\\\/uploads\\\/2023\\\/05\\\/klicaj.jpg\",\"contentUrl\":\"https:\\\/\\\/novice.si\\\/page\\\/wp-content\\\/uploads\\\/2023\\\/05\\\/klicaj.jpg\",\"width\":1125,\"height\":637},{\"@type\":\"BreadcrumbList\",\"@id\":\"https:\\\/\\\/novice.si\\\/page\\\/popravek-clanka-evropski-tozilci-nad-goljufije-celjskih-direktoric-objavljen-dne-28-4-2023\\\/#breadcrumb\",\"itemListElement\":[{\"@type\":\"ListItem\",\"position\":1,\"name\":\"Home\",\"item\":\"https:\\\/\\\/novice.si\\\/page\\\/\"},{\"@type\":\"ListItem\",\"position\":2,\"name\":\"\u00bbPopravek \u010dlanka\u00ab Evropski to\u017eilci nad goljufije celjskih direktoric, objavljen dne 28. 4. 2023\"}]},{\"@type\":\"WebSite\",\"@id\":\"https:\\\/\\\/novice.si\\\/page\\\/#website\",\"url\":\"https:\\\/\\\/novice.si\\\/page\\\/\",\"name\":\"Novice.si\",\"description\":\"\",\"publisher\":{\"@id\":\"https:\\\/\\\/novice.si\\\/page\\\/#organization\"},\"potentialAction\":[{\"@type\":\"SearchAction\",\"target\":{\"@type\":\"EntryPoint\",\"urlTemplate\":\"https:\\\/\\\/novice.si\\\/page\\\/?s={search_term_string}\"},\"query-input\":{\"@type\":\"PropertyValueSpecification\",\"valueRequired\":true,\"valueName\":\"search_term_string\"}}],\"inLanguage\":\"sl-SI\"},{\"@type\":\"Organization\",\"@id\":\"https:\\\/\\\/novice.si\\\/page\\\/#organization\",\"name\":\"Novice.si\",\"url\":\"https:\\\/\\\/novice.si\\\/page\\\/\",\"logo\":{\"@type\":\"ImageObject\",\"inLanguage\":\"sl-SI\",\"@id\":\"https:\\\/\\\/novice.si\\\/page\\\/#\\\/schema\\\/logo\\\/image\\\/\",\"url\":\"https:\\\/\\\/novice.si\\\/page\\\/wp-content\\\/uploads\\\/2023\\\/03\\\/novice_si.png\",\"contentUrl\":\"https:\\\/\\\/novice.si\\\/page\\\/wp-content\\\/uploads\\\/2023\\\/03\\\/novice_si.png\",\"width\":576,\"height\":200,\"caption\":\"Novice.si\"},\"image\":{\"@id\":\"https:\\\/\\\/novice.si\\\/page\\\/#\\\/schema\\\/logo\\\/image\\\/\"}},{\"@type\":\"Person\",\"@id\":\"https:\\\/\\\/novice.si\\\/page\\\/#\\\/schema\\\/person\\\/51903923b50fefb075bc1cd24fe4d065\",\"name\":\"Uredni\u0161tvo Celjana\",\"image\":{\"@type\":\"ImageObject\",\"inLanguage\":\"sl-SI\",\"@id\":\"https:\\\/\\\/secure.gravatar.com\\\/avatar\\\/b516f102aa90b53619e09722b8ea56721c99bfcb4f1035f9b333d99f52330226?s=96&d=mm&r=g\",\"url\":\"https:\\\/\\\/secure.gravatar.com\\\/avatar\\\/b516f102aa90b53619e09722b8ea56721c99bfcb4f1035f9b333d99f52330226?s=96&d=mm&r=g\",\"contentUrl\":\"https:\\\/\\\/secure.gravatar.com\\\/avatar\\\/b516f102aa90b53619e09722b8ea56721c99bfcb4f1035f9b333d99f52330226?s=96&d=mm&r=g\",\"caption\":\"Uredni\u0161tvo Celjana\"},\"url\":\"https:\\\/\\\/novice.si\\\/page\\\/author\\\/nejc\\\/\"}]}<\/script>\n<!-- \/ Yoast SEO plugin. -->","yoast_head_json":{"title":"\u00bbPopravek \u010dlanka\u00ab Evropski to\u017eilci nad goljufije celjskih direktoric, objavljen dne 28. 4. 2023 - Novice.si","robots":{"index":"index","follow":"follow","max-snippet":"max-snippet:-1","max-image-preview":"max-image-preview:large","max-video-preview":"max-video-preview:-1"},"canonical":"https:\/\/novice.si\/page\/popravek-clanka-evropski-tozilci-nad-goljufije-celjskih-direktoric-objavljen-dne-28-4-2023\/","og_locale":"sl_SI","og_type":"article","og_title":"\u00bbPopravek \u010dlanka\u00ab Evropski to\u017eilci nad goljufije celjskih direktoric, objavljen dne 28. 4. 2023 - Novice.si","og_description":"Zakonita zastopnica dru\u017ebe Griffin d.o.o. Tanja \u010cajavec z domnevno obto\u017enico ni seznanjena. Obto\u017enica ji (\u0161e) ni bila vro\u010dena, zato se do o\u010ditkov, ki so povzeti v \u010dlanku, ne more konkretno in natan\u010dno opredeliti. Obenem poudarja, da velja po slovenski zakonodaji in Ustavi Republike Slovenije (27. \u010dlen) domneva nedol\u017enosti, in sicer, da kdor je obto\u017een kaznivega [&hellip;]","og_url":"https:\/\/novice.si\/page\/popravek-clanka-evropski-tozilci-nad-goljufije-celjskih-direktoric-objavljen-dne-28-4-2023\/","og_site_name":"Novice.si","article_published_time":"2023-05-29T18:08:22+00:00","article_modified_time":"2023-05-29T18:18:08+00:00","og_image":[{"width":1125,"height":637,"url":"https:\/\/novice.si\/page\/wp-content\/uploads\/2023\/05\/klicaj.jpg","type":"image\/jpeg"}],"author":"Uredni\u0161tvo Celjana","twitter_card":"summary_large_image","twitter_misc":{"Written by":"Uredni\u0161tvo Celjana","Est. reading time":"1 minuta"},"schema":{"@context":"https:\/\/schema.org","@graph":[{"@type":"Article","@id":"https:\/\/novice.si\/page\/popravek-clanka-evropski-tozilci-nad-goljufije-celjskih-direktoric-objavljen-dne-28-4-2023\/#article","isPartOf":{"@id":"https:\/\/novice.si\/page\/popravek-clanka-evropski-tozilci-nad-goljufije-celjskih-direktoric-objavljen-dne-28-4-2023\/"},"author":{"name":"Uredni\u0161tvo Celjana","@id":"https:\/\/novice.si\/page\/#\/schema\/person\/51903923b50fefb075bc1cd24fe4d065"},"headline":"\u00bbPopravek \u010dlanka\u00ab Evropski to\u017eilci nad goljufije celjskih direktoric, objavljen dne 28. 4. 2023","datePublished":"2023-05-29T18:08:22+00:00","dateModified":"2023-05-29T18:18:08+00:00","mainEntityOfPage":{"@id":"https:\/\/novice.si\/page\/popravek-clanka-evropski-tozilci-nad-goljufije-celjskih-direktoric-objavljen-dne-28-4-2023\/"},"wordCount":158,"publisher":{"@id":"https:\/\/novice.si\/page\/#organization"},"image":{"@id":"https:\/\/novice.si\/page\/popravek-clanka-evropski-tozilci-nad-goljufije-celjskih-direktoric-objavljen-dne-28-4-2023\/#primaryimage"},"thumbnailUrl":"https:\/\/novice.si\/page\/wp-content\/uploads\/2023\/05\/klicaj.jpg","keywords":["griffin doo","tanja \u010dajavec"],"articleSection":["Celjsko","Kronika"],"inLanguage":"sl-SI"},{"@type":"WebPage","@id":"https:\/\/novice.si\/page\/popravek-clanka-evropski-tozilci-nad-goljufije-celjskih-direktoric-objavljen-dne-28-4-2023\/","url":"https:\/\/novice.si\/page\/popravek-clanka-evropski-tozilci-nad-goljufije-celjskih-direktoric-objavljen-dne-28-4-2023\/","name":"\u00bbPopravek \u010dlanka\u00ab Evropski to\u017eilci nad goljufije celjskih direktoric, objavljen dne 28. 4. 2023 - Novice.si","isPartOf":{"@id":"https:\/\/novice.si\/page\/#website"},"primaryImageOfPage":{"@id":"https:\/\/novice.si\/page\/popravek-clanka-evropski-tozilci-nad-goljufije-celjskih-direktoric-objavljen-dne-28-4-2023\/#primaryimage"},"image":{"@id":"https:\/\/novice.si\/page\/popravek-clanka-evropski-tozilci-nad-goljufije-celjskih-direktoric-objavljen-dne-28-4-2023\/#primaryimage"},"thumbnailUrl":"https:\/\/novice.si\/page\/wp-content\/uploads\/2023\/05\/klicaj.jpg","datePublished":"2023-05-29T18:08:22+00:00","dateModified":"2023-05-29T18:18:08+00:00","breadcrumb":{"@id":"https:\/\/novice.si\/page\/popravek-clanka-evropski-tozilci-nad-goljufije-celjskih-direktoric-objavljen-dne-28-4-2023\/#breadcrumb"},"inLanguage":"sl-SI","potentialAction":[{"@type":"ReadAction","target":["https:\/\/novice.si\/page\/popravek-clanka-evropski-tozilci-nad-goljufije-celjskih-direktoric-objavljen-dne-28-4-2023\/"]}]},{"@type":"ImageObject","inLanguage":"sl-SI","@id":"https:\/\/novice.si\/page\/popravek-clanka-evropski-tozilci-nad-goljufije-celjskih-direktoric-objavljen-dne-28-4-2023\/#primaryimage","url":"https:\/\/novice.si\/page\/wp-content\/uploads\/2023\/05\/klicaj.jpg","contentUrl":"https:\/\/novice.si\/page\/wp-content\/uploads\/2023\/05\/klicaj.jpg","width":1125,"height":637},{"@type":"BreadcrumbList","@id":"https:\/\/novice.si\/page\/popravek-clanka-evropski-tozilci-nad-goljufije-celjskih-direktoric-objavljen-dne-28-4-2023\/#breadcrumb","itemListElement":[{"@type":"ListItem","position":1,"name":"Home","item":"https:\/\/novice.si\/page\/"},{"@type":"ListItem","position":2,"name":"\u00bbPopravek \u010dlanka\u00ab Evropski to\u017eilci nad goljufije celjskih direktoric, objavljen dne 28. 4. 2023"}]},{"@type":"WebSite","@id":"https:\/\/novice.si\/page\/#website","url":"https:\/\/novice.si\/page\/","name":"Novice.si","description":"","publisher":{"@id":"https:\/\/novice.si\/page\/#organization"},"potentialAction":[{"@type":"SearchAction","target":{"@type":"EntryPoint","urlTemplate":"https:\/\/novice.si\/page\/?s={search_term_string}"},"query-input":{"@type":"PropertyValueSpecification","valueRequired":true,"valueName":"search_term_string"}}],"inLanguage":"sl-SI"},{"@type":"Organization","@id":"https:\/\/novice.si\/page\/#organization","name":"Novice.si","url":"https:\/\/novice.si\/page\/","logo":{"@type":"ImageObject","inLanguage":"sl-SI","@id":"https:\/\/novice.si\/page\/#\/schema\/logo\/image\/","url":"https:\/\/novice.si\/page\/wp-content\/uploads\/2023\/03\/novice_si.png","contentUrl":"https:\/\/novice.si\/page\/wp-content\/uploads\/2023\/03\/novice_si.png","width":576,"height":200,"caption":"Novice.si"},"image":{"@id":"https:\/\/novice.si\/page\/#\/schema\/logo\/image\/"}},{"@type":"Person","@id":"https:\/\/novice.si\/page\/#\/schema\/person\/51903923b50fefb075bc1cd24fe4d065","name":"Uredni\u0161tvo Celjana","image":{"@type":"ImageObject","inLanguage":"sl-SI","@id":"https:\/\/secure.gravatar.com\/avatar\/b516f102aa90b53619e09722b8ea56721c99bfcb4f1035f9b333d99f52330226?s=96&d=mm&r=g","url":"https:\/\/secure.gravatar.com\/avatar\/b516f102aa90b53619e09722b8ea56721c99bfcb4f1035f9b333d99f52330226?s=96&d=mm&r=g","contentUrl":"https:\/\/secure.gravatar.com\/avatar\/b516f102aa90b53619e09722b8ea56721c99bfcb4f1035f9b333d99f52330226?s=96&d=mm&r=g","caption":"Uredni\u0161tvo Celjana"},"url":"https:\/\/novice.si\/page\/author\/nejc\/"}]}},"_links":{"self":[{"href":"https:\/\/novice.si\/page\/wp-json\/wp\/v2\/posts\/163294","targetHints":{"allow":["GET"]}}],"collection":[{"href":"https:\/\/novice.si\/page\/wp-json\/wp\/v2\/posts"}],"about":[{"href":"https:\/\/novice.si\/page\/wp-json\/wp\/v2\/types\/post"}],"author":[{"embeddable":true,"href":"https:\/\/novice.si\/page\/wp-json\/wp\/v2\/users\/12"}],"replies":[{"embeddable":true,"href":"https:\/\/novice.si\/page\/wp-json\/wp\/v2\/comments?post=163294"}],"version-history":[{"count":4,"href":"https:\/\/novice.si\/page\/wp-json\/wp\/v2\/posts\/163294\/revisions"}],"predecessor-version":[{"id":163301,"href":"https:\/\/novice.si\/page\/wp-json\/wp\/v2\/posts\/163294\/revisions\/163301"}],"wp:featuredmedia":[{"embeddable":true,"href":"https:\/\/novice.si\/page\/wp-json\/wp\/v2\/media\/163296"}],"wp:attachment":[{"href":"https:\/\/novice.si\/page\/wp-json\/wp\/v2\/media?parent=163294"}],"wp:term":[{"taxonomy":"category","embeddable":true,"href":"https:\/\/novice.si\/page\/wp-json\/wp\/v2\/categories?post=163294"},{"taxonomy":"post_tag","embeddable":true,"href":"https:\/\/novice.si\/page\/wp-json\/wp\/v2\/tags?post=163294"}],"curies":[{"name":"wp","href":"https:\/\/api.w.org\/{rel}","templated":true}]}}