{"id":163255,"date":"2023-05-29T12:08:41","date_gmt":"2023-05-29T10:08:41","guid":{"rendered":"https:\/\/novice.si\/page\/?p=163255"},"modified":"2023-05-29T12:08:41","modified_gmt":"2023-05-29T10:08:41","slug":"celje-s-konjice-v-pozarih-pol-milijona-evrov-skode","status":"publish","type":"post","link":"https:\/\/novice.si\/page\/celje-s-konjice-v-pozarih-pol-milijona-evrov-skode\/","title":{"rendered":"CELJE S. KONJICE V po\u017earih pol milijona evrov \u0161kode"},"content":{"rendered":"<p>Pisali smo \u017ee o petkovem velikem po\u017earu na deponiji v Bukov\u017elaku pri Celju, kjer je <img loading=\"lazy\" decoding=\"async\" class=\"size-full wp-image-163133 alignleft\" src=\"https:\/\/novice.si\/page\/wp-content\/uploads\/2023\/05\/bukovzlak-deponija-pozar-1.jpg\" alt=\"\" width=\"295\" height=\"170\" srcset=\"https:\/\/novice.si\/page\/wp-content\/uploads\/2023\/05\/bukovzlak-deponija-pozar-1.jpg 295w, https:\/\/novice.si\/page\/wp-content\/uploads\/2023\/05\/bukovzlak-deponija-pozar-1-24x14.jpg 24w, https:\/\/novice.si\/page\/wp-content\/uploads\/2023\/05\/bukovzlak-deponija-pozar-1-36x21.jpg 36w, https:\/\/novice.si\/page\/wp-content\/uploads\/2023\/05\/bukovzlak-deponija-pozar-1-48x28.jpg 48w\" sizes=\"auto, (max-width: 295px) 100vw, 295px\" \/>zagorelo pribli\u017eno 800 kubi\u010dnih metrov odpadkov. Ogenj, ki je nastal zaradi samov\u017eiga, se je raz\u0161iril \u0161e na bli\u017enjo halo demonta\u017ee, kjer so se vneli \u0161e komunalni odpadki. Tujo krivdo so preiskovalci izklju\u010dili, gmotno \u0161kodo cenijo na 200 tiso\u010d evrov.<\/p>\n<p>\u0160e sto tiso\u010dakov vi\u0161jo \u0161kodo imajo v \u017eagi v Lo\u010dah, kjer je prav tako v petek popoldne zagorelo ve\u010d objektov. Preiskava je pokazala na eksplozijo pra\u0161nih delcev v silosu, kjer se zbira masa za izdelavo peletov. Ognjeni zublji so nato posko\u010dili \u0161e na druga poslopja. Tujo krivdo so tudi v tem primeru izklju\u010dili.<\/p>\n<p>P\u0160<\/p>\n","protected":false},"excerpt":{"rendered":"<p>Pisali smo \u017ee o petkovem velikem po\u017earu na deponiji v Bukov\u017elaku pri Celju, kjer je zagorelo pribli\u017eno 800 kubi\u010dnih metrov odpadkov. Ogenj, ki je nastal zaradi samov\u017eiga, se je raz\u0161iril \u0161e na bli\u017enjo halo demonta\u017ee, kjer so se vneli \u0161e komunalni odpadki. Tujo krivdo so preiskovalci izklju\u010dili, gmotno \u0161kodo cenijo na 200 tiso\u010d evrov. \u0160e [&hellip;]<\/p>\n","protected":false},"author":33,"featured_media":120284,"comment_status":"closed","ping_status":"closed","sticky":false,"template":"","format":"standard","meta":{"footnotes":""},"categories":[14,17,16,29],"tags":[17917,17934,170,17935,17933],"class_list":{"0":"post-163255","1":"post","2":"type-post","3":"status-publish","4":"format-standard","5":"has-post-thumbnail","7":"category-aktualno","8":"category-celjsko","9":"category-konjisko","10":"category-kronika","11":"tag-deponija-bukovzlak","12":"tag-pol-milijona-evrov-skode","13":"tag-pozar","14":"tag-samovzig","15":"tag-zaga-loce"},"yoast_head":"<!-- This site is optimized with the Yoast SEO plugin v27.4 - https:\/\/yoast.com\/product\/yoast-seo-wordpress\/ -->\n<title>CELJE S. KONJICE V po\u017earih pol milijona evrov \u0161kode - Novice.si<\/title>\n<meta name=\"robots\" content=\"index, follow, max-snippet:-1, max-image-preview:large, max-video-preview:-1\" \/>\n<link rel=\"canonical\" href=\"https:\/\/novice.si\/page\/celje-s-konjice-v-pozarih-pol-milijona-evrov-skode\/\" \/>\n<meta property=\"og:locale\" content=\"sl_SI\" \/>\n<meta property=\"og:type\" content=\"article\" \/>\n<meta property=\"og:title\" content=\"CELJE S. KONJICE V po\u017earih pol milijona evrov \u0161kode - Novice.si\" \/>\n<meta property=\"og:description\" content=\"Pisali smo \u017ee o petkovem velikem po\u017earu na deponiji v Bukov\u017elaku pri Celju, kjer je zagorelo pribli\u017eno 800 kubi\u010dnih metrov odpadkov. Ogenj, ki je nastal zaradi samov\u017eiga, se je raz\u0161iril \u0161e na bli\u017enjo halo demonta\u017ee, kjer so se vneli \u0161e komunalni odpadki. Tujo krivdo so preiskovalci izklju\u010dili, gmotno \u0161kodo cenijo na 200 tiso\u010d evrov. \u0160e [&hellip;]\" \/>\n<meta property=\"og:url\" content=\"https:\/\/novice.si\/page\/celje-s-konjice-v-pozarih-pol-milijona-evrov-skode\/\" \/>\n<meta property=\"og:site_name\" content=\"Novice.si\" \/>\n<meta property=\"article:published_time\" content=\"2023-05-29T10:08:41+00:00\" \/>\n<meta property=\"og:image\" content=\"https:\/\/novice.si\/page\/wp-content\/uploads\/2020\/01\/ogenj.jpeg\" \/>\n\t<meta property=\"og:image:width\" content=\"768\" \/>\n\t<meta property=\"og:image:height\" content=\"512\" \/>\n\t<meta property=\"og:image:type\" content=\"image\/jpeg\" \/>\n<meta name=\"author\" content=\"Uredni\u0161tvo Celjana\" \/>\n<meta name=\"twitter:card\" content=\"summary_large_image\" \/>\n<meta name=\"twitter:label1\" content=\"Written by\" \/>\n\t<meta name=\"twitter:data1\" content=\"Uredni\u0161tvo Celjana\" \/>\n\t<meta name=\"twitter:label2\" content=\"Est. reading time\" \/>\n\t<meta name=\"twitter:data2\" content=\"1 minuta\" \/>\n<script type=\"application\/ld+json\" class=\"yoast-schema-graph\">{\"@context\":\"https:\\\/\\\/schema.org\",\"@graph\":[{\"@type\":\"Article\",\"@id\":\"https:\\\/\\\/novice.si\\\/page\\\/celje-s-konjice-v-pozarih-pol-milijona-evrov-skode\\\/#article\",\"isPartOf\":{\"@id\":\"https:\\\/\\\/novice.si\\\/page\\\/celje-s-konjice-v-pozarih-pol-milijona-evrov-skode\\\/\"},\"author\":{\"name\":\"Uredni\u0161tvo Celjana\",\"@id\":\"https:\\\/\\\/novice.si\\\/page\\\/#\\\/schema\\\/person\\\/57f25c9642a9541c7349c65d32032c3e\"},\"headline\":\"CELJE S. KONJICE V po\u017earih pol milijona evrov \u0161kode\",\"datePublished\":\"2023-05-29T10:08:41+00:00\",\"mainEntityOfPage\":{\"@id\":\"https:\\\/\\\/novice.si\\\/page\\\/celje-s-konjice-v-pozarih-pol-milijona-evrov-skode\\\/\"},\"wordCount\":131,\"publisher\":{\"@id\":\"https:\\\/\\\/novice.si\\\/page\\\/#organization\"},\"image\":{\"@id\":\"https:\\\/\\\/novice.si\\\/page\\\/celje-s-konjice-v-pozarih-pol-milijona-evrov-skode\\\/#primaryimage\"},\"thumbnailUrl\":\"https:\\\/\\\/novice.si\\\/page\\\/wp-content\\\/uploads\\\/2020\\\/01\\\/ogenj.jpeg\",\"keywords\":[\"deponija Bukov\u017elak\",\"pol milijona evrov \u0161kode\",\"po\u017ear\",\"samov\u017eig\",\"\u017eaga Lo\u010de\"],\"articleSection\":[\"Aktualno\",\"Celjsko\",\"Konji\u0161ko\",\"Kronika\"],\"inLanguage\":\"sl-SI\"},{\"@type\":\"WebPage\",\"@id\":\"https:\\\/\\\/novice.si\\\/page\\\/celje-s-konjice-v-pozarih-pol-milijona-evrov-skode\\\/\",\"url\":\"https:\\\/\\\/novice.si\\\/page\\\/celje-s-konjice-v-pozarih-pol-milijona-evrov-skode\\\/\",\"name\":\"CELJE S. KONJICE V po\u017earih pol milijona evrov \u0161kode - Novice.si\",\"isPartOf\":{\"@id\":\"https:\\\/\\\/novice.si\\\/page\\\/#website\"},\"primaryImageOfPage\":{\"@id\":\"https:\\\/\\\/novice.si\\\/page\\\/celje-s-konjice-v-pozarih-pol-milijona-evrov-skode\\\/#primaryimage\"},\"image\":{\"@id\":\"https:\\\/\\\/novice.si\\\/page\\\/celje-s-konjice-v-pozarih-pol-milijona-evrov-skode\\\/#primaryimage\"},\"thumbnailUrl\":\"https:\\\/\\\/novice.si\\\/page\\\/wp-content\\\/uploads\\\/2020\\\/01\\\/ogenj.jpeg\",\"datePublished\":\"2023-05-29T10:08:41+00:00\",\"breadcrumb\":{\"@id\":\"https:\\\/\\\/novice.si\\\/page\\\/celje-s-konjice-v-pozarih-pol-milijona-evrov-skode\\\/#breadcrumb\"},\"inLanguage\":\"sl-SI\",\"potentialAction\":[{\"@type\":\"ReadAction\",\"target\":[\"https:\\\/\\\/novice.si\\\/page\\\/celje-s-konjice-v-pozarih-pol-milijona-evrov-skode\\\/\"]}]},{\"@type\":\"ImageObject\",\"inLanguage\":\"sl-SI\",\"@id\":\"https:\\\/\\\/novice.si\\\/page\\\/celje-s-konjice-v-pozarih-pol-milijona-evrov-skode\\\/#primaryimage\",\"url\":\"https:\\\/\\\/novice.si\\\/page\\\/wp-content\\\/uploads\\\/2020\\\/01\\\/ogenj.jpeg\",\"contentUrl\":\"https:\\\/\\\/novice.si\\\/page\\\/wp-content\\\/uploads\\\/2020\\\/01\\\/ogenj.jpeg\",\"width\":768,\"height\":512},{\"@type\":\"BreadcrumbList\",\"@id\":\"https:\\\/\\\/novice.si\\\/page\\\/celje-s-konjice-v-pozarih-pol-milijona-evrov-skode\\\/#breadcrumb\",\"itemListElement\":[{\"@type\":\"ListItem\",\"position\":1,\"name\":\"Home\",\"item\":\"https:\\\/\\\/novice.si\\\/page\\\/\"},{\"@type\":\"ListItem\",\"position\":2,\"name\":\"CELJE S. KONJICE V po\u017earih pol milijona evrov \u0161kode\"}]},{\"@type\":\"WebSite\",\"@id\":\"https:\\\/\\\/novice.si\\\/page\\\/#website\",\"url\":\"https:\\\/\\\/novice.si\\\/page\\\/\",\"name\":\"Novice.si\",\"description\":\"\",\"publisher\":{\"@id\":\"https:\\\/\\\/novice.si\\\/page\\\/#organization\"},\"potentialAction\":[{\"@type\":\"SearchAction\",\"target\":{\"@type\":\"EntryPoint\",\"urlTemplate\":\"https:\\\/\\\/novice.si\\\/page\\\/?s={search_term_string}\"},\"query-input\":{\"@type\":\"PropertyValueSpecification\",\"valueRequired\":true,\"valueName\":\"search_term_string\"}}],\"inLanguage\":\"sl-SI\"},{\"@type\":\"Organization\",\"@id\":\"https:\\\/\\\/novice.si\\\/page\\\/#organization\",\"name\":\"Novice.si\",\"url\":\"https:\\\/\\\/novice.si\\\/page\\\/\",\"logo\":{\"@type\":\"ImageObject\",\"inLanguage\":\"sl-SI\",\"@id\":\"https:\\\/\\\/novice.si\\\/page\\\/#\\\/schema\\\/logo\\\/image\\\/\",\"url\":\"https:\\\/\\\/novice.si\\\/page\\\/wp-content\\\/uploads\\\/2023\\\/03\\\/novice_si.png\",\"contentUrl\":\"https:\\\/\\\/novice.si\\\/page\\\/wp-content\\\/uploads\\\/2023\\\/03\\\/novice_si.png\",\"width\":576,\"height\":200,\"caption\":\"Novice.si\"},\"image\":{\"@id\":\"https:\\\/\\\/novice.si\\\/page\\\/#\\\/schema\\\/logo\\\/image\\\/\"}},{\"@type\":\"Person\",\"@id\":\"https:\\\/\\\/novice.si\\\/page\\\/#\\\/schema\\\/person\\\/57f25c9642a9541c7349c65d32032c3e\",\"name\":\"Uredni\u0161tvo Celjana\",\"image\":{\"@type\":\"ImageObject\",\"inLanguage\":\"sl-SI\",\"@id\":\"https:\\\/\\\/secure.gravatar.com\\\/avatar\\\/78e52bc4279b65f6df6345e0ef0f7b792d361361f230cf4ffecfe0afe6d5629c?s=96&d=mm&r=g\",\"url\":\"https:\\\/\\\/secure.gravatar.com\\\/avatar\\\/78e52bc4279b65f6df6345e0ef0f7b792d361361f230cf4ffecfe0afe6d5629c?s=96&d=mm&r=g\",\"contentUrl\":\"https:\\\/\\\/secure.gravatar.com\\\/avatar\\\/78e52bc4279b65f6df6345e0ef0f7b792d361361f230cf4ffecfe0afe6d5629c?s=96&d=mm&r=g\",\"caption\":\"Uredni\u0161tvo Celjana\"},\"url\":\"https:\\\/\\\/novice.si\\\/page\\\/author\\\/primoz\\\/\"}]}<\/script>\n<!-- \/ Yoast SEO plugin. -->","yoast_head_json":{"title":"CELJE S. KONJICE V po\u017earih pol milijona evrov \u0161kode - Novice.si","robots":{"index":"index","follow":"follow","max-snippet":"max-snippet:-1","max-image-preview":"max-image-preview:large","max-video-preview":"max-video-preview:-1"},"canonical":"https:\/\/novice.si\/page\/celje-s-konjice-v-pozarih-pol-milijona-evrov-skode\/","og_locale":"sl_SI","og_type":"article","og_title":"CELJE S. KONJICE V po\u017earih pol milijona evrov \u0161kode - Novice.si","og_description":"Pisali smo \u017ee o petkovem velikem po\u017earu na deponiji v Bukov\u017elaku pri Celju, kjer je zagorelo pribli\u017eno 800 kubi\u010dnih metrov odpadkov. Ogenj, ki je nastal zaradi samov\u017eiga, se je raz\u0161iril \u0161e na bli\u017enjo halo demonta\u017ee, kjer so se vneli \u0161e komunalni odpadki. Tujo krivdo so preiskovalci izklju\u010dili, gmotno \u0161kodo cenijo na 200 tiso\u010d evrov. \u0160e [&hellip;]","og_url":"https:\/\/novice.si\/page\/celje-s-konjice-v-pozarih-pol-milijona-evrov-skode\/","og_site_name":"Novice.si","article_published_time":"2023-05-29T10:08:41+00:00","og_image":[{"width":768,"height":512,"url":"https:\/\/novice.si\/page\/wp-content\/uploads\/2020\/01\/ogenj.jpeg","type":"image\/jpeg"}],"author":"Uredni\u0161tvo Celjana","twitter_card":"summary_large_image","twitter_misc":{"Written by":"Uredni\u0161tvo Celjana","Est. reading time":"1 minuta"},"schema":{"@context":"https:\/\/schema.org","@graph":[{"@type":"Article","@id":"https:\/\/novice.si\/page\/celje-s-konjice-v-pozarih-pol-milijona-evrov-skode\/#article","isPartOf":{"@id":"https:\/\/novice.si\/page\/celje-s-konjice-v-pozarih-pol-milijona-evrov-skode\/"},"author":{"name":"Uredni\u0161tvo Celjana","@id":"https:\/\/novice.si\/page\/#\/schema\/person\/57f25c9642a9541c7349c65d32032c3e"},"headline":"CELJE S. KONJICE V po\u017earih pol milijona evrov \u0161kode","datePublished":"2023-05-29T10:08:41+00:00","mainEntityOfPage":{"@id":"https:\/\/novice.si\/page\/celje-s-konjice-v-pozarih-pol-milijona-evrov-skode\/"},"wordCount":131,"publisher":{"@id":"https:\/\/novice.si\/page\/#organization"},"image":{"@id":"https:\/\/novice.si\/page\/celje-s-konjice-v-pozarih-pol-milijona-evrov-skode\/#primaryimage"},"thumbnailUrl":"https:\/\/novice.si\/page\/wp-content\/uploads\/2020\/01\/ogenj.jpeg","keywords":["deponija Bukov\u017elak","pol milijona evrov \u0161kode","po\u017ear","samov\u017eig","\u017eaga Lo\u010de"],"articleSection":["Aktualno","Celjsko","Konji\u0161ko","Kronika"],"inLanguage":"sl-SI"},{"@type":"WebPage","@id":"https:\/\/novice.si\/page\/celje-s-konjice-v-pozarih-pol-milijona-evrov-skode\/","url":"https:\/\/novice.si\/page\/celje-s-konjice-v-pozarih-pol-milijona-evrov-skode\/","name":"CELJE S. KONJICE V po\u017earih pol milijona evrov \u0161kode - Novice.si","isPartOf":{"@id":"https:\/\/novice.si\/page\/#website"},"primaryImageOfPage":{"@id":"https:\/\/novice.si\/page\/celje-s-konjice-v-pozarih-pol-milijona-evrov-skode\/#primaryimage"},"image":{"@id":"https:\/\/novice.si\/page\/celje-s-konjice-v-pozarih-pol-milijona-evrov-skode\/#primaryimage"},"thumbnailUrl":"https:\/\/novice.si\/page\/wp-content\/uploads\/2020\/01\/ogenj.jpeg","datePublished":"2023-05-29T10:08:41+00:00","breadcrumb":{"@id":"https:\/\/novice.si\/page\/celje-s-konjice-v-pozarih-pol-milijona-evrov-skode\/#breadcrumb"},"inLanguage":"sl-SI","potentialAction":[{"@type":"ReadAction","target":["https:\/\/novice.si\/page\/celje-s-konjice-v-pozarih-pol-milijona-evrov-skode\/"]}]},{"@type":"ImageObject","inLanguage":"sl-SI","@id":"https:\/\/novice.si\/page\/celje-s-konjice-v-pozarih-pol-milijona-evrov-skode\/#primaryimage","url":"https:\/\/novice.si\/page\/wp-content\/uploads\/2020\/01\/ogenj.jpeg","contentUrl":"https:\/\/novice.si\/page\/wp-content\/uploads\/2020\/01\/ogenj.jpeg","width":768,"height":512},{"@type":"BreadcrumbList","@id":"https:\/\/novice.si\/page\/celje-s-konjice-v-pozarih-pol-milijona-evrov-skode\/#breadcrumb","itemListElement":[{"@type":"ListItem","position":1,"name":"Home","item":"https:\/\/novice.si\/page\/"},{"@type":"ListItem","position":2,"name":"CELJE S. KONJICE V po\u017earih pol milijona evrov \u0161kode"}]},{"@type":"WebSite","@id":"https:\/\/novice.si\/page\/#website","url":"https:\/\/novice.si\/page\/","name":"Novice.si","description":"","publisher":{"@id":"https:\/\/novice.si\/page\/#organization"},"potentialAction":[{"@type":"SearchAction","target":{"@type":"EntryPoint","urlTemplate":"https:\/\/novice.si\/page\/?s={search_term_string}"},"query-input":{"@type":"PropertyValueSpecification","valueRequired":true,"valueName":"search_term_string"}}],"inLanguage":"sl-SI"},{"@type":"Organization","@id":"https:\/\/novice.si\/page\/#organization","name":"Novice.si","url":"https:\/\/novice.si\/page\/","logo":{"@type":"ImageObject","inLanguage":"sl-SI","@id":"https:\/\/novice.si\/page\/#\/schema\/logo\/image\/","url":"https:\/\/novice.si\/page\/wp-content\/uploads\/2023\/03\/novice_si.png","contentUrl":"https:\/\/novice.si\/page\/wp-content\/uploads\/2023\/03\/novice_si.png","width":576,"height":200,"caption":"Novice.si"},"image":{"@id":"https:\/\/novice.si\/page\/#\/schema\/logo\/image\/"}},{"@type":"Person","@id":"https:\/\/novice.si\/page\/#\/schema\/person\/57f25c9642a9541c7349c65d32032c3e","name":"Uredni\u0161tvo Celjana","image":{"@type":"ImageObject","inLanguage":"sl-SI","@id":"https:\/\/secure.gravatar.com\/avatar\/78e52bc4279b65f6df6345e0ef0f7b792d361361f230cf4ffecfe0afe6d5629c?s=96&d=mm&r=g","url":"https:\/\/secure.gravatar.com\/avatar\/78e52bc4279b65f6df6345e0ef0f7b792d361361f230cf4ffecfe0afe6d5629c?s=96&d=mm&r=g","contentUrl":"https:\/\/secure.gravatar.com\/avatar\/78e52bc4279b65f6df6345e0ef0f7b792d361361f230cf4ffecfe0afe6d5629c?s=96&d=mm&r=g","caption":"Uredni\u0161tvo Celjana"},"url":"https:\/\/novice.si\/page\/author\/primoz\/"}]}},"_links":{"self":[{"href":"https:\/\/novice.si\/page\/wp-json\/wp\/v2\/posts\/163255","targetHints":{"allow":["GET"]}}],"collection":[{"href":"https:\/\/novice.si\/page\/wp-json\/wp\/v2\/posts"}],"about":[{"href":"https:\/\/novice.si\/page\/wp-json\/wp\/v2\/types\/post"}],"author":[{"embeddable":true,"href":"https:\/\/novice.si\/page\/wp-json\/wp\/v2\/users\/33"}],"replies":[{"embeddable":true,"href":"https:\/\/novice.si\/page\/wp-json\/wp\/v2\/comments?post=163255"}],"version-history":[{"count":1,"href":"https:\/\/novice.si\/page\/wp-json\/wp\/v2\/posts\/163255\/revisions"}],"predecessor-version":[{"id":163267,"href":"https:\/\/novice.si\/page\/wp-json\/wp\/v2\/posts\/163255\/revisions\/163267"}],"wp:featuredmedia":[{"embeddable":true,"href":"https:\/\/novice.si\/page\/wp-json\/wp\/v2\/media\/120284"}],"wp:attachment":[{"href":"https:\/\/novice.si\/page\/wp-json\/wp\/v2\/media?parent=163255"}],"wp:term":[{"taxonomy":"category","embeddable":true,"href":"https:\/\/novice.si\/page\/wp-json\/wp\/v2\/categories?post=163255"},{"taxonomy":"post_tag","embeddable":true,"href":"https:\/\/novice.si\/page\/wp-json\/wp\/v2\/tags?post=163255"}],"curies":[{"name":"wp","href":"https:\/\/api.w.org\/{rel}","templated":true}]}}