{"id":163068,"date":"2023-05-25T09:28:16","date_gmt":"2023-05-25T07:28:16","guid":{"rendered":"https:\/\/novice.si\/page\/?p=163068"},"modified":"2023-05-25T10:32:27","modified_gmt":"2023-05-25T08:32:27","slug":"matej-vinkovic-iz-zrec-iz-starega-volkswagna-ustvaril-pravo-vinsko-dozivetje-to-soboto-prireja-1-vinoldie-fest","status":"publish","type":"post","link":"https:\/\/novice.si\/page\/matej-vinkovic-iz-zrec-iz-starega-volkswagna-ustvaril-pravo-vinsko-dozivetje-to-soboto-prireja-1-vinoldie-fest\/","title":{"rendered":"Matej Vinkovi\u010d iz Zre\u010d iz starega Volkswagna ustvaril pravo vinsko do\u017eivetje: to soboto prireja 1. Vinoldie fest"},"content":{"rendered":"<p><strong>Matej Vinkovi\u010d. Prlek, zdaj Zre\u010dan, je lastnik inovativnega vinskega bara, ki je na prireditvah prava atrakcija. Nogometa\u0161 in trener, ljubitelj vina in starodobnikov, je pred dnevi ustanovil klub Vinoldie. Ta konec tedna v \u0160kalcah prirejajo 1. Festival vina in starodobnikov.<\/strong><\/p>\n<p><em><strong>Matej, prihajate iz Prlekije. Kje ste bili doma, preden ste se preselili v Zre\u010de?<\/strong><\/em><br \/>\nPrihajam iz majhne ob\u010dine Ver\u017eej, ki je verjetno najbolj znana po Babi\u010devem mlinu na Muri. Naj za tiste, ki \u0161e vedno zamenjujejo Prlekijo in Prekmurje, v \u0161ali pojasnim, da je Prlekija <img loading=\"lazy\" decoding=\"async\" class=\"wp-image-163069 alignleft\" src=\"https:\/\/novice.si\/page\/wp-content\/uploads\/2023\/05\/vinkovic-matej-1-400x600.jpg\" alt=\"\" width=\"293\" height=\"440\" srcset=\"https:\/\/novice.si\/page\/wp-content\/uploads\/2023\/05\/vinkovic-matej-1-400x600.jpg 400w, https:\/\/novice.si\/page\/wp-content\/uploads\/2023\/05\/vinkovic-matej-1-684x1024.jpg 684w, https:\/\/novice.si\/page\/wp-content\/uploads\/2023\/05\/vinkovic-matej-1-768x1151.jpg 768w, https:\/\/novice.si\/page\/wp-content\/uploads\/2023\/05\/vinkovic-matej-1-1025x1536.jpg 1025w, https:\/\/novice.si\/page\/wp-content\/uploads\/2023\/05\/vinkovic-matej-1-696x1043.jpg 696w, https:\/\/novice.si\/page\/wp-content\/uploads\/2023\/05\/vinkovic-matej-1-1068x1600.jpg 1068w, https:\/\/novice.si\/page\/wp-content\/uploads\/2023\/05\/vinkovic-matej-1-280x420.jpg 280w, https:\/\/novice.si\/page\/wp-content\/uploads\/2023\/05\/vinkovic-matej-1-16x24.jpg 16w, https:\/\/novice.si\/page\/wp-content\/uploads\/2023\/05\/vinkovic-matej-1-24x36.jpg 24w, https:\/\/novice.si\/page\/wp-content\/uploads\/2023\/05\/vinkovic-matej-1-32x48.jpg 32w, https:\/\/novice.si\/page\/wp-content\/uploads\/2023\/05\/vinkovic-matej-1.jpg 1367w\" sizes=\"auto, (max-width: 293px) 100vw, 293px\" \/>pred reko Muro, Prekmurje pa (logi\u010dno) preko Mure, gledano iz smeri Celja.<br \/>\nV na\u0161em okraju sem bil \u0161e zadnja generacija osemletke v osnovni \u0161oli, zato sem svoje otro\u0161tvo in mladost pre\u017eivljal ve\u010dinoma na igri\u0161\u010dih v Ver\u017eeju in okolici. S prijatelji iz otro\u0161tva in zgodnje mladosti smo bili precej \u017eivi in navihani, zato raznih zabavnih in malo manj zabavnih prigod ne manjka. \u010ce je danes otroke recimo temu te\u017eko spraviti iz hi\u0161e, je nas bilo te\u017eko dobiti v hi\u0161o.<\/p>\n<p><strong><em>Kaj vas je pripeljalo v Zre\u010de?<\/em><\/strong><br \/>\nPo srednji \u0161oli sem se lotil \u0161tudija v Mariboru, kjer sem kmalu spoznal so\u0161olce, ki so bili doma iz tega obmo\u010dja. Hitro smo ugotovili, da nas povezuje posebna energija, zato smo bili med \u0161tudijem milo re\u010deno kot &#8216;riti in srajce&#8217;. Jaka Brdnik je postal moj cimer in najbolj\u0161i prijatelj. Zaradi njega sem v za\u010detku leta 2016 za\u010del igrati nogomet za nogometni klub NK Zre\u010de. Nekatere druge soigralce sem prav tako spoznal \u017ee prej, saj smo igrali \u0161tudentsko ligo malega nogometa in se obenem dru\u017eili na marsikateri zabavi.<br \/>\nPo \u0161tudiju sem dobil mo\u017enost najema stanovanja v Zre\u010dah, kar sem izkoristil. Okolje in ljudje so mi prirasli k srcu, \u010deprav kak\u0161nega pravega Pohorca \u0161e vedno v\u010dasih ne razumem najbolje.<\/p>\n<p><em><strong>Kaj vas je \u0161e, poleg prijateljev, prepri\u010dalo, da ver\u017eejski klub zamenjate za zre\u0161kega?<\/strong><\/em><br \/>\nV Ver\u017eeju je bilo super igrati nogomet, predvsem zaradi soigralcev, s katerimi smo prav tako bili odli\u010dni prijatelji. Mo\u017enost igranja v 2. slovenski ligi je tudi bila zanimiva izku\u0161nja, a je verjetno ne bi ve\u010d ponovil. Zaradi dolo\u010denih okoli\u0161\u010din sem na neki na\u010din bil primoran zapustiti klub, ampak mi ni bilo hudo, saj sem vedel, da ga bom zamenjal z okoljem, v katerem bom spet z veseljem igral nogomet. Kot re\u010deno, sem del ekipe \u017ee poznal, zato s prilagajanjem nisem imel te\u017eav. Mogo\u010de bi kot edino oviro izpostavil komunikacijo med Pohorcem in Prlekom, na ra\u010dun katere se radi &#8216;pohecamo&#8217;.<\/p>\n<p><em><strong>V NK Zre\u010de tudi trenirate mlaj\u0161e selekcije. Kaj je te\u017eje, igrati nogomet ali u\u010diti otroke? <\/strong><\/em><br \/>\n<img loading=\"lazy\" decoding=\"async\" class=\"wp-image-163071 alignleft\" src=\"https:\/\/novice.si\/page\/wp-content\/uploads\/2023\/05\/nk-zrece-vinkovic-600x338.jpg\" alt=\"\" width=\"366\" height=\"206\" srcset=\"https:\/\/novice.si\/page\/wp-content\/uploads\/2023\/05\/nk-zrece-vinkovic-600x338.jpg 600w, https:\/\/novice.si\/page\/wp-content\/uploads\/2023\/05\/nk-zrece-vinkovic-1024x576.jpg 1024w, https:\/\/novice.si\/page\/wp-content\/uploads\/2023\/05\/nk-zrece-vinkovic-768x432.jpg 768w, https:\/\/novice.si\/page\/wp-content\/uploads\/2023\/05\/nk-zrece-vinkovic-696x392.jpg 696w, https:\/\/novice.si\/page\/wp-content\/uploads\/2023\/05\/nk-zrece-vinkovic-1068x601.jpg 1068w, https:\/\/novice.si\/page\/wp-content\/uploads\/2023\/05\/nk-zrece-vinkovic-746x420.jpg 746w, https:\/\/novice.si\/page\/wp-content\/uploads\/2023\/05\/nk-zrece-vinkovic-24x14.jpg 24w, https:\/\/novice.si\/page\/wp-content\/uploads\/2023\/05\/nk-zrece-vinkovic-36x20.jpg 36w, https:\/\/novice.si\/page\/wp-content\/uploads\/2023\/05\/nk-zrece-vinkovic-48x27.jpg 48w, https:\/\/novice.si\/page\/wp-content\/uploads\/2023\/05\/nk-zrece-vinkovic.jpg 1500w\" sizes=\"auto, (max-width: 366px) 100vw, 366px\" \/>Bodisi igranje bodisi u\u010denje ima svoje prednosti in slabosti, ampak moje mnenje je, da je skupni imenovalec disciplina. Nogomet se namre\u010d za\u010dne \u017ee izven nogometnega igri\u0161\u010da, na primer z o\u010di\u0161\u010denimi nogometnimi \u010devlji. Predvsem disciplino, ekipni duh in spo\u0161tovanje \u017eelim kot trener prenesti na svoje varovance, saj mislim, da jim to ne bo koristilo zgolj pri nogometu, ampak tudi kasneje v \u017eivljenju.<br \/>\nNajve\u010dji izziv vidim v povezovanju igralcev, ki imajo razli\u010dne fizi\u010dne sposobnosti, razmi\u0161ljanje in karakter, v celoto, da lahko kot ekipa dose\u017eejo uspeh, ki ni nujno zmaga, ampak napredek iz tekme v tekmo. \u010ce dobro dela\u0161, bo rezultat sledil.<\/p>\n<p><em><strong>\u0160tudirali ste medijske komunikacije, diplomirali na temo fotografije. Vas fotografija zanima tudi v praksi?<\/strong><\/em><br \/>\nDiplomiral sem iz teme makro fotografije, vendar sem kasneje dokon\u010dal \u0161e magisterij na temo prepri\u010devalnih tehnik uspe\u0161nih kampanj na Kickstarterju. S fotografijo se ukvarjam ljubiteljsko, predvsem pri ustvarjanju objav na dru\u017eabnih omre\u017ejih za svoje dejavnosti. Pravila in tehnike, ki se uporabljajo v foto in video produkciji, pa seveda poznam.<\/p>\n<p><em><strong>Pred \u010dasom ste izdelali vinski bar, ki je na prireditvah prava atrakcija. Iz prednje karoserije kultnega Volkswagnovega kombija ste ustvarili &#8216;Wine van bar&#8217;, vinski kombi bar. Kako se vam je porodila ta ideja?<\/strong><\/em><br \/>\n<img loading=\"lazy\" decoding=\"async\" class=\"wp-image-163070 alignleft\" src=\"https:\/\/novice.si\/page\/wp-content\/uploads\/2023\/05\/vinski-bar-600x400.jpg\" alt=\"\" width=\"398\" height=\"265\" srcset=\"https:\/\/novice.si\/page\/wp-content\/uploads\/2023\/05\/vinski-bar-600x400.jpg 600w, https:\/\/novice.si\/page\/wp-content\/uploads\/2023\/05\/vinski-bar-1024x683.jpg 1024w, https:\/\/novice.si\/page\/wp-content\/uploads\/2023\/05\/vinski-bar-768x512.jpg 768w, https:\/\/novice.si\/page\/wp-content\/uploads\/2023\/05\/vinski-bar-1536x1024.jpg 1536w, https:\/\/novice.si\/page\/wp-content\/uploads\/2023\/05\/vinski-bar-696x464.jpg 696w, https:\/\/novice.si\/page\/wp-content\/uploads\/2023\/05\/vinski-bar-1068x712.jpg 1068w, https:\/\/novice.si\/page\/wp-content\/uploads\/2023\/05\/vinski-bar-630x420.jpg 630w, https:\/\/novice.si\/page\/wp-content\/uploads\/2023\/05\/vinski-bar-24x16.jpg 24w, https:\/\/novice.si\/page\/wp-content\/uploads\/2023\/05\/vinski-bar-36x24.jpg 36w, https:\/\/novice.si\/page\/wp-content\/uploads\/2023\/05\/vinski-bar-48x32.jpg 48w, https:\/\/novice.si\/page\/wp-content\/uploads\/2023\/05\/vinski-bar.jpg 1920w\" sizes=\"auto, (max-width: 398px) 100vw, 398px\" \/>Glede na izku\u0161nje bi lahko dejal, da je res atrakcija, saj se vsak dogodek kon\u010da okoli Wine Van bara. (smeh) Za\u010detna ideja je bila potujo\u010da vinska fontana, a smo bili zaradi stanja Volkswagna T2, letnik 1975, primorani improvizirati in nastal je Wine Van bar. Ideja je pri\u0161la po brskanju na dru\u017eabnih omre\u017ejih, tako da vendarle ta omre\u017eja niso tako slaba, \u010de jih uporabljamo za dolo\u010de-ne namene in v omejenem \u010dasu. Ne vem sicer, za katero pija\u010do je bil bar na fotografiji izdelan, a sam sem se kot ljubitelj vina odlo\u010dil za slednjega. Seveda smo bar naredili po svoji viziji, saj na\u010drta za vinski bar nismo imeli.<\/p>\n<p><em><strong>Kako je potekala predelava? <\/strong><\/em><br \/>\nPredelava je potekala kar nekaj \u010dasa, saj tudi denarni vlo\u017eek ni bil zanemarljiv. To\u010dilni pult je bil izdelan v podjetju Mad Boys Garage iz Prekmurja, s katerim smo bili vseskozi v stiku in debatirali o prototipu ter funkcionalnostih bara. Tu se je med drugim pokazalo, da Prleki in Prekmurci znamo zelo dobro sodelovati. (smeh)<\/p>\n<p><em><strong>Kako pravzaprav deluje? <\/strong><\/em><br \/>\nVinski bar je na majhnih transportnih kolesih in ga na lokacijo prepeljemo v kombiju. Nalo\u017eimo ga s pomo\u010djo ramp in vitle, ki nam zelo olaj\u0161a delo. Znotraj bara je to\u010dilna naprava, ki je priklopljena na elektriko, da nam sproti hladi vino. To je priro\u010dno predvsem v poletnih mesecih, ki so bolj vro\u010di. Glede vina smo fleksibilni. V primeru najema za zasebne dogodke strankam omogo\u010dimo to\u010denje lastnega vina, v primeru javnih dogodkov pa sodelujemo z lokalnimi vinarji in kletmi, ki seveda skrbijo za vrhunsko kakovost svojega vina.<\/p>\n<p><em><strong>Napovedali ste, da je &#8216;wine van bar&#8217; le prvi korak, saj boste iz Volkswagnovega kombija uredili vinsko fontano Wine Van. Kdaj bo zapeljala na cesto?<\/strong><\/em><br \/>\nWine Van bar bo letos dobil \u0161e sestro, in sicer potujo\u010do vinsko fontano Wine Van, ki bo prav tako narejena iz Volkswagna T2, vendar letnik 1968. Vinska fontana bo seveda ve\u010dja in vozna, zato bo udele\u017eba na prireditvah \u0161e la\u017eja. Na zunanji strani bo imela \u0161tiri to\u010dilne pipe, zato bo ponudba vina \u0161e ve\u010dja. Na cesto bo predvidoma zapeljala v za\u010detku julija, \u010de nam bo sre\u010da na-klonjena. Druga\u010de pa nekoliko kasneje.<\/p>\n<p><strong><em>Torej, sklepamo, ste tudi ljubitelj starodobnikov? Imate poleg kombija \u0161e kak\u0161nega?<\/em><\/strong><br \/>\nKot sem bil \u0161e otrok, je imel o\u010de celo vrsto takrat modernih avtov, ki so zdaj \u017ee starodobniki. Imel je fi\u010dka, hro\u0161\u010da, katrco in golfa. Mogo\u010de \u0161e katerega, ki se ga ne spomnim, ampak najbolj mi je ostal v spominu beli hro\u0161\u010d. Verjamem, da se je zdaj\u0161nja ljubezen do starodobnikov za\u010dela \u017ee takrat. Moderni avtomobili danes ponujajo marsikaj in v prihodnosti bo tehnologija \u0161e napre-dovala, toda izku\u0161nja, ko se usede\u0161 in pelje\u0161 v starodobniku, je resni\u010dno nekaj posebnega. Nostalgi\u010dni spomin tako ne bo nikoli zbledel in poleg kombija VW si v prihodnosti \u017eelim postati lastnik hro\u0161\u010da, potem pa mislim, da bo dovolj igra\u010d. (smeh)<\/p>\n<p><strong><em>Pred kratkim ste v Zre\u010dah ustanovili Klub ljubiteljev vina in starodobnikov VINOLDIE. Kako to?<\/em><\/strong><br \/>\nIme VINOLDIE je sestavljeno iz dveh besed, in sicer VINO in OLDIE, ki izhaja iz angle\u0161kega jezika in pomeni &#8216;star&#8217;. Skupni imenovalec obeh besed je O in tako je nastalo ime VINOLDIE.<br \/>\nKlub ljubiteljev vina in starodobnikov Vinoldie je bil ustanovljen z namenom povezovanja ljubiteljev slovenskega vina z ljubitelji starodobnikov. Poleg spodbujanja kulture pitja vina slovenskih vinogradnikov \u010dutimo dol\u017enost po ohranjanju kulturne dedi\u0161\u010dine, ki jo predstavljajo starodobne mojstrovine, oldtajmerji.<br \/>\nPoglavitna dejavnost dru\u0161tva bo prirejanje razli\u010dnih dogodkov in sre\u010danj, saj dru\u017eenje poleg novih poznanstev prinese tudi neprecenljive spomine, ki ostanejo za vedno. Prav tako bi se radi povezali s sorodnimi dru\u0161tvi in klubi, saj nam bo izmenjava mnenj zagotovo pomagala pridobiti sve\u017ee ideje. V klubu so dobrodo\u0161li vsi ljubitelji slovenskega vina in ljubitelji ali lastniki starodobnikov.<\/p>\n<p><em><strong>Svojo strast do starodobnikov in vina boste to soboto, 27. maja, zdru\u017eili na 1. Festivalu vina in starodobnikov na Zlatem gri\u010du. Kaj lahko pri\u010dakujemo?<\/strong><\/em><br \/>\nV soboto, 27. maja, bomo priredili 1. VINOLDIE FEST, festival vina in starodobnikov, ki bo potekal na Zlatem gri\u010du pri Gostilni Gri\u010d v Slovenskih Konjicah. Prvi zato, ker \u017eelimo, da festival postane tradicionalen. Med 11. in 12. uro dopoldne se bodo zbrali starodobniki. Ob 12. uri se bo dogajanje za\u010delo z blagoslovom starodobnikov, ki bodo nato krenili na panoramsko vo\u017enjo na relaciji Zlati gri\u010d, Zre\u010de, Oplotnica, Slovenska Bistrica, Tepanje in nazaj proti Slovenskim Konjicam. Po vrnitvi na prizori\u0161\u010de si bodo obiskovalci vse do 18. ure lahko ogledovali starodobnike. Medtem se bo ob 17. uri \u017ee za\u010del popoldanski program s podelitvijo priznanj sodelujo\u010dim ter nastopajo\u010dimi mladimi glasbenimi talenti. Vrhunec dogodka bo veselica s Polkaholiki od 21. ure naprej. Vstopnine ne bo, za vse la\u010dne in \u017eejne bo prav tako poskrbljeno.<br \/>\n(NK)<\/p>\n\r\n                <style type=\"text\/css\">\r\n                    \r\n                    #tdi_1  .td-doubleSlider-2 .td-item1 {\r\n                        background: url(https:\/\/novice.si\/page\/wp-content\/uploads\/2023\/05\/vinkovic-matej-1-80x60.jpg) 0 0 no-repeat;\r\n                    }\r\n                    #tdi_1  .td-doubleSlider-2 .td-item2 {\r\n                        background: url(https:\/\/novice.si\/page\/wp-content\/uploads\/2023\/05\/vinski-bar-80x60.jpg) 0 0 no-repeat;\r\n                    }\r\n                    #tdi_1  .td-doubleSlider-2 .td-item3 {\r\n                        background: url(https:\/\/novice.si\/page\/wp-content\/uploads\/2023\/05\/nk-zrece-vinkovic-80x60.jpg) 0 0 no-repeat;\r\n                    }\r\n                <\/style>\r\n\r\n                <div id=\"tdi_1\" class=\"td-gallery td-slide-on-2-columns\">\r\n                    <div class=\"post_td_gallery\">\r\n                        <div class=\"td-gallery-slide-top\">\r\n                           <div class=\"td-gallery-title\"><\/div>\r\n\r\n                            <div class=\"td-gallery-controls-wrapper\">\r\n                                <div class=\"td-gallery-slide-count\"><span class=\"td-gallery-slide-item-focus\">1<\/span> od 3<\/div>\r\n                                <div class=\"td-gallery-slide-prev-next-but\">\r\n                                    <i class = \"td-icon-left doubleSliderPrevButton\"><\/i>\r\n                                    <i class = \"td-icon-right doubleSliderNextButton\"><\/i>\r\n                                <\/div>\r\n                            <\/div>\r\n                        <\/div>\r\n\r\n                        <div class = \"td-doubleSlider-1 \">\r\n                            <div class = \"td-slider\">\r\n                                \r\n                    <div class = \"td-slide-item td-item1\">\r\n                        <figure class=\"td-slide-galery-figure td-slide-popup-gallery\">\r\n                            <a class=\"slide-gallery-image-link\" href=\"https:\/\/novice.si\/page\/wp-content\/uploads\/2023\/05\/vinkovic-matej-1.jpg\" title=\"vinkovic matej 1\"  data-caption=\"\"  data-description=\"\" data-gallery>\r\n                                <img decoding=\"async\" src=\"https:\/\/novice.si\/page\/wp-content\/uploads\/2023\/05\/vinkovic-matej-1-280x420.jpg\" srcset=\"https:\/\/novice.si\/page\/wp-content\/uploads\/2023\/05\/vinkovic-matej-1-280x420.jpg 280w, https:\/\/novice.si\/page\/wp-content\/uploads\/2023\/05\/vinkovic-matej-1-400x600.jpg 400w, https:\/\/novice.si\/page\/wp-content\/uploads\/2023\/05\/vinkovic-matej-1-684x1024.jpg 684w, https:\/\/novice.si\/page\/wp-content\/uploads\/2023\/05\/vinkovic-matej-1-768x1151.jpg 768w, https:\/\/novice.si\/page\/wp-content\/uploads\/2023\/05\/vinkovic-matej-1-1025x1536.jpg 1025w, https:\/\/novice.si\/page\/wp-content\/uploads\/2023\/05\/vinkovic-matej-1-696x1043.jpg 696w, https:\/\/novice.si\/page\/wp-content\/uploads\/2023\/05\/vinkovic-matej-1-1068x1600.jpg 1068w, https:\/\/novice.si\/page\/wp-content\/uploads\/2023\/05\/vinkovic-matej-1-16x24.jpg 16w, https:\/\/novice.si\/page\/wp-content\/uploads\/2023\/05\/vinkovic-matej-1-24x36.jpg 24w, https:\/\/novice.si\/page\/wp-content\/uploads\/2023\/05\/vinkovic-matej-1-32x48.jpg 32w, https:\/\/novice.si\/page\/wp-content\/uploads\/2023\/05\/vinkovic-matej-1.jpg 1367w\" sizes=\"(max-width: 280px) 100vw, 280px\" alt=\"\">\r\n                            <\/a>\r\n                            \r\n                        <\/figure>\r\n                    <\/div>\r\n                    <div class = \"td-slide-item td-item2\">\r\n                        <figure class=\"td-slide-galery-figure td-slide-popup-gallery\">\r\n                            <a class=\"slide-gallery-image-link\" href=\"https:\/\/novice.si\/page\/wp-content\/uploads\/2023\/05\/vinski-bar.jpg\" title=\"vinski bar\"  data-caption=\"\"  data-description=\"\" data-gallery>\r\n                                <img decoding=\"async\" src=\"https:\/\/novice.si\/page\/wp-content\/uploads\/2023\/05\/vinski-bar-630x420.jpg\" srcset=\"https:\/\/novice.si\/page\/wp-content\/uploads\/2023\/05\/vinski-bar-630x420.jpg 630w, https:\/\/novice.si\/page\/wp-content\/uploads\/2023\/05\/vinski-bar-600x400.jpg 600w, https:\/\/novice.si\/page\/wp-content\/uploads\/2023\/05\/vinski-bar-1024x683.jpg 1024w, https:\/\/novice.si\/page\/wp-content\/uploads\/2023\/05\/vinski-bar-768x512.jpg 768w, https:\/\/novice.si\/page\/wp-content\/uploads\/2023\/05\/vinski-bar-1536x1024.jpg 1536w, https:\/\/novice.si\/page\/wp-content\/uploads\/2023\/05\/vinski-bar-696x464.jpg 696w, https:\/\/novice.si\/page\/wp-content\/uploads\/2023\/05\/vinski-bar-1068x712.jpg 1068w, https:\/\/novice.si\/page\/wp-content\/uploads\/2023\/05\/vinski-bar-24x16.jpg 24w, https:\/\/novice.si\/page\/wp-content\/uploads\/2023\/05\/vinski-bar-36x24.jpg 36w, https:\/\/novice.si\/page\/wp-content\/uploads\/2023\/05\/vinski-bar-48x32.jpg 48w, https:\/\/novice.si\/page\/wp-content\/uploads\/2023\/05\/vinski-bar.jpg 1920w\" sizes=\"(max-width: 630px) 100vw, 630px\" alt=\"\">\r\n                            <\/a>\r\n                            \r\n                        <\/figure>\r\n                    <\/div>\r\n                    <div class = \"td-slide-item td-item3\">\r\n                        <figure class=\"td-slide-galery-figure td-slide-popup-gallery\">\r\n                            <a class=\"slide-gallery-image-link\" href=\"https:\/\/novice.si\/page\/wp-content\/uploads\/2023\/05\/nk-zrece-vinkovic.jpg\" title=\"nk zrece vinkovic\"  data-caption=\"\"  data-description=\"\" data-gallery>\r\n                                <img decoding=\"async\" src=\"https:\/\/novice.si\/page\/wp-content\/uploads\/2023\/05\/nk-zrece-vinkovic-746x420.jpg\" srcset=\"https:\/\/novice.si\/page\/wp-content\/uploads\/2023\/05\/nk-zrece-vinkovic-746x420.jpg 746w, https:\/\/novice.si\/page\/wp-content\/uploads\/2023\/05\/nk-zrece-vinkovic-600x338.jpg 600w, https:\/\/novice.si\/page\/wp-content\/uploads\/2023\/05\/nk-zrece-vinkovic-1024x576.jpg 1024w, https:\/\/novice.si\/page\/wp-content\/uploads\/2023\/05\/nk-zrece-vinkovic-768x432.jpg 768w, https:\/\/novice.si\/page\/wp-content\/uploads\/2023\/05\/nk-zrece-vinkovic-696x392.jpg 696w, https:\/\/novice.si\/page\/wp-content\/uploads\/2023\/05\/nk-zrece-vinkovic-1068x601.jpg 1068w, https:\/\/novice.si\/page\/wp-content\/uploads\/2023\/05\/nk-zrece-vinkovic-24x14.jpg 24w, https:\/\/novice.si\/page\/wp-content\/uploads\/2023\/05\/nk-zrece-vinkovic-36x20.jpg 36w, https:\/\/novice.si\/page\/wp-content\/uploads\/2023\/05\/nk-zrece-vinkovic-48x27.jpg 48w, https:\/\/novice.si\/page\/wp-content\/uploads\/2023\/05\/nk-zrece-vinkovic.jpg 1500w\" sizes=\"(max-width: 746px) 100vw, 746px\" alt=\"\">\r\n                            <\/a>\r\n                            \r\n                        <\/figure>\r\n                    <\/div>\r\n                            <\/div>\r\n                        <\/div>\r\n\r\n                        <div class = \"td-doubleSlider-2\">\r\n                            <div class = \"td-slider\">\r\n                                \r\n                    <div class = \"td-button td-item1\">\r\n                        <div class = \"td-border\"><\/div>\r\n                    <\/div>\r\n                    <div class = \"td-button td-item2\">\r\n                        <div class = \"td-border\"><\/div>\r\n                    <\/div>\r\n                    <div class = \"td-button td-item3\">\r\n                        <div class = \"td-border\"><\/div>\r\n                    <\/div>\r\n                            <\/div>\r\n                        <\/div>\r\n\r\n                    <\/div>\r\n\r\n                <\/div>\r\n                \n<p>&nbsp;<\/p>\n","protected":false},"excerpt":{"rendered":"<p>Matej Vinkovi\u010d. Prlek, zdaj Zre\u010dan, je lastnik inovativnega vinskega bara, ki je na prireditvah prava atrakcija. Nogometa\u0161 in trener, ljubitelj vina in starodobnikov, je pred dnevi ustanovil klub Vinoldie. Ta konec tedna v \u0160kalcah prirejajo 1. Festival vina in starodobnikov. Matej, prihajate iz Prlekije. Kje ste bili doma, preden ste se preselili v Zre\u010de? Prihajam [&hellip;]<\/p>\n","protected":false},"author":12,"featured_media":163074,"comment_status":"closed","ping_status":"closed","sticky":false,"template":"","format":"standard","meta":{"footnotes":""},"categories":[14,868,15,16,141,3108],"tags":[12359,2038,10303,17907,17908,123],"class_list":{"0":"post-163068","1":"post","2":"type-post","3":"status-publish","4":"format-standard","5":"has-post-thumbnail","7":"category-aktualno","8":"category-casopisi","9":"category-druzabno","10":"category-konjisko","11":"category-novice","12":"category-radio-rogla","13":"tag-matej-vinkovic","14":"tag-nk-zrece","15":"tag-polkaholiki","16":"tag-vinoldie-fest","17":"tag-wine-van-bar","18":"tag-zlati-gric"},"yoast_head":"<!-- This site is optimized with the Yoast SEO plugin v27.4 - https:\/\/yoast.com\/product\/yoast-seo-wordpress\/ -->\n<title>Matej Vinkovi\u010d iz Zre\u010d iz starega Volkswagna ustvaril pravo vinsko do\u017eivetje: to soboto prireja 1. Vinoldie fest - Novice.si<\/title>\n<meta name=\"robots\" content=\"index, follow, max-snippet:-1, max-image-preview:large, max-video-preview:-1\" \/>\n<link rel=\"canonical\" href=\"https:\/\/novice.si\/page\/matej-vinkovic-iz-zrec-iz-starega-volkswagna-ustvaril-pravo-vinsko-dozivetje-to-soboto-prireja-1-vinoldie-fest\/\" \/>\n<meta property=\"og:locale\" content=\"sl_SI\" \/>\n<meta property=\"og:type\" content=\"article\" \/>\n<meta property=\"og:title\" content=\"Matej Vinkovi\u010d iz Zre\u010d iz starega Volkswagna ustvaril pravo vinsko do\u017eivetje: to soboto prireja 1. Vinoldie fest - Novice.si\" \/>\n<meta property=\"og:description\" content=\"Matej Vinkovi\u010d. Prlek, zdaj Zre\u010dan, je lastnik inovativnega vinskega bara, ki je na prireditvah prava atrakcija. Nogometa\u0161 in trener, ljubitelj vina in starodobnikov, je pred dnevi ustanovil klub Vinoldie. Ta konec tedna v \u0160kalcah prirejajo 1. Festival vina in starodobnikov. Matej, prihajate iz Prlekije. Kje ste bili doma, preden ste se preselili v Zre\u010de? Prihajam [&hellip;]\" \/>\n<meta property=\"og:url\" content=\"https:\/\/novice.si\/page\/matej-vinkovic-iz-zrec-iz-starega-volkswagna-ustvaril-pravo-vinsko-dozivetje-to-soboto-prireja-1-vinoldie-fest\/\" \/>\n<meta property=\"og:site_name\" content=\"Novice.si\" \/>\n<meta property=\"article:published_time\" content=\"2023-05-25T07:28:16+00:00\" \/>\n<meta property=\"article:modified_time\" content=\"2023-05-25T08:32:27+00:00\" \/>\n<meta property=\"og:image\" content=\"https:\/\/novice.si\/page\/wp-content\/uploads\/2023\/05\/vinkovic-matej-1-1.jpg\" \/>\n\t<meta property=\"og:image:width\" content=\"1366\" \/>\n\t<meta property=\"og:image:height\" content=\"1465\" \/>\n\t<meta property=\"og:image:type\" content=\"image\/jpeg\" \/>\n<meta name=\"author\" content=\"Uredni\u0161tvo Celjana\" \/>\n<meta name=\"twitter:card\" content=\"summary_large_image\" \/>\n<meta name=\"twitter:label1\" content=\"Written by\" \/>\n\t<meta name=\"twitter:data1\" content=\"Uredni\u0161tvo Celjana\" \/>\n\t<meta name=\"twitter:label2\" content=\"Est. reading time\" \/>\n\t<meta name=\"twitter:data2\" content=\"9 minut\" \/>\n<script type=\"application\/ld+json\" class=\"yoast-schema-graph\">{\"@context\":\"https:\\\/\\\/schema.org\",\"@graph\":[{\"@type\":\"Article\",\"@id\":\"https:\\\/\\\/novice.si\\\/page\\\/matej-vinkovic-iz-zrec-iz-starega-volkswagna-ustvaril-pravo-vinsko-dozivetje-to-soboto-prireja-1-vinoldie-fest\\\/#article\",\"isPartOf\":{\"@id\":\"https:\\\/\\\/novice.si\\\/page\\\/matej-vinkovic-iz-zrec-iz-starega-volkswagna-ustvaril-pravo-vinsko-dozivetje-to-soboto-prireja-1-vinoldie-fest\\\/\"},\"author\":{\"name\":\"Uredni\u0161tvo Celjana\",\"@id\":\"https:\\\/\\\/novice.si\\\/page\\\/#\\\/schema\\\/person\\\/51903923b50fefb075bc1cd24fe4d065\"},\"headline\":\"Matej Vinkovi\u010d iz Zre\u010d iz starega Volkswagna ustvaril pravo vinsko do\u017eivetje: to soboto prireja 1. Vinoldie fest\",\"datePublished\":\"2023-05-25T07:28:16+00:00\",\"dateModified\":\"2023-05-25T08:32:27+00:00\",\"mainEntityOfPage\":{\"@id\":\"https:\\\/\\\/novice.si\\\/page\\\/matej-vinkovic-iz-zrec-iz-starega-volkswagna-ustvaril-pravo-vinsko-dozivetje-to-soboto-prireja-1-vinoldie-fest\\\/\"},\"wordCount\":1506,\"publisher\":{\"@id\":\"https:\\\/\\\/novice.si\\\/page\\\/#organization\"},\"image\":{\"@id\":\"https:\\\/\\\/novice.si\\\/page\\\/matej-vinkovic-iz-zrec-iz-starega-volkswagna-ustvaril-pravo-vinsko-dozivetje-to-soboto-prireja-1-vinoldie-fest\\\/#primaryimage\"},\"thumbnailUrl\":\"https:\\\/\\\/novice.si\\\/page\\\/wp-content\\\/uploads\\\/2023\\\/05\\\/vinkovic-matej-1-1.jpg\",\"keywords\":[\"Matej Vinkovi\u010d\",\"NK Zre\u010de\",\"Polkaholiki\",\"vinoldie fest\",\"wine van bar\",\"Zlati Gri\u010d\"],\"articleSection\":[\"Aktualno\",\"\u010casopisi\",\"Dru\u017eabno\",\"Konji\u0161ko\",\"Novice\",\"Radio Rogla\"],\"inLanguage\":\"sl-SI\"},{\"@type\":\"WebPage\",\"@id\":\"https:\\\/\\\/novice.si\\\/page\\\/matej-vinkovic-iz-zrec-iz-starega-volkswagna-ustvaril-pravo-vinsko-dozivetje-to-soboto-prireja-1-vinoldie-fest\\\/\",\"url\":\"https:\\\/\\\/novice.si\\\/page\\\/matej-vinkovic-iz-zrec-iz-starega-volkswagna-ustvaril-pravo-vinsko-dozivetje-to-soboto-prireja-1-vinoldie-fest\\\/\",\"name\":\"Matej Vinkovi\u010d iz Zre\u010d iz starega Volkswagna ustvaril pravo vinsko do\u017eivetje: to soboto prireja 1. Vinoldie fest - Novice.si\",\"isPartOf\":{\"@id\":\"https:\\\/\\\/novice.si\\\/page\\\/#website\"},\"primaryImageOfPage\":{\"@id\":\"https:\\\/\\\/novice.si\\\/page\\\/matej-vinkovic-iz-zrec-iz-starega-volkswagna-ustvaril-pravo-vinsko-dozivetje-to-soboto-prireja-1-vinoldie-fest\\\/#primaryimage\"},\"image\":{\"@id\":\"https:\\\/\\\/novice.si\\\/page\\\/matej-vinkovic-iz-zrec-iz-starega-volkswagna-ustvaril-pravo-vinsko-dozivetje-to-soboto-prireja-1-vinoldie-fest\\\/#primaryimage\"},\"thumbnailUrl\":\"https:\\\/\\\/novice.si\\\/page\\\/wp-content\\\/uploads\\\/2023\\\/05\\\/vinkovic-matej-1-1.jpg\",\"datePublished\":\"2023-05-25T07:28:16+00:00\",\"dateModified\":\"2023-05-25T08:32:27+00:00\",\"breadcrumb\":{\"@id\":\"https:\\\/\\\/novice.si\\\/page\\\/matej-vinkovic-iz-zrec-iz-starega-volkswagna-ustvaril-pravo-vinsko-dozivetje-to-soboto-prireja-1-vinoldie-fest\\\/#breadcrumb\"},\"inLanguage\":\"sl-SI\",\"potentialAction\":[{\"@type\":\"ReadAction\",\"target\":[\"https:\\\/\\\/novice.si\\\/page\\\/matej-vinkovic-iz-zrec-iz-starega-volkswagna-ustvaril-pravo-vinsko-dozivetje-to-soboto-prireja-1-vinoldie-fest\\\/\"]}]},{\"@type\":\"ImageObject\",\"inLanguage\":\"sl-SI\",\"@id\":\"https:\\\/\\\/novice.si\\\/page\\\/matej-vinkovic-iz-zrec-iz-starega-volkswagna-ustvaril-pravo-vinsko-dozivetje-to-soboto-prireja-1-vinoldie-fest\\\/#primaryimage\",\"url\":\"https:\\\/\\\/novice.si\\\/page\\\/wp-content\\\/uploads\\\/2023\\\/05\\\/vinkovic-matej-1-1.jpg\",\"contentUrl\":\"https:\\\/\\\/novice.si\\\/page\\\/wp-content\\\/uploads\\\/2023\\\/05\\\/vinkovic-matej-1-1.jpg\",\"width\":1366,\"height\":1465},{\"@type\":\"BreadcrumbList\",\"@id\":\"https:\\\/\\\/novice.si\\\/page\\\/matej-vinkovic-iz-zrec-iz-starega-volkswagna-ustvaril-pravo-vinsko-dozivetje-to-soboto-prireja-1-vinoldie-fest\\\/#breadcrumb\",\"itemListElement\":[{\"@type\":\"ListItem\",\"position\":1,\"name\":\"Home\",\"item\":\"https:\\\/\\\/novice.si\\\/page\\\/\"},{\"@type\":\"ListItem\",\"position\":2,\"name\":\"Matej Vinkovi\u010d iz Zre\u010d iz starega Volkswagna ustvaril pravo vinsko do\u017eivetje: to soboto prireja 1. Vinoldie fest\"}]},{\"@type\":\"WebSite\",\"@id\":\"https:\\\/\\\/novice.si\\\/page\\\/#website\",\"url\":\"https:\\\/\\\/novice.si\\\/page\\\/\",\"name\":\"Novice.si\",\"description\":\"\",\"publisher\":{\"@id\":\"https:\\\/\\\/novice.si\\\/page\\\/#organization\"},\"potentialAction\":[{\"@type\":\"SearchAction\",\"target\":{\"@type\":\"EntryPoint\",\"urlTemplate\":\"https:\\\/\\\/novice.si\\\/page\\\/?s={search_term_string}\"},\"query-input\":{\"@type\":\"PropertyValueSpecification\",\"valueRequired\":true,\"valueName\":\"search_term_string\"}}],\"inLanguage\":\"sl-SI\"},{\"@type\":\"Organization\",\"@id\":\"https:\\\/\\\/novice.si\\\/page\\\/#organization\",\"name\":\"Novice.si\",\"url\":\"https:\\\/\\\/novice.si\\\/page\\\/\",\"logo\":{\"@type\":\"ImageObject\",\"inLanguage\":\"sl-SI\",\"@id\":\"https:\\\/\\\/novice.si\\\/page\\\/#\\\/schema\\\/logo\\\/image\\\/\",\"url\":\"https:\\\/\\\/novice.si\\\/page\\\/wp-content\\\/uploads\\\/2023\\\/03\\\/novice_si.png\",\"contentUrl\":\"https:\\\/\\\/novice.si\\\/page\\\/wp-content\\\/uploads\\\/2023\\\/03\\\/novice_si.png\",\"width\":576,\"height\":200,\"caption\":\"Novice.si\"},\"image\":{\"@id\":\"https:\\\/\\\/novice.si\\\/page\\\/#\\\/schema\\\/logo\\\/image\\\/\"}},{\"@type\":\"Person\",\"@id\":\"https:\\\/\\\/novice.si\\\/page\\\/#\\\/schema\\\/person\\\/51903923b50fefb075bc1cd24fe4d065\",\"name\":\"Uredni\u0161tvo Celjana\",\"image\":{\"@type\":\"ImageObject\",\"inLanguage\":\"sl-SI\",\"@id\":\"https:\\\/\\\/secure.gravatar.com\\\/avatar\\\/b516f102aa90b53619e09722b8ea56721c99bfcb4f1035f9b333d99f52330226?s=96&d=mm&r=g\",\"url\":\"https:\\\/\\\/secure.gravatar.com\\\/avatar\\\/b516f102aa90b53619e09722b8ea56721c99bfcb4f1035f9b333d99f52330226?s=96&d=mm&r=g\",\"contentUrl\":\"https:\\\/\\\/secure.gravatar.com\\\/avatar\\\/b516f102aa90b53619e09722b8ea56721c99bfcb4f1035f9b333d99f52330226?s=96&d=mm&r=g\",\"caption\":\"Uredni\u0161tvo Celjana\"},\"url\":\"https:\\\/\\\/novice.si\\\/page\\\/author\\\/nejc\\\/\"}]}<\/script>\n<!-- \/ Yoast SEO plugin. -->","yoast_head_json":{"title":"Matej Vinkovi\u010d iz Zre\u010d iz starega Volkswagna ustvaril pravo vinsko do\u017eivetje: to soboto prireja 1. Vinoldie fest - Novice.si","robots":{"index":"index","follow":"follow","max-snippet":"max-snippet:-1","max-image-preview":"max-image-preview:large","max-video-preview":"max-video-preview:-1"},"canonical":"https:\/\/novice.si\/page\/matej-vinkovic-iz-zrec-iz-starega-volkswagna-ustvaril-pravo-vinsko-dozivetje-to-soboto-prireja-1-vinoldie-fest\/","og_locale":"sl_SI","og_type":"article","og_title":"Matej Vinkovi\u010d iz Zre\u010d iz starega Volkswagna ustvaril pravo vinsko do\u017eivetje: to soboto prireja 1. Vinoldie fest - Novice.si","og_description":"Matej Vinkovi\u010d. Prlek, zdaj Zre\u010dan, je lastnik inovativnega vinskega bara, ki je na prireditvah prava atrakcija. Nogometa\u0161 in trener, ljubitelj vina in starodobnikov, je pred dnevi ustanovil klub Vinoldie. Ta konec tedna v \u0160kalcah prirejajo 1. Festival vina in starodobnikov. Matej, prihajate iz Prlekije. Kje ste bili doma, preden ste se preselili v Zre\u010de? Prihajam [&hellip;]","og_url":"https:\/\/novice.si\/page\/matej-vinkovic-iz-zrec-iz-starega-volkswagna-ustvaril-pravo-vinsko-dozivetje-to-soboto-prireja-1-vinoldie-fest\/","og_site_name":"Novice.si","article_published_time":"2023-05-25T07:28:16+00:00","article_modified_time":"2023-05-25T08:32:27+00:00","og_image":[{"width":1366,"height":1465,"url":"https:\/\/novice.si\/page\/wp-content\/uploads\/2023\/05\/vinkovic-matej-1-1.jpg","type":"image\/jpeg"}],"author":"Uredni\u0161tvo Celjana","twitter_card":"summary_large_image","twitter_misc":{"Written by":"Uredni\u0161tvo Celjana","Est. reading time":"9 minut"},"schema":{"@context":"https:\/\/schema.org","@graph":[{"@type":"Article","@id":"https:\/\/novice.si\/page\/matej-vinkovic-iz-zrec-iz-starega-volkswagna-ustvaril-pravo-vinsko-dozivetje-to-soboto-prireja-1-vinoldie-fest\/#article","isPartOf":{"@id":"https:\/\/novice.si\/page\/matej-vinkovic-iz-zrec-iz-starega-volkswagna-ustvaril-pravo-vinsko-dozivetje-to-soboto-prireja-1-vinoldie-fest\/"},"author":{"name":"Uredni\u0161tvo Celjana","@id":"https:\/\/novice.si\/page\/#\/schema\/person\/51903923b50fefb075bc1cd24fe4d065"},"headline":"Matej Vinkovi\u010d iz Zre\u010d iz starega Volkswagna ustvaril pravo vinsko do\u017eivetje: to soboto prireja 1. Vinoldie fest","datePublished":"2023-05-25T07:28:16+00:00","dateModified":"2023-05-25T08:32:27+00:00","mainEntityOfPage":{"@id":"https:\/\/novice.si\/page\/matej-vinkovic-iz-zrec-iz-starega-volkswagna-ustvaril-pravo-vinsko-dozivetje-to-soboto-prireja-1-vinoldie-fest\/"},"wordCount":1506,"publisher":{"@id":"https:\/\/novice.si\/page\/#organization"},"image":{"@id":"https:\/\/novice.si\/page\/matej-vinkovic-iz-zrec-iz-starega-volkswagna-ustvaril-pravo-vinsko-dozivetje-to-soboto-prireja-1-vinoldie-fest\/#primaryimage"},"thumbnailUrl":"https:\/\/novice.si\/page\/wp-content\/uploads\/2023\/05\/vinkovic-matej-1-1.jpg","keywords":["Matej Vinkovi\u010d","NK Zre\u010de","Polkaholiki","vinoldie fest","wine van bar","Zlati Gri\u010d"],"articleSection":["Aktualno","\u010casopisi","Dru\u017eabno","Konji\u0161ko","Novice","Radio Rogla"],"inLanguage":"sl-SI"},{"@type":"WebPage","@id":"https:\/\/novice.si\/page\/matej-vinkovic-iz-zrec-iz-starega-volkswagna-ustvaril-pravo-vinsko-dozivetje-to-soboto-prireja-1-vinoldie-fest\/","url":"https:\/\/novice.si\/page\/matej-vinkovic-iz-zrec-iz-starega-volkswagna-ustvaril-pravo-vinsko-dozivetje-to-soboto-prireja-1-vinoldie-fest\/","name":"Matej Vinkovi\u010d iz Zre\u010d iz starega Volkswagna ustvaril pravo vinsko do\u017eivetje: to soboto prireja 1. Vinoldie fest - Novice.si","isPartOf":{"@id":"https:\/\/novice.si\/page\/#website"},"primaryImageOfPage":{"@id":"https:\/\/novice.si\/page\/matej-vinkovic-iz-zrec-iz-starega-volkswagna-ustvaril-pravo-vinsko-dozivetje-to-soboto-prireja-1-vinoldie-fest\/#primaryimage"},"image":{"@id":"https:\/\/novice.si\/page\/matej-vinkovic-iz-zrec-iz-starega-volkswagna-ustvaril-pravo-vinsko-dozivetje-to-soboto-prireja-1-vinoldie-fest\/#primaryimage"},"thumbnailUrl":"https:\/\/novice.si\/page\/wp-content\/uploads\/2023\/05\/vinkovic-matej-1-1.jpg","datePublished":"2023-05-25T07:28:16+00:00","dateModified":"2023-05-25T08:32:27+00:00","breadcrumb":{"@id":"https:\/\/novice.si\/page\/matej-vinkovic-iz-zrec-iz-starega-volkswagna-ustvaril-pravo-vinsko-dozivetje-to-soboto-prireja-1-vinoldie-fest\/#breadcrumb"},"inLanguage":"sl-SI","potentialAction":[{"@type":"ReadAction","target":["https:\/\/novice.si\/page\/matej-vinkovic-iz-zrec-iz-starega-volkswagna-ustvaril-pravo-vinsko-dozivetje-to-soboto-prireja-1-vinoldie-fest\/"]}]},{"@type":"ImageObject","inLanguage":"sl-SI","@id":"https:\/\/novice.si\/page\/matej-vinkovic-iz-zrec-iz-starega-volkswagna-ustvaril-pravo-vinsko-dozivetje-to-soboto-prireja-1-vinoldie-fest\/#primaryimage","url":"https:\/\/novice.si\/page\/wp-content\/uploads\/2023\/05\/vinkovic-matej-1-1.jpg","contentUrl":"https:\/\/novice.si\/page\/wp-content\/uploads\/2023\/05\/vinkovic-matej-1-1.jpg","width":1366,"height":1465},{"@type":"BreadcrumbList","@id":"https:\/\/novice.si\/page\/matej-vinkovic-iz-zrec-iz-starega-volkswagna-ustvaril-pravo-vinsko-dozivetje-to-soboto-prireja-1-vinoldie-fest\/#breadcrumb","itemListElement":[{"@type":"ListItem","position":1,"name":"Home","item":"https:\/\/novice.si\/page\/"},{"@type":"ListItem","position":2,"name":"Matej Vinkovi\u010d iz Zre\u010d iz starega Volkswagna ustvaril pravo vinsko do\u017eivetje: to soboto prireja 1. Vinoldie fest"}]},{"@type":"WebSite","@id":"https:\/\/novice.si\/page\/#website","url":"https:\/\/novice.si\/page\/","name":"Novice.si","description":"","publisher":{"@id":"https:\/\/novice.si\/page\/#organization"},"potentialAction":[{"@type":"SearchAction","target":{"@type":"EntryPoint","urlTemplate":"https:\/\/novice.si\/page\/?s={search_term_string}"},"query-input":{"@type":"PropertyValueSpecification","valueRequired":true,"valueName":"search_term_string"}}],"inLanguage":"sl-SI"},{"@type":"Organization","@id":"https:\/\/novice.si\/page\/#organization","name":"Novice.si","url":"https:\/\/novice.si\/page\/","logo":{"@type":"ImageObject","inLanguage":"sl-SI","@id":"https:\/\/novice.si\/page\/#\/schema\/logo\/image\/","url":"https:\/\/novice.si\/page\/wp-content\/uploads\/2023\/03\/novice_si.png","contentUrl":"https:\/\/novice.si\/page\/wp-content\/uploads\/2023\/03\/novice_si.png","width":576,"height":200,"caption":"Novice.si"},"image":{"@id":"https:\/\/novice.si\/page\/#\/schema\/logo\/image\/"}},{"@type":"Person","@id":"https:\/\/novice.si\/page\/#\/schema\/person\/51903923b50fefb075bc1cd24fe4d065","name":"Uredni\u0161tvo Celjana","image":{"@type":"ImageObject","inLanguage":"sl-SI","@id":"https:\/\/secure.gravatar.com\/avatar\/b516f102aa90b53619e09722b8ea56721c99bfcb4f1035f9b333d99f52330226?s=96&d=mm&r=g","url":"https:\/\/secure.gravatar.com\/avatar\/b516f102aa90b53619e09722b8ea56721c99bfcb4f1035f9b333d99f52330226?s=96&d=mm&r=g","contentUrl":"https:\/\/secure.gravatar.com\/avatar\/b516f102aa90b53619e09722b8ea56721c99bfcb4f1035f9b333d99f52330226?s=96&d=mm&r=g","caption":"Uredni\u0161tvo Celjana"},"url":"https:\/\/novice.si\/page\/author\/nejc\/"}]}},"_links":{"self":[{"href":"https:\/\/novice.si\/page\/wp-json\/wp\/v2\/posts\/163068","targetHints":{"allow":["GET"]}}],"collection":[{"href":"https:\/\/novice.si\/page\/wp-json\/wp\/v2\/posts"}],"about":[{"href":"https:\/\/novice.si\/page\/wp-json\/wp\/v2\/types\/post"}],"author":[{"embeddable":true,"href":"https:\/\/novice.si\/page\/wp-json\/wp\/v2\/users\/12"}],"replies":[{"embeddable":true,"href":"https:\/\/novice.si\/page\/wp-json\/wp\/v2\/comments?post=163068"}],"version-history":[{"count":2,"href":"https:\/\/novice.si\/page\/wp-json\/wp\/v2\/posts\/163068\/revisions"}],"predecessor-version":[{"id":163075,"href":"https:\/\/novice.si\/page\/wp-json\/wp\/v2\/posts\/163068\/revisions\/163075"}],"wp:featuredmedia":[{"embeddable":true,"href":"https:\/\/novice.si\/page\/wp-json\/wp\/v2\/media\/163074"}],"wp:attachment":[{"href":"https:\/\/novice.si\/page\/wp-json\/wp\/v2\/media?parent=163068"}],"wp:term":[{"taxonomy":"category","embeddable":true,"href":"https:\/\/novice.si\/page\/wp-json\/wp\/v2\/categories?post=163068"},{"taxonomy":"post_tag","embeddable":true,"href":"https:\/\/novice.si\/page\/wp-json\/wp\/v2\/tags?post=163068"}],"curies":[{"name":"wp","href":"https:\/\/api.w.org\/{rel}","templated":true}]}}