{"id":163062,"date":"2023-05-24T17:33:01","date_gmt":"2023-05-24T15:33:01","guid":{"rendered":"https:\/\/novice.si\/page\/?p=163062"},"modified":"2023-05-24T17:38:53","modified_gmt":"2023-05-24T15:38:53","slug":"balerina-ki-ima-rada-tudi-folkloro-in-gasilstvo","status":"publish","type":"post","link":"https:\/\/novice.si\/page\/balerina-ki-ima-rada-tudi-folkloro-in-gasilstvo\/","title":{"rendered":"Balerina, ki ima rada tudi folkloro in gasilstvo"},"content":{"rendered":"<p>Pia Capl \u0160krinjar je 15- letna baletna plesalka s Keblja. Minulo leto je prejela priznanje za izjemne uspehe. Trenutno zaklju\u010duje Osnovno \u0161olo Pohorskega bataljona Oplotnica podru\u017enica Kebelj, a poleg vseh \u0161olskih obveznosti uspe\u0161no usklajuje \u0161e treninge baleta v Mariboru. Vo\u017enja ji tako dnevno vzame tri ure, a Pia je dobro organizirana: \u00bb\u010cas za u\u010denje si vzamem zjutraj pred za\u010detkom pouka in pa zve\u010der, ko prispem domov. Ve\u010dinoma si organiziram svoj dan \u017ee vnaprej, da dan poteka teko\u010de in la\u017eje, v\u010dasih pa si preprosto vzamem \u010das zase in se malo spo\u010dijem,\u00ab pove.<\/p>\n<p>Z baletom se je za\u010dela ukvarjati v 2. razredu. \u00bbMama mi je ve\u010dkrat povedala, da sem \u017ee kot majhna zelo rada plesala in skakala po hi\u0161i.\u00ab Mama je v teh njenih plesnih gibih videla balerino in jo prijavila na baletne ure. Sprva je bil balet zanjo le hobi, danes pa mu posve\u010da vse ve\u010d \u010dasa, trenira ga vsak delovni dan. V leto\u0161njem \u0161olskem letu je za\u010dela obiskati Konservatorij za glasbo in balet v Mariboru, kjer trenira pod vodstvom Martine Svetine. Lepe spomine pa ima na svojo nekdanjo u\u010diteljico Mateo:\u00bbMatea je moja velika podpora in vzornica\u00ab.<\/p>\n<div id='gallery-1' class='gallery galleryid-163062 gallery-columns-3 gallery-size-thumbnail'><figure class='gallery-item'>\n\t\t\t<div class='gallery-icon portrait'>\n\t\t\t\t<a href='https:\/\/novice.si\/page\/balerina-ki-ima-rada-tudi-folkloro-in-gasilstvo\/slika2-30\/'><img loading=\"lazy\" decoding=\"async\" width=\"150\" height=\"150\" src=\"https:\/\/novice.si\/page\/wp-content\/uploads\/2023\/05\/Slika2-1-150x150.jpg\" class=\"attachment-thumbnail size-thumbnail\" alt=\"\" srcset=\"https:\/\/novice.si\/page\/wp-content\/uploads\/2023\/05\/Slika2-1-150x150.jpg 150w, https:\/\/novice.si\/page\/wp-content\/uploads\/2023\/05\/Slika2-1-24x24.jpg 24w\" sizes=\"auto, (max-width: 150px) 100vw, 150px\" \/><\/a>\n\t\t\t<\/div><\/figure><figure class='gallery-item'>\n\t\t\t<div class='gallery-icon portrait'>\n\t\t\t\t<a href='https:\/\/novice.si\/page\/balerina-ki-ima-rada-tudi-folkloro-in-gasilstvo\/slika1-37\/'><img loading=\"lazy\" decoding=\"async\" width=\"150\" height=\"150\" src=\"https:\/\/novice.si\/page\/wp-content\/uploads\/2023\/05\/Slika1-1-150x150.jpg\" class=\"attachment-thumbnail size-thumbnail\" alt=\"\" \/><\/a>\n\t\t\t<\/div><\/figure>\n\t\t<\/div>\n\n<p>In zakaj se je Pia odlo\u010dila prav za balet? \u00bbEnostavno mi je v\u0161e\u010d. Zelo rada imam nove izzive in pri baletu mi ni nikoli dolg\u010das. Vedno se sre\u010dam s kak\u0161nim novim gibom, ki ga vzamem kot nov izziv in se ne predam tako zlahka.\u00ab Sicer pa jo poleg razli\u010dnih gibov najbolj navdu\u0161ujejo nastopi na velikem odru. Velikokrat nastopa na odru SNG Maribor, plesala pa je tudi \u017ee na tekmovanju v Lendavi.<\/p>\n<p>Leta 2022 je mlada balerina s strani bistri\u0161ke glasbene \u0161ole dobila priznanje sozvo\u010dje za izjemne uspehe na podro\u010dju plesa. Priznanje ji pomeni veliko: \u00bbSpomnim se same podelitve in trenutka, ko so se mi ulile solze, ko sem pri\u0161la nazaj do stola. Ni\u010d nisem vedela o tem, dokler mi tega ni omenila u\u010diteljica, kak\u0161en dan pred podelitvijo.\u00ab Pravi, da ji balet pomeni ogromno: \u00bbMogo\u010de bo postalo tudi moje delo, bom videla, kam me bo \u017eivljenje pripeljalo.\u00ab<\/p>\n<p>Kljub temu, da je Pia zares nadarjena in strastna balerina, pa poleg tega ple\u0161e tudi pri folklori na Keblju. \u00bbSem tudi pri gasilcih in v\u010dasih sem tudi ministrirala. Rada se dru\u017eim s prijatelji in hodim na sprehode,\u00ab opisuje svoj prosti \u010das. (A. Sobo\u010dan)<\/p>\n<p>Ve\u010d o mladi balerini pa v aktualni majski \u0161tevilki Bistri\u0161kih novic.<\/p>\n","protected":false},"excerpt":{"rendered":"<p>Pia Capl \u0160krinjar je 15- letna baletna plesalka s Keblja. Minulo leto je prejela priznanje za izjemne uspehe. Trenutno zaklju\u010duje Osnovno \u0161olo Pohorskega bataljona Oplotnica podru\u017enica Kebelj, a poleg vseh \u0161olskih obveznosti uspe\u0161no usklajuje \u0161e treninge baleta v Mariboru. Vo\u017enja ji tako dnevno vzame tri ure, a Pia je dobro organizirana: \u00bb\u010cas za u\u010denje si [&hellip;]<\/p>\n","protected":false},"author":12,"featured_media":163063,"comment_status":"closed","ping_status":"closed","sticky":false,"template":"","format":"standard","meta":{"footnotes":""},"categories":[14,32],"tags":[12250,17906],"class_list":{"0":"post-163062","1":"post","2":"type-post","3":"status-publish","4":"format-standard","5":"has-post-thumbnail","7":"category-aktualno","8":"category-bistrisko","9":"tag-matea-brecko","10":"tag-pia-capl-skrinjar"},"yoast_head":"<!-- This site is optimized with the Yoast SEO plugin v27.4 - https:\/\/yoast.com\/product\/yoast-seo-wordpress\/ -->\n<title>Balerina, ki ima rada tudi folkloro in gasilstvo - Novice.si<\/title>\n<meta name=\"robots\" content=\"index, follow, max-snippet:-1, max-image-preview:large, max-video-preview:-1\" \/>\n<link rel=\"canonical\" href=\"https:\/\/novice.si\/page\/balerina-ki-ima-rada-tudi-folkloro-in-gasilstvo\/\" \/>\n<meta property=\"og:locale\" content=\"sl_SI\" \/>\n<meta property=\"og:type\" content=\"article\" \/>\n<meta property=\"og:title\" content=\"Balerina, ki ima rada tudi folkloro in gasilstvo - Novice.si\" \/>\n<meta property=\"og:description\" content=\"Pia Capl \u0160krinjar je 15- letna baletna plesalka s Keblja. Minulo leto je prejela priznanje za izjemne uspehe. Trenutno zaklju\u010duje Osnovno \u0161olo Pohorskega bataljona Oplotnica podru\u017enica Kebelj, a poleg vseh \u0161olskih obveznosti uspe\u0161no usklajuje \u0161e treninge baleta v Mariboru. Vo\u017enja ji tako dnevno vzame tri ure, a Pia je dobro organizirana: \u00bb\u010cas za u\u010denje si [&hellip;]\" \/>\n<meta property=\"og:url\" content=\"https:\/\/novice.si\/page\/balerina-ki-ima-rada-tudi-folkloro-in-gasilstvo\/\" \/>\n<meta property=\"og:site_name\" content=\"Novice.si\" \/>\n<meta property=\"article:published_time\" content=\"2023-05-24T15:33:01+00:00\" \/>\n<meta property=\"article:modified_time\" content=\"2023-05-24T15:38:53+00:00\" \/>\n<meta property=\"og:image\" content=\"https:\/\/novice.si\/page\/wp-content\/uploads\/2023\/05\/Slika2-1.jpg\" \/>\n\t<meta property=\"og:image:width\" content=\"451\" \/>\n\t<meta property=\"og:image:height\" content=\"475\" \/>\n\t<meta property=\"og:image:type\" content=\"image\/jpeg\" \/>\n<meta name=\"author\" content=\"Uredni\u0161tvo Celjana\" \/>\n<meta name=\"twitter:card\" content=\"summary_large_image\" \/>\n<meta name=\"twitter:label1\" content=\"Written by\" \/>\n\t<meta name=\"twitter:data1\" content=\"Uredni\u0161tvo Celjana\" \/>\n\t<meta name=\"twitter:label2\" content=\"Est. reading time\" \/>\n\t<meta name=\"twitter:data2\" content=\"3 minute\" \/>\n<script type=\"application\/ld+json\" class=\"yoast-schema-graph\">{\"@context\":\"https:\\\/\\\/schema.org\",\"@graph\":[{\"@type\":\"Article\",\"@id\":\"https:\\\/\\\/novice.si\\\/page\\\/balerina-ki-ima-rada-tudi-folkloro-in-gasilstvo\\\/#article\",\"isPartOf\":{\"@id\":\"https:\\\/\\\/novice.si\\\/page\\\/balerina-ki-ima-rada-tudi-folkloro-in-gasilstvo\\\/\"},\"author\":{\"name\":\"Uredni\u0161tvo Celjana\",\"@id\":\"https:\\\/\\\/novice.si\\\/page\\\/#\\\/schema\\\/person\\\/51903923b50fefb075bc1cd24fe4d065\"},\"headline\":\"Balerina, ki ima rada tudi folkloro in gasilstvo\",\"datePublished\":\"2023-05-24T15:33:01+00:00\",\"dateModified\":\"2023-05-24T15:38:53+00:00\",\"mainEntityOfPage\":{\"@id\":\"https:\\\/\\\/novice.si\\\/page\\\/balerina-ki-ima-rada-tudi-folkloro-in-gasilstvo\\\/\"},\"wordCount\":433,\"publisher\":{\"@id\":\"https:\\\/\\\/novice.si\\\/page\\\/#organization\"},\"image\":{\"@id\":\"https:\\\/\\\/novice.si\\\/page\\\/balerina-ki-ima-rada-tudi-folkloro-in-gasilstvo\\\/#primaryimage\"},\"thumbnailUrl\":\"https:\\\/\\\/novice.si\\\/page\\\/wp-content\\\/uploads\\\/2023\\\/05\\\/Slika2-1.jpg\",\"keywords\":[\"Matea Bre\u010dko\",\"Pia Capl \u0160krinjar\"],\"articleSection\":[\"Aktualno\",\"Bistri\u0161ko\"],\"inLanguage\":\"sl-SI\"},{\"@type\":\"WebPage\",\"@id\":\"https:\\\/\\\/novice.si\\\/page\\\/balerina-ki-ima-rada-tudi-folkloro-in-gasilstvo\\\/\",\"url\":\"https:\\\/\\\/novice.si\\\/page\\\/balerina-ki-ima-rada-tudi-folkloro-in-gasilstvo\\\/\",\"name\":\"Balerina, ki ima rada tudi folkloro in gasilstvo - Novice.si\",\"isPartOf\":{\"@id\":\"https:\\\/\\\/novice.si\\\/page\\\/#website\"},\"primaryImageOfPage\":{\"@id\":\"https:\\\/\\\/novice.si\\\/page\\\/balerina-ki-ima-rada-tudi-folkloro-in-gasilstvo\\\/#primaryimage\"},\"image\":{\"@id\":\"https:\\\/\\\/novice.si\\\/page\\\/balerina-ki-ima-rada-tudi-folkloro-in-gasilstvo\\\/#primaryimage\"},\"thumbnailUrl\":\"https:\\\/\\\/novice.si\\\/page\\\/wp-content\\\/uploads\\\/2023\\\/05\\\/Slika2-1.jpg\",\"datePublished\":\"2023-05-24T15:33:01+00:00\",\"dateModified\":\"2023-05-24T15:38:53+00:00\",\"breadcrumb\":{\"@id\":\"https:\\\/\\\/novice.si\\\/page\\\/balerina-ki-ima-rada-tudi-folkloro-in-gasilstvo\\\/#breadcrumb\"},\"inLanguage\":\"sl-SI\",\"potentialAction\":[{\"@type\":\"ReadAction\",\"target\":[\"https:\\\/\\\/novice.si\\\/page\\\/balerina-ki-ima-rada-tudi-folkloro-in-gasilstvo\\\/\"]}]},{\"@type\":\"ImageObject\",\"inLanguage\":\"sl-SI\",\"@id\":\"https:\\\/\\\/novice.si\\\/page\\\/balerina-ki-ima-rada-tudi-folkloro-in-gasilstvo\\\/#primaryimage\",\"url\":\"https:\\\/\\\/novice.si\\\/page\\\/wp-content\\\/uploads\\\/2023\\\/05\\\/Slika2-1.jpg\",\"contentUrl\":\"https:\\\/\\\/novice.si\\\/page\\\/wp-content\\\/uploads\\\/2023\\\/05\\\/Slika2-1.jpg\",\"width\":451,\"height\":475},{\"@type\":\"BreadcrumbList\",\"@id\":\"https:\\\/\\\/novice.si\\\/page\\\/balerina-ki-ima-rada-tudi-folkloro-in-gasilstvo\\\/#breadcrumb\",\"itemListElement\":[{\"@type\":\"ListItem\",\"position\":1,\"name\":\"Home\",\"item\":\"https:\\\/\\\/novice.si\\\/page\\\/\"},{\"@type\":\"ListItem\",\"position\":2,\"name\":\"Balerina, ki ima rada tudi folkloro in gasilstvo\"}]},{\"@type\":\"WebSite\",\"@id\":\"https:\\\/\\\/novice.si\\\/page\\\/#website\",\"url\":\"https:\\\/\\\/novice.si\\\/page\\\/\",\"name\":\"Novice.si\",\"description\":\"\",\"publisher\":{\"@id\":\"https:\\\/\\\/novice.si\\\/page\\\/#organization\"},\"potentialAction\":[{\"@type\":\"SearchAction\",\"target\":{\"@type\":\"EntryPoint\",\"urlTemplate\":\"https:\\\/\\\/novice.si\\\/page\\\/?s={search_term_string}\"},\"query-input\":{\"@type\":\"PropertyValueSpecification\",\"valueRequired\":true,\"valueName\":\"search_term_string\"}}],\"inLanguage\":\"sl-SI\"},{\"@type\":\"Organization\",\"@id\":\"https:\\\/\\\/novice.si\\\/page\\\/#organization\",\"name\":\"Novice.si\",\"url\":\"https:\\\/\\\/novice.si\\\/page\\\/\",\"logo\":{\"@type\":\"ImageObject\",\"inLanguage\":\"sl-SI\",\"@id\":\"https:\\\/\\\/novice.si\\\/page\\\/#\\\/schema\\\/logo\\\/image\\\/\",\"url\":\"https:\\\/\\\/novice.si\\\/page\\\/wp-content\\\/uploads\\\/2023\\\/03\\\/novice_si.png\",\"contentUrl\":\"https:\\\/\\\/novice.si\\\/page\\\/wp-content\\\/uploads\\\/2023\\\/03\\\/novice_si.png\",\"width\":576,\"height\":200,\"caption\":\"Novice.si\"},\"image\":{\"@id\":\"https:\\\/\\\/novice.si\\\/page\\\/#\\\/schema\\\/logo\\\/image\\\/\"}},{\"@type\":\"Person\",\"@id\":\"https:\\\/\\\/novice.si\\\/page\\\/#\\\/schema\\\/person\\\/51903923b50fefb075bc1cd24fe4d065\",\"name\":\"Uredni\u0161tvo Celjana\",\"image\":{\"@type\":\"ImageObject\",\"inLanguage\":\"sl-SI\",\"@id\":\"https:\\\/\\\/secure.gravatar.com\\\/avatar\\\/b516f102aa90b53619e09722b8ea56721c99bfcb4f1035f9b333d99f52330226?s=96&d=mm&r=g\",\"url\":\"https:\\\/\\\/secure.gravatar.com\\\/avatar\\\/b516f102aa90b53619e09722b8ea56721c99bfcb4f1035f9b333d99f52330226?s=96&d=mm&r=g\",\"contentUrl\":\"https:\\\/\\\/secure.gravatar.com\\\/avatar\\\/b516f102aa90b53619e09722b8ea56721c99bfcb4f1035f9b333d99f52330226?s=96&d=mm&r=g\",\"caption\":\"Uredni\u0161tvo Celjana\"},\"url\":\"https:\\\/\\\/novice.si\\\/page\\\/author\\\/nejc\\\/\"}]}<\/script>\n<!-- \/ Yoast SEO plugin. -->","yoast_head_json":{"title":"Balerina, ki ima rada tudi folkloro in gasilstvo - Novice.si","robots":{"index":"index","follow":"follow","max-snippet":"max-snippet:-1","max-image-preview":"max-image-preview:large","max-video-preview":"max-video-preview:-1"},"canonical":"https:\/\/novice.si\/page\/balerina-ki-ima-rada-tudi-folkloro-in-gasilstvo\/","og_locale":"sl_SI","og_type":"article","og_title":"Balerina, ki ima rada tudi folkloro in gasilstvo - Novice.si","og_description":"Pia Capl \u0160krinjar je 15- letna baletna plesalka s Keblja. Minulo leto je prejela priznanje za izjemne uspehe. Trenutno zaklju\u010duje Osnovno \u0161olo Pohorskega bataljona Oplotnica podru\u017enica Kebelj, a poleg vseh \u0161olskih obveznosti uspe\u0161no usklajuje \u0161e treninge baleta v Mariboru. Vo\u017enja ji tako dnevno vzame tri ure, a Pia je dobro organizirana: \u00bb\u010cas za u\u010denje si [&hellip;]","og_url":"https:\/\/novice.si\/page\/balerina-ki-ima-rada-tudi-folkloro-in-gasilstvo\/","og_site_name":"Novice.si","article_published_time":"2023-05-24T15:33:01+00:00","article_modified_time":"2023-05-24T15:38:53+00:00","og_image":[{"width":451,"height":475,"url":"https:\/\/novice.si\/page\/wp-content\/uploads\/2023\/05\/Slika2-1.jpg","type":"image\/jpeg"}],"author":"Uredni\u0161tvo Celjana","twitter_card":"summary_large_image","twitter_misc":{"Written by":"Uredni\u0161tvo Celjana","Est. reading time":"3 minute"},"schema":{"@context":"https:\/\/schema.org","@graph":[{"@type":"Article","@id":"https:\/\/novice.si\/page\/balerina-ki-ima-rada-tudi-folkloro-in-gasilstvo\/#article","isPartOf":{"@id":"https:\/\/novice.si\/page\/balerina-ki-ima-rada-tudi-folkloro-in-gasilstvo\/"},"author":{"name":"Uredni\u0161tvo Celjana","@id":"https:\/\/novice.si\/page\/#\/schema\/person\/51903923b50fefb075bc1cd24fe4d065"},"headline":"Balerina, ki ima rada tudi folkloro in gasilstvo","datePublished":"2023-05-24T15:33:01+00:00","dateModified":"2023-05-24T15:38:53+00:00","mainEntityOfPage":{"@id":"https:\/\/novice.si\/page\/balerina-ki-ima-rada-tudi-folkloro-in-gasilstvo\/"},"wordCount":433,"publisher":{"@id":"https:\/\/novice.si\/page\/#organization"},"image":{"@id":"https:\/\/novice.si\/page\/balerina-ki-ima-rada-tudi-folkloro-in-gasilstvo\/#primaryimage"},"thumbnailUrl":"https:\/\/novice.si\/page\/wp-content\/uploads\/2023\/05\/Slika2-1.jpg","keywords":["Matea Bre\u010dko","Pia Capl \u0160krinjar"],"articleSection":["Aktualno","Bistri\u0161ko"],"inLanguage":"sl-SI"},{"@type":"WebPage","@id":"https:\/\/novice.si\/page\/balerina-ki-ima-rada-tudi-folkloro-in-gasilstvo\/","url":"https:\/\/novice.si\/page\/balerina-ki-ima-rada-tudi-folkloro-in-gasilstvo\/","name":"Balerina, ki ima rada tudi folkloro in gasilstvo - Novice.si","isPartOf":{"@id":"https:\/\/novice.si\/page\/#website"},"primaryImageOfPage":{"@id":"https:\/\/novice.si\/page\/balerina-ki-ima-rada-tudi-folkloro-in-gasilstvo\/#primaryimage"},"image":{"@id":"https:\/\/novice.si\/page\/balerina-ki-ima-rada-tudi-folkloro-in-gasilstvo\/#primaryimage"},"thumbnailUrl":"https:\/\/novice.si\/page\/wp-content\/uploads\/2023\/05\/Slika2-1.jpg","datePublished":"2023-05-24T15:33:01+00:00","dateModified":"2023-05-24T15:38:53+00:00","breadcrumb":{"@id":"https:\/\/novice.si\/page\/balerina-ki-ima-rada-tudi-folkloro-in-gasilstvo\/#breadcrumb"},"inLanguage":"sl-SI","potentialAction":[{"@type":"ReadAction","target":["https:\/\/novice.si\/page\/balerina-ki-ima-rada-tudi-folkloro-in-gasilstvo\/"]}]},{"@type":"ImageObject","inLanguage":"sl-SI","@id":"https:\/\/novice.si\/page\/balerina-ki-ima-rada-tudi-folkloro-in-gasilstvo\/#primaryimage","url":"https:\/\/novice.si\/page\/wp-content\/uploads\/2023\/05\/Slika2-1.jpg","contentUrl":"https:\/\/novice.si\/page\/wp-content\/uploads\/2023\/05\/Slika2-1.jpg","width":451,"height":475},{"@type":"BreadcrumbList","@id":"https:\/\/novice.si\/page\/balerina-ki-ima-rada-tudi-folkloro-in-gasilstvo\/#breadcrumb","itemListElement":[{"@type":"ListItem","position":1,"name":"Home","item":"https:\/\/novice.si\/page\/"},{"@type":"ListItem","position":2,"name":"Balerina, ki ima rada tudi folkloro in gasilstvo"}]},{"@type":"WebSite","@id":"https:\/\/novice.si\/page\/#website","url":"https:\/\/novice.si\/page\/","name":"Novice.si","description":"","publisher":{"@id":"https:\/\/novice.si\/page\/#organization"},"potentialAction":[{"@type":"SearchAction","target":{"@type":"EntryPoint","urlTemplate":"https:\/\/novice.si\/page\/?s={search_term_string}"},"query-input":{"@type":"PropertyValueSpecification","valueRequired":true,"valueName":"search_term_string"}}],"inLanguage":"sl-SI"},{"@type":"Organization","@id":"https:\/\/novice.si\/page\/#organization","name":"Novice.si","url":"https:\/\/novice.si\/page\/","logo":{"@type":"ImageObject","inLanguage":"sl-SI","@id":"https:\/\/novice.si\/page\/#\/schema\/logo\/image\/","url":"https:\/\/novice.si\/page\/wp-content\/uploads\/2023\/03\/novice_si.png","contentUrl":"https:\/\/novice.si\/page\/wp-content\/uploads\/2023\/03\/novice_si.png","width":576,"height":200,"caption":"Novice.si"},"image":{"@id":"https:\/\/novice.si\/page\/#\/schema\/logo\/image\/"}},{"@type":"Person","@id":"https:\/\/novice.si\/page\/#\/schema\/person\/51903923b50fefb075bc1cd24fe4d065","name":"Uredni\u0161tvo Celjana","image":{"@type":"ImageObject","inLanguage":"sl-SI","@id":"https:\/\/secure.gravatar.com\/avatar\/b516f102aa90b53619e09722b8ea56721c99bfcb4f1035f9b333d99f52330226?s=96&d=mm&r=g","url":"https:\/\/secure.gravatar.com\/avatar\/b516f102aa90b53619e09722b8ea56721c99bfcb4f1035f9b333d99f52330226?s=96&d=mm&r=g","contentUrl":"https:\/\/secure.gravatar.com\/avatar\/b516f102aa90b53619e09722b8ea56721c99bfcb4f1035f9b333d99f52330226?s=96&d=mm&r=g","caption":"Uredni\u0161tvo Celjana"},"url":"https:\/\/novice.si\/page\/author\/nejc\/"}]}},"_links":{"self":[{"href":"https:\/\/novice.si\/page\/wp-json\/wp\/v2\/posts\/163062","targetHints":{"allow":["GET"]}}],"collection":[{"href":"https:\/\/novice.si\/page\/wp-json\/wp\/v2\/posts"}],"about":[{"href":"https:\/\/novice.si\/page\/wp-json\/wp\/v2\/types\/post"}],"author":[{"embeddable":true,"href":"https:\/\/novice.si\/page\/wp-json\/wp\/v2\/users\/12"}],"replies":[{"embeddable":true,"href":"https:\/\/novice.si\/page\/wp-json\/wp\/v2\/comments?post=163062"}],"version-history":[{"count":3,"href":"https:\/\/novice.si\/page\/wp-json\/wp\/v2\/posts\/163062\/revisions"}],"predecessor-version":[{"id":163067,"href":"https:\/\/novice.si\/page\/wp-json\/wp\/v2\/posts\/163062\/revisions\/163067"}],"wp:featuredmedia":[{"embeddable":true,"href":"https:\/\/novice.si\/page\/wp-json\/wp\/v2\/media\/163063"}],"wp:attachment":[{"href":"https:\/\/novice.si\/page\/wp-json\/wp\/v2\/media?parent=163062"}],"wp:term":[{"taxonomy":"category","embeddable":true,"href":"https:\/\/novice.si\/page\/wp-json\/wp\/v2\/categories?post=163062"},{"taxonomy":"post_tag","embeddable":true,"href":"https:\/\/novice.si\/page\/wp-json\/wp\/v2\/tags?post=163062"}],"curies":[{"name":"wp","href":"https:\/\/api.w.org\/{rel}","templated":true}]}}