{"id":163043,"date":"2023-05-24T13:18:46","date_gmt":"2023-05-24T11:18:46","guid":{"rendered":"https:\/\/novice.si\/page\/?p=163043"},"modified":"2023-05-24T13:22:59","modified_gmt":"2023-05-24T11:22:59","slug":"cetvorko-zaplesali-na-glavnem-trgu","status":"publish","type":"post","link":"https:\/\/novice.si\/page\/cetvorko-zaplesali-na-glavnem-trgu\/","title":{"rendered":"\u010cetvorko zaplesali na Glavnem trgu"},"content":{"rendered":"<p><em>Maturanti so ob slovesu od srednje\u0161olskih klopi v okviru projekta Plesne zveze Slovenije tradicionalno zaplesali \u010detvorko.<\/em><\/p>\n<p>Na ulicah ve\u010d slovenskih mest in ponekod po Evropi se jih je ob spremljavi Straussove melodije zavrtelo med 18.000 in 19.000. Pri nas jih je najve\u010d zaplesalo v Ljubljani, in sicer po ocenah organizatorjev 2500.<\/p>\n<p>V Celju, kjer \u017ee tradicionalno za \u010detvorko skrbi Plesni val, so \u010detvorko zaplesali na Glavnem trgu. Kasneje so poskrbeli tudi za zabavo s \u0161tevilnimi glasbenimi nastopi dijakov I. gimnazije, \u00a0Srednje zdravstvene in kozmeti\u010dne \u0161ole Celje, \u0160olskega centra Celje in Gimnazije Celje \u2013 Center.<\/p>\n\r\n                <style type=\"text\/css\">\r\n                    \r\n                    #tdi_1  .td-doubleSlider-2 .td-item1 {\r\n                        background: url(https:\/\/novice.si\/page\/wp-content\/uploads\/2023\/05\/Reportaza-maturanti-1-80x60.jpg) 0 0 no-repeat;\r\n                    }\r\n                    #tdi_1  .td-doubleSlider-2 .td-item2 {\r\n                        background: url(https:\/\/novice.si\/page\/wp-content\/uploads\/2023\/05\/Reportaza-maturanti-2-80x60.jpg) 0 0 no-repeat;\r\n                    }\r\n                    #tdi_1  .td-doubleSlider-2 .td-item3 {\r\n                        background: url(https:\/\/novice.si\/page\/wp-content\/uploads\/2023\/05\/Reportaza-maturanti-3-80x60.jpg) 0 0 no-repeat;\r\n                    }\r\n                <\/style>\r\n\r\n                <div id=\"tdi_1\" class=\"td-gallery td-slide-on-2-columns\">\r\n                    <div class=\"post_td_gallery\">\r\n                        <div class=\"td-gallery-slide-top\">\r\n                           <div class=\"td-gallery-title\">Tudi v Celju zaplesali \u010detvorko<\/div>\r\n\r\n                            <div class=\"td-gallery-controls-wrapper\">\r\n                                <div class=\"td-gallery-slide-count\"><span class=\"td-gallery-slide-item-focus\">1<\/span> od 3<\/div>\r\n                                <div class=\"td-gallery-slide-prev-next-but\">\r\n                                    <i class = \"td-icon-left doubleSliderPrevButton\"><\/i>\r\n                                    <i class = \"td-icon-right doubleSliderNextButton\"><\/i>\r\n                                <\/div>\r\n                            <\/div>\r\n                        <\/div>\r\n\r\n                        <div class = \"td-doubleSlider-1 \">\r\n                            <div class = \"td-slider\">\r\n                                \r\n                    <div class = \"td-slide-item td-item1\">\r\n                        <figure class=\"td-slide-galery-figure td-slide-popup-gallery\">\r\n                            <a class=\"slide-gallery-image-link\" href=\"https:\/\/novice.si\/page\/wp-content\/uploads\/2023\/05\/Reportaza-maturanti-1.jpg\" title=\"\u010cetvorka na Glavnem trgu v Celju\"  data-caption=\"Maturantska \u010detvorka napoveduje sloves od srednje\u0161olskih klopi. Foto FAS\"  data-description=\"\" data-gallery>\r\n                                <img decoding=\"async\" src=\"https:\/\/novice.si\/page\/wp-content\/uploads\/2023\/05\/Reportaza-maturanti-1-630x420.jpg\" srcset=\"https:\/\/novice.si\/page\/wp-content\/uploads\/2023\/05\/Reportaza-maturanti-1-630x420.jpg 630w, https:\/\/novice.si\/page\/wp-content\/uploads\/2023\/05\/Reportaza-maturanti-1-600x400.jpg 600w, https:\/\/novice.si\/page\/wp-content\/uploads\/2023\/05\/Reportaza-maturanti-1-1024x683.jpg 1024w, https:\/\/novice.si\/page\/wp-content\/uploads\/2023\/05\/Reportaza-maturanti-1-768x512.jpg 768w, https:\/\/novice.si\/page\/wp-content\/uploads\/2023\/05\/Reportaza-maturanti-1-1536x1024.jpg 1536w, https:\/\/novice.si\/page\/wp-content\/uploads\/2023\/05\/Reportaza-maturanti-1-2048x1365.jpg 2048w, https:\/\/novice.si\/page\/wp-content\/uploads\/2023\/05\/Reportaza-maturanti-1-696x464.jpg 696w, https:\/\/novice.si\/page\/wp-content\/uploads\/2023\/05\/Reportaza-maturanti-1-1068x712.jpg 1068w, https:\/\/novice.si\/page\/wp-content\/uploads\/2023\/05\/Reportaza-maturanti-1-24x16.jpg 24w, https:\/\/novice.si\/page\/wp-content\/uploads\/2023\/05\/Reportaza-maturanti-1-36x24.jpg 36w, https:\/\/novice.si\/page\/wp-content\/uploads\/2023\/05\/Reportaza-maturanti-1-48x32.jpg 48w\" sizes=\"(max-width: 630px) 100vw, 630px\" alt=\"\u010detvorka v Celju\">\r\n                            <\/a>\r\n                            <figcaption class = \"td-slide-caption td-gallery-slide-content\"><div class = \"td-gallery-slide-copywrite\">Maturantska \u010detvorka napoveduje sloves od srednje\u0161olskih klopi. Foto FAS<\/div><\/figcaption>\r\n                        <\/figure>\r\n                    <\/div>\r\n                    <div class = \"td-slide-item td-item2\">\r\n                        <figure class=\"td-slide-galery-figure td-slide-popup-gallery\">\r\n                            <a class=\"slide-gallery-image-link\" href=\"https:\/\/novice.si\/page\/wp-content\/uploads\/2023\/05\/Reportaza-maturanti-2.jpg\" title=\"\u010cetvorka na Glavnem trgu v Celju\"  data-caption=\"Veliko jih je plesalo tudi v Celju. Foto FAS\"  data-description=\"\" data-gallery>\r\n                                <img decoding=\"async\" src=\"https:\/\/novice.si\/page\/wp-content\/uploads\/2023\/05\/Reportaza-maturanti-2-280x420.jpg\" srcset=\"https:\/\/novice.si\/page\/wp-content\/uploads\/2023\/05\/Reportaza-maturanti-2-280x420.jpg 280w, https:\/\/novice.si\/page\/wp-content\/uploads\/2023\/05\/Reportaza-maturanti-2-400x600.jpg 400w, https:\/\/novice.si\/page\/wp-content\/uploads\/2023\/05\/Reportaza-maturanti-2-683x1024.jpg 683w, https:\/\/novice.si\/page\/wp-content\/uploads\/2023\/05\/Reportaza-maturanti-2-768x1151.jpg 768w, https:\/\/novice.si\/page\/wp-content\/uploads\/2023\/05\/Reportaza-maturanti-2-1024x1536.jpg 1024w, https:\/\/novice.si\/page\/wp-content\/uploads\/2023\/05\/Reportaza-maturanti-2-1366x2048.jpg 1366w, https:\/\/novice.si\/page\/wp-content\/uploads\/2023\/05\/Reportaza-maturanti-2-696x1044.jpg 696w, https:\/\/novice.si\/page\/wp-content\/uploads\/2023\/05\/Reportaza-maturanti-2-1068x1601.jpg 1068w, https:\/\/novice.si\/page\/wp-content\/uploads\/2023\/05\/Reportaza-maturanti-2-16x24.jpg 16w, https:\/\/novice.si\/page\/wp-content\/uploads\/2023\/05\/Reportaza-maturanti-2-24x36.jpg 24w, https:\/\/novice.si\/page\/wp-content\/uploads\/2023\/05\/Reportaza-maturanti-2-32x48.jpg 32w, https:\/\/novice.si\/page\/wp-content\/uploads\/2023\/05\/Reportaza-maturanti-2.jpg 1452w\" sizes=\"(max-width: 280px) 100vw, 280px\" alt=\"\">\r\n                            <\/a>\r\n                            <figcaption class = \"td-slide-caption td-gallery-slide-content\"><div class = \"td-gallery-slide-copywrite\">Veliko jih je plesalo tudi v Celju. Foto FAS<\/div><\/figcaption>\r\n                        <\/figure>\r\n                    <\/div>\r\n                    <div class = \"td-slide-item td-item3\">\r\n                        <figure class=\"td-slide-galery-figure td-slide-popup-gallery\">\r\n                            <a class=\"slide-gallery-image-link\" href=\"https:\/\/novice.si\/page\/wp-content\/uploads\/2023\/05\/Reportaza-maturanti-3.jpg\" title=\"\u010cetvorka na Glavnem trgu v Celju\"  data-caption=\"Plesni val je \u017ee ve\u010d let nosilec maturantske \u010detvorke v Celju. Na fotografiji direktorica Cvetka \u0160piljar. Foto FAS\"  data-description=\"\" data-gallery>\r\n                                <img decoding=\"async\" src=\"https:\/\/novice.si\/page\/wp-content\/uploads\/2023\/05\/Reportaza-maturanti-3-630x420.jpg\" srcset=\"https:\/\/novice.si\/page\/wp-content\/uploads\/2023\/05\/Reportaza-maturanti-3-630x420.jpg 630w, https:\/\/novice.si\/page\/wp-content\/uploads\/2023\/05\/Reportaza-maturanti-3-600x400.jpg 600w, https:\/\/novice.si\/page\/wp-content\/uploads\/2023\/05\/Reportaza-maturanti-3-1024x683.jpg 1024w, https:\/\/novice.si\/page\/wp-content\/uploads\/2023\/05\/Reportaza-maturanti-3-768x512.jpg 768w, https:\/\/novice.si\/page\/wp-content\/uploads\/2023\/05\/Reportaza-maturanti-3-1536x1025.jpg 1536w, https:\/\/novice.si\/page\/wp-content\/uploads\/2023\/05\/Reportaza-maturanti-3-696x464.jpg 696w, https:\/\/novice.si\/page\/wp-content\/uploads\/2023\/05\/Reportaza-maturanti-3-1068x712.jpg 1068w, https:\/\/novice.si\/page\/wp-content\/uploads\/2023\/05\/Reportaza-maturanti-3-24x16.jpg 24w, https:\/\/novice.si\/page\/wp-content\/uploads\/2023\/05\/Reportaza-maturanti-3-36x24.jpg 36w, https:\/\/novice.si\/page\/wp-content\/uploads\/2023\/05\/Reportaza-maturanti-3-48x32.jpg 48w, https:\/\/novice.si\/page\/wp-content\/uploads\/2023\/05\/Reportaza-maturanti-3.jpg 2015w\" sizes=\"(max-width: 630px) 100vw, 630px\" alt=\"\">\r\n                            <\/a>\r\n                            <figcaption class = \"td-slide-caption td-gallery-slide-content\"><div class = \"td-gallery-slide-copywrite\">Plesni val je \u017ee ve\u010d let nosilec maturantske \u010detvorke v Celju. Na fotografiji direktorica Cvetka \u0160piljar. Foto FAS<\/div><\/figcaption>\r\n                        <\/figure>\r\n                    <\/div>\r\n                            <\/div>\r\n                        <\/div>\r\n\r\n                        <div class = \"td-doubleSlider-2\">\r\n                            <div class = \"td-slider\">\r\n                                \r\n                    <div class = \"td-button td-item1\">\r\n                        <div class = \"td-border\"><\/div>\r\n                    <\/div>\r\n                    <div class = \"td-button td-item2\">\r\n                        <div class = \"td-border\"><\/div>\r\n                    <\/div>\r\n                    <div class = \"td-button td-item3\">\r\n                        <div class = \"td-border\"><\/div>\r\n                    <\/div>\r\n                            <\/div>\r\n                        <\/div>\r\n\r\n                    <\/div>\r\n\r\n                <\/div>\r\n                \n","protected":false},"excerpt":{"rendered":"<p>Maturanti so ob slovesu od srednje\u0161olskih klopi v okviru projekta Plesne zveze Slovenije tradicionalno zaplesali \u010detvorko. Na ulicah ve\u010d slovenskih mest in ponekod po Evropi se jih je ob spremljavi Straussove melodije zavrtelo med 18.000 in 19.000. Pri nas jih je najve\u010d zaplesalo v Ljubljani, in sicer po ocenah organizatorjev 2500. V Celju, kjer \u017ee [&hellip;]<\/p>\n","protected":false},"author":55,"featured_media":163046,"comment_status":"closed","ping_status":"closed","sticky":false,"template":"","format":"standard","meta":{"footnotes":""},"categories":[14,142,17,15],"tags":[],"class_list":{"0":"post-163043","1":"post","2":"type-post","3":"status-publish","4":"format-standard","5":"has-post-thumbnail","7":"category-aktualno","8":"category-celjan","9":"category-celjsko","10":"category-druzabno"},"yoast_head":"<!-- This site is optimized with the Yoast SEO plugin v27.4 - https:\/\/yoast.com\/product\/yoast-seo-wordpress\/ -->\n<title>\u010cetvorko zaplesali na Glavnem trgu - Novice.si<\/title>\n<meta name=\"robots\" content=\"index, follow, max-snippet:-1, max-image-preview:large, max-video-preview:-1\" \/>\n<link rel=\"canonical\" href=\"https:\/\/novice.si\/page\/cetvorko-zaplesali-na-glavnem-trgu\/\" \/>\n<meta property=\"og:locale\" content=\"sl_SI\" \/>\n<meta property=\"og:type\" content=\"article\" \/>\n<meta property=\"og:title\" content=\"\u010cetvorko zaplesali na Glavnem trgu - Novice.si\" \/>\n<meta property=\"og:description\" content=\"Maturanti so ob slovesu od srednje\u0161olskih klopi v okviru projekta Plesne zveze Slovenije tradicionalno zaplesali \u010detvorko. Na ulicah ve\u010d slovenskih mest in ponekod po Evropi se jih je ob spremljavi Straussove melodije zavrtelo med 18.000 in 19.000. Pri nas jih je najve\u010d zaplesalo v Ljubljani, in sicer po ocenah organizatorjev 2500. V Celju, kjer \u017ee [&hellip;]\" \/>\n<meta property=\"og:url\" content=\"https:\/\/novice.si\/page\/cetvorko-zaplesali-na-glavnem-trgu\/\" \/>\n<meta property=\"og:site_name\" content=\"Novice.si\" \/>\n<meta property=\"article:published_time\" content=\"2023-05-24T11:18:46+00:00\" \/>\n<meta property=\"article:modified_time\" content=\"2023-05-24T11:22:59+00:00\" \/>\n<meta property=\"og:image\" content=\"https:\/\/novice.si\/page\/wp-content\/uploads\/2023\/05\/Reportaza-maturanti-1.jpg\" \/>\n\t<meta property=\"og:image:width\" content=\"2400\" \/>\n\t<meta property=\"og:image:height\" content=\"1600\" \/>\n\t<meta property=\"og:image:type\" content=\"image\/jpeg\" \/>\n<meta name=\"author\" content=\"Uredni\u0161tvo Celjana\" \/>\n<meta name=\"twitter:card\" content=\"summary_large_image\" \/>\n<meta name=\"twitter:label1\" content=\"Written by\" \/>\n\t<meta name=\"twitter:data1\" content=\"Uredni\u0161tvo Celjana\" \/>\n\t<meta name=\"twitter:label2\" content=\"Est. reading time\" \/>\n\t<meta name=\"twitter:data2\" content=\"1 minuta\" \/>\n<script type=\"application\/ld+json\" class=\"yoast-schema-graph\">{\"@context\":\"https:\\\/\\\/schema.org\",\"@graph\":[{\"@type\":\"Article\",\"@id\":\"https:\\\/\\\/novice.si\\\/page\\\/cetvorko-zaplesali-na-glavnem-trgu\\\/#article\",\"isPartOf\":{\"@id\":\"https:\\\/\\\/novice.si\\\/page\\\/cetvorko-zaplesali-na-glavnem-trgu\\\/\"},\"author\":{\"name\":\"Uredni\u0161tvo Celjana\",\"@id\":\"https:\\\/\\\/novice.si\\\/page\\\/#\\\/schema\\\/person\\\/a49f233ef2777ec7b2e8d0662325bb48\"},\"headline\":\"\u010cetvorko zaplesali na Glavnem trgu\",\"datePublished\":\"2023-05-24T11:18:46+00:00\",\"dateModified\":\"2023-05-24T11:22:59+00:00\",\"mainEntityOfPage\":{\"@id\":\"https:\\\/\\\/novice.si\\\/page\\\/cetvorko-zaplesali-na-glavnem-trgu\\\/\"},\"wordCount\":113,\"publisher\":{\"@id\":\"https:\\\/\\\/novice.si\\\/page\\\/#organization\"},\"image\":{\"@id\":\"https:\\\/\\\/novice.si\\\/page\\\/cetvorko-zaplesali-na-glavnem-trgu\\\/#primaryimage\"},\"thumbnailUrl\":\"https:\\\/\\\/novice.si\\\/page\\\/wp-content\\\/uploads\\\/2023\\\/05\\\/Reportaza-maturanti-1.jpg\",\"articleSection\":[\"Aktualno\",\"Celjan\",\"Celjsko\",\"Dru\u017eabno\"],\"inLanguage\":\"sl-SI\"},{\"@type\":\"WebPage\",\"@id\":\"https:\\\/\\\/novice.si\\\/page\\\/cetvorko-zaplesali-na-glavnem-trgu\\\/\",\"url\":\"https:\\\/\\\/novice.si\\\/page\\\/cetvorko-zaplesali-na-glavnem-trgu\\\/\",\"name\":\"\u010cetvorko zaplesali na Glavnem trgu - Novice.si\",\"isPartOf\":{\"@id\":\"https:\\\/\\\/novice.si\\\/page\\\/#website\"},\"primaryImageOfPage\":{\"@id\":\"https:\\\/\\\/novice.si\\\/page\\\/cetvorko-zaplesali-na-glavnem-trgu\\\/#primaryimage\"},\"image\":{\"@id\":\"https:\\\/\\\/novice.si\\\/page\\\/cetvorko-zaplesali-na-glavnem-trgu\\\/#primaryimage\"},\"thumbnailUrl\":\"https:\\\/\\\/novice.si\\\/page\\\/wp-content\\\/uploads\\\/2023\\\/05\\\/Reportaza-maturanti-1.jpg\",\"datePublished\":\"2023-05-24T11:18:46+00:00\",\"dateModified\":\"2023-05-24T11:22:59+00:00\",\"breadcrumb\":{\"@id\":\"https:\\\/\\\/novice.si\\\/page\\\/cetvorko-zaplesali-na-glavnem-trgu\\\/#breadcrumb\"},\"inLanguage\":\"sl-SI\",\"potentialAction\":[{\"@type\":\"ReadAction\",\"target\":[\"https:\\\/\\\/novice.si\\\/page\\\/cetvorko-zaplesali-na-glavnem-trgu\\\/\"]}]},{\"@type\":\"ImageObject\",\"inLanguage\":\"sl-SI\",\"@id\":\"https:\\\/\\\/novice.si\\\/page\\\/cetvorko-zaplesali-na-glavnem-trgu\\\/#primaryimage\",\"url\":\"https:\\\/\\\/novice.si\\\/page\\\/wp-content\\\/uploads\\\/2023\\\/05\\\/Reportaza-maturanti-1.jpg\",\"contentUrl\":\"https:\\\/\\\/novice.si\\\/page\\\/wp-content\\\/uploads\\\/2023\\\/05\\\/Reportaza-maturanti-1.jpg\",\"width\":2400,\"height\":1600,\"caption\":\"Maturantska \u010detvorka napoveduje sloves od srednje\u0161olskih klopi. Foto FAS\"},{\"@type\":\"BreadcrumbList\",\"@id\":\"https:\\\/\\\/novice.si\\\/page\\\/cetvorko-zaplesali-na-glavnem-trgu\\\/#breadcrumb\",\"itemListElement\":[{\"@type\":\"ListItem\",\"position\":1,\"name\":\"Home\",\"item\":\"https:\\\/\\\/novice.si\\\/page\\\/\"},{\"@type\":\"ListItem\",\"position\":2,\"name\":\"\u010cetvorko zaplesali na Glavnem trgu\"}]},{\"@type\":\"WebSite\",\"@id\":\"https:\\\/\\\/novice.si\\\/page\\\/#website\",\"url\":\"https:\\\/\\\/novice.si\\\/page\\\/\",\"name\":\"Novice.si\",\"description\":\"\",\"publisher\":{\"@id\":\"https:\\\/\\\/novice.si\\\/page\\\/#organization\"},\"potentialAction\":[{\"@type\":\"SearchAction\",\"target\":{\"@type\":\"EntryPoint\",\"urlTemplate\":\"https:\\\/\\\/novice.si\\\/page\\\/?s={search_term_string}\"},\"query-input\":{\"@type\":\"PropertyValueSpecification\",\"valueRequired\":true,\"valueName\":\"search_term_string\"}}],\"inLanguage\":\"sl-SI\"},{\"@type\":\"Organization\",\"@id\":\"https:\\\/\\\/novice.si\\\/page\\\/#organization\",\"name\":\"Novice.si\",\"url\":\"https:\\\/\\\/novice.si\\\/page\\\/\",\"logo\":{\"@type\":\"ImageObject\",\"inLanguage\":\"sl-SI\",\"@id\":\"https:\\\/\\\/novice.si\\\/page\\\/#\\\/schema\\\/logo\\\/image\\\/\",\"url\":\"https:\\\/\\\/novice.si\\\/page\\\/wp-content\\\/uploads\\\/2023\\\/03\\\/novice_si.png\",\"contentUrl\":\"https:\\\/\\\/novice.si\\\/page\\\/wp-content\\\/uploads\\\/2023\\\/03\\\/novice_si.png\",\"width\":576,\"height\":200,\"caption\":\"Novice.si\"},\"image\":{\"@id\":\"https:\\\/\\\/novice.si\\\/page\\\/#\\\/schema\\\/logo\\\/image\\\/\"}},{\"@type\":\"Person\",\"@id\":\"https:\\\/\\\/novice.si\\\/page\\\/#\\\/schema\\\/person\\\/a49f233ef2777ec7b2e8d0662325bb48\",\"name\":\"Uredni\u0161tvo Celjana\",\"image\":{\"@type\":\"ImageObject\",\"inLanguage\":\"sl-SI\",\"@id\":\"https:\\\/\\\/secure.gravatar.com\\\/avatar\\\/7f7863e616af8f92806c638dd1db3f1a238d83d1cc2ec3100afc06fbb7eb303f?s=96&d=mm&r=g\",\"url\":\"https:\\\/\\\/secure.gravatar.com\\\/avatar\\\/7f7863e616af8f92806c638dd1db3f1a238d83d1cc2ec3100afc06fbb7eb303f?s=96&d=mm&r=g\",\"contentUrl\":\"https:\\\/\\\/secure.gravatar.com\\\/avatar\\\/7f7863e616af8f92806c638dd1db3f1a238d83d1cc2ec3100afc06fbb7eb303f?s=96&d=mm&r=g\",\"caption\":\"Uredni\u0161tvo Celjana\"},\"url\":\"https:\\\/\\\/novice.si\\\/page\\\/author\\\/maja\\\/\"}]}<\/script>\n<!-- \/ Yoast SEO plugin. -->","yoast_head_json":{"title":"\u010cetvorko zaplesali na Glavnem trgu - Novice.si","robots":{"index":"index","follow":"follow","max-snippet":"max-snippet:-1","max-image-preview":"max-image-preview:large","max-video-preview":"max-video-preview:-1"},"canonical":"https:\/\/novice.si\/page\/cetvorko-zaplesali-na-glavnem-trgu\/","og_locale":"sl_SI","og_type":"article","og_title":"\u010cetvorko zaplesali na Glavnem trgu - Novice.si","og_description":"Maturanti so ob slovesu od srednje\u0161olskih klopi v okviru projekta Plesne zveze Slovenije tradicionalno zaplesali \u010detvorko. Na ulicah ve\u010d slovenskih mest in ponekod po Evropi se jih je ob spremljavi Straussove melodije zavrtelo med 18.000 in 19.000. Pri nas jih je najve\u010d zaplesalo v Ljubljani, in sicer po ocenah organizatorjev 2500. V Celju, kjer \u017ee [&hellip;]","og_url":"https:\/\/novice.si\/page\/cetvorko-zaplesali-na-glavnem-trgu\/","og_site_name":"Novice.si","article_published_time":"2023-05-24T11:18:46+00:00","article_modified_time":"2023-05-24T11:22:59+00:00","og_image":[{"width":2400,"height":1600,"url":"https:\/\/novice.si\/page\/wp-content\/uploads\/2023\/05\/Reportaza-maturanti-1.jpg","type":"image\/jpeg"}],"author":"Uredni\u0161tvo Celjana","twitter_card":"summary_large_image","twitter_misc":{"Written by":"Uredni\u0161tvo Celjana","Est. reading time":"1 minuta"},"schema":{"@context":"https:\/\/schema.org","@graph":[{"@type":"Article","@id":"https:\/\/novice.si\/page\/cetvorko-zaplesali-na-glavnem-trgu\/#article","isPartOf":{"@id":"https:\/\/novice.si\/page\/cetvorko-zaplesali-na-glavnem-trgu\/"},"author":{"name":"Uredni\u0161tvo Celjana","@id":"https:\/\/novice.si\/page\/#\/schema\/person\/a49f233ef2777ec7b2e8d0662325bb48"},"headline":"\u010cetvorko zaplesali na Glavnem trgu","datePublished":"2023-05-24T11:18:46+00:00","dateModified":"2023-05-24T11:22:59+00:00","mainEntityOfPage":{"@id":"https:\/\/novice.si\/page\/cetvorko-zaplesali-na-glavnem-trgu\/"},"wordCount":113,"publisher":{"@id":"https:\/\/novice.si\/page\/#organization"},"image":{"@id":"https:\/\/novice.si\/page\/cetvorko-zaplesali-na-glavnem-trgu\/#primaryimage"},"thumbnailUrl":"https:\/\/novice.si\/page\/wp-content\/uploads\/2023\/05\/Reportaza-maturanti-1.jpg","articleSection":["Aktualno","Celjan","Celjsko","Dru\u017eabno"],"inLanguage":"sl-SI"},{"@type":"WebPage","@id":"https:\/\/novice.si\/page\/cetvorko-zaplesali-na-glavnem-trgu\/","url":"https:\/\/novice.si\/page\/cetvorko-zaplesali-na-glavnem-trgu\/","name":"\u010cetvorko zaplesali na Glavnem trgu - Novice.si","isPartOf":{"@id":"https:\/\/novice.si\/page\/#website"},"primaryImageOfPage":{"@id":"https:\/\/novice.si\/page\/cetvorko-zaplesali-na-glavnem-trgu\/#primaryimage"},"image":{"@id":"https:\/\/novice.si\/page\/cetvorko-zaplesali-na-glavnem-trgu\/#primaryimage"},"thumbnailUrl":"https:\/\/novice.si\/page\/wp-content\/uploads\/2023\/05\/Reportaza-maturanti-1.jpg","datePublished":"2023-05-24T11:18:46+00:00","dateModified":"2023-05-24T11:22:59+00:00","breadcrumb":{"@id":"https:\/\/novice.si\/page\/cetvorko-zaplesali-na-glavnem-trgu\/#breadcrumb"},"inLanguage":"sl-SI","potentialAction":[{"@type":"ReadAction","target":["https:\/\/novice.si\/page\/cetvorko-zaplesali-na-glavnem-trgu\/"]}]},{"@type":"ImageObject","inLanguage":"sl-SI","@id":"https:\/\/novice.si\/page\/cetvorko-zaplesali-na-glavnem-trgu\/#primaryimage","url":"https:\/\/novice.si\/page\/wp-content\/uploads\/2023\/05\/Reportaza-maturanti-1.jpg","contentUrl":"https:\/\/novice.si\/page\/wp-content\/uploads\/2023\/05\/Reportaza-maturanti-1.jpg","width":2400,"height":1600,"caption":"Maturantska \u010detvorka napoveduje sloves od srednje\u0161olskih klopi. Foto FAS"},{"@type":"BreadcrumbList","@id":"https:\/\/novice.si\/page\/cetvorko-zaplesali-na-glavnem-trgu\/#breadcrumb","itemListElement":[{"@type":"ListItem","position":1,"name":"Home","item":"https:\/\/novice.si\/page\/"},{"@type":"ListItem","position":2,"name":"\u010cetvorko zaplesali na Glavnem trgu"}]},{"@type":"WebSite","@id":"https:\/\/novice.si\/page\/#website","url":"https:\/\/novice.si\/page\/","name":"Novice.si","description":"","publisher":{"@id":"https:\/\/novice.si\/page\/#organization"},"potentialAction":[{"@type":"SearchAction","target":{"@type":"EntryPoint","urlTemplate":"https:\/\/novice.si\/page\/?s={search_term_string}"},"query-input":{"@type":"PropertyValueSpecification","valueRequired":true,"valueName":"search_term_string"}}],"inLanguage":"sl-SI"},{"@type":"Organization","@id":"https:\/\/novice.si\/page\/#organization","name":"Novice.si","url":"https:\/\/novice.si\/page\/","logo":{"@type":"ImageObject","inLanguage":"sl-SI","@id":"https:\/\/novice.si\/page\/#\/schema\/logo\/image\/","url":"https:\/\/novice.si\/page\/wp-content\/uploads\/2023\/03\/novice_si.png","contentUrl":"https:\/\/novice.si\/page\/wp-content\/uploads\/2023\/03\/novice_si.png","width":576,"height":200,"caption":"Novice.si"},"image":{"@id":"https:\/\/novice.si\/page\/#\/schema\/logo\/image\/"}},{"@type":"Person","@id":"https:\/\/novice.si\/page\/#\/schema\/person\/a49f233ef2777ec7b2e8d0662325bb48","name":"Uredni\u0161tvo Celjana","image":{"@type":"ImageObject","inLanguage":"sl-SI","@id":"https:\/\/secure.gravatar.com\/avatar\/7f7863e616af8f92806c638dd1db3f1a238d83d1cc2ec3100afc06fbb7eb303f?s=96&d=mm&r=g","url":"https:\/\/secure.gravatar.com\/avatar\/7f7863e616af8f92806c638dd1db3f1a238d83d1cc2ec3100afc06fbb7eb303f?s=96&d=mm&r=g","contentUrl":"https:\/\/secure.gravatar.com\/avatar\/7f7863e616af8f92806c638dd1db3f1a238d83d1cc2ec3100afc06fbb7eb303f?s=96&d=mm&r=g","caption":"Uredni\u0161tvo Celjana"},"url":"https:\/\/novice.si\/page\/author\/maja\/"}]}},"_links":{"self":[{"href":"https:\/\/novice.si\/page\/wp-json\/wp\/v2\/posts\/163043","targetHints":{"allow":["GET"]}}],"collection":[{"href":"https:\/\/novice.si\/page\/wp-json\/wp\/v2\/posts"}],"about":[{"href":"https:\/\/novice.si\/page\/wp-json\/wp\/v2\/types\/post"}],"author":[{"embeddable":true,"href":"https:\/\/novice.si\/page\/wp-json\/wp\/v2\/users\/55"}],"replies":[{"embeddable":true,"href":"https:\/\/novice.si\/page\/wp-json\/wp\/v2\/comments?post=163043"}],"version-history":[{"count":1,"href":"https:\/\/novice.si\/page\/wp-json\/wp\/v2\/posts\/163043\/revisions"}],"predecessor-version":[{"id":163047,"href":"https:\/\/novice.si\/page\/wp-json\/wp\/v2\/posts\/163043\/revisions\/163047"}],"wp:featuredmedia":[{"embeddable":true,"href":"https:\/\/novice.si\/page\/wp-json\/wp\/v2\/media\/163046"}],"wp:attachment":[{"href":"https:\/\/novice.si\/page\/wp-json\/wp\/v2\/media?parent=163043"}],"wp:term":[{"taxonomy":"category","embeddable":true,"href":"https:\/\/novice.si\/page\/wp-json\/wp\/v2\/categories?post=163043"},{"taxonomy":"post_tag","embeddable":true,"href":"https:\/\/novice.si\/page\/wp-json\/wp\/v2\/tags?post=163043"}],"curies":[{"name":"wp","href":"https:\/\/api.w.org\/{rel}","templated":true}]}}