{"id":162995,"date":"2023-05-23T14:38:54","date_gmt":"2023-05-23T12:38:54","guid":{"rendered":"https:\/\/novice.si\/page\/?p=162995"},"modified":"2023-05-23T12:42:06","modified_gmt":"2023-05-23T10:42:06","slug":"celje-v-petek-ze-izrek-sodbe-za-ivana-rajevica","status":"publish","type":"post","link":"https:\/\/novice.si\/page\/celje-v-petek-ze-izrek-sodbe-za-ivana-rajevica\/","title":{"rendered":"CELJE V petek \u017ee izrek sodbe za Ivana Rajevi\u0107a?"},"content":{"rendered":"<p>Celjsko sodi\u0161\u010de je z branjem listinskih dokazov danes zaklju\u010dilo glavno obravnavo zoper 37-letnega celjskega zobozdravnika <strong>Ivana Rajevi\u0107a<\/strong>.<\/p>\n<p><img loading=\"lazy\" decoding=\"async\" class=\"wp-image-162017 alignleft\" src=\"https:\/\/novice.si\/page\/wp-content\/uploads\/2023\/04\/Rajevic-24apr23-2-600x450.jpg\" alt=\"\" width=\"387\" height=\"290\" srcset=\"https:\/\/novice.si\/page\/wp-content\/uploads\/2023\/04\/Rajevic-24apr23-2-600x450.jpg 600w, https:\/\/novice.si\/page\/wp-content\/uploads\/2023\/04\/Rajevic-24apr23-2-1024x768.jpg 1024w, https:\/\/novice.si\/page\/wp-content\/uploads\/2023\/04\/Rajevic-24apr23-2-768x576.jpg 768w, https:\/\/novice.si\/page\/wp-content\/uploads\/2023\/04\/Rajevic-24apr23-2-1536x1152.jpg 1536w, https:\/\/novice.si\/page\/wp-content\/uploads\/2023\/04\/Rajevic-24apr23-2-2048x1536.jpg 2048w, https:\/\/novice.si\/page\/wp-content\/uploads\/2023\/04\/Rajevic-24apr23-2-80x60.jpg 80w, https:\/\/novice.si\/page\/wp-content\/uploads\/2023\/04\/Rajevic-24apr23-2-265x198.jpg 265w, https:\/\/novice.si\/page\/wp-content\/uploads\/2023\/04\/Rajevic-24apr23-2-696x522.jpg 696w, https:\/\/novice.si\/page\/wp-content\/uploads\/2023\/04\/Rajevic-24apr23-2-1068x801.jpg 1068w, https:\/\/novice.si\/page\/wp-content\/uploads\/2023\/04\/Rajevic-24apr23-2-560x420.jpg 560w, https:\/\/novice.si\/page\/wp-content\/uploads\/2023\/04\/Rajevic-24apr23-2-24x18.jpg 24w, https:\/\/novice.si\/page\/wp-content\/uploads\/2023\/04\/Rajevic-24apr23-2-36x27.jpg 36w, https:\/\/novice.si\/page\/wp-content\/uploads\/2023\/04\/Rajevic-24apr23-2-48x36.jpg 48w\" sizes=\"auto, (max-width: 387px) 100vw, 387px\" \/>Za petek so napovedane sklepne besede to\u017eilstva in obrambe, lahko pa da se bo sodnica <strong>Leonida Jager<\/strong> odlo\u010dila tudi za izrek sodbe.<\/p>\n<p>Obto\u017eeni se je zagovarjal za poskus umora nekdanje partnerke <strong>Suzane Mihailovski<\/strong>, ki jo je v za\u010detku lanskega leta z no\u017eem zabodel na stopni\u0161\u010du stanovanjskega bloka ob Savinji v Celju, ker naj ne bi pristal na razpad zveze.<\/p>\n<p>Po dejanju je pobegnil, istega dne so ga prijeli v sredi\u0161\u010du mesta.<\/p>\n<p>Rajevi\u0107 zatrjuje, da o\u0161kodovanke ni nameraval umoriti, priznava pa, da jo je zabodel, a da zamah ni bil silovit. Postopek je pokazal druga\u010dne okoli\u0161\u010dine \u2013 ob zamahu se je zlomilo rezilo, po\u0161kodovanko pa so s takoj\u0161njim posegom re\u0161ili v celjski bolni\u0161nici.<\/p>\n<p>P\u0160<\/p>\n","protected":false},"excerpt":{"rendered":"<p>Celjsko sodi\u0161\u010de je z branjem listinskih dokazov danes zaklju\u010dilo glavno obravnavo zoper 37-letnega celjskega zobozdravnika Ivana Rajevi\u0107a. Za petek so napovedane sklepne besede to\u017eilstva in obrambe, lahko pa da se bo sodnica Leonida Jager odlo\u010dila tudi za izrek sodbe. Obto\u017eeni se je zagovarjal za poskus umora nekdanje partnerke Suzane Mihailovski, ki jo je v za\u010detku [&hellip;]<\/p>\n","protected":false},"author":33,"featured_media":159606,"comment_status":"closed","ping_status":"closed","sticky":false,"template":"","format":"standard","meta":{"footnotes":""},"categories":[14,17,29],"tags":[],"class_list":{"0":"post-162995","1":"post","2":"type-post","3":"status-publish","4":"format-standard","5":"has-post-thumbnail","7":"category-aktualno","8":"category-celjsko","9":"category-kronika"},"yoast_head":"<!-- This site is optimized with the Yoast SEO plugin v27.4 - https:\/\/yoast.com\/product\/yoast-seo-wordpress\/ -->\n<title>CELJE V petek \u017ee izrek sodbe za Ivana Rajevi\u0107a? - Novice.si<\/title>\n<meta name=\"robots\" content=\"index, follow, max-snippet:-1, max-image-preview:large, max-video-preview:-1\" \/>\n<link rel=\"canonical\" href=\"https:\/\/novice.si\/page\/celje-v-petek-ze-izrek-sodbe-za-ivana-rajevica\/\" \/>\n<meta property=\"og:locale\" content=\"sl_SI\" \/>\n<meta property=\"og:type\" content=\"article\" \/>\n<meta property=\"og:title\" content=\"CELJE V petek \u017ee izrek sodbe za Ivana Rajevi\u0107a? - Novice.si\" \/>\n<meta property=\"og:description\" content=\"Celjsko sodi\u0161\u010de je z branjem listinskih dokazov danes zaklju\u010dilo glavno obravnavo zoper 37-letnega celjskega zobozdravnika Ivana Rajevi\u0107a. Za petek so napovedane sklepne besede to\u017eilstva in obrambe, lahko pa da se bo sodnica Leonida Jager odlo\u010dila tudi za izrek sodbe. Obto\u017eeni se je zagovarjal za poskus umora nekdanje partnerke Suzane Mihailovski, ki jo je v za\u010detku [&hellip;]\" \/>\n<meta property=\"og:url\" content=\"https:\/\/novice.si\/page\/celje-v-petek-ze-izrek-sodbe-za-ivana-rajevica\/\" \/>\n<meta property=\"og:site_name\" content=\"Novice.si\" \/>\n<meta property=\"article:published_time\" content=\"2023-05-23T12:38:54+00:00\" \/>\n<meta property=\"og:image\" content=\"https:\/\/novice.si\/page\/wp-content\/uploads\/2023\/02\/rajevic-feb23-5-scaled.jpg\" \/>\n\t<meta property=\"og:image:width\" content=\"2560\" \/>\n\t<meta property=\"og:image:height\" content=\"1920\" \/>\n\t<meta property=\"og:image:type\" content=\"image\/jpeg\" \/>\n<meta name=\"author\" content=\"Uredni\u0161tvo Celjana\" \/>\n<meta name=\"twitter:card\" content=\"summary_large_image\" \/>\n<meta name=\"twitter:label1\" content=\"Written by\" \/>\n\t<meta name=\"twitter:data1\" content=\"Uredni\u0161tvo Celjana\" \/>\n\t<meta name=\"twitter:label2\" content=\"Est. reading time\" \/>\n\t<meta name=\"twitter:data2\" content=\"1 minuta\" \/>\n<script type=\"application\/ld+json\" class=\"yoast-schema-graph\">{\"@context\":\"https:\\\/\\\/schema.org\",\"@graph\":[{\"@type\":\"Article\",\"@id\":\"https:\\\/\\\/novice.si\\\/page\\\/celje-v-petek-ze-izrek-sodbe-za-ivana-rajevica\\\/#article\",\"isPartOf\":{\"@id\":\"https:\\\/\\\/novice.si\\\/page\\\/celje-v-petek-ze-izrek-sodbe-za-ivana-rajevica\\\/\"},\"author\":{\"name\":\"Uredni\u0161tvo Celjana\",\"@id\":\"https:\\\/\\\/novice.si\\\/page\\\/#\\\/schema\\\/person\\\/57f25c9642a9541c7349c65d32032c3e\"},\"headline\":\"CELJE V petek \u017ee izrek sodbe za Ivana Rajevi\u0107a?\",\"datePublished\":\"2023-05-23T12:38:54+00:00\",\"mainEntityOfPage\":{\"@id\":\"https:\\\/\\\/novice.si\\\/page\\\/celje-v-petek-ze-izrek-sodbe-za-ivana-rajevica\\\/\"},\"wordCount\":156,\"publisher\":{\"@id\":\"https:\\\/\\\/novice.si\\\/page\\\/#organization\"},\"image\":{\"@id\":\"https:\\\/\\\/novice.si\\\/page\\\/celje-v-petek-ze-izrek-sodbe-za-ivana-rajevica\\\/#primaryimage\"},\"thumbnailUrl\":\"https:\\\/\\\/novice.si\\\/page\\\/wp-content\\\/uploads\\\/2023\\\/02\\\/rajevic-feb23-5-scaled.jpg\",\"articleSection\":[\"Aktualno\",\"Celjsko\",\"Kronika\"],\"inLanguage\":\"sl-SI\"},{\"@type\":\"WebPage\",\"@id\":\"https:\\\/\\\/novice.si\\\/page\\\/celje-v-petek-ze-izrek-sodbe-za-ivana-rajevica\\\/\",\"url\":\"https:\\\/\\\/novice.si\\\/page\\\/celje-v-petek-ze-izrek-sodbe-za-ivana-rajevica\\\/\",\"name\":\"CELJE V petek \u017ee izrek sodbe za Ivana Rajevi\u0107a? - Novice.si\",\"isPartOf\":{\"@id\":\"https:\\\/\\\/novice.si\\\/page\\\/#website\"},\"primaryImageOfPage\":{\"@id\":\"https:\\\/\\\/novice.si\\\/page\\\/celje-v-petek-ze-izrek-sodbe-za-ivana-rajevica\\\/#primaryimage\"},\"image\":{\"@id\":\"https:\\\/\\\/novice.si\\\/page\\\/celje-v-petek-ze-izrek-sodbe-za-ivana-rajevica\\\/#primaryimage\"},\"thumbnailUrl\":\"https:\\\/\\\/novice.si\\\/page\\\/wp-content\\\/uploads\\\/2023\\\/02\\\/rajevic-feb23-5-scaled.jpg\",\"datePublished\":\"2023-05-23T12:38:54+00:00\",\"breadcrumb\":{\"@id\":\"https:\\\/\\\/novice.si\\\/page\\\/celje-v-petek-ze-izrek-sodbe-za-ivana-rajevica\\\/#breadcrumb\"},\"inLanguage\":\"sl-SI\",\"potentialAction\":[{\"@type\":\"ReadAction\",\"target\":[\"https:\\\/\\\/novice.si\\\/page\\\/celje-v-petek-ze-izrek-sodbe-za-ivana-rajevica\\\/\"]}]},{\"@type\":\"ImageObject\",\"inLanguage\":\"sl-SI\",\"@id\":\"https:\\\/\\\/novice.si\\\/page\\\/celje-v-petek-ze-izrek-sodbe-za-ivana-rajevica\\\/#primaryimage\",\"url\":\"https:\\\/\\\/novice.si\\\/page\\\/wp-content\\\/uploads\\\/2023\\\/02\\\/rajevic-feb23-5-scaled.jpg\",\"contentUrl\":\"https:\\\/\\\/novice.si\\\/page\\\/wp-content\\\/uploads\\\/2023\\\/02\\\/rajevic-feb23-5-scaled.jpg\",\"width\":2560,\"height\":1920},{\"@type\":\"BreadcrumbList\",\"@id\":\"https:\\\/\\\/novice.si\\\/page\\\/celje-v-petek-ze-izrek-sodbe-za-ivana-rajevica\\\/#breadcrumb\",\"itemListElement\":[{\"@type\":\"ListItem\",\"position\":1,\"name\":\"Home\",\"item\":\"https:\\\/\\\/novice.si\\\/page\\\/\"},{\"@type\":\"ListItem\",\"position\":2,\"name\":\"CELJE V petek \u017ee izrek sodbe za Ivana Rajevi\u0107a?\"}]},{\"@type\":\"WebSite\",\"@id\":\"https:\\\/\\\/novice.si\\\/page\\\/#website\",\"url\":\"https:\\\/\\\/novice.si\\\/page\\\/\",\"name\":\"Novice.si\",\"description\":\"\",\"publisher\":{\"@id\":\"https:\\\/\\\/novice.si\\\/page\\\/#organization\"},\"potentialAction\":[{\"@type\":\"SearchAction\",\"target\":{\"@type\":\"EntryPoint\",\"urlTemplate\":\"https:\\\/\\\/novice.si\\\/page\\\/?s={search_term_string}\"},\"query-input\":{\"@type\":\"PropertyValueSpecification\",\"valueRequired\":true,\"valueName\":\"search_term_string\"}}],\"inLanguage\":\"sl-SI\"},{\"@type\":\"Organization\",\"@id\":\"https:\\\/\\\/novice.si\\\/page\\\/#organization\",\"name\":\"Novice.si\",\"url\":\"https:\\\/\\\/novice.si\\\/page\\\/\",\"logo\":{\"@type\":\"ImageObject\",\"inLanguage\":\"sl-SI\",\"@id\":\"https:\\\/\\\/novice.si\\\/page\\\/#\\\/schema\\\/logo\\\/image\\\/\",\"url\":\"https:\\\/\\\/novice.si\\\/page\\\/wp-content\\\/uploads\\\/2023\\\/03\\\/novice_si.png\",\"contentUrl\":\"https:\\\/\\\/novice.si\\\/page\\\/wp-content\\\/uploads\\\/2023\\\/03\\\/novice_si.png\",\"width\":576,\"height\":200,\"caption\":\"Novice.si\"},\"image\":{\"@id\":\"https:\\\/\\\/novice.si\\\/page\\\/#\\\/schema\\\/logo\\\/image\\\/\"}},{\"@type\":\"Person\",\"@id\":\"https:\\\/\\\/novice.si\\\/page\\\/#\\\/schema\\\/person\\\/57f25c9642a9541c7349c65d32032c3e\",\"name\":\"Uredni\u0161tvo Celjana\",\"image\":{\"@type\":\"ImageObject\",\"inLanguage\":\"sl-SI\",\"@id\":\"https:\\\/\\\/secure.gravatar.com\\\/avatar\\\/78e52bc4279b65f6df6345e0ef0f7b792d361361f230cf4ffecfe0afe6d5629c?s=96&d=mm&r=g\",\"url\":\"https:\\\/\\\/secure.gravatar.com\\\/avatar\\\/78e52bc4279b65f6df6345e0ef0f7b792d361361f230cf4ffecfe0afe6d5629c?s=96&d=mm&r=g\",\"contentUrl\":\"https:\\\/\\\/secure.gravatar.com\\\/avatar\\\/78e52bc4279b65f6df6345e0ef0f7b792d361361f230cf4ffecfe0afe6d5629c?s=96&d=mm&r=g\",\"caption\":\"Uredni\u0161tvo Celjana\"},\"url\":\"https:\\\/\\\/novice.si\\\/page\\\/author\\\/primoz\\\/\"}]}<\/script>\n<!-- \/ Yoast SEO plugin. -->","yoast_head_json":{"title":"CELJE V petek \u017ee izrek sodbe za Ivana Rajevi\u0107a? - Novice.si","robots":{"index":"index","follow":"follow","max-snippet":"max-snippet:-1","max-image-preview":"max-image-preview:large","max-video-preview":"max-video-preview:-1"},"canonical":"https:\/\/novice.si\/page\/celje-v-petek-ze-izrek-sodbe-za-ivana-rajevica\/","og_locale":"sl_SI","og_type":"article","og_title":"CELJE V petek \u017ee izrek sodbe za Ivana Rajevi\u0107a? - Novice.si","og_description":"Celjsko sodi\u0161\u010de je z branjem listinskih dokazov danes zaklju\u010dilo glavno obravnavo zoper 37-letnega celjskega zobozdravnika Ivana Rajevi\u0107a. Za petek so napovedane sklepne besede to\u017eilstva in obrambe, lahko pa da se bo sodnica Leonida Jager odlo\u010dila tudi za izrek sodbe. Obto\u017eeni se je zagovarjal za poskus umora nekdanje partnerke Suzane Mihailovski, ki jo je v za\u010detku [&hellip;]","og_url":"https:\/\/novice.si\/page\/celje-v-petek-ze-izrek-sodbe-za-ivana-rajevica\/","og_site_name":"Novice.si","article_published_time":"2023-05-23T12:38:54+00:00","og_image":[{"width":2560,"height":1920,"url":"https:\/\/novice.si\/page\/wp-content\/uploads\/2023\/02\/rajevic-feb23-5-scaled.jpg","type":"image\/jpeg"}],"author":"Uredni\u0161tvo Celjana","twitter_card":"summary_large_image","twitter_misc":{"Written by":"Uredni\u0161tvo Celjana","Est. reading time":"1 minuta"},"schema":{"@context":"https:\/\/schema.org","@graph":[{"@type":"Article","@id":"https:\/\/novice.si\/page\/celje-v-petek-ze-izrek-sodbe-za-ivana-rajevica\/#article","isPartOf":{"@id":"https:\/\/novice.si\/page\/celje-v-petek-ze-izrek-sodbe-za-ivana-rajevica\/"},"author":{"name":"Uredni\u0161tvo Celjana","@id":"https:\/\/novice.si\/page\/#\/schema\/person\/57f25c9642a9541c7349c65d32032c3e"},"headline":"CELJE V petek \u017ee izrek sodbe za Ivana Rajevi\u0107a?","datePublished":"2023-05-23T12:38:54+00:00","mainEntityOfPage":{"@id":"https:\/\/novice.si\/page\/celje-v-petek-ze-izrek-sodbe-za-ivana-rajevica\/"},"wordCount":156,"publisher":{"@id":"https:\/\/novice.si\/page\/#organization"},"image":{"@id":"https:\/\/novice.si\/page\/celje-v-petek-ze-izrek-sodbe-za-ivana-rajevica\/#primaryimage"},"thumbnailUrl":"https:\/\/novice.si\/page\/wp-content\/uploads\/2023\/02\/rajevic-feb23-5-scaled.jpg","articleSection":["Aktualno","Celjsko","Kronika"],"inLanguage":"sl-SI"},{"@type":"WebPage","@id":"https:\/\/novice.si\/page\/celje-v-petek-ze-izrek-sodbe-za-ivana-rajevica\/","url":"https:\/\/novice.si\/page\/celje-v-petek-ze-izrek-sodbe-za-ivana-rajevica\/","name":"CELJE V petek \u017ee izrek sodbe za Ivana Rajevi\u0107a? - Novice.si","isPartOf":{"@id":"https:\/\/novice.si\/page\/#website"},"primaryImageOfPage":{"@id":"https:\/\/novice.si\/page\/celje-v-petek-ze-izrek-sodbe-za-ivana-rajevica\/#primaryimage"},"image":{"@id":"https:\/\/novice.si\/page\/celje-v-petek-ze-izrek-sodbe-za-ivana-rajevica\/#primaryimage"},"thumbnailUrl":"https:\/\/novice.si\/page\/wp-content\/uploads\/2023\/02\/rajevic-feb23-5-scaled.jpg","datePublished":"2023-05-23T12:38:54+00:00","breadcrumb":{"@id":"https:\/\/novice.si\/page\/celje-v-petek-ze-izrek-sodbe-za-ivana-rajevica\/#breadcrumb"},"inLanguage":"sl-SI","potentialAction":[{"@type":"ReadAction","target":["https:\/\/novice.si\/page\/celje-v-petek-ze-izrek-sodbe-za-ivana-rajevica\/"]}]},{"@type":"ImageObject","inLanguage":"sl-SI","@id":"https:\/\/novice.si\/page\/celje-v-petek-ze-izrek-sodbe-za-ivana-rajevica\/#primaryimage","url":"https:\/\/novice.si\/page\/wp-content\/uploads\/2023\/02\/rajevic-feb23-5-scaled.jpg","contentUrl":"https:\/\/novice.si\/page\/wp-content\/uploads\/2023\/02\/rajevic-feb23-5-scaled.jpg","width":2560,"height":1920},{"@type":"BreadcrumbList","@id":"https:\/\/novice.si\/page\/celje-v-petek-ze-izrek-sodbe-za-ivana-rajevica\/#breadcrumb","itemListElement":[{"@type":"ListItem","position":1,"name":"Home","item":"https:\/\/novice.si\/page\/"},{"@type":"ListItem","position":2,"name":"CELJE V petek \u017ee izrek sodbe za Ivana Rajevi\u0107a?"}]},{"@type":"WebSite","@id":"https:\/\/novice.si\/page\/#website","url":"https:\/\/novice.si\/page\/","name":"Novice.si","description":"","publisher":{"@id":"https:\/\/novice.si\/page\/#organization"},"potentialAction":[{"@type":"SearchAction","target":{"@type":"EntryPoint","urlTemplate":"https:\/\/novice.si\/page\/?s={search_term_string}"},"query-input":{"@type":"PropertyValueSpecification","valueRequired":true,"valueName":"search_term_string"}}],"inLanguage":"sl-SI"},{"@type":"Organization","@id":"https:\/\/novice.si\/page\/#organization","name":"Novice.si","url":"https:\/\/novice.si\/page\/","logo":{"@type":"ImageObject","inLanguage":"sl-SI","@id":"https:\/\/novice.si\/page\/#\/schema\/logo\/image\/","url":"https:\/\/novice.si\/page\/wp-content\/uploads\/2023\/03\/novice_si.png","contentUrl":"https:\/\/novice.si\/page\/wp-content\/uploads\/2023\/03\/novice_si.png","width":576,"height":200,"caption":"Novice.si"},"image":{"@id":"https:\/\/novice.si\/page\/#\/schema\/logo\/image\/"}},{"@type":"Person","@id":"https:\/\/novice.si\/page\/#\/schema\/person\/57f25c9642a9541c7349c65d32032c3e","name":"Uredni\u0161tvo Celjana","image":{"@type":"ImageObject","inLanguage":"sl-SI","@id":"https:\/\/secure.gravatar.com\/avatar\/78e52bc4279b65f6df6345e0ef0f7b792d361361f230cf4ffecfe0afe6d5629c?s=96&d=mm&r=g","url":"https:\/\/secure.gravatar.com\/avatar\/78e52bc4279b65f6df6345e0ef0f7b792d361361f230cf4ffecfe0afe6d5629c?s=96&d=mm&r=g","contentUrl":"https:\/\/secure.gravatar.com\/avatar\/78e52bc4279b65f6df6345e0ef0f7b792d361361f230cf4ffecfe0afe6d5629c?s=96&d=mm&r=g","caption":"Uredni\u0161tvo Celjana"},"url":"https:\/\/novice.si\/page\/author\/primoz\/"}]}},"_links":{"self":[{"href":"https:\/\/novice.si\/page\/wp-json\/wp\/v2\/posts\/162995","targetHints":{"allow":["GET"]}}],"collection":[{"href":"https:\/\/novice.si\/page\/wp-json\/wp\/v2\/posts"}],"about":[{"href":"https:\/\/novice.si\/page\/wp-json\/wp\/v2\/types\/post"}],"author":[{"embeddable":true,"href":"https:\/\/novice.si\/page\/wp-json\/wp\/v2\/users\/33"}],"replies":[{"embeddable":true,"href":"https:\/\/novice.si\/page\/wp-json\/wp\/v2\/comments?post=162995"}],"version-history":[{"count":1,"href":"https:\/\/novice.si\/page\/wp-json\/wp\/v2\/posts\/162995\/revisions"}],"predecessor-version":[{"id":162996,"href":"https:\/\/novice.si\/page\/wp-json\/wp\/v2\/posts\/162995\/revisions\/162996"}],"wp:featuredmedia":[{"embeddable":true,"href":"https:\/\/novice.si\/page\/wp-json\/wp\/v2\/media\/159606"}],"wp:attachment":[{"href":"https:\/\/novice.si\/page\/wp-json\/wp\/v2\/media?parent=162995"}],"wp:term":[{"taxonomy":"category","embeddable":true,"href":"https:\/\/novice.si\/page\/wp-json\/wp\/v2\/categories?post=162995"},{"taxonomy":"post_tag","embeddable":true,"href":"https:\/\/novice.si\/page\/wp-json\/wp\/v2\/tags?post=162995"}],"curies":[{"name":"wp","href":"https:\/\/api.w.org\/{rel}","templated":true}]}}