{"id":162951,"date":"2023-05-23T06:00:45","date_gmt":"2023-05-23T04:00:45","guid":{"rendered":"https:\/\/novice.si\/page\/?p=162951"},"modified":"2023-05-22T06:14:19","modified_gmt":"2023-05-22T04:14:19","slug":"priznanje-ravnatelju-roku-lipniku","status":"publish","type":"post","link":"https:\/\/novice.si\/page\/priznanje-ravnatelju-roku-lipniku\/","title":{"rendered":"Priznanje ravnatelju Roku Lipniku"},"content":{"rendered":"<p><img loading=\"lazy\" decoding=\"async\" src=\"https:\/\/novice.si\/page\/wp-content\/uploads\/2023\/05\/uho-rok-lipnik-1166.jpg\" alt=\"\" width=\"1800\" height=\"1800\" class=\"alignleft size-full wp-image-162952\" srcset=\"https:\/\/novice.si\/page\/wp-content\/uploads\/2023\/05\/uho-rok-lipnik-1166.jpg 1800w, https:\/\/novice.si\/page\/wp-content\/uploads\/2023\/05\/uho-rok-lipnik-1166-600x600.jpg 600w, https:\/\/novice.si\/page\/wp-content\/uploads\/2023\/05\/uho-rok-lipnik-1166-1024x1024.jpg 1024w, https:\/\/novice.si\/page\/wp-content\/uploads\/2023\/05\/uho-rok-lipnik-1166-150x150.jpg 150w, https:\/\/novice.si\/page\/wp-content\/uploads\/2023\/05\/uho-rok-lipnik-1166-768x768.jpg 768w, https:\/\/novice.si\/page\/wp-content\/uploads\/2023\/05\/uho-rok-lipnik-1166-1536x1536.jpg 1536w, https:\/\/novice.si\/page\/wp-content\/uploads\/2023\/05\/uho-rok-lipnik-1166-696x696.jpg 696w, https:\/\/novice.si\/page\/wp-content\/uploads\/2023\/05\/uho-rok-lipnik-1166-1068x1068.jpg 1068w, https:\/\/novice.si\/page\/wp-content\/uploads\/2023\/05\/uho-rok-lipnik-1166-420x420.jpg 420w, https:\/\/novice.si\/page\/wp-content\/uploads\/2023\/05\/uho-rok-lipnik-1166-24x24.jpg 24w, https:\/\/novice.si\/page\/wp-content\/uploads\/2023\/05\/uho-rok-lipnik-1166-36x36.jpg 36w, https:\/\/novice.si\/page\/wp-content\/uploads\/2023\/05\/uho-rok-lipnik-1166-48x48.jpg 48w\" sizes=\"auto, (max-width: 1800px) 100vw, 1800px\" \/>Na Cekinovem gradu je potekala slavnostna podelitev priznanj Bla\u017ea Kumerdeja, ki jih Zavod Republike Slovenije za \u0161olstvo (ZRS\u0160) podeljuje za izjemne dose\u017eke pri razvoju in uvajanju novosti v vzgojno-izobra\u017eevalno prakso v partnerskem sodelovanju z ZRS\u0160. Priznanje je prejel tudi ravnatelj Gimnazije Celje \u2013 Center, Rok Lipnik, ki je v svojem govoru izpostavil tudi dose\u017eek \u0161ole, ki je pred leti prejela priznanje Bla\u017ea Kumerdeja, in pohvalil zgledno sodelovanje z ZRS\u0160 ter delo vseh svetovalcev. Foto: ZRS\u0160.<\/p>\n","protected":false},"excerpt":{"rendered":"<p>Na Cekinovem gradu je potekala slavnostna podelitev priznanj Bla\u017ea Kumerdeja, ki jih Zavod Republike Slovenije za \u0161olstvo (ZRS\u0160) podeljuje za izjemne dose\u017eke pri razvoju in uvajanju novosti v vzgojno-izobra\u017eevalno prakso v partnerskem sodelovanju z ZRS\u0160. Priznanje je prejel tudi ravnatelj Gimnazije Celje \u2013 Center, Rok Lipnik, ki je v svojem govoru izpostavil tudi dose\u017eek \u0161ole, [&hellip;]<\/p>\n","protected":false},"author":10,"featured_media":162953,"comment_status":"closed","ping_status":"closed","sticky":false,"template":"","format":"standard","meta":{"footnotes":""},"categories":[14,142,17,15],"tags":[17873,941,17874,17872],"class_list":{"0":"post-162951","1":"post","2":"type-post","3":"status-publish","4":"format-standard","5":"has-post-thumbnail","7":"category-aktualno","8":"category-celjan","9":"category-celjsko","10":"category-druzabno","11":"tag-cekinov-grad","12":"tag-gimnazija-celje-center","13":"tag-rok-lipnik","14":"tag-zrss"},"yoast_head":"<!-- This site is optimized with the Yoast SEO plugin v27.4 - https:\/\/yoast.com\/product\/yoast-seo-wordpress\/ -->\n<title>Priznanje ravnatelju Roku Lipniku - Novice.si<\/title>\n<meta name=\"robots\" content=\"index, follow, max-snippet:-1, max-image-preview:large, max-video-preview:-1\" \/>\n<link rel=\"canonical\" href=\"https:\/\/novice.si\/page\/priznanje-ravnatelju-roku-lipniku\/\" \/>\n<meta property=\"og:locale\" content=\"sl_SI\" \/>\n<meta property=\"og:type\" content=\"article\" \/>\n<meta property=\"og:title\" content=\"Priznanje ravnatelju Roku Lipniku - Novice.si\" \/>\n<meta property=\"og:description\" content=\"Na Cekinovem gradu je potekala slavnostna podelitev priznanj Bla\u017ea Kumerdeja, ki jih Zavod Republike Slovenije za \u0161olstvo (ZRS\u0160) podeljuje za izjemne dose\u017eke pri razvoju in uvajanju novosti v vzgojno-izobra\u017eevalno prakso v partnerskem sodelovanju z ZRS\u0160. Priznanje je prejel tudi ravnatelj Gimnazije Celje \u2013 Center, Rok Lipnik, ki je v svojem govoru izpostavil tudi dose\u017eek \u0161ole, [&hellip;]\" \/>\n<meta property=\"og:url\" content=\"https:\/\/novice.si\/page\/priznanje-ravnatelju-roku-lipniku\/\" \/>\n<meta property=\"og:site_name\" content=\"Novice.si\" \/>\n<meta property=\"article:published_time\" content=\"2023-05-23T04:00:45+00:00\" \/>\n<meta property=\"og:image\" content=\"https:\/\/novice.si\/page\/wp-content\/uploads\/2023\/05\/uho-rok-lipnik-1166a.jpg\" \/>\n\t<meta property=\"og:image:width\" content=\"1799\" \/>\n\t<meta property=\"og:image:height\" content=\"1356\" \/>\n\t<meta property=\"og:image:type\" content=\"image\/jpeg\" \/>\n<meta name=\"author\" content=\"Iztok Krajnc\" \/>\n<meta name=\"twitter:card\" content=\"summary_large_image\" \/>\n<meta name=\"twitter:label1\" content=\"Written by\" \/>\n\t<meta name=\"twitter:data1\" content=\"Iztok Krajnc\" \/>\n<script type=\"application\/ld+json\" class=\"yoast-schema-graph\">{\"@context\":\"https:\\\/\\\/schema.org\",\"@graph\":[{\"@type\":\"Article\",\"@id\":\"https:\\\/\\\/novice.si\\\/page\\\/priznanje-ravnatelju-roku-lipniku\\\/#article\",\"isPartOf\":{\"@id\":\"https:\\\/\\\/novice.si\\\/page\\\/priznanje-ravnatelju-roku-lipniku\\\/\"},\"author\":{\"name\":\"Iztok Krajnc\",\"@id\":\"https:\\\/\\\/novice.si\\\/page\\\/#\\\/schema\\\/person\\\/92fda8564875f655675c886e4df22216\"},\"headline\":\"Priznanje ravnatelju Roku Lipniku\",\"datePublished\":\"2023-05-23T04:00:45+00:00\",\"mainEntityOfPage\":{\"@id\":\"https:\\\/\\\/novice.si\\\/page\\\/priznanje-ravnatelju-roku-lipniku\\\/\"},\"wordCount\":83,\"publisher\":{\"@id\":\"https:\\\/\\\/novice.si\\\/page\\\/#organization\"},\"image\":{\"@id\":\"https:\\\/\\\/novice.si\\\/page\\\/priznanje-ravnatelju-roku-lipniku\\\/#primaryimage\"},\"thumbnailUrl\":\"https:\\\/\\\/novice.si\\\/page\\\/wp-content\\\/uploads\\\/2023\\\/05\\\/uho-rok-lipnik-1166a.jpg\",\"keywords\":[\"cekinov grad\",\"gimnazija Celje-center\",\"rok lipnik\",\"ZRS\u0160\"],\"articleSection\":[\"Aktualno\",\"Celjan\",\"Celjsko\",\"Dru\u017eabno\"],\"inLanguage\":\"sl-SI\"},{\"@type\":\"WebPage\",\"@id\":\"https:\\\/\\\/novice.si\\\/page\\\/priznanje-ravnatelju-roku-lipniku\\\/\",\"url\":\"https:\\\/\\\/novice.si\\\/page\\\/priznanje-ravnatelju-roku-lipniku\\\/\",\"name\":\"Priznanje ravnatelju Roku Lipniku - Novice.si\",\"isPartOf\":{\"@id\":\"https:\\\/\\\/novice.si\\\/page\\\/#website\"},\"primaryImageOfPage\":{\"@id\":\"https:\\\/\\\/novice.si\\\/page\\\/priznanje-ravnatelju-roku-lipniku\\\/#primaryimage\"},\"image\":{\"@id\":\"https:\\\/\\\/novice.si\\\/page\\\/priznanje-ravnatelju-roku-lipniku\\\/#primaryimage\"},\"thumbnailUrl\":\"https:\\\/\\\/novice.si\\\/page\\\/wp-content\\\/uploads\\\/2023\\\/05\\\/uho-rok-lipnik-1166a.jpg\",\"datePublished\":\"2023-05-23T04:00:45+00:00\",\"breadcrumb\":{\"@id\":\"https:\\\/\\\/novice.si\\\/page\\\/priznanje-ravnatelju-roku-lipniku\\\/#breadcrumb\"},\"inLanguage\":\"sl-SI\",\"potentialAction\":[{\"@type\":\"ReadAction\",\"target\":[\"https:\\\/\\\/novice.si\\\/page\\\/priznanje-ravnatelju-roku-lipniku\\\/\"]}]},{\"@type\":\"ImageObject\",\"inLanguage\":\"sl-SI\",\"@id\":\"https:\\\/\\\/novice.si\\\/page\\\/priznanje-ravnatelju-roku-lipniku\\\/#primaryimage\",\"url\":\"https:\\\/\\\/novice.si\\\/page\\\/wp-content\\\/uploads\\\/2023\\\/05\\\/uho-rok-lipnik-1166a.jpg\",\"contentUrl\":\"https:\\\/\\\/novice.si\\\/page\\\/wp-content\\\/uploads\\\/2023\\\/05\\\/uho-rok-lipnik-1166a.jpg\",\"width\":1799,\"height\":1356},{\"@type\":\"BreadcrumbList\",\"@id\":\"https:\\\/\\\/novice.si\\\/page\\\/priznanje-ravnatelju-roku-lipniku\\\/#breadcrumb\",\"itemListElement\":[{\"@type\":\"ListItem\",\"position\":1,\"name\":\"Home\",\"item\":\"https:\\\/\\\/novice.si\\\/page\\\/\"},{\"@type\":\"ListItem\",\"position\":2,\"name\":\"Priznanje ravnatelju Roku Lipniku\"}]},{\"@type\":\"WebSite\",\"@id\":\"https:\\\/\\\/novice.si\\\/page\\\/#website\",\"url\":\"https:\\\/\\\/novice.si\\\/page\\\/\",\"name\":\"Novice.si\",\"description\":\"\",\"publisher\":{\"@id\":\"https:\\\/\\\/novice.si\\\/page\\\/#organization\"},\"potentialAction\":[{\"@type\":\"SearchAction\",\"target\":{\"@type\":\"EntryPoint\",\"urlTemplate\":\"https:\\\/\\\/novice.si\\\/page\\\/?s={search_term_string}\"},\"query-input\":{\"@type\":\"PropertyValueSpecification\",\"valueRequired\":true,\"valueName\":\"search_term_string\"}}],\"inLanguage\":\"sl-SI\"},{\"@type\":\"Organization\",\"@id\":\"https:\\\/\\\/novice.si\\\/page\\\/#organization\",\"name\":\"Novice.si\",\"url\":\"https:\\\/\\\/novice.si\\\/page\\\/\",\"logo\":{\"@type\":\"ImageObject\",\"inLanguage\":\"sl-SI\",\"@id\":\"https:\\\/\\\/novice.si\\\/page\\\/#\\\/schema\\\/logo\\\/image\\\/\",\"url\":\"https:\\\/\\\/novice.si\\\/page\\\/wp-content\\\/uploads\\\/2023\\\/03\\\/novice_si.png\",\"contentUrl\":\"https:\\\/\\\/novice.si\\\/page\\\/wp-content\\\/uploads\\\/2023\\\/03\\\/novice_si.png\",\"width\":576,\"height\":200,\"caption\":\"Novice.si\"},\"image\":{\"@id\":\"https:\\\/\\\/novice.si\\\/page\\\/#\\\/schema\\\/logo\\\/image\\\/\"}},{\"@type\":\"Person\",\"@id\":\"https:\\\/\\\/novice.si\\\/page\\\/#\\\/schema\\\/person\\\/92fda8564875f655675c886e4df22216\",\"name\":\"Iztok Krajnc\",\"image\":{\"@type\":\"ImageObject\",\"inLanguage\":\"sl-SI\",\"@id\":\"https:\\\/\\\/secure.gravatar.com\\\/avatar\\\/2790ff125f883a5a9cb934a574322d28ea850f8f4494d77b487c1950e0096015?s=96&d=mm&r=g\",\"url\":\"https:\\\/\\\/secure.gravatar.com\\\/avatar\\\/2790ff125f883a5a9cb934a574322d28ea850f8f4494d77b487c1950e0096015?s=96&d=mm&r=g\",\"contentUrl\":\"https:\\\/\\\/secure.gravatar.com\\\/avatar\\\/2790ff125f883a5a9cb934a574322d28ea850f8f4494d77b487c1950e0096015?s=96&d=mm&r=g\",\"caption\":\"Iztok Krajnc\"},\"url\":\"https:\\\/\\\/novice.si\\\/page\\\/author\\\/iztok\\\/\"}]}<\/script>\n<!-- \/ Yoast SEO plugin. -->","yoast_head_json":{"title":"Priznanje ravnatelju Roku Lipniku - Novice.si","robots":{"index":"index","follow":"follow","max-snippet":"max-snippet:-1","max-image-preview":"max-image-preview:large","max-video-preview":"max-video-preview:-1"},"canonical":"https:\/\/novice.si\/page\/priznanje-ravnatelju-roku-lipniku\/","og_locale":"sl_SI","og_type":"article","og_title":"Priznanje ravnatelju Roku Lipniku - Novice.si","og_description":"Na Cekinovem gradu je potekala slavnostna podelitev priznanj Bla\u017ea Kumerdeja, ki jih Zavod Republike Slovenije za \u0161olstvo (ZRS\u0160) podeljuje za izjemne dose\u017eke pri razvoju in uvajanju novosti v vzgojno-izobra\u017eevalno prakso v partnerskem sodelovanju z ZRS\u0160. Priznanje je prejel tudi ravnatelj Gimnazije Celje \u2013 Center, Rok Lipnik, ki je v svojem govoru izpostavil tudi dose\u017eek \u0161ole, [&hellip;]","og_url":"https:\/\/novice.si\/page\/priznanje-ravnatelju-roku-lipniku\/","og_site_name":"Novice.si","article_published_time":"2023-05-23T04:00:45+00:00","og_image":[{"width":1799,"height":1356,"url":"https:\/\/novice.si\/page\/wp-content\/uploads\/2023\/05\/uho-rok-lipnik-1166a.jpg","type":"image\/jpeg"}],"author":"Iztok Krajnc","twitter_card":"summary_large_image","twitter_misc":{"Written by":"Iztok Krajnc"},"schema":{"@context":"https:\/\/schema.org","@graph":[{"@type":"Article","@id":"https:\/\/novice.si\/page\/priznanje-ravnatelju-roku-lipniku\/#article","isPartOf":{"@id":"https:\/\/novice.si\/page\/priznanje-ravnatelju-roku-lipniku\/"},"author":{"name":"Iztok Krajnc","@id":"https:\/\/novice.si\/page\/#\/schema\/person\/92fda8564875f655675c886e4df22216"},"headline":"Priznanje ravnatelju Roku Lipniku","datePublished":"2023-05-23T04:00:45+00:00","mainEntityOfPage":{"@id":"https:\/\/novice.si\/page\/priznanje-ravnatelju-roku-lipniku\/"},"wordCount":83,"publisher":{"@id":"https:\/\/novice.si\/page\/#organization"},"image":{"@id":"https:\/\/novice.si\/page\/priznanje-ravnatelju-roku-lipniku\/#primaryimage"},"thumbnailUrl":"https:\/\/novice.si\/page\/wp-content\/uploads\/2023\/05\/uho-rok-lipnik-1166a.jpg","keywords":["cekinov grad","gimnazija Celje-center","rok lipnik","ZRS\u0160"],"articleSection":["Aktualno","Celjan","Celjsko","Dru\u017eabno"],"inLanguage":"sl-SI"},{"@type":"WebPage","@id":"https:\/\/novice.si\/page\/priznanje-ravnatelju-roku-lipniku\/","url":"https:\/\/novice.si\/page\/priznanje-ravnatelju-roku-lipniku\/","name":"Priznanje ravnatelju Roku Lipniku - Novice.si","isPartOf":{"@id":"https:\/\/novice.si\/page\/#website"},"primaryImageOfPage":{"@id":"https:\/\/novice.si\/page\/priznanje-ravnatelju-roku-lipniku\/#primaryimage"},"image":{"@id":"https:\/\/novice.si\/page\/priznanje-ravnatelju-roku-lipniku\/#primaryimage"},"thumbnailUrl":"https:\/\/novice.si\/page\/wp-content\/uploads\/2023\/05\/uho-rok-lipnik-1166a.jpg","datePublished":"2023-05-23T04:00:45+00:00","breadcrumb":{"@id":"https:\/\/novice.si\/page\/priznanje-ravnatelju-roku-lipniku\/#breadcrumb"},"inLanguage":"sl-SI","potentialAction":[{"@type":"ReadAction","target":["https:\/\/novice.si\/page\/priznanje-ravnatelju-roku-lipniku\/"]}]},{"@type":"ImageObject","inLanguage":"sl-SI","@id":"https:\/\/novice.si\/page\/priznanje-ravnatelju-roku-lipniku\/#primaryimage","url":"https:\/\/novice.si\/page\/wp-content\/uploads\/2023\/05\/uho-rok-lipnik-1166a.jpg","contentUrl":"https:\/\/novice.si\/page\/wp-content\/uploads\/2023\/05\/uho-rok-lipnik-1166a.jpg","width":1799,"height":1356},{"@type":"BreadcrumbList","@id":"https:\/\/novice.si\/page\/priznanje-ravnatelju-roku-lipniku\/#breadcrumb","itemListElement":[{"@type":"ListItem","position":1,"name":"Home","item":"https:\/\/novice.si\/page\/"},{"@type":"ListItem","position":2,"name":"Priznanje ravnatelju Roku Lipniku"}]},{"@type":"WebSite","@id":"https:\/\/novice.si\/page\/#website","url":"https:\/\/novice.si\/page\/","name":"Novice.si","description":"","publisher":{"@id":"https:\/\/novice.si\/page\/#organization"},"potentialAction":[{"@type":"SearchAction","target":{"@type":"EntryPoint","urlTemplate":"https:\/\/novice.si\/page\/?s={search_term_string}"},"query-input":{"@type":"PropertyValueSpecification","valueRequired":true,"valueName":"search_term_string"}}],"inLanguage":"sl-SI"},{"@type":"Organization","@id":"https:\/\/novice.si\/page\/#organization","name":"Novice.si","url":"https:\/\/novice.si\/page\/","logo":{"@type":"ImageObject","inLanguage":"sl-SI","@id":"https:\/\/novice.si\/page\/#\/schema\/logo\/image\/","url":"https:\/\/novice.si\/page\/wp-content\/uploads\/2023\/03\/novice_si.png","contentUrl":"https:\/\/novice.si\/page\/wp-content\/uploads\/2023\/03\/novice_si.png","width":576,"height":200,"caption":"Novice.si"},"image":{"@id":"https:\/\/novice.si\/page\/#\/schema\/logo\/image\/"}},{"@type":"Person","@id":"https:\/\/novice.si\/page\/#\/schema\/person\/92fda8564875f655675c886e4df22216","name":"Iztok Krajnc","image":{"@type":"ImageObject","inLanguage":"sl-SI","@id":"https:\/\/secure.gravatar.com\/avatar\/2790ff125f883a5a9cb934a574322d28ea850f8f4494d77b487c1950e0096015?s=96&d=mm&r=g","url":"https:\/\/secure.gravatar.com\/avatar\/2790ff125f883a5a9cb934a574322d28ea850f8f4494d77b487c1950e0096015?s=96&d=mm&r=g","contentUrl":"https:\/\/secure.gravatar.com\/avatar\/2790ff125f883a5a9cb934a574322d28ea850f8f4494d77b487c1950e0096015?s=96&d=mm&r=g","caption":"Iztok Krajnc"},"url":"https:\/\/novice.si\/page\/author\/iztok\/"}]}},"_links":{"self":[{"href":"https:\/\/novice.si\/page\/wp-json\/wp\/v2\/posts\/162951","targetHints":{"allow":["GET"]}}],"collection":[{"href":"https:\/\/novice.si\/page\/wp-json\/wp\/v2\/posts"}],"about":[{"href":"https:\/\/novice.si\/page\/wp-json\/wp\/v2\/types\/post"}],"author":[{"embeddable":true,"href":"https:\/\/novice.si\/page\/wp-json\/wp\/v2\/users\/10"}],"replies":[{"embeddable":true,"href":"https:\/\/novice.si\/page\/wp-json\/wp\/v2\/comments?post=162951"}],"version-history":[{"count":2,"href":"https:\/\/novice.si\/page\/wp-json\/wp\/v2\/posts\/162951\/revisions"}],"predecessor-version":[{"id":162955,"href":"https:\/\/novice.si\/page\/wp-json\/wp\/v2\/posts\/162951\/revisions\/162955"}],"wp:featuredmedia":[{"embeddable":true,"href":"https:\/\/novice.si\/page\/wp-json\/wp\/v2\/media\/162953"}],"wp:attachment":[{"href":"https:\/\/novice.si\/page\/wp-json\/wp\/v2\/media?parent=162951"}],"wp:term":[{"taxonomy":"category","embeddable":true,"href":"https:\/\/novice.si\/page\/wp-json\/wp\/v2\/categories?post=162951"},{"taxonomy":"post_tag","embeddable":true,"href":"https:\/\/novice.si\/page\/wp-json\/wp\/v2\/tags?post=162951"}],"curies":[{"name":"wp","href":"https:\/\/api.w.org\/{rel}","templated":true}]}}