{"id":162875,"date":"2023-05-18T13:00:07","date_gmt":"2023-05-18T11:00:07","guid":{"rendered":"https:\/\/novice.si\/page\/?p=162875"},"modified":"2023-05-18T13:00:07","modified_gmt":"2023-05-18T11:00:07","slug":"bistrisko-zaradi-plazu-bivanje-v-hisi-v-ogljensaku-ni-vec-mogoce-ogrozena-tudi-prevoznost-lokalne-ceste-tinje-trije-kralji","status":"publish","type":"post","link":"https:\/\/novice.si\/page\/bistrisko-zaradi-plazu-bivanje-v-hisi-v-ogljensaku-ni-vec-mogoce-ogrozena-tudi-prevoznost-lokalne-ceste-tinje-trije-kralji\/","title":{"rendered":"BISTRI\u0160KO: Zaradi plazu bivanje v hi\u0161i v Ogljen\u0161aku ni ve\u010d mogo\u010de, ogro\u017eena tudi prevoznost lokalne ceste Tinje \u2013 Trije kralji"},"content":{"rendered":"<p>Tudi na Bistri\u0161kem se soo\u010dajo s posledicami mo\u010dnej\u0161ega de\u017eevja. V minulih dneh so klicali na pomo\u010d gasilce ve\u010d lokalnih dru\u0161tev.<\/p>\n<p><strong>Kje je bilo najhuje?<\/strong><br \/>\nV ob\u010dini Slovenska Bistrica je bilo najhuje <strong>v Ogljen\u0161aku<\/strong>, kjer je zemeljski plaz po\u0161kodoval pomo\u017eni objekt in je ogro\u017eena stanovanjska hi\u0161a. \u00bbTam smo lastniku ponudili za\u010dasno nadomestno stanovanje,\u00ab je dodal <strong>Branko Hojnik,<\/strong> poveljnik Civilne za\u0161\u010dite ob\u010dine Slovenska Bistrica. Gasilci PGD Zg. Polskava so sicer v nedeljo s folijo prekrili okoli 150 kvadratnih metrov zemljine, a bivanje v hi\u0161i ni ve\u010d varno.<br \/>\nOte\u017een je tudi lokalni promet na relaciji <strong>Tinje \u2013 Trije kralji<\/strong>, kjer je zemeljski plaz odnesel glavno lokalno cesto. Delno je \u0161e prevozna in upajo, da bo tako ostalo.<br \/>\nTe\u017eave so imeli tudi zaradi plazu tudi v Slovenski Bistrici. Gasilci PGD Zgornja Bistrica so posredovali v Tirgotu, na <strong>Sern\u010devi ulici.<\/strong> Tam je zemeljski plaz ogro\u017eal, da bo zasulo potok, to pa bi povzro\u010dilo razlivanje vode. Delavec komunale je z delovnim strojem prekopal bre\u017eino plazu in odstranil odve\u010dno zemljo iz potoka. Podrli so tudi nekaj dreves, ki so se zaradi plazu nagnila in ogro\u017eala stanovanjsko hi\u0161o. (B. P.)<\/p>\n\r\n                <style type=\"text\/css\">\r\n                    \r\n                    #tdi_1  .td-doubleSlider-2 .td-item1 {\r\n                        background: url(https:\/\/novice.si\/page\/wp-content\/uploads\/2023\/05\/PGD-Zg-bistrica-3-1405-2_resize-80x60.jpg) 0 0 no-repeat;\r\n                    }\r\n                    #tdi_1  .td-doubleSlider-2 .td-item2 {\r\n                        background: url(https:\/\/novice.si\/page\/wp-content\/uploads\/2023\/05\/PGD-Zg-Polskava-1-2_resize-80x60.jpg) 0 0 no-repeat;\r\n                    }\r\n                    #tdi_1  .td-doubleSlider-2 .td-item3 {\r\n                        background: url(https:\/\/novice.si\/page\/wp-content\/uploads\/2023\/05\/PGD-Zg-Polskava-2-1405-2_resize-80x60.jpg) 0 0 no-repeat;\r\n                    }\r\n                <\/style>\r\n\r\n                <div id=\"tdi_1\" class=\"td-gallery td-slide-on-2-columns\">\r\n                    <div class=\"post_td_gallery\">\r\n                        <div class=\"td-gallery-slide-top\">\r\n                           <div class=\"td-gallery-title\"><\/div>\r\n\r\n                            <div class=\"td-gallery-controls-wrapper\">\r\n                                <div class=\"td-gallery-slide-count\"><span class=\"td-gallery-slide-item-focus\">1<\/span> od 3<\/div>\r\n                                <div class=\"td-gallery-slide-prev-next-but\">\r\n                                    <i class = \"td-icon-left doubleSliderPrevButton\"><\/i>\r\n                                    <i class = \"td-icon-right doubleSliderNextButton\"><\/i>\r\n                                <\/div>\r\n                            <\/div>\r\n                        <\/div>\r\n\r\n                        <div class = \"td-doubleSlider-1 \">\r\n                            <div class = \"td-slider\">\r\n                                \r\n                    <div class = \"td-slide-item td-item1\">\r\n                        <figure class=\"td-slide-galery-figure td-slide-popup-gallery\">\r\n                            <a class=\"slide-gallery-image-link\" href=\"https:\/\/novice.si\/page\/wp-content\/uploads\/2023\/05\/PGD-Zg-bistrica-3-1405-2_resize.jpg\" title=\"PGD Zg bistrica 3 1405 2_resize\"  data-caption=\"Zemeljski plaz je pretil, da bo zasulo potok, zato so prekopali bre\u017eino. Foto: PGD Zg. Bistrica\"  data-description=\"\" data-gallery>\r\n                                <img decoding=\"async\" src=\"https:\/\/novice.si\/page\/wp-content\/uploads\/2023\/05\/PGD-Zg-bistrica-3-1405-2_resize-658x420.jpg\" srcset=\"https:\/\/novice.si\/page\/wp-content\/uploads\/2023\/05\/PGD-Zg-bistrica-3-1405-2_resize-658x420.jpg 658w, https:\/\/novice.si\/page\/wp-content\/uploads\/2023\/05\/PGD-Zg-bistrica-3-1405-2_resize-600x383.jpg 600w, https:\/\/novice.si\/page\/wp-content\/uploads\/2023\/05\/PGD-Zg-bistrica-3-1405-2_resize-768x490.jpg 768w, https:\/\/novice.si\/page\/wp-content\/uploads\/2023\/05\/PGD-Zg-bistrica-3-1405-2_resize-696x444.jpg 696w, https:\/\/novice.si\/page\/wp-content\/uploads\/2023\/05\/PGD-Zg-bistrica-3-1405-2_resize-24x15.jpg 24w, https:\/\/novice.si\/page\/wp-content\/uploads\/2023\/05\/PGD-Zg-bistrica-3-1405-2_resize-36x23.jpg 36w, https:\/\/novice.si\/page\/wp-content\/uploads\/2023\/05\/PGD-Zg-bistrica-3-1405-2_resize-48x31.jpg 48w, https:\/\/novice.si\/page\/wp-content\/uploads\/2023\/05\/PGD-Zg-bistrica-3-1405-2_resize.jpg 1000w\" sizes=\"(max-width: 658px) 100vw, 658px\" alt=\"\">\r\n                            <\/a>\r\n                            <figcaption class = \"td-slide-caption td-gallery-slide-content\"><div class = \"td-gallery-slide-copywrite\">Zemeljski plaz je pretil, da bo zasulo potok, zato so prekopali bre\u017eino. Foto: PGD Zg. Bistrica<\/div><\/figcaption>\r\n                        <\/figure>\r\n                    <\/div>\r\n                    <div class = \"td-slide-item td-item2\">\r\n                        <figure class=\"td-slide-galery-figure td-slide-popup-gallery\">\r\n                            <a class=\"slide-gallery-image-link\" href=\"https:\/\/novice.si\/page\/wp-content\/uploads\/2023\/05\/PGD-Zg-Polskava-1-2_resize.jpg\" title=\"PGD Zg Polskava 1 2_resize\"  data-caption=\"V naselju Ogljen\u0161ak je pri\u0161lo do plazenja zemljine. Foto: PGD Zg. Polskava\"  data-description=\"\" data-gallery>\r\n                                <img decoding=\"async\" src=\"https:\/\/novice.si\/page\/wp-content\/uploads\/2023\/05\/PGD-Zg-Polskava-1-2_resize-530x420.jpg\" srcset=\"https:\/\/novice.si\/page\/wp-content\/uploads\/2023\/05\/PGD-Zg-Polskava-1-2_resize-530x420.jpg 530w, https:\/\/novice.si\/page\/wp-content\/uploads\/2023\/05\/PGD-Zg-Polskava-1-2_resize-600x475.jpg 600w, https:\/\/novice.si\/page\/wp-content\/uploads\/2023\/05\/PGD-Zg-Polskava-1-2_resize-768x608.jpg 768w, https:\/\/novice.si\/page\/wp-content\/uploads\/2023\/05\/PGD-Zg-Polskava-1-2_resize-696x551.jpg 696w, https:\/\/novice.si\/page\/wp-content\/uploads\/2023\/05\/PGD-Zg-Polskava-1-2_resize-24x19.jpg 24w, https:\/\/novice.si\/page\/wp-content\/uploads\/2023\/05\/PGD-Zg-Polskava-1-2_resize-36x29.jpg 36w, https:\/\/novice.si\/page\/wp-content\/uploads\/2023\/05\/PGD-Zg-Polskava-1-2_resize-48x38.jpg 48w, https:\/\/novice.si\/page\/wp-content\/uploads\/2023\/05\/PGD-Zg-Polskava-1-2_resize.jpg 884w\" sizes=\"(max-width: 530px) 100vw, 530px\" alt=\"\">\r\n                            <\/a>\r\n                            <figcaption class = \"td-slide-caption td-gallery-slide-content\"><div class = \"td-gallery-slide-copywrite\">V naselju Ogljen\u0161ak je pri\u0161lo do plazenja zemljine. Foto: PGD Zg. Polskava<\/div><\/figcaption>\r\n                        <\/figure>\r\n                    <\/div>\r\n                    <div class = \"td-slide-item td-item3\">\r\n                        <figure class=\"td-slide-galery-figure td-slide-popup-gallery\">\r\n                            <a class=\"slide-gallery-image-link\" href=\"https:\/\/novice.si\/page\/wp-content\/uploads\/2023\/05\/PGD-Zg-Polskava-2-1405-2_resize.jpg\" title=\"PGD Zg Polskava 2 1405 2_resize\"  data-caption=\"Foto: PGD Zg. Polskava\"  data-description=\"\" data-gallery>\r\n                                <img decoding=\"async\" src=\"https:\/\/novice.si\/page\/wp-content\/uploads\/2023\/05\/PGD-Zg-Polskava-2-1405-2_resize-443x420.jpg\" srcset=\"https:\/\/novice.si\/page\/wp-content\/uploads\/2023\/05\/PGD-Zg-Polskava-2-1405-2_resize-443x420.jpg 443w, https:\/\/novice.si\/page\/wp-content\/uploads\/2023\/05\/PGD-Zg-Polskava-2-1405-2_resize-600x568.jpg 600w, https:\/\/novice.si\/page\/wp-content\/uploads\/2023\/05\/PGD-Zg-Polskava-2-1405-2_resize-696x659.jpg 696w, https:\/\/novice.si\/page\/wp-content\/uploads\/2023\/05\/PGD-Zg-Polskava-2-1405-2_resize-24x24.jpg 24w, https:\/\/novice.si\/page\/wp-content\/uploads\/2023\/05\/PGD-Zg-Polskava-2-1405-2_resize-36x34.jpg 36w, https:\/\/novice.si\/page\/wp-content\/uploads\/2023\/05\/PGD-Zg-Polskava-2-1405-2_resize-48x45.jpg 48w, https:\/\/novice.si\/page\/wp-content\/uploads\/2023\/05\/PGD-Zg-Polskava-2-1405-2_resize.jpg 739w\" sizes=\"(max-width: 443px) 100vw, 443px\" alt=\"\">\r\n                            <\/a>\r\n                            <figcaption class = \"td-slide-caption td-gallery-slide-content\"><div class = \"td-gallery-slide-copywrite\">Foto: PGD Zg. Polskava<\/div><\/figcaption>\r\n                        <\/figure>\r\n                    <\/div>\r\n                            <\/div>\r\n                        <\/div>\r\n\r\n                        <div class = \"td-doubleSlider-2\">\r\n                            <div class = \"td-slider\">\r\n                                \r\n                    <div class = \"td-button td-item1\">\r\n                        <div class = \"td-border\"><\/div>\r\n                    <\/div>\r\n                    <div class = \"td-button td-item2\">\r\n                        <div class = \"td-border\"><\/div>\r\n                    <\/div>\r\n                    <div class = \"td-button td-item3\">\r\n                        <div class = \"td-border\"><\/div>\r\n                    <\/div>\r\n                            <\/div>\r\n                        <\/div>\r\n\r\n                    <\/div>\r\n\r\n                <\/div>\r\n                \n","protected":false},"excerpt":{"rendered":"<p>Tudi na Bistri\u0161kem se soo\u010dajo s posledicami mo\u010dnej\u0161ega de\u017eevja. V minulih dneh so klicali na pomo\u010d gasilce ve\u010d lokalnih dru\u0161tev. Kje je bilo najhuje? V ob\u010dini Slovenska Bistrica je bilo najhuje v Ogljen\u0161aku, kjer je zemeljski plaz po\u0161kodoval pomo\u017eni objekt in je ogro\u017eena stanovanjska hi\u0161a. \u00bbTam smo lastniku ponudili za\u010dasno nadomestno stanovanje,\u00ab je dodal Branko [&hellip;]<\/p>\n","protected":false},"author":8,"featured_media":162877,"comment_status":"closed","ping_status":"closed","sticky":false,"template":"","format":"standard","meta":{"footnotes":""},"categories":[14,32],"tags":[18,14566,17860,8720,466],"class_list":{"0":"post-162875","1":"post","2":"type-post","3":"status-publish","4":"format-standard","5":"has-post-thumbnail","7":"category-aktualno","8":"category-bistrisko","9":"tag-bistrisko","10":"tag-hojnik","11":"tag-ogljensak","12":"tag-potok","13":"tag-zemeljski-plaz"},"yoast_head":"<!-- This site is optimized with the Yoast SEO plugin v27.4 - https:\/\/yoast.com\/product\/yoast-seo-wordpress\/ -->\n<title>BISTRI\u0160KO: Zaradi plazu bivanje v hi\u0161i v Ogljen\u0161aku ni ve\u010d mogo\u010de, ogro\u017eena tudi prevoznost lokalne ceste Tinje \u2013 Trije kralji - Novice.si<\/title>\n<meta name=\"robots\" content=\"index, follow, max-snippet:-1, max-image-preview:large, max-video-preview:-1\" \/>\n<link rel=\"canonical\" href=\"https:\/\/novice.si\/page\/bistrisko-zaradi-plazu-bivanje-v-hisi-v-ogljensaku-ni-vec-mogoce-ogrozena-tudi-prevoznost-lokalne-ceste-tinje-trije-kralji\/\" \/>\n<meta property=\"og:locale\" content=\"sl_SI\" \/>\n<meta property=\"og:type\" content=\"article\" \/>\n<meta property=\"og:title\" content=\"BISTRI\u0160KO: Zaradi plazu bivanje v hi\u0161i v Ogljen\u0161aku ni ve\u010d mogo\u010de, ogro\u017eena tudi prevoznost lokalne ceste Tinje \u2013 Trije kralji - Novice.si\" \/>\n<meta property=\"og:description\" content=\"Tudi na Bistri\u0161kem se soo\u010dajo s posledicami mo\u010dnej\u0161ega de\u017eevja. V minulih dneh so klicali na pomo\u010d gasilce ve\u010d lokalnih dru\u0161tev. Kje je bilo najhuje? V ob\u010dini Slovenska Bistrica je bilo najhuje v Ogljen\u0161aku, kjer je zemeljski plaz po\u0161kodoval pomo\u017eni objekt in je ogro\u017eena stanovanjska hi\u0161a. \u00bbTam smo lastniku ponudili za\u010dasno nadomestno stanovanje,\u00ab je dodal Branko [&hellip;]\" \/>\n<meta property=\"og:url\" content=\"https:\/\/novice.si\/page\/bistrisko-zaradi-plazu-bivanje-v-hisi-v-ogljensaku-ni-vec-mogoce-ogrozena-tudi-prevoznost-lokalne-ceste-tinje-trije-kralji\/\" \/>\n<meta property=\"og:site_name\" content=\"Novice.si\" \/>\n<meta property=\"article:published_time\" content=\"2023-05-18T11:00:07+00:00\" \/>\n<meta property=\"og:image\" content=\"https:\/\/novice.si\/page\/wp-content\/uploads\/2023\/05\/PGD-Zg-Polskava-1-2_resize.jpg\" \/>\n\t<meta property=\"og:image:width\" content=\"884\" \/>\n\t<meta property=\"og:image:height\" content=\"700\" \/>\n\t<meta property=\"og:image:type\" content=\"image\/jpeg\" \/>\n<meta name=\"author\" content=\"Uredni\u0161tvo Bistri\u0161kih novic\" \/>\n<meta name=\"twitter:card\" content=\"summary_large_image\" \/>\n<meta name=\"twitter:label1\" content=\"Written by\" \/>\n\t<meta name=\"twitter:data1\" content=\"Uredni\u0161tvo Bistri\u0161kih novic\" \/>\n\t<meta name=\"twitter:label2\" content=\"Est. reading time\" \/>\n\t<meta name=\"twitter:data2\" content=\"2 minuti\" \/>\n<script type=\"application\/ld+json\" class=\"yoast-schema-graph\">{\"@context\":\"https:\\\/\\\/schema.org\",\"@graph\":[{\"@type\":\"Article\",\"@id\":\"https:\\\/\\\/novice.si\\\/page\\\/bistrisko-zaradi-plazu-bivanje-v-hisi-v-ogljensaku-ni-vec-mogoce-ogrozena-tudi-prevoznost-lokalne-ceste-tinje-trije-kralji\\\/#article\",\"isPartOf\":{\"@id\":\"https:\\\/\\\/novice.si\\\/page\\\/bistrisko-zaradi-plazu-bivanje-v-hisi-v-ogljensaku-ni-vec-mogoce-ogrozena-tudi-prevoznost-lokalne-ceste-tinje-trije-kralji\\\/\"},\"author\":{\"name\":\"Uredni\u0161tvo Bistri\u0161kih novic\",\"@id\":\"https:\\\/\\\/novice.si\\\/page\\\/#\\\/schema\\\/person\\\/96b32396deedcde3f7f776c306b4be21\"},\"headline\":\"BISTRI\u0160KO: Zaradi plazu bivanje v hi\u0161i v Ogljen\u0161aku ni ve\u010d mogo\u010de, ogro\u017eena tudi prevoznost lokalne ceste Tinje \u2013 Trije kralji\",\"datePublished\":\"2023-05-18T11:00:07+00:00\",\"mainEntityOfPage\":{\"@id\":\"https:\\\/\\\/novice.si\\\/page\\\/bistrisko-zaradi-plazu-bivanje-v-hisi-v-ogljensaku-ni-vec-mogoce-ogrozena-tudi-prevoznost-lokalne-ceste-tinje-trije-kralji\\\/\"},\"wordCount\":240,\"publisher\":{\"@id\":\"https:\\\/\\\/novice.si\\\/page\\\/#organization\"},\"image\":{\"@id\":\"https:\\\/\\\/novice.si\\\/page\\\/bistrisko-zaradi-plazu-bivanje-v-hisi-v-ogljensaku-ni-vec-mogoce-ogrozena-tudi-prevoznost-lokalne-ceste-tinje-trije-kralji\\\/#primaryimage\"},\"thumbnailUrl\":\"https:\\\/\\\/novice.si\\\/page\\\/wp-content\\\/uploads\\\/2023\\\/05\\\/PGD-Zg-Polskava-1-2_resize.jpg\",\"keywords\":[\"Bistri\u0161ko\",\"hojnik\",\"ogljen\u0161ak\",\"potok\",\"zemeljski plaz\"],\"articleSection\":[\"Aktualno\",\"Bistri\u0161ko\"],\"inLanguage\":\"sl-SI\"},{\"@type\":\"WebPage\",\"@id\":\"https:\\\/\\\/novice.si\\\/page\\\/bistrisko-zaradi-plazu-bivanje-v-hisi-v-ogljensaku-ni-vec-mogoce-ogrozena-tudi-prevoznost-lokalne-ceste-tinje-trije-kralji\\\/\",\"url\":\"https:\\\/\\\/novice.si\\\/page\\\/bistrisko-zaradi-plazu-bivanje-v-hisi-v-ogljensaku-ni-vec-mogoce-ogrozena-tudi-prevoznost-lokalne-ceste-tinje-trije-kralji\\\/\",\"name\":\"BISTRI\u0160KO: Zaradi plazu bivanje v hi\u0161i v Ogljen\u0161aku ni ve\u010d mogo\u010de, ogro\u017eena tudi prevoznost lokalne ceste Tinje \u2013 Trije kralji - Novice.si\",\"isPartOf\":{\"@id\":\"https:\\\/\\\/novice.si\\\/page\\\/#website\"},\"primaryImageOfPage\":{\"@id\":\"https:\\\/\\\/novice.si\\\/page\\\/bistrisko-zaradi-plazu-bivanje-v-hisi-v-ogljensaku-ni-vec-mogoce-ogrozena-tudi-prevoznost-lokalne-ceste-tinje-trije-kralji\\\/#primaryimage\"},\"image\":{\"@id\":\"https:\\\/\\\/novice.si\\\/page\\\/bistrisko-zaradi-plazu-bivanje-v-hisi-v-ogljensaku-ni-vec-mogoce-ogrozena-tudi-prevoznost-lokalne-ceste-tinje-trije-kralji\\\/#primaryimage\"},\"thumbnailUrl\":\"https:\\\/\\\/novice.si\\\/page\\\/wp-content\\\/uploads\\\/2023\\\/05\\\/PGD-Zg-Polskava-1-2_resize.jpg\",\"datePublished\":\"2023-05-18T11:00:07+00:00\",\"breadcrumb\":{\"@id\":\"https:\\\/\\\/novice.si\\\/page\\\/bistrisko-zaradi-plazu-bivanje-v-hisi-v-ogljensaku-ni-vec-mogoce-ogrozena-tudi-prevoznost-lokalne-ceste-tinje-trije-kralji\\\/#breadcrumb\"},\"inLanguage\":\"sl-SI\",\"potentialAction\":[{\"@type\":\"ReadAction\",\"target\":[\"https:\\\/\\\/novice.si\\\/page\\\/bistrisko-zaradi-plazu-bivanje-v-hisi-v-ogljensaku-ni-vec-mogoce-ogrozena-tudi-prevoznost-lokalne-ceste-tinje-trije-kralji\\\/\"]}]},{\"@type\":\"ImageObject\",\"inLanguage\":\"sl-SI\",\"@id\":\"https:\\\/\\\/novice.si\\\/page\\\/bistrisko-zaradi-plazu-bivanje-v-hisi-v-ogljensaku-ni-vec-mogoce-ogrozena-tudi-prevoznost-lokalne-ceste-tinje-trije-kralji\\\/#primaryimage\",\"url\":\"https:\\\/\\\/novice.si\\\/page\\\/wp-content\\\/uploads\\\/2023\\\/05\\\/PGD-Zg-Polskava-1-2_resize.jpg\",\"contentUrl\":\"https:\\\/\\\/novice.si\\\/page\\\/wp-content\\\/uploads\\\/2023\\\/05\\\/PGD-Zg-Polskava-1-2_resize.jpg\",\"width\":884,\"height\":700,\"caption\":\"V naselju Ogljen\u0161ak je pri\u0161lo do plazenja zemljine. Foto: PGD Zg. Polskava\"},{\"@type\":\"BreadcrumbList\",\"@id\":\"https:\\\/\\\/novice.si\\\/page\\\/bistrisko-zaradi-plazu-bivanje-v-hisi-v-ogljensaku-ni-vec-mogoce-ogrozena-tudi-prevoznost-lokalne-ceste-tinje-trije-kralji\\\/#breadcrumb\",\"itemListElement\":[{\"@type\":\"ListItem\",\"position\":1,\"name\":\"Home\",\"item\":\"https:\\\/\\\/novice.si\\\/page\\\/\"},{\"@type\":\"ListItem\",\"position\":2,\"name\":\"BISTRI\u0160KO: Zaradi plazu bivanje v hi\u0161i v Ogljen\u0161aku ni ve\u010d mogo\u010de, ogro\u017eena tudi prevoznost lokalne ceste Tinje \u2013 Trije kralji\"}]},{\"@type\":\"WebSite\",\"@id\":\"https:\\\/\\\/novice.si\\\/page\\\/#website\",\"url\":\"https:\\\/\\\/novice.si\\\/page\\\/\",\"name\":\"Novice.si\",\"description\":\"\",\"publisher\":{\"@id\":\"https:\\\/\\\/novice.si\\\/page\\\/#organization\"},\"potentialAction\":[{\"@type\":\"SearchAction\",\"target\":{\"@type\":\"EntryPoint\",\"urlTemplate\":\"https:\\\/\\\/novice.si\\\/page\\\/?s={search_term_string}\"},\"query-input\":{\"@type\":\"PropertyValueSpecification\",\"valueRequired\":true,\"valueName\":\"search_term_string\"}}],\"inLanguage\":\"sl-SI\"},{\"@type\":\"Organization\",\"@id\":\"https:\\\/\\\/novice.si\\\/page\\\/#organization\",\"name\":\"Novice.si\",\"url\":\"https:\\\/\\\/novice.si\\\/page\\\/\",\"logo\":{\"@type\":\"ImageObject\",\"inLanguage\":\"sl-SI\",\"@id\":\"https:\\\/\\\/novice.si\\\/page\\\/#\\\/schema\\\/logo\\\/image\\\/\",\"url\":\"https:\\\/\\\/novice.si\\\/page\\\/wp-content\\\/uploads\\\/2023\\\/03\\\/novice_si.png\",\"contentUrl\":\"https:\\\/\\\/novice.si\\\/page\\\/wp-content\\\/uploads\\\/2023\\\/03\\\/novice_si.png\",\"width\":576,\"height\":200,\"caption\":\"Novice.si\"},\"image\":{\"@id\":\"https:\\\/\\\/novice.si\\\/page\\\/#\\\/schema\\\/logo\\\/image\\\/\"}},{\"@type\":\"Person\",\"@id\":\"https:\\\/\\\/novice.si\\\/page\\\/#\\\/schema\\\/person\\\/96b32396deedcde3f7f776c306b4be21\",\"name\":\"Uredni\u0161tvo Bistri\u0161kih novic\",\"image\":{\"@type\":\"ImageObject\",\"inLanguage\":\"sl-SI\",\"@id\":\"https:\\\/\\\/secure.gravatar.com\\\/avatar\\\/26c56c4b10cdb3a21e86442e5f2845a4eafdd0f3605def77ec6cff4aaef32ea4?s=96&d=mm&r=g\",\"url\":\"https:\\\/\\\/secure.gravatar.com\\\/avatar\\\/26c56c4b10cdb3a21e86442e5f2845a4eafdd0f3605def77ec6cff4aaef32ea4?s=96&d=mm&r=g\",\"contentUrl\":\"https:\\\/\\\/secure.gravatar.com\\\/avatar\\\/26c56c4b10cdb3a21e86442e5f2845a4eafdd0f3605def77ec6cff4aaef32ea4?s=96&d=mm&r=g\",\"caption\":\"Uredni\u0161tvo Bistri\u0161kih novic\"},\"url\":\"https:\\\/\\\/novice.si\\\/page\\\/author\\\/bojana\\\/\"}]}<\/script>\n<!-- \/ Yoast SEO plugin. -->","yoast_head_json":{"title":"BISTRI\u0160KO: Zaradi plazu bivanje v hi\u0161i v Ogljen\u0161aku ni ve\u010d mogo\u010de, ogro\u017eena tudi prevoznost lokalne ceste Tinje \u2013 Trije kralji - Novice.si","robots":{"index":"index","follow":"follow","max-snippet":"max-snippet:-1","max-image-preview":"max-image-preview:large","max-video-preview":"max-video-preview:-1"},"canonical":"https:\/\/novice.si\/page\/bistrisko-zaradi-plazu-bivanje-v-hisi-v-ogljensaku-ni-vec-mogoce-ogrozena-tudi-prevoznost-lokalne-ceste-tinje-trije-kralji\/","og_locale":"sl_SI","og_type":"article","og_title":"BISTRI\u0160KO: Zaradi plazu bivanje v hi\u0161i v Ogljen\u0161aku ni ve\u010d mogo\u010de, ogro\u017eena tudi prevoznost lokalne ceste Tinje \u2013 Trije kralji - Novice.si","og_description":"Tudi na Bistri\u0161kem se soo\u010dajo s posledicami mo\u010dnej\u0161ega de\u017eevja. V minulih dneh so klicali na pomo\u010d gasilce ve\u010d lokalnih dru\u0161tev. Kje je bilo najhuje? V ob\u010dini Slovenska Bistrica je bilo najhuje v Ogljen\u0161aku, kjer je zemeljski plaz po\u0161kodoval pomo\u017eni objekt in je ogro\u017eena stanovanjska hi\u0161a. \u00bbTam smo lastniku ponudili za\u010dasno nadomestno stanovanje,\u00ab je dodal Branko [&hellip;]","og_url":"https:\/\/novice.si\/page\/bistrisko-zaradi-plazu-bivanje-v-hisi-v-ogljensaku-ni-vec-mogoce-ogrozena-tudi-prevoznost-lokalne-ceste-tinje-trije-kralji\/","og_site_name":"Novice.si","article_published_time":"2023-05-18T11:00:07+00:00","og_image":[{"width":884,"height":700,"url":"https:\/\/novice.si\/page\/wp-content\/uploads\/2023\/05\/PGD-Zg-Polskava-1-2_resize.jpg","type":"image\/jpeg"}],"author":"Uredni\u0161tvo Bistri\u0161kih novic","twitter_card":"summary_large_image","twitter_misc":{"Written by":"Uredni\u0161tvo Bistri\u0161kih novic","Est. reading time":"2 minuti"},"schema":{"@context":"https:\/\/schema.org","@graph":[{"@type":"Article","@id":"https:\/\/novice.si\/page\/bistrisko-zaradi-plazu-bivanje-v-hisi-v-ogljensaku-ni-vec-mogoce-ogrozena-tudi-prevoznost-lokalne-ceste-tinje-trije-kralji\/#article","isPartOf":{"@id":"https:\/\/novice.si\/page\/bistrisko-zaradi-plazu-bivanje-v-hisi-v-ogljensaku-ni-vec-mogoce-ogrozena-tudi-prevoznost-lokalne-ceste-tinje-trije-kralji\/"},"author":{"name":"Uredni\u0161tvo Bistri\u0161kih novic","@id":"https:\/\/novice.si\/page\/#\/schema\/person\/96b32396deedcde3f7f776c306b4be21"},"headline":"BISTRI\u0160KO: Zaradi plazu bivanje v hi\u0161i v Ogljen\u0161aku ni ve\u010d mogo\u010de, ogro\u017eena tudi prevoznost lokalne ceste Tinje \u2013 Trije kralji","datePublished":"2023-05-18T11:00:07+00:00","mainEntityOfPage":{"@id":"https:\/\/novice.si\/page\/bistrisko-zaradi-plazu-bivanje-v-hisi-v-ogljensaku-ni-vec-mogoce-ogrozena-tudi-prevoznost-lokalne-ceste-tinje-trije-kralji\/"},"wordCount":240,"publisher":{"@id":"https:\/\/novice.si\/page\/#organization"},"image":{"@id":"https:\/\/novice.si\/page\/bistrisko-zaradi-plazu-bivanje-v-hisi-v-ogljensaku-ni-vec-mogoce-ogrozena-tudi-prevoznost-lokalne-ceste-tinje-trije-kralji\/#primaryimage"},"thumbnailUrl":"https:\/\/novice.si\/page\/wp-content\/uploads\/2023\/05\/PGD-Zg-Polskava-1-2_resize.jpg","keywords":["Bistri\u0161ko","hojnik","ogljen\u0161ak","potok","zemeljski plaz"],"articleSection":["Aktualno","Bistri\u0161ko"],"inLanguage":"sl-SI"},{"@type":"WebPage","@id":"https:\/\/novice.si\/page\/bistrisko-zaradi-plazu-bivanje-v-hisi-v-ogljensaku-ni-vec-mogoce-ogrozena-tudi-prevoznost-lokalne-ceste-tinje-trije-kralji\/","url":"https:\/\/novice.si\/page\/bistrisko-zaradi-plazu-bivanje-v-hisi-v-ogljensaku-ni-vec-mogoce-ogrozena-tudi-prevoznost-lokalne-ceste-tinje-trije-kralji\/","name":"BISTRI\u0160KO: Zaradi plazu bivanje v hi\u0161i v Ogljen\u0161aku ni ve\u010d mogo\u010de, ogro\u017eena tudi prevoznost lokalne ceste Tinje \u2013 Trije kralji - Novice.si","isPartOf":{"@id":"https:\/\/novice.si\/page\/#website"},"primaryImageOfPage":{"@id":"https:\/\/novice.si\/page\/bistrisko-zaradi-plazu-bivanje-v-hisi-v-ogljensaku-ni-vec-mogoce-ogrozena-tudi-prevoznost-lokalne-ceste-tinje-trije-kralji\/#primaryimage"},"image":{"@id":"https:\/\/novice.si\/page\/bistrisko-zaradi-plazu-bivanje-v-hisi-v-ogljensaku-ni-vec-mogoce-ogrozena-tudi-prevoznost-lokalne-ceste-tinje-trije-kralji\/#primaryimage"},"thumbnailUrl":"https:\/\/novice.si\/page\/wp-content\/uploads\/2023\/05\/PGD-Zg-Polskava-1-2_resize.jpg","datePublished":"2023-05-18T11:00:07+00:00","breadcrumb":{"@id":"https:\/\/novice.si\/page\/bistrisko-zaradi-plazu-bivanje-v-hisi-v-ogljensaku-ni-vec-mogoce-ogrozena-tudi-prevoznost-lokalne-ceste-tinje-trije-kralji\/#breadcrumb"},"inLanguage":"sl-SI","potentialAction":[{"@type":"ReadAction","target":["https:\/\/novice.si\/page\/bistrisko-zaradi-plazu-bivanje-v-hisi-v-ogljensaku-ni-vec-mogoce-ogrozena-tudi-prevoznost-lokalne-ceste-tinje-trije-kralji\/"]}]},{"@type":"ImageObject","inLanguage":"sl-SI","@id":"https:\/\/novice.si\/page\/bistrisko-zaradi-plazu-bivanje-v-hisi-v-ogljensaku-ni-vec-mogoce-ogrozena-tudi-prevoznost-lokalne-ceste-tinje-trije-kralji\/#primaryimage","url":"https:\/\/novice.si\/page\/wp-content\/uploads\/2023\/05\/PGD-Zg-Polskava-1-2_resize.jpg","contentUrl":"https:\/\/novice.si\/page\/wp-content\/uploads\/2023\/05\/PGD-Zg-Polskava-1-2_resize.jpg","width":884,"height":700,"caption":"V naselju Ogljen\u0161ak je pri\u0161lo do plazenja zemljine. Foto: PGD Zg. Polskava"},{"@type":"BreadcrumbList","@id":"https:\/\/novice.si\/page\/bistrisko-zaradi-plazu-bivanje-v-hisi-v-ogljensaku-ni-vec-mogoce-ogrozena-tudi-prevoznost-lokalne-ceste-tinje-trije-kralji\/#breadcrumb","itemListElement":[{"@type":"ListItem","position":1,"name":"Home","item":"https:\/\/novice.si\/page\/"},{"@type":"ListItem","position":2,"name":"BISTRI\u0160KO: Zaradi plazu bivanje v hi\u0161i v Ogljen\u0161aku ni ve\u010d mogo\u010de, ogro\u017eena tudi prevoznost lokalne ceste Tinje \u2013 Trije kralji"}]},{"@type":"WebSite","@id":"https:\/\/novice.si\/page\/#website","url":"https:\/\/novice.si\/page\/","name":"Novice.si","description":"","publisher":{"@id":"https:\/\/novice.si\/page\/#organization"},"potentialAction":[{"@type":"SearchAction","target":{"@type":"EntryPoint","urlTemplate":"https:\/\/novice.si\/page\/?s={search_term_string}"},"query-input":{"@type":"PropertyValueSpecification","valueRequired":true,"valueName":"search_term_string"}}],"inLanguage":"sl-SI"},{"@type":"Organization","@id":"https:\/\/novice.si\/page\/#organization","name":"Novice.si","url":"https:\/\/novice.si\/page\/","logo":{"@type":"ImageObject","inLanguage":"sl-SI","@id":"https:\/\/novice.si\/page\/#\/schema\/logo\/image\/","url":"https:\/\/novice.si\/page\/wp-content\/uploads\/2023\/03\/novice_si.png","contentUrl":"https:\/\/novice.si\/page\/wp-content\/uploads\/2023\/03\/novice_si.png","width":576,"height":200,"caption":"Novice.si"},"image":{"@id":"https:\/\/novice.si\/page\/#\/schema\/logo\/image\/"}},{"@type":"Person","@id":"https:\/\/novice.si\/page\/#\/schema\/person\/96b32396deedcde3f7f776c306b4be21","name":"Uredni\u0161tvo Bistri\u0161kih novic","image":{"@type":"ImageObject","inLanguage":"sl-SI","@id":"https:\/\/secure.gravatar.com\/avatar\/26c56c4b10cdb3a21e86442e5f2845a4eafdd0f3605def77ec6cff4aaef32ea4?s=96&d=mm&r=g","url":"https:\/\/secure.gravatar.com\/avatar\/26c56c4b10cdb3a21e86442e5f2845a4eafdd0f3605def77ec6cff4aaef32ea4?s=96&d=mm&r=g","contentUrl":"https:\/\/secure.gravatar.com\/avatar\/26c56c4b10cdb3a21e86442e5f2845a4eafdd0f3605def77ec6cff4aaef32ea4?s=96&d=mm&r=g","caption":"Uredni\u0161tvo Bistri\u0161kih novic"},"url":"https:\/\/novice.si\/page\/author\/bojana\/"}]}},"_links":{"self":[{"href":"https:\/\/novice.si\/page\/wp-json\/wp\/v2\/posts\/162875","targetHints":{"allow":["GET"]}}],"collection":[{"href":"https:\/\/novice.si\/page\/wp-json\/wp\/v2\/posts"}],"about":[{"href":"https:\/\/novice.si\/page\/wp-json\/wp\/v2\/types\/post"}],"author":[{"embeddable":true,"href":"https:\/\/novice.si\/page\/wp-json\/wp\/v2\/users\/8"}],"replies":[{"embeddable":true,"href":"https:\/\/novice.si\/page\/wp-json\/wp\/v2\/comments?post=162875"}],"version-history":[{"count":1,"href":"https:\/\/novice.si\/page\/wp-json\/wp\/v2\/posts\/162875\/revisions"}],"predecessor-version":[{"id":162879,"href":"https:\/\/novice.si\/page\/wp-json\/wp\/v2\/posts\/162875\/revisions\/162879"}],"wp:featuredmedia":[{"embeddable":true,"href":"https:\/\/novice.si\/page\/wp-json\/wp\/v2\/media\/162877"}],"wp:attachment":[{"href":"https:\/\/novice.si\/page\/wp-json\/wp\/v2\/media?parent=162875"}],"wp:term":[{"taxonomy":"category","embeddable":true,"href":"https:\/\/novice.si\/page\/wp-json\/wp\/v2\/categories?post=162875"},{"taxonomy":"post_tag","embeddable":true,"href":"https:\/\/novice.si\/page\/wp-json\/wp\/v2\/tags?post=162875"}],"curies":[{"name":"wp","href":"https:\/\/api.w.org\/{rel}","templated":true}]}}