{"id":162840,"date":"2023-05-18T08:10:18","date_gmt":"2023-05-18T06:10:18","guid":{"rendered":"https:\/\/novice.si\/page\/?p=162840"},"modified":"2023-05-17T14:14:09","modified_gmt":"2023-05-17T12:14:09","slug":"mladi-ne-vidijo-perspektive-v-kmetovanju","status":"publish","type":"post","link":"https:\/\/novice.si\/page\/mladi-ne-vidijo-perspektive-v-kmetovanju\/","title":{"rendered":"Mladi ne vidijo perspektive v kmetovanju"},"content":{"rendered":"<figure id=\"attachment_162841\" aria-describedby=\"caption-attachment-162841\" style=\"width: 345px\" class=\"wp-caption alignleft\"><img loading=\"lazy\" decoding=\"async\" class=\" wp-image-162841\" src=\"https:\/\/novice.si\/page\/wp-content\/uploads\/2023\/05\/izpostavljeno-kmetijstvo-v-celju-1166-foto-uros-urlep-600x400.jpg\" alt=\"kmetijstvo v Celju\" width=\"345\" height=\"230\" srcset=\"https:\/\/novice.si\/page\/wp-content\/uploads\/2023\/05\/izpostavljeno-kmetijstvo-v-celju-1166-foto-uros-urlep-600x400.jpg 600w, https:\/\/novice.si\/page\/wp-content\/uploads\/2023\/05\/izpostavljeno-kmetijstvo-v-celju-1166-foto-uros-urlep-696x464.jpg 696w, https:\/\/novice.si\/page\/wp-content\/uploads\/2023\/05\/izpostavljeno-kmetijstvo-v-celju-1166-foto-uros-urlep-630x420.jpg 630w, https:\/\/novice.si\/page\/wp-content\/uploads\/2023\/05\/izpostavljeno-kmetijstvo-v-celju-1166-foto-uros-urlep-24x16.jpg 24w, https:\/\/novice.si\/page\/wp-content\/uploads\/2023\/05\/izpostavljeno-kmetijstvo-v-celju-1166-foto-uros-urlep-36x24.jpg 36w, https:\/\/novice.si\/page\/wp-content\/uploads\/2023\/05\/izpostavljeno-kmetijstvo-v-celju-1166-foto-uros-urlep-48x32.jpg 48w, https:\/\/novice.si\/page\/wp-content\/uploads\/2023\/05\/izpostavljeno-kmetijstvo-v-celju-1166-foto-uros-urlep.jpg 709w\" sizes=\"auto, (max-width: 345px) 100vw, 345px\" \/><figcaption id=\"caption-attachment-162841\" class=\"wp-caption-text\">Foto Uro\u0161 Urlep<\/figcaption><\/figure>\n<p><em>Skoraj 43 % kmetij le\u017ei na obmo\u010djih s te\u017ejimi naravnimi dejavniki za kmetovanje. \u0160tevilo kmetij pa v Celju ostaja dokaj konstantno.<\/em><\/p>\n<p>Zaradi nezadovoljstva, vrste zahtev do kmetov in pere\u010dih te\u017eav v kmetijstvu je Sindikat kmetov Slovenije \u017ee v marcu organiziral opozorilni protestni shod. Kak\u0161no pa je trenutno stanje v kmetijstvu v Celju?<\/p>\n<p><strong>Te\u017eave kmetov<\/strong><\/p>\n<p>Kot je pojasnil <strong>Mitja Dimec<\/strong>, vodja celjske izpostave Kmetijsko gozdarske zbornice Slovenije, v preteklosti kmetijstvo ni imelo posebnega mesta na tem obmo\u010dju, saj je Celje bilo mo\u010dno gospodarsko sredi\u0161\u010de, vsi so imeli slu\u017ebe in v kmetijski panogi ni bilo kak\u0161nega izrednega napredka. Seveda pa se situacija spreminja.<\/p>\n<p>\u00bbSplo\u0161na ugotovitev je, da se je mle\u010dna proizvodnja koncentrirala na manj\u0161em \u0161tevilu kmetij, saj so se kmetije z manj\u0161im \u0161tevilom krav preusmerile v rejo krav dojilj, ponekod pa tudi v rejo drobnice. Zaradi visokih cen reprodukcijskega materiala in neekonomi\u010dne pridelave so kmetje zni\u017eali intenzivnost pridelave in tako uporabljajo na primer manj ali ni\u010d gnojil, fitofarmacevtskih sredstev, krmil, kar pa seveda vodi v ni\u017eje pridelke. Posledi\u010dno se bodo u\u010dinki krize na kmetijstvo v naslednjih letih \u0161e stopnjevali. Zaradi te\u017ejih gospodarskih pogojev se le redki kmetje odlo\u010dajo za investicije v kmetijsko pridelavo, v adaptacije in novogradnje hlevov, v nakup kmetijske mehanizacije, nove nasade \u2026 Dejstvo je, da se zaradi pomanjkanja kmetijskih zemlji\u0161\u010d kmetije ne morejo pove\u010devati, s \u010dimer izgubljajo svojo ekonomsko mo\u010d,\u00ab je poudaril Dimec.<\/p>\n<p><strong>Nekaj statistike<\/strong><\/p>\n<p>Na obmo\u010dju Mestne ob\u010dine Celje je okrog 2.400 hektarjev obdelovalnih povr\u0161in, gre predvsem za travnike, njive, travni\u0161ke sadovnjake, trajne nasade \u2026 Kot \u0161e pojasnjuje Dimec, na obmo\u010dju Mestne ob\u010dine Celje prevladujejo majhne kmetije, saj kmetje obdelujejo v povpre\u010dju 6,50 hektarja kmetijskih zemlji\u0161\u010d. Skoraj polovica vseh kmetij (43 %) le\u017ei na obmo\u010djih s te\u017ejimi naravnimi dejavniki za kmetovanje. Posledica tega je dra\u017eja kmetijska pridelava in\u00a0 nekonkuren\u010dnost na trgu, kar je pri\u0161lo do izraza po vstopu Slovenije v EU.<\/p>\n<p>\u00bbSicer so se kmetije v preteklih letih pove\u010devale, vendar ve\u010dinoma le na ra\u010dun najema kmetijskih zemlji\u0161\u010d in opu\u0161\u010danja kmetovanja na manj\u0161ih kmetijah. Sicer bi na prste ene roke lahko na\u0161teli kmetije, ki obdelujejo preko 50 hektarjev kmetijskih zemlji\u0161\u010d,\u00ab je jasen Dimec.<\/p>\n<p>Ve\u010d o \u0161tevilu kmetij na Celjskem in o tem ali mladi v kmetijstvu sploh vidijo kakr\u0161no koli perspektivo, pa v aktualni \u0161tevilki \u010dasopisa Celjan.<\/p>\n","protected":false},"excerpt":{"rendered":"<p>Skoraj 43 % kmetij le\u017ei na obmo\u010djih s te\u017ejimi naravnimi dejavniki za kmetovanje. \u0160tevilo kmetij pa v Celju ostaja dokaj konstantno. Zaradi nezadovoljstva, vrste zahtev do kmetov in pere\u010dih te\u017eav v kmetijstvu je Sindikat kmetov Slovenije \u017ee v marcu organiziral opozorilni protestni shod. Kak\u0161no pa je trenutno stanje v kmetijstvu v Celju? Te\u017eave kmetov Kot [&hellip;]<\/p>\n","protected":false},"author":55,"featured_media":162841,"comment_status":"closed","ping_status":"closed","sticky":false,"template":"","format":"standard","meta":{"footnotes":""},"categories":[14,142,17],"tags":[],"class_list":{"0":"post-162840","1":"post","2":"type-post","3":"status-publish","4":"format-standard","5":"has-post-thumbnail","7":"category-aktualno","8":"category-celjan","9":"category-celjsko"},"yoast_head":"<!-- This site is optimized with the Yoast SEO plugin v27.4 - https:\/\/yoast.com\/product\/yoast-seo-wordpress\/ -->\n<title>Mladi ne vidijo perspektive v kmetovanju - Novice.si<\/title>\n<meta name=\"robots\" content=\"index, follow, max-snippet:-1, max-image-preview:large, max-video-preview:-1\" \/>\n<link rel=\"canonical\" href=\"https:\/\/novice.si\/page\/mladi-ne-vidijo-perspektive-v-kmetovanju\/\" \/>\n<meta property=\"og:locale\" content=\"sl_SI\" \/>\n<meta property=\"og:type\" content=\"article\" \/>\n<meta property=\"og:title\" content=\"Mladi ne vidijo perspektive v kmetovanju - Novice.si\" \/>\n<meta property=\"og:description\" content=\"Skoraj 43 % kmetij le\u017ei na obmo\u010djih s te\u017ejimi naravnimi dejavniki za kmetovanje. \u0160tevilo kmetij pa v Celju ostaja dokaj konstantno. Zaradi nezadovoljstva, vrste zahtev do kmetov in pere\u010dih te\u017eav v kmetijstvu je Sindikat kmetov Slovenije \u017ee v marcu organiziral opozorilni protestni shod. Kak\u0161no pa je trenutno stanje v kmetijstvu v Celju? Te\u017eave kmetov Kot [&hellip;]\" \/>\n<meta property=\"og:url\" content=\"https:\/\/novice.si\/page\/mladi-ne-vidijo-perspektive-v-kmetovanju\/\" \/>\n<meta property=\"og:site_name\" content=\"Novice.si\" \/>\n<meta property=\"article:published_time\" content=\"2023-05-18T06:10:18+00:00\" \/>\n<meta property=\"og:image\" content=\"https:\/\/novice.si\/page\/wp-content\/uploads\/2023\/05\/izpostavljeno-kmetijstvo-v-celju-1166-foto-uros-urlep.jpg\" \/>\n\t<meta property=\"og:image:width\" content=\"709\" \/>\n\t<meta property=\"og:image:height\" content=\"473\" \/>\n\t<meta property=\"og:image:type\" content=\"image\/jpeg\" \/>\n<meta name=\"author\" content=\"Uredni\u0161tvo Celjana\" \/>\n<meta name=\"twitter:card\" content=\"summary_large_image\" \/>\n<meta name=\"twitter:label1\" content=\"Written by\" \/>\n\t<meta name=\"twitter:data1\" content=\"Uredni\u0161tvo Celjana\" \/>\n\t<meta name=\"twitter:label2\" content=\"Est. reading time\" \/>\n\t<meta name=\"twitter:data2\" content=\"3 minute\" \/>\n<script type=\"application\/ld+json\" class=\"yoast-schema-graph\">{\"@context\":\"https:\\\/\\\/schema.org\",\"@graph\":[{\"@type\":\"Article\",\"@id\":\"https:\\\/\\\/novice.si\\\/page\\\/mladi-ne-vidijo-perspektive-v-kmetovanju\\\/#article\",\"isPartOf\":{\"@id\":\"https:\\\/\\\/novice.si\\\/page\\\/mladi-ne-vidijo-perspektive-v-kmetovanju\\\/\"},\"author\":{\"name\":\"Uredni\u0161tvo Celjana\",\"@id\":\"https:\\\/\\\/novice.si\\\/page\\\/#\\\/schema\\\/person\\\/a49f233ef2777ec7b2e8d0662325bb48\"},\"headline\":\"Mladi ne vidijo perspektive v kmetovanju\",\"datePublished\":\"2023-05-18T06:10:18+00:00\",\"mainEntityOfPage\":{\"@id\":\"https:\\\/\\\/novice.si\\\/page\\\/mladi-ne-vidijo-perspektive-v-kmetovanju\\\/\"},\"wordCount\":419,\"publisher\":{\"@id\":\"https:\\\/\\\/novice.si\\\/page\\\/#organization\"},\"image\":{\"@id\":\"https:\\\/\\\/novice.si\\\/page\\\/mladi-ne-vidijo-perspektive-v-kmetovanju\\\/#primaryimage\"},\"thumbnailUrl\":\"https:\\\/\\\/novice.si\\\/page\\\/wp-content\\\/uploads\\\/2023\\\/05\\\/izpostavljeno-kmetijstvo-v-celju-1166-foto-uros-urlep.jpg\",\"articleSection\":[\"Aktualno\",\"Celjan\",\"Celjsko\"],\"inLanguage\":\"sl-SI\"},{\"@type\":\"WebPage\",\"@id\":\"https:\\\/\\\/novice.si\\\/page\\\/mladi-ne-vidijo-perspektive-v-kmetovanju\\\/\",\"url\":\"https:\\\/\\\/novice.si\\\/page\\\/mladi-ne-vidijo-perspektive-v-kmetovanju\\\/\",\"name\":\"Mladi ne vidijo perspektive v kmetovanju - Novice.si\",\"isPartOf\":{\"@id\":\"https:\\\/\\\/novice.si\\\/page\\\/#website\"},\"primaryImageOfPage\":{\"@id\":\"https:\\\/\\\/novice.si\\\/page\\\/mladi-ne-vidijo-perspektive-v-kmetovanju\\\/#primaryimage\"},\"image\":{\"@id\":\"https:\\\/\\\/novice.si\\\/page\\\/mladi-ne-vidijo-perspektive-v-kmetovanju\\\/#primaryimage\"},\"thumbnailUrl\":\"https:\\\/\\\/novice.si\\\/page\\\/wp-content\\\/uploads\\\/2023\\\/05\\\/izpostavljeno-kmetijstvo-v-celju-1166-foto-uros-urlep.jpg\",\"datePublished\":\"2023-05-18T06:10:18+00:00\",\"breadcrumb\":{\"@id\":\"https:\\\/\\\/novice.si\\\/page\\\/mladi-ne-vidijo-perspektive-v-kmetovanju\\\/#breadcrumb\"},\"inLanguage\":\"sl-SI\",\"potentialAction\":[{\"@type\":\"ReadAction\",\"target\":[\"https:\\\/\\\/novice.si\\\/page\\\/mladi-ne-vidijo-perspektive-v-kmetovanju\\\/\"]}]},{\"@type\":\"ImageObject\",\"inLanguage\":\"sl-SI\",\"@id\":\"https:\\\/\\\/novice.si\\\/page\\\/mladi-ne-vidijo-perspektive-v-kmetovanju\\\/#primaryimage\",\"url\":\"https:\\\/\\\/novice.si\\\/page\\\/wp-content\\\/uploads\\\/2023\\\/05\\\/izpostavljeno-kmetijstvo-v-celju-1166-foto-uros-urlep.jpg\",\"contentUrl\":\"https:\\\/\\\/novice.si\\\/page\\\/wp-content\\\/uploads\\\/2023\\\/05\\\/izpostavljeno-kmetijstvo-v-celju-1166-foto-uros-urlep.jpg\",\"width\":709,\"height\":473,\"caption\":\"Foto Uro\u0161 Urlep\"},{\"@type\":\"BreadcrumbList\",\"@id\":\"https:\\\/\\\/novice.si\\\/page\\\/mladi-ne-vidijo-perspektive-v-kmetovanju\\\/#breadcrumb\",\"itemListElement\":[{\"@type\":\"ListItem\",\"position\":1,\"name\":\"Home\",\"item\":\"https:\\\/\\\/novice.si\\\/page\\\/\"},{\"@type\":\"ListItem\",\"position\":2,\"name\":\"Mladi ne vidijo perspektive v kmetovanju\"}]},{\"@type\":\"WebSite\",\"@id\":\"https:\\\/\\\/novice.si\\\/page\\\/#website\",\"url\":\"https:\\\/\\\/novice.si\\\/page\\\/\",\"name\":\"Novice.si\",\"description\":\"\",\"publisher\":{\"@id\":\"https:\\\/\\\/novice.si\\\/page\\\/#organization\"},\"potentialAction\":[{\"@type\":\"SearchAction\",\"target\":{\"@type\":\"EntryPoint\",\"urlTemplate\":\"https:\\\/\\\/novice.si\\\/page\\\/?s={search_term_string}\"},\"query-input\":{\"@type\":\"PropertyValueSpecification\",\"valueRequired\":true,\"valueName\":\"search_term_string\"}}],\"inLanguage\":\"sl-SI\"},{\"@type\":\"Organization\",\"@id\":\"https:\\\/\\\/novice.si\\\/page\\\/#organization\",\"name\":\"Novice.si\",\"url\":\"https:\\\/\\\/novice.si\\\/page\\\/\",\"logo\":{\"@type\":\"ImageObject\",\"inLanguage\":\"sl-SI\",\"@id\":\"https:\\\/\\\/novice.si\\\/page\\\/#\\\/schema\\\/logo\\\/image\\\/\",\"url\":\"https:\\\/\\\/novice.si\\\/page\\\/wp-content\\\/uploads\\\/2023\\\/03\\\/novice_si.png\",\"contentUrl\":\"https:\\\/\\\/novice.si\\\/page\\\/wp-content\\\/uploads\\\/2023\\\/03\\\/novice_si.png\",\"width\":576,\"height\":200,\"caption\":\"Novice.si\"},\"image\":{\"@id\":\"https:\\\/\\\/novice.si\\\/page\\\/#\\\/schema\\\/logo\\\/image\\\/\"}},{\"@type\":\"Person\",\"@id\":\"https:\\\/\\\/novice.si\\\/page\\\/#\\\/schema\\\/person\\\/a49f233ef2777ec7b2e8d0662325bb48\",\"name\":\"Uredni\u0161tvo Celjana\",\"image\":{\"@type\":\"ImageObject\",\"inLanguage\":\"sl-SI\",\"@id\":\"https:\\\/\\\/secure.gravatar.com\\\/avatar\\\/7f7863e616af8f92806c638dd1db3f1a238d83d1cc2ec3100afc06fbb7eb303f?s=96&d=mm&r=g\",\"url\":\"https:\\\/\\\/secure.gravatar.com\\\/avatar\\\/7f7863e616af8f92806c638dd1db3f1a238d83d1cc2ec3100afc06fbb7eb303f?s=96&d=mm&r=g\",\"contentUrl\":\"https:\\\/\\\/secure.gravatar.com\\\/avatar\\\/7f7863e616af8f92806c638dd1db3f1a238d83d1cc2ec3100afc06fbb7eb303f?s=96&d=mm&r=g\",\"caption\":\"Uredni\u0161tvo Celjana\"},\"url\":\"https:\\\/\\\/novice.si\\\/page\\\/author\\\/maja\\\/\"}]}<\/script>\n<!-- \/ Yoast SEO plugin. -->","yoast_head_json":{"title":"Mladi ne vidijo perspektive v kmetovanju - Novice.si","robots":{"index":"index","follow":"follow","max-snippet":"max-snippet:-1","max-image-preview":"max-image-preview:large","max-video-preview":"max-video-preview:-1"},"canonical":"https:\/\/novice.si\/page\/mladi-ne-vidijo-perspektive-v-kmetovanju\/","og_locale":"sl_SI","og_type":"article","og_title":"Mladi ne vidijo perspektive v kmetovanju - Novice.si","og_description":"Skoraj 43 % kmetij le\u017ei na obmo\u010djih s te\u017ejimi naravnimi dejavniki za kmetovanje. \u0160tevilo kmetij pa v Celju ostaja dokaj konstantno. Zaradi nezadovoljstva, vrste zahtev do kmetov in pere\u010dih te\u017eav v kmetijstvu je Sindikat kmetov Slovenije \u017ee v marcu organiziral opozorilni protestni shod. Kak\u0161no pa je trenutno stanje v kmetijstvu v Celju? Te\u017eave kmetov Kot [&hellip;]","og_url":"https:\/\/novice.si\/page\/mladi-ne-vidijo-perspektive-v-kmetovanju\/","og_site_name":"Novice.si","article_published_time":"2023-05-18T06:10:18+00:00","og_image":[{"width":709,"height":473,"url":"https:\/\/novice.si\/page\/wp-content\/uploads\/2023\/05\/izpostavljeno-kmetijstvo-v-celju-1166-foto-uros-urlep.jpg","type":"image\/jpeg"}],"author":"Uredni\u0161tvo Celjana","twitter_card":"summary_large_image","twitter_misc":{"Written by":"Uredni\u0161tvo Celjana","Est. reading time":"3 minute"},"schema":{"@context":"https:\/\/schema.org","@graph":[{"@type":"Article","@id":"https:\/\/novice.si\/page\/mladi-ne-vidijo-perspektive-v-kmetovanju\/#article","isPartOf":{"@id":"https:\/\/novice.si\/page\/mladi-ne-vidijo-perspektive-v-kmetovanju\/"},"author":{"name":"Uredni\u0161tvo Celjana","@id":"https:\/\/novice.si\/page\/#\/schema\/person\/a49f233ef2777ec7b2e8d0662325bb48"},"headline":"Mladi ne vidijo perspektive v kmetovanju","datePublished":"2023-05-18T06:10:18+00:00","mainEntityOfPage":{"@id":"https:\/\/novice.si\/page\/mladi-ne-vidijo-perspektive-v-kmetovanju\/"},"wordCount":419,"publisher":{"@id":"https:\/\/novice.si\/page\/#organization"},"image":{"@id":"https:\/\/novice.si\/page\/mladi-ne-vidijo-perspektive-v-kmetovanju\/#primaryimage"},"thumbnailUrl":"https:\/\/novice.si\/page\/wp-content\/uploads\/2023\/05\/izpostavljeno-kmetijstvo-v-celju-1166-foto-uros-urlep.jpg","articleSection":["Aktualno","Celjan","Celjsko"],"inLanguage":"sl-SI"},{"@type":"WebPage","@id":"https:\/\/novice.si\/page\/mladi-ne-vidijo-perspektive-v-kmetovanju\/","url":"https:\/\/novice.si\/page\/mladi-ne-vidijo-perspektive-v-kmetovanju\/","name":"Mladi ne vidijo perspektive v kmetovanju - Novice.si","isPartOf":{"@id":"https:\/\/novice.si\/page\/#website"},"primaryImageOfPage":{"@id":"https:\/\/novice.si\/page\/mladi-ne-vidijo-perspektive-v-kmetovanju\/#primaryimage"},"image":{"@id":"https:\/\/novice.si\/page\/mladi-ne-vidijo-perspektive-v-kmetovanju\/#primaryimage"},"thumbnailUrl":"https:\/\/novice.si\/page\/wp-content\/uploads\/2023\/05\/izpostavljeno-kmetijstvo-v-celju-1166-foto-uros-urlep.jpg","datePublished":"2023-05-18T06:10:18+00:00","breadcrumb":{"@id":"https:\/\/novice.si\/page\/mladi-ne-vidijo-perspektive-v-kmetovanju\/#breadcrumb"},"inLanguage":"sl-SI","potentialAction":[{"@type":"ReadAction","target":["https:\/\/novice.si\/page\/mladi-ne-vidijo-perspektive-v-kmetovanju\/"]}]},{"@type":"ImageObject","inLanguage":"sl-SI","@id":"https:\/\/novice.si\/page\/mladi-ne-vidijo-perspektive-v-kmetovanju\/#primaryimage","url":"https:\/\/novice.si\/page\/wp-content\/uploads\/2023\/05\/izpostavljeno-kmetijstvo-v-celju-1166-foto-uros-urlep.jpg","contentUrl":"https:\/\/novice.si\/page\/wp-content\/uploads\/2023\/05\/izpostavljeno-kmetijstvo-v-celju-1166-foto-uros-urlep.jpg","width":709,"height":473,"caption":"Foto Uro\u0161 Urlep"},{"@type":"BreadcrumbList","@id":"https:\/\/novice.si\/page\/mladi-ne-vidijo-perspektive-v-kmetovanju\/#breadcrumb","itemListElement":[{"@type":"ListItem","position":1,"name":"Home","item":"https:\/\/novice.si\/page\/"},{"@type":"ListItem","position":2,"name":"Mladi ne vidijo perspektive v kmetovanju"}]},{"@type":"WebSite","@id":"https:\/\/novice.si\/page\/#website","url":"https:\/\/novice.si\/page\/","name":"Novice.si","description":"","publisher":{"@id":"https:\/\/novice.si\/page\/#organization"},"potentialAction":[{"@type":"SearchAction","target":{"@type":"EntryPoint","urlTemplate":"https:\/\/novice.si\/page\/?s={search_term_string}"},"query-input":{"@type":"PropertyValueSpecification","valueRequired":true,"valueName":"search_term_string"}}],"inLanguage":"sl-SI"},{"@type":"Organization","@id":"https:\/\/novice.si\/page\/#organization","name":"Novice.si","url":"https:\/\/novice.si\/page\/","logo":{"@type":"ImageObject","inLanguage":"sl-SI","@id":"https:\/\/novice.si\/page\/#\/schema\/logo\/image\/","url":"https:\/\/novice.si\/page\/wp-content\/uploads\/2023\/03\/novice_si.png","contentUrl":"https:\/\/novice.si\/page\/wp-content\/uploads\/2023\/03\/novice_si.png","width":576,"height":200,"caption":"Novice.si"},"image":{"@id":"https:\/\/novice.si\/page\/#\/schema\/logo\/image\/"}},{"@type":"Person","@id":"https:\/\/novice.si\/page\/#\/schema\/person\/a49f233ef2777ec7b2e8d0662325bb48","name":"Uredni\u0161tvo Celjana","image":{"@type":"ImageObject","inLanguage":"sl-SI","@id":"https:\/\/secure.gravatar.com\/avatar\/7f7863e616af8f92806c638dd1db3f1a238d83d1cc2ec3100afc06fbb7eb303f?s=96&d=mm&r=g","url":"https:\/\/secure.gravatar.com\/avatar\/7f7863e616af8f92806c638dd1db3f1a238d83d1cc2ec3100afc06fbb7eb303f?s=96&d=mm&r=g","contentUrl":"https:\/\/secure.gravatar.com\/avatar\/7f7863e616af8f92806c638dd1db3f1a238d83d1cc2ec3100afc06fbb7eb303f?s=96&d=mm&r=g","caption":"Uredni\u0161tvo Celjana"},"url":"https:\/\/novice.si\/page\/author\/maja\/"}]}},"_links":{"self":[{"href":"https:\/\/novice.si\/page\/wp-json\/wp\/v2\/posts\/162840","targetHints":{"allow":["GET"]}}],"collection":[{"href":"https:\/\/novice.si\/page\/wp-json\/wp\/v2\/posts"}],"about":[{"href":"https:\/\/novice.si\/page\/wp-json\/wp\/v2\/types\/post"}],"author":[{"embeddable":true,"href":"https:\/\/novice.si\/page\/wp-json\/wp\/v2\/users\/55"}],"replies":[{"embeddable":true,"href":"https:\/\/novice.si\/page\/wp-json\/wp\/v2\/comments?post=162840"}],"version-history":[{"count":3,"href":"https:\/\/novice.si\/page\/wp-json\/wp\/v2\/posts\/162840\/revisions"}],"predecessor-version":[{"id":162844,"href":"https:\/\/novice.si\/page\/wp-json\/wp\/v2\/posts\/162840\/revisions\/162844"}],"wp:featuredmedia":[{"embeddable":true,"href":"https:\/\/novice.si\/page\/wp-json\/wp\/v2\/media\/162841"}],"wp:attachment":[{"href":"https:\/\/novice.si\/page\/wp-json\/wp\/v2\/media?parent=162840"}],"wp:term":[{"taxonomy":"category","embeddable":true,"href":"https:\/\/novice.si\/page\/wp-json\/wp\/v2\/categories?post=162840"},{"taxonomy":"post_tag","embeddable":true,"href":"https:\/\/novice.si\/page\/wp-json\/wp\/v2\/tags?post=162840"}],"curies":[{"name":"wp","href":"https:\/\/api.w.org\/{rel}","templated":true}]}}