{"id":162810,"date":"2023-05-17T11:58:25","date_gmt":"2023-05-17T09:58:25","guid":{"rendered":"https:\/\/novice.si\/page\/?p=162810"},"modified":"2023-05-17T11:58:25","modified_gmt":"2023-05-17T09:58:25","slug":"celje-jansa-se-je-izgovoril-na-jutrisnje-obveznosti","status":"publish","type":"post","link":"https:\/\/novice.si\/page\/celje-jansa-se-je-izgovoril-na-jutrisnje-obveznosti\/","title":{"rendered":"CELJE Jan\u0161a se je izgovoril na jutri\u0161nje obveznosti"},"content":{"rendered":"<p>Celjska kazenska sodnica <strong>Leonida Jager<\/strong> dopoldne ni opravila naroka za <strong>Janeza Jan\u0161o<\/strong> v zadevi \u017daljivi tvit 2.<\/p>\n<p><img loading=\"lazy\" decoding=\"async\" class=\"size-medium wp-image-157378 alignleft\" src=\"https:\/\/novice.si\/page\/wp-content\/uploads\/2022\/12\/Jansa-ZT2-PN-1-300x199.jpg\" alt=\"\" width=\"300\" height=\"199\" srcset=\"https:\/\/novice.si\/page\/wp-content\/uploads\/2022\/12\/Jansa-ZT2-PN-1-300x199.jpg 300w, https:\/\/novice.si\/page\/wp-content\/uploads\/2022\/12\/Jansa-ZT2-PN-1-1024x679.jpg 1024w, https:\/\/novice.si\/page\/wp-content\/uploads\/2022\/12\/Jansa-ZT2-PN-1-768x510.jpg 768w, https:\/\/novice.si\/page\/wp-content\/uploads\/2022\/12\/Jansa-ZT2-PN-1-1536x1019.jpg 1536w, https:\/\/novice.si\/page\/wp-content\/uploads\/2022\/12\/Jansa-ZT2-PN-1-2048x1359.jpg 2048w, https:\/\/novice.si\/page\/wp-content\/uploads\/2022\/12\/Jansa-ZT2-PN-1-696x462.jpg 696w, https:\/\/novice.si\/page\/wp-content\/uploads\/2022\/12\/Jansa-ZT2-PN-1-1068x709.jpg 1068w, https:\/\/novice.si\/page\/wp-content\/uploads\/2022\/12\/Jansa-ZT2-PN-1-633x420.jpg 633w, https:\/\/novice.si\/page\/wp-content\/uploads\/2022\/12\/Jansa-ZT2-PN-1-24x16.jpg 24w, https:\/\/novice.si\/page\/wp-content\/uploads\/2022\/12\/Jansa-ZT2-PN-1-36x24.jpg 36w, https:\/\/novice.si\/page\/wp-content\/uploads\/2022\/12\/Jansa-ZT2-PN-1-48x32.jpg 48w\" sizes=\"auto, (max-width: 300px) 100vw, 300px\" \/>Opozicijski prvak se mora zagovarjati zaradi \u017ealjive obdol\u017eitve nekdanjega direktorja STA <strong>Bojana Veselinovi\u0107a<\/strong>, ki mu je pripisal soodgovornost za smrt nekdanjega urednika STA <strong>Boruta Me\u0161ka<\/strong>.<\/p>\n<p>Jan\u0161a se je preko zagovornika <strong>Francija Matoza<\/strong> izgovoril na mednarodno konferenco na Bledu, ki pa se za\u010dne jutri.<\/p>\n<p>Ob tem je sodi\u0161\u010de menilo, da bo prvak SDS moral biti navzo\u010d pri zasli\u0161anju <strong>Alena Pivka<\/strong> (pri\u0161el je na sodi\u0161\u010de), saj da gre za obremenjujo\u010do pri\u010do, vabilu pa se ni odzval direktor TV Slovenija <strong>Uro\u0161 Urbanija<\/strong>. Oba sta bila Me\u0161kova pomo\u010dnika.<\/p>\n<p>Za novi datum je sodnica dolo\u010dila 31.maj.<\/p>\n<p>P\u0160<\/p>\n","protected":false},"excerpt":{"rendered":"<p>Celjska kazenska sodnica Leonida Jager dopoldne ni opravila naroka za Janeza Jan\u0161o v zadevi \u017daljivi tvit 2. Opozicijski prvak se mora zagovarjati zaradi \u017ealjive obdol\u017eitve nekdanjega direktorja STA Bojana Veselinovi\u0107a, ki mu je pripisal soodgovornost za smrt nekdanjega urednika STA Boruta Me\u0161ka. Jan\u0161a se je preko zagovornika Francija Matoza izgovoril na mednarodno konferenco na Bledu, [&hellip;]<\/p>\n","protected":false},"author":33,"featured_media":160979,"comment_status":"closed","ping_status":"closed","sticky":false,"template":"","format":"standard","meta":{"footnotes":""},"categories":[14,17,29],"tags":[17849,17848,16511,4975,3791,356,16512,15037],"class_list":{"0":"post-162810","1":"post","2":"type-post","3":"status-publish","4":"format-standard","5":"has-post-thumbnail","7":"category-aktualno","8":"category-celjsko","9":"category-kronika","10":"tag-alen-pivk","11":"tag-boljan-veselinovic","12":"tag-borut-mesko","13":"tag-franci-matoz","14":"tag-janez-jansa","15":"tag-sojenje","16":"tag-sta","17":"tag-zaljivi-tvit-2"},"yoast_head":"<!-- This site is optimized with the Yoast SEO plugin v27.4 - https:\/\/yoast.com\/product\/yoast-seo-wordpress\/ -->\n<title>CELJE Jan\u0161a se je izgovoril na jutri\u0161nje obveznosti - Novice.si<\/title>\n<meta name=\"robots\" content=\"index, follow, max-snippet:-1, max-image-preview:large, max-video-preview:-1\" \/>\n<link rel=\"canonical\" href=\"https:\/\/novice.si\/page\/celje-jansa-se-je-izgovoril-na-jutrisnje-obveznosti\/\" \/>\n<meta property=\"og:locale\" content=\"sl_SI\" \/>\n<meta property=\"og:type\" content=\"article\" \/>\n<meta property=\"og:title\" content=\"CELJE Jan\u0161a se je izgovoril na jutri\u0161nje obveznosti - Novice.si\" \/>\n<meta property=\"og:description\" content=\"Celjska kazenska sodnica Leonida Jager dopoldne ni opravila naroka za Janeza Jan\u0161o v zadevi \u017daljivi tvit 2. Opozicijski prvak se mora zagovarjati zaradi \u017ealjive obdol\u017eitve nekdanjega direktorja STA Bojana Veselinovi\u0107a, ki mu je pripisal soodgovornost za smrt nekdanjega urednika STA Boruta Me\u0161ka. Jan\u0161a se je preko zagovornika Francija Matoza izgovoril na mednarodno konferenco na Bledu, [&hellip;]\" \/>\n<meta property=\"og:url\" content=\"https:\/\/novice.si\/page\/celje-jansa-se-je-izgovoril-na-jutrisnje-obveznosti\/\" \/>\n<meta property=\"og:site_name\" content=\"Novice.si\" \/>\n<meta property=\"article:published_time\" content=\"2023-05-17T09:58:25+00:00\" \/>\n<meta property=\"og:image\" content=\"https:\/\/novice.si\/page\/wp-content\/uploads\/2023\/03\/jansa-mar-23-3-scaled.jpg\" \/>\n\t<meta property=\"og:image:width\" content=\"2560\" \/>\n\t<meta property=\"og:image:height\" content=\"1663\" \/>\n\t<meta property=\"og:image:type\" content=\"image\/jpeg\" \/>\n<meta name=\"author\" content=\"Uredni\u0161tvo Celjana\" \/>\n<meta name=\"twitter:card\" content=\"summary_large_image\" \/>\n<meta name=\"twitter:label1\" content=\"Written by\" \/>\n\t<meta name=\"twitter:data1\" content=\"Uredni\u0161tvo Celjana\" \/>\n\t<meta name=\"twitter:label2\" content=\"Est. reading time\" \/>\n\t<meta name=\"twitter:data2\" content=\"1 minuta\" \/>\n<script type=\"application\/ld+json\" class=\"yoast-schema-graph\">{\"@context\":\"https:\\\/\\\/schema.org\",\"@graph\":[{\"@type\":\"Article\",\"@id\":\"https:\\\/\\\/novice.si\\\/page\\\/celje-jansa-se-je-izgovoril-na-jutrisnje-obveznosti\\\/#article\",\"isPartOf\":{\"@id\":\"https:\\\/\\\/novice.si\\\/page\\\/celje-jansa-se-je-izgovoril-na-jutrisnje-obveznosti\\\/\"},\"author\":{\"name\":\"Uredni\u0161tvo Celjana\",\"@id\":\"https:\\\/\\\/novice.si\\\/page\\\/#\\\/schema\\\/person\\\/57f25c9642a9541c7349c65d32032c3e\"},\"headline\":\"CELJE Jan\u0161a se je izgovoril na jutri\u0161nje obveznosti\",\"datePublished\":\"2023-05-17T09:58:25+00:00\",\"mainEntityOfPage\":{\"@id\":\"https:\\\/\\\/novice.si\\\/page\\\/celje-jansa-se-je-izgovoril-na-jutrisnje-obveznosti\\\/\"},\"wordCount\":133,\"publisher\":{\"@id\":\"https:\\\/\\\/novice.si\\\/page\\\/#organization\"},\"image\":{\"@id\":\"https:\\\/\\\/novice.si\\\/page\\\/celje-jansa-se-je-izgovoril-na-jutrisnje-obveznosti\\\/#primaryimage\"},\"thumbnailUrl\":\"https:\\\/\\\/novice.si\\\/page\\\/wp-content\\\/uploads\\\/2023\\\/03\\\/jansa-mar-23-3-scaled.jpg\",\"keywords\":[\"alen pivk\",\"boljan veselinovi\u010d\",\"borut me\u0161ko\",\"Franci Matoz\",\"janez jan\u0161a\",\"sojenje\",\"sta\",\"\u017daljivi tvit 2\"],\"articleSection\":[\"Aktualno\",\"Celjsko\",\"Kronika\"],\"inLanguage\":\"sl-SI\"},{\"@type\":\"WebPage\",\"@id\":\"https:\\\/\\\/novice.si\\\/page\\\/celje-jansa-se-je-izgovoril-na-jutrisnje-obveznosti\\\/\",\"url\":\"https:\\\/\\\/novice.si\\\/page\\\/celje-jansa-se-je-izgovoril-na-jutrisnje-obveznosti\\\/\",\"name\":\"CELJE Jan\u0161a se je izgovoril na jutri\u0161nje obveznosti - Novice.si\",\"isPartOf\":{\"@id\":\"https:\\\/\\\/novice.si\\\/page\\\/#website\"},\"primaryImageOfPage\":{\"@id\":\"https:\\\/\\\/novice.si\\\/page\\\/celje-jansa-se-je-izgovoril-na-jutrisnje-obveznosti\\\/#primaryimage\"},\"image\":{\"@id\":\"https:\\\/\\\/novice.si\\\/page\\\/celje-jansa-se-je-izgovoril-na-jutrisnje-obveznosti\\\/#primaryimage\"},\"thumbnailUrl\":\"https:\\\/\\\/novice.si\\\/page\\\/wp-content\\\/uploads\\\/2023\\\/03\\\/jansa-mar-23-3-scaled.jpg\",\"datePublished\":\"2023-05-17T09:58:25+00:00\",\"breadcrumb\":{\"@id\":\"https:\\\/\\\/novice.si\\\/page\\\/celje-jansa-se-je-izgovoril-na-jutrisnje-obveznosti\\\/#breadcrumb\"},\"inLanguage\":\"sl-SI\",\"potentialAction\":[{\"@type\":\"ReadAction\",\"target\":[\"https:\\\/\\\/novice.si\\\/page\\\/celje-jansa-se-je-izgovoril-na-jutrisnje-obveznosti\\\/\"]}]},{\"@type\":\"ImageObject\",\"inLanguage\":\"sl-SI\",\"@id\":\"https:\\\/\\\/novice.si\\\/page\\\/celje-jansa-se-je-izgovoril-na-jutrisnje-obveznosti\\\/#primaryimage\",\"url\":\"https:\\\/\\\/novice.si\\\/page\\\/wp-content\\\/uploads\\\/2023\\\/03\\\/jansa-mar-23-3-scaled.jpg\",\"contentUrl\":\"https:\\\/\\\/novice.si\\\/page\\\/wp-content\\\/uploads\\\/2023\\\/03\\\/jansa-mar-23-3-scaled.jpg\",\"width\":2560,\"height\":1663},{\"@type\":\"BreadcrumbList\",\"@id\":\"https:\\\/\\\/novice.si\\\/page\\\/celje-jansa-se-je-izgovoril-na-jutrisnje-obveznosti\\\/#breadcrumb\",\"itemListElement\":[{\"@type\":\"ListItem\",\"position\":1,\"name\":\"Home\",\"item\":\"https:\\\/\\\/novice.si\\\/page\\\/\"},{\"@type\":\"ListItem\",\"position\":2,\"name\":\"CELJE Jan\u0161a se je izgovoril na jutri\u0161nje obveznosti\"}]},{\"@type\":\"WebSite\",\"@id\":\"https:\\\/\\\/novice.si\\\/page\\\/#website\",\"url\":\"https:\\\/\\\/novice.si\\\/page\\\/\",\"name\":\"Novice.si\",\"description\":\"\",\"publisher\":{\"@id\":\"https:\\\/\\\/novice.si\\\/page\\\/#organization\"},\"potentialAction\":[{\"@type\":\"SearchAction\",\"target\":{\"@type\":\"EntryPoint\",\"urlTemplate\":\"https:\\\/\\\/novice.si\\\/page\\\/?s={search_term_string}\"},\"query-input\":{\"@type\":\"PropertyValueSpecification\",\"valueRequired\":true,\"valueName\":\"search_term_string\"}}],\"inLanguage\":\"sl-SI\"},{\"@type\":\"Organization\",\"@id\":\"https:\\\/\\\/novice.si\\\/page\\\/#organization\",\"name\":\"Novice.si\",\"url\":\"https:\\\/\\\/novice.si\\\/page\\\/\",\"logo\":{\"@type\":\"ImageObject\",\"inLanguage\":\"sl-SI\",\"@id\":\"https:\\\/\\\/novice.si\\\/page\\\/#\\\/schema\\\/logo\\\/image\\\/\",\"url\":\"https:\\\/\\\/novice.si\\\/page\\\/wp-content\\\/uploads\\\/2023\\\/03\\\/novice_si.png\",\"contentUrl\":\"https:\\\/\\\/novice.si\\\/page\\\/wp-content\\\/uploads\\\/2023\\\/03\\\/novice_si.png\",\"width\":576,\"height\":200,\"caption\":\"Novice.si\"},\"image\":{\"@id\":\"https:\\\/\\\/novice.si\\\/page\\\/#\\\/schema\\\/logo\\\/image\\\/\"}},{\"@type\":\"Person\",\"@id\":\"https:\\\/\\\/novice.si\\\/page\\\/#\\\/schema\\\/person\\\/57f25c9642a9541c7349c65d32032c3e\",\"name\":\"Uredni\u0161tvo Celjana\",\"image\":{\"@type\":\"ImageObject\",\"inLanguage\":\"sl-SI\",\"@id\":\"https:\\\/\\\/secure.gravatar.com\\\/avatar\\\/78e52bc4279b65f6df6345e0ef0f7b792d361361f230cf4ffecfe0afe6d5629c?s=96&d=mm&r=g\",\"url\":\"https:\\\/\\\/secure.gravatar.com\\\/avatar\\\/78e52bc4279b65f6df6345e0ef0f7b792d361361f230cf4ffecfe0afe6d5629c?s=96&d=mm&r=g\",\"contentUrl\":\"https:\\\/\\\/secure.gravatar.com\\\/avatar\\\/78e52bc4279b65f6df6345e0ef0f7b792d361361f230cf4ffecfe0afe6d5629c?s=96&d=mm&r=g\",\"caption\":\"Uredni\u0161tvo Celjana\"},\"url\":\"https:\\\/\\\/novice.si\\\/page\\\/author\\\/primoz\\\/\"}]}<\/script>\n<!-- \/ Yoast SEO plugin. -->","yoast_head_json":{"title":"CELJE Jan\u0161a se je izgovoril na jutri\u0161nje obveznosti - Novice.si","robots":{"index":"index","follow":"follow","max-snippet":"max-snippet:-1","max-image-preview":"max-image-preview:large","max-video-preview":"max-video-preview:-1"},"canonical":"https:\/\/novice.si\/page\/celje-jansa-se-je-izgovoril-na-jutrisnje-obveznosti\/","og_locale":"sl_SI","og_type":"article","og_title":"CELJE Jan\u0161a se je izgovoril na jutri\u0161nje obveznosti - Novice.si","og_description":"Celjska kazenska sodnica Leonida Jager dopoldne ni opravila naroka za Janeza Jan\u0161o v zadevi \u017daljivi tvit 2. Opozicijski prvak se mora zagovarjati zaradi \u017ealjive obdol\u017eitve nekdanjega direktorja STA Bojana Veselinovi\u0107a, ki mu je pripisal soodgovornost za smrt nekdanjega urednika STA Boruta Me\u0161ka. Jan\u0161a se je preko zagovornika Francija Matoza izgovoril na mednarodno konferenco na Bledu, [&hellip;]","og_url":"https:\/\/novice.si\/page\/celje-jansa-se-je-izgovoril-na-jutrisnje-obveznosti\/","og_site_name":"Novice.si","article_published_time":"2023-05-17T09:58:25+00:00","og_image":[{"width":2560,"height":1663,"url":"https:\/\/novice.si\/page\/wp-content\/uploads\/2023\/03\/jansa-mar-23-3-scaled.jpg","type":"image\/jpeg"}],"author":"Uredni\u0161tvo Celjana","twitter_card":"summary_large_image","twitter_misc":{"Written by":"Uredni\u0161tvo Celjana","Est. reading time":"1 minuta"},"schema":{"@context":"https:\/\/schema.org","@graph":[{"@type":"Article","@id":"https:\/\/novice.si\/page\/celje-jansa-se-je-izgovoril-na-jutrisnje-obveznosti\/#article","isPartOf":{"@id":"https:\/\/novice.si\/page\/celje-jansa-se-je-izgovoril-na-jutrisnje-obveznosti\/"},"author":{"name":"Uredni\u0161tvo Celjana","@id":"https:\/\/novice.si\/page\/#\/schema\/person\/57f25c9642a9541c7349c65d32032c3e"},"headline":"CELJE Jan\u0161a se je izgovoril na jutri\u0161nje obveznosti","datePublished":"2023-05-17T09:58:25+00:00","mainEntityOfPage":{"@id":"https:\/\/novice.si\/page\/celje-jansa-se-je-izgovoril-na-jutrisnje-obveznosti\/"},"wordCount":133,"publisher":{"@id":"https:\/\/novice.si\/page\/#organization"},"image":{"@id":"https:\/\/novice.si\/page\/celje-jansa-se-je-izgovoril-na-jutrisnje-obveznosti\/#primaryimage"},"thumbnailUrl":"https:\/\/novice.si\/page\/wp-content\/uploads\/2023\/03\/jansa-mar-23-3-scaled.jpg","keywords":["alen pivk","boljan veselinovi\u010d","borut me\u0161ko","Franci Matoz","janez jan\u0161a","sojenje","sta","\u017daljivi tvit 2"],"articleSection":["Aktualno","Celjsko","Kronika"],"inLanguage":"sl-SI"},{"@type":"WebPage","@id":"https:\/\/novice.si\/page\/celje-jansa-se-je-izgovoril-na-jutrisnje-obveznosti\/","url":"https:\/\/novice.si\/page\/celje-jansa-se-je-izgovoril-na-jutrisnje-obveznosti\/","name":"CELJE Jan\u0161a se je izgovoril na jutri\u0161nje obveznosti - Novice.si","isPartOf":{"@id":"https:\/\/novice.si\/page\/#website"},"primaryImageOfPage":{"@id":"https:\/\/novice.si\/page\/celje-jansa-se-je-izgovoril-na-jutrisnje-obveznosti\/#primaryimage"},"image":{"@id":"https:\/\/novice.si\/page\/celje-jansa-se-je-izgovoril-na-jutrisnje-obveznosti\/#primaryimage"},"thumbnailUrl":"https:\/\/novice.si\/page\/wp-content\/uploads\/2023\/03\/jansa-mar-23-3-scaled.jpg","datePublished":"2023-05-17T09:58:25+00:00","breadcrumb":{"@id":"https:\/\/novice.si\/page\/celje-jansa-se-je-izgovoril-na-jutrisnje-obveznosti\/#breadcrumb"},"inLanguage":"sl-SI","potentialAction":[{"@type":"ReadAction","target":["https:\/\/novice.si\/page\/celje-jansa-se-je-izgovoril-na-jutrisnje-obveznosti\/"]}]},{"@type":"ImageObject","inLanguage":"sl-SI","@id":"https:\/\/novice.si\/page\/celje-jansa-se-je-izgovoril-na-jutrisnje-obveznosti\/#primaryimage","url":"https:\/\/novice.si\/page\/wp-content\/uploads\/2023\/03\/jansa-mar-23-3-scaled.jpg","contentUrl":"https:\/\/novice.si\/page\/wp-content\/uploads\/2023\/03\/jansa-mar-23-3-scaled.jpg","width":2560,"height":1663},{"@type":"BreadcrumbList","@id":"https:\/\/novice.si\/page\/celje-jansa-se-je-izgovoril-na-jutrisnje-obveznosti\/#breadcrumb","itemListElement":[{"@type":"ListItem","position":1,"name":"Home","item":"https:\/\/novice.si\/page\/"},{"@type":"ListItem","position":2,"name":"CELJE Jan\u0161a se je izgovoril na jutri\u0161nje obveznosti"}]},{"@type":"WebSite","@id":"https:\/\/novice.si\/page\/#website","url":"https:\/\/novice.si\/page\/","name":"Novice.si","description":"","publisher":{"@id":"https:\/\/novice.si\/page\/#organization"},"potentialAction":[{"@type":"SearchAction","target":{"@type":"EntryPoint","urlTemplate":"https:\/\/novice.si\/page\/?s={search_term_string}"},"query-input":{"@type":"PropertyValueSpecification","valueRequired":true,"valueName":"search_term_string"}}],"inLanguage":"sl-SI"},{"@type":"Organization","@id":"https:\/\/novice.si\/page\/#organization","name":"Novice.si","url":"https:\/\/novice.si\/page\/","logo":{"@type":"ImageObject","inLanguage":"sl-SI","@id":"https:\/\/novice.si\/page\/#\/schema\/logo\/image\/","url":"https:\/\/novice.si\/page\/wp-content\/uploads\/2023\/03\/novice_si.png","contentUrl":"https:\/\/novice.si\/page\/wp-content\/uploads\/2023\/03\/novice_si.png","width":576,"height":200,"caption":"Novice.si"},"image":{"@id":"https:\/\/novice.si\/page\/#\/schema\/logo\/image\/"}},{"@type":"Person","@id":"https:\/\/novice.si\/page\/#\/schema\/person\/57f25c9642a9541c7349c65d32032c3e","name":"Uredni\u0161tvo Celjana","image":{"@type":"ImageObject","inLanguage":"sl-SI","@id":"https:\/\/secure.gravatar.com\/avatar\/78e52bc4279b65f6df6345e0ef0f7b792d361361f230cf4ffecfe0afe6d5629c?s=96&d=mm&r=g","url":"https:\/\/secure.gravatar.com\/avatar\/78e52bc4279b65f6df6345e0ef0f7b792d361361f230cf4ffecfe0afe6d5629c?s=96&d=mm&r=g","contentUrl":"https:\/\/secure.gravatar.com\/avatar\/78e52bc4279b65f6df6345e0ef0f7b792d361361f230cf4ffecfe0afe6d5629c?s=96&d=mm&r=g","caption":"Uredni\u0161tvo Celjana"},"url":"https:\/\/novice.si\/page\/author\/primoz\/"}]}},"_links":{"self":[{"href":"https:\/\/novice.si\/page\/wp-json\/wp\/v2\/posts\/162810","targetHints":{"allow":["GET"]}}],"collection":[{"href":"https:\/\/novice.si\/page\/wp-json\/wp\/v2\/posts"}],"about":[{"href":"https:\/\/novice.si\/page\/wp-json\/wp\/v2\/types\/post"}],"author":[{"embeddable":true,"href":"https:\/\/novice.si\/page\/wp-json\/wp\/v2\/users\/33"}],"replies":[{"embeddable":true,"href":"https:\/\/novice.si\/page\/wp-json\/wp\/v2\/comments?post=162810"}],"version-history":[{"count":1,"href":"https:\/\/novice.si\/page\/wp-json\/wp\/v2\/posts\/162810\/revisions"}],"predecessor-version":[{"id":162811,"href":"https:\/\/novice.si\/page\/wp-json\/wp\/v2\/posts\/162810\/revisions\/162811"}],"wp:featuredmedia":[{"embeddable":true,"href":"https:\/\/novice.si\/page\/wp-json\/wp\/v2\/media\/160979"}],"wp:attachment":[{"href":"https:\/\/novice.si\/page\/wp-json\/wp\/v2\/media?parent=162810"}],"wp:term":[{"taxonomy":"category","embeddable":true,"href":"https:\/\/novice.si\/page\/wp-json\/wp\/v2\/categories?post=162810"},{"taxonomy":"post_tag","embeddable":true,"href":"https:\/\/novice.si\/page\/wp-json\/wp\/v2\/tags?post=162810"}],"curies":[{"name":"wp","href":"https:\/\/api.w.org\/{rel}","templated":true}]}}