{"id":162797,"date":"2023-05-10T10:23:21","date_gmt":"2023-05-10T08:23:21","guid":{"rendered":"https:\/\/novice.si\/page\/?p=162797"},"modified":"2023-05-17T10:32:09","modified_gmt":"2023-05-17T08:32:09","slug":"slovenke-se-pripravljajo-na-domaci-eurobasket","status":"publish","type":"post","link":"https:\/\/novice.si\/page\/slovenke-se-pripravljajo-na-domaci-eurobasket\/","title":{"rendered":"Slovenke se pripravljajo na doma\u010di EuroBasket"},"content":{"rendered":"<p><img loading=\"lazy\" decoding=\"async\" class=\"alignnone size-medium wp-image-162798\" src=\"https:\/\/novice.si\/page\/wp-content\/uploads\/2023\/05\/899728-600x400.jpg\" alt=\"\" width=\"600\" height=\"400\" srcset=\"https:\/\/novice.si\/page\/wp-content\/uploads\/2023\/05\/899728-600x400.jpg 600w, https:\/\/novice.si\/page\/wp-content\/uploads\/2023\/05\/899728-768x512.jpg 768w, https:\/\/novice.si\/page\/wp-content\/uploads\/2023\/05\/899728-696x464.jpg 696w, https:\/\/novice.si\/page\/wp-content\/uploads\/2023\/05\/899728-630x420.jpg 630w, https:\/\/novice.si\/page\/wp-content\/uploads\/2023\/05\/899728-24x16.jpg 24w, https:\/\/novice.si\/page\/wp-content\/uploads\/2023\/05\/899728-36x24.jpg 36w, https:\/\/novice.si\/page\/wp-content\/uploads\/2023\/05\/899728-48x32.jpg 48w, https:\/\/novice.si\/page\/wp-content\/uploads\/2023\/05\/899728.jpg 900w\" sizes=\"auto, (max-width: 600px) 100vw, 600px\" \/><br \/>\nPo letih 2017, 2019 in 2021 bodo slovenske ko\u0161arkarice \u010detrti\u010d zapored zaigrale na evropskem prvenstvu. Leto\u0161nji nastop bo zanje poseben, saj bo prvenstvo stare celine med 15. in 25. junijem poleg Tel Aviva gostila Ljubljana. Slovenke so se \u017ee zbrale v Ljubljani, pripravljale pa se bodo \u0161e v Zre\u010dah, Pod\u010detrtku in Mariboru. Na seznamu kandidatk za nastop na EuroBasketu je petnajst igralk \u2013 selektor <strong>Georgios Dikaioulakos<\/strong> ra\u010duna tudi na tri aktualne \u010dlanice Cinkarne Celje. To so <strong>Bla\u017ea \u010ceh, Lea Debeljak<\/strong> in <strong>Mojca Jelenc<\/strong>. Zaradi po\u0161kodbe kolena je tokratni nastop morala odpovedati <strong>Maru\u0161a Seni\u010dar<\/strong>. Z reprezentanco trenirata tudi Konji\u010danka <strong>Aj\u0161a Sivka<\/strong> in Zre\u010danka <strong>Zala \u0160rot<\/strong>, ki sta ko\u0161arkarsko pot za\u010deli v konji\u0161kem klubu, zdaj pa igrata v Italiji. (Jure Mernik)<br \/>\nFoto: KZS\/alesfevzer.com<\/p>\n<p>Preberite tudi:<br \/>\nMed ambasadorkami \u017eenskega EuroBasketa tudi Katja Temnik iz \u017di\u010d<br \/>\n<a href=\"https:\/\/novice.si\/page\/med-ambasadorkami-zenskega-eurobasketa-tudi-katja-temnik-iz-zic\/\">https:\/\/novice.si\/page\/med-ambasadorkami-zenskega-eurobasketa-tudi-katja-temnik-iz-zic\/<\/a><\/p>\n","protected":false},"excerpt":{"rendered":"<p>Po letih 2017, 2019 in 2021 bodo slovenske ko\u0161arkarice \u010detrti\u010d zapored zaigrale na evropskem prvenstvu. Leto\u0161nji nastop bo zanje poseben, saj bo prvenstvo stare celine med 15. in 25. junijem poleg Tel Aviva gostila Ljubljana. Slovenke so se \u017ee zbrale v Ljubljani, pripravljale pa se bodo \u0161e v Zre\u010dah, Pod\u010detrtku in Mariboru. Na seznamu kandidatk [&hellip;]<\/p>\n","protected":false},"author":7,"featured_media":162799,"comment_status":"closed","ping_status":"closed","sticky":false,"template":"","format":"standard","meta":{"footnotes":""},"categories":[14,17,16,68],"tags":[17844],"class_list":{"0":"post-162797","1":"post","2":"type-post","3":"status-publish","4":"format-standard","5":"has-post-thumbnail","7":"category-aktualno","8":"category-celjsko","9":"category-konjisko","10":"category-sport","11":"tag-eurobasket-za-zenske-2023"},"yoast_head":"<!-- This site is optimized with the Yoast SEO plugin v27.4 - https:\/\/yoast.com\/product\/yoast-seo-wordpress\/ -->\n<title>Slovenke se pripravljajo na doma\u010di EuroBasket - Novice.si<\/title>\n<meta name=\"robots\" content=\"index, follow, max-snippet:-1, max-image-preview:large, max-video-preview:-1\" \/>\n<link rel=\"canonical\" href=\"https:\/\/novice.si\/page\/slovenke-se-pripravljajo-na-domaci-eurobasket\/\" \/>\n<meta property=\"og:locale\" content=\"sl_SI\" \/>\n<meta property=\"og:type\" content=\"article\" \/>\n<meta property=\"og:title\" content=\"Slovenke se pripravljajo na doma\u010di EuroBasket - Novice.si\" \/>\n<meta property=\"og:description\" content=\"Po letih 2017, 2019 in 2021 bodo slovenske ko\u0161arkarice \u010detrti\u010d zapored zaigrale na evropskem prvenstvu. Leto\u0161nji nastop bo zanje poseben, saj bo prvenstvo stare celine med 15. in 25. junijem poleg Tel Aviva gostila Ljubljana. Slovenke so se \u017ee zbrale v Ljubljani, pripravljale pa se bodo \u0161e v Zre\u010dah, Pod\u010detrtku in Mariboru. Na seznamu kandidatk [&hellip;]\" \/>\n<meta property=\"og:url\" content=\"https:\/\/novice.si\/page\/slovenke-se-pripravljajo-na-domaci-eurobasket\/\" \/>\n<meta property=\"og:site_name\" content=\"Novice.si\" \/>\n<meta property=\"article:published_time\" content=\"2023-05-10T08:23:21+00:00\" \/>\n<meta property=\"article:modified_time\" content=\"2023-05-17T08:32:09+00:00\" \/>\n<meta property=\"og:image\" content=\"https:\/\/novice.si\/page\/wp-content\/uploads\/2023\/05\/b57e98.jpg\" \/>\n\t<meta property=\"og:image:width\" content=\"900\" \/>\n\t<meta property=\"og:image:height\" content=\"600\" \/>\n\t<meta property=\"og:image:type\" content=\"image\/jpeg\" \/>\n<meta name=\"author\" content=\"Uredni\u0161tvo Novic\" \/>\n<meta name=\"twitter:card\" content=\"summary_large_image\" \/>\n<meta name=\"twitter:label1\" content=\"Written by\" \/>\n\t<meta name=\"twitter:data1\" content=\"Uredni\u0161tvo Novic\" \/>\n\t<meta name=\"twitter:label2\" content=\"Est. reading time\" \/>\n\t<meta name=\"twitter:data2\" content=\"1 minuta\" \/>\n<script type=\"application\/ld+json\" class=\"yoast-schema-graph\">{\"@context\":\"https:\\\/\\\/schema.org\",\"@graph\":[{\"@type\":\"Article\",\"@id\":\"https:\\\/\\\/novice.si\\\/page\\\/slovenke-se-pripravljajo-na-domaci-eurobasket\\\/#article\",\"isPartOf\":{\"@id\":\"https:\\\/\\\/novice.si\\\/page\\\/slovenke-se-pripravljajo-na-domaci-eurobasket\\\/\"},\"author\":{\"name\":\"Uredni\u0161tvo Novic\",\"@id\":\"https:\\\/\\\/novice.si\\\/page\\\/#\\\/schema\\\/person\\\/a877dbb8680d441357ce27663beb35ca\"},\"headline\":\"Slovenke se pripravljajo na doma\u010di EuroBasket\",\"datePublished\":\"2023-05-10T08:23:21+00:00\",\"dateModified\":\"2023-05-17T08:32:09+00:00\",\"mainEntityOfPage\":{\"@id\":\"https:\\\/\\\/novice.si\\\/page\\\/slovenke-se-pripravljajo-na-domaci-eurobasket\\\/\"},\"wordCount\":155,\"publisher\":{\"@id\":\"https:\\\/\\\/novice.si\\\/page\\\/#organization\"},\"image\":{\"@id\":\"https:\\\/\\\/novice.si\\\/page\\\/slovenke-se-pripravljajo-na-domaci-eurobasket\\\/#primaryimage\"},\"thumbnailUrl\":\"https:\\\/\\\/novice.si\\\/page\\\/wp-content\\\/uploads\\\/2023\\\/05\\\/b57e98.jpg\",\"keywords\":[\"EuroBasket za \u017eenske 2023\"],\"articleSection\":[\"Aktualno\",\"Celjsko\",\"Konji\u0161ko\",\"\u0160port\"],\"inLanguage\":\"sl-SI\"},{\"@type\":\"WebPage\",\"@id\":\"https:\\\/\\\/novice.si\\\/page\\\/slovenke-se-pripravljajo-na-domaci-eurobasket\\\/\",\"url\":\"https:\\\/\\\/novice.si\\\/page\\\/slovenke-se-pripravljajo-na-domaci-eurobasket\\\/\",\"name\":\"Slovenke se pripravljajo na doma\u010di EuroBasket - Novice.si\",\"isPartOf\":{\"@id\":\"https:\\\/\\\/novice.si\\\/page\\\/#website\"},\"primaryImageOfPage\":{\"@id\":\"https:\\\/\\\/novice.si\\\/page\\\/slovenke-se-pripravljajo-na-domaci-eurobasket\\\/#primaryimage\"},\"image\":{\"@id\":\"https:\\\/\\\/novice.si\\\/page\\\/slovenke-se-pripravljajo-na-domaci-eurobasket\\\/#primaryimage\"},\"thumbnailUrl\":\"https:\\\/\\\/novice.si\\\/page\\\/wp-content\\\/uploads\\\/2023\\\/05\\\/b57e98.jpg\",\"datePublished\":\"2023-05-10T08:23:21+00:00\",\"dateModified\":\"2023-05-17T08:32:09+00:00\",\"breadcrumb\":{\"@id\":\"https:\\\/\\\/novice.si\\\/page\\\/slovenke-se-pripravljajo-na-domaci-eurobasket\\\/#breadcrumb\"},\"inLanguage\":\"sl-SI\",\"potentialAction\":[{\"@type\":\"ReadAction\",\"target\":[\"https:\\\/\\\/novice.si\\\/page\\\/slovenke-se-pripravljajo-na-domaci-eurobasket\\\/\"]}]},{\"@type\":\"ImageObject\",\"inLanguage\":\"sl-SI\",\"@id\":\"https:\\\/\\\/novice.si\\\/page\\\/slovenke-se-pripravljajo-na-domaci-eurobasket\\\/#primaryimage\",\"url\":\"https:\\\/\\\/novice.si\\\/page\\\/wp-content\\\/uploads\\\/2023\\\/05\\\/b57e98.jpg\",\"contentUrl\":\"https:\\\/\\\/novice.si\\\/page\\\/wp-content\\\/uploads\\\/2023\\\/05\\\/b57e98.jpg\",\"width\":900,\"height\":600},{\"@type\":\"BreadcrumbList\",\"@id\":\"https:\\\/\\\/novice.si\\\/page\\\/slovenke-se-pripravljajo-na-domaci-eurobasket\\\/#breadcrumb\",\"itemListElement\":[{\"@type\":\"ListItem\",\"position\":1,\"name\":\"Home\",\"item\":\"https:\\\/\\\/novice.si\\\/page\\\/\"},{\"@type\":\"ListItem\",\"position\":2,\"name\":\"Slovenke se pripravljajo na doma\u010di EuroBasket\"}]},{\"@type\":\"WebSite\",\"@id\":\"https:\\\/\\\/novice.si\\\/page\\\/#website\",\"url\":\"https:\\\/\\\/novice.si\\\/page\\\/\",\"name\":\"Novice.si\",\"description\":\"\",\"publisher\":{\"@id\":\"https:\\\/\\\/novice.si\\\/page\\\/#organization\"},\"potentialAction\":[{\"@type\":\"SearchAction\",\"target\":{\"@type\":\"EntryPoint\",\"urlTemplate\":\"https:\\\/\\\/novice.si\\\/page\\\/?s={search_term_string}\"},\"query-input\":{\"@type\":\"PropertyValueSpecification\",\"valueRequired\":true,\"valueName\":\"search_term_string\"}}],\"inLanguage\":\"sl-SI\"},{\"@type\":\"Organization\",\"@id\":\"https:\\\/\\\/novice.si\\\/page\\\/#organization\",\"name\":\"Novice.si\",\"url\":\"https:\\\/\\\/novice.si\\\/page\\\/\",\"logo\":{\"@type\":\"ImageObject\",\"inLanguage\":\"sl-SI\",\"@id\":\"https:\\\/\\\/novice.si\\\/page\\\/#\\\/schema\\\/logo\\\/image\\\/\",\"url\":\"https:\\\/\\\/novice.si\\\/page\\\/wp-content\\\/uploads\\\/2023\\\/03\\\/novice_si.png\",\"contentUrl\":\"https:\\\/\\\/novice.si\\\/page\\\/wp-content\\\/uploads\\\/2023\\\/03\\\/novice_si.png\",\"width\":576,\"height\":200,\"caption\":\"Novice.si\"},\"image\":{\"@id\":\"https:\\\/\\\/novice.si\\\/page\\\/#\\\/schema\\\/logo\\\/image\\\/\"}},{\"@type\":\"Person\",\"@id\":\"https:\\\/\\\/novice.si\\\/page\\\/#\\\/schema\\\/person\\\/a877dbb8680d441357ce27663beb35ca\",\"name\":\"Uredni\u0161tvo Novic\",\"image\":{\"@type\":\"ImageObject\",\"inLanguage\":\"sl-SI\",\"@id\":\"https:\\\/\\\/secure.gravatar.com\\\/avatar\\\/f19c0ae874706cc9ba19d2f6da5f74a5a5ee7674f283fed29ce0ad16a9f1893e?s=96&d=mm&r=g\",\"url\":\"https:\\\/\\\/secure.gravatar.com\\\/avatar\\\/f19c0ae874706cc9ba19d2f6da5f74a5a5ee7674f283fed29ce0ad16a9f1893e?s=96&d=mm&r=g\",\"contentUrl\":\"https:\\\/\\\/secure.gravatar.com\\\/avatar\\\/f19c0ae874706cc9ba19d2f6da5f74a5a5ee7674f283fed29ce0ad16a9f1893e?s=96&d=mm&r=g\",\"caption\":\"Uredni\u0161tvo Novic\"},\"url\":\"https:\\\/\\\/novice.si\\\/page\\\/author\\\/jure\\\/\"}]}<\/script>\n<!-- \/ Yoast SEO plugin. -->","yoast_head_json":{"title":"Slovenke se pripravljajo na doma\u010di EuroBasket - Novice.si","robots":{"index":"index","follow":"follow","max-snippet":"max-snippet:-1","max-image-preview":"max-image-preview:large","max-video-preview":"max-video-preview:-1"},"canonical":"https:\/\/novice.si\/page\/slovenke-se-pripravljajo-na-domaci-eurobasket\/","og_locale":"sl_SI","og_type":"article","og_title":"Slovenke se pripravljajo na doma\u010di EuroBasket - Novice.si","og_description":"Po letih 2017, 2019 in 2021 bodo slovenske ko\u0161arkarice \u010detrti\u010d zapored zaigrale na evropskem prvenstvu. Leto\u0161nji nastop bo zanje poseben, saj bo prvenstvo stare celine med 15. in 25. junijem poleg Tel Aviva gostila Ljubljana. Slovenke so se \u017ee zbrale v Ljubljani, pripravljale pa se bodo \u0161e v Zre\u010dah, Pod\u010detrtku in Mariboru. Na seznamu kandidatk [&hellip;]","og_url":"https:\/\/novice.si\/page\/slovenke-se-pripravljajo-na-domaci-eurobasket\/","og_site_name":"Novice.si","article_published_time":"2023-05-10T08:23:21+00:00","article_modified_time":"2023-05-17T08:32:09+00:00","og_image":[{"width":900,"height":600,"url":"https:\/\/novice.si\/page\/wp-content\/uploads\/2023\/05\/b57e98.jpg","type":"image\/jpeg"}],"author":"Uredni\u0161tvo Novic","twitter_card":"summary_large_image","twitter_misc":{"Written by":"Uredni\u0161tvo Novic","Est. reading time":"1 minuta"},"schema":{"@context":"https:\/\/schema.org","@graph":[{"@type":"Article","@id":"https:\/\/novice.si\/page\/slovenke-se-pripravljajo-na-domaci-eurobasket\/#article","isPartOf":{"@id":"https:\/\/novice.si\/page\/slovenke-se-pripravljajo-na-domaci-eurobasket\/"},"author":{"name":"Uredni\u0161tvo Novic","@id":"https:\/\/novice.si\/page\/#\/schema\/person\/a877dbb8680d441357ce27663beb35ca"},"headline":"Slovenke se pripravljajo na doma\u010di EuroBasket","datePublished":"2023-05-10T08:23:21+00:00","dateModified":"2023-05-17T08:32:09+00:00","mainEntityOfPage":{"@id":"https:\/\/novice.si\/page\/slovenke-se-pripravljajo-na-domaci-eurobasket\/"},"wordCount":155,"publisher":{"@id":"https:\/\/novice.si\/page\/#organization"},"image":{"@id":"https:\/\/novice.si\/page\/slovenke-se-pripravljajo-na-domaci-eurobasket\/#primaryimage"},"thumbnailUrl":"https:\/\/novice.si\/page\/wp-content\/uploads\/2023\/05\/b57e98.jpg","keywords":["EuroBasket za \u017eenske 2023"],"articleSection":["Aktualno","Celjsko","Konji\u0161ko","\u0160port"],"inLanguage":"sl-SI"},{"@type":"WebPage","@id":"https:\/\/novice.si\/page\/slovenke-se-pripravljajo-na-domaci-eurobasket\/","url":"https:\/\/novice.si\/page\/slovenke-se-pripravljajo-na-domaci-eurobasket\/","name":"Slovenke se pripravljajo na doma\u010di EuroBasket - Novice.si","isPartOf":{"@id":"https:\/\/novice.si\/page\/#website"},"primaryImageOfPage":{"@id":"https:\/\/novice.si\/page\/slovenke-se-pripravljajo-na-domaci-eurobasket\/#primaryimage"},"image":{"@id":"https:\/\/novice.si\/page\/slovenke-se-pripravljajo-na-domaci-eurobasket\/#primaryimage"},"thumbnailUrl":"https:\/\/novice.si\/page\/wp-content\/uploads\/2023\/05\/b57e98.jpg","datePublished":"2023-05-10T08:23:21+00:00","dateModified":"2023-05-17T08:32:09+00:00","breadcrumb":{"@id":"https:\/\/novice.si\/page\/slovenke-se-pripravljajo-na-domaci-eurobasket\/#breadcrumb"},"inLanguage":"sl-SI","potentialAction":[{"@type":"ReadAction","target":["https:\/\/novice.si\/page\/slovenke-se-pripravljajo-na-domaci-eurobasket\/"]}]},{"@type":"ImageObject","inLanguage":"sl-SI","@id":"https:\/\/novice.si\/page\/slovenke-se-pripravljajo-na-domaci-eurobasket\/#primaryimage","url":"https:\/\/novice.si\/page\/wp-content\/uploads\/2023\/05\/b57e98.jpg","contentUrl":"https:\/\/novice.si\/page\/wp-content\/uploads\/2023\/05\/b57e98.jpg","width":900,"height":600},{"@type":"BreadcrumbList","@id":"https:\/\/novice.si\/page\/slovenke-se-pripravljajo-na-domaci-eurobasket\/#breadcrumb","itemListElement":[{"@type":"ListItem","position":1,"name":"Home","item":"https:\/\/novice.si\/page\/"},{"@type":"ListItem","position":2,"name":"Slovenke se pripravljajo na doma\u010di EuroBasket"}]},{"@type":"WebSite","@id":"https:\/\/novice.si\/page\/#website","url":"https:\/\/novice.si\/page\/","name":"Novice.si","description":"","publisher":{"@id":"https:\/\/novice.si\/page\/#organization"},"potentialAction":[{"@type":"SearchAction","target":{"@type":"EntryPoint","urlTemplate":"https:\/\/novice.si\/page\/?s={search_term_string}"},"query-input":{"@type":"PropertyValueSpecification","valueRequired":true,"valueName":"search_term_string"}}],"inLanguage":"sl-SI"},{"@type":"Organization","@id":"https:\/\/novice.si\/page\/#organization","name":"Novice.si","url":"https:\/\/novice.si\/page\/","logo":{"@type":"ImageObject","inLanguage":"sl-SI","@id":"https:\/\/novice.si\/page\/#\/schema\/logo\/image\/","url":"https:\/\/novice.si\/page\/wp-content\/uploads\/2023\/03\/novice_si.png","contentUrl":"https:\/\/novice.si\/page\/wp-content\/uploads\/2023\/03\/novice_si.png","width":576,"height":200,"caption":"Novice.si"},"image":{"@id":"https:\/\/novice.si\/page\/#\/schema\/logo\/image\/"}},{"@type":"Person","@id":"https:\/\/novice.si\/page\/#\/schema\/person\/a877dbb8680d441357ce27663beb35ca","name":"Uredni\u0161tvo Novic","image":{"@type":"ImageObject","inLanguage":"sl-SI","@id":"https:\/\/secure.gravatar.com\/avatar\/f19c0ae874706cc9ba19d2f6da5f74a5a5ee7674f283fed29ce0ad16a9f1893e?s=96&d=mm&r=g","url":"https:\/\/secure.gravatar.com\/avatar\/f19c0ae874706cc9ba19d2f6da5f74a5a5ee7674f283fed29ce0ad16a9f1893e?s=96&d=mm&r=g","contentUrl":"https:\/\/secure.gravatar.com\/avatar\/f19c0ae874706cc9ba19d2f6da5f74a5a5ee7674f283fed29ce0ad16a9f1893e?s=96&d=mm&r=g","caption":"Uredni\u0161tvo Novic"},"url":"https:\/\/novice.si\/page\/author\/jure\/"}]}},"_links":{"self":[{"href":"https:\/\/novice.si\/page\/wp-json\/wp\/v2\/posts\/162797","targetHints":{"allow":["GET"]}}],"collection":[{"href":"https:\/\/novice.si\/page\/wp-json\/wp\/v2\/posts"}],"about":[{"href":"https:\/\/novice.si\/page\/wp-json\/wp\/v2\/types\/post"}],"author":[{"embeddable":true,"href":"https:\/\/novice.si\/page\/wp-json\/wp\/v2\/users\/7"}],"replies":[{"embeddable":true,"href":"https:\/\/novice.si\/page\/wp-json\/wp\/v2\/comments?post=162797"}],"version-history":[{"count":1,"href":"https:\/\/novice.si\/page\/wp-json\/wp\/v2\/posts\/162797\/revisions"}],"predecessor-version":[{"id":162800,"href":"https:\/\/novice.si\/page\/wp-json\/wp\/v2\/posts\/162797\/revisions\/162800"}],"wp:featuredmedia":[{"embeddable":true,"href":"https:\/\/novice.si\/page\/wp-json\/wp\/v2\/media\/162799"}],"wp:attachment":[{"href":"https:\/\/novice.si\/page\/wp-json\/wp\/v2\/media?parent=162797"}],"wp:term":[{"taxonomy":"category","embeddable":true,"href":"https:\/\/novice.si\/page\/wp-json\/wp\/v2\/categories?post=162797"},{"taxonomy":"post_tag","embeddable":true,"href":"https:\/\/novice.si\/page\/wp-json\/wp\/v2\/tags?post=162797"}],"curies":[{"name":"wp","href":"https:\/\/api.w.org\/{rel}","templated":true}]}}