{"id":162786,"date":"2023-05-08T09:50:07","date_gmt":"2023-05-08T07:50:07","guid":{"rendered":"https:\/\/novice.si\/page\/?p=162786"},"modified":"2023-05-17T09:58:56","modified_gmt":"2023-05-17T07:58:56","slug":"med-ambasadorkami-zenskega-eurobasketa-tudi-katja-temnik-iz-zic","status":"publish","type":"post","link":"https:\/\/novice.si\/page\/med-ambasadorkami-zenskega-eurobasketa-tudi-katja-temnik-iz-zic\/","title":{"rendered":"Med ambasadorkami \u017eenskega EuroBasketa tudi Katja Temnik iz \u017di\u010d"},"content":{"rendered":"<figure id=\"attachment_162788\" aria-describedby=\"caption-attachment-162788\" style=\"width: 600px\" class=\"wp-caption alignnone\"><img loading=\"lazy\" decoding=\"async\" class=\"wp-image-162788 size-medium\" src=\"https:\/\/novice.si\/page\/wp-content\/uploads\/2023\/05\/temnik-katja-ambasadorka-2-Celje-Jezica-finale03_resize-600x398.jpg\" alt=\"\" width=\"600\" height=\"398\" srcset=\"https:\/\/novice.si\/page\/wp-content\/uploads\/2023\/05\/temnik-katja-ambasadorka-2-Celje-Jezica-finale03_resize-600x398.jpg 600w, https:\/\/novice.si\/page\/wp-content\/uploads\/2023\/05\/temnik-katja-ambasadorka-2-Celje-Jezica-finale03_resize-768x510.jpg 768w, https:\/\/novice.si\/page\/wp-content\/uploads\/2023\/05\/temnik-katja-ambasadorka-2-Celje-Jezica-finale03_resize-696x462.jpg 696w, https:\/\/novice.si\/page\/wp-content\/uploads\/2023\/05\/temnik-katja-ambasadorka-2-Celje-Jezica-finale03_resize-633x420.jpg 633w, https:\/\/novice.si\/page\/wp-content\/uploads\/2023\/05\/temnik-katja-ambasadorka-2-Celje-Jezica-finale03_resize-24x16.jpg 24w, https:\/\/novice.si\/page\/wp-content\/uploads\/2023\/05\/temnik-katja-ambasadorka-2-Celje-Jezica-finale03_resize-36x24.jpg 36w, https:\/\/novice.si\/page\/wp-content\/uploads\/2023\/05\/temnik-katja-ambasadorka-2-Celje-Jezica-finale03_resize-48x32.jpg 48w, https:\/\/novice.si\/page\/wp-content\/uploads\/2023\/05\/temnik-katja-ambasadorka-2-Celje-Jezica-finale03_resize.jpg 800w\" sizes=\"auto, (max-width: 600px) 100vw, 600px\" \/><figcaption id=\"caption-attachment-162788\" class=\"wp-caption-text\">Z 62 uradnimi nastopi je Katja Temnik na tretjem mestu ve\u010dne lestvice nastopov za Slovenijo.<\/figcaption><\/figure>\n<p>Junijsko evropsko prvenstvo v ko\u0161arki za \u017eenske, ki bo v Izraelu in ljubljanskih Sto\u017eicah, se nezadr\u017eno bli\u017ea. Slovenski organizatorji so izbrali dvanajstih ambasadork dogodka, med katerimi je tudi <strong>Katja Temnik<\/strong> iz \u017di\u010d, uspe\u0161na podjetnica in nekdanja ko\u0161arkarica ter kapetanka slovenske reprezentance, ki je z 62 uradnimi nastopi na tretjem mestu ve\u010dne lestvice nastopov za Slovenijo. Poleg dvanajstih \u017eensk z razli\u010dnih podro\u010dij ima eden izmed najve\u010djih leto\u0161njih \u0161portnih dogodkov v Sloveniji \u0161e dva globalna ambasadorja, <strong>Gorana Dragi\u0107a<\/strong> in <strong>Jana Oblaka<\/strong>.<br \/>\nAmbasadorke \u017eenskega EuroBasketa so razli\u010dni profili \u017eensk, nekaj je nekdanjih ko\u0161arkaric. Temnikova pravi, da so jo v projekt povabili na podlagi preteklih zaslug v dresu reprezentance in tudi zato, ker se ukvarja z ekolo\u0161kim kmetijstvom in zeli\u0161\u010darstvom. Ob sami promociji dogodka namre\u010d ambasadorke skrbijo \u0161e za opolnomo\u010denje ter krepitev \u017eensk v dru\u017ebi in \u0161portu.<br \/>\nSlovenija bo v skupinskem delu v Sto\u017eicah igrala proti Veliki Britaniji, Nem\u010diji in Franciji. \u010ceprav kot ambasadorka ni obvezana, da mora biti na tekmah, bo Temnikovo zagotovo mo\u017eno sre\u010dati v dvorani. \u0160e posebej se veseli, da sta po dolgih letih v \u010dlanski reprezentanci znova tudi dve igralki, vzgojeni v konji\u0161kem klubu, Konji\u010danka <strong>Aj\u0161a Sivka<\/strong> in Zre\u010danka <strong>Zala \u0160rot<\/strong>. &#8220;Gre za zelo perspektivni ko\u0161arkarici. Od starih prijateljev iz Italije, ki so \u0161e vedno v ko\u0161arki, dobivam o njiju oz. njunem delu same pozitivne odzive. Verjamem, da bosta punci dobili prilo\u017enost na doma\u010dem evropskem prvenstvu in jo izkoristili,&#8221; pravi Temnikova, ki je dodala, da o\u010ditno v konji\u0161kem klubu dobro delajo in uspe\u0161no razvijajo talente.<\/p>\n","protected":false},"excerpt":{"rendered":"<p>Junijsko evropsko prvenstvo v ko\u0161arki za \u017eenske, ki bo v Izraelu in ljubljanskih Sto\u017eicah, se nezadr\u017eno bli\u017ea. Slovenski organizatorji so izbrali dvanajstih ambasadork dogodka, med katerimi je tudi Katja Temnik iz \u017di\u010d, uspe\u0161na podjetnica in nekdanja ko\u0161arkarica ter kapetanka slovenske reprezentance, ki je z 62 uradnimi nastopi na tretjem mestu ve\u010dne lestvice nastopov za Slovenijo. [&hellip;]<\/p>\n","protected":false},"author":7,"featured_media":162787,"comment_status":"closed","ping_status":"closed","sticky":false,"template":"","format":"standard","meta":{"footnotes":""},"categories":[14,16,68],"tags":[17845,17844,6164],"class_list":{"0":"post-162786","1":"post","2":"type-post","3":"status-publish","4":"format-standard","5":"has-post-thumbnail","7":"category-aktualno","8":"category-konjisko","9":"category-sport","10":"tag-ambasadorka","11":"tag-eurobasket-za-zenske-2023","12":"tag-katja-temnik"},"yoast_head":"<!-- This site is optimized with the Yoast SEO plugin v27.4 - https:\/\/yoast.com\/product\/yoast-seo-wordpress\/ -->\n<title>Med ambasadorkami \u017eenskega EuroBasketa tudi Katja Temnik iz \u017di\u010d - Novice.si<\/title>\n<meta name=\"robots\" content=\"index, follow, max-snippet:-1, max-image-preview:large, max-video-preview:-1\" \/>\n<link rel=\"canonical\" href=\"https:\/\/novice.si\/page\/med-ambasadorkami-zenskega-eurobasketa-tudi-katja-temnik-iz-zic\/\" \/>\n<meta property=\"og:locale\" content=\"sl_SI\" \/>\n<meta property=\"og:type\" content=\"article\" \/>\n<meta property=\"og:title\" content=\"Med ambasadorkami \u017eenskega EuroBasketa tudi Katja Temnik iz \u017di\u010d - Novice.si\" \/>\n<meta property=\"og:description\" content=\"Junijsko evropsko prvenstvo v ko\u0161arki za \u017eenske, ki bo v Izraelu in ljubljanskih Sto\u017eicah, se nezadr\u017eno bli\u017ea. Slovenski organizatorji so izbrali dvanajstih ambasadork dogodka, med katerimi je tudi Katja Temnik iz \u017di\u010d, uspe\u0161na podjetnica in nekdanja ko\u0161arkarica ter kapetanka slovenske reprezentance, ki je z 62 uradnimi nastopi na tretjem mestu ve\u010dne lestvice nastopov za Slovenijo. [&hellip;]\" \/>\n<meta property=\"og:url\" content=\"https:\/\/novice.si\/page\/med-ambasadorkami-zenskega-eurobasketa-tudi-katja-temnik-iz-zic\/\" \/>\n<meta property=\"og:site_name\" content=\"Novice.si\" \/>\n<meta property=\"article:published_time\" content=\"2023-05-08T07:50:07+00:00\" \/>\n<meta property=\"article:modified_time\" content=\"2023-05-17T07:58:56+00:00\" \/>\n<meta property=\"og:image\" content=\"https:\/\/novice.si\/page\/wp-content\/uploads\/2023\/05\/temnik-katja-ambasadorka-1-2020.jpg\" \/>\n\t<meta property=\"og:image:width\" content=\"1000\" \/>\n\t<meta property=\"og:image:height\" content=\"667\" \/>\n\t<meta property=\"og:image:type\" content=\"image\/jpeg\" \/>\n<meta name=\"author\" content=\"Uredni\u0161tvo Novic\" \/>\n<meta name=\"twitter:card\" content=\"summary_large_image\" \/>\n<meta name=\"twitter:label1\" content=\"Written by\" \/>\n\t<meta name=\"twitter:data1\" content=\"Uredni\u0161tvo Novic\" \/>\n\t<meta name=\"twitter:label2\" content=\"Est. reading time\" \/>\n\t<meta name=\"twitter:data2\" content=\"2 minuti\" \/>\n<script type=\"application\/ld+json\" class=\"yoast-schema-graph\">{\"@context\":\"https:\\\/\\\/schema.org\",\"@graph\":[{\"@type\":\"Article\",\"@id\":\"https:\\\/\\\/novice.si\\\/page\\\/med-ambasadorkami-zenskega-eurobasketa-tudi-katja-temnik-iz-zic\\\/#article\",\"isPartOf\":{\"@id\":\"https:\\\/\\\/novice.si\\\/page\\\/med-ambasadorkami-zenskega-eurobasketa-tudi-katja-temnik-iz-zic\\\/\"},\"author\":{\"name\":\"Uredni\u0161tvo Novic\",\"@id\":\"https:\\\/\\\/novice.si\\\/page\\\/#\\\/schema\\\/person\\\/a877dbb8680d441357ce27663beb35ca\"},\"headline\":\"Med ambasadorkami \u017eenskega EuroBasketa tudi Katja Temnik iz \u017di\u010d\",\"datePublished\":\"2023-05-08T07:50:07+00:00\",\"dateModified\":\"2023-05-17T07:58:56+00:00\",\"mainEntityOfPage\":{\"@id\":\"https:\\\/\\\/novice.si\\\/page\\\/med-ambasadorkami-zenskega-eurobasketa-tudi-katja-temnik-iz-zic\\\/\"},\"wordCount\":308,\"publisher\":{\"@id\":\"https:\\\/\\\/novice.si\\\/page\\\/#organization\"},\"image\":{\"@id\":\"https:\\\/\\\/novice.si\\\/page\\\/med-ambasadorkami-zenskega-eurobasketa-tudi-katja-temnik-iz-zic\\\/#primaryimage\"},\"thumbnailUrl\":\"https:\\\/\\\/novice.si\\\/page\\\/wp-content\\\/uploads\\\/2023\\\/05\\\/temnik-katja-ambasadorka-1-2020.jpg\",\"keywords\":[\"ambasadorka\",\"EuroBasket za \u017eenske 2023\",\"katja temnik\"],\"articleSection\":[\"Aktualno\",\"Konji\u0161ko\",\"\u0160port\"],\"inLanguage\":\"sl-SI\"},{\"@type\":\"WebPage\",\"@id\":\"https:\\\/\\\/novice.si\\\/page\\\/med-ambasadorkami-zenskega-eurobasketa-tudi-katja-temnik-iz-zic\\\/\",\"url\":\"https:\\\/\\\/novice.si\\\/page\\\/med-ambasadorkami-zenskega-eurobasketa-tudi-katja-temnik-iz-zic\\\/\",\"name\":\"Med ambasadorkami \u017eenskega EuroBasketa tudi Katja Temnik iz \u017di\u010d - Novice.si\",\"isPartOf\":{\"@id\":\"https:\\\/\\\/novice.si\\\/page\\\/#website\"},\"primaryImageOfPage\":{\"@id\":\"https:\\\/\\\/novice.si\\\/page\\\/med-ambasadorkami-zenskega-eurobasketa-tudi-katja-temnik-iz-zic\\\/#primaryimage\"},\"image\":{\"@id\":\"https:\\\/\\\/novice.si\\\/page\\\/med-ambasadorkami-zenskega-eurobasketa-tudi-katja-temnik-iz-zic\\\/#primaryimage\"},\"thumbnailUrl\":\"https:\\\/\\\/novice.si\\\/page\\\/wp-content\\\/uploads\\\/2023\\\/05\\\/temnik-katja-ambasadorka-1-2020.jpg\",\"datePublished\":\"2023-05-08T07:50:07+00:00\",\"dateModified\":\"2023-05-17T07:58:56+00:00\",\"breadcrumb\":{\"@id\":\"https:\\\/\\\/novice.si\\\/page\\\/med-ambasadorkami-zenskega-eurobasketa-tudi-katja-temnik-iz-zic\\\/#breadcrumb\"},\"inLanguage\":\"sl-SI\",\"potentialAction\":[{\"@type\":\"ReadAction\",\"target\":[\"https:\\\/\\\/novice.si\\\/page\\\/med-ambasadorkami-zenskega-eurobasketa-tudi-katja-temnik-iz-zic\\\/\"]}]},{\"@type\":\"ImageObject\",\"inLanguage\":\"sl-SI\",\"@id\":\"https:\\\/\\\/novice.si\\\/page\\\/med-ambasadorkami-zenskega-eurobasketa-tudi-katja-temnik-iz-zic\\\/#primaryimage\",\"url\":\"https:\\\/\\\/novice.si\\\/page\\\/wp-content\\\/uploads\\\/2023\\\/05\\\/temnik-katja-ambasadorka-1-2020.jpg\",\"contentUrl\":\"https:\\\/\\\/novice.si\\\/page\\\/wp-content\\\/uploads\\\/2023\\\/05\\\/temnik-katja-ambasadorka-1-2020.jpg\",\"width\":1000,\"height\":667},{\"@type\":\"BreadcrumbList\",\"@id\":\"https:\\\/\\\/novice.si\\\/page\\\/med-ambasadorkami-zenskega-eurobasketa-tudi-katja-temnik-iz-zic\\\/#breadcrumb\",\"itemListElement\":[{\"@type\":\"ListItem\",\"position\":1,\"name\":\"Home\",\"item\":\"https:\\\/\\\/novice.si\\\/page\\\/\"},{\"@type\":\"ListItem\",\"position\":2,\"name\":\"Med ambasadorkami \u017eenskega EuroBasketa tudi Katja Temnik iz \u017di\u010d\"}]},{\"@type\":\"WebSite\",\"@id\":\"https:\\\/\\\/novice.si\\\/page\\\/#website\",\"url\":\"https:\\\/\\\/novice.si\\\/page\\\/\",\"name\":\"Novice.si\",\"description\":\"\",\"publisher\":{\"@id\":\"https:\\\/\\\/novice.si\\\/page\\\/#organization\"},\"potentialAction\":[{\"@type\":\"SearchAction\",\"target\":{\"@type\":\"EntryPoint\",\"urlTemplate\":\"https:\\\/\\\/novice.si\\\/page\\\/?s={search_term_string}\"},\"query-input\":{\"@type\":\"PropertyValueSpecification\",\"valueRequired\":true,\"valueName\":\"search_term_string\"}}],\"inLanguage\":\"sl-SI\"},{\"@type\":\"Organization\",\"@id\":\"https:\\\/\\\/novice.si\\\/page\\\/#organization\",\"name\":\"Novice.si\",\"url\":\"https:\\\/\\\/novice.si\\\/page\\\/\",\"logo\":{\"@type\":\"ImageObject\",\"inLanguage\":\"sl-SI\",\"@id\":\"https:\\\/\\\/novice.si\\\/page\\\/#\\\/schema\\\/logo\\\/image\\\/\",\"url\":\"https:\\\/\\\/novice.si\\\/page\\\/wp-content\\\/uploads\\\/2023\\\/03\\\/novice_si.png\",\"contentUrl\":\"https:\\\/\\\/novice.si\\\/page\\\/wp-content\\\/uploads\\\/2023\\\/03\\\/novice_si.png\",\"width\":576,\"height\":200,\"caption\":\"Novice.si\"},\"image\":{\"@id\":\"https:\\\/\\\/novice.si\\\/page\\\/#\\\/schema\\\/logo\\\/image\\\/\"}},{\"@type\":\"Person\",\"@id\":\"https:\\\/\\\/novice.si\\\/page\\\/#\\\/schema\\\/person\\\/a877dbb8680d441357ce27663beb35ca\",\"name\":\"Uredni\u0161tvo Novic\",\"image\":{\"@type\":\"ImageObject\",\"inLanguage\":\"sl-SI\",\"@id\":\"https:\\\/\\\/secure.gravatar.com\\\/avatar\\\/f19c0ae874706cc9ba19d2f6da5f74a5a5ee7674f283fed29ce0ad16a9f1893e?s=96&d=mm&r=g\",\"url\":\"https:\\\/\\\/secure.gravatar.com\\\/avatar\\\/f19c0ae874706cc9ba19d2f6da5f74a5a5ee7674f283fed29ce0ad16a9f1893e?s=96&d=mm&r=g\",\"contentUrl\":\"https:\\\/\\\/secure.gravatar.com\\\/avatar\\\/f19c0ae874706cc9ba19d2f6da5f74a5a5ee7674f283fed29ce0ad16a9f1893e?s=96&d=mm&r=g\",\"caption\":\"Uredni\u0161tvo Novic\"},\"url\":\"https:\\\/\\\/novice.si\\\/page\\\/author\\\/jure\\\/\"}]}<\/script>\n<!-- \/ Yoast SEO plugin. -->","yoast_head_json":{"title":"Med ambasadorkami \u017eenskega EuroBasketa tudi Katja Temnik iz \u017di\u010d - Novice.si","robots":{"index":"index","follow":"follow","max-snippet":"max-snippet:-1","max-image-preview":"max-image-preview:large","max-video-preview":"max-video-preview:-1"},"canonical":"https:\/\/novice.si\/page\/med-ambasadorkami-zenskega-eurobasketa-tudi-katja-temnik-iz-zic\/","og_locale":"sl_SI","og_type":"article","og_title":"Med ambasadorkami \u017eenskega EuroBasketa tudi Katja Temnik iz \u017di\u010d - Novice.si","og_description":"Junijsko evropsko prvenstvo v ko\u0161arki za \u017eenske, ki bo v Izraelu in ljubljanskih Sto\u017eicah, se nezadr\u017eno bli\u017ea. Slovenski organizatorji so izbrali dvanajstih ambasadork dogodka, med katerimi je tudi Katja Temnik iz \u017di\u010d, uspe\u0161na podjetnica in nekdanja ko\u0161arkarica ter kapetanka slovenske reprezentance, ki je z 62 uradnimi nastopi na tretjem mestu ve\u010dne lestvice nastopov za Slovenijo. [&hellip;]","og_url":"https:\/\/novice.si\/page\/med-ambasadorkami-zenskega-eurobasketa-tudi-katja-temnik-iz-zic\/","og_site_name":"Novice.si","article_published_time":"2023-05-08T07:50:07+00:00","article_modified_time":"2023-05-17T07:58:56+00:00","og_image":[{"width":1000,"height":667,"url":"https:\/\/novice.si\/page\/wp-content\/uploads\/2023\/05\/temnik-katja-ambasadorka-1-2020.jpg","type":"image\/jpeg"}],"author":"Uredni\u0161tvo Novic","twitter_card":"summary_large_image","twitter_misc":{"Written by":"Uredni\u0161tvo Novic","Est. reading time":"2 minuti"},"schema":{"@context":"https:\/\/schema.org","@graph":[{"@type":"Article","@id":"https:\/\/novice.si\/page\/med-ambasadorkami-zenskega-eurobasketa-tudi-katja-temnik-iz-zic\/#article","isPartOf":{"@id":"https:\/\/novice.si\/page\/med-ambasadorkami-zenskega-eurobasketa-tudi-katja-temnik-iz-zic\/"},"author":{"name":"Uredni\u0161tvo Novic","@id":"https:\/\/novice.si\/page\/#\/schema\/person\/a877dbb8680d441357ce27663beb35ca"},"headline":"Med ambasadorkami \u017eenskega EuroBasketa tudi Katja Temnik iz \u017di\u010d","datePublished":"2023-05-08T07:50:07+00:00","dateModified":"2023-05-17T07:58:56+00:00","mainEntityOfPage":{"@id":"https:\/\/novice.si\/page\/med-ambasadorkami-zenskega-eurobasketa-tudi-katja-temnik-iz-zic\/"},"wordCount":308,"publisher":{"@id":"https:\/\/novice.si\/page\/#organization"},"image":{"@id":"https:\/\/novice.si\/page\/med-ambasadorkami-zenskega-eurobasketa-tudi-katja-temnik-iz-zic\/#primaryimage"},"thumbnailUrl":"https:\/\/novice.si\/page\/wp-content\/uploads\/2023\/05\/temnik-katja-ambasadorka-1-2020.jpg","keywords":["ambasadorka","EuroBasket za \u017eenske 2023","katja temnik"],"articleSection":["Aktualno","Konji\u0161ko","\u0160port"],"inLanguage":"sl-SI"},{"@type":"WebPage","@id":"https:\/\/novice.si\/page\/med-ambasadorkami-zenskega-eurobasketa-tudi-katja-temnik-iz-zic\/","url":"https:\/\/novice.si\/page\/med-ambasadorkami-zenskega-eurobasketa-tudi-katja-temnik-iz-zic\/","name":"Med ambasadorkami \u017eenskega EuroBasketa tudi Katja Temnik iz \u017di\u010d - Novice.si","isPartOf":{"@id":"https:\/\/novice.si\/page\/#website"},"primaryImageOfPage":{"@id":"https:\/\/novice.si\/page\/med-ambasadorkami-zenskega-eurobasketa-tudi-katja-temnik-iz-zic\/#primaryimage"},"image":{"@id":"https:\/\/novice.si\/page\/med-ambasadorkami-zenskega-eurobasketa-tudi-katja-temnik-iz-zic\/#primaryimage"},"thumbnailUrl":"https:\/\/novice.si\/page\/wp-content\/uploads\/2023\/05\/temnik-katja-ambasadorka-1-2020.jpg","datePublished":"2023-05-08T07:50:07+00:00","dateModified":"2023-05-17T07:58:56+00:00","breadcrumb":{"@id":"https:\/\/novice.si\/page\/med-ambasadorkami-zenskega-eurobasketa-tudi-katja-temnik-iz-zic\/#breadcrumb"},"inLanguage":"sl-SI","potentialAction":[{"@type":"ReadAction","target":["https:\/\/novice.si\/page\/med-ambasadorkami-zenskega-eurobasketa-tudi-katja-temnik-iz-zic\/"]}]},{"@type":"ImageObject","inLanguage":"sl-SI","@id":"https:\/\/novice.si\/page\/med-ambasadorkami-zenskega-eurobasketa-tudi-katja-temnik-iz-zic\/#primaryimage","url":"https:\/\/novice.si\/page\/wp-content\/uploads\/2023\/05\/temnik-katja-ambasadorka-1-2020.jpg","contentUrl":"https:\/\/novice.si\/page\/wp-content\/uploads\/2023\/05\/temnik-katja-ambasadorka-1-2020.jpg","width":1000,"height":667},{"@type":"BreadcrumbList","@id":"https:\/\/novice.si\/page\/med-ambasadorkami-zenskega-eurobasketa-tudi-katja-temnik-iz-zic\/#breadcrumb","itemListElement":[{"@type":"ListItem","position":1,"name":"Home","item":"https:\/\/novice.si\/page\/"},{"@type":"ListItem","position":2,"name":"Med ambasadorkami \u017eenskega EuroBasketa tudi Katja Temnik iz \u017di\u010d"}]},{"@type":"WebSite","@id":"https:\/\/novice.si\/page\/#website","url":"https:\/\/novice.si\/page\/","name":"Novice.si","description":"","publisher":{"@id":"https:\/\/novice.si\/page\/#organization"},"potentialAction":[{"@type":"SearchAction","target":{"@type":"EntryPoint","urlTemplate":"https:\/\/novice.si\/page\/?s={search_term_string}"},"query-input":{"@type":"PropertyValueSpecification","valueRequired":true,"valueName":"search_term_string"}}],"inLanguage":"sl-SI"},{"@type":"Organization","@id":"https:\/\/novice.si\/page\/#organization","name":"Novice.si","url":"https:\/\/novice.si\/page\/","logo":{"@type":"ImageObject","inLanguage":"sl-SI","@id":"https:\/\/novice.si\/page\/#\/schema\/logo\/image\/","url":"https:\/\/novice.si\/page\/wp-content\/uploads\/2023\/03\/novice_si.png","contentUrl":"https:\/\/novice.si\/page\/wp-content\/uploads\/2023\/03\/novice_si.png","width":576,"height":200,"caption":"Novice.si"},"image":{"@id":"https:\/\/novice.si\/page\/#\/schema\/logo\/image\/"}},{"@type":"Person","@id":"https:\/\/novice.si\/page\/#\/schema\/person\/a877dbb8680d441357ce27663beb35ca","name":"Uredni\u0161tvo Novic","image":{"@type":"ImageObject","inLanguage":"sl-SI","@id":"https:\/\/secure.gravatar.com\/avatar\/f19c0ae874706cc9ba19d2f6da5f74a5a5ee7674f283fed29ce0ad16a9f1893e?s=96&d=mm&r=g","url":"https:\/\/secure.gravatar.com\/avatar\/f19c0ae874706cc9ba19d2f6da5f74a5a5ee7674f283fed29ce0ad16a9f1893e?s=96&d=mm&r=g","contentUrl":"https:\/\/secure.gravatar.com\/avatar\/f19c0ae874706cc9ba19d2f6da5f74a5a5ee7674f283fed29ce0ad16a9f1893e?s=96&d=mm&r=g","caption":"Uredni\u0161tvo Novic"},"url":"https:\/\/novice.si\/page\/author\/jure\/"}]}},"_links":{"self":[{"href":"https:\/\/novice.si\/page\/wp-json\/wp\/v2\/posts\/162786","targetHints":{"allow":["GET"]}}],"collection":[{"href":"https:\/\/novice.si\/page\/wp-json\/wp\/v2\/posts"}],"about":[{"href":"https:\/\/novice.si\/page\/wp-json\/wp\/v2\/types\/post"}],"author":[{"embeddable":true,"href":"https:\/\/novice.si\/page\/wp-json\/wp\/v2\/users\/7"}],"replies":[{"embeddable":true,"href":"https:\/\/novice.si\/page\/wp-json\/wp\/v2\/comments?post=162786"}],"version-history":[{"count":1,"href":"https:\/\/novice.si\/page\/wp-json\/wp\/v2\/posts\/162786\/revisions"}],"predecessor-version":[{"id":162789,"href":"https:\/\/novice.si\/page\/wp-json\/wp\/v2\/posts\/162786\/revisions\/162789"}],"wp:featuredmedia":[{"embeddable":true,"href":"https:\/\/novice.si\/page\/wp-json\/wp\/v2\/media\/162787"}],"wp:attachment":[{"href":"https:\/\/novice.si\/page\/wp-json\/wp\/v2\/media?parent=162786"}],"wp:term":[{"taxonomy":"category","embeddable":true,"href":"https:\/\/novice.si\/page\/wp-json\/wp\/v2\/categories?post=162786"},{"taxonomy":"post_tag","embeddable":true,"href":"https:\/\/novice.si\/page\/wp-json\/wp\/v2\/tags?post=162786"}],"curies":[{"name":"wp","href":"https:\/\/api.w.org\/{rel}","templated":true}]}}