{"id":162746,"date":"2023-05-16T18:08:59","date_gmt":"2023-05-16T16:08:59","guid":{"rendered":"https:\/\/novice.si\/page\/?p=162746"},"modified":"2023-05-16T18:08:59","modified_gmt":"2023-05-16T16:08:59","slug":"celje-priprli-osumljenca-za-vsaj-26-tatvin","status":"publish","type":"post","link":"https:\/\/novice.si\/page\/celje-priprli-osumljenca-za-vsaj-26-tatvin\/","title":{"rendered":"CELJE Priprli osumljenca za vsaj 26 tatvin"},"content":{"rendered":"<p>Preiskovalna sodnica je odredila pripor za 22-letnega Celjana, ki ga sumijo vsaj 26 tatvin in velikih tatvin.<\/p>\n<p><img loading=\"lazy\" decoding=\"async\" class=\" wp-image-161930 alignleft\" src=\"https:\/\/novice.si\/page\/wp-content\/uploads\/2023\/04\/policija-kombi-2-600x450.jpg\" alt=\"\" width=\"447\" height=\"335\" srcset=\"https:\/\/novice.si\/page\/wp-content\/uploads\/2023\/04\/policija-kombi-2-600x450.jpg 600w, https:\/\/novice.si\/page\/wp-content\/uploads\/2023\/04\/policija-kombi-2-1024x768.jpg 1024w, https:\/\/novice.si\/page\/wp-content\/uploads\/2023\/04\/policija-kombi-2-768x576.jpg 768w, https:\/\/novice.si\/page\/wp-content\/uploads\/2023\/04\/policija-kombi-2-1536x1152.jpg 1536w, https:\/\/novice.si\/page\/wp-content\/uploads\/2023\/04\/policija-kombi-2-2048x1536.jpg 2048w, https:\/\/novice.si\/page\/wp-content\/uploads\/2023\/04\/policija-kombi-2-80x60.jpg 80w, https:\/\/novice.si\/page\/wp-content\/uploads\/2023\/04\/policija-kombi-2-265x198.jpg 265w, https:\/\/novice.si\/page\/wp-content\/uploads\/2023\/04\/policija-kombi-2-696x522.jpg 696w, https:\/\/novice.si\/page\/wp-content\/uploads\/2023\/04\/policija-kombi-2-1068x801.jpg 1068w, https:\/\/novice.si\/page\/wp-content\/uploads\/2023\/04\/policija-kombi-2-560x420.jpg 560w, https:\/\/novice.si\/page\/wp-content\/uploads\/2023\/04\/policija-kombi-2-24x18.jpg 24w, https:\/\/novice.si\/page\/wp-content\/uploads\/2023\/04\/policija-kombi-2-36x27.jpg 36w, https:\/\/novice.si\/page\/wp-content\/uploads\/2023\/04\/policija-kombi-2-48x36.jpg 48w\" sizes=\"auto, (max-width: 447px) 100vw, 447px\" \/>Tako naj bi na celjskem obmo\u010dju v zadnjih mesecih ukradel ve\u010d elektri\u010dnih skirojev, v trgovinah pa je prete\u017eno kradel dra\u017eje parfume, \u017egano pija\u010do in suhomesnate izdelke. Artikle je prodajal po bistveno ni\u017ejih cenah, denar pa porabil za nakup mamil.<\/p>\n<p>Skupna vrednost ukradenega blaga zna\u0161a najmanj 7000 evrov. Ob hi\u0161ni preiskavi na njegovem domu so na\u0161li tudi obla\u010dila, ki jih je nosil med opravljanjem kaznivih dejanj.<\/p>\n<p>Gre za odvisnika, ki so ga lani \u017ee ovadili za 36 kaznivih dejanj premo\u017eenjske kriminalitete.<\/p>\n<p>P\u0160<\/p>\n","protected":false},"excerpt":{"rendered":"<p>Preiskovalna sodnica je odredila pripor za 22-letnega Celjana, ki ga sumijo vsaj 26 tatvin in velikih tatvin. Tako naj bi na celjskem obmo\u010dju v zadnjih mesecih ukradel ve\u010d elektri\u010dnih skirojev, v trgovinah pa je prete\u017eno kradel dra\u017eje parfume, \u017egano pija\u010do in suhomesnate izdelke. Artikle je prodajal po bistveno ni\u017ejih cenah, denar pa porabil za nakup [&hellip;]<\/p>\n","protected":false},"author":33,"featured_media":98282,"comment_status":"closed","ping_status":"closed","sticky":false,"template":"","format":"standard","meta":{"footnotes":""},"categories":[14,17,29],"tags":[4732,17832,4381,16077],"class_list":{"0":"post-162746","1":"post","2":"type-post","3":"status-publish","4":"format-standard","5":"has-post-thumbnail","7":"category-aktualno","8":"category-celjsko","9":"category-kronika","10":"tag-22-letni-osumljenec","11":"tag-kraje-skirojev","12":"tag-pripor","13":"tag-serijski-tat"},"yoast_head":"<!-- This site is optimized with the Yoast SEO plugin v27.4 - https:\/\/yoast.com\/product\/yoast-seo-wordpress\/ -->\n<title>CELJE Priprli osumljenca za vsaj 26 tatvin - Novice.si<\/title>\n<meta name=\"robots\" content=\"index, follow, max-snippet:-1, max-image-preview:large, max-video-preview:-1\" \/>\n<link rel=\"canonical\" href=\"https:\/\/novice.si\/page\/celje-priprli-osumljenca-za-vsaj-26-tatvin\/\" \/>\n<meta property=\"og:locale\" content=\"sl_SI\" \/>\n<meta property=\"og:type\" content=\"article\" \/>\n<meta property=\"og:title\" content=\"CELJE Priprli osumljenca za vsaj 26 tatvin - Novice.si\" \/>\n<meta property=\"og:description\" content=\"Preiskovalna sodnica je odredila pripor za 22-letnega Celjana, ki ga sumijo vsaj 26 tatvin in velikih tatvin. Tako naj bi na celjskem obmo\u010dju v zadnjih mesecih ukradel ve\u010d elektri\u010dnih skirojev, v trgovinah pa je prete\u017eno kradel dra\u017eje parfume, \u017egano pija\u010do in suhomesnate izdelke. Artikle je prodajal po bistveno ni\u017ejih cenah, denar pa porabil za nakup [&hellip;]\" \/>\n<meta property=\"og:url\" content=\"https:\/\/novice.si\/page\/celje-priprli-osumljenca-za-vsaj-26-tatvin\/\" \/>\n<meta property=\"og:site_name\" content=\"Novice.si\" \/>\n<meta property=\"article:published_time\" content=\"2023-05-16T16:08:59+00:00\" \/>\n<meta property=\"og:image\" content=\"https:\/\/novice.si\/page\/wp-content\/uploads\/2019\/01\/zapor-celje-2019-2.jpg\" \/>\n\t<meta property=\"og:image:width\" content=\"3764\" \/>\n\t<meta property=\"og:image:height\" content=\"2024\" \/>\n\t<meta property=\"og:image:type\" content=\"image\/jpeg\" \/>\n<meta name=\"author\" content=\"Uredni\u0161tvo Celjana\" \/>\n<meta name=\"twitter:card\" content=\"summary_large_image\" \/>\n<meta name=\"twitter:label1\" content=\"Written by\" \/>\n\t<meta name=\"twitter:data1\" content=\"Uredni\u0161tvo Celjana\" \/>\n\t<meta name=\"twitter:label2\" content=\"Est. reading time\" \/>\n\t<meta name=\"twitter:data2\" content=\"1 minuta\" \/>\n<script type=\"application\/ld+json\" class=\"yoast-schema-graph\">{\"@context\":\"https:\\\/\\\/schema.org\",\"@graph\":[{\"@type\":\"Article\",\"@id\":\"https:\\\/\\\/novice.si\\\/page\\\/celje-priprli-osumljenca-za-vsaj-26-tatvin\\\/#article\",\"isPartOf\":{\"@id\":\"https:\\\/\\\/novice.si\\\/page\\\/celje-priprli-osumljenca-za-vsaj-26-tatvin\\\/\"},\"author\":{\"name\":\"Uredni\u0161tvo Celjana\",\"@id\":\"https:\\\/\\\/novice.si\\\/page\\\/#\\\/schema\\\/person\\\/57f25c9642a9541c7349c65d32032c3e\"},\"headline\":\"CELJE Priprli osumljenca za vsaj 26 tatvin\",\"datePublished\":\"2023-05-16T16:08:59+00:00\",\"mainEntityOfPage\":{\"@id\":\"https:\\\/\\\/novice.si\\\/page\\\/celje-priprli-osumljenca-za-vsaj-26-tatvin\\\/\"},\"wordCount\":112,\"publisher\":{\"@id\":\"https:\\\/\\\/novice.si\\\/page\\\/#organization\"},\"image\":{\"@id\":\"https:\\\/\\\/novice.si\\\/page\\\/celje-priprli-osumljenca-za-vsaj-26-tatvin\\\/#primaryimage\"},\"thumbnailUrl\":\"https:\\\/\\\/novice.si\\\/page\\\/wp-content\\\/uploads\\\/2019\\\/01\\\/zapor-celje-2019-2.jpg\",\"keywords\":[\"22-letni osumljenec\",\"kraje skirojev\",\"pripor\",\"serijski tat\"],\"articleSection\":[\"Aktualno\",\"Celjsko\",\"Kronika\"],\"inLanguage\":\"sl-SI\"},{\"@type\":\"WebPage\",\"@id\":\"https:\\\/\\\/novice.si\\\/page\\\/celje-priprli-osumljenca-za-vsaj-26-tatvin\\\/\",\"url\":\"https:\\\/\\\/novice.si\\\/page\\\/celje-priprli-osumljenca-za-vsaj-26-tatvin\\\/\",\"name\":\"CELJE Priprli osumljenca za vsaj 26 tatvin - Novice.si\",\"isPartOf\":{\"@id\":\"https:\\\/\\\/novice.si\\\/page\\\/#website\"},\"primaryImageOfPage\":{\"@id\":\"https:\\\/\\\/novice.si\\\/page\\\/celje-priprli-osumljenca-za-vsaj-26-tatvin\\\/#primaryimage\"},\"image\":{\"@id\":\"https:\\\/\\\/novice.si\\\/page\\\/celje-priprli-osumljenca-za-vsaj-26-tatvin\\\/#primaryimage\"},\"thumbnailUrl\":\"https:\\\/\\\/novice.si\\\/page\\\/wp-content\\\/uploads\\\/2019\\\/01\\\/zapor-celje-2019-2.jpg\",\"datePublished\":\"2023-05-16T16:08:59+00:00\",\"breadcrumb\":{\"@id\":\"https:\\\/\\\/novice.si\\\/page\\\/celje-priprli-osumljenca-za-vsaj-26-tatvin\\\/#breadcrumb\"},\"inLanguage\":\"sl-SI\",\"potentialAction\":[{\"@type\":\"ReadAction\",\"target\":[\"https:\\\/\\\/novice.si\\\/page\\\/celje-priprli-osumljenca-za-vsaj-26-tatvin\\\/\"]}]},{\"@type\":\"ImageObject\",\"inLanguage\":\"sl-SI\",\"@id\":\"https:\\\/\\\/novice.si\\\/page\\\/celje-priprli-osumljenca-za-vsaj-26-tatvin\\\/#primaryimage\",\"url\":\"https:\\\/\\\/novice.si\\\/page\\\/wp-content\\\/uploads\\\/2019\\\/01\\\/zapor-celje-2019-2.jpg\",\"contentUrl\":\"https:\\\/\\\/novice.si\\\/page\\\/wp-content\\\/uploads\\\/2019\\\/01\\\/zapor-celje-2019-2.jpg\",\"width\":3764,\"height\":2024},{\"@type\":\"BreadcrumbList\",\"@id\":\"https:\\\/\\\/novice.si\\\/page\\\/celje-priprli-osumljenca-za-vsaj-26-tatvin\\\/#breadcrumb\",\"itemListElement\":[{\"@type\":\"ListItem\",\"position\":1,\"name\":\"Home\",\"item\":\"https:\\\/\\\/novice.si\\\/page\\\/\"},{\"@type\":\"ListItem\",\"position\":2,\"name\":\"CELJE Priprli osumljenca za vsaj 26 tatvin\"}]},{\"@type\":\"WebSite\",\"@id\":\"https:\\\/\\\/novice.si\\\/page\\\/#website\",\"url\":\"https:\\\/\\\/novice.si\\\/page\\\/\",\"name\":\"Novice.si\",\"description\":\"\",\"publisher\":{\"@id\":\"https:\\\/\\\/novice.si\\\/page\\\/#organization\"},\"potentialAction\":[{\"@type\":\"SearchAction\",\"target\":{\"@type\":\"EntryPoint\",\"urlTemplate\":\"https:\\\/\\\/novice.si\\\/page\\\/?s={search_term_string}\"},\"query-input\":{\"@type\":\"PropertyValueSpecification\",\"valueRequired\":true,\"valueName\":\"search_term_string\"}}],\"inLanguage\":\"sl-SI\"},{\"@type\":\"Organization\",\"@id\":\"https:\\\/\\\/novice.si\\\/page\\\/#organization\",\"name\":\"Novice.si\",\"url\":\"https:\\\/\\\/novice.si\\\/page\\\/\",\"logo\":{\"@type\":\"ImageObject\",\"inLanguage\":\"sl-SI\",\"@id\":\"https:\\\/\\\/novice.si\\\/page\\\/#\\\/schema\\\/logo\\\/image\\\/\",\"url\":\"https:\\\/\\\/novice.si\\\/page\\\/wp-content\\\/uploads\\\/2023\\\/03\\\/novice_si.png\",\"contentUrl\":\"https:\\\/\\\/novice.si\\\/page\\\/wp-content\\\/uploads\\\/2023\\\/03\\\/novice_si.png\",\"width\":576,\"height\":200,\"caption\":\"Novice.si\"},\"image\":{\"@id\":\"https:\\\/\\\/novice.si\\\/page\\\/#\\\/schema\\\/logo\\\/image\\\/\"}},{\"@type\":\"Person\",\"@id\":\"https:\\\/\\\/novice.si\\\/page\\\/#\\\/schema\\\/person\\\/57f25c9642a9541c7349c65d32032c3e\",\"name\":\"Uredni\u0161tvo Celjana\",\"image\":{\"@type\":\"ImageObject\",\"inLanguage\":\"sl-SI\",\"@id\":\"https:\\\/\\\/secure.gravatar.com\\\/avatar\\\/78e52bc4279b65f6df6345e0ef0f7b792d361361f230cf4ffecfe0afe6d5629c?s=96&d=mm&r=g\",\"url\":\"https:\\\/\\\/secure.gravatar.com\\\/avatar\\\/78e52bc4279b65f6df6345e0ef0f7b792d361361f230cf4ffecfe0afe6d5629c?s=96&d=mm&r=g\",\"contentUrl\":\"https:\\\/\\\/secure.gravatar.com\\\/avatar\\\/78e52bc4279b65f6df6345e0ef0f7b792d361361f230cf4ffecfe0afe6d5629c?s=96&d=mm&r=g\",\"caption\":\"Uredni\u0161tvo Celjana\"},\"url\":\"https:\\\/\\\/novice.si\\\/page\\\/author\\\/primoz\\\/\"}]}<\/script>\n<!-- \/ Yoast SEO plugin. -->","yoast_head_json":{"title":"CELJE Priprli osumljenca za vsaj 26 tatvin - Novice.si","robots":{"index":"index","follow":"follow","max-snippet":"max-snippet:-1","max-image-preview":"max-image-preview:large","max-video-preview":"max-video-preview:-1"},"canonical":"https:\/\/novice.si\/page\/celje-priprli-osumljenca-za-vsaj-26-tatvin\/","og_locale":"sl_SI","og_type":"article","og_title":"CELJE Priprli osumljenca za vsaj 26 tatvin - Novice.si","og_description":"Preiskovalna sodnica je odredila pripor za 22-letnega Celjana, ki ga sumijo vsaj 26 tatvin in velikih tatvin. Tako naj bi na celjskem obmo\u010dju v zadnjih mesecih ukradel ve\u010d elektri\u010dnih skirojev, v trgovinah pa je prete\u017eno kradel dra\u017eje parfume, \u017egano pija\u010do in suhomesnate izdelke. Artikle je prodajal po bistveno ni\u017ejih cenah, denar pa porabil za nakup [&hellip;]","og_url":"https:\/\/novice.si\/page\/celje-priprli-osumljenca-za-vsaj-26-tatvin\/","og_site_name":"Novice.si","article_published_time":"2023-05-16T16:08:59+00:00","og_image":[{"width":3764,"height":2024,"url":"https:\/\/novice.si\/page\/wp-content\/uploads\/2019\/01\/zapor-celje-2019-2.jpg","type":"image\/jpeg"}],"author":"Uredni\u0161tvo Celjana","twitter_card":"summary_large_image","twitter_misc":{"Written by":"Uredni\u0161tvo Celjana","Est. reading time":"1 minuta"},"schema":{"@context":"https:\/\/schema.org","@graph":[{"@type":"Article","@id":"https:\/\/novice.si\/page\/celje-priprli-osumljenca-za-vsaj-26-tatvin\/#article","isPartOf":{"@id":"https:\/\/novice.si\/page\/celje-priprli-osumljenca-za-vsaj-26-tatvin\/"},"author":{"name":"Uredni\u0161tvo Celjana","@id":"https:\/\/novice.si\/page\/#\/schema\/person\/57f25c9642a9541c7349c65d32032c3e"},"headline":"CELJE Priprli osumljenca za vsaj 26 tatvin","datePublished":"2023-05-16T16:08:59+00:00","mainEntityOfPage":{"@id":"https:\/\/novice.si\/page\/celje-priprli-osumljenca-za-vsaj-26-tatvin\/"},"wordCount":112,"publisher":{"@id":"https:\/\/novice.si\/page\/#organization"},"image":{"@id":"https:\/\/novice.si\/page\/celje-priprli-osumljenca-za-vsaj-26-tatvin\/#primaryimage"},"thumbnailUrl":"https:\/\/novice.si\/page\/wp-content\/uploads\/2019\/01\/zapor-celje-2019-2.jpg","keywords":["22-letni osumljenec","kraje skirojev","pripor","serijski tat"],"articleSection":["Aktualno","Celjsko","Kronika"],"inLanguage":"sl-SI"},{"@type":"WebPage","@id":"https:\/\/novice.si\/page\/celje-priprli-osumljenca-za-vsaj-26-tatvin\/","url":"https:\/\/novice.si\/page\/celje-priprli-osumljenca-za-vsaj-26-tatvin\/","name":"CELJE Priprli osumljenca za vsaj 26 tatvin - Novice.si","isPartOf":{"@id":"https:\/\/novice.si\/page\/#website"},"primaryImageOfPage":{"@id":"https:\/\/novice.si\/page\/celje-priprli-osumljenca-za-vsaj-26-tatvin\/#primaryimage"},"image":{"@id":"https:\/\/novice.si\/page\/celje-priprli-osumljenca-za-vsaj-26-tatvin\/#primaryimage"},"thumbnailUrl":"https:\/\/novice.si\/page\/wp-content\/uploads\/2019\/01\/zapor-celje-2019-2.jpg","datePublished":"2023-05-16T16:08:59+00:00","breadcrumb":{"@id":"https:\/\/novice.si\/page\/celje-priprli-osumljenca-za-vsaj-26-tatvin\/#breadcrumb"},"inLanguage":"sl-SI","potentialAction":[{"@type":"ReadAction","target":["https:\/\/novice.si\/page\/celje-priprli-osumljenca-za-vsaj-26-tatvin\/"]}]},{"@type":"ImageObject","inLanguage":"sl-SI","@id":"https:\/\/novice.si\/page\/celje-priprli-osumljenca-za-vsaj-26-tatvin\/#primaryimage","url":"https:\/\/novice.si\/page\/wp-content\/uploads\/2019\/01\/zapor-celje-2019-2.jpg","contentUrl":"https:\/\/novice.si\/page\/wp-content\/uploads\/2019\/01\/zapor-celje-2019-2.jpg","width":3764,"height":2024},{"@type":"BreadcrumbList","@id":"https:\/\/novice.si\/page\/celje-priprli-osumljenca-za-vsaj-26-tatvin\/#breadcrumb","itemListElement":[{"@type":"ListItem","position":1,"name":"Home","item":"https:\/\/novice.si\/page\/"},{"@type":"ListItem","position":2,"name":"CELJE Priprli osumljenca za vsaj 26 tatvin"}]},{"@type":"WebSite","@id":"https:\/\/novice.si\/page\/#website","url":"https:\/\/novice.si\/page\/","name":"Novice.si","description":"","publisher":{"@id":"https:\/\/novice.si\/page\/#organization"},"potentialAction":[{"@type":"SearchAction","target":{"@type":"EntryPoint","urlTemplate":"https:\/\/novice.si\/page\/?s={search_term_string}"},"query-input":{"@type":"PropertyValueSpecification","valueRequired":true,"valueName":"search_term_string"}}],"inLanguage":"sl-SI"},{"@type":"Organization","@id":"https:\/\/novice.si\/page\/#organization","name":"Novice.si","url":"https:\/\/novice.si\/page\/","logo":{"@type":"ImageObject","inLanguage":"sl-SI","@id":"https:\/\/novice.si\/page\/#\/schema\/logo\/image\/","url":"https:\/\/novice.si\/page\/wp-content\/uploads\/2023\/03\/novice_si.png","contentUrl":"https:\/\/novice.si\/page\/wp-content\/uploads\/2023\/03\/novice_si.png","width":576,"height":200,"caption":"Novice.si"},"image":{"@id":"https:\/\/novice.si\/page\/#\/schema\/logo\/image\/"}},{"@type":"Person","@id":"https:\/\/novice.si\/page\/#\/schema\/person\/57f25c9642a9541c7349c65d32032c3e","name":"Uredni\u0161tvo Celjana","image":{"@type":"ImageObject","inLanguage":"sl-SI","@id":"https:\/\/secure.gravatar.com\/avatar\/78e52bc4279b65f6df6345e0ef0f7b792d361361f230cf4ffecfe0afe6d5629c?s=96&d=mm&r=g","url":"https:\/\/secure.gravatar.com\/avatar\/78e52bc4279b65f6df6345e0ef0f7b792d361361f230cf4ffecfe0afe6d5629c?s=96&d=mm&r=g","contentUrl":"https:\/\/secure.gravatar.com\/avatar\/78e52bc4279b65f6df6345e0ef0f7b792d361361f230cf4ffecfe0afe6d5629c?s=96&d=mm&r=g","caption":"Uredni\u0161tvo Celjana"},"url":"https:\/\/novice.si\/page\/author\/primoz\/"}]}},"_links":{"self":[{"href":"https:\/\/novice.si\/page\/wp-json\/wp\/v2\/posts\/162746","targetHints":{"allow":["GET"]}}],"collection":[{"href":"https:\/\/novice.si\/page\/wp-json\/wp\/v2\/posts"}],"about":[{"href":"https:\/\/novice.si\/page\/wp-json\/wp\/v2\/types\/post"}],"author":[{"embeddable":true,"href":"https:\/\/novice.si\/page\/wp-json\/wp\/v2\/users\/33"}],"replies":[{"embeddable":true,"href":"https:\/\/novice.si\/page\/wp-json\/wp\/v2\/comments?post=162746"}],"version-history":[{"count":1,"href":"https:\/\/novice.si\/page\/wp-json\/wp\/v2\/posts\/162746\/revisions"}],"predecessor-version":[{"id":162747,"href":"https:\/\/novice.si\/page\/wp-json\/wp\/v2\/posts\/162746\/revisions\/162747"}],"wp:featuredmedia":[{"embeddable":true,"href":"https:\/\/novice.si\/page\/wp-json\/wp\/v2\/media\/98282"}],"wp:attachment":[{"href":"https:\/\/novice.si\/page\/wp-json\/wp\/v2\/media?parent=162746"}],"wp:term":[{"taxonomy":"category","embeddable":true,"href":"https:\/\/novice.si\/page\/wp-json\/wp\/v2\/categories?post=162746"},{"taxonomy":"post_tag","embeddable":true,"href":"https:\/\/novice.si\/page\/wp-json\/wp\/v2\/tags?post=162746"}],"curies":[{"name":"wp","href":"https:\/\/api.w.org\/{rel}","templated":true}]}}