{"id":162715,"date":"2023-05-15T12:29:31","date_gmt":"2023-05-15T10:29:31","guid":{"rendered":"https:\/\/novice.si\/page\/?p=162715"},"modified":"2023-05-15T12:29:31","modified_gmt":"2023-05-15T10:29:31","slug":"destinacija-rogla-pohorje-v-turizmu-narediti-nekaj-vec-in-veliko-bolje","status":"publish","type":"post","link":"https:\/\/novice.si\/page\/destinacija-rogla-pohorje-v-turizmu-narediti-nekaj-vec-in-veliko-bolje\/","title":{"rendered":"Destinacija Rogla &#8211; Pohorje: V turizmu narediti nekaj ve\u010d in veliko bolje"},"content":{"rendered":"<p><strong>Zadnji aprilski torek je v obnovljeni zre\u0161ki \u010dakalnici Muzeja ozkotirne \u017eelezni\u0161ke proge Polj\u010dane \u2013 Konjice\u2013Zre\u010de potekal Dan Turisti\u010dne destinacije Rogla \u2013 Pohorje (TDRP), ki jo sestavljajo ob\u010dine Oplotnica, Slovenske Konjice, Vitanje in Zre\u010de. <\/strong><\/p>\n<p>Namenjen je bil ponudnikom in zaposlenim v gostinstvu in turizmu ter vsem, ki tako ali druga\u010de soustvarjajo turisti\u010dno zgodbo teh krajev.<br \/>\nDestinacijska ekipa je skupaj s \u0161tevilnimi gosti pripravila vsebinsko bogat program, v katerem so predstavili novosti, smernice, nove destinacijske strate\u0161ke dokumente za obdobje 2022\u20132028 ter na\u010drtovane aktivnosti za sezono pomlad &#8211; jesen 2023. Slednje so zbrali tudi v novi \u0161tevilki destinacijskega \u010dasopisa.<br \/>\nRazpravljavci so si bili enotni, da nas je izku\u0161nja preteklih let nau\u010dila, da je treba ekonomijo obsega tokrat pustiti ob strani in narediti \u00bbnekaj ve\u010d, vendar to veliko bolje\u00ab, kar velja tako za nacionalni, kot regionalni, destinacijski in lokalni nivo. To je tudi slogan nove slovenske strategije.<br \/>\n<em>Dalj\u0161i prispevek, ki ga je pripravila vodja TIC Slovenske Konjice Tja\u0161a Kangler, lahko preberete v zadnji \u0161tevilki lokalnega \u010dasopisa NOVICE.<br \/>\n<\/em><\/p>\n\r\n                <style type=\"text\/css\">\r\n                    \r\n                    #tdi_1  .td-doubleSlider-2 .td-item1 {\r\n                        background: url(https:\/\/novice.si\/page\/wp-content\/uploads\/2023\/05\/Matej-Nareks-2-80x60.jpg) 0 0 no-repeat;\r\n                    }\r\n                    #tdi_1  .td-doubleSlider-2 .td-item2 {\r\n                        background: url(https:\/\/novice.si\/page\/wp-content\/uploads\/2023\/05\/Dan-TDRP-Jesse-Stefane-45-80x60.jpg) 0 0 no-repeat;\r\n                    }\r\n                    #tdi_1  .td-doubleSlider-2 .td-item3 {\r\n                        background: url(https:\/\/novice.si\/page\/wp-content\/uploads\/2023\/05\/Dan-TDRP-Jesse-Stefane-31-80x60.jpg) 0 0 no-repeat;\r\n                    }\r\n                    #tdi_1  .td-doubleSlider-2 .td-item4 {\r\n                        background: url(https:\/\/novice.si\/page\/wp-content\/uploads\/2023\/05\/Dan-TDRP-Jesse-Stefane-22-80x60.jpg) 0 0 no-repeat;\r\n                    }\r\n                    #tdi_1  .td-doubleSlider-2 .td-item5 {\r\n                        background: url(https:\/\/novice.si\/page\/wp-content\/uploads\/2023\/05\/Matej-Nareks-4-80x60.jpg) 0 0 no-repeat;\r\n                    }\r\n                    #tdi_1  .td-doubleSlider-2 .td-item6 {\r\n                        background: url(https:\/\/novice.si\/page\/wp-content\/uploads\/2023\/05\/Matej-Nareks-17-80x60.jpg) 0 0 no-repeat;\r\n                    }\r\n                    #tdi_1  .td-doubleSlider-2 .td-item7 {\r\n                        background: url(https:\/\/novice.si\/page\/wp-content\/uploads\/2023\/05\/Dan-TDRP-Jesse-Stefane-28-80x60.jpg) 0 0 no-repeat;\r\n                    }\r\n                    #tdi_1  .td-doubleSlider-2 .td-item8 {\r\n                        background: url(https:\/\/novice.si\/page\/wp-content\/uploads\/2023\/05\/Matej-Nareks-16-80x60.jpg) 0 0 no-repeat;\r\n                    }\r\n                    #tdi_1  .td-doubleSlider-2 .td-item9 {\r\n                        background: url(https:\/\/novice.si\/page\/wp-content\/uploads\/2023\/05\/Dan-TDRP-Jesse-Stefane-21-80x60.jpg) 0 0 no-repeat;\r\n                    }\r\n                    #tdi_1  .td-doubleSlider-2 .td-item10 {\r\n                        background: url(https:\/\/novice.si\/page\/wp-content\/uploads\/2023\/05\/Dan-TDRP-Jesse-Stefane-48-80x60.jpg) 0 0 no-repeat;\r\n                    }\r\n                    #tdi_1  .td-doubleSlider-2 .td-item11 {\r\n                        background: url(https:\/\/novice.si\/page\/wp-content\/uploads\/2023\/05\/Dan-TDRP-Jesse-Stefane-16-80x60.jpg) 0 0 no-repeat;\r\n                    }\r\n                <\/style>\r\n\r\n                <div id=\"tdi_1\" class=\"td-gallery td-slide-on-2-columns\">\r\n                    <div class=\"post_td_gallery\">\r\n                        <div class=\"td-gallery-slide-top\">\r\n                           <div class=\"td-gallery-title\"><\/div>\r\n\r\n                            <div class=\"td-gallery-controls-wrapper\">\r\n                                <div class=\"td-gallery-slide-count\"><span class=\"td-gallery-slide-item-focus\">1<\/span> od 11<\/div>\r\n                                <div class=\"td-gallery-slide-prev-next-but\">\r\n                                    <i class = \"td-icon-left doubleSliderPrevButton\"><\/i>\r\n                                    <i class = \"td-icon-right doubleSliderNextButton\"><\/i>\r\n                                <\/div>\r\n                            <\/div>\r\n                        <\/div>\r\n\r\n                        <div class = \"td-doubleSlider-1 \">\r\n                            <div class = \"td-slider\">\r\n                                \r\n                    <div class = \"td-slide-item td-item1\">\r\n                        <figure class=\"td-slide-galery-figure td-slide-popup-gallery\">\r\n                            <a class=\"slide-gallery-image-link\" href=\"https:\/\/novice.si\/page\/wp-content\/uploads\/2023\/05\/Matej-Nareks-2-scaled.jpg\" title=\"Matej Nareks (2)\"  data-caption=\"\"  data-description=\"\" data-gallery>\r\n                                <img decoding=\"async\" src=\"https:\/\/novice.si\/page\/wp-content\/uploads\/2023\/05\/Matej-Nareks-2-630x420.jpg\" srcset=\"https:\/\/novice.si\/page\/wp-content\/uploads\/2023\/05\/Matej-Nareks-2-630x420.jpg 630w, https:\/\/novice.si\/page\/wp-content\/uploads\/2023\/05\/Matej-Nareks-2-600x400.jpg 600w, https:\/\/novice.si\/page\/wp-content\/uploads\/2023\/05\/Matej-Nareks-2-1024x683.jpg 1024w, https:\/\/novice.si\/page\/wp-content\/uploads\/2023\/05\/Matej-Nareks-2-768x512.jpg 768w, https:\/\/novice.si\/page\/wp-content\/uploads\/2023\/05\/Matej-Nareks-2-1536x1024.jpg 1536w, https:\/\/novice.si\/page\/wp-content\/uploads\/2023\/05\/Matej-Nareks-2-2048x1365.jpg 2048w, https:\/\/novice.si\/page\/wp-content\/uploads\/2023\/05\/Matej-Nareks-2-696x464.jpg 696w, https:\/\/novice.si\/page\/wp-content\/uploads\/2023\/05\/Matej-Nareks-2-1068x712.jpg 1068w, https:\/\/novice.si\/page\/wp-content\/uploads\/2023\/05\/Matej-Nareks-2-24x16.jpg 24w, https:\/\/novice.si\/page\/wp-content\/uploads\/2023\/05\/Matej-Nareks-2-36x24.jpg 36w, https:\/\/novice.si\/page\/wp-content\/uploads\/2023\/05\/Matej-Nareks-2-48x32.jpg 48w\" sizes=\"(max-width: 630px) 100vw, 630px\" alt=\"\">\r\n                            <\/a>\r\n                            \r\n                        <\/figure>\r\n                    <\/div>\r\n                    <div class = \"td-slide-item td-item2\">\r\n                        <figure class=\"td-slide-galery-figure td-slide-popup-gallery\">\r\n                            <a class=\"slide-gallery-image-link\" href=\"https:\/\/novice.si\/page\/wp-content\/uploads\/2023\/05\/Dan-TDRP-Jesse-Stefane-45-scaled.jpg\" title=\"Dan TDRP - Jesse \u0160tefane (45)\"  data-caption=\"\"  data-description=\"\" data-gallery>\r\n                                <img decoding=\"async\" src=\"https:\/\/novice.si\/page\/wp-content\/uploads\/2023\/05\/Dan-TDRP-Jesse-Stefane-45-646x420.jpg\" srcset=\"https:\/\/novice.si\/page\/wp-content\/uploads\/2023\/05\/Dan-TDRP-Jesse-Stefane-45-646x420.jpg 646w, https:\/\/novice.si\/page\/wp-content\/uploads\/2023\/05\/Dan-TDRP-Jesse-Stefane-45-600x390.jpg 600w, https:\/\/novice.si\/page\/wp-content\/uploads\/2023\/05\/Dan-TDRP-Jesse-Stefane-45-1024x665.jpg 1024w, https:\/\/novice.si\/page\/wp-content\/uploads\/2023\/05\/Dan-TDRP-Jesse-Stefane-45-768x499.jpg 768w, https:\/\/novice.si\/page\/wp-content\/uploads\/2023\/05\/Dan-TDRP-Jesse-Stefane-45-1536x998.jpg 1536w, https:\/\/novice.si\/page\/wp-content\/uploads\/2023\/05\/Dan-TDRP-Jesse-Stefane-45-2048x1331.jpg 2048w, https:\/\/novice.si\/page\/wp-content\/uploads\/2023\/05\/Dan-TDRP-Jesse-Stefane-45-696x452.jpg 696w, https:\/\/novice.si\/page\/wp-content\/uploads\/2023\/05\/Dan-TDRP-Jesse-Stefane-45-1068x694.jpg 1068w, https:\/\/novice.si\/page\/wp-content\/uploads\/2023\/05\/Dan-TDRP-Jesse-Stefane-45-24x16.jpg 24w, https:\/\/novice.si\/page\/wp-content\/uploads\/2023\/05\/Dan-TDRP-Jesse-Stefane-45-36x23.jpg 36w, https:\/\/novice.si\/page\/wp-content\/uploads\/2023\/05\/Dan-TDRP-Jesse-Stefane-45-48x31.jpg 48w\" sizes=\"(max-width: 646px) 100vw, 646px\" alt=\"\">\r\n                            <\/a>\r\n                            \r\n                        <\/figure>\r\n                    <\/div>\r\n                    <div class = \"td-slide-item td-item3\">\r\n                        <figure class=\"td-slide-galery-figure td-slide-popup-gallery\">\r\n                            <a class=\"slide-gallery-image-link\" href=\"https:\/\/novice.si\/page\/wp-content\/uploads\/2023\/05\/Dan-TDRP-Jesse-Stefane-31-scaled.jpg\" title=\"Dan TDRP - Jesse \u0160tefane (31)\"  data-caption=\"\"  data-description=\"\" data-gallery>\r\n                                <img decoding=\"async\" src=\"https:\/\/novice.si\/page\/wp-content\/uploads\/2023\/05\/Dan-TDRP-Jesse-Stefane-31-630x420.jpg\" srcset=\"https:\/\/novice.si\/page\/wp-content\/uploads\/2023\/05\/Dan-TDRP-Jesse-Stefane-31-630x420.jpg 630w, https:\/\/novice.si\/page\/wp-content\/uploads\/2023\/05\/Dan-TDRP-Jesse-Stefane-31-600x400.jpg 600w, https:\/\/novice.si\/page\/wp-content\/uploads\/2023\/05\/Dan-TDRP-Jesse-Stefane-31-1024x683.jpg 1024w, https:\/\/novice.si\/page\/wp-content\/uploads\/2023\/05\/Dan-TDRP-Jesse-Stefane-31-768x512.jpg 768w, https:\/\/novice.si\/page\/wp-content\/uploads\/2023\/05\/Dan-TDRP-Jesse-Stefane-31-1536x1025.jpg 1536w, https:\/\/novice.si\/page\/wp-content\/uploads\/2023\/05\/Dan-TDRP-Jesse-Stefane-31-2048x1366.jpg 2048w, https:\/\/novice.si\/page\/wp-content\/uploads\/2023\/05\/Dan-TDRP-Jesse-Stefane-31-696x464.jpg 696w, https:\/\/novice.si\/page\/wp-content\/uploads\/2023\/05\/Dan-TDRP-Jesse-Stefane-31-1068x712.jpg 1068w, https:\/\/novice.si\/page\/wp-content\/uploads\/2023\/05\/Dan-TDRP-Jesse-Stefane-31-24x16.jpg 24w, https:\/\/novice.si\/page\/wp-content\/uploads\/2023\/05\/Dan-TDRP-Jesse-Stefane-31-36x24.jpg 36w, https:\/\/novice.si\/page\/wp-content\/uploads\/2023\/05\/Dan-TDRP-Jesse-Stefane-31-48x32.jpg 48w\" sizes=\"(max-width: 630px) 100vw, 630px\" alt=\"\">\r\n                            <\/a>\r\n                            \r\n                        <\/figure>\r\n                    <\/div>\r\n                    <div class = \"td-slide-item td-item4\">\r\n                        <figure class=\"td-slide-galery-figure td-slide-popup-gallery\">\r\n                            <a class=\"slide-gallery-image-link\" href=\"https:\/\/novice.si\/page\/wp-content\/uploads\/2023\/05\/Dan-TDRP-Jesse-Stefane-22-scaled.jpg\" title=\"Dan TDRP - Jesse \u0160tefane (22)\"  data-caption=\"\"  data-description=\"\" data-gallery>\r\n                                <img decoding=\"async\" src=\"https:\/\/novice.si\/page\/wp-content\/uploads\/2023\/05\/Dan-TDRP-Jesse-Stefane-22-630x420.jpg\" srcset=\"https:\/\/novice.si\/page\/wp-content\/uploads\/2023\/05\/Dan-TDRP-Jesse-Stefane-22-630x420.jpg 630w, https:\/\/novice.si\/page\/wp-content\/uploads\/2023\/05\/Dan-TDRP-Jesse-Stefane-22-600x400.jpg 600w, https:\/\/novice.si\/page\/wp-content\/uploads\/2023\/05\/Dan-TDRP-Jesse-Stefane-22-1024x683.jpg 1024w, https:\/\/novice.si\/page\/wp-content\/uploads\/2023\/05\/Dan-TDRP-Jesse-Stefane-22-768x512.jpg 768w, https:\/\/novice.si\/page\/wp-content\/uploads\/2023\/05\/Dan-TDRP-Jesse-Stefane-22-1536x1025.jpg 1536w, https:\/\/novice.si\/page\/wp-content\/uploads\/2023\/05\/Dan-TDRP-Jesse-Stefane-22-2048x1366.jpg 2048w, https:\/\/novice.si\/page\/wp-content\/uploads\/2023\/05\/Dan-TDRP-Jesse-Stefane-22-696x464.jpg 696w, https:\/\/novice.si\/page\/wp-content\/uploads\/2023\/05\/Dan-TDRP-Jesse-Stefane-22-1068x712.jpg 1068w, https:\/\/novice.si\/page\/wp-content\/uploads\/2023\/05\/Dan-TDRP-Jesse-Stefane-22-24x16.jpg 24w, https:\/\/novice.si\/page\/wp-content\/uploads\/2023\/05\/Dan-TDRP-Jesse-Stefane-22-36x24.jpg 36w, https:\/\/novice.si\/page\/wp-content\/uploads\/2023\/05\/Dan-TDRP-Jesse-Stefane-22-48x32.jpg 48w\" sizes=\"(max-width: 630px) 100vw, 630px\" alt=\"\">\r\n                            <\/a>\r\n                            \r\n                        <\/figure>\r\n                    <\/div>\r\n                    <div class = \"td-slide-item td-item5\">\r\n                        <figure class=\"td-slide-galery-figure td-slide-popup-gallery\">\r\n                            <a class=\"slide-gallery-image-link\" href=\"https:\/\/novice.si\/page\/wp-content\/uploads\/2023\/05\/Matej-Nareks-4-scaled.jpg\" title=\"Matej Nareks (4)\"  data-caption=\"\"  data-description=\"\" data-gallery>\r\n                                <img decoding=\"async\" src=\"https:\/\/novice.si\/page\/wp-content\/uploads\/2023\/05\/Matej-Nareks-4-630x420.jpg\" srcset=\"https:\/\/novice.si\/page\/wp-content\/uploads\/2023\/05\/Matej-Nareks-4-630x420.jpg 630w, https:\/\/novice.si\/page\/wp-content\/uploads\/2023\/05\/Matej-Nareks-4-600x400.jpg 600w, https:\/\/novice.si\/page\/wp-content\/uploads\/2023\/05\/Matej-Nareks-4-1024x683.jpg 1024w, https:\/\/novice.si\/page\/wp-content\/uploads\/2023\/05\/Matej-Nareks-4-768x512.jpg 768w, https:\/\/novice.si\/page\/wp-content\/uploads\/2023\/05\/Matej-Nareks-4-1536x1024.jpg 1536w, https:\/\/novice.si\/page\/wp-content\/uploads\/2023\/05\/Matej-Nareks-4-2048x1365.jpg 2048w, https:\/\/novice.si\/page\/wp-content\/uploads\/2023\/05\/Matej-Nareks-4-696x464.jpg 696w, https:\/\/novice.si\/page\/wp-content\/uploads\/2023\/05\/Matej-Nareks-4-1068x712.jpg 1068w, https:\/\/novice.si\/page\/wp-content\/uploads\/2023\/05\/Matej-Nareks-4-24x16.jpg 24w, https:\/\/novice.si\/page\/wp-content\/uploads\/2023\/05\/Matej-Nareks-4-36x24.jpg 36w, https:\/\/novice.si\/page\/wp-content\/uploads\/2023\/05\/Matej-Nareks-4-48x32.jpg 48w\" sizes=\"(max-width: 630px) 100vw, 630px\" alt=\"\">\r\n                            <\/a>\r\n                            \r\n                        <\/figure>\r\n                    <\/div>\r\n                    <div class = \"td-slide-item td-item6\">\r\n                        <figure class=\"td-slide-galery-figure td-slide-popup-gallery\">\r\n                            <a class=\"slide-gallery-image-link\" href=\"https:\/\/novice.si\/page\/wp-content\/uploads\/2023\/05\/Matej-Nareks-17-scaled.jpg\" title=\"Matej Nareks (17)\"  data-caption=\"\"  data-description=\"\" data-gallery>\r\n                                <img decoding=\"async\" src=\"https:\/\/novice.si\/page\/wp-content\/uploads\/2023\/05\/Matej-Nareks-17-630x420.jpg\" srcset=\"https:\/\/novice.si\/page\/wp-content\/uploads\/2023\/05\/Matej-Nareks-17-630x420.jpg 630w, https:\/\/novice.si\/page\/wp-content\/uploads\/2023\/05\/Matej-Nareks-17-600x400.jpg 600w, https:\/\/novice.si\/page\/wp-content\/uploads\/2023\/05\/Matej-Nareks-17-1024x683.jpg 1024w, https:\/\/novice.si\/page\/wp-content\/uploads\/2023\/05\/Matej-Nareks-17-768x512.jpg 768w, https:\/\/novice.si\/page\/wp-content\/uploads\/2023\/05\/Matej-Nareks-17-1536x1024.jpg 1536w, https:\/\/novice.si\/page\/wp-content\/uploads\/2023\/05\/Matej-Nareks-17-2048x1365.jpg 2048w, https:\/\/novice.si\/page\/wp-content\/uploads\/2023\/05\/Matej-Nareks-17-696x464.jpg 696w, https:\/\/novice.si\/page\/wp-content\/uploads\/2023\/05\/Matej-Nareks-17-1068x712.jpg 1068w, https:\/\/novice.si\/page\/wp-content\/uploads\/2023\/05\/Matej-Nareks-17-24x16.jpg 24w, https:\/\/novice.si\/page\/wp-content\/uploads\/2023\/05\/Matej-Nareks-17-36x24.jpg 36w, https:\/\/novice.si\/page\/wp-content\/uploads\/2023\/05\/Matej-Nareks-17-48x32.jpg 48w\" sizes=\"(max-width: 630px) 100vw, 630px\" alt=\"\">\r\n                            <\/a>\r\n                            \r\n                        <\/figure>\r\n                    <\/div>\r\n                    <div class = \"td-slide-item td-item7\">\r\n                        <figure class=\"td-slide-galery-figure td-slide-popup-gallery\">\r\n                            <a class=\"slide-gallery-image-link\" href=\"https:\/\/novice.si\/page\/wp-content\/uploads\/2023\/05\/Dan-TDRP-Jesse-Stefane-28-scaled.jpg\" title=\"Dan TDRP - Jesse \u0160tefane (28)\"  data-caption=\"\"  data-description=\"\" data-gallery>\r\n                                <img decoding=\"async\" src=\"https:\/\/novice.si\/page\/wp-content\/uploads\/2023\/05\/Dan-TDRP-Jesse-Stefane-28-610x420.jpg\" srcset=\"https:\/\/novice.si\/page\/wp-content\/uploads\/2023\/05\/Dan-TDRP-Jesse-Stefane-28-610x420.jpg 610w, https:\/\/novice.si\/page\/wp-content\/uploads\/2023\/05\/Dan-TDRP-Jesse-Stefane-28-600x413.jpg 600w, https:\/\/novice.si\/page\/wp-content\/uploads\/2023\/05\/Dan-TDRP-Jesse-Stefane-28-1024x705.jpg 1024w, https:\/\/novice.si\/page\/wp-content\/uploads\/2023\/05\/Dan-TDRP-Jesse-Stefane-28-768x529.jpg 768w, https:\/\/novice.si\/page\/wp-content\/uploads\/2023\/05\/Dan-TDRP-Jesse-Stefane-28-1536x1058.jpg 1536w, https:\/\/novice.si\/page\/wp-content\/uploads\/2023\/05\/Dan-TDRP-Jesse-Stefane-28-2048x1411.jpg 2048w, https:\/\/novice.si\/page\/wp-content\/uploads\/2023\/05\/Dan-TDRP-Jesse-Stefane-28-100x70.jpg 100w, https:\/\/novice.si\/page\/wp-content\/uploads\/2023\/05\/Dan-TDRP-Jesse-Stefane-28-218x150.jpg 218w, https:\/\/novice.si\/page\/wp-content\/uploads\/2023\/05\/Dan-TDRP-Jesse-Stefane-28-696x479.jpg 696w, https:\/\/novice.si\/page\/wp-content\/uploads\/2023\/05\/Dan-TDRP-Jesse-Stefane-28-1068x736.jpg 1068w, https:\/\/novice.si\/page\/wp-content\/uploads\/2023\/05\/Dan-TDRP-Jesse-Stefane-28-24x17.jpg 24w, https:\/\/novice.si\/page\/wp-content\/uploads\/2023\/05\/Dan-TDRP-Jesse-Stefane-28-36x25.jpg 36w, https:\/\/novice.si\/page\/wp-content\/uploads\/2023\/05\/Dan-TDRP-Jesse-Stefane-28-48x33.jpg 48w\" sizes=\"(max-width: 610px) 100vw, 610px\" alt=\"\">\r\n                            <\/a>\r\n                            \r\n                        <\/figure>\r\n                    <\/div>\r\n                    <div class = \"td-slide-item td-item8\">\r\n                        <figure class=\"td-slide-galery-figure td-slide-popup-gallery\">\r\n                            <a class=\"slide-gallery-image-link\" href=\"https:\/\/novice.si\/page\/wp-content\/uploads\/2023\/05\/Matej-Nareks-16-scaled.jpg\" title=\"Matej Nareks (16)\"  data-caption=\"\"  data-description=\"\" data-gallery>\r\n                                <img decoding=\"async\" src=\"https:\/\/novice.si\/page\/wp-content\/uploads\/2023\/05\/Matej-Nareks-16-630x420.jpg\" srcset=\"https:\/\/novice.si\/page\/wp-content\/uploads\/2023\/05\/Matej-Nareks-16-630x420.jpg 630w, https:\/\/novice.si\/page\/wp-content\/uploads\/2023\/05\/Matej-Nareks-16-600x400.jpg 600w, https:\/\/novice.si\/page\/wp-content\/uploads\/2023\/05\/Matej-Nareks-16-1024x683.jpg 1024w, https:\/\/novice.si\/page\/wp-content\/uploads\/2023\/05\/Matej-Nareks-16-768x512.jpg 768w, https:\/\/novice.si\/page\/wp-content\/uploads\/2023\/05\/Matej-Nareks-16-1536x1024.jpg 1536w, https:\/\/novice.si\/page\/wp-content\/uploads\/2023\/05\/Matej-Nareks-16-2048x1365.jpg 2048w, https:\/\/novice.si\/page\/wp-content\/uploads\/2023\/05\/Matej-Nareks-16-696x464.jpg 696w, https:\/\/novice.si\/page\/wp-content\/uploads\/2023\/05\/Matej-Nareks-16-1068x712.jpg 1068w, https:\/\/novice.si\/page\/wp-content\/uploads\/2023\/05\/Matej-Nareks-16-24x16.jpg 24w, https:\/\/novice.si\/page\/wp-content\/uploads\/2023\/05\/Matej-Nareks-16-36x24.jpg 36w, https:\/\/novice.si\/page\/wp-content\/uploads\/2023\/05\/Matej-Nareks-16-48x32.jpg 48w\" sizes=\"(max-width: 630px) 100vw, 630px\" alt=\"\">\r\n                            <\/a>\r\n                            \r\n                        <\/figure>\r\n                    <\/div>\r\n                    <div class = \"td-slide-item td-item9\">\r\n                        <figure class=\"td-slide-galery-figure td-slide-popup-gallery\">\r\n                            <a class=\"slide-gallery-image-link\" href=\"https:\/\/novice.si\/page\/wp-content\/uploads\/2023\/05\/Dan-TDRP-Jesse-Stefane-21-scaled.jpg\" title=\"Dan TDRP - Jesse \u0160tefane (21)\"  data-caption=\"\"  data-description=\"\" data-gallery>\r\n                                <img decoding=\"async\" src=\"https:\/\/novice.si\/page\/wp-content\/uploads\/2023\/05\/Dan-TDRP-Jesse-Stefane-21-630x420.jpg\" srcset=\"https:\/\/novice.si\/page\/wp-content\/uploads\/2023\/05\/Dan-TDRP-Jesse-Stefane-21-630x420.jpg 630w, https:\/\/novice.si\/page\/wp-content\/uploads\/2023\/05\/Dan-TDRP-Jesse-Stefane-21-600x400.jpg 600w, https:\/\/novice.si\/page\/wp-content\/uploads\/2023\/05\/Dan-TDRP-Jesse-Stefane-21-1024x683.jpg 1024w, https:\/\/novice.si\/page\/wp-content\/uploads\/2023\/05\/Dan-TDRP-Jesse-Stefane-21-768x512.jpg 768w, https:\/\/novice.si\/page\/wp-content\/uploads\/2023\/05\/Dan-TDRP-Jesse-Stefane-21-1536x1024.jpg 1536w, https:\/\/novice.si\/page\/wp-content\/uploads\/2023\/05\/Dan-TDRP-Jesse-Stefane-21-2048x1366.jpg 2048w, https:\/\/novice.si\/page\/wp-content\/uploads\/2023\/05\/Dan-TDRP-Jesse-Stefane-21-696x464.jpg 696w, https:\/\/novice.si\/page\/wp-content\/uploads\/2023\/05\/Dan-TDRP-Jesse-Stefane-21-1068x712.jpg 1068w, https:\/\/novice.si\/page\/wp-content\/uploads\/2023\/05\/Dan-TDRP-Jesse-Stefane-21-24x16.jpg 24w, https:\/\/novice.si\/page\/wp-content\/uploads\/2023\/05\/Dan-TDRP-Jesse-Stefane-21-36x24.jpg 36w, https:\/\/novice.si\/page\/wp-content\/uploads\/2023\/05\/Dan-TDRP-Jesse-Stefane-21-48x32.jpg 48w\" sizes=\"(max-width: 630px) 100vw, 630px\" alt=\"\">\r\n                            <\/a>\r\n                            \r\n                        <\/figure>\r\n                    <\/div>\r\n                    <div class = \"td-slide-item td-item10\">\r\n                        <figure class=\"td-slide-galery-figure td-slide-popup-gallery\">\r\n                            <a class=\"slide-gallery-image-link\" href=\"https:\/\/novice.si\/page\/wp-content\/uploads\/2023\/05\/Dan-TDRP-Jesse-Stefane-48-scaled.jpg\" title=\"Dan TDRP - Jesse \u0160tefane (48)\"  data-caption=\"\"  data-description=\"\" data-gallery>\r\n                                <img decoding=\"async\" src=\"https:\/\/novice.si\/page\/wp-content\/uploads\/2023\/05\/Dan-TDRP-Jesse-Stefane-48-650x420.jpg\" srcset=\"https:\/\/novice.si\/page\/wp-content\/uploads\/2023\/05\/Dan-TDRP-Jesse-Stefane-48-650x420.jpg 650w, https:\/\/novice.si\/page\/wp-content\/uploads\/2023\/05\/Dan-TDRP-Jesse-Stefane-48-600x388.jpg 600w, https:\/\/novice.si\/page\/wp-content\/uploads\/2023\/05\/Dan-TDRP-Jesse-Stefane-48-1024x662.jpg 1024w, https:\/\/novice.si\/page\/wp-content\/uploads\/2023\/05\/Dan-TDRP-Jesse-Stefane-48-768x496.jpg 768w, https:\/\/novice.si\/page\/wp-content\/uploads\/2023\/05\/Dan-TDRP-Jesse-Stefane-48-1536x993.jpg 1536w, https:\/\/novice.si\/page\/wp-content\/uploads\/2023\/05\/Dan-TDRP-Jesse-Stefane-48-2048x1323.jpg 2048w, https:\/\/novice.si\/page\/wp-content\/uploads\/2023\/05\/Dan-TDRP-Jesse-Stefane-48-696x450.jpg 696w, https:\/\/novice.si\/page\/wp-content\/uploads\/2023\/05\/Dan-TDRP-Jesse-Stefane-48-1068x690.jpg 1068w, https:\/\/novice.si\/page\/wp-content\/uploads\/2023\/05\/Dan-TDRP-Jesse-Stefane-48-24x16.jpg 24w, https:\/\/novice.si\/page\/wp-content\/uploads\/2023\/05\/Dan-TDRP-Jesse-Stefane-48-36x23.jpg 36w, https:\/\/novice.si\/page\/wp-content\/uploads\/2023\/05\/Dan-TDRP-Jesse-Stefane-48-48x31.jpg 48w\" sizes=\"(max-width: 650px) 100vw, 650px\" alt=\"\">\r\n                            <\/a>\r\n                            \r\n                        <\/figure>\r\n                    <\/div>\r\n                    <div class = \"td-slide-item td-item11\">\r\n                        <figure class=\"td-slide-galery-figure td-slide-popup-gallery\">\r\n                            <a class=\"slide-gallery-image-link\" href=\"https:\/\/novice.si\/page\/wp-content\/uploads\/2023\/05\/Dan-TDRP-Jesse-Stefane-16-scaled.jpg\" title=\"Dan TDRP - Jesse \u0160tefane (16)\"  data-caption=\"\"  data-description=\"\" data-gallery>\r\n                                <img decoding=\"async\" src=\"https:\/\/novice.si\/page\/wp-content\/uploads\/2023\/05\/Dan-TDRP-Jesse-Stefane-16-630x420.jpg\" srcset=\"https:\/\/novice.si\/page\/wp-content\/uploads\/2023\/05\/Dan-TDRP-Jesse-Stefane-16-630x420.jpg 630w, https:\/\/novice.si\/page\/wp-content\/uploads\/2023\/05\/Dan-TDRP-Jesse-Stefane-16-600x400.jpg 600w, https:\/\/novice.si\/page\/wp-content\/uploads\/2023\/05\/Dan-TDRP-Jesse-Stefane-16-1024x683.jpg 1024w, https:\/\/novice.si\/page\/wp-content\/uploads\/2023\/05\/Dan-TDRP-Jesse-Stefane-16-768x512.jpg 768w, https:\/\/novice.si\/page\/wp-content\/uploads\/2023\/05\/Dan-TDRP-Jesse-Stefane-16-1536x1025.jpg 1536w, https:\/\/novice.si\/page\/wp-content\/uploads\/2023\/05\/Dan-TDRP-Jesse-Stefane-16-2048x1366.jpg 2048w, https:\/\/novice.si\/page\/wp-content\/uploads\/2023\/05\/Dan-TDRP-Jesse-Stefane-16-696x464.jpg 696w, https:\/\/novice.si\/page\/wp-content\/uploads\/2023\/05\/Dan-TDRP-Jesse-Stefane-16-1068x712.jpg 1068w, https:\/\/novice.si\/page\/wp-content\/uploads\/2023\/05\/Dan-TDRP-Jesse-Stefane-16-24x16.jpg 24w, https:\/\/novice.si\/page\/wp-content\/uploads\/2023\/05\/Dan-TDRP-Jesse-Stefane-16-36x24.jpg 36w, https:\/\/novice.si\/page\/wp-content\/uploads\/2023\/05\/Dan-TDRP-Jesse-Stefane-16-48x32.jpg 48w\" sizes=\"(max-width: 630px) 100vw, 630px\" alt=\"\">\r\n                            <\/a>\r\n                            \r\n                        <\/figure>\r\n                    <\/div>\r\n                            <\/div>\r\n                        <\/div>\r\n\r\n                        <div class = \"td-doubleSlider-2\">\r\n                            <div class = \"td-slider\">\r\n                                \r\n                    <div class = \"td-button td-item1\">\r\n                        <div class = \"td-border\"><\/div>\r\n                    <\/div>\r\n                    <div class = \"td-button td-item2\">\r\n                        <div class = \"td-border\"><\/div>\r\n                    <\/div>\r\n                    <div class = \"td-button td-item3\">\r\n                        <div class = \"td-border\"><\/div>\r\n                    <\/div>\r\n                    <div class = \"td-button td-item4\">\r\n                        <div class = \"td-border\"><\/div>\r\n                    <\/div>\r\n                    <div class = \"td-button td-item5\">\r\n                        <div class = \"td-border\"><\/div>\r\n                    <\/div>\r\n                    <div class = \"td-button td-item6\">\r\n                        <div class = \"td-border\"><\/div>\r\n                    <\/div>\r\n                    <div class = \"td-button td-item7\">\r\n                        <div class = \"td-border\"><\/div>\r\n                    <\/div>\r\n                    <div class = \"td-button td-item8\">\r\n                        <div class = \"td-border\"><\/div>\r\n                    <\/div>\r\n                    <div class = \"td-button td-item9\">\r\n                        <div class = \"td-border\"><\/div>\r\n                    <\/div>\r\n                    <div class = \"td-button td-item10\">\r\n                        <div class = \"td-border\"><\/div>\r\n                    <\/div>\r\n                    <div class = \"td-button td-item11\">\r\n                        <div class = \"td-border\"><\/div>\r\n                    <\/div>\r\n                            <\/div>\r\n                        <\/div>\r\n\r\n                    <\/div>\r\n\r\n                <\/div>\r\n                \n<p>Foto: Jesse \u0160tefane, Matej Nareks<\/p>\n","protected":false},"excerpt":{"rendered":"<p>Zadnji aprilski torek je v obnovljeni zre\u0161ki \u010dakalnici Muzeja ozkotirne \u017eelezni\u0161ke proge Polj\u010dane \u2013 Konjice\u2013Zre\u010de potekal Dan Turisti\u010dne destinacije Rogla \u2013 Pohorje (TDRP), ki jo sestavljajo ob\u010dine Oplotnica, Slovenske Konjice, Vitanje in Zre\u010de. Namenjen je bil ponudnikom in zaposlenim v gostinstvu in turizmu ter vsem, ki tako ali druga\u010de soustvarjajo turisti\u010dno zgodbo teh krajev. Destinacijska [&hellip;]<\/p>\n","protected":false},"author":12,"featured_media":162725,"comment_status":"closed","ping_status":"closed","sticky":false,"template":"","format":"standard","meta":{"footnotes":""},"categories":[14,868,15,16,141,3108],"tags":[8022],"class_list":{"0":"post-162715","1":"post","2":"type-post","3":"status-publish","4":"format-standard","5":"has-post-thumbnail","7":"category-aktualno","8":"category-casopisi","9":"category-druzabno","10":"category-konjisko","11":"category-novice","12":"category-radio-rogla","13":"tag-turisticna-destinacija-rogla-pohorje"},"yoast_head":"<!-- This site is optimized with the Yoast SEO plugin v27.4 - https:\/\/yoast.com\/product\/yoast-seo-wordpress\/ -->\n<title>Destinacija Rogla - Pohorje: V turizmu narediti nekaj ve\u010d in veliko bolje - Novice.si<\/title>\n<meta name=\"robots\" content=\"index, follow, max-snippet:-1, max-image-preview:large, max-video-preview:-1\" \/>\n<link rel=\"canonical\" href=\"https:\/\/novice.si\/page\/destinacija-rogla-pohorje-v-turizmu-narediti-nekaj-vec-in-veliko-bolje\/\" \/>\n<meta property=\"og:locale\" content=\"sl_SI\" \/>\n<meta property=\"og:type\" content=\"article\" \/>\n<meta property=\"og:title\" content=\"Destinacija Rogla - Pohorje: V turizmu narediti nekaj ve\u010d in veliko bolje - Novice.si\" \/>\n<meta property=\"og:description\" content=\"Zadnji aprilski torek je v obnovljeni zre\u0161ki \u010dakalnici Muzeja ozkotirne \u017eelezni\u0161ke proge Polj\u010dane \u2013 Konjice\u2013Zre\u010de potekal Dan Turisti\u010dne destinacije Rogla \u2013 Pohorje (TDRP), ki jo sestavljajo ob\u010dine Oplotnica, Slovenske Konjice, Vitanje in Zre\u010de. Namenjen je bil ponudnikom in zaposlenim v gostinstvu in turizmu ter vsem, ki tako ali druga\u010de soustvarjajo turisti\u010dno zgodbo teh krajev. Destinacijska [&hellip;]\" \/>\n<meta property=\"og:url\" content=\"https:\/\/novice.si\/page\/destinacija-rogla-pohorje-v-turizmu-narediti-nekaj-vec-in-veliko-bolje\/\" \/>\n<meta property=\"og:site_name\" content=\"Novice.si\" \/>\n<meta property=\"article:published_time\" content=\"2023-05-15T10:29:31+00:00\" \/>\n<meta property=\"og:image\" content=\"https:\/\/novice.si\/page\/wp-content\/uploads\/2023\/05\/Matej-Nareks-16-scaled.jpg\" \/>\n\t<meta property=\"og:image:width\" content=\"2560\" \/>\n\t<meta property=\"og:image:height\" content=\"1707\" \/>\n\t<meta property=\"og:image:type\" content=\"image\/jpeg\" \/>\n<meta name=\"author\" content=\"Uredni\u0161tvo Celjana\" \/>\n<meta name=\"twitter:card\" content=\"summary_large_image\" \/>\n<meta name=\"twitter:label1\" content=\"Written by\" \/>\n\t<meta name=\"twitter:data1\" content=\"Uredni\u0161tvo Celjana\" \/>\n\t<meta name=\"twitter:label2\" content=\"Est. reading time\" \/>\n\t<meta name=\"twitter:data2\" content=\"1 minuta\" \/>\n<script type=\"application\/ld+json\" class=\"yoast-schema-graph\">{\"@context\":\"https:\\\/\\\/schema.org\",\"@graph\":[{\"@type\":\"Article\",\"@id\":\"https:\\\/\\\/novice.si\\\/page\\\/destinacija-rogla-pohorje-v-turizmu-narediti-nekaj-vec-in-veliko-bolje\\\/#article\",\"isPartOf\":{\"@id\":\"https:\\\/\\\/novice.si\\\/page\\\/destinacija-rogla-pohorje-v-turizmu-narediti-nekaj-vec-in-veliko-bolje\\\/\"},\"author\":{\"name\":\"Uredni\u0161tvo Celjana\",\"@id\":\"https:\\\/\\\/novice.si\\\/page\\\/#\\\/schema\\\/person\\\/51903923b50fefb075bc1cd24fe4d065\"},\"headline\":\"Destinacija Rogla &#8211; Pohorje: V turizmu narediti nekaj ve\u010d in veliko bolje\",\"datePublished\":\"2023-05-15T10:29:31+00:00\",\"mainEntityOfPage\":{\"@id\":\"https:\\\/\\\/novice.si\\\/page\\\/destinacija-rogla-pohorje-v-turizmu-narediti-nekaj-vec-in-veliko-bolje\\\/\"},\"wordCount\":201,\"publisher\":{\"@id\":\"https:\\\/\\\/novice.si\\\/page\\\/#organization\"},\"image\":{\"@id\":\"https:\\\/\\\/novice.si\\\/page\\\/destinacija-rogla-pohorje-v-turizmu-narediti-nekaj-vec-in-veliko-bolje\\\/#primaryimage\"},\"thumbnailUrl\":\"https:\\\/\\\/novice.si\\\/page\\\/wp-content\\\/uploads\\\/2023\\\/05\\\/Matej-Nareks-16-scaled.jpg\",\"keywords\":[\"turisti\u010dna destinacija rogla-pohorje\"],\"articleSection\":[\"Aktualno\",\"\u010casopisi\",\"Dru\u017eabno\",\"Konji\u0161ko\",\"Novice\",\"Radio Rogla\"],\"inLanguage\":\"sl-SI\"},{\"@type\":\"WebPage\",\"@id\":\"https:\\\/\\\/novice.si\\\/page\\\/destinacija-rogla-pohorje-v-turizmu-narediti-nekaj-vec-in-veliko-bolje\\\/\",\"url\":\"https:\\\/\\\/novice.si\\\/page\\\/destinacija-rogla-pohorje-v-turizmu-narediti-nekaj-vec-in-veliko-bolje\\\/\",\"name\":\"Destinacija Rogla - Pohorje: V turizmu narediti nekaj ve\u010d in veliko bolje - Novice.si\",\"isPartOf\":{\"@id\":\"https:\\\/\\\/novice.si\\\/page\\\/#website\"},\"primaryImageOfPage\":{\"@id\":\"https:\\\/\\\/novice.si\\\/page\\\/destinacija-rogla-pohorje-v-turizmu-narediti-nekaj-vec-in-veliko-bolje\\\/#primaryimage\"},\"image\":{\"@id\":\"https:\\\/\\\/novice.si\\\/page\\\/destinacija-rogla-pohorje-v-turizmu-narediti-nekaj-vec-in-veliko-bolje\\\/#primaryimage\"},\"thumbnailUrl\":\"https:\\\/\\\/novice.si\\\/page\\\/wp-content\\\/uploads\\\/2023\\\/05\\\/Matej-Nareks-16-scaled.jpg\",\"datePublished\":\"2023-05-15T10:29:31+00:00\",\"breadcrumb\":{\"@id\":\"https:\\\/\\\/novice.si\\\/page\\\/destinacija-rogla-pohorje-v-turizmu-narediti-nekaj-vec-in-veliko-bolje\\\/#breadcrumb\"},\"inLanguage\":\"sl-SI\",\"potentialAction\":[{\"@type\":\"ReadAction\",\"target\":[\"https:\\\/\\\/novice.si\\\/page\\\/destinacija-rogla-pohorje-v-turizmu-narediti-nekaj-vec-in-veliko-bolje\\\/\"]}]},{\"@type\":\"ImageObject\",\"inLanguage\":\"sl-SI\",\"@id\":\"https:\\\/\\\/novice.si\\\/page\\\/destinacija-rogla-pohorje-v-turizmu-narediti-nekaj-vec-in-veliko-bolje\\\/#primaryimage\",\"url\":\"https:\\\/\\\/novice.si\\\/page\\\/wp-content\\\/uploads\\\/2023\\\/05\\\/Matej-Nareks-16-scaled.jpg\",\"contentUrl\":\"https:\\\/\\\/novice.si\\\/page\\\/wp-content\\\/uploads\\\/2023\\\/05\\\/Matej-Nareks-16-scaled.jpg\",\"width\":2560,\"height\":1707},{\"@type\":\"BreadcrumbList\",\"@id\":\"https:\\\/\\\/novice.si\\\/page\\\/destinacija-rogla-pohorje-v-turizmu-narediti-nekaj-vec-in-veliko-bolje\\\/#breadcrumb\",\"itemListElement\":[{\"@type\":\"ListItem\",\"position\":1,\"name\":\"Home\",\"item\":\"https:\\\/\\\/novice.si\\\/page\\\/\"},{\"@type\":\"ListItem\",\"position\":2,\"name\":\"Destinacija Rogla &#8211; Pohorje: V turizmu narediti nekaj ve\u010d in veliko bolje\"}]},{\"@type\":\"WebSite\",\"@id\":\"https:\\\/\\\/novice.si\\\/page\\\/#website\",\"url\":\"https:\\\/\\\/novice.si\\\/page\\\/\",\"name\":\"Novice.si\",\"description\":\"\",\"publisher\":{\"@id\":\"https:\\\/\\\/novice.si\\\/page\\\/#organization\"},\"potentialAction\":[{\"@type\":\"SearchAction\",\"target\":{\"@type\":\"EntryPoint\",\"urlTemplate\":\"https:\\\/\\\/novice.si\\\/page\\\/?s={search_term_string}\"},\"query-input\":{\"@type\":\"PropertyValueSpecification\",\"valueRequired\":true,\"valueName\":\"search_term_string\"}}],\"inLanguage\":\"sl-SI\"},{\"@type\":\"Organization\",\"@id\":\"https:\\\/\\\/novice.si\\\/page\\\/#organization\",\"name\":\"Novice.si\",\"url\":\"https:\\\/\\\/novice.si\\\/page\\\/\",\"logo\":{\"@type\":\"ImageObject\",\"inLanguage\":\"sl-SI\",\"@id\":\"https:\\\/\\\/novice.si\\\/page\\\/#\\\/schema\\\/logo\\\/image\\\/\",\"url\":\"https:\\\/\\\/novice.si\\\/page\\\/wp-content\\\/uploads\\\/2023\\\/03\\\/novice_si.png\",\"contentUrl\":\"https:\\\/\\\/novice.si\\\/page\\\/wp-content\\\/uploads\\\/2023\\\/03\\\/novice_si.png\",\"width\":576,\"height\":200,\"caption\":\"Novice.si\"},\"image\":{\"@id\":\"https:\\\/\\\/novice.si\\\/page\\\/#\\\/schema\\\/logo\\\/image\\\/\"}},{\"@type\":\"Person\",\"@id\":\"https:\\\/\\\/novice.si\\\/page\\\/#\\\/schema\\\/person\\\/51903923b50fefb075bc1cd24fe4d065\",\"name\":\"Uredni\u0161tvo Celjana\",\"image\":{\"@type\":\"ImageObject\",\"inLanguage\":\"sl-SI\",\"@id\":\"https:\\\/\\\/secure.gravatar.com\\\/avatar\\\/b516f102aa90b53619e09722b8ea56721c99bfcb4f1035f9b333d99f52330226?s=96&d=mm&r=g\",\"url\":\"https:\\\/\\\/secure.gravatar.com\\\/avatar\\\/b516f102aa90b53619e09722b8ea56721c99bfcb4f1035f9b333d99f52330226?s=96&d=mm&r=g\",\"contentUrl\":\"https:\\\/\\\/secure.gravatar.com\\\/avatar\\\/b516f102aa90b53619e09722b8ea56721c99bfcb4f1035f9b333d99f52330226?s=96&d=mm&r=g\",\"caption\":\"Uredni\u0161tvo Celjana\"},\"url\":\"https:\\\/\\\/novice.si\\\/page\\\/author\\\/nejc\\\/\"}]}<\/script>\n<!-- \/ Yoast SEO plugin. -->","yoast_head_json":{"title":"Destinacija Rogla - Pohorje: V turizmu narediti nekaj ve\u010d in veliko bolje - Novice.si","robots":{"index":"index","follow":"follow","max-snippet":"max-snippet:-1","max-image-preview":"max-image-preview:large","max-video-preview":"max-video-preview:-1"},"canonical":"https:\/\/novice.si\/page\/destinacija-rogla-pohorje-v-turizmu-narediti-nekaj-vec-in-veliko-bolje\/","og_locale":"sl_SI","og_type":"article","og_title":"Destinacija Rogla - Pohorje: V turizmu narediti nekaj ve\u010d in veliko bolje - Novice.si","og_description":"Zadnji aprilski torek je v obnovljeni zre\u0161ki \u010dakalnici Muzeja ozkotirne \u017eelezni\u0161ke proge Polj\u010dane \u2013 Konjice\u2013Zre\u010de potekal Dan Turisti\u010dne destinacije Rogla \u2013 Pohorje (TDRP), ki jo sestavljajo ob\u010dine Oplotnica, Slovenske Konjice, Vitanje in Zre\u010de. Namenjen je bil ponudnikom in zaposlenim v gostinstvu in turizmu ter vsem, ki tako ali druga\u010de soustvarjajo turisti\u010dno zgodbo teh krajev. Destinacijska [&hellip;]","og_url":"https:\/\/novice.si\/page\/destinacija-rogla-pohorje-v-turizmu-narediti-nekaj-vec-in-veliko-bolje\/","og_site_name":"Novice.si","article_published_time":"2023-05-15T10:29:31+00:00","og_image":[{"width":2560,"height":1707,"url":"https:\/\/novice.si\/page\/wp-content\/uploads\/2023\/05\/Matej-Nareks-16-scaled.jpg","type":"image\/jpeg"}],"author":"Uredni\u0161tvo Celjana","twitter_card":"summary_large_image","twitter_misc":{"Written by":"Uredni\u0161tvo Celjana","Est. reading time":"1 minuta"},"schema":{"@context":"https:\/\/schema.org","@graph":[{"@type":"Article","@id":"https:\/\/novice.si\/page\/destinacija-rogla-pohorje-v-turizmu-narediti-nekaj-vec-in-veliko-bolje\/#article","isPartOf":{"@id":"https:\/\/novice.si\/page\/destinacija-rogla-pohorje-v-turizmu-narediti-nekaj-vec-in-veliko-bolje\/"},"author":{"name":"Uredni\u0161tvo Celjana","@id":"https:\/\/novice.si\/page\/#\/schema\/person\/51903923b50fefb075bc1cd24fe4d065"},"headline":"Destinacija Rogla &#8211; Pohorje: V turizmu narediti nekaj ve\u010d in veliko bolje","datePublished":"2023-05-15T10:29:31+00:00","mainEntityOfPage":{"@id":"https:\/\/novice.si\/page\/destinacija-rogla-pohorje-v-turizmu-narediti-nekaj-vec-in-veliko-bolje\/"},"wordCount":201,"publisher":{"@id":"https:\/\/novice.si\/page\/#organization"},"image":{"@id":"https:\/\/novice.si\/page\/destinacija-rogla-pohorje-v-turizmu-narediti-nekaj-vec-in-veliko-bolje\/#primaryimage"},"thumbnailUrl":"https:\/\/novice.si\/page\/wp-content\/uploads\/2023\/05\/Matej-Nareks-16-scaled.jpg","keywords":["turisti\u010dna destinacija rogla-pohorje"],"articleSection":["Aktualno","\u010casopisi","Dru\u017eabno","Konji\u0161ko","Novice","Radio Rogla"],"inLanguage":"sl-SI"},{"@type":"WebPage","@id":"https:\/\/novice.si\/page\/destinacija-rogla-pohorje-v-turizmu-narediti-nekaj-vec-in-veliko-bolje\/","url":"https:\/\/novice.si\/page\/destinacija-rogla-pohorje-v-turizmu-narediti-nekaj-vec-in-veliko-bolje\/","name":"Destinacija Rogla - Pohorje: V turizmu narediti nekaj ve\u010d in veliko bolje - Novice.si","isPartOf":{"@id":"https:\/\/novice.si\/page\/#website"},"primaryImageOfPage":{"@id":"https:\/\/novice.si\/page\/destinacija-rogla-pohorje-v-turizmu-narediti-nekaj-vec-in-veliko-bolje\/#primaryimage"},"image":{"@id":"https:\/\/novice.si\/page\/destinacija-rogla-pohorje-v-turizmu-narediti-nekaj-vec-in-veliko-bolje\/#primaryimage"},"thumbnailUrl":"https:\/\/novice.si\/page\/wp-content\/uploads\/2023\/05\/Matej-Nareks-16-scaled.jpg","datePublished":"2023-05-15T10:29:31+00:00","breadcrumb":{"@id":"https:\/\/novice.si\/page\/destinacija-rogla-pohorje-v-turizmu-narediti-nekaj-vec-in-veliko-bolje\/#breadcrumb"},"inLanguage":"sl-SI","potentialAction":[{"@type":"ReadAction","target":["https:\/\/novice.si\/page\/destinacija-rogla-pohorje-v-turizmu-narediti-nekaj-vec-in-veliko-bolje\/"]}]},{"@type":"ImageObject","inLanguage":"sl-SI","@id":"https:\/\/novice.si\/page\/destinacija-rogla-pohorje-v-turizmu-narediti-nekaj-vec-in-veliko-bolje\/#primaryimage","url":"https:\/\/novice.si\/page\/wp-content\/uploads\/2023\/05\/Matej-Nareks-16-scaled.jpg","contentUrl":"https:\/\/novice.si\/page\/wp-content\/uploads\/2023\/05\/Matej-Nareks-16-scaled.jpg","width":2560,"height":1707},{"@type":"BreadcrumbList","@id":"https:\/\/novice.si\/page\/destinacija-rogla-pohorje-v-turizmu-narediti-nekaj-vec-in-veliko-bolje\/#breadcrumb","itemListElement":[{"@type":"ListItem","position":1,"name":"Home","item":"https:\/\/novice.si\/page\/"},{"@type":"ListItem","position":2,"name":"Destinacija Rogla &#8211; Pohorje: V turizmu narediti nekaj ve\u010d in veliko bolje"}]},{"@type":"WebSite","@id":"https:\/\/novice.si\/page\/#website","url":"https:\/\/novice.si\/page\/","name":"Novice.si","description":"","publisher":{"@id":"https:\/\/novice.si\/page\/#organization"},"potentialAction":[{"@type":"SearchAction","target":{"@type":"EntryPoint","urlTemplate":"https:\/\/novice.si\/page\/?s={search_term_string}"},"query-input":{"@type":"PropertyValueSpecification","valueRequired":true,"valueName":"search_term_string"}}],"inLanguage":"sl-SI"},{"@type":"Organization","@id":"https:\/\/novice.si\/page\/#organization","name":"Novice.si","url":"https:\/\/novice.si\/page\/","logo":{"@type":"ImageObject","inLanguage":"sl-SI","@id":"https:\/\/novice.si\/page\/#\/schema\/logo\/image\/","url":"https:\/\/novice.si\/page\/wp-content\/uploads\/2023\/03\/novice_si.png","contentUrl":"https:\/\/novice.si\/page\/wp-content\/uploads\/2023\/03\/novice_si.png","width":576,"height":200,"caption":"Novice.si"},"image":{"@id":"https:\/\/novice.si\/page\/#\/schema\/logo\/image\/"}},{"@type":"Person","@id":"https:\/\/novice.si\/page\/#\/schema\/person\/51903923b50fefb075bc1cd24fe4d065","name":"Uredni\u0161tvo Celjana","image":{"@type":"ImageObject","inLanguage":"sl-SI","@id":"https:\/\/secure.gravatar.com\/avatar\/b516f102aa90b53619e09722b8ea56721c99bfcb4f1035f9b333d99f52330226?s=96&d=mm&r=g","url":"https:\/\/secure.gravatar.com\/avatar\/b516f102aa90b53619e09722b8ea56721c99bfcb4f1035f9b333d99f52330226?s=96&d=mm&r=g","contentUrl":"https:\/\/secure.gravatar.com\/avatar\/b516f102aa90b53619e09722b8ea56721c99bfcb4f1035f9b333d99f52330226?s=96&d=mm&r=g","caption":"Uredni\u0161tvo Celjana"},"url":"https:\/\/novice.si\/page\/author\/nejc\/"}]}},"_links":{"self":[{"href":"https:\/\/novice.si\/page\/wp-json\/wp\/v2\/posts\/162715","targetHints":{"allow":["GET"]}}],"collection":[{"href":"https:\/\/novice.si\/page\/wp-json\/wp\/v2\/posts"}],"about":[{"href":"https:\/\/novice.si\/page\/wp-json\/wp\/v2\/types\/post"}],"author":[{"embeddable":true,"href":"https:\/\/novice.si\/page\/wp-json\/wp\/v2\/users\/12"}],"replies":[{"embeddable":true,"href":"https:\/\/novice.si\/page\/wp-json\/wp\/v2\/comments?post=162715"}],"version-history":[{"count":1,"href":"https:\/\/novice.si\/page\/wp-json\/wp\/v2\/posts\/162715\/revisions"}],"predecessor-version":[{"id":162727,"href":"https:\/\/novice.si\/page\/wp-json\/wp\/v2\/posts\/162715\/revisions\/162727"}],"wp:featuredmedia":[{"embeddable":true,"href":"https:\/\/novice.si\/page\/wp-json\/wp\/v2\/media\/162725"}],"wp:attachment":[{"href":"https:\/\/novice.si\/page\/wp-json\/wp\/v2\/media?parent=162715"}],"wp:term":[{"taxonomy":"category","embeddable":true,"href":"https:\/\/novice.si\/page\/wp-json\/wp\/v2\/categories?post=162715"},{"taxonomy":"post_tag","embeddable":true,"href":"https:\/\/novice.si\/page\/wp-json\/wp\/v2\/tags?post=162715"}],"curies":[{"name":"wp","href":"https:\/\/api.w.org\/{rel}","templated":true}]}}