{"id":162610,"date":"2023-05-11T17:29:04","date_gmt":"2023-05-11T15:29:04","guid":{"rendered":"https:\/\/novice.si\/page\/?p=162610"},"modified":"2023-05-10T17:44:40","modified_gmt":"2023-05-10T15:44:40","slug":"stilska-preobrazba-v-mestu","status":"publish","type":"post","link":"https:\/\/novice.si\/page\/stilska-preobrazba-v-mestu\/","title":{"rendered":"Stilska preobrazba v mestu"},"content":{"rendered":"\r\n                <style type=\"text\/css\">\r\n                    \r\n                    #tdi_1  .td-doubleSlider-2 .td-item1 {\r\n                        background: url(https:\/\/novice.si\/page\/wp-content\/uploads\/2023\/05\/Reportaza_Stilska-preobrazba1-80x60.jpg) 0 0 no-repeat;\r\n                    }\r\n                    #tdi_1  .td-doubleSlider-2 .td-item2 {\r\n                        background: url(https:\/\/novice.si\/page\/wp-content\/uploads\/2023\/05\/Reportaza_Stilska-preobrazba2-80x60.jpg) 0 0 no-repeat;\r\n                    }\r\n                    #tdi_1  .td-doubleSlider-2 .td-item3 {\r\n                        background: url(https:\/\/novice.si\/page\/wp-content\/uploads\/2023\/05\/Reportaza_Stilska-preobrazba3-80x60.jpg) 0 0 no-repeat;\r\n                    }\r\n                    #tdi_1  .td-doubleSlider-2 .td-item4 {\r\n                        background: url(https:\/\/novice.si\/page\/wp-content\/uploads\/2023\/05\/Reportaza_Stilska-preobrazba5-80x60.jpg) 0 0 no-repeat;\r\n                    }\r\n                <\/style>\r\n\r\n                <div id=\"tdi_1\" class=\"td-gallery td-slide-on-2-columns\">\r\n                    <div class=\"post_td_gallery\">\r\n                        <div class=\"td-gallery-slide-top\">\r\n                           <div class=\"td-gallery-title\">Stilska preobrazba v mestu<\/div>\r\n\r\n                            <div class=\"td-gallery-controls-wrapper\">\r\n                                <div class=\"td-gallery-slide-count\"><span class=\"td-gallery-slide-item-focus\">1<\/span> od 4<\/div>\r\n                                <div class=\"td-gallery-slide-prev-next-but\">\r\n                                    <i class = \"td-icon-left doubleSliderPrevButton\"><\/i>\r\n                                    <i class = \"td-icon-right doubleSliderNextButton\"><\/i>\r\n                                <\/div>\r\n                            <\/div>\r\n                        <\/div>\r\n\r\n                        <div class = \"td-doubleSlider-1 \">\r\n                            <div class = \"td-slider\">\r\n                                \r\n                    <div class = \"td-slide-item td-item1\">\r\n                        <figure class=\"td-slide-galery-figure td-slide-popup-gallery\">\r\n                            <a class=\"slide-gallery-image-link\" href=\"https:\/\/novice.si\/page\/wp-content\/uploads\/2023\/05\/Reportaza_Stilska-preobrazba1.jpg\" title=\"Reporta\u017ea_Stilska preobrazba1\"  data-caption=\"Stra\u0161kova je \u017eelela pri stiliranju prikazati, kako lahko z izdelki iz druge roke kombiniramo tudi nove izdelke in ustvarimo tako vsakodnevni kot tudi ve\u010derni oz. elegantnej\u0161i videz. Foto: Ana Sajovic Photo\"  data-description=\"\" data-gallery>\r\n                                <img decoding=\"async\" src=\"https:\/\/novice.si\/page\/wp-content\/uploads\/2023\/05\/Reportaza_Stilska-preobrazba1-280x420.jpg\" srcset=\"https:\/\/novice.si\/page\/wp-content\/uploads\/2023\/05\/Reportaza_Stilska-preobrazba1-280x420.jpg 280w, https:\/\/novice.si\/page\/wp-content\/uploads\/2023\/05\/Reportaza_Stilska-preobrazba1-400x600.jpg 400w, https:\/\/novice.si\/page\/wp-content\/uploads\/2023\/05\/Reportaza_Stilska-preobrazba1-683x1024.jpg 683w, https:\/\/novice.si\/page\/wp-content\/uploads\/2023\/05\/Reportaza_Stilska-preobrazba1-768x1151.jpg 768w, https:\/\/novice.si\/page\/wp-content\/uploads\/2023\/05\/Reportaza_Stilska-preobrazba1-696x1043.jpg 696w, https:\/\/novice.si\/page\/wp-content\/uploads\/2023\/05\/Reportaza_Stilska-preobrazba1-16x24.jpg 16w, https:\/\/novice.si\/page\/wp-content\/uploads\/2023\/05\/Reportaza_Stilska-preobrazba1-24x36.jpg 24w, https:\/\/novice.si\/page\/wp-content\/uploads\/2023\/05\/Reportaza_Stilska-preobrazba1-32x48.jpg 32w, https:\/\/novice.si\/page\/wp-content\/uploads\/2023\/05\/Reportaza_Stilska-preobrazba1.jpg 854w\" sizes=\"(max-width: 280px) 100vw, 280px\" alt=\"\">\r\n                            <\/a>\r\n                            <figcaption class = \"td-slide-caption td-gallery-slide-content\"><div class = \"td-gallery-slide-copywrite\">Stra\u0161kova je \u017eelela pri stiliranju prikazati, kako lahko z izdelki iz druge roke kombiniramo tudi nove izdelke in ustvarimo tako vsakodnevni kot tudi ve\u010derni oz. elegantnej\u0161i videz. Foto: Ana Sajovic Photo<\/div><\/figcaption>\r\n                        <\/figure>\r\n                    <\/div>\r\n                    <div class = \"td-slide-item td-item2\">\r\n                        <figure class=\"td-slide-galery-figure td-slide-popup-gallery\">\r\n                            <a class=\"slide-gallery-image-link\" href=\"https:\/\/novice.si\/page\/wp-content\/uploads\/2023\/05\/Reportaza_Stilska-preobrazba2.jpg\" title=\"Reporta\u017ea_Stilska preobrazba2\"  data-caption=\"Vzgoja o odnosu do mode se za\u010dne pri najmlaj\u0161ih. Foto: Ana Sajovic Photo\"  data-description=\"\" data-gallery>\r\n                                <img decoding=\"async\" src=\"https:\/\/novice.si\/page\/wp-content\/uploads\/2023\/05\/Reportaza_Stilska-preobrazba2-630x420.jpg\" srcset=\"https:\/\/novice.si\/page\/wp-content\/uploads\/2023\/05\/Reportaza_Stilska-preobrazba2-630x420.jpg 630w, https:\/\/novice.si\/page\/wp-content\/uploads\/2023\/05\/Reportaza_Stilska-preobrazba2-600x400.jpg 600w, https:\/\/novice.si\/page\/wp-content\/uploads\/2023\/05\/Reportaza_Stilska-preobrazba2-1024x683.jpg 1024w, https:\/\/novice.si\/page\/wp-content\/uploads\/2023\/05\/Reportaza_Stilska-preobrazba2-768x512.jpg 768w, https:\/\/novice.si\/page\/wp-content\/uploads\/2023\/05\/Reportaza_Stilska-preobrazba2-696x464.jpg 696w, https:\/\/novice.si\/page\/wp-content\/uploads\/2023\/05\/Reportaza_Stilska-preobrazba2-1068x713.jpg 1068w, https:\/\/novice.si\/page\/wp-content\/uploads\/2023\/05\/Reportaza_Stilska-preobrazba2-24x16.jpg 24w, https:\/\/novice.si\/page\/wp-content\/uploads\/2023\/05\/Reportaza_Stilska-preobrazba2-36x24.jpg 36w, https:\/\/novice.si\/page\/wp-content\/uploads\/2023\/05\/Reportaza_Stilska-preobrazba2-48x32.jpg 48w, https:\/\/novice.si\/page\/wp-content\/uploads\/2023\/05\/Reportaza_Stilska-preobrazba2.jpg 1280w\" sizes=\"(max-width: 630px) 100vw, 630px\" alt=\"\">\r\n                            <\/a>\r\n                            <figcaption class = \"td-slide-caption td-gallery-slide-content\"><div class = \"td-gallery-slide-copywrite\">Vzgoja o odnosu do mode se za\u010dne pri najmlaj\u0161ih. Foto: Ana Sajovic Photo<\/div><\/figcaption>\r\n                        <\/figure>\r\n                    <\/div>\r\n                    <div class = \"td-slide-item td-item3\">\r\n                        <figure class=\"td-slide-galery-figure td-slide-popup-gallery\">\r\n                            <a class=\"slide-gallery-image-link\" href=\"https:\/\/novice.si\/page\/wp-content\/uploads\/2023\/05\/Reportaza_Stilska-preobrazba3.jpg\" title=\"Reporta\u017ea_Stilska preobrazba3\"  data-caption=\"Stilistko veseli, da so tudi nagrajenci trend trajnostne mode z veseljem sprejeli in so za\u010deli o modi razmi\u0161ljati na drug na\u010din. Foto: Ana Sajovic Photo\"  data-description=\"\" data-gallery>\r\n                                <img decoding=\"async\" src=\"https:\/\/novice.si\/page\/wp-content\/uploads\/2023\/05\/Reportaza_Stilska-preobrazba3-280x420.jpg\" srcset=\"https:\/\/novice.si\/page\/wp-content\/uploads\/2023\/05\/Reportaza_Stilska-preobrazba3-280x420.jpg 280w, https:\/\/novice.si\/page\/wp-content\/uploads\/2023\/05\/Reportaza_Stilska-preobrazba3-400x600.jpg 400w, https:\/\/novice.si\/page\/wp-content\/uploads\/2023\/05\/Reportaza_Stilska-preobrazba3-683x1024.jpg 683w, https:\/\/novice.si\/page\/wp-content\/uploads\/2023\/05\/Reportaza_Stilska-preobrazba3-768x1151.jpg 768w, https:\/\/novice.si\/page\/wp-content\/uploads\/2023\/05\/Reportaza_Stilska-preobrazba3-696x1043.jpg 696w, https:\/\/novice.si\/page\/wp-content\/uploads\/2023\/05\/Reportaza_Stilska-preobrazba3-16x24.jpg 16w, https:\/\/novice.si\/page\/wp-content\/uploads\/2023\/05\/Reportaza_Stilska-preobrazba3-24x36.jpg 24w, https:\/\/novice.si\/page\/wp-content\/uploads\/2023\/05\/Reportaza_Stilska-preobrazba3-32x48.jpg 32w, https:\/\/novice.si\/page\/wp-content\/uploads\/2023\/05\/Reportaza_Stilska-preobrazba3.jpg 854w\" sizes=\"(max-width: 280px) 100vw, 280px\" alt=\"\">\r\n                            <\/a>\r\n                            <figcaption class = \"td-slide-caption td-gallery-slide-content\"><div class = \"td-gallery-slide-copywrite\">Stilistko veseli, da so tudi nagrajenci trend trajnostne mode z veseljem sprejeli in so za\u010deli o modi razmi\u0161ljati na drug na\u010din. Foto: Ana Sajovic Photo<\/div><\/figcaption>\r\n                        <\/figure>\r\n                    <\/div>\r\n                    <div class = \"td-slide-item td-item4\">\r\n                        <figure class=\"td-slide-galery-figure td-slide-popup-gallery\">\r\n                            <a class=\"slide-gallery-image-link\" href=\"https:\/\/novice.si\/page\/wp-content\/uploads\/2023\/05\/Reportaza_Stilska-preobrazba5.jpg\" title=\"Reporta\u017ea_Stilska preobrazba5\"  data-caption=\"Po preobrazbi pri\u010deske. Foto: Ana Sajovic Photo\"  data-description=\"\" data-gallery>\r\n                                <img decoding=\"async\" src=\"https:\/\/novice.si\/page\/wp-content\/uploads\/2023\/05\/Reportaza_Stilska-preobrazba5-280x420.jpg\" srcset=\"https:\/\/novice.si\/page\/wp-content\/uploads\/2023\/05\/Reportaza_Stilska-preobrazba5-280x420.jpg 280w, https:\/\/novice.si\/page\/wp-content\/uploads\/2023\/05\/Reportaza_Stilska-preobrazba5-400x600.jpg 400w, https:\/\/novice.si\/page\/wp-content\/uploads\/2023\/05\/Reportaza_Stilska-preobrazba5-683x1024.jpg 683w, https:\/\/novice.si\/page\/wp-content\/uploads\/2023\/05\/Reportaza_Stilska-preobrazba5-768x1151.jpg 768w, https:\/\/novice.si\/page\/wp-content\/uploads\/2023\/05\/Reportaza_Stilska-preobrazba5-696x1043.jpg 696w, https:\/\/novice.si\/page\/wp-content\/uploads\/2023\/05\/Reportaza_Stilska-preobrazba5-16x24.jpg 16w, https:\/\/novice.si\/page\/wp-content\/uploads\/2023\/05\/Reportaza_Stilska-preobrazba5-24x36.jpg 24w, https:\/\/novice.si\/page\/wp-content\/uploads\/2023\/05\/Reportaza_Stilska-preobrazba5-32x48.jpg 32w, https:\/\/novice.si\/page\/wp-content\/uploads\/2023\/05\/Reportaza_Stilska-preobrazba5.jpg 854w\" sizes=\"(max-width: 280px) 100vw, 280px\" alt=\"\">\r\n                            <\/a>\r\n                            <figcaption class = \"td-slide-caption td-gallery-slide-content\"><div class = \"td-gallery-slide-copywrite\">Po preobrazbi pri\u010deske. Foto: Ana Sajovic Photo<\/div><\/figcaption>\r\n                        <\/figure>\r\n                    <\/div>\r\n                            <\/div>\r\n                        <\/div>\r\n\r\n                        <div class = \"td-doubleSlider-2\">\r\n                            <div class = \"td-slider\">\r\n                                \r\n                    <div class = \"td-button td-item1\">\r\n                        <div class = \"td-border\"><\/div>\r\n                    <\/div>\r\n                    <div class = \"td-button td-item2\">\r\n                        <div class = \"td-border\"><\/div>\r\n                    <\/div>\r\n                    <div class = \"td-button td-item3\">\r\n                        <div class = \"td-border\"><\/div>\r\n                    <\/div>\r\n                    <div class = \"td-button td-item4\">\r\n                        <div class = \"td-border\"><\/div>\r\n                    <\/div>\r\n                            <\/div>\r\n                        <\/div>\r\n\r\n                    <\/div>\r\n\r\n                <\/div>\r\n                \n<p><em>Stilske preobrazbe so bili dele\u017eni nagrajenci v promocijski akciji Zavoda Celeia Celje za o\u017eivitev starega mestnega jedra. Pri stiliranju so sledili smernicam trajnostne mode.<\/em><\/p>\n<p>K o\u017eivitvi starega mestnega jedra Zavod Celeia Celje, enota Mestni marketing, vabi tudi z inovativnimi pristopi v aktivaciji mestnih gostincev in trgovcev. Ena tak\u0161nih je promocijska akcija &#8216;Razvajaj se v mestu,&#8217; ki je potekala marca in aprila z razli\u010dnimi popusti in nagradami. Nekaj sre\u010dne\u017eev je tako v za\u010detku maja do\u017eivelo stilsko preobrazbo.<\/p>\n<p><strong>V mestu se uredimo od glave do pet<\/strong><\/p>\n<p>Pod budnim o\u010desom stilistke <strong>\u0160pele Stra\u0161ek<\/strong> so nagrajencem uredili pri\u010desko, jih nali\u010dili in oblekli, hkrati so jim pripravili \u0161e kulinari\u010dno razvajanje in oglede turisti\u010dnih atrakcij ter seveda profesionalno fotografiranje.<\/p>\n<p>Z vami delimo nekaj fotografij, ve\u010d o samem dogodku pa v aktualnem Celjanu.<\/p>\n","protected":false},"excerpt":{"rendered":"<p>Stilske preobrazbe so bili dele\u017eni nagrajenci v promocijski akciji Zavoda Celeia Celje za o\u017eivitev starega mestnega jedra. Pri stiliranju so sledili smernicam trajnostne mode. K o\u017eivitvi starega mestnega jedra Zavod Celeia Celje, enota Mestni marketing, vabi tudi z inovativnimi pristopi v aktivaciji mestnih gostincev in trgovcev. Ena tak\u0161nih je promocijska akcija &#8216;Razvajaj se v mestu,&#8217; [&hellip;]<\/p>\n","protected":false},"author":55,"featured_media":162613,"comment_status":"closed","ping_status":"closed","sticky":false,"template":"","format":"standard","meta":{"footnotes":""},"categories":[14,142,17],"tags":[],"class_list":{"0":"post-162610","1":"post","2":"type-post","3":"status-publish","4":"format-standard","5":"has-post-thumbnail","7":"category-aktualno","8":"category-celjan","9":"category-celjsko"},"yoast_head":"<!-- This site is optimized with the Yoast SEO plugin v27.4 - https:\/\/yoast.com\/product\/yoast-seo-wordpress\/ -->\n<title>Stilska preobrazba v mestu - Novice.si<\/title>\n<meta name=\"robots\" content=\"index, follow, max-snippet:-1, max-image-preview:large, max-video-preview:-1\" \/>\n<link rel=\"canonical\" href=\"https:\/\/novice.si\/page\/stilska-preobrazba-v-mestu\/\" \/>\n<meta property=\"og:locale\" content=\"sl_SI\" \/>\n<meta property=\"og:type\" content=\"article\" \/>\n<meta property=\"og:title\" content=\"Stilska preobrazba v mestu - Novice.si\" \/>\n<meta property=\"og:description\" content=\"Stilske preobrazbe so bili dele\u017eni nagrajenci v promocijski akciji Zavoda Celeia Celje za o\u017eivitev starega mestnega jedra. Pri stiliranju so sledili smernicam trajnostne mode. K o\u017eivitvi starega mestnega jedra Zavod Celeia Celje, enota Mestni marketing, vabi tudi z inovativnimi pristopi v aktivaciji mestnih gostincev in trgovcev. Ena tak\u0161nih je promocijska akcija &#8216;Razvajaj se v mestu,&#8217; [&hellip;]\" \/>\n<meta property=\"og:url\" content=\"https:\/\/novice.si\/page\/stilska-preobrazba-v-mestu\/\" \/>\n<meta property=\"og:site_name\" content=\"Novice.si\" \/>\n<meta property=\"article:published_time\" content=\"2023-05-11T15:29:04+00:00\" \/>\n<meta property=\"og:image\" content=\"https:\/\/novice.si\/page\/wp-content\/uploads\/2023\/05\/Reportaza_Stilska-preobrazba3.jpg\" \/>\n\t<meta property=\"og:image:width\" content=\"854\" \/>\n\t<meta property=\"og:image:height\" content=\"1280\" \/>\n\t<meta property=\"og:image:type\" content=\"image\/jpeg\" \/>\n<meta name=\"author\" content=\"Uredni\u0161tvo Celjana\" \/>\n<meta name=\"twitter:card\" content=\"summary_large_image\" \/>\n<meta name=\"twitter:label1\" content=\"Written by\" \/>\n\t<meta name=\"twitter:data1\" content=\"Uredni\u0161tvo Celjana\" \/>\n\t<meta name=\"twitter:label2\" content=\"Est. reading time\" \/>\n\t<meta name=\"twitter:data2\" content=\"1 minuta\" \/>\n<script type=\"application\/ld+json\" class=\"yoast-schema-graph\">{\"@context\":\"https:\\\/\\\/schema.org\",\"@graph\":[{\"@type\":\"Article\",\"@id\":\"https:\\\/\\\/novice.si\\\/page\\\/stilska-preobrazba-v-mestu\\\/#article\",\"isPartOf\":{\"@id\":\"https:\\\/\\\/novice.si\\\/page\\\/stilska-preobrazba-v-mestu\\\/\"},\"author\":{\"name\":\"Uredni\u0161tvo Celjana\",\"@id\":\"https:\\\/\\\/novice.si\\\/page\\\/#\\\/schema\\\/person\\\/a49f233ef2777ec7b2e8d0662325bb48\"},\"headline\":\"Stilska preobrazba v mestu\",\"datePublished\":\"2023-05-11T15:29:04+00:00\",\"mainEntityOfPage\":{\"@id\":\"https:\\\/\\\/novice.si\\\/page\\\/stilska-preobrazba-v-mestu\\\/\"},\"wordCount\":161,\"publisher\":{\"@id\":\"https:\\\/\\\/novice.si\\\/page\\\/#organization\"},\"image\":{\"@id\":\"https:\\\/\\\/novice.si\\\/page\\\/stilska-preobrazba-v-mestu\\\/#primaryimage\"},\"thumbnailUrl\":\"https:\\\/\\\/novice.si\\\/page\\\/wp-content\\\/uploads\\\/2023\\\/05\\\/Reportaza_Stilska-preobrazba3.jpg\",\"articleSection\":[\"Aktualno\",\"Celjan\",\"Celjsko\"],\"inLanguage\":\"sl-SI\"},{\"@type\":\"WebPage\",\"@id\":\"https:\\\/\\\/novice.si\\\/page\\\/stilska-preobrazba-v-mestu\\\/\",\"url\":\"https:\\\/\\\/novice.si\\\/page\\\/stilska-preobrazba-v-mestu\\\/\",\"name\":\"Stilska preobrazba v mestu - Novice.si\",\"isPartOf\":{\"@id\":\"https:\\\/\\\/novice.si\\\/page\\\/#website\"},\"primaryImageOfPage\":{\"@id\":\"https:\\\/\\\/novice.si\\\/page\\\/stilska-preobrazba-v-mestu\\\/#primaryimage\"},\"image\":{\"@id\":\"https:\\\/\\\/novice.si\\\/page\\\/stilska-preobrazba-v-mestu\\\/#primaryimage\"},\"thumbnailUrl\":\"https:\\\/\\\/novice.si\\\/page\\\/wp-content\\\/uploads\\\/2023\\\/05\\\/Reportaza_Stilska-preobrazba3.jpg\",\"datePublished\":\"2023-05-11T15:29:04+00:00\",\"breadcrumb\":{\"@id\":\"https:\\\/\\\/novice.si\\\/page\\\/stilska-preobrazba-v-mestu\\\/#breadcrumb\"},\"inLanguage\":\"sl-SI\",\"potentialAction\":[{\"@type\":\"ReadAction\",\"target\":[\"https:\\\/\\\/novice.si\\\/page\\\/stilska-preobrazba-v-mestu\\\/\"]}]},{\"@type\":\"ImageObject\",\"inLanguage\":\"sl-SI\",\"@id\":\"https:\\\/\\\/novice.si\\\/page\\\/stilska-preobrazba-v-mestu\\\/#primaryimage\",\"url\":\"https:\\\/\\\/novice.si\\\/page\\\/wp-content\\\/uploads\\\/2023\\\/05\\\/Reportaza_Stilska-preobrazba3.jpg\",\"contentUrl\":\"https:\\\/\\\/novice.si\\\/page\\\/wp-content\\\/uploads\\\/2023\\\/05\\\/Reportaza_Stilska-preobrazba3.jpg\",\"width\":854,\"height\":1280,\"caption\":\"Stilistko veseli, da so tudi nagrajenci trend trajnostne mode z veseljem sprejeli in so za\u010deli o modi razmi\u0161ljati na drug na\u010din. Foto: Ana Sajovic Photo\"},{\"@type\":\"BreadcrumbList\",\"@id\":\"https:\\\/\\\/novice.si\\\/page\\\/stilska-preobrazba-v-mestu\\\/#breadcrumb\",\"itemListElement\":[{\"@type\":\"ListItem\",\"position\":1,\"name\":\"Home\",\"item\":\"https:\\\/\\\/novice.si\\\/page\\\/\"},{\"@type\":\"ListItem\",\"position\":2,\"name\":\"Stilska preobrazba v mestu\"}]},{\"@type\":\"WebSite\",\"@id\":\"https:\\\/\\\/novice.si\\\/page\\\/#website\",\"url\":\"https:\\\/\\\/novice.si\\\/page\\\/\",\"name\":\"Novice.si\",\"description\":\"\",\"publisher\":{\"@id\":\"https:\\\/\\\/novice.si\\\/page\\\/#organization\"},\"potentialAction\":[{\"@type\":\"SearchAction\",\"target\":{\"@type\":\"EntryPoint\",\"urlTemplate\":\"https:\\\/\\\/novice.si\\\/page\\\/?s={search_term_string}\"},\"query-input\":{\"@type\":\"PropertyValueSpecification\",\"valueRequired\":true,\"valueName\":\"search_term_string\"}}],\"inLanguage\":\"sl-SI\"},{\"@type\":\"Organization\",\"@id\":\"https:\\\/\\\/novice.si\\\/page\\\/#organization\",\"name\":\"Novice.si\",\"url\":\"https:\\\/\\\/novice.si\\\/page\\\/\",\"logo\":{\"@type\":\"ImageObject\",\"inLanguage\":\"sl-SI\",\"@id\":\"https:\\\/\\\/novice.si\\\/page\\\/#\\\/schema\\\/logo\\\/image\\\/\",\"url\":\"https:\\\/\\\/novice.si\\\/page\\\/wp-content\\\/uploads\\\/2023\\\/03\\\/novice_si.png\",\"contentUrl\":\"https:\\\/\\\/novice.si\\\/page\\\/wp-content\\\/uploads\\\/2023\\\/03\\\/novice_si.png\",\"width\":576,\"height\":200,\"caption\":\"Novice.si\"},\"image\":{\"@id\":\"https:\\\/\\\/novice.si\\\/page\\\/#\\\/schema\\\/logo\\\/image\\\/\"}},{\"@type\":\"Person\",\"@id\":\"https:\\\/\\\/novice.si\\\/page\\\/#\\\/schema\\\/person\\\/a49f233ef2777ec7b2e8d0662325bb48\",\"name\":\"Uredni\u0161tvo Celjana\",\"image\":{\"@type\":\"ImageObject\",\"inLanguage\":\"sl-SI\",\"@id\":\"https:\\\/\\\/secure.gravatar.com\\\/avatar\\\/7f7863e616af8f92806c638dd1db3f1a238d83d1cc2ec3100afc06fbb7eb303f?s=96&d=mm&r=g\",\"url\":\"https:\\\/\\\/secure.gravatar.com\\\/avatar\\\/7f7863e616af8f92806c638dd1db3f1a238d83d1cc2ec3100afc06fbb7eb303f?s=96&d=mm&r=g\",\"contentUrl\":\"https:\\\/\\\/secure.gravatar.com\\\/avatar\\\/7f7863e616af8f92806c638dd1db3f1a238d83d1cc2ec3100afc06fbb7eb303f?s=96&d=mm&r=g\",\"caption\":\"Uredni\u0161tvo Celjana\"},\"url\":\"https:\\\/\\\/novice.si\\\/page\\\/author\\\/maja\\\/\"}]}<\/script>\n<!-- \/ Yoast SEO plugin. -->","yoast_head_json":{"title":"Stilska preobrazba v mestu - Novice.si","robots":{"index":"index","follow":"follow","max-snippet":"max-snippet:-1","max-image-preview":"max-image-preview:large","max-video-preview":"max-video-preview:-1"},"canonical":"https:\/\/novice.si\/page\/stilska-preobrazba-v-mestu\/","og_locale":"sl_SI","og_type":"article","og_title":"Stilska preobrazba v mestu - Novice.si","og_description":"Stilske preobrazbe so bili dele\u017eni nagrajenci v promocijski akciji Zavoda Celeia Celje za o\u017eivitev starega mestnega jedra. Pri stiliranju so sledili smernicam trajnostne mode. K o\u017eivitvi starega mestnega jedra Zavod Celeia Celje, enota Mestni marketing, vabi tudi z inovativnimi pristopi v aktivaciji mestnih gostincev in trgovcev. Ena tak\u0161nih je promocijska akcija &#8216;Razvajaj se v mestu,&#8217; [&hellip;]","og_url":"https:\/\/novice.si\/page\/stilska-preobrazba-v-mestu\/","og_site_name":"Novice.si","article_published_time":"2023-05-11T15:29:04+00:00","og_image":[{"width":854,"height":1280,"url":"https:\/\/novice.si\/page\/wp-content\/uploads\/2023\/05\/Reportaza_Stilska-preobrazba3.jpg","type":"image\/jpeg"}],"author":"Uredni\u0161tvo Celjana","twitter_card":"summary_large_image","twitter_misc":{"Written by":"Uredni\u0161tvo Celjana","Est. reading time":"1 minuta"},"schema":{"@context":"https:\/\/schema.org","@graph":[{"@type":"Article","@id":"https:\/\/novice.si\/page\/stilska-preobrazba-v-mestu\/#article","isPartOf":{"@id":"https:\/\/novice.si\/page\/stilska-preobrazba-v-mestu\/"},"author":{"name":"Uredni\u0161tvo Celjana","@id":"https:\/\/novice.si\/page\/#\/schema\/person\/a49f233ef2777ec7b2e8d0662325bb48"},"headline":"Stilska preobrazba v mestu","datePublished":"2023-05-11T15:29:04+00:00","mainEntityOfPage":{"@id":"https:\/\/novice.si\/page\/stilska-preobrazba-v-mestu\/"},"wordCount":161,"publisher":{"@id":"https:\/\/novice.si\/page\/#organization"},"image":{"@id":"https:\/\/novice.si\/page\/stilska-preobrazba-v-mestu\/#primaryimage"},"thumbnailUrl":"https:\/\/novice.si\/page\/wp-content\/uploads\/2023\/05\/Reportaza_Stilska-preobrazba3.jpg","articleSection":["Aktualno","Celjan","Celjsko"],"inLanguage":"sl-SI"},{"@type":"WebPage","@id":"https:\/\/novice.si\/page\/stilska-preobrazba-v-mestu\/","url":"https:\/\/novice.si\/page\/stilska-preobrazba-v-mestu\/","name":"Stilska preobrazba v mestu - Novice.si","isPartOf":{"@id":"https:\/\/novice.si\/page\/#website"},"primaryImageOfPage":{"@id":"https:\/\/novice.si\/page\/stilska-preobrazba-v-mestu\/#primaryimage"},"image":{"@id":"https:\/\/novice.si\/page\/stilska-preobrazba-v-mestu\/#primaryimage"},"thumbnailUrl":"https:\/\/novice.si\/page\/wp-content\/uploads\/2023\/05\/Reportaza_Stilska-preobrazba3.jpg","datePublished":"2023-05-11T15:29:04+00:00","breadcrumb":{"@id":"https:\/\/novice.si\/page\/stilska-preobrazba-v-mestu\/#breadcrumb"},"inLanguage":"sl-SI","potentialAction":[{"@type":"ReadAction","target":["https:\/\/novice.si\/page\/stilska-preobrazba-v-mestu\/"]}]},{"@type":"ImageObject","inLanguage":"sl-SI","@id":"https:\/\/novice.si\/page\/stilska-preobrazba-v-mestu\/#primaryimage","url":"https:\/\/novice.si\/page\/wp-content\/uploads\/2023\/05\/Reportaza_Stilska-preobrazba3.jpg","contentUrl":"https:\/\/novice.si\/page\/wp-content\/uploads\/2023\/05\/Reportaza_Stilska-preobrazba3.jpg","width":854,"height":1280,"caption":"Stilistko veseli, da so tudi nagrajenci trend trajnostne mode z veseljem sprejeli in so za\u010deli o modi razmi\u0161ljati na drug na\u010din. Foto: Ana Sajovic Photo"},{"@type":"BreadcrumbList","@id":"https:\/\/novice.si\/page\/stilska-preobrazba-v-mestu\/#breadcrumb","itemListElement":[{"@type":"ListItem","position":1,"name":"Home","item":"https:\/\/novice.si\/page\/"},{"@type":"ListItem","position":2,"name":"Stilska preobrazba v mestu"}]},{"@type":"WebSite","@id":"https:\/\/novice.si\/page\/#website","url":"https:\/\/novice.si\/page\/","name":"Novice.si","description":"","publisher":{"@id":"https:\/\/novice.si\/page\/#organization"},"potentialAction":[{"@type":"SearchAction","target":{"@type":"EntryPoint","urlTemplate":"https:\/\/novice.si\/page\/?s={search_term_string}"},"query-input":{"@type":"PropertyValueSpecification","valueRequired":true,"valueName":"search_term_string"}}],"inLanguage":"sl-SI"},{"@type":"Organization","@id":"https:\/\/novice.si\/page\/#organization","name":"Novice.si","url":"https:\/\/novice.si\/page\/","logo":{"@type":"ImageObject","inLanguage":"sl-SI","@id":"https:\/\/novice.si\/page\/#\/schema\/logo\/image\/","url":"https:\/\/novice.si\/page\/wp-content\/uploads\/2023\/03\/novice_si.png","contentUrl":"https:\/\/novice.si\/page\/wp-content\/uploads\/2023\/03\/novice_si.png","width":576,"height":200,"caption":"Novice.si"},"image":{"@id":"https:\/\/novice.si\/page\/#\/schema\/logo\/image\/"}},{"@type":"Person","@id":"https:\/\/novice.si\/page\/#\/schema\/person\/a49f233ef2777ec7b2e8d0662325bb48","name":"Uredni\u0161tvo Celjana","image":{"@type":"ImageObject","inLanguage":"sl-SI","@id":"https:\/\/secure.gravatar.com\/avatar\/7f7863e616af8f92806c638dd1db3f1a238d83d1cc2ec3100afc06fbb7eb303f?s=96&d=mm&r=g","url":"https:\/\/secure.gravatar.com\/avatar\/7f7863e616af8f92806c638dd1db3f1a238d83d1cc2ec3100afc06fbb7eb303f?s=96&d=mm&r=g","contentUrl":"https:\/\/secure.gravatar.com\/avatar\/7f7863e616af8f92806c638dd1db3f1a238d83d1cc2ec3100afc06fbb7eb303f?s=96&d=mm&r=g","caption":"Uredni\u0161tvo Celjana"},"url":"https:\/\/novice.si\/page\/author\/maja\/"}]}},"_links":{"self":[{"href":"https:\/\/novice.si\/page\/wp-json\/wp\/v2\/posts\/162610","targetHints":{"allow":["GET"]}}],"collection":[{"href":"https:\/\/novice.si\/page\/wp-json\/wp\/v2\/posts"}],"about":[{"href":"https:\/\/novice.si\/page\/wp-json\/wp\/v2\/types\/post"}],"author":[{"embeddable":true,"href":"https:\/\/novice.si\/page\/wp-json\/wp\/v2\/users\/55"}],"replies":[{"embeddable":true,"href":"https:\/\/novice.si\/page\/wp-json\/wp\/v2\/comments?post=162610"}],"version-history":[{"count":1,"href":"https:\/\/novice.si\/page\/wp-json\/wp\/v2\/posts\/162610\/revisions"}],"predecessor-version":[{"id":162615,"href":"https:\/\/novice.si\/page\/wp-json\/wp\/v2\/posts\/162610\/revisions\/162615"}],"wp:featuredmedia":[{"embeddable":true,"href":"https:\/\/novice.si\/page\/wp-json\/wp\/v2\/media\/162613"}],"wp:attachment":[{"href":"https:\/\/novice.si\/page\/wp-json\/wp\/v2\/media?parent=162610"}],"wp:term":[{"taxonomy":"category","embeddable":true,"href":"https:\/\/novice.si\/page\/wp-json\/wp\/v2\/categories?post=162610"},{"taxonomy":"post_tag","embeddable":true,"href":"https:\/\/novice.si\/page\/wp-json\/wp\/v2\/tags?post=162610"}],"curies":[{"name":"wp","href":"https:\/\/api.w.org\/{rel}","templated":true}]}}