{"id":162534,"date":"2023-05-09T13:30:05","date_gmt":"2023-05-09T11:30:05","guid":{"rendered":"https:\/\/novice.si\/page\/?p=162534"},"modified":"2023-05-09T14:06:28","modified_gmt":"2023-05-09T12:06:28","slug":"celje-nekdanja-obtozenceva-partnerka-s-prstom-kaze-na-novega-radijskega-direktorja","status":"publish","type":"post","link":"https:\/\/novice.si\/page\/celje-nekdanja-obtozenceva-partnerka-s-prstom-kaze-na-novega-radijskega-direktorja\/","title":{"rendered":"CELJE Nekdanja obto\u017een\u010deva partnerka s prstom ka\u017ee na novega radijskega direktorja"},"content":{"rendered":"<p>V Celju so z zasli\u0161anjem pri\u010d danes nadaljevali sojenje nekdanjemu direktorju \u0160tajerskega vala <strong>Damjanu Gobcu <\/strong>(na sliki z zagovornico <strong>Majo \u0160erc<\/strong>), ki se brani pred o\u010ditki o zlorabi polo\u017eaja, zaradi \u010desar naj bi se radijska postaja zna\u0161la v finan\u010dnih \u0161kripcih.<\/p>\n<p><img loading=\"lazy\" decoding=\"async\" class=\"wp-image-162536 alignright\" src=\"https:\/\/novice.si\/page\/wp-content\/uploads\/2023\/05\/damjan-gobec-maja-serc-1-600x353.jpg\" alt=\"\" width=\"389\" height=\"229\" srcset=\"https:\/\/novice.si\/page\/wp-content\/uploads\/2023\/05\/damjan-gobec-maja-serc-1-600x353.jpg 600w, https:\/\/novice.si\/page\/wp-content\/uploads\/2023\/05\/damjan-gobec-maja-serc-1-1024x602.jpg 1024w, https:\/\/novice.si\/page\/wp-content\/uploads\/2023\/05\/damjan-gobec-maja-serc-1-768x452.jpg 768w, https:\/\/novice.si\/page\/wp-content\/uploads\/2023\/05\/damjan-gobec-maja-serc-1-1536x904.jpg 1536w, https:\/\/novice.si\/page\/wp-content\/uploads\/2023\/05\/damjan-gobec-maja-serc-1-2048x1205.jpg 2048w, https:\/\/novice.si\/page\/wp-content\/uploads\/2023\/05\/damjan-gobec-maja-serc-1-696x409.jpg 696w, https:\/\/novice.si\/page\/wp-content\/uploads\/2023\/05\/damjan-gobec-maja-serc-1-1068x628.jpg 1068w, https:\/\/novice.si\/page\/wp-content\/uploads\/2023\/05\/damjan-gobec-maja-serc-1-714x420.jpg 714w, https:\/\/novice.si\/page\/wp-content\/uploads\/2023\/05\/damjan-gobec-maja-serc-1-24x14.jpg 24w, https:\/\/novice.si\/page\/wp-content\/uploads\/2023\/05\/damjan-gobec-maja-serc-1-36x21.jpg 36w, https:\/\/novice.si\/page\/wp-content\/uploads\/2023\/05\/damjan-gobec-maja-serc-1-48x28.jpg 48w\" sizes=\"auto, (max-width: 389px) 100vw, 389px\" \/><\/p>\n<p>Nekdanja urednica radia <strong>Petra Debelak<\/strong>, ki je bila v tistem \u010dasu tudi obto\u017een\u010deva partnerka, je odgovornost za slab gmotni polo\u017eaj prevalila na sedanjega direktorja\u00a0<strong>Romana Mo\u0161kotevca<\/strong>. Po njenem naj bi si vnaprej pripravil na\u010drt, kako bo prevzel \u0161entjursko radijsko postajo, \u010deravno sta z obto\u017eenim imela dogovor, da ohranjata enaka poslovna dele\u017ea. \u00bbNjuno sodelovanje ni bilo zgledno. Zdaj je Mo\u0161kotevc lastnik vsega in ho\u010de Gobca kaznovati.\u00ab<\/p>\n<p>Kot je \u0161e dejala, ni logi\u010dno, da bi Gobec z ustanovitvijo agencije Citiplakat nameraval iz\u010drpavati \u0160tajerski val, saj da je agencija delovala v obojestransko korist.<\/p>\n<p>Gobcu obto\u017enica med drugim o\u010dita, da je sredstva \u0160tajerskega vala porabil za obnovo hi\u0161e in golf igri\u0161\u010de Jel\u0161ingrad, kakor tudi nepravilnosti glede uporabe slu\u017ebene kartice in avtomobila..<\/p>\n<p>P\u0160<\/p>\n","protected":false},"excerpt":{"rendered":"<p>V Celju so z zasli\u0161anjem pri\u010d danes nadaljevali sojenje nekdanjemu direktorju \u0160tajerskega vala Damjanu Gobcu (na sliki z zagovornico Majo \u0160erc), ki se brani pred o\u010ditki o zlorabi polo\u017eaja, zaradi \u010desar naj bi se radijska postaja zna\u0161la v finan\u010dnih \u0161kripcih. Nekdanja urednica radia Petra Debelak, ki je bila v tistem \u010dasu tudi obto\u017een\u010deva partnerka, je [&hellip;]<\/p>\n","protected":false},"author":33,"featured_media":162537,"comment_status":"closed","ping_status":"closed","sticky":false,"template":"","format":"standard","meta":{"footnotes":""},"categories":[14,17,29,57],"tags":[17761,17506,17762,17760,356,4216],"class_list":{"0":"post-162534","1":"post","2":"type-post","3":"status-publish","4":"format-standard","5":"has-post-thumbnail","7":"category-aktualno","8":"category-celjsko","9":"category-kronika","10":"category-sentjursko","11":"tag-citiplakat","12":"tag-damjan-gobec","13":"tag-maja-serc","14":"tag-petra-debelak","15":"tag-sojenje","16":"tag-zloraba-polozaja"},"yoast_head":"<!-- This site is optimized with the Yoast SEO plugin v27.4 - https:\/\/yoast.com\/product\/yoast-seo-wordpress\/ -->\n<title>CELJE Nekdanja obto\u017een\u010deva partnerka s prstom ka\u017ee na novega radijskega direktorja - Novice.si<\/title>\n<meta name=\"robots\" content=\"index, follow, max-snippet:-1, max-image-preview:large, max-video-preview:-1\" \/>\n<link rel=\"canonical\" href=\"https:\/\/novice.si\/page\/celje-nekdanja-obtozenceva-partnerka-s-prstom-kaze-na-novega-radijskega-direktorja\/\" \/>\n<meta property=\"og:locale\" content=\"sl_SI\" \/>\n<meta property=\"og:type\" content=\"article\" \/>\n<meta property=\"og:title\" content=\"CELJE Nekdanja obto\u017een\u010deva partnerka s prstom ka\u017ee na novega radijskega direktorja - Novice.si\" \/>\n<meta property=\"og:description\" content=\"V Celju so z zasli\u0161anjem pri\u010d danes nadaljevali sojenje nekdanjemu direktorju \u0160tajerskega vala Damjanu Gobcu (na sliki z zagovornico Majo \u0160erc), ki se brani pred o\u010ditki o zlorabi polo\u017eaja, zaradi \u010desar naj bi se radijska postaja zna\u0161la v finan\u010dnih \u0161kripcih. Nekdanja urednica radia Petra Debelak, ki je bila v tistem \u010dasu tudi obto\u017een\u010deva partnerka, je [&hellip;]\" \/>\n<meta property=\"og:url\" content=\"https:\/\/novice.si\/page\/celje-nekdanja-obtozenceva-partnerka-s-prstom-kaze-na-novega-radijskega-direktorja\/\" \/>\n<meta property=\"og:site_name\" content=\"Novice.si\" \/>\n<meta property=\"article:published_time\" content=\"2023-05-09T11:30:05+00:00\" \/>\n<meta property=\"article:modified_time\" content=\"2023-05-09T12:06:28+00:00\" \/>\n<meta property=\"og:image\" content=\"https:\/\/novice.si\/page\/wp-content\/uploads\/2023\/05\/damjan-gobec-maja-serc-4.jpg\" \/>\n\t<meta property=\"og:image:width\" content=\"2317\" \/>\n\t<meta property=\"og:image:height\" content=\"1656\" \/>\n\t<meta property=\"og:image:type\" content=\"image\/jpeg\" \/>\n<meta name=\"author\" content=\"Uredni\u0161tvo Celjana\" \/>\n<meta name=\"twitter:card\" content=\"summary_large_image\" \/>\n<meta name=\"twitter:label1\" content=\"Written by\" \/>\n\t<meta name=\"twitter:data1\" content=\"Uredni\u0161tvo Celjana\" \/>\n\t<meta name=\"twitter:label2\" content=\"Est. reading time\" \/>\n\t<meta name=\"twitter:data2\" content=\"2 minuti\" \/>\n<script type=\"application\/ld+json\" class=\"yoast-schema-graph\">{\"@context\":\"https:\\\/\\\/schema.org\",\"@graph\":[{\"@type\":\"Article\",\"@id\":\"https:\\\/\\\/novice.si\\\/page\\\/celje-nekdanja-obtozenceva-partnerka-s-prstom-kaze-na-novega-radijskega-direktorja\\\/#article\",\"isPartOf\":{\"@id\":\"https:\\\/\\\/novice.si\\\/page\\\/celje-nekdanja-obtozenceva-partnerka-s-prstom-kaze-na-novega-radijskega-direktorja\\\/\"},\"author\":{\"name\":\"Uredni\u0161tvo Celjana\",\"@id\":\"https:\\\/\\\/novice.si\\\/page\\\/#\\\/schema\\\/person\\\/57f25c9642a9541c7349c65d32032c3e\"},\"headline\":\"CELJE Nekdanja obto\u017een\u010deva partnerka s prstom ka\u017ee na novega radijskega direktorja\",\"datePublished\":\"2023-05-09T11:30:05+00:00\",\"dateModified\":\"2023-05-09T12:06:28+00:00\",\"mainEntityOfPage\":{\"@id\":\"https:\\\/\\\/novice.si\\\/page\\\/celje-nekdanja-obtozenceva-partnerka-s-prstom-kaze-na-novega-radijskega-direktorja\\\/\"},\"wordCount\":194,\"publisher\":{\"@id\":\"https:\\\/\\\/novice.si\\\/page\\\/#organization\"},\"image\":{\"@id\":\"https:\\\/\\\/novice.si\\\/page\\\/celje-nekdanja-obtozenceva-partnerka-s-prstom-kaze-na-novega-radijskega-direktorja\\\/#primaryimage\"},\"thumbnailUrl\":\"https:\\\/\\\/novice.si\\\/page\\\/wp-content\\\/uploads\\\/2023\\\/05\\\/damjan-gobec-maja-serc-4.jpg\",\"keywords\":[\"citiplakat\",\"damjan gobec\",\"maja \u0161erc\",\"petra debelak\",\"sojenje\",\"zloraba polo\u017eaja\"],\"articleSection\":[\"Aktualno\",\"Celjsko\",\"Kronika\",\"\u0160entjursko\"],\"inLanguage\":\"sl-SI\"},{\"@type\":\"WebPage\",\"@id\":\"https:\\\/\\\/novice.si\\\/page\\\/celje-nekdanja-obtozenceva-partnerka-s-prstom-kaze-na-novega-radijskega-direktorja\\\/\",\"url\":\"https:\\\/\\\/novice.si\\\/page\\\/celje-nekdanja-obtozenceva-partnerka-s-prstom-kaze-na-novega-radijskega-direktorja\\\/\",\"name\":\"CELJE Nekdanja obto\u017een\u010deva partnerka s prstom ka\u017ee na novega radijskega direktorja - Novice.si\",\"isPartOf\":{\"@id\":\"https:\\\/\\\/novice.si\\\/page\\\/#website\"},\"primaryImageOfPage\":{\"@id\":\"https:\\\/\\\/novice.si\\\/page\\\/celje-nekdanja-obtozenceva-partnerka-s-prstom-kaze-na-novega-radijskega-direktorja\\\/#primaryimage\"},\"image\":{\"@id\":\"https:\\\/\\\/novice.si\\\/page\\\/celje-nekdanja-obtozenceva-partnerka-s-prstom-kaze-na-novega-radijskega-direktorja\\\/#primaryimage\"},\"thumbnailUrl\":\"https:\\\/\\\/novice.si\\\/page\\\/wp-content\\\/uploads\\\/2023\\\/05\\\/damjan-gobec-maja-serc-4.jpg\",\"datePublished\":\"2023-05-09T11:30:05+00:00\",\"dateModified\":\"2023-05-09T12:06:28+00:00\",\"breadcrumb\":{\"@id\":\"https:\\\/\\\/novice.si\\\/page\\\/celje-nekdanja-obtozenceva-partnerka-s-prstom-kaze-na-novega-radijskega-direktorja\\\/#breadcrumb\"},\"inLanguage\":\"sl-SI\",\"potentialAction\":[{\"@type\":\"ReadAction\",\"target\":[\"https:\\\/\\\/novice.si\\\/page\\\/celje-nekdanja-obtozenceva-partnerka-s-prstom-kaze-na-novega-radijskega-direktorja\\\/\"]}]},{\"@type\":\"ImageObject\",\"inLanguage\":\"sl-SI\",\"@id\":\"https:\\\/\\\/novice.si\\\/page\\\/celje-nekdanja-obtozenceva-partnerka-s-prstom-kaze-na-novega-radijskega-direktorja\\\/#primaryimage\",\"url\":\"https:\\\/\\\/novice.si\\\/page\\\/wp-content\\\/uploads\\\/2023\\\/05\\\/damjan-gobec-maja-serc-4.jpg\",\"contentUrl\":\"https:\\\/\\\/novice.si\\\/page\\\/wp-content\\\/uploads\\\/2023\\\/05\\\/damjan-gobec-maja-serc-4.jpg\",\"width\":2317,\"height\":1656},{\"@type\":\"BreadcrumbList\",\"@id\":\"https:\\\/\\\/novice.si\\\/page\\\/celje-nekdanja-obtozenceva-partnerka-s-prstom-kaze-na-novega-radijskega-direktorja\\\/#breadcrumb\",\"itemListElement\":[{\"@type\":\"ListItem\",\"position\":1,\"name\":\"Home\",\"item\":\"https:\\\/\\\/novice.si\\\/page\\\/\"},{\"@type\":\"ListItem\",\"position\":2,\"name\":\"CELJE Nekdanja obto\u017een\u010deva partnerka s prstom ka\u017ee na novega radijskega direktorja\"}]},{\"@type\":\"WebSite\",\"@id\":\"https:\\\/\\\/novice.si\\\/page\\\/#website\",\"url\":\"https:\\\/\\\/novice.si\\\/page\\\/\",\"name\":\"Novice.si\",\"description\":\"\",\"publisher\":{\"@id\":\"https:\\\/\\\/novice.si\\\/page\\\/#organization\"},\"potentialAction\":[{\"@type\":\"SearchAction\",\"target\":{\"@type\":\"EntryPoint\",\"urlTemplate\":\"https:\\\/\\\/novice.si\\\/page\\\/?s={search_term_string}\"},\"query-input\":{\"@type\":\"PropertyValueSpecification\",\"valueRequired\":true,\"valueName\":\"search_term_string\"}}],\"inLanguage\":\"sl-SI\"},{\"@type\":\"Organization\",\"@id\":\"https:\\\/\\\/novice.si\\\/page\\\/#organization\",\"name\":\"Novice.si\",\"url\":\"https:\\\/\\\/novice.si\\\/page\\\/\",\"logo\":{\"@type\":\"ImageObject\",\"inLanguage\":\"sl-SI\",\"@id\":\"https:\\\/\\\/novice.si\\\/page\\\/#\\\/schema\\\/logo\\\/image\\\/\",\"url\":\"https:\\\/\\\/novice.si\\\/page\\\/wp-content\\\/uploads\\\/2023\\\/03\\\/novice_si.png\",\"contentUrl\":\"https:\\\/\\\/novice.si\\\/page\\\/wp-content\\\/uploads\\\/2023\\\/03\\\/novice_si.png\",\"width\":576,\"height\":200,\"caption\":\"Novice.si\"},\"image\":{\"@id\":\"https:\\\/\\\/novice.si\\\/page\\\/#\\\/schema\\\/logo\\\/image\\\/\"}},{\"@type\":\"Person\",\"@id\":\"https:\\\/\\\/novice.si\\\/page\\\/#\\\/schema\\\/person\\\/57f25c9642a9541c7349c65d32032c3e\",\"name\":\"Uredni\u0161tvo Celjana\",\"image\":{\"@type\":\"ImageObject\",\"inLanguage\":\"sl-SI\",\"@id\":\"https:\\\/\\\/secure.gravatar.com\\\/avatar\\\/78e52bc4279b65f6df6345e0ef0f7b792d361361f230cf4ffecfe0afe6d5629c?s=96&d=mm&r=g\",\"url\":\"https:\\\/\\\/secure.gravatar.com\\\/avatar\\\/78e52bc4279b65f6df6345e0ef0f7b792d361361f230cf4ffecfe0afe6d5629c?s=96&d=mm&r=g\",\"contentUrl\":\"https:\\\/\\\/secure.gravatar.com\\\/avatar\\\/78e52bc4279b65f6df6345e0ef0f7b792d361361f230cf4ffecfe0afe6d5629c?s=96&d=mm&r=g\",\"caption\":\"Uredni\u0161tvo Celjana\"},\"url\":\"https:\\\/\\\/novice.si\\\/page\\\/author\\\/primoz\\\/\"}]}<\/script>\n<!-- \/ Yoast SEO plugin. -->","yoast_head_json":{"title":"CELJE Nekdanja obto\u017een\u010deva partnerka s prstom ka\u017ee na novega radijskega direktorja - Novice.si","robots":{"index":"index","follow":"follow","max-snippet":"max-snippet:-1","max-image-preview":"max-image-preview:large","max-video-preview":"max-video-preview:-1"},"canonical":"https:\/\/novice.si\/page\/celje-nekdanja-obtozenceva-partnerka-s-prstom-kaze-na-novega-radijskega-direktorja\/","og_locale":"sl_SI","og_type":"article","og_title":"CELJE Nekdanja obto\u017een\u010deva partnerka s prstom ka\u017ee na novega radijskega direktorja - Novice.si","og_description":"V Celju so z zasli\u0161anjem pri\u010d danes nadaljevali sojenje nekdanjemu direktorju \u0160tajerskega vala Damjanu Gobcu (na sliki z zagovornico Majo \u0160erc), ki se brani pred o\u010ditki o zlorabi polo\u017eaja, zaradi \u010desar naj bi se radijska postaja zna\u0161la v finan\u010dnih \u0161kripcih. Nekdanja urednica radia Petra Debelak, ki je bila v tistem \u010dasu tudi obto\u017een\u010deva partnerka, je [&hellip;]","og_url":"https:\/\/novice.si\/page\/celje-nekdanja-obtozenceva-partnerka-s-prstom-kaze-na-novega-radijskega-direktorja\/","og_site_name":"Novice.si","article_published_time":"2023-05-09T11:30:05+00:00","article_modified_time":"2023-05-09T12:06:28+00:00","og_image":[{"width":2317,"height":1656,"url":"https:\/\/novice.si\/page\/wp-content\/uploads\/2023\/05\/damjan-gobec-maja-serc-4.jpg","type":"image\/jpeg"}],"author":"Uredni\u0161tvo Celjana","twitter_card":"summary_large_image","twitter_misc":{"Written by":"Uredni\u0161tvo Celjana","Est. reading time":"2 minuti"},"schema":{"@context":"https:\/\/schema.org","@graph":[{"@type":"Article","@id":"https:\/\/novice.si\/page\/celje-nekdanja-obtozenceva-partnerka-s-prstom-kaze-na-novega-radijskega-direktorja\/#article","isPartOf":{"@id":"https:\/\/novice.si\/page\/celje-nekdanja-obtozenceva-partnerka-s-prstom-kaze-na-novega-radijskega-direktorja\/"},"author":{"name":"Uredni\u0161tvo Celjana","@id":"https:\/\/novice.si\/page\/#\/schema\/person\/57f25c9642a9541c7349c65d32032c3e"},"headline":"CELJE Nekdanja obto\u017een\u010deva partnerka s prstom ka\u017ee na novega radijskega direktorja","datePublished":"2023-05-09T11:30:05+00:00","dateModified":"2023-05-09T12:06:28+00:00","mainEntityOfPage":{"@id":"https:\/\/novice.si\/page\/celje-nekdanja-obtozenceva-partnerka-s-prstom-kaze-na-novega-radijskega-direktorja\/"},"wordCount":194,"publisher":{"@id":"https:\/\/novice.si\/page\/#organization"},"image":{"@id":"https:\/\/novice.si\/page\/celje-nekdanja-obtozenceva-partnerka-s-prstom-kaze-na-novega-radijskega-direktorja\/#primaryimage"},"thumbnailUrl":"https:\/\/novice.si\/page\/wp-content\/uploads\/2023\/05\/damjan-gobec-maja-serc-4.jpg","keywords":["citiplakat","damjan gobec","maja \u0161erc","petra debelak","sojenje","zloraba polo\u017eaja"],"articleSection":["Aktualno","Celjsko","Kronika","\u0160entjursko"],"inLanguage":"sl-SI"},{"@type":"WebPage","@id":"https:\/\/novice.si\/page\/celje-nekdanja-obtozenceva-partnerka-s-prstom-kaze-na-novega-radijskega-direktorja\/","url":"https:\/\/novice.si\/page\/celje-nekdanja-obtozenceva-partnerka-s-prstom-kaze-na-novega-radijskega-direktorja\/","name":"CELJE Nekdanja obto\u017een\u010deva partnerka s prstom ka\u017ee na novega radijskega direktorja - Novice.si","isPartOf":{"@id":"https:\/\/novice.si\/page\/#website"},"primaryImageOfPage":{"@id":"https:\/\/novice.si\/page\/celje-nekdanja-obtozenceva-partnerka-s-prstom-kaze-na-novega-radijskega-direktorja\/#primaryimage"},"image":{"@id":"https:\/\/novice.si\/page\/celje-nekdanja-obtozenceva-partnerka-s-prstom-kaze-na-novega-radijskega-direktorja\/#primaryimage"},"thumbnailUrl":"https:\/\/novice.si\/page\/wp-content\/uploads\/2023\/05\/damjan-gobec-maja-serc-4.jpg","datePublished":"2023-05-09T11:30:05+00:00","dateModified":"2023-05-09T12:06:28+00:00","breadcrumb":{"@id":"https:\/\/novice.si\/page\/celje-nekdanja-obtozenceva-partnerka-s-prstom-kaze-na-novega-radijskega-direktorja\/#breadcrumb"},"inLanguage":"sl-SI","potentialAction":[{"@type":"ReadAction","target":["https:\/\/novice.si\/page\/celje-nekdanja-obtozenceva-partnerka-s-prstom-kaze-na-novega-radijskega-direktorja\/"]}]},{"@type":"ImageObject","inLanguage":"sl-SI","@id":"https:\/\/novice.si\/page\/celje-nekdanja-obtozenceva-partnerka-s-prstom-kaze-na-novega-radijskega-direktorja\/#primaryimage","url":"https:\/\/novice.si\/page\/wp-content\/uploads\/2023\/05\/damjan-gobec-maja-serc-4.jpg","contentUrl":"https:\/\/novice.si\/page\/wp-content\/uploads\/2023\/05\/damjan-gobec-maja-serc-4.jpg","width":2317,"height":1656},{"@type":"BreadcrumbList","@id":"https:\/\/novice.si\/page\/celje-nekdanja-obtozenceva-partnerka-s-prstom-kaze-na-novega-radijskega-direktorja\/#breadcrumb","itemListElement":[{"@type":"ListItem","position":1,"name":"Home","item":"https:\/\/novice.si\/page\/"},{"@type":"ListItem","position":2,"name":"CELJE Nekdanja obto\u017een\u010deva partnerka s prstom ka\u017ee na novega radijskega direktorja"}]},{"@type":"WebSite","@id":"https:\/\/novice.si\/page\/#website","url":"https:\/\/novice.si\/page\/","name":"Novice.si","description":"","publisher":{"@id":"https:\/\/novice.si\/page\/#organization"},"potentialAction":[{"@type":"SearchAction","target":{"@type":"EntryPoint","urlTemplate":"https:\/\/novice.si\/page\/?s={search_term_string}"},"query-input":{"@type":"PropertyValueSpecification","valueRequired":true,"valueName":"search_term_string"}}],"inLanguage":"sl-SI"},{"@type":"Organization","@id":"https:\/\/novice.si\/page\/#organization","name":"Novice.si","url":"https:\/\/novice.si\/page\/","logo":{"@type":"ImageObject","inLanguage":"sl-SI","@id":"https:\/\/novice.si\/page\/#\/schema\/logo\/image\/","url":"https:\/\/novice.si\/page\/wp-content\/uploads\/2023\/03\/novice_si.png","contentUrl":"https:\/\/novice.si\/page\/wp-content\/uploads\/2023\/03\/novice_si.png","width":576,"height":200,"caption":"Novice.si"},"image":{"@id":"https:\/\/novice.si\/page\/#\/schema\/logo\/image\/"}},{"@type":"Person","@id":"https:\/\/novice.si\/page\/#\/schema\/person\/57f25c9642a9541c7349c65d32032c3e","name":"Uredni\u0161tvo Celjana","image":{"@type":"ImageObject","inLanguage":"sl-SI","@id":"https:\/\/secure.gravatar.com\/avatar\/78e52bc4279b65f6df6345e0ef0f7b792d361361f230cf4ffecfe0afe6d5629c?s=96&d=mm&r=g","url":"https:\/\/secure.gravatar.com\/avatar\/78e52bc4279b65f6df6345e0ef0f7b792d361361f230cf4ffecfe0afe6d5629c?s=96&d=mm&r=g","contentUrl":"https:\/\/secure.gravatar.com\/avatar\/78e52bc4279b65f6df6345e0ef0f7b792d361361f230cf4ffecfe0afe6d5629c?s=96&d=mm&r=g","caption":"Uredni\u0161tvo Celjana"},"url":"https:\/\/novice.si\/page\/author\/primoz\/"}]}},"_links":{"self":[{"href":"https:\/\/novice.si\/page\/wp-json\/wp\/v2\/posts\/162534","targetHints":{"allow":["GET"]}}],"collection":[{"href":"https:\/\/novice.si\/page\/wp-json\/wp\/v2\/posts"}],"about":[{"href":"https:\/\/novice.si\/page\/wp-json\/wp\/v2\/types\/post"}],"author":[{"embeddable":true,"href":"https:\/\/novice.si\/page\/wp-json\/wp\/v2\/users\/33"}],"replies":[{"embeddable":true,"href":"https:\/\/novice.si\/page\/wp-json\/wp\/v2\/comments?post=162534"}],"version-history":[{"count":4,"href":"https:\/\/novice.si\/page\/wp-json\/wp\/v2\/posts\/162534\/revisions"}],"predecessor-version":[{"id":162542,"href":"https:\/\/novice.si\/page\/wp-json\/wp\/v2\/posts\/162534\/revisions\/162542"}],"wp:featuredmedia":[{"embeddable":true,"href":"https:\/\/novice.si\/page\/wp-json\/wp\/v2\/media\/162537"}],"wp:attachment":[{"href":"https:\/\/novice.si\/page\/wp-json\/wp\/v2\/media?parent=162534"}],"wp:term":[{"taxonomy":"category","embeddable":true,"href":"https:\/\/novice.si\/page\/wp-json\/wp\/v2\/categories?post=162534"},{"taxonomy":"post_tag","embeddable":true,"href":"https:\/\/novice.si\/page\/wp-json\/wp\/v2\/tags?post=162534"}],"curies":[{"name":"wp","href":"https:\/\/api.w.org\/{rel}","templated":true}]}}