{"id":162331,"date":"2023-05-04T13:37:14","date_gmt":"2023-05-04T11:37:14","guid":{"rendered":"https:\/\/novice.si\/page\/?p=162331"},"modified":"2023-05-04T13:38:17","modified_gmt":"2023-05-04T11:38:17","slug":"celje-abramov-se-je-znova-izvlekel-z-odlozitvijo","status":"publish","type":"post","link":"https:\/\/novice.si\/page\/celje-abramov-se-je-znova-izvlekel-z-odlozitvijo\/","title":{"rendered":"CELJE Abramov se je znova izvlekel z odlo\u017eitvijo"},"content":{"rendered":"<p>Na celjskem okro\u017enem sodi\u0161\u010du so dopoldne tik pred zdajci preklicali nadaljevanje sojenja za 37-letnega Ljubljan\u010dana <strong>Sebastiena Abramova<\/strong>.<\/p>\n<p><img loading=\"lazy\" decoding=\"async\" class=\"size-medium wp-image-159446 alignleft\" src=\"https:\/\/novice.si\/page\/wp-content\/uploads\/2023\/02\/abramo-v-feb23-3-300x225.jpg\" alt=\"\" width=\"300\" height=\"225\" srcset=\"https:\/\/novice.si\/page\/wp-content\/uploads\/2023\/02\/abramo-v-feb23-3-300x225.jpg 300w, https:\/\/novice.si\/page\/wp-content\/uploads\/2023\/02\/abramo-v-feb23-3-1024x768.jpg 1024w, https:\/\/novice.si\/page\/wp-content\/uploads\/2023\/02\/abramo-v-feb23-3-768x576.jpg 768w, https:\/\/novice.si\/page\/wp-content\/uploads\/2023\/02\/abramo-v-feb23-3-1536x1152.jpg 1536w, https:\/\/novice.si\/page\/wp-content\/uploads\/2023\/02\/abramo-v-feb23-3-2048x1536.jpg 2048w, https:\/\/novice.si\/page\/wp-content\/uploads\/2023\/02\/abramo-v-feb23-3-80x60.jpg 80w, https:\/\/novice.si\/page\/wp-content\/uploads\/2023\/02\/abramo-v-feb23-3-265x198.jpg 265w, https:\/\/novice.si\/page\/wp-content\/uploads\/2023\/02\/abramo-v-feb23-3-696x522.jpg 696w, https:\/\/novice.si\/page\/wp-content\/uploads\/2023\/02\/abramo-v-feb23-3-1068x801.jpg 1068w, https:\/\/novice.si\/page\/wp-content\/uploads\/2023\/02\/abramo-v-feb23-3-560x420.jpg 560w, https:\/\/novice.si\/page\/wp-content\/uploads\/2023\/02\/abramo-v-feb23-3-24x18.jpg 24w, https:\/\/novice.si\/page\/wp-content\/uploads\/2023\/02\/abramo-v-feb23-3-36x27.jpg 36w, https:\/\/novice.si\/page\/wp-content\/uploads\/2023\/02\/abramo-v-feb23-3-48x36.jpg 48w\" sizes=\"auto, (max-width: 300px) 100vw, 300px\" \/>Kakor so sporo\u010dili iz urada predsednice sodi\u0161\u010da, gre za upravi\u010deno nujno zadr\u017eanost zagovornika <strong>Michaela Rotterja<\/strong>.<\/p>\n<p>Obrambi je \u017ee \u010detrti\u010d letos uspelo prelo\u017eiti narok, predvsem pa postopek iz vsebinskega preusmeriti na procesni del. Mo\u017enosti, da bo Abramov, ki je pred osmimi leti v Pernovem pri \u017dalcu ustrelil partnerko <strong>Saro Veber<\/strong>, konec julija izpu\u0161\u010den iz pripora, so zdaj toliko ve\u010dje.<\/p>\n<p>To\u017eilstvo je dokaze ve\u010dinoma \u017ee iz\u010drpalo. Telefonske pogovore in sporo\u010dila med obto\u017eenim in pokojno naj bi po novem predstavili 15. maja, Abramov \u0161e vedno ni podal svojega zagovora, \u0161e vedno pa ima mo\u017enost tudi zamenjati zagovornika in pridobiti \u0161e nekaj dodatnega \u010dasa.<\/p>\n<p>P\u0160<\/p>\n","protected":false},"excerpt":{"rendered":"<p>Na celjskem okro\u017enem sodi\u0161\u010du so dopoldne tik pred zdajci preklicali nadaljevanje sojenja za 37-letnega Ljubljan\u010dana Sebastiena Abramova. Kakor so sporo\u010dili iz urada predsednice sodi\u0161\u010da, gre za upravi\u010deno nujno zadr\u017eanost zagovornika Michaela Rotterja. Obrambi je \u017ee \u010detrti\u010d letos uspelo prelo\u017eiti narok, predvsem pa postopek iz vsebinskega preusmeriti na procesni del. Mo\u017enosti, da bo Abramov, ki je [&hellip;]<\/p>\n","protected":false},"author":33,"featured_media":157616,"comment_status":"closed","ping_status":"closed","sticky":false,"template":"","format":"standard","meta":{"footnotes":""},"categories":[14,17,29],"tags":[16119,3767,17698,4931,356],"class_list":{"0":"post-162331","1":"post","2":"type-post","3":"status-publish","4":"format-standard","5":"has-post-thumbnail","7":"category-aktualno","8":"category-celjsko","9":"category-kronika","10":"tag-michael-rotter","11":"tag-odprava-pripora","12":"tag-prolozitev","13":"tag-sebastien-abranov","14":"tag-sojenje"},"yoast_head":"<!-- This site is optimized with the Yoast SEO plugin v27.4 - https:\/\/yoast.com\/product\/yoast-seo-wordpress\/ -->\n<title>CELJE Abramov se je znova izvlekel z odlo\u017eitvijo - Novice.si<\/title>\n<meta name=\"robots\" content=\"index, follow, max-snippet:-1, max-image-preview:large, max-video-preview:-1\" \/>\n<link rel=\"canonical\" href=\"https:\/\/novice.si\/page\/celje-abramov-se-je-znova-izvlekel-z-odlozitvijo\/\" \/>\n<meta property=\"og:locale\" content=\"sl_SI\" \/>\n<meta property=\"og:type\" content=\"article\" \/>\n<meta property=\"og:title\" content=\"CELJE Abramov se je znova izvlekel z odlo\u017eitvijo - Novice.si\" \/>\n<meta property=\"og:description\" content=\"Na celjskem okro\u017enem sodi\u0161\u010du so dopoldne tik pred zdajci preklicali nadaljevanje sojenja za 37-letnega Ljubljan\u010dana Sebastiena Abramova. Kakor so sporo\u010dili iz urada predsednice sodi\u0161\u010da, gre za upravi\u010deno nujno zadr\u017eanost zagovornika Michaela Rotterja. Obrambi je \u017ee \u010detrti\u010d letos uspelo prelo\u017eiti narok, predvsem pa postopek iz vsebinskega preusmeriti na procesni del. Mo\u017enosti, da bo Abramov, ki je [&hellip;]\" \/>\n<meta property=\"og:url\" content=\"https:\/\/novice.si\/page\/celje-abramov-se-je-znova-izvlekel-z-odlozitvijo\/\" \/>\n<meta property=\"og:site_name\" content=\"Novice.si\" \/>\n<meta property=\"article:published_time\" content=\"2023-05-04T11:37:14+00:00\" \/>\n<meta property=\"article:modified_time\" content=\"2023-05-04T11:38:17+00:00\" \/>\n<meta property=\"og:image\" content=\"https:\/\/novice.si\/page\/wp-content\/uploads\/2022\/12\/abramov-dec-22-5-scaled.jpg\" \/>\n\t<meta property=\"og:image:width\" content=\"2560\" \/>\n\t<meta property=\"og:image:height\" content=\"1920\" \/>\n\t<meta property=\"og:image:type\" content=\"image\/jpeg\" \/>\n<meta name=\"author\" content=\"Uredni\u0161tvo Celjana\" \/>\n<meta name=\"twitter:card\" content=\"summary_large_image\" \/>\n<meta name=\"twitter:label1\" content=\"Written by\" \/>\n\t<meta name=\"twitter:data1\" content=\"Uredni\u0161tvo Celjana\" \/>\n\t<meta name=\"twitter:label2\" content=\"Est. reading time\" \/>\n\t<meta name=\"twitter:data2\" content=\"1 minuta\" \/>\n<script type=\"application\/ld+json\" class=\"yoast-schema-graph\">{\"@context\":\"https:\\\/\\\/schema.org\",\"@graph\":[{\"@type\":\"Article\",\"@id\":\"https:\\\/\\\/novice.si\\\/page\\\/celje-abramov-se-je-znova-izvlekel-z-odlozitvijo\\\/#article\",\"isPartOf\":{\"@id\":\"https:\\\/\\\/novice.si\\\/page\\\/celje-abramov-se-je-znova-izvlekel-z-odlozitvijo\\\/\"},\"author\":{\"name\":\"Uredni\u0161tvo Celjana\",\"@id\":\"https:\\\/\\\/novice.si\\\/page\\\/#\\\/schema\\\/person\\\/57f25c9642a9541c7349c65d32032c3e\"},\"headline\":\"CELJE Abramov se je znova izvlekel z odlo\u017eitvijo\",\"datePublished\":\"2023-05-04T11:37:14+00:00\",\"dateModified\":\"2023-05-04T11:38:17+00:00\",\"mainEntityOfPage\":{\"@id\":\"https:\\\/\\\/novice.si\\\/page\\\/celje-abramov-se-je-znova-izvlekel-z-odlozitvijo\\\/\"},\"wordCount\":143,\"publisher\":{\"@id\":\"https:\\\/\\\/novice.si\\\/page\\\/#organization\"},\"image\":{\"@id\":\"https:\\\/\\\/novice.si\\\/page\\\/celje-abramov-se-je-znova-izvlekel-z-odlozitvijo\\\/#primaryimage\"},\"thumbnailUrl\":\"https:\\\/\\\/novice.si\\\/page\\\/wp-content\\\/uploads\\\/2022\\\/12\\\/abramov-dec-22-5-scaled.jpg\",\"keywords\":[\"michael rotter\",\"odprava pripora\",\"prolo\u017eitev\",\"Sebastien Abranov\",\"sojenje\"],\"articleSection\":[\"Aktualno\",\"Celjsko\",\"Kronika\"],\"inLanguage\":\"sl-SI\"},{\"@type\":\"WebPage\",\"@id\":\"https:\\\/\\\/novice.si\\\/page\\\/celje-abramov-se-je-znova-izvlekel-z-odlozitvijo\\\/\",\"url\":\"https:\\\/\\\/novice.si\\\/page\\\/celje-abramov-se-je-znova-izvlekel-z-odlozitvijo\\\/\",\"name\":\"CELJE Abramov se je znova izvlekel z odlo\u017eitvijo - Novice.si\",\"isPartOf\":{\"@id\":\"https:\\\/\\\/novice.si\\\/page\\\/#website\"},\"primaryImageOfPage\":{\"@id\":\"https:\\\/\\\/novice.si\\\/page\\\/celje-abramov-se-je-znova-izvlekel-z-odlozitvijo\\\/#primaryimage\"},\"image\":{\"@id\":\"https:\\\/\\\/novice.si\\\/page\\\/celje-abramov-se-je-znova-izvlekel-z-odlozitvijo\\\/#primaryimage\"},\"thumbnailUrl\":\"https:\\\/\\\/novice.si\\\/page\\\/wp-content\\\/uploads\\\/2022\\\/12\\\/abramov-dec-22-5-scaled.jpg\",\"datePublished\":\"2023-05-04T11:37:14+00:00\",\"dateModified\":\"2023-05-04T11:38:17+00:00\",\"breadcrumb\":{\"@id\":\"https:\\\/\\\/novice.si\\\/page\\\/celje-abramov-se-je-znova-izvlekel-z-odlozitvijo\\\/#breadcrumb\"},\"inLanguage\":\"sl-SI\",\"potentialAction\":[{\"@type\":\"ReadAction\",\"target\":[\"https:\\\/\\\/novice.si\\\/page\\\/celje-abramov-se-je-znova-izvlekel-z-odlozitvijo\\\/\"]}]},{\"@type\":\"ImageObject\",\"inLanguage\":\"sl-SI\",\"@id\":\"https:\\\/\\\/novice.si\\\/page\\\/celje-abramov-se-je-znova-izvlekel-z-odlozitvijo\\\/#primaryimage\",\"url\":\"https:\\\/\\\/novice.si\\\/page\\\/wp-content\\\/uploads\\\/2022\\\/12\\\/abramov-dec-22-5-scaled.jpg\",\"contentUrl\":\"https:\\\/\\\/novice.si\\\/page\\\/wp-content\\\/uploads\\\/2022\\\/12\\\/abramov-dec-22-5-scaled.jpg\",\"width\":2560,\"height\":1920},{\"@type\":\"BreadcrumbList\",\"@id\":\"https:\\\/\\\/novice.si\\\/page\\\/celje-abramov-se-je-znova-izvlekel-z-odlozitvijo\\\/#breadcrumb\",\"itemListElement\":[{\"@type\":\"ListItem\",\"position\":1,\"name\":\"Home\",\"item\":\"https:\\\/\\\/novice.si\\\/page\\\/\"},{\"@type\":\"ListItem\",\"position\":2,\"name\":\"CELJE Abramov se je znova izvlekel z odlo\u017eitvijo\"}]},{\"@type\":\"WebSite\",\"@id\":\"https:\\\/\\\/novice.si\\\/page\\\/#website\",\"url\":\"https:\\\/\\\/novice.si\\\/page\\\/\",\"name\":\"Novice.si\",\"description\":\"\",\"publisher\":{\"@id\":\"https:\\\/\\\/novice.si\\\/page\\\/#organization\"},\"potentialAction\":[{\"@type\":\"SearchAction\",\"target\":{\"@type\":\"EntryPoint\",\"urlTemplate\":\"https:\\\/\\\/novice.si\\\/page\\\/?s={search_term_string}\"},\"query-input\":{\"@type\":\"PropertyValueSpecification\",\"valueRequired\":true,\"valueName\":\"search_term_string\"}}],\"inLanguage\":\"sl-SI\"},{\"@type\":\"Organization\",\"@id\":\"https:\\\/\\\/novice.si\\\/page\\\/#organization\",\"name\":\"Novice.si\",\"url\":\"https:\\\/\\\/novice.si\\\/page\\\/\",\"logo\":{\"@type\":\"ImageObject\",\"inLanguage\":\"sl-SI\",\"@id\":\"https:\\\/\\\/novice.si\\\/page\\\/#\\\/schema\\\/logo\\\/image\\\/\",\"url\":\"https:\\\/\\\/novice.si\\\/page\\\/wp-content\\\/uploads\\\/2023\\\/03\\\/novice_si.png\",\"contentUrl\":\"https:\\\/\\\/novice.si\\\/page\\\/wp-content\\\/uploads\\\/2023\\\/03\\\/novice_si.png\",\"width\":576,\"height\":200,\"caption\":\"Novice.si\"},\"image\":{\"@id\":\"https:\\\/\\\/novice.si\\\/page\\\/#\\\/schema\\\/logo\\\/image\\\/\"}},{\"@type\":\"Person\",\"@id\":\"https:\\\/\\\/novice.si\\\/page\\\/#\\\/schema\\\/person\\\/57f25c9642a9541c7349c65d32032c3e\",\"name\":\"Uredni\u0161tvo Celjana\",\"image\":{\"@type\":\"ImageObject\",\"inLanguage\":\"sl-SI\",\"@id\":\"https:\\\/\\\/secure.gravatar.com\\\/avatar\\\/78e52bc4279b65f6df6345e0ef0f7b792d361361f230cf4ffecfe0afe6d5629c?s=96&d=mm&r=g\",\"url\":\"https:\\\/\\\/secure.gravatar.com\\\/avatar\\\/78e52bc4279b65f6df6345e0ef0f7b792d361361f230cf4ffecfe0afe6d5629c?s=96&d=mm&r=g\",\"contentUrl\":\"https:\\\/\\\/secure.gravatar.com\\\/avatar\\\/78e52bc4279b65f6df6345e0ef0f7b792d361361f230cf4ffecfe0afe6d5629c?s=96&d=mm&r=g\",\"caption\":\"Uredni\u0161tvo Celjana\"},\"url\":\"https:\\\/\\\/novice.si\\\/page\\\/author\\\/primoz\\\/\"}]}<\/script>\n<!-- \/ Yoast SEO plugin. -->","yoast_head_json":{"title":"CELJE Abramov se je znova izvlekel z odlo\u017eitvijo - Novice.si","robots":{"index":"index","follow":"follow","max-snippet":"max-snippet:-1","max-image-preview":"max-image-preview:large","max-video-preview":"max-video-preview:-1"},"canonical":"https:\/\/novice.si\/page\/celje-abramov-se-je-znova-izvlekel-z-odlozitvijo\/","og_locale":"sl_SI","og_type":"article","og_title":"CELJE Abramov se je znova izvlekel z odlo\u017eitvijo - Novice.si","og_description":"Na celjskem okro\u017enem sodi\u0161\u010du so dopoldne tik pred zdajci preklicali nadaljevanje sojenja za 37-letnega Ljubljan\u010dana Sebastiena Abramova. Kakor so sporo\u010dili iz urada predsednice sodi\u0161\u010da, gre za upravi\u010deno nujno zadr\u017eanost zagovornika Michaela Rotterja. Obrambi je \u017ee \u010detrti\u010d letos uspelo prelo\u017eiti narok, predvsem pa postopek iz vsebinskega preusmeriti na procesni del. Mo\u017enosti, da bo Abramov, ki je [&hellip;]","og_url":"https:\/\/novice.si\/page\/celje-abramov-se-je-znova-izvlekel-z-odlozitvijo\/","og_site_name":"Novice.si","article_published_time":"2023-05-04T11:37:14+00:00","article_modified_time":"2023-05-04T11:38:17+00:00","og_image":[{"width":2560,"height":1920,"url":"https:\/\/novice.si\/page\/wp-content\/uploads\/2022\/12\/abramov-dec-22-5-scaled.jpg","type":"image\/jpeg"}],"author":"Uredni\u0161tvo Celjana","twitter_card":"summary_large_image","twitter_misc":{"Written by":"Uredni\u0161tvo Celjana","Est. reading time":"1 minuta"},"schema":{"@context":"https:\/\/schema.org","@graph":[{"@type":"Article","@id":"https:\/\/novice.si\/page\/celje-abramov-se-je-znova-izvlekel-z-odlozitvijo\/#article","isPartOf":{"@id":"https:\/\/novice.si\/page\/celje-abramov-se-je-znova-izvlekel-z-odlozitvijo\/"},"author":{"name":"Uredni\u0161tvo Celjana","@id":"https:\/\/novice.si\/page\/#\/schema\/person\/57f25c9642a9541c7349c65d32032c3e"},"headline":"CELJE Abramov se je znova izvlekel z odlo\u017eitvijo","datePublished":"2023-05-04T11:37:14+00:00","dateModified":"2023-05-04T11:38:17+00:00","mainEntityOfPage":{"@id":"https:\/\/novice.si\/page\/celje-abramov-se-je-znova-izvlekel-z-odlozitvijo\/"},"wordCount":143,"publisher":{"@id":"https:\/\/novice.si\/page\/#organization"},"image":{"@id":"https:\/\/novice.si\/page\/celje-abramov-se-je-znova-izvlekel-z-odlozitvijo\/#primaryimage"},"thumbnailUrl":"https:\/\/novice.si\/page\/wp-content\/uploads\/2022\/12\/abramov-dec-22-5-scaled.jpg","keywords":["michael rotter","odprava pripora","prolo\u017eitev","Sebastien Abranov","sojenje"],"articleSection":["Aktualno","Celjsko","Kronika"],"inLanguage":"sl-SI"},{"@type":"WebPage","@id":"https:\/\/novice.si\/page\/celje-abramov-se-je-znova-izvlekel-z-odlozitvijo\/","url":"https:\/\/novice.si\/page\/celje-abramov-se-je-znova-izvlekel-z-odlozitvijo\/","name":"CELJE Abramov se je znova izvlekel z odlo\u017eitvijo - Novice.si","isPartOf":{"@id":"https:\/\/novice.si\/page\/#website"},"primaryImageOfPage":{"@id":"https:\/\/novice.si\/page\/celje-abramov-se-je-znova-izvlekel-z-odlozitvijo\/#primaryimage"},"image":{"@id":"https:\/\/novice.si\/page\/celje-abramov-se-je-znova-izvlekel-z-odlozitvijo\/#primaryimage"},"thumbnailUrl":"https:\/\/novice.si\/page\/wp-content\/uploads\/2022\/12\/abramov-dec-22-5-scaled.jpg","datePublished":"2023-05-04T11:37:14+00:00","dateModified":"2023-05-04T11:38:17+00:00","breadcrumb":{"@id":"https:\/\/novice.si\/page\/celje-abramov-se-je-znova-izvlekel-z-odlozitvijo\/#breadcrumb"},"inLanguage":"sl-SI","potentialAction":[{"@type":"ReadAction","target":["https:\/\/novice.si\/page\/celje-abramov-se-je-znova-izvlekel-z-odlozitvijo\/"]}]},{"@type":"ImageObject","inLanguage":"sl-SI","@id":"https:\/\/novice.si\/page\/celje-abramov-se-je-znova-izvlekel-z-odlozitvijo\/#primaryimage","url":"https:\/\/novice.si\/page\/wp-content\/uploads\/2022\/12\/abramov-dec-22-5-scaled.jpg","contentUrl":"https:\/\/novice.si\/page\/wp-content\/uploads\/2022\/12\/abramov-dec-22-5-scaled.jpg","width":2560,"height":1920},{"@type":"BreadcrumbList","@id":"https:\/\/novice.si\/page\/celje-abramov-se-je-znova-izvlekel-z-odlozitvijo\/#breadcrumb","itemListElement":[{"@type":"ListItem","position":1,"name":"Home","item":"https:\/\/novice.si\/page\/"},{"@type":"ListItem","position":2,"name":"CELJE Abramov se je znova izvlekel z odlo\u017eitvijo"}]},{"@type":"WebSite","@id":"https:\/\/novice.si\/page\/#website","url":"https:\/\/novice.si\/page\/","name":"Novice.si","description":"","publisher":{"@id":"https:\/\/novice.si\/page\/#organization"},"potentialAction":[{"@type":"SearchAction","target":{"@type":"EntryPoint","urlTemplate":"https:\/\/novice.si\/page\/?s={search_term_string}"},"query-input":{"@type":"PropertyValueSpecification","valueRequired":true,"valueName":"search_term_string"}}],"inLanguage":"sl-SI"},{"@type":"Organization","@id":"https:\/\/novice.si\/page\/#organization","name":"Novice.si","url":"https:\/\/novice.si\/page\/","logo":{"@type":"ImageObject","inLanguage":"sl-SI","@id":"https:\/\/novice.si\/page\/#\/schema\/logo\/image\/","url":"https:\/\/novice.si\/page\/wp-content\/uploads\/2023\/03\/novice_si.png","contentUrl":"https:\/\/novice.si\/page\/wp-content\/uploads\/2023\/03\/novice_si.png","width":576,"height":200,"caption":"Novice.si"},"image":{"@id":"https:\/\/novice.si\/page\/#\/schema\/logo\/image\/"}},{"@type":"Person","@id":"https:\/\/novice.si\/page\/#\/schema\/person\/57f25c9642a9541c7349c65d32032c3e","name":"Uredni\u0161tvo Celjana","image":{"@type":"ImageObject","inLanguage":"sl-SI","@id":"https:\/\/secure.gravatar.com\/avatar\/78e52bc4279b65f6df6345e0ef0f7b792d361361f230cf4ffecfe0afe6d5629c?s=96&d=mm&r=g","url":"https:\/\/secure.gravatar.com\/avatar\/78e52bc4279b65f6df6345e0ef0f7b792d361361f230cf4ffecfe0afe6d5629c?s=96&d=mm&r=g","contentUrl":"https:\/\/secure.gravatar.com\/avatar\/78e52bc4279b65f6df6345e0ef0f7b792d361361f230cf4ffecfe0afe6d5629c?s=96&d=mm&r=g","caption":"Uredni\u0161tvo Celjana"},"url":"https:\/\/novice.si\/page\/author\/primoz\/"}]}},"_links":{"self":[{"href":"https:\/\/novice.si\/page\/wp-json\/wp\/v2\/posts\/162331","targetHints":{"allow":["GET"]}}],"collection":[{"href":"https:\/\/novice.si\/page\/wp-json\/wp\/v2\/posts"}],"about":[{"href":"https:\/\/novice.si\/page\/wp-json\/wp\/v2\/types\/post"}],"author":[{"embeddable":true,"href":"https:\/\/novice.si\/page\/wp-json\/wp\/v2\/users\/33"}],"replies":[{"embeddable":true,"href":"https:\/\/novice.si\/page\/wp-json\/wp\/v2\/comments?post=162331"}],"version-history":[{"count":2,"href":"https:\/\/novice.si\/page\/wp-json\/wp\/v2\/posts\/162331\/revisions"}],"predecessor-version":[{"id":162333,"href":"https:\/\/novice.si\/page\/wp-json\/wp\/v2\/posts\/162331\/revisions\/162333"}],"wp:featuredmedia":[{"embeddable":true,"href":"https:\/\/novice.si\/page\/wp-json\/wp\/v2\/media\/157616"}],"wp:attachment":[{"href":"https:\/\/novice.si\/page\/wp-json\/wp\/v2\/media?parent=162331"}],"wp:term":[{"taxonomy":"category","embeddable":true,"href":"https:\/\/novice.si\/page\/wp-json\/wp\/v2\/categories?post=162331"},{"taxonomy":"post_tag","embeddable":true,"href":"https:\/\/novice.si\/page\/wp-json\/wp\/v2\/tags?post=162331"}],"curies":[{"name":"wp","href":"https:\/\/api.w.org\/{rel}","templated":true}]}}