{"id":162315,"date":"2023-05-03T19:45:54","date_gmt":"2023-05-03T17:45:54","guid":{"rendered":"https:\/\/novice.si\/page\/?p=162315"},"modified":"2023-05-03T18:50:37","modified_gmt":"2023-05-03T16:50:37","slug":"zivel-1-maj","status":"publish","type":"post","link":"https:\/\/novice.si\/page\/zivel-1-maj\/","title":{"rendered":"\u017divel 1. maj"},"content":{"rendered":"\r\n                <style type=\"text\/css\">\r\n                    \r\n                    #tdi_1  .td-doubleSlider-2 .td-item1 {\r\n                        background: url(https:\/\/novice.si\/page\/wp-content\/uploads\/2023\/05\/Celjska1-80x60.jpg) 0 0 no-repeat;\r\n                    }\r\n                    #tdi_1  .td-doubleSlider-2 .td-item2 {\r\n                        background: url(https:\/\/novice.si\/page\/wp-content\/uploads\/2023\/05\/Celjska2-80x60.jpg) 0 0 no-repeat;\r\n                    }\r\n                    #tdi_1  .td-doubleSlider-2 .td-item3 {\r\n                        background: url(https:\/\/novice.si\/page\/wp-content\/uploads\/2023\/05\/Celjska3-80x60.jpg) 0 0 no-repeat;\r\n                    }\r\n                <\/style>\r\n\r\n                <div id=\"tdi_1\" class=\"td-gallery td-slide-on-2-columns\">\r\n                    <div class=\"post_td_gallery\">\r\n                        <div class=\"td-gallery-slide-top\">\r\n                           <div class=\"td-gallery-title\">\u017divel 1. maj!<\/div>\r\n\r\n                            <div class=\"td-gallery-controls-wrapper\">\r\n                                <div class=\"td-gallery-slide-count\"><span class=\"td-gallery-slide-item-focus\">1<\/span> od 3<\/div>\r\n                                <div class=\"td-gallery-slide-prev-next-but\">\r\n                                    <i class = \"td-icon-left doubleSliderPrevButton\"><\/i>\r\n                                    <i class = \"td-icon-right doubleSliderNextButton\"><\/i>\r\n                                <\/div>\r\n                            <\/div>\r\n                        <\/div>\r\n\r\n                        <div class = \"td-doubleSlider-1 \">\r\n                            <div class = \"td-slider\">\r\n                                \r\n                    <div class = \"td-slide-item td-item1\">\r\n                        <figure class=\"td-slide-galery-figure td-slide-popup-gallery\">\r\n                            <a class=\"slide-gallery-image-link\" href=\"https:\/\/novice.si\/page\/wp-content\/uploads\/2023\/05\/Celjska1.jpg\" title=\"\"  data-caption=\"Zbrane na Celjski ko\u010di, marsikdo je iz doline pri\u0161el pe\u0161, je nagovoril tudi celjski \u017eupan Matija Kova\u010d. Foto Lu\u010dka Klajne\"  data-description=\"\" data-gallery>\r\n                                <img decoding=\"async\" src=\"https:\/\/novice.si\/page\/wp-content\/uploads\/2023\/05\/Celjska1-315x420.jpg\" srcset=\"https:\/\/novice.si\/page\/wp-content\/uploads\/2023\/05\/Celjska1-315x420.jpg 315w, https:\/\/novice.si\/page\/wp-content\/uploads\/2023\/05\/Celjska1-450x600.jpg 450w, https:\/\/novice.si\/page\/wp-content\/uploads\/2023\/05\/Celjska1-768x1024.jpg 768w, https:\/\/novice.si\/page\/wp-content\/uploads\/2023\/05\/Celjska1-1152x1536.jpg 1152w, https:\/\/novice.si\/page\/wp-content\/uploads\/2023\/05\/Celjska1-696x928.jpg 696w, https:\/\/novice.si\/page\/wp-content\/uploads\/2023\/05\/Celjska1-1068x1424.jpg 1068w, https:\/\/novice.si\/page\/wp-content\/uploads\/2023\/05\/Celjska1-18x24.jpg 18w, https:\/\/novice.si\/page\/wp-content\/uploads\/2023\/05\/Celjska1-27x36.jpg 27w, https:\/\/novice.si\/page\/wp-content\/uploads\/2023\/05\/Celjska1-36x48.jpg 36w, https:\/\/novice.si\/page\/wp-content\/uploads\/2023\/05\/Celjska1.jpg 1200w\" sizes=\"(max-width: 315px) 100vw, 315px\" alt=\"1. maj\">\r\n                            <\/a>\r\n                            <figcaption class = \"td-slide-caption td-gallery-slide-content\"><div class = \"td-gallery-slide-copywrite\">Zbrane na Celjski ko\u010di, marsikdo je iz doline pri\u0161el pe\u0161, je nagovoril tudi celjski \u017eupan Matija Kova\u010d. Foto Lu\u010dka Klajne<\/div><\/figcaption>\r\n                        <\/figure>\r\n                    <\/div>\r\n                    <div class = \"td-slide-item td-item2\">\r\n                        <figure class=\"td-slide-galery-figure td-slide-popup-gallery\">\r\n                            <a class=\"slide-gallery-image-link\" href=\"https:\/\/novice.si\/page\/wp-content\/uploads\/2023\/05\/Celjska2.jpg\" title=\"Celjska2\"  data-caption=\"Pihalne godbe so marsikje poskrbele za zgodnje budnice, slednje na Celjski ko\u010di niso potrebovali, a glasba je vsekakor prijala. Foto Lu\u010dka Klajne\"  data-description=\"\" data-gallery>\r\n                                <img decoding=\"async\" src=\"https:\/\/novice.si\/page\/wp-content\/uploads\/2023\/05\/Celjska2-315x420.jpg\" srcset=\"https:\/\/novice.si\/page\/wp-content\/uploads\/2023\/05\/Celjska2-315x420.jpg 315w, https:\/\/novice.si\/page\/wp-content\/uploads\/2023\/05\/Celjska2-450x600.jpg 450w, https:\/\/novice.si\/page\/wp-content\/uploads\/2023\/05\/Celjska2-768x1024.jpg 768w, https:\/\/novice.si\/page\/wp-content\/uploads\/2023\/05\/Celjska2-1152x1536.jpg 1152w, https:\/\/novice.si\/page\/wp-content\/uploads\/2023\/05\/Celjska2-696x928.jpg 696w, https:\/\/novice.si\/page\/wp-content\/uploads\/2023\/05\/Celjska2-1068x1424.jpg 1068w, https:\/\/novice.si\/page\/wp-content\/uploads\/2023\/05\/Celjska2-18x24.jpg 18w, https:\/\/novice.si\/page\/wp-content\/uploads\/2023\/05\/Celjska2-27x36.jpg 27w, https:\/\/novice.si\/page\/wp-content\/uploads\/2023\/05\/Celjska2-36x48.jpg 36w, https:\/\/novice.si\/page\/wp-content\/uploads\/2023\/05\/Celjska2.jpg 1200w\" sizes=\"(max-width: 315px) 100vw, 315px\" alt=\"\">\r\n                            <\/a>\r\n                            <figcaption class = \"td-slide-caption td-gallery-slide-content\"><div class = \"td-gallery-slide-copywrite\">Pihalne godbe so marsikje poskrbele za zgodnje budnice, slednje na Celjski ko\u010di niso potrebovali, a glasba je vsekakor prijala. Foto Lu\u010dka Klajne<\/div><\/figcaption>\r\n                        <\/figure>\r\n                    <\/div>\r\n                    <div class = \"td-slide-item td-item3\">\r\n                        <figure class=\"td-slide-galery-figure td-slide-popup-gallery\">\r\n                            <a class=\"slide-gallery-image-link\" href=\"https:\/\/novice.si\/page\/wp-content\/uploads\/2023\/05\/Celjska3.jpg\" title=\"Celjska3\"  data-caption=\"Vzdu\u0161je je bilo tudi med mlaj\u0161imi prazni\u010dno; tudi za njihove pravice gre. Foto Lu\u010dka Klajne\"  data-description=\"\" data-gallery>\r\n                                <img decoding=\"async\" src=\"https:\/\/novice.si\/page\/wp-content\/uploads\/2023\/05\/Celjska3-315x420.jpg\" srcset=\"https:\/\/novice.si\/page\/wp-content\/uploads\/2023\/05\/Celjska3-315x420.jpg 315w, https:\/\/novice.si\/page\/wp-content\/uploads\/2023\/05\/Celjska3-450x600.jpg 450w, https:\/\/novice.si\/page\/wp-content\/uploads\/2023\/05\/Celjska3-768x1024.jpg 768w, https:\/\/novice.si\/page\/wp-content\/uploads\/2023\/05\/Celjska3-1152x1536.jpg 1152w, https:\/\/novice.si\/page\/wp-content\/uploads\/2023\/05\/Celjska3-696x928.jpg 696w, https:\/\/novice.si\/page\/wp-content\/uploads\/2023\/05\/Celjska3-1068x1424.jpg 1068w, https:\/\/novice.si\/page\/wp-content\/uploads\/2023\/05\/Celjska3-18x24.jpg 18w, https:\/\/novice.si\/page\/wp-content\/uploads\/2023\/05\/Celjska3-27x36.jpg 27w, https:\/\/novice.si\/page\/wp-content\/uploads\/2023\/05\/Celjska3-36x48.jpg 36w, https:\/\/novice.si\/page\/wp-content\/uploads\/2023\/05\/Celjska3.jpg 1200w\" sizes=\"(max-width: 315px) 100vw, 315px\" alt=\"\">\r\n                            <\/a>\r\n                            <figcaption class = \"td-slide-caption td-gallery-slide-content\"><div class = \"td-gallery-slide-copywrite\">Vzdu\u0161je je bilo tudi med mlaj\u0161imi prazni\u010dno; tudi za njihove pravice gre. Foto Lu\u010dka Klajne<\/div><\/figcaption>\r\n                        <\/figure>\r\n                    <\/div>\r\n                            <\/div>\r\n                        <\/div>\r\n\r\n                        <div class = \"td-doubleSlider-2\">\r\n                            <div class = \"td-slider\">\r\n                                \r\n                    <div class = \"td-button td-item1\">\r\n                        <div class = \"td-border\"><\/div>\r\n                    <\/div>\r\n                    <div class = \"td-button td-item2\">\r\n                        <div class = \"td-border\"><\/div>\r\n                    <\/div>\r\n                    <div class = \"td-button td-item3\">\r\n                        <div class = \"td-border\"><\/div>\r\n                    <\/div>\r\n                            <\/div>\r\n                        <\/div>\r\n\r\n                    <\/div>\r\n\r\n                <\/div>\r\n                \n<p><em>Zveza svobodnih sindikatov Slovenija, Obmo\u010dna organizacija ZSSS Savinjska, kresovanja letos ni pripravila, so pa na praznik dela, 1. maja, organizirali shod oz. proslavo na Celjski ko\u010di. <\/em><\/p>\n<p>Za zabavo sta skrbela ansambel Aplavz in pihalna godba, v uradnem delu programa pa so zbrane nagovorili <strong>Fran\u010di\u0161ek Verk<\/strong>, predsednik Sindikata dr\u017eavnih organov Slovenije, <strong>Matija Kova\u010d<\/strong>, \u017eupan Mestne ob\u010dine Celje, in <strong>Mojca Stropnik<\/strong>, sekretarka obmo\u010dne ZSSS.<\/p>\n","protected":false},"excerpt":{"rendered":"<p>Zveza svobodnih sindikatov Slovenija, Obmo\u010dna organizacija ZSSS Savinjska, kresovanja letos ni pripravila, so pa na praznik dela, 1. maja, organizirali shod oz. proslavo na Celjski ko\u010di. Za zabavo sta skrbela ansambel Aplavz in pihalna godba, v uradnem delu programa pa so zbrane nagovorili Fran\u010di\u0161ek Verk, predsednik Sindikata dr\u017eavnih organov Slovenije, Matija Kova\u010d, \u017eupan Mestne ob\u010dine [&hellip;]<\/p>\n","protected":false},"author":55,"featured_media":162317,"comment_status":"closed","ping_status":"closed","sticky":false,"template":"","format":"standard","meta":{"footnotes":""},"categories":[14,142,17,15],"tags":[],"class_list":{"0":"post-162315","1":"post","2":"type-post","3":"status-publish","4":"format-standard","5":"has-post-thumbnail","7":"category-aktualno","8":"category-celjan","9":"category-celjsko","10":"category-druzabno"},"yoast_head":"<!-- This site is optimized with the Yoast SEO plugin v27.4 - https:\/\/yoast.com\/product\/yoast-seo-wordpress\/ -->\n<title>\u017divel 1. maj - Novice.si<\/title>\n<meta name=\"robots\" content=\"index, follow, max-snippet:-1, max-image-preview:large, max-video-preview:-1\" \/>\n<link rel=\"canonical\" href=\"https:\/\/novice.si\/page\/zivel-1-maj\/\" \/>\n<meta property=\"og:locale\" content=\"sl_SI\" \/>\n<meta property=\"og:type\" content=\"article\" \/>\n<meta property=\"og:title\" content=\"\u017divel 1. maj - Novice.si\" \/>\n<meta property=\"og:description\" content=\"Zveza svobodnih sindikatov Slovenija, Obmo\u010dna organizacija ZSSS Savinjska, kresovanja letos ni pripravila, so pa na praznik dela, 1. maja, organizirali shod oz. proslavo na Celjski ko\u010di. Za zabavo sta skrbela ansambel Aplavz in pihalna godba, v uradnem delu programa pa so zbrane nagovorili Fran\u010di\u0161ek Verk, predsednik Sindikata dr\u017eavnih organov Slovenije, Matija Kova\u010d, \u017eupan Mestne ob\u010dine [&hellip;]\" \/>\n<meta property=\"og:url\" content=\"https:\/\/novice.si\/page\/zivel-1-maj\/\" \/>\n<meta property=\"og:site_name\" content=\"Novice.si\" \/>\n<meta property=\"article:published_time\" content=\"2023-05-03T17:45:54+00:00\" \/>\n<meta property=\"og:image\" content=\"https:\/\/novice.si\/page\/wp-content\/uploads\/2023\/05\/Celjska1.jpg\" \/>\n\t<meta property=\"og:image:width\" content=\"1200\" \/>\n\t<meta property=\"og:image:height\" content=\"1600\" \/>\n\t<meta property=\"og:image:type\" content=\"image\/jpeg\" \/>\n<meta name=\"author\" content=\"Uredni\u0161tvo Celjana\" \/>\n<meta name=\"twitter:card\" content=\"summary_large_image\" \/>\n<meta name=\"twitter:label1\" content=\"Written by\" \/>\n\t<meta name=\"twitter:data1\" content=\"Uredni\u0161tvo Celjana\" \/>\n\t<meta name=\"twitter:label2\" content=\"Est. reading time\" \/>\n\t<meta name=\"twitter:data2\" content=\"1 minuta\" \/>\n<script type=\"application\/ld+json\" class=\"yoast-schema-graph\">{\"@context\":\"https:\\\/\\\/schema.org\",\"@graph\":[{\"@type\":\"Article\",\"@id\":\"https:\\\/\\\/novice.si\\\/page\\\/zivel-1-maj\\\/#article\",\"isPartOf\":{\"@id\":\"https:\\\/\\\/novice.si\\\/page\\\/zivel-1-maj\\\/\"},\"author\":{\"name\":\"Uredni\u0161tvo Celjana\",\"@id\":\"https:\\\/\\\/novice.si\\\/page\\\/#\\\/schema\\\/person\\\/a49f233ef2777ec7b2e8d0662325bb48\"},\"headline\":\"\u017divel 1. maj\",\"datePublished\":\"2023-05-03T17:45:54+00:00\",\"mainEntityOfPage\":{\"@id\":\"https:\\\/\\\/novice.si\\\/page\\\/zivel-1-maj\\\/\"},\"wordCount\":83,\"publisher\":{\"@id\":\"https:\\\/\\\/novice.si\\\/page\\\/#organization\"},\"image\":{\"@id\":\"https:\\\/\\\/novice.si\\\/page\\\/zivel-1-maj\\\/#primaryimage\"},\"thumbnailUrl\":\"https:\\\/\\\/novice.si\\\/page\\\/wp-content\\\/uploads\\\/2023\\\/05\\\/Celjska1.jpg\",\"articleSection\":[\"Aktualno\",\"Celjan\",\"Celjsko\",\"Dru\u017eabno\"],\"inLanguage\":\"sl-SI\"},{\"@type\":\"WebPage\",\"@id\":\"https:\\\/\\\/novice.si\\\/page\\\/zivel-1-maj\\\/\",\"url\":\"https:\\\/\\\/novice.si\\\/page\\\/zivel-1-maj\\\/\",\"name\":\"\u017divel 1. maj - Novice.si\",\"isPartOf\":{\"@id\":\"https:\\\/\\\/novice.si\\\/page\\\/#website\"},\"primaryImageOfPage\":{\"@id\":\"https:\\\/\\\/novice.si\\\/page\\\/zivel-1-maj\\\/#primaryimage\"},\"image\":{\"@id\":\"https:\\\/\\\/novice.si\\\/page\\\/zivel-1-maj\\\/#primaryimage\"},\"thumbnailUrl\":\"https:\\\/\\\/novice.si\\\/page\\\/wp-content\\\/uploads\\\/2023\\\/05\\\/Celjska1.jpg\",\"datePublished\":\"2023-05-03T17:45:54+00:00\",\"breadcrumb\":{\"@id\":\"https:\\\/\\\/novice.si\\\/page\\\/zivel-1-maj\\\/#breadcrumb\"},\"inLanguage\":\"sl-SI\",\"potentialAction\":[{\"@type\":\"ReadAction\",\"target\":[\"https:\\\/\\\/novice.si\\\/page\\\/zivel-1-maj\\\/\"]}]},{\"@type\":\"ImageObject\",\"inLanguage\":\"sl-SI\",\"@id\":\"https:\\\/\\\/novice.si\\\/page\\\/zivel-1-maj\\\/#primaryimage\",\"url\":\"https:\\\/\\\/novice.si\\\/page\\\/wp-content\\\/uploads\\\/2023\\\/05\\\/Celjska1.jpg\",\"contentUrl\":\"https:\\\/\\\/novice.si\\\/page\\\/wp-content\\\/uploads\\\/2023\\\/05\\\/Celjska1.jpg\",\"width\":1200,\"height\":1600,\"caption\":\"Zbrane na Celjski ko\u010di, marsikdo je iz doline pri\u0161el pe\u0161, je nagovoril tudi celjski \u017eupan Matija Kova\u010d. Foto Lu\u010dka Klajne\"},{\"@type\":\"BreadcrumbList\",\"@id\":\"https:\\\/\\\/novice.si\\\/page\\\/zivel-1-maj\\\/#breadcrumb\",\"itemListElement\":[{\"@type\":\"ListItem\",\"position\":1,\"name\":\"Home\",\"item\":\"https:\\\/\\\/novice.si\\\/page\\\/\"},{\"@type\":\"ListItem\",\"position\":2,\"name\":\"\u017divel 1. maj\"}]},{\"@type\":\"WebSite\",\"@id\":\"https:\\\/\\\/novice.si\\\/page\\\/#website\",\"url\":\"https:\\\/\\\/novice.si\\\/page\\\/\",\"name\":\"Novice.si\",\"description\":\"\",\"publisher\":{\"@id\":\"https:\\\/\\\/novice.si\\\/page\\\/#organization\"},\"potentialAction\":[{\"@type\":\"SearchAction\",\"target\":{\"@type\":\"EntryPoint\",\"urlTemplate\":\"https:\\\/\\\/novice.si\\\/page\\\/?s={search_term_string}\"},\"query-input\":{\"@type\":\"PropertyValueSpecification\",\"valueRequired\":true,\"valueName\":\"search_term_string\"}}],\"inLanguage\":\"sl-SI\"},{\"@type\":\"Organization\",\"@id\":\"https:\\\/\\\/novice.si\\\/page\\\/#organization\",\"name\":\"Novice.si\",\"url\":\"https:\\\/\\\/novice.si\\\/page\\\/\",\"logo\":{\"@type\":\"ImageObject\",\"inLanguage\":\"sl-SI\",\"@id\":\"https:\\\/\\\/novice.si\\\/page\\\/#\\\/schema\\\/logo\\\/image\\\/\",\"url\":\"https:\\\/\\\/novice.si\\\/page\\\/wp-content\\\/uploads\\\/2023\\\/03\\\/novice_si.png\",\"contentUrl\":\"https:\\\/\\\/novice.si\\\/page\\\/wp-content\\\/uploads\\\/2023\\\/03\\\/novice_si.png\",\"width\":576,\"height\":200,\"caption\":\"Novice.si\"},\"image\":{\"@id\":\"https:\\\/\\\/novice.si\\\/page\\\/#\\\/schema\\\/logo\\\/image\\\/\"}},{\"@type\":\"Person\",\"@id\":\"https:\\\/\\\/novice.si\\\/page\\\/#\\\/schema\\\/person\\\/a49f233ef2777ec7b2e8d0662325bb48\",\"name\":\"Uredni\u0161tvo Celjana\",\"image\":{\"@type\":\"ImageObject\",\"inLanguage\":\"sl-SI\",\"@id\":\"https:\\\/\\\/secure.gravatar.com\\\/avatar\\\/7f7863e616af8f92806c638dd1db3f1a238d83d1cc2ec3100afc06fbb7eb303f?s=96&d=mm&r=g\",\"url\":\"https:\\\/\\\/secure.gravatar.com\\\/avatar\\\/7f7863e616af8f92806c638dd1db3f1a238d83d1cc2ec3100afc06fbb7eb303f?s=96&d=mm&r=g\",\"contentUrl\":\"https:\\\/\\\/secure.gravatar.com\\\/avatar\\\/7f7863e616af8f92806c638dd1db3f1a238d83d1cc2ec3100afc06fbb7eb303f?s=96&d=mm&r=g\",\"caption\":\"Uredni\u0161tvo Celjana\"},\"url\":\"https:\\\/\\\/novice.si\\\/page\\\/author\\\/maja\\\/\"}]}<\/script>\n<!-- \/ Yoast SEO plugin. -->","yoast_head_json":{"title":"\u017divel 1. maj - Novice.si","robots":{"index":"index","follow":"follow","max-snippet":"max-snippet:-1","max-image-preview":"max-image-preview:large","max-video-preview":"max-video-preview:-1"},"canonical":"https:\/\/novice.si\/page\/zivel-1-maj\/","og_locale":"sl_SI","og_type":"article","og_title":"\u017divel 1. maj - Novice.si","og_description":"Zveza svobodnih sindikatov Slovenija, Obmo\u010dna organizacija ZSSS Savinjska, kresovanja letos ni pripravila, so pa na praznik dela, 1. maja, organizirali shod oz. proslavo na Celjski ko\u010di. Za zabavo sta skrbela ansambel Aplavz in pihalna godba, v uradnem delu programa pa so zbrane nagovorili Fran\u010di\u0161ek Verk, predsednik Sindikata dr\u017eavnih organov Slovenije, Matija Kova\u010d, \u017eupan Mestne ob\u010dine [&hellip;]","og_url":"https:\/\/novice.si\/page\/zivel-1-maj\/","og_site_name":"Novice.si","article_published_time":"2023-05-03T17:45:54+00:00","og_image":[{"width":1200,"height":1600,"url":"https:\/\/novice.si\/page\/wp-content\/uploads\/2023\/05\/Celjska1.jpg","type":"image\/jpeg"}],"author":"Uredni\u0161tvo Celjana","twitter_card":"summary_large_image","twitter_misc":{"Written by":"Uredni\u0161tvo Celjana","Est. reading time":"1 minuta"},"schema":{"@context":"https:\/\/schema.org","@graph":[{"@type":"Article","@id":"https:\/\/novice.si\/page\/zivel-1-maj\/#article","isPartOf":{"@id":"https:\/\/novice.si\/page\/zivel-1-maj\/"},"author":{"name":"Uredni\u0161tvo Celjana","@id":"https:\/\/novice.si\/page\/#\/schema\/person\/a49f233ef2777ec7b2e8d0662325bb48"},"headline":"\u017divel 1. maj","datePublished":"2023-05-03T17:45:54+00:00","mainEntityOfPage":{"@id":"https:\/\/novice.si\/page\/zivel-1-maj\/"},"wordCount":83,"publisher":{"@id":"https:\/\/novice.si\/page\/#organization"},"image":{"@id":"https:\/\/novice.si\/page\/zivel-1-maj\/#primaryimage"},"thumbnailUrl":"https:\/\/novice.si\/page\/wp-content\/uploads\/2023\/05\/Celjska1.jpg","articleSection":["Aktualno","Celjan","Celjsko","Dru\u017eabno"],"inLanguage":"sl-SI"},{"@type":"WebPage","@id":"https:\/\/novice.si\/page\/zivel-1-maj\/","url":"https:\/\/novice.si\/page\/zivel-1-maj\/","name":"\u017divel 1. maj - Novice.si","isPartOf":{"@id":"https:\/\/novice.si\/page\/#website"},"primaryImageOfPage":{"@id":"https:\/\/novice.si\/page\/zivel-1-maj\/#primaryimage"},"image":{"@id":"https:\/\/novice.si\/page\/zivel-1-maj\/#primaryimage"},"thumbnailUrl":"https:\/\/novice.si\/page\/wp-content\/uploads\/2023\/05\/Celjska1.jpg","datePublished":"2023-05-03T17:45:54+00:00","breadcrumb":{"@id":"https:\/\/novice.si\/page\/zivel-1-maj\/#breadcrumb"},"inLanguage":"sl-SI","potentialAction":[{"@type":"ReadAction","target":["https:\/\/novice.si\/page\/zivel-1-maj\/"]}]},{"@type":"ImageObject","inLanguage":"sl-SI","@id":"https:\/\/novice.si\/page\/zivel-1-maj\/#primaryimage","url":"https:\/\/novice.si\/page\/wp-content\/uploads\/2023\/05\/Celjska1.jpg","contentUrl":"https:\/\/novice.si\/page\/wp-content\/uploads\/2023\/05\/Celjska1.jpg","width":1200,"height":1600,"caption":"Zbrane na Celjski ko\u010di, marsikdo je iz doline pri\u0161el pe\u0161, je nagovoril tudi celjski \u017eupan Matija Kova\u010d. Foto Lu\u010dka Klajne"},{"@type":"BreadcrumbList","@id":"https:\/\/novice.si\/page\/zivel-1-maj\/#breadcrumb","itemListElement":[{"@type":"ListItem","position":1,"name":"Home","item":"https:\/\/novice.si\/page\/"},{"@type":"ListItem","position":2,"name":"\u017divel 1. maj"}]},{"@type":"WebSite","@id":"https:\/\/novice.si\/page\/#website","url":"https:\/\/novice.si\/page\/","name":"Novice.si","description":"","publisher":{"@id":"https:\/\/novice.si\/page\/#organization"},"potentialAction":[{"@type":"SearchAction","target":{"@type":"EntryPoint","urlTemplate":"https:\/\/novice.si\/page\/?s={search_term_string}"},"query-input":{"@type":"PropertyValueSpecification","valueRequired":true,"valueName":"search_term_string"}}],"inLanguage":"sl-SI"},{"@type":"Organization","@id":"https:\/\/novice.si\/page\/#organization","name":"Novice.si","url":"https:\/\/novice.si\/page\/","logo":{"@type":"ImageObject","inLanguage":"sl-SI","@id":"https:\/\/novice.si\/page\/#\/schema\/logo\/image\/","url":"https:\/\/novice.si\/page\/wp-content\/uploads\/2023\/03\/novice_si.png","contentUrl":"https:\/\/novice.si\/page\/wp-content\/uploads\/2023\/03\/novice_si.png","width":576,"height":200,"caption":"Novice.si"},"image":{"@id":"https:\/\/novice.si\/page\/#\/schema\/logo\/image\/"}},{"@type":"Person","@id":"https:\/\/novice.si\/page\/#\/schema\/person\/a49f233ef2777ec7b2e8d0662325bb48","name":"Uredni\u0161tvo Celjana","image":{"@type":"ImageObject","inLanguage":"sl-SI","@id":"https:\/\/secure.gravatar.com\/avatar\/7f7863e616af8f92806c638dd1db3f1a238d83d1cc2ec3100afc06fbb7eb303f?s=96&d=mm&r=g","url":"https:\/\/secure.gravatar.com\/avatar\/7f7863e616af8f92806c638dd1db3f1a238d83d1cc2ec3100afc06fbb7eb303f?s=96&d=mm&r=g","contentUrl":"https:\/\/secure.gravatar.com\/avatar\/7f7863e616af8f92806c638dd1db3f1a238d83d1cc2ec3100afc06fbb7eb303f?s=96&d=mm&r=g","caption":"Uredni\u0161tvo Celjana"},"url":"https:\/\/novice.si\/page\/author\/maja\/"}]}},"_links":{"self":[{"href":"https:\/\/novice.si\/page\/wp-json\/wp\/v2\/posts\/162315","targetHints":{"allow":["GET"]}}],"collection":[{"href":"https:\/\/novice.si\/page\/wp-json\/wp\/v2\/posts"}],"about":[{"href":"https:\/\/novice.si\/page\/wp-json\/wp\/v2\/types\/post"}],"author":[{"embeddable":true,"href":"https:\/\/novice.si\/page\/wp-json\/wp\/v2\/users\/55"}],"replies":[{"embeddable":true,"href":"https:\/\/novice.si\/page\/wp-json\/wp\/v2\/comments?post=162315"}],"version-history":[{"count":3,"href":"https:\/\/novice.si\/page\/wp-json\/wp\/v2\/posts\/162315\/revisions"}],"predecessor-version":[{"id":162324,"href":"https:\/\/novice.si\/page\/wp-json\/wp\/v2\/posts\/162315\/revisions\/162324"}],"wp:featuredmedia":[{"embeddable":true,"href":"https:\/\/novice.si\/page\/wp-json\/wp\/v2\/media\/162317"}],"wp:attachment":[{"href":"https:\/\/novice.si\/page\/wp-json\/wp\/v2\/media?parent=162315"}],"wp:term":[{"taxonomy":"category","embeddable":true,"href":"https:\/\/novice.si\/page\/wp-json\/wp\/v2\/categories?post=162315"},{"taxonomy":"post_tag","embeddable":true,"href":"https:\/\/novice.si\/page\/wp-json\/wp\/v2\/tags?post=162315"}],"curies":[{"name":"wp","href":"https:\/\/api.w.org\/{rel}","templated":true}]}}