{"id":162189,"date":"2023-05-02T10:15:17","date_gmt":"2023-05-02T08:15:17","guid":{"rendered":"https:\/\/novice.si\/page\/?p=162189"},"modified":"2023-05-02T10:15:17","modified_gmt":"2023-05-02T08:15:17","slug":"brezposelnost-se-je-marca-znizala-tudi-na-konjiskem-zreskem-in-vitanjskem","status":"publish","type":"post","link":"https:\/\/novice.si\/page\/brezposelnost-se-je-marca-znizala-tudi-na-konjiskem-zreskem-in-vitanjskem\/","title":{"rendered":"Brezposelnost se je marca zni\u017eala tudi na Konji\u0161kem, Zre\u0161kem in Vitanjskem"},"content":{"rendered":"<p><strong>Registrirana brezposelnost se je marca na Konji\u0161kem, Zre\u0161kem in Vitanjskem spet zni\u017eala. <\/strong><\/p>\n<p>Registrirana brezposelnost je konec marca znova upadla povsod po dr\u017eavi. Na Uradu za delo Slovenske Konjice, to je v konji\u0161ki, zre\u0161ki in vitanjski ob\u010dini, je bilo konec marca 824 registriranih brezposelnih, kar je dobrih pet odstotkov manj kot v februarju in skoraj 13 odstotkov manj kot v enakem lanskem obdobju, ka\u017eejo zadnji podatki Zavoda RS za zaposlovanje.<\/p>\n<p><strong>188 oseb se je letos zaposlilo<br \/>\n<\/strong><img loading=\"lazy\" decoding=\"async\" class=\"wp-image-162191 alignleft\" src=\"https:\/\/novice.si\/page\/wp-content\/uploads\/2023\/05\/welder-gf13f24f14_640-600x400.jpg\" alt=\"\" width=\"191\" height=\"127\" srcset=\"https:\/\/novice.si\/page\/wp-content\/uploads\/2023\/05\/welder-gf13f24f14_640-600x400.jpg 600w, https:\/\/novice.si\/page\/wp-content\/uploads\/2023\/05\/welder-gf13f24f14_640-630x420.jpg 630w, https:\/\/novice.si\/page\/wp-content\/uploads\/2023\/05\/welder-gf13f24f14_640-24x16.jpg 24w, https:\/\/novice.si\/page\/wp-content\/uploads\/2023\/05\/welder-gf13f24f14_640-36x24.jpg 36w, https:\/\/novice.si\/page\/wp-content\/uploads\/2023\/05\/welder-gf13f24f14_640-48x32.jpg 48w, https:\/\/novice.si\/page\/wp-content\/uploads\/2023\/05\/welder-gf13f24f14_640.jpg 640w\" sizes=\"auto, (max-width: 191px) 100vw, 191px\" \/>V prvih treh mesecih tega leta se je na Urad za delo na novo prijavilo 182 oseb, kar je toliko kot v enakem lanskem obdobju. Med novo prijavljenimi je bilo 91 oseb, ki se jim je izteklo delovno razmerje za dolo\u010den \u010das. V prvih treh mesecih leta se je iz evidence brezposelnih odjavilo 256 oseb, od teh 188 zaradi zaposlitve.<br \/>\nStopnja registrirane brezposelnosti je na Uradu za delo Slov. Konjice po zadnjih podatkih zna\u0161ala 6,6 odstotkov. Na ravni dr\u017eave je bila po zadnjih dostopnih podatkih ni\u017eja za odstotek.<\/p>\n<p><strong>Najve\u010d dolgotrajno brezposelnih<\/strong><br \/>\nMed registrirano brezposelnimi je kar 61 odstotkov oseb, ki so brez slu\u017ebe \u017ee leto dni ali ve\u010d, torej dolgotrajno brezposelnih, ki te\u017eko dobijo delo. Slaba polovica je oseb, starej\u0161ih od 55 let, \u010detrtina je invalidov.<br \/>\n<em>\u00bbOmenjene ciljne skupine so te\u017eje zaposljive, zato zanje izvajamo poglobljeno karierno svetovanje, zastopanje pri delodajalcih, vklju\u010dujemo jih v ustrezne programe Aktivne politike zaposlovanja ipd.,\u00ab<\/em> je pojasnila <strong>Jo\u017eica Razpet<\/strong> z Zavoda za zaposlovanje.<br \/>\nNa obmo\u010dju konji\u0161kega urada za delo so letos v ukrepe Aktivne politike zaposlovanja vklju\u010dili 34 oseb, od teh 21 v javna dela.<\/p>\n<p><strong>Najbolj \u017eeleni poklici ta hip<\/strong><br \/>\n<img loading=\"lazy\" decoding=\"async\" class=\"wp-image-162190 alignleft\" src=\"https:\/\/novice.si\/page\/wp-content\/uploads\/2023\/05\/construction-worker-g08ec641ec_1280-600x400.jpg\" alt=\"\" width=\"269\" height=\"179\" srcset=\"https:\/\/novice.si\/page\/wp-content\/uploads\/2023\/05\/construction-worker-g08ec641ec_1280-600x400.jpg 600w, https:\/\/novice.si\/page\/wp-content\/uploads\/2023\/05\/construction-worker-g08ec641ec_1280-1024x682.jpg 1024w, https:\/\/novice.si\/page\/wp-content\/uploads\/2023\/05\/construction-worker-g08ec641ec_1280-768x512.jpg 768w, https:\/\/novice.si\/page\/wp-content\/uploads\/2023\/05\/construction-worker-g08ec641ec_1280-696x464.jpg 696w, https:\/\/novice.si\/page\/wp-content\/uploads\/2023\/05\/construction-worker-g08ec641ec_1280-1068x712.jpg 1068w, https:\/\/novice.si\/page\/wp-content\/uploads\/2023\/05\/construction-worker-g08ec641ec_1280-630x420.jpg 630w, https:\/\/novice.si\/page\/wp-content\/uploads\/2023\/05\/construction-worker-g08ec641ec_1280-24x16.jpg 24w, https:\/\/novice.si\/page\/wp-content\/uploads\/2023\/05\/construction-worker-g08ec641ec_1280-36x24.jpg 36w, https:\/\/novice.si\/page\/wp-content\/uploads\/2023\/05\/construction-worker-g08ec641ec_1280-48x32.jpg 48w, https:\/\/novice.si\/page\/wp-content\/uploads\/2023\/05\/construction-worker-g08ec641ec_1280.jpg 1280w\" sizes=\"auto, (max-width: 269px) 100vw, 269px\" \/>Jo\u017eica Razpet obenem opa\u017ea, da delodajalci \u0161e vedno i\u0161\u010dejo in zaposlujejo nove sodelavce.<br \/>\nMed tistimi, ki so delovno silo iskali s pomo\u010djo Zavoda za zaposlovanje, je bilo v zadnjem obdobju najve\u010d povpra\u0161evanja po naslednjih poklicih: delavci za preprosta dela v predelovalnih dejavnostih, vozniki te\u017ekih tovornjakov in vla\u010dilcev, strokovni sodelavci za zdravstveno nego, \u010distilci, stre\u017eniki in gospodinjski pomo\u010dniki ipd. v uradih, hotelih in drugih ustanovah, skladi\u0161\u010dniki in uradniki za nabavo in prodajo, strokovnjaki za zdravstveno nego, varilci ipd., zidarji ipd., natakarji, kuhinjski pomo\u010dniki, prodajalci, elektroin\u0161talaterji, delavci za preprosta dela pri visokih gradnjah, kuharji, delavci za preprosta dela pri nizkih gradnjah.<br \/>\nKje vas te dni \u010daka slu\u017eba? Preberite v zadnjih NOVICAH. (NK)<\/p>\n","protected":false},"excerpt":{"rendered":"<p>Registrirana brezposelnost se je marca na Konji\u0161kem, Zre\u0161kem in Vitanjskem spet zni\u017eala. Registrirana brezposelnost je konec marca znova upadla povsod po dr\u017eavi. Na Uradu za delo Slovenske Konjice, to je v konji\u0161ki, zre\u0161ki in vitanjski ob\u010dini, je bilo konec marca 824 registriranih brezposelnih, kar je dobrih pet odstotkov manj kot v februarju in skoraj 13 [&hellip;]<\/p>\n","protected":false},"author":12,"featured_media":162190,"comment_status":"closed","ping_status":"closed","sticky":false,"template":"","format":"standard","meta":{"footnotes":""},"categories":[14,868,16,141,3108],"tags":[],"class_list":{"0":"post-162189","1":"post","2":"type-post","3":"status-publish","4":"format-standard","5":"has-post-thumbnail","7":"category-aktualno","8":"category-casopisi","9":"category-konjisko","10":"category-novice","11":"category-radio-rogla"},"yoast_head":"<!-- This site is optimized with the Yoast SEO plugin v27.4 - https:\/\/yoast.com\/product\/yoast-seo-wordpress\/ -->\n<title>Brezposelnost se je marca zni\u017eala tudi na Konji\u0161kem, Zre\u0161kem in Vitanjskem - Novice.si<\/title>\n<meta name=\"robots\" content=\"index, follow, max-snippet:-1, max-image-preview:large, max-video-preview:-1\" \/>\n<link rel=\"canonical\" href=\"https:\/\/novice.si\/page\/brezposelnost-se-je-marca-znizala-tudi-na-konjiskem-zreskem-in-vitanjskem\/\" \/>\n<meta property=\"og:locale\" content=\"sl_SI\" \/>\n<meta property=\"og:type\" content=\"article\" \/>\n<meta property=\"og:title\" content=\"Brezposelnost se je marca zni\u017eala tudi na Konji\u0161kem, Zre\u0161kem in Vitanjskem - Novice.si\" \/>\n<meta property=\"og:description\" content=\"Registrirana brezposelnost se je marca na Konji\u0161kem, Zre\u0161kem in Vitanjskem spet zni\u017eala. Registrirana brezposelnost je konec marca znova upadla povsod po dr\u017eavi. Na Uradu za delo Slovenske Konjice, to je v konji\u0161ki, zre\u0161ki in vitanjski ob\u010dini, je bilo konec marca 824 registriranih brezposelnih, kar je dobrih pet odstotkov manj kot v februarju in skoraj 13 [&hellip;]\" \/>\n<meta property=\"og:url\" content=\"https:\/\/novice.si\/page\/brezposelnost-se-je-marca-znizala-tudi-na-konjiskem-zreskem-in-vitanjskem\/\" \/>\n<meta property=\"og:site_name\" content=\"Novice.si\" \/>\n<meta property=\"article:published_time\" content=\"2023-05-02T08:15:17+00:00\" \/>\n<meta property=\"og:image\" content=\"https:\/\/novice.si\/page\/wp-content\/uploads\/2023\/05\/construction-worker-g08ec641ec_1280.jpg\" \/>\n\t<meta property=\"og:image:width\" content=\"1280\" \/>\n\t<meta property=\"og:image:height\" content=\"853\" \/>\n\t<meta property=\"og:image:type\" content=\"image\/jpeg\" \/>\n<meta name=\"author\" content=\"Uredni\u0161tvo Celjana\" \/>\n<meta name=\"twitter:card\" content=\"summary_large_image\" \/>\n<meta name=\"twitter:label1\" content=\"Written by\" \/>\n\t<meta name=\"twitter:data1\" content=\"Uredni\u0161tvo Celjana\" \/>\n\t<meta name=\"twitter:label2\" content=\"Est. reading time\" \/>\n\t<meta name=\"twitter:data2\" content=\"3 minute\" \/>\n<script type=\"application\/ld+json\" class=\"yoast-schema-graph\">{\"@context\":\"https:\\\/\\\/schema.org\",\"@graph\":[{\"@type\":\"Article\",\"@id\":\"https:\\\/\\\/novice.si\\\/page\\\/brezposelnost-se-je-marca-znizala-tudi-na-konjiskem-zreskem-in-vitanjskem\\\/#article\",\"isPartOf\":{\"@id\":\"https:\\\/\\\/novice.si\\\/page\\\/brezposelnost-se-je-marca-znizala-tudi-na-konjiskem-zreskem-in-vitanjskem\\\/\"},\"author\":{\"name\":\"Uredni\u0161tvo Celjana\",\"@id\":\"https:\\\/\\\/novice.si\\\/page\\\/#\\\/schema\\\/person\\\/51903923b50fefb075bc1cd24fe4d065\"},\"headline\":\"Brezposelnost se je marca zni\u017eala tudi na Konji\u0161kem, Zre\u0161kem in Vitanjskem\",\"datePublished\":\"2023-05-02T08:15:17+00:00\",\"mainEntityOfPage\":{\"@id\":\"https:\\\/\\\/novice.si\\\/page\\\/brezposelnost-se-je-marca-znizala-tudi-na-konjiskem-zreskem-in-vitanjskem\\\/\"},\"wordCount\":406,\"publisher\":{\"@id\":\"https:\\\/\\\/novice.si\\\/page\\\/#organization\"},\"image\":{\"@id\":\"https:\\\/\\\/novice.si\\\/page\\\/brezposelnost-se-je-marca-znizala-tudi-na-konjiskem-zreskem-in-vitanjskem\\\/#primaryimage\"},\"thumbnailUrl\":\"https:\\\/\\\/novice.si\\\/page\\\/wp-content\\\/uploads\\\/2023\\\/05\\\/construction-worker-g08ec641ec_1280.jpg\",\"articleSection\":[\"Aktualno\",\"\u010casopisi\",\"Konji\u0161ko\",\"Novice\",\"Radio Rogla\"],\"inLanguage\":\"sl-SI\"},{\"@type\":\"WebPage\",\"@id\":\"https:\\\/\\\/novice.si\\\/page\\\/brezposelnost-se-je-marca-znizala-tudi-na-konjiskem-zreskem-in-vitanjskem\\\/\",\"url\":\"https:\\\/\\\/novice.si\\\/page\\\/brezposelnost-se-je-marca-znizala-tudi-na-konjiskem-zreskem-in-vitanjskem\\\/\",\"name\":\"Brezposelnost se je marca zni\u017eala tudi na Konji\u0161kem, Zre\u0161kem in Vitanjskem - Novice.si\",\"isPartOf\":{\"@id\":\"https:\\\/\\\/novice.si\\\/page\\\/#website\"},\"primaryImageOfPage\":{\"@id\":\"https:\\\/\\\/novice.si\\\/page\\\/brezposelnost-se-je-marca-znizala-tudi-na-konjiskem-zreskem-in-vitanjskem\\\/#primaryimage\"},\"image\":{\"@id\":\"https:\\\/\\\/novice.si\\\/page\\\/brezposelnost-se-je-marca-znizala-tudi-na-konjiskem-zreskem-in-vitanjskem\\\/#primaryimage\"},\"thumbnailUrl\":\"https:\\\/\\\/novice.si\\\/page\\\/wp-content\\\/uploads\\\/2023\\\/05\\\/construction-worker-g08ec641ec_1280.jpg\",\"datePublished\":\"2023-05-02T08:15:17+00:00\",\"breadcrumb\":{\"@id\":\"https:\\\/\\\/novice.si\\\/page\\\/brezposelnost-se-je-marca-znizala-tudi-na-konjiskem-zreskem-in-vitanjskem\\\/#breadcrumb\"},\"inLanguage\":\"sl-SI\",\"potentialAction\":[{\"@type\":\"ReadAction\",\"target\":[\"https:\\\/\\\/novice.si\\\/page\\\/brezposelnost-se-je-marca-znizala-tudi-na-konjiskem-zreskem-in-vitanjskem\\\/\"]}]},{\"@type\":\"ImageObject\",\"inLanguage\":\"sl-SI\",\"@id\":\"https:\\\/\\\/novice.si\\\/page\\\/brezposelnost-se-je-marca-znizala-tudi-na-konjiskem-zreskem-in-vitanjskem\\\/#primaryimage\",\"url\":\"https:\\\/\\\/novice.si\\\/page\\\/wp-content\\\/uploads\\\/2023\\\/05\\\/construction-worker-g08ec641ec_1280.jpg\",\"contentUrl\":\"https:\\\/\\\/novice.si\\\/page\\\/wp-content\\\/uploads\\\/2023\\\/05\\\/construction-worker-g08ec641ec_1280.jpg\",\"width\":1280,\"height\":853},{\"@type\":\"BreadcrumbList\",\"@id\":\"https:\\\/\\\/novice.si\\\/page\\\/brezposelnost-se-je-marca-znizala-tudi-na-konjiskem-zreskem-in-vitanjskem\\\/#breadcrumb\",\"itemListElement\":[{\"@type\":\"ListItem\",\"position\":1,\"name\":\"Home\",\"item\":\"https:\\\/\\\/novice.si\\\/page\\\/\"},{\"@type\":\"ListItem\",\"position\":2,\"name\":\"Brezposelnost se je marca zni\u017eala tudi na Konji\u0161kem, Zre\u0161kem in Vitanjskem\"}]},{\"@type\":\"WebSite\",\"@id\":\"https:\\\/\\\/novice.si\\\/page\\\/#website\",\"url\":\"https:\\\/\\\/novice.si\\\/page\\\/\",\"name\":\"Novice.si\",\"description\":\"\",\"publisher\":{\"@id\":\"https:\\\/\\\/novice.si\\\/page\\\/#organization\"},\"potentialAction\":[{\"@type\":\"SearchAction\",\"target\":{\"@type\":\"EntryPoint\",\"urlTemplate\":\"https:\\\/\\\/novice.si\\\/page\\\/?s={search_term_string}\"},\"query-input\":{\"@type\":\"PropertyValueSpecification\",\"valueRequired\":true,\"valueName\":\"search_term_string\"}}],\"inLanguage\":\"sl-SI\"},{\"@type\":\"Organization\",\"@id\":\"https:\\\/\\\/novice.si\\\/page\\\/#organization\",\"name\":\"Novice.si\",\"url\":\"https:\\\/\\\/novice.si\\\/page\\\/\",\"logo\":{\"@type\":\"ImageObject\",\"inLanguage\":\"sl-SI\",\"@id\":\"https:\\\/\\\/novice.si\\\/page\\\/#\\\/schema\\\/logo\\\/image\\\/\",\"url\":\"https:\\\/\\\/novice.si\\\/page\\\/wp-content\\\/uploads\\\/2023\\\/03\\\/novice_si.png\",\"contentUrl\":\"https:\\\/\\\/novice.si\\\/page\\\/wp-content\\\/uploads\\\/2023\\\/03\\\/novice_si.png\",\"width\":576,\"height\":200,\"caption\":\"Novice.si\"},\"image\":{\"@id\":\"https:\\\/\\\/novice.si\\\/page\\\/#\\\/schema\\\/logo\\\/image\\\/\"}},{\"@type\":\"Person\",\"@id\":\"https:\\\/\\\/novice.si\\\/page\\\/#\\\/schema\\\/person\\\/51903923b50fefb075bc1cd24fe4d065\",\"name\":\"Uredni\u0161tvo Celjana\",\"image\":{\"@type\":\"ImageObject\",\"inLanguage\":\"sl-SI\",\"@id\":\"https:\\\/\\\/secure.gravatar.com\\\/avatar\\\/b516f102aa90b53619e09722b8ea56721c99bfcb4f1035f9b333d99f52330226?s=96&d=mm&r=g\",\"url\":\"https:\\\/\\\/secure.gravatar.com\\\/avatar\\\/b516f102aa90b53619e09722b8ea56721c99bfcb4f1035f9b333d99f52330226?s=96&d=mm&r=g\",\"contentUrl\":\"https:\\\/\\\/secure.gravatar.com\\\/avatar\\\/b516f102aa90b53619e09722b8ea56721c99bfcb4f1035f9b333d99f52330226?s=96&d=mm&r=g\",\"caption\":\"Uredni\u0161tvo Celjana\"},\"url\":\"https:\\\/\\\/novice.si\\\/page\\\/author\\\/nejc\\\/\"}]}<\/script>\n<!-- \/ Yoast SEO plugin. -->","yoast_head_json":{"title":"Brezposelnost se je marca zni\u017eala tudi na Konji\u0161kem, Zre\u0161kem in Vitanjskem - Novice.si","robots":{"index":"index","follow":"follow","max-snippet":"max-snippet:-1","max-image-preview":"max-image-preview:large","max-video-preview":"max-video-preview:-1"},"canonical":"https:\/\/novice.si\/page\/brezposelnost-se-je-marca-znizala-tudi-na-konjiskem-zreskem-in-vitanjskem\/","og_locale":"sl_SI","og_type":"article","og_title":"Brezposelnost se je marca zni\u017eala tudi na Konji\u0161kem, Zre\u0161kem in Vitanjskem - Novice.si","og_description":"Registrirana brezposelnost se je marca na Konji\u0161kem, Zre\u0161kem in Vitanjskem spet zni\u017eala. Registrirana brezposelnost je konec marca znova upadla povsod po dr\u017eavi. Na Uradu za delo Slovenske Konjice, to je v konji\u0161ki, zre\u0161ki in vitanjski ob\u010dini, je bilo konec marca 824 registriranih brezposelnih, kar je dobrih pet odstotkov manj kot v februarju in skoraj 13 [&hellip;]","og_url":"https:\/\/novice.si\/page\/brezposelnost-se-je-marca-znizala-tudi-na-konjiskem-zreskem-in-vitanjskem\/","og_site_name":"Novice.si","article_published_time":"2023-05-02T08:15:17+00:00","og_image":[{"width":1280,"height":853,"url":"https:\/\/novice.si\/page\/wp-content\/uploads\/2023\/05\/construction-worker-g08ec641ec_1280.jpg","type":"image\/jpeg"}],"author":"Uredni\u0161tvo Celjana","twitter_card":"summary_large_image","twitter_misc":{"Written by":"Uredni\u0161tvo Celjana","Est. reading time":"3 minute"},"schema":{"@context":"https:\/\/schema.org","@graph":[{"@type":"Article","@id":"https:\/\/novice.si\/page\/brezposelnost-se-je-marca-znizala-tudi-na-konjiskem-zreskem-in-vitanjskem\/#article","isPartOf":{"@id":"https:\/\/novice.si\/page\/brezposelnost-se-je-marca-znizala-tudi-na-konjiskem-zreskem-in-vitanjskem\/"},"author":{"name":"Uredni\u0161tvo Celjana","@id":"https:\/\/novice.si\/page\/#\/schema\/person\/51903923b50fefb075bc1cd24fe4d065"},"headline":"Brezposelnost se je marca zni\u017eala tudi na Konji\u0161kem, Zre\u0161kem in Vitanjskem","datePublished":"2023-05-02T08:15:17+00:00","mainEntityOfPage":{"@id":"https:\/\/novice.si\/page\/brezposelnost-se-je-marca-znizala-tudi-na-konjiskem-zreskem-in-vitanjskem\/"},"wordCount":406,"publisher":{"@id":"https:\/\/novice.si\/page\/#organization"},"image":{"@id":"https:\/\/novice.si\/page\/brezposelnost-se-je-marca-znizala-tudi-na-konjiskem-zreskem-in-vitanjskem\/#primaryimage"},"thumbnailUrl":"https:\/\/novice.si\/page\/wp-content\/uploads\/2023\/05\/construction-worker-g08ec641ec_1280.jpg","articleSection":["Aktualno","\u010casopisi","Konji\u0161ko","Novice","Radio Rogla"],"inLanguage":"sl-SI"},{"@type":"WebPage","@id":"https:\/\/novice.si\/page\/brezposelnost-se-je-marca-znizala-tudi-na-konjiskem-zreskem-in-vitanjskem\/","url":"https:\/\/novice.si\/page\/brezposelnost-se-je-marca-znizala-tudi-na-konjiskem-zreskem-in-vitanjskem\/","name":"Brezposelnost se je marca zni\u017eala tudi na Konji\u0161kem, Zre\u0161kem in Vitanjskem - Novice.si","isPartOf":{"@id":"https:\/\/novice.si\/page\/#website"},"primaryImageOfPage":{"@id":"https:\/\/novice.si\/page\/brezposelnost-se-je-marca-znizala-tudi-na-konjiskem-zreskem-in-vitanjskem\/#primaryimage"},"image":{"@id":"https:\/\/novice.si\/page\/brezposelnost-se-je-marca-znizala-tudi-na-konjiskem-zreskem-in-vitanjskem\/#primaryimage"},"thumbnailUrl":"https:\/\/novice.si\/page\/wp-content\/uploads\/2023\/05\/construction-worker-g08ec641ec_1280.jpg","datePublished":"2023-05-02T08:15:17+00:00","breadcrumb":{"@id":"https:\/\/novice.si\/page\/brezposelnost-se-je-marca-znizala-tudi-na-konjiskem-zreskem-in-vitanjskem\/#breadcrumb"},"inLanguage":"sl-SI","potentialAction":[{"@type":"ReadAction","target":["https:\/\/novice.si\/page\/brezposelnost-se-je-marca-znizala-tudi-na-konjiskem-zreskem-in-vitanjskem\/"]}]},{"@type":"ImageObject","inLanguage":"sl-SI","@id":"https:\/\/novice.si\/page\/brezposelnost-se-je-marca-znizala-tudi-na-konjiskem-zreskem-in-vitanjskem\/#primaryimage","url":"https:\/\/novice.si\/page\/wp-content\/uploads\/2023\/05\/construction-worker-g08ec641ec_1280.jpg","contentUrl":"https:\/\/novice.si\/page\/wp-content\/uploads\/2023\/05\/construction-worker-g08ec641ec_1280.jpg","width":1280,"height":853},{"@type":"BreadcrumbList","@id":"https:\/\/novice.si\/page\/brezposelnost-se-je-marca-znizala-tudi-na-konjiskem-zreskem-in-vitanjskem\/#breadcrumb","itemListElement":[{"@type":"ListItem","position":1,"name":"Home","item":"https:\/\/novice.si\/page\/"},{"@type":"ListItem","position":2,"name":"Brezposelnost se je marca zni\u017eala tudi na Konji\u0161kem, Zre\u0161kem in Vitanjskem"}]},{"@type":"WebSite","@id":"https:\/\/novice.si\/page\/#website","url":"https:\/\/novice.si\/page\/","name":"Novice.si","description":"","publisher":{"@id":"https:\/\/novice.si\/page\/#organization"},"potentialAction":[{"@type":"SearchAction","target":{"@type":"EntryPoint","urlTemplate":"https:\/\/novice.si\/page\/?s={search_term_string}"},"query-input":{"@type":"PropertyValueSpecification","valueRequired":true,"valueName":"search_term_string"}}],"inLanguage":"sl-SI"},{"@type":"Organization","@id":"https:\/\/novice.si\/page\/#organization","name":"Novice.si","url":"https:\/\/novice.si\/page\/","logo":{"@type":"ImageObject","inLanguage":"sl-SI","@id":"https:\/\/novice.si\/page\/#\/schema\/logo\/image\/","url":"https:\/\/novice.si\/page\/wp-content\/uploads\/2023\/03\/novice_si.png","contentUrl":"https:\/\/novice.si\/page\/wp-content\/uploads\/2023\/03\/novice_si.png","width":576,"height":200,"caption":"Novice.si"},"image":{"@id":"https:\/\/novice.si\/page\/#\/schema\/logo\/image\/"}},{"@type":"Person","@id":"https:\/\/novice.si\/page\/#\/schema\/person\/51903923b50fefb075bc1cd24fe4d065","name":"Uredni\u0161tvo Celjana","image":{"@type":"ImageObject","inLanguage":"sl-SI","@id":"https:\/\/secure.gravatar.com\/avatar\/b516f102aa90b53619e09722b8ea56721c99bfcb4f1035f9b333d99f52330226?s=96&d=mm&r=g","url":"https:\/\/secure.gravatar.com\/avatar\/b516f102aa90b53619e09722b8ea56721c99bfcb4f1035f9b333d99f52330226?s=96&d=mm&r=g","contentUrl":"https:\/\/secure.gravatar.com\/avatar\/b516f102aa90b53619e09722b8ea56721c99bfcb4f1035f9b333d99f52330226?s=96&d=mm&r=g","caption":"Uredni\u0161tvo Celjana"},"url":"https:\/\/novice.si\/page\/author\/nejc\/"}]}},"_links":{"self":[{"href":"https:\/\/novice.si\/page\/wp-json\/wp\/v2\/posts\/162189","targetHints":{"allow":["GET"]}}],"collection":[{"href":"https:\/\/novice.si\/page\/wp-json\/wp\/v2\/posts"}],"about":[{"href":"https:\/\/novice.si\/page\/wp-json\/wp\/v2\/types\/post"}],"author":[{"embeddable":true,"href":"https:\/\/novice.si\/page\/wp-json\/wp\/v2\/users\/12"}],"replies":[{"embeddable":true,"href":"https:\/\/novice.si\/page\/wp-json\/wp\/v2\/comments?post=162189"}],"version-history":[{"count":1,"href":"https:\/\/novice.si\/page\/wp-json\/wp\/v2\/posts\/162189\/revisions"}],"predecessor-version":[{"id":162192,"href":"https:\/\/novice.si\/page\/wp-json\/wp\/v2\/posts\/162189\/revisions\/162192"}],"wp:featuredmedia":[{"embeddable":true,"href":"https:\/\/novice.si\/page\/wp-json\/wp\/v2\/media\/162190"}],"wp:attachment":[{"href":"https:\/\/novice.si\/page\/wp-json\/wp\/v2\/media?parent=162189"}],"wp:term":[{"taxonomy":"category","embeddable":true,"href":"https:\/\/novice.si\/page\/wp-json\/wp\/v2\/categories?post=162189"},{"taxonomy":"post_tag","embeddable":true,"href":"https:\/\/novice.si\/page\/wp-json\/wp\/v2\/tags?post=162189"}],"curies":[{"name":"wp","href":"https:\/\/api.w.org\/{rel}","templated":true}]}}