{"id":162134,"date":"2023-04-29T08:31:38","date_gmt":"2023-04-29T06:31:38","guid":{"rendered":"https:\/\/novice.si\/page\/?p=162134"},"modified":"2023-04-29T08:31:38","modified_gmt":"2023-04-29T06:31:38","slug":"z-letali-nad-toco-tudi-na-konjiskem-in-oplotniskem","status":"publish","type":"post","link":"https:\/\/novice.si\/page\/z-letali-nad-toco-tudi-na-konjiskem-in-oplotniskem\/","title":{"rendered":"Z letali nad to\u010do tudi na Konji\u0161kem in Oplotni\u0161kem"},"content":{"rendered":"<p><strong>Konji\u010dani so se po nekaj letih znova odlo\u010dili, da se vklju\u010dijo v sistem letalske za\u0161\u010dite pred to\u010do, v katerega so \u017ee vrsto let vklju\u010deni tudi Oplotni\u010dani, medtem ko se Zre\u010dani za to letos niso odlo\u010dili. Mnenja o u\u010dinkovitosti so deljena, dejstvo pa je, da popolne za\u0161\u010dite pred pojavom to\u010de ni.<\/strong><\/p>\n<p>Ob\u010dina Oplotnica je \u017ee vrsto let vklju\u010dena v projekt letalske obrambe pred to\u010do, ki jo na obmo\u010dju severovzhodne Slovenije praviloma izvaja Letalski center Maribor. Letos so se javnemu naro\u010dilu o izvajanju letalske obrambe pred to\u010do po nekaj letih znova priklju\u010dili tudi Konji\u010dani, medtem ko se Zre\u010dani za to niso odlo\u010dili.<br \/>\nPrvo naro\u010dilo za izvedbo tovrstne za\u0161\u010dite ni bilo uspe\u0161no, saj se ni prijavil nih\u010de. Na Ministrstvu za kmetijstvo so pripravili novo, ki je bilo objavljeno v teh dneh. Po poro\u010danju medijev se bo Letalski center Maribor zdaj vendarle prijavil, saj naj bi bilo zagotovljenega ve\u010d denarja.<br \/>\nDalj\u0161i prispevek o sistemu obrambe pred to\u010do, tudi z mnenjo stroke in ministrstva, najdete v zadnji \u0161tevilki lokalnega \u010dasopisa NOVICE.<br \/>\n(nk)<\/p>\n\r\n                <style type=\"text\/css\">\r\n                    \r\n                    #tdi_1  .td-doubleSlider-2 .td-item1 {\r\n                        background: url(https:\/\/novice.si\/page\/wp-content\/uploads\/2016\/08\/toca-1-80x60.jpg) 0 0 no-repeat;\r\n                    }\r\n                    #tdi_1  .td-doubleSlider-2 .td-item2 {\r\n                        background: url(https:\/\/novice.si\/page\/wp-content\/uploads\/2018\/06\/eaf9a675fd082a9ddeb8-toca-80x60.jpeg) 0 0 no-repeat;\r\n                    }\r\n                    #tdi_1  .td-doubleSlider-2 .td-item3 {\r\n                        background: url(https:\/\/novice.si\/page\/wp-content\/uploads\/2016\/08\/toca-2-80x60.jpg) 0 0 no-repeat;\r\n                    }\r\n                <\/style>\r\n\r\n                <div id=\"tdi_1\" class=\"td-gallery td-slide-on-2-columns\">\r\n                    <div class=\"post_td_gallery\">\r\n                        <div class=\"td-gallery-slide-top\">\r\n                           <div class=\"td-gallery-title\"><\/div>\r\n\r\n                            <div class=\"td-gallery-controls-wrapper\">\r\n                                <div class=\"td-gallery-slide-count\"><span class=\"td-gallery-slide-item-focus\">1<\/span> od 3<\/div>\r\n                                <div class=\"td-gallery-slide-prev-next-but\">\r\n                                    <i class = \"td-icon-left doubleSliderPrevButton\"><\/i>\r\n                                    <i class = \"td-icon-right doubleSliderNextButton\"><\/i>\r\n                                <\/div>\r\n                            <\/div>\r\n                        <\/div>\r\n\r\n                        <div class = \"td-doubleSlider-1 \">\r\n                            <div class = \"td-slider\">\r\n                                \r\n                    <div class = \"td-slide-item td-item1\">\r\n                        <figure class=\"td-slide-galery-figure td-slide-popup-gallery\">\r\n                            <a class=\"slide-gallery-image-link\" href=\"https:\/\/novice.si\/page\/wp-content\/uploads\/2016\/08\/toca-1.jpg\" title=\"toca\"  data-caption=\"\"  data-description=\"\" data-gallery>\r\n                                <img decoding=\"async\" src=\"https:\/\/novice.si\/page\/wp-content\/uploads\/2016\/08\/toca-1-747x420.jpg\" srcset=\"https:\/\/novice.si\/page\/wp-content\/uploads\/2016\/08\/toca-1-747x420.jpg 747w, https:\/\/novice.si\/page\/wp-content\/uploads\/2016\/08\/toca-1-300x169.jpg 300w, https:\/\/novice.si\/page\/wp-content\/uploads\/2016\/08\/toca-1-768x432.jpg 768w, https:\/\/novice.si\/page\/wp-content\/uploads\/2016\/08\/toca-1-1024x576.jpg 1024w, https:\/\/novice.si\/page\/wp-content\/uploads\/2016\/08\/toca-1-696x392.jpg 696w, https:\/\/novice.si\/page\/wp-content\/uploads\/2016\/08\/toca-1-1068x601.jpg 1068w, https:\/\/novice.si\/page\/wp-content\/uploads\/2016\/08\/toca-1-24x14.jpg 24w, https:\/\/novice.si\/page\/wp-content\/uploads\/2016\/08\/toca-1-36x20.jpg 36w, https:\/\/novice.si\/page\/wp-content\/uploads\/2016\/08\/toca-1-48x27.jpg 48w, https:\/\/novice.si\/page\/wp-content\/uploads\/2016\/08\/toca-1.jpg 1280w\" sizes=\"(max-width: 747px) 100vw, 747px\" alt=\"\">\r\n                            <\/a>\r\n                            \r\n                        <\/figure>\r\n                    <\/div>\r\n                    <div class = \"td-slide-item td-item2\">\r\n                        <figure class=\"td-slide-galery-figure td-slide-popup-gallery\">\r\n                            <a class=\"slide-gallery-image-link\" href=\"https:\/\/novice.si\/page\/wp-content\/uploads\/2018\/06\/eaf9a675fd082a9ddeb8-toca.jpeg\" title=\"eaf9a675fd082a9ddeb8-toca\"  data-caption=\"\"  data-description=\"\" data-gallery>\r\n                                <img decoding=\"async\" src=\"https:\/\/novice.si\/page\/wp-content\/uploads\/2018\/06\/eaf9a675fd082a9ddeb8-toca-745x420.jpeg\" srcset=\"https:\/\/novice.si\/page\/wp-content\/uploads\/2018\/06\/eaf9a675fd082a9ddeb8-toca-745x420.jpeg 745w, https:\/\/novice.si\/page\/wp-content\/uploads\/2018\/06\/eaf9a675fd082a9ddeb8-toca-300x169.jpeg 300w, https:\/\/novice.si\/page\/wp-content\/uploads\/2018\/06\/eaf9a675fd082a9ddeb8-toca-696x392.jpeg 696w, https:\/\/novice.si\/page\/wp-content\/uploads\/2018\/06\/eaf9a675fd082a9ddeb8-toca-24x14.jpeg 24w, https:\/\/novice.si\/page\/wp-content\/uploads\/2018\/06\/eaf9a675fd082a9ddeb8-toca-36x20.jpeg 36w, https:\/\/novice.si\/page\/wp-content\/uploads\/2018\/06\/eaf9a675fd082a9ddeb8-toca-48x27.jpeg 48w, https:\/\/novice.si\/page\/wp-content\/uploads\/2018\/06\/eaf9a675fd082a9ddeb8-toca.jpeg 747w\" sizes=\"(max-width: 745px) 100vw, 745px\" alt=\"\">\r\n                            <\/a>\r\n                            \r\n                        <\/figure>\r\n                    <\/div>\r\n                    <div class = \"td-slide-item td-item3\">\r\n                        <figure class=\"td-slide-galery-figure td-slide-popup-gallery\">\r\n                            <a class=\"slide-gallery-image-link\" href=\"https:\/\/novice.si\/page\/wp-content\/uploads\/2016\/08\/toca-2.jpg\" title=\"toca\"  data-caption=\"\"  data-description=\"\" data-gallery>\r\n                                <img decoding=\"async\" src=\"https:\/\/novice.si\/page\/wp-content\/uploads\/2016\/08\/toca-2-745x420.jpg\" srcset=\"https:\/\/novice.si\/page\/wp-content\/uploads\/2016\/08\/toca-2-745x420.jpg 745w, https:\/\/novice.si\/page\/wp-content\/uploads\/2016\/08\/toca-2-300x169.jpg 300w, https:\/\/novice.si\/page\/wp-content\/uploads\/2016\/08\/toca-2-768x433.jpg 768w, https:\/\/novice.si\/page\/wp-content\/uploads\/2016\/08\/toca-2-1024x577.jpg 1024w, https:\/\/novice.si\/page\/wp-content\/uploads\/2016\/08\/toca-2-696x392.jpg 696w, https:\/\/novice.si\/page\/wp-content\/uploads\/2016\/08\/toca-2-1068x602.jpg 1068w, https:\/\/novice.si\/page\/wp-content\/uploads\/2016\/08\/toca-2-24x14.jpg 24w, https:\/\/novice.si\/page\/wp-content\/uploads\/2016\/08\/toca-2-36x20.jpg 36w, https:\/\/novice.si\/page\/wp-content\/uploads\/2016\/08\/toca-2-48x27.jpg 48w\" sizes=\"(max-width: 745px) 100vw, 745px\" alt=\"\">\r\n                            <\/a>\r\n                            \r\n                        <\/figure>\r\n                    <\/div>\r\n                            <\/div>\r\n                        <\/div>\r\n\r\n                        <div class = \"td-doubleSlider-2\">\r\n                            <div class = \"td-slider\">\r\n                                \r\n                    <div class = \"td-button td-item1\">\r\n                        <div class = \"td-border\"><\/div>\r\n                    <\/div>\r\n                    <div class = \"td-button td-item2\">\r\n                        <div class = \"td-border\"><\/div>\r\n                    <\/div>\r\n                    <div class = \"td-button td-item3\">\r\n                        <div class = \"td-border\"><\/div>\r\n                    <\/div>\r\n                            <\/div>\r\n                        <\/div>\r\n\r\n                    <\/div>\r\n\r\n                <\/div>\r\n                \n<p>&nbsp;<\/p>\n","protected":false},"excerpt":{"rendered":"<p>Konji\u010dani so se po nekaj letih znova odlo\u010dili, da se vklju\u010dijo v sistem letalske za\u0161\u010dite pred to\u010do, v katerega so \u017ee vrsto let vklju\u010deni tudi Oplotni\u010dani, medtem ko se Zre\u010dani za to letos niso odlo\u010dili. Mnenja o u\u010dinkovitosti so deljena, dejstvo pa je, da popolne za\u0161\u010dite pred pojavom to\u010de ni. Ob\u010dina Oplotnica je \u017ee vrsto [&hellip;]<\/p>\n","protected":false},"author":12,"featured_media":46546,"comment_status":"closed","ping_status":"closed","sticky":false,"template":"","format":"standard","meta":{"footnotes":""},"categories":[14,868,16,141,3108],"tags":[17642,606],"class_list":{"0":"post-162134","1":"post","2":"type-post","3":"status-publish","4":"format-standard","5":"has-post-thumbnail","7":"category-aktualno","8":"category-casopisi","9":"category-konjisko","10":"category-novice","11":"category-radio-rogla","12":"tag-letalska-obramba-pred-toco","13":"tag-toca"},"yoast_head":"<!-- This site is optimized with the Yoast SEO plugin v27.4 - https:\/\/yoast.com\/product\/yoast-seo-wordpress\/ -->\n<title>Z letali nad to\u010do tudi na Konji\u0161kem in Oplotni\u0161kem - Novice.si<\/title>\n<meta name=\"robots\" content=\"index, follow, max-snippet:-1, max-image-preview:large, max-video-preview:-1\" \/>\n<link rel=\"canonical\" href=\"https:\/\/novice.si\/page\/z-letali-nad-toco-tudi-na-konjiskem-in-oplotniskem\/\" \/>\n<meta property=\"og:locale\" content=\"sl_SI\" \/>\n<meta property=\"og:type\" content=\"article\" \/>\n<meta property=\"og:title\" content=\"Z letali nad to\u010do tudi na Konji\u0161kem in Oplotni\u0161kem - Novice.si\" \/>\n<meta property=\"og:description\" content=\"Konji\u010dani so se po nekaj letih znova odlo\u010dili, da se vklju\u010dijo v sistem letalske za\u0161\u010dite pred to\u010do, v katerega so \u017ee vrsto let vklju\u010deni tudi Oplotni\u010dani, medtem ko se Zre\u010dani za to letos niso odlo\u010dili. Mnenja o u\u010dinkovitosti so deljena, dejstvo pa je, da popolne za\u0161\u010dite pred pojavom to\u010de ni. Ob\u010dina Oplotnica je \u017ee vrsto [&hellip;]\" \/>\n<meta property=\"og:url\" content=\"https:\/\/novice.si\/page\/z-letali-nad-toco-tudi-na-konjiskem-in-oplotniskem\/\" \/>\n<meta property=\"og:site_name\" content=\"Novice.si\" \/>\n<meta property=\"article:published_time\" content=\"2023-04-29T06:31:38+00:00\" \/>\n<meta property=\"og:image\" content=\"https:\/\/novice.si\/page\/wp-content\/uploads\/2016\/08\/toca-2-1024x577.jpg\" \/>\n\t<meta property=\"og:image:width\" content=\"1024\" \/>\n\t<meta property=\"og:image:height\" content=\"577\" \/>\n\t<meta property=\"og:image:type\" content=\"image\/jpeg\" \/>\n<meta name=\"author\" content=\"Uredni\u0161tvo Celjana\" \/>\n<meta name=\"twitter:card\" content=\"summary_large_image\" \/>\n<meta name=\"twitter:label1\" content=\"Written by\" \/>\n\t<meta name=\"twitter:data1\" content=\"Uredni\u0161tvo Celjana\" \/>\n\t<meta name=\"twitter:label2\" content=\"Est. reading time\" \/>\n\t<meta name=\"twitter:data2\" content=\"1 minuta\" \/>\n<script type=\"application\/ld+json\" class=\"yoast-schema-graph\">{\"@context\":\"https:\\\/\\\/schema.org\",\"@graph\":[{\"@type\":\"Article\",\"@id\":\"https:\\\/\\\/novice.si\\\/page\\\/z-letali-nad-toco-tudi-na-konjiskem-in-oplotniskem\\\/#article\",\"isPartOf\":{\"@id\":\"https:\\\/\\\/novice.si\\\/page\\\/z-letali-nad-toco-tudi-na-konjiskem-in-oplotniskem\\\/\"},\"author\":{\"name\":\"Uredni\u0161tvo Celjana\",\"@id\":\"https:\\\/\\\/novice.si\\\/page\\\/#\\\/schema\\\/person\\\/51903923b50fefb075bc1cd24fe4d065\"},\"headline\":\"Z letali nad to\u010do tudi na Konji\u0161kem in Oplotni\u0161kem\",\"datePublished\":\"2023-04-29T06:31:38+00:00\",\"mainEntityOfPage\":{\"@id\":\"https:\\\/\\\/novice.si\\\/page\\\/z-letali-nad-toco-tudi-na-konjiskem-in-oplotniskem\\\/\"},\"wordCount\":218,\"publisher\":{\"@id\":\"https:\\\/\\\/novice.si\\\/page\\\/#organization\"},\"image\":{\"@id\":\"https:\\\/\\\/novice.si\\\/page\\\/z-letali-nad-toco-tudi-na-konjiskem-in-oplotniskem\\\/#primaryimage\"},\"thumbnailUrl\":\"https:\\\/\\\/novice.si\\\/page\\\/wp-content\\\/uploads\\\/2016\\\/08\\\/toca-2.jpg\",\"keywords\":[\"letalska obramba pred to\u010do\",\"to\u010da\"],\"articleSection\":[\"Aktualno\",\"\u010casopisi\",\"Konji\u0161ko\",\"Novice\",\"Radio Rogla\"],\"inLanguage\":\"sl-SI\"},{\"@type\":\"WebPage\",\"@id\":\"https:\\\/\\\/novice.si\\\/page\\\/z-letali-nad-toco-tudi-na-konjiskem-in-oplotniskem\\\/\",\"url\":\"https:\\\/\\\/novice.si\\\/page\\\/z-letali-nad-toco-tudi-na-konjiskem-in-oplotniskem\\\/\",\"name\":\"Z letali nad to\u010do tudi na Konji\u0161kem in Oplotni\u0161kem - Novice.si\",\"isPartOf\":{\"@id\":\"https:\\\/\\\/novice.si\\\/page\\\/#website\"},\"primaryImageOfPage\":{\"@id\":\"https:\\\/\\\/novice.si\\\/page\\\/z-letali-nad-toco-tudi-na-konjiskem-in-oplotniskem\\\/#primaryimage\"},\"image\":{\"@id\":\"https:\\\/\\\/novice.si\\\/page\\\/z-letali-nad-toco-tudi-na-konjiskem-in-oplotniskem\\\/#primaryimage\"},\"thumbnailUrl\":\"https:\\\/\\\/novice.si\\\/page\\\/wp-content\\\/uploads\\\/2016\\\/08\\\/toca-2.jpg\",\"datePublished\":\"2023-04-29T06:31:38+00:00\",\"breadcrumb\":{\"@id\":\"https:\\\/\\\/novice.si\\\/page\\\/z-letali-nad-toco-tudi-na-konjiskem-in-oplotniskem\\\/#breadcrumb\"},\"inLanguage\":\"sl-SI\",\"potentialAction\":[{\"@type\":\"ReadAction\",\"target\":[\"https:\\\/\\\/novice.si\\\/page\\\/z-letali-nad-toco-tudi-na-konjiskem-in-oplotniskem\\\/\"]}]},{\"@type\":\"ImageObject\",\"inLanguage\":\"sl-SI\",\"@id\":\"https:\\\/\\\/novice.si\\\/page\\\/z-letali-nad-toco-tudi-na-konjiskem-in-oplotniskem\\\/#primaryimage\",\"url\":\"https:\\\/\\\/novice.si\\\/page\\\/wp-content\\\/uploads\\\/2016\\\/08\\\/toca-2.jpg\",\"contentUrl\":\"https:\\\/\\\/novice.si\\\/page\\\/wp-content\\\/uploads\\\/2016\\\/08\\\/toca-2.jpg\",\"width\":3264,\"height\":1840},{\"@type\":\"BreadcrumbList\",\"@id\":\"https:\\\/\\\/novice.si\\\/page\\\/z-letali-nad-toco-tudi-na-konjiskem-in-oplotniskem\\\/#breadcrumb\",\"itemListElement\":[{\"@type\":\"ListItem\",\"position\":1,\"name\":\"Home\",\"item\":\"https:\\\/\\\/novice.si\\\/page\\\/\"},{\"@type\":\"ListItem\",\"position\":2,\"name\":\"Z letali nad to\u010do tudi na Konji\u0161kem in Oplotni\u0161kem\"}]},{\"@type\":\"WebSite\",\"@id\":\"https:\\\/\\\/novice.si\\\/page\\\/#website\",\"url\":\"https:\\\/\\\/novice.si\\\/page\\\/\",\"name\":\"Novice.si\",\"description\":\"\",\"publisher\":{\"@id\":\"https:\\\/\\\/novice.si\\\/page\\\/#organization\"},\"potentialAction\":[{\"@type\":\"SearchAction\",\"target\":{\"@type\":\"EntryPoint\",\"urlTemplate\":\"https:\\\/\\\/novice.si\\\/page\\\/?s={search_term_string}\"},\"query-input\":{\"@type\":\"PropertyValueSpecification\",\"valueRequired\":true,\"valueName\":\"search_term_string\"}}],\"inLanguage\":\"sl-SI\"},{\"@type\":\"Organization\",\"@id\":\"https:\\\/\\\/novice.si\\\/page\\\/#organization\",\"name\":\"Novice.si\",\"url\":\"https:\\\/\\\/novice.si\\\/page\\\/\",\"logo\":{\"@type\":\"ImageObject\",\"inLanguage\":\"sl-SI\",\"@id\":\"https:\\\/\\\/novice.si\\\/page\\\/#\\\/schema\\\/logo\\\/image\\\/\",\"url\":\"https:\\\/\\\/novice.si\\\/page\\\/wp-content\\\/uploads\\\/2023\\\/03\\\/novice_si.png\",\"contentUrl\":\"https:\\\/\\\/novice.si\\\/page\\\/wp-content\\\/uploads\\\/2023\\\/03\\\/novice_si.png\",\"width\":576,\"height\":200,\"caption\":\"Novice.si\"},\"image\":{\"@id\":\"https:\\\/\\\/novice.si\\\/page\\\/#\\\/schema\\\/logo\\\/image\\\/\"}},{\"@type\":\"Person\",\"@id\":\"https:\\\/\\\/novice.si\\\/page\\\/#\\\/schema\\\/person\\\/51903923b50fefb075bc1cd24fe4d065\",\"name\":\"Uredni\u0161tvo Celjana\",\"image\":{\"@type\":\"ImageObject\",\"inLanguage\":\"sl-SI\",\"@id\":\"https:\\\/\\\/secure.gravatar.com\\\/avatar\\\/b516f102aa90b53619e09722b8ea56721c99bfcb4f1035f9b333d99f52330226?s=96&d=mm&r=g\",\"url\":\"https:\\\/\\\/secure.gravatar.com\\\/avatar\\\/b516f102aa90b53619e09722b8ea56721c99bfcb4f1035f9b333d99f52330226?s=96&d=mm&r=g\",\"contentUrl\":\"https:\\\/\\\/secure.gravatar.com\\\/avatar\\\/b516f102aa90b53619e09722b8ea56721c99bfcb4f1035f9b333d99f52330226?s=96&d=mm&r=g\",\"caption\":\"Uredni\u0161tvo Celjana\"},\"url\":\"https:\\\/\\\/novice.si\\\/page\\\/author\\\/nejc\\\/\"}]}<\/script>\n<!-- \/ Yoast SEO plugin. -->","yoast_head_json":{"title":"Z letali nad to\u010do tudi na Konji\u0161kem in Oplotni\u0161kem - Novice.si","robots":{"index":"index","follow":"follow","max-snippet":"max-snippet:-1","max-image-preview":"max-image-preview:large","max-video-preview":"max-video-preview:-1"},"canonical":"https:\/\/novice.si\/page\/z-letali-nad-toco-tudi-na-konjiskem-in-oplotniskem\/","og_locale":"sl_SI","og_type":"article","og_title":"Z letali nad to\u010do tudi na Konji\u0161kem in Oplotni\u0161kem - Novice.si","og_description":"Konji\u010dani so se po nekaj letih znova odlo\u010dili, da se vklju\u010dijo v sistem letalske za\u0161\u010dite pred to\u010do, v katerega so \u017ee vrsto let vklju\u010deni tudi Oplotni\u010dani, medtem ko se Zre\u010dani za to letos niso odlo\u010dili. Mnenja o u\u010dinkovitosti so deljena, dejstvo pa je, da popolne za\u0161\u010dite pred pojavom to\u010de ni. Ob\u010dina Oplotnica je \u017ee vrsto [&hellip;]","og_url":"https:\/\/novice.si\/page\/z-letali-nad-toco-tudi-na-konjiskem-in-oplotniskem\/","og_site_name":"Novice.si","article_published_time":"2023-04-29T06:31:38+00:00","og_image":[{"width":1024,"height":577,"url":"https:\/\/novice.si\/page\/wp-content\/uploads\/2016\/08\/toca-2-1024x577.jpg","type":"image\/jpeg"}],"author":"Uredni\u0161tvo Celjana","twitter_card":"summary_large_image","twitter_misc":{"Written by":"Uredni\u0161tvo Celjana","Est. reading time":"1 minuta"},"schema":{"@context":"https:\/\/schema.org","@graph":[{"@type":"Article","@id":"https:\/\/novice.si\/page\/z-letali-nad-toco-tudi-na-konjiskem-in-oplotniskem\/#article","isPartOf":{"@id":"https:\/\/novice.si\/page\/z-letali-nad-toco-tudi-na-konjiskem-in-oplotniskem\/"},"author":{"name":"Uredni\u0161tvo Celjana","@id":"https:\/\/novice.si\/page\/#\/schema\/person\/51903923b50fefb075bc1cd24fe4d065"},"headline":"Z letali nad to\u010do tudi na Konji\u0161kem in Oplotni\u0161kem","datePublished":"2023-04-29T06:31:38+00:00","mainEntityOfPage":{"@id":"https:\/\/novice.si\/page\/z-letali-nad-toco-tudi-na-konjiskem-in-oplotniskem\/"},"wordCount":218,"publisher":{"@id":"https:\/\/novice.si\/page\/#organization"},"image":{"@id":"https:\/\/novice.si\/page\/z-letali-nad-toco-tudi-na-konjiskem-in-oplotniskem\/#primaryimage"},"thumbnailUrl":"https:\/\/novice.si\/page\/wp-content\/uploads\/2016\/08\/toca-2.jpg","keywords":["letalska obramba pred to\u010do","to\u010da"],"articleSection":["Aktualno","\u010casopisi","Konji\u0161ko","Novice","Radio Rogla"],"inLanguage":"sl-SI"},{"@type":"WebPage","@id":"https:\/\/novice.si\/page\/z-letali-nad-toco-tudi-na-konjiskem-in-oplotniskem\/","url":"https:\/\/novice.si\/page\/z-letali-nad-toco-tudi-na-konjiskem-in-oplotniskem\/","name":"Z letali nad to\u010do tudi na Konji\u0161kem in Oplotni\u0161kem - Novice.si","isPartOf":{"@id":"https:\/\/novice.si\/page\/#website"},"primaryImageOfPage":{"@id":"https:\/\/novice.si\/page\/z-letali-nad-toco-tudi-na-konjiskem-in-oplotniskem\/#primaryimage"},"image":{"@id":"https:\/\/novice.si\/page\/z-letali-nad-toco-tudi-na-konjiskem-in-oplotniskem\/#primaryimage"},"thumbnailUrl":"https:\/\/novice.si\/page\/wp-content\/uploads\/2016\/08\/toca-2.jpg","datePublished":"2023-04-29T06:31:38+00:00","breadcrumb":{"@id":"https:\/\/novice.si\/page\/z-letali-nad-toco-tudi-na-konjiskem-in-oplotniskem\/#breadcrumb"},"inLanguage":"sl-SI","potentialAction":[{"@type":"ReadAction","target":["https:\/\/novice.si\/page\/z-letali-nad-toco-tudi-na-konjiskem-in-oplotniskem\/"]}]},{"@type":"ImageObject","inLanguage":"sl-SI","@id":"https:\/\/novice.si\/page\/z-letali-nad-toco-tudi-na-konjiskem-in-oplotniskem\/#primaryimage","url":"https:\/\/novice.si\/page\/wp-content\/uploads\/2016\/08\/toca-2.jpg","contentUrl":"https:\/\/novice.si\/page\/wp-content\/uploads\/2016\/08\/toca-2.jpg","width":3264,"height":1840},{"@type":"BreadcrumbList","@id":"https:\/\/novice.si\/page\/z-letali-nad-toco-tudi-na-konjiskem-in-oplotniskem\/#breadcrumb","itemListElement":[{"@type":"ListItem","position":1,"name":"Home","item":"https:\/\/novice.si\/page\/"},{"@type":"ListItem","position":2,"name":"Z letali nad to\u010do tudi na Konji\u0161kem in Oplotni\u0161kem"}]},{"@type":"WebSite","@id":"https:\/\/novice.si\/page\/#website","url":"https:\/\/novice.si\/page\/","name":"Novice.si","description":"","publisher":{"@id":"https:\/\/novice.si\/page\/#organization"},"potentialAction":[{"@type":"SearchAction","target":{"@type":"EntryPoint","urlTemplate":"https:\/\/novice.si\/page\/?s={search_term_string}"},"query-input":{"@type":"PropertyValueSpecification","valueRequired":true,"valueName":"search_term_string"}}],"inLanguage":"sl-SI"},{"@type":"Organization","@id":"https:\/\/novice.si\/page\/#organization","name":"Novice.si","url":"https:\/\/novice.si\/page\/","logo":{"@type":"ImageObject","inLanguage":"sl-SI","@id":"https:\/\/novice.si\/page\/#\/schema\/logo\/image\/","url":"https:\/\/novice.si\/page\/wp-content\/uploads\/2023\/03\/novice_si.png","contentUrl":"https:\/\/novice.si\/page\/wp-content\/uploads\/2023\/03\/novice_si.png","width":576,"height":200,"caption":"Novice.si"},"image":{"@id":"https:\/\/novice.si\/page\/#\/schema\/logo\/image\/"}},{"@type":"Person","@id":"https:\/\/novice.si\/page\/#\/schema\/person\/51903923b50fefb075bc1cd24fe4d065","name":"Uredni\u0161tvo Celjana","image":{"@type":"ImageObject","inLanguage":"sl-SI","@id":"https:\/\/secure.gravatar.com\/avatar\/b516f102aa90b53619e09722b8ea56721c99bfcb4f1035f9b333d99f52330226?s=96&d=mm&r=g","url":"https:\/\/secure.gravatar.com\/avatar\/b516f102aa90b53619e09722b8ea56721c99bfcb4f1035f9b333d99f52330226?s=96&d=mm&r=g","contentUrl":"https:\/\/secure.gravatar.com\/avatar\/b516f102aa90b53619e09722b8ea56721c99bfcb4f1035f9b333d99f52330226?s=96&d=mm&r=g","caption":"Uredni\u0161tvo Celjana"},"url":"https:\/\/novice.si\/page\/author\/nejc\/"}]}},"_links":{"self":[{"href":"https:\/\/novice.si\/page\/wp-json\/wp\/v2\/posts\/162134","targetHints":{"allow":["GET"]}}],"collection":[{"href":"https:\/\/novice.si\/page\/wp-json\/wp\/v2\/posts"}],"about":[{"href":"https:\/\/novice.si\/page\/wp-json\/wp\/v2\/types\/post"}],"author":[{"embeddable":true,"href":"https:\/\/novice.si\/page\/wp-json\/wp\/v2\/users\/12"}],"replies":[{"embeddable":true,"href":"https:\/\/novice.si\/page\/wp-json\/wp\/v2\/comments?post=162134"}],"version-history":[{"count":1,"href":"https:\/\/novice.si\/page\/wp-json\/wp\/v2\/posts\/162134\/revisions"}],"predecessor-version":[{"id":162135,"href":"https:\/\/novice.si\/page\/wp-json\/wp\/v2\/posts\/162134\/revisions\/162135"}],"wp:featuredmedia":[{"embeddable":true,"href":"https:\/\/novice.si\/page\/wp-json\/wp\/v2\/media\/46546"}],"wp:attachment":[{"href":"https:\/\/novice.si\/page\/wp-json\/wp\/v2\/media?parent=162134"}],"wp:term":[{"taxonomy":"category","embeddable":true,"href":"https:\/\/novice.si\/page\/wp-json\/wp\/v2\/categories?post=162134"},{"taxonomy":"post_tag","embeddable":true,"href":"https:\/\/novice.si\/page\/wp-json\/wp\/v2\/tags?post=162134"}],"curies":[{"name":"wp","href":"https:\/\/api.w.org\/{rel}","templated":true}]}}