{"id":162122,"date":"2023-04-28T18:35:35","date_gmt":"2023-04-28T16:35:35","guid":{"rendered":"https:\/\/novice.si\/page\/?p=162122"},"modified":"2023-04-28T18:35:58","modified_gmt":"2023-04-28T16:35:58","slug":"celje-evropski-tozilci-nad-goljufijo-celjskih-direktoric","status":"publish","type":"post","link":"https:\/\/novice.si\/page\/celje-evropski-tozilci-nad-goljufijo-celjskih-direktoric\/","title":{"rendered":"CELJE Evropski to\u017eilci nad goljufijo celjskih direktoric"},"content":{"rendered":"<p>Tri leta po tistem, ko je kazenski ovadbi zoper dolgoletno direktorico celjskega javnega zavoda Socio <strong>Suzi Kvas<\/strong> in direktorico skupine Griffin <strong>Tanjo \u010cajavec <\/strong>podal NPU, je obto\u017enico spisalo \u0161e Evropsko javno to\u017eilstvo (EPPO), ki je primer prevzelo od specializiranih to\u017eilcev.<\/p>\n<p><img loading=\"lazy\" decoding=\"async\" class=\"size-medium wp-image-127095 alignleft\" src=\"https:\/\/novice.si\/page\/wp-content\/uploads\/2020\/06\/socio-211x300.jpg\" alt=\"\" width=\"211\" height=\"300\" srcset=\"https:\/\/novice.si\/page\/wp-content\/uploads\/2020\/06\/socio-211x300.jpg 211w, https:\/\/novice.si\/page\/wp-content\/uploads\/2020\/06\/socio-296x420.jpg 296w, https:\/\/novice.si\/page\/wp-content\/uploads\/2020\/06\/socio-17x24.jpg 17w, https:\/\/novice.si\/page\/wp-content\/uploads\/2020\/06\/socio-25x36.jpg 25w, https:\/\/novice.si\/page\/wp-content\/uploads\/2020\/06\/socio-34x48.jpg 34w, https:\/\/novice.si\/page\/wp-content\/uploads\/2020\/06\/socio.jpg 676w\" sizes=\"auto, (max-width: 211px) 100vw, 211px\" \/><\/p>\n<p>Ta \u0161e ni pravnomo\u010dna, sklicuje pa se na obto\u017eni \u010dlen goljufije na \u0161kodo EU. Skupno naj bi \u0161lo za skoraj 650 tiso\u010dakov nezakonito pridobljenih sredstev.<\/p>\n<p>Obe\u00a0naj bi la\u017eno prikazovali, da gospodarska dru\u017eba izpolnjuje<\/p>\n<p>pogoje za sklenitev pogodbe za sofinanciranje projektov dolgoro\u010dne socialne aktivacije in programov vklju\u010devanja na trg dela.<\/p>\n<p>Vlogo za sredstva je podjetje na ministrstvo za delo, dru\u017eino, socialne zadeve in enake mo\u017enosti naslovilo \u017ee maja 2017, pri tem pa zatrjevalo, da izpolnjuje vse razpisne pogoje, zato je bilo tudi izbrano, sredstva pa izpla\u010dana.<\/p>\n<p>Ministrstvu so poslali la\u017ene zahtevke za pla\u010dilo potnih stro\u0161kov in pla\u010d zaposlenih, ki v podjetju nikoli niso bili zaposleni ali pa so po projektu delali le delno. Gre za ponarejanje poslovnih listin, obto\u017enico pa so podali tudi zoper obe pravni osebi.<\/p>\n<p>P\u0160<\/p>\n","protected":false},"excerpt":{"rendered":"<p>Tri leta po tistem, ko je kazenski ovadbi zoper dolgoletno direktorico celjskega javnega zavoda Socio Suzi Kvas in direktorico skupine Griffin Tanjo \u010cajavec podal NPU, je obto\u017enico spisalo \u0161e Evropsko javno to\u017eilstvo (EPPO), ki je primer prevzelo od specializiranih to\u017eilcev. Ta \u0161e ni pravnomo\u010dna, sklicuje pa se na obto\u017eni \u010dlen goljufije na \u0161kodo EU. Skupno [&hellip;]<\/p>\n","protected":false},"author":33,"featured_media":162123,"comment_status":"closed","ping_status":"closed","sticky":false,"template":"","format":"standard","meta":{"footnotes":""},"categories":[17,29],"tags":[17636,17634,17635,6475,9509,11345],"class_list":{"0":"post-162122","1":"post","2":"type-post","3":"status-publish","4":"format-standard","5":"has-post-thumbnail","7":"category-celjsko","8":"category-kronika","9":"tag-evropsko-tozilstvo","10":"tag-jz-socio","11":"tag-skupina-griffin","12":"tag-suzi-kvas","13":"tag-tanja-cajavec","14":"tag-vlozitev-obtoznice"},"yoast_head":"<!-- This site is optimized with the Yoast SEO plugin v27.4 - https:\/\/yoast.com\/product\/yoast-seo-wordpress\/ -->\n<title>CELJE Evropski to\u017eilci nad goljufijo celjskih direktoric - Novice.si<\/title>\n<meta name=\"robots\" content=\"index, follow, max-snippet:-1, max-image-preview:large, max-video-preview:-1\" \/>\n<link rel=\"canonical\" href=\"https:\/\/novice.si\/page\/celje-evropski-tozilci-nad-goljufijo-celjskih-direktoric\/\" \/>\n<meta property=\"og:locale\" content=\"sl_SI\" \/>\n<meta property=\"og:type\" content=\"article\" \/>\n<meta property=\"og:title\" content=\"CELJE Evropski to\u017eilci nad goljufijo celjskih direktoric - Novice.si\" \/>\n<meta property=\"og:description\" content=\"Tri leta po tistem, ko je kazenski ovadbi zoper dolgoletno direktorico celjskega javnega zavoda Socio Suzi Kvas in direktorico skupine Griffin Tanjo \u010cajavec podal NPU, je obto\u017enico spisalo \u0161e Evropsko javno to\u017eilstvo (EPPO), ki je primer prevzelo od specializiranih to\u017eilcev. Ta \u0161e ni pravnomo\u010dna, sklicuje pa se na obto\u017eni \u010dlen goljufije na \u0161kodo EU. Skupno [&hellip;]\" \/>\n<meta property=\"og:url\" content=\"https:\/\/novice.si\/page\/celje-evropski-tozilci-nad-goljufijo-celjskih-direktoric\/\" \/>\n<meta property=\"og:site_name\" content=\"Novice.si\" \/>\n<meta property=\"article:published_time\" content=\"2023-04-28T16:35:35+00:00\" \/>\n<meta property=\"article:modified_time\" content=\"2023-04-28T16:35:58+00:00\" \/>\n<meta property=\"og:image\" content=\"https:\/\/novice.si\/page\/wp-content\/uploads\/2023\/04\/evropsko-tozilstvo.jpg\" \/>\n\t<meta property=\"og:image:width\" content=\"1250\" \/>\n\t<meta property=\"og:image:height\" content=\"706\" \/>\n\t<meta property=\"og:image:type\" content=\"image\/jpeg\" \/>\n<meta name=\"author\" content=\"Uredni\u0161tvo Celjana\" \/>\n<meta name=\"twitter:card\" content=\"summary_large_image\" \/>\n<meta name=\"twitter:label1\" content=\"Written by\" \/>\n\t<meta name=\"twitter:data1\" content=\"Uredni\u0161tvo Celjana\" \/>\n\t<meta name=\"twitter:label2\" content=\"Est. reading time\" \/>\n\t<meta name=\"twitter:data2\" content=\"2 minuti\" \/>\n<script type=\"application\/ld+json\" class=\"yoast-schema-graph\">{\"@context\":\"https:\\\/\\\/schema.org\",\"@graph\":[{\"@type\":\"Article\",\"@id\":\"https:\\\/\\\/novice.si\\\/page\\\/celje-evropski-tozilci-nad-goljufijo-celjskih-direktoric\\\/#article\",\"isPartOf\":{\"@id\":\"https:\\\/\\\/novice.si\\\/page\\\/celje-evropski-tozilci-nad-goljufijo-celjskih-direktoric\\\/\"},\"author\":{\"name\":\"Uredni\u0161tvo Celjana\",\"@id\":\"https:\\\/\\\/novice.si\\\/page\\\/#\\\/schema\\\/person\\\/57f25c9642a9541c7349c65d32032c3e\"},\"headline\":\"CELJE Evropski to\u017eilci nad goljufijo celjskih direktoric\",\"datePublished\":\"2023-04-28T16:35:35+00:00\",\"dateModified\":\"2023-04-28T16:35:58+00:00\",\"mainEntityOfPage\":{\"@id\":\"https:\\\/\\\/novice.si\\\/page\\\/celje-evropski-tozilci-nad-goljufijo-celjskih-direktoric\\\/\"},\"wordCount\":191,\"publisher\":{\"@id\":\"https:\\\/\\\/novice.si\\\/page\\\/#organization\"},\"image\":{\"@id\":\"https:\\\/\\\/novice.si\\\/page\\\/celje-evropski-tozilci-nad-goljufijo-celjskih-direktoric\\\/#primaryimage\"},\"thumbnailUrl\":\"https:\\\/\\\/novice.si\\\/page\\\/wp-content\\\/uploads\\\/2023\\\/04\\\/evropsko-tozilstvo.jpg\",\"keywords\":[\"evropsko to\u017eilstvo\",\"JZ Socio\",\"skupina Griffin\",\"Suzi Kvas\",\"tanja \u010dajavec\",\"vlo\u017eitev obto\u017enice\"],\"articleSection\":[\"Celjsko\",\"Kronika\"],\"inLanguage\":\"sl-SI\"},{\"@type\":\"WebPage\",\"@id\":\"https:\\\/\\\/novice.si\\\/page\\\/celje-evropski-tozilci-nad-goljufijo-celjskih-direktoric\\\/\",\"url\":\"https:\\\/\\\/novice.si\\\/page\\\/celje-evropski-tozilci-nad-goljufijo-celjskih-direktoric\\\/\",\"name\":\"CELJE Evropski to\u017eilci nad goljufijo celjskih direktoric - Novice.si\",\"isPartOf\":{\"@id\":\"https:\\\/\\\/novice.si\\\/page\\\/#website\"},\"primaryImageOfPage\":{\"@id\":\"https:\\\/\\\/novice.si\\\/page\\\/celje-evropski-tozilci-nad-goljufijo-celjskih-direktoric\\\/#primaryimage\"},\"image\":{\"@id\":\"https:\\\/\\\/novice.si\\\/page\\\/celje-evropski-tozilci-nad-goljufijo-celjskih-direktoric\\\/#primaryimage\"},\"thumbnailUrl\":\"https:\\\/\\\/novice.si\\\/page\\\/wp-content\\\/uploads\\\/2023\\\/04\\\/evropsko-tozilstvo.jpg\",\"datePublished\":\"2023-04-28T16:35:35+00:00\",\"dateModified\":\"2023-04-28T16:35:58+00:00\",\"breadcrumb\":{\"@id\":\"https:\\\/\\\/novice.si\\\/page\\\/celje-evropski-tozilci-nad-goljufijo-celjskih-direktoric\\\/#breadcrumb\"},\"inLanguage\":\"sl-SI\",\"potentialAction\":[{\"@type\":\"ReadAction\",\"target\":[\"https:\\\/\\\/novice.si\\\/page\\\/celje-evropski-tozilci-nad-goljufijo-celjskih-direktoric\\\/\"]}]},{\"@type\":\"ImageObject\",\"inLanguage\":\"sl-SI\",\"@id\":\"https:\\\/\\\/novice.si\\\/page\\\/celje-evropski-tozilci-nad-goljufijo-celjskih-direktoric\\\/#primaryimage\",\"url\":\"https:\\\/\\\/novice.si\\\/page\\\/wp-content\\\/uploads\\\/2023\\\/04\\\/evropsko-tozilstvo.jpg\",\"contentUrl\":\"https:\\\/\\\/novice.si\\\/page\\\/wp-content\\\/uploads\\\/2023\\\/04\\\/evropsko-tozilstvo.jpg\",\"width\":1250,\"height\":706,\"caption\":\"A photo shows the logo of the European Public Prosecutors' Office (EPPO) at the EPPO headquarters in Luxembourg, on June 1, 2021. A newly created EU prosecutor's office started work on June 1, in time to throw legal-eagle scrutiny on hundreds of billions of euros of Covid recovery spending about to sprayed across the bloc. The Luxembourg-based European Public Prosecutor's Office (EPPO), an independent outfit headed by a Romanian anti-corruption chief, Laura Codruta Kovesi, has the job of cracking down on fraudulent use of EU funds.,Image: 613536976, License: Rights-managed, Restrictions: , Model Release: no, Credit line: Profimedia\"},{\"@type\":\"BreadcrumbList\",\"@id\":\"https:\\\/\\\/novice.si\\\/page\\\/celje-evropski-tozilci-nad-goljufijo-celjskih-direktoric\\\/#breadcrumb\",\"itemListElement\":[{\"@type\":\"ListItem\",\"position\":1,\"name\":\"Home\",\"item\":\"https:\\\/\\\/novice.si\\\/page\\\/\"},{\"@type\":\"ListItem\",\"position\":2,\"name\":\"CELJE Evropski to\u017eilci nad goljufijo celjskih direktoric\"}]},{\"@type\":\"WebSite\",\"@id\":\"https:\\\/\\\/novice.si\\\/page\\\/#website\",\"url\":\"https:\\\/\\\/novice.si\\\/page\\\/\",\"name\":\"Novice.si\",\"description\":\"\",\"publisher\":{\"@id\":\"https:\\\/\\\/novice.si\\\/page\\\/#organization\"},\"potentialAction\":[{\"@type\":\"SearchAction\",\"target\":{\"@type\":\"EntryPoint\",\"urlTemplate\":\"https:\\\/\\\/novice.si\\\/page\\\/?s={search_term_string}\"},\"query-input\":{\"@type\":\"PropertyValueSpecification\",\"valueRequired\":true,\"valueName\":\"search_term_string\"}}],\"inLanguage\":\"sl-SI\"},{\"@type\":\"Organization\",\"@id\":\"https:\\\/\\\/novice.si\\\/page\\\/#organization\",\"name\":\"Novice.si\",\"url\":\"https:\\\/\\\/novice.si\\\/page\\\/\",\"logo\":{\"@type\":\"ImageObject\",\"inLanguage\":\"sl-SI\",\"@id\":\"https:\\\/\\\/novice.si\\\/page\\\/#\\\/schema\\\/logo\\\/image\\\/\",\"url\":\"https:\\\/\\\/novice.si\\\/page\\\/wp-content\\\/uploads\\\/2023\\\/03\\\/novice_si.png\",\"contentUrl\":\"https:\\\/\\\/novice.si\\\/page\\\/wp-content\\\/uploads\\\/2023\\\/03\\\/novice_si.png\",\"width\":576,\"height\":200,\"caption\":\"Novice.si\"},\"image\":{\"@id\":\"https:\\\/\\\/novice.si\\\/page\\\/#\\\/schema\\\/logo\\\/image\\\/\"}},{\"@type\":\"Person\",\"@id\":\"https:\\\/\\\/novice.si\\\/page\\\/#\\\/schema\\\/person\\\/57f25c9642a9541c7349c65d32032c3e\",\"name\":\"Uredni\u0161tvo Celjana\",\"image\":{\"@type\":\"ImageObject\",\"inLanguage\":\"sl-SI\",\"@id\":\"https:\\\/\\\/secure.gravatar.com\\\/avatar\\\/78e52bc4279b65f6df6345e0ef0f7b792d361361f230cf4ffecfe0afe6d5629c?s=96&d=mm&r=g\",\"url\":\"https:\\\/\\\/secure.gravatar.com\\\/avatar\\\/78e52bc4279b65f6df6345e0ef0f7b792d361361f230cf4ffecfe0afe6d5629c?s=96&d=mm&r=g\",\"contentUrl\":\"https:\\\/\\\/secure.gravatar.com\\\/avatar\\\/78e52bc4279b65f6df6345e0ef0f7b792d361361f230cf4ffecfe0afe6d5629c?s=96&d=mm&r=g\",\"caption\":\"Uredni\u0161tvo Celjana\"},\"url\":\"https:\\\/\\\/novice.si\\\/page\\\/author\\\/primoz\\\/\"}]}<\/script>\n<!-- \/ Yoast SEO plugin. -->","yoast_head_json":{"title":"CELJE Evropski to\u017eilci nad goljufijo celjskih direktoric - Novice.si","robots":{"index":"index","follow":"follow","max-snippet":"max-snippet:-1","max-image-preview":"max-image-preview:large","max-video-preview":"max-video-preview:-1"},"canonical":"https:\/\/novice.si\/page\/celje-evropski-tozilci-nad-goljufijo-celjskih-direktoric\/","og_locale":"sl_SI","og_type":"article","og_title":"CELJE Evropski to\u017eilci nad goljufijo celjskih direktoric - Novice.si","og_description":"Tri leta po tistem, ko je kazenski ovadbi zoper dolgoletno direktorico celjskega javnega zavoda Socio Suzi Kvas in direktorico skupine Griffin Tanjo \u010cajavec podal NPU, je obto\u017enico spisalo \u0161e Evropsko javno to\u017eilstvo (EPPO), ki je primer prevzelo od specializiranih to\u017eilcev. Ta \u0161e ni pravnomo\u010dna, sklicuje pa se na obto\u017eni \u010dlen goljufije na \u0161kodo EU. Skupno [&hellip;]","og_url":"https:\/\/novice.si\/page\/celje-evropski-tozilci-nad-goljufijo-celjskih-direktoric\/","og_site_name":"Novice.si","article_published_time":"2023-04-28T16:35:35+00:00","article_modified_time":"2023-04-28T16:35:58+00:00","og_image":[{"width":1250,"height":706,"url":"https:\/\/novice.si\/page\/wp-content\/uploads\/2023\/04\/evropsko-tozilstvo.jpg","type":"image\/jpeg"}],"author":"Uredni\u0161tvo Celjana","twitter_card":"summary_large_image","twitter_misc":{"Written by":"Uredni\u0161tvo Celjana","Est. reading time":"2 minuti"},"schema":{"@context":"https:\/\/schema.org","@graph":[{"@type":"Article","@id":"https:\/\/novice.si\/page\/celje-evropski-tozilci-nad-goljufijo-celjskih-direktoric\/#article","isPartOf":{"@id":"https:\/\/novice.si\/page\/celje-evropski-tozilci-nad-goljufijo-celjskih-direktoric\/"},"author":{"name":"Uredni\u0161tvo Celjana","@id":"https:\/\/novice.si\/page\/#\/schema\/person\/57f25c9642a9541c7349c65d32032c3e"},"headline":"CELJE Evropski to\u017eilci nad goljufijo celjskih direktoric","datePublished":"2023-04-28T16:35:35+00:00","dateModified":"2023-04-28T16:35:58+00:00","mainEntityOfPage":{"@id":"https:\/\/novice.si\/page\/celje-evropski-tozilci-nad-goljufijo-celjskih-direktoric\/"},"wordCount":191,"publisher":{"@id":"https:\/\/novice.si\/page\/#organization"},"image":{"@id":"https:\/\/novice.si\/page\/celje-evropski-tozilci-nad-goljufijo-celjskih-direktoric\/#primaryimage"},"thumbnailUrl":"https:\/\/novice.si\/page\/wp-content\/uploads\/2023\/04\/evropsko-tozilstvo.jpg","keywords":["evropsko to\u017eilstvo","JZ Socio","skupina Griffin","Suzi Kvas","tanja \u010dajavec","vlo\u017eitev obto\u017enice"],"articleSection":["Celjsko","Kronika"],"inLanguage":"sl-SI"},{"@type":"WebPage","@id":"https:\/\/novice.si\/page\/celje-evropski-tozilci-nad-goljufijo-celjskih-direktoric\/","url":"https:\/\/novice.si\/page\/celje-evropski-tozilci-nad-goljufijo-celjskih-direktoric\/","name":"CELJE Evropski to\u017eilci nad goljufijo celjskih direktoric - Novice.si","isPartOf":{"@id":"https:\/\/novice.si\/page\/#website"},"primaryImageOfPage":{"@id":"https:\/\/novice.si\/page\/celje-evropski-tozilci-nad-goljufijo-celjskih-direktoric\/#primaryimage"},"image":{"@id":"https:\/\/novice.si\/page\/celje-evropski-tozilci-nad-goljufijo-celjskih-direktoric\/#primaryimage"},"thumbnailUrl":"https:\/\/novice.si\/page\/wp-content\/uploads\/2023\/04\/evropsko-tozilstvo.jpg","datePublished":"2023-04-28T16:35:35+00:00","dateModified":"2023-04-28T16:35:58+00:00","breadcrumb":{"@id":"https:\/\/novice.si\/page\/celje-evropski-tozilci-nad-goljufijo-celjskih-direktoric\/#breadcrumb"},"inLanguage":"sl-SI","potentialAction":[{"@type":"ReadAction","target":["https:\/\/novice.si\/page\/celje-evropski-tozilci-nad-goljufijo-celjskih-direktoric\/"]}]},{"@type":"ImageObject","inLanguage":"sl-SI","@id":"https:\/\/novice.si\/page\/celje-evropski-tozilci-nad-goljufijo-celjskih-direktoric\/#primaryimage","url":"https:\/\/novice.si\/page\/wp-content\/uploads\/2023\/04\/evropsko-tozilstvo.jpg","contentUrl":"https:\/\/novice.si\/page\/wp-content\/uploads\/2023\/04\/evropsko-tozilstvo.jpg","width":1250,"height":706,"caption":"A photo shows the logo of the European Public Prosecutors' Office (EPPO) at the EPPO headquarters in Luxembourg, on June 1, 2021. A newly created EU prosecutor's office started work on June 1, in time to throw legal-eagle scrutiny on hundreds of billions of euros of Covid recovery spending about to sprayed across the bloc. The Luxembourg-based European Public Prosecutor's Office (EPPO), an independent outfit headed by a Romanian anti-corruption chief, Laura Codruta Kovesi, has the job of cracking down on fraudulent use of EU funds.,Image: 613536976, License: Rights-managed, Restrictions: , Model Release: no, Credit line: Profimedia"},{"@type":"BreadcrumbList","@id":"https:\/\/novice.si\/page\/celje-evropski-tozilci-nad-goljufijo-celjskih-direktoric\/#breadcrumb","itemListElement":[{"@type":"ListItem","position":1,"name":"Home","item":"https:\/\/novice.si\/page\/"},{"@type":"ListItem","position":2,"name":"CELJE Evropski to\u017eilci nad goljufijo celjskih direktoric"}]},{"@type":"WebSite","@id":"https:\/\/novice.si\/page\/#website","url":"https:\/\/novice.si\/page\/","name":"Novice.si","description":"","publisher":{"@id":"https:\/\/novice.si\/page\/#organization"},"potentialAction":[{"@type":"SearchAction","target":{"@type":"EntryPoint","urlTemplate":"https:\/\/novice.si\/page\/?s={search_term_string}"},"query-input":{"@type":"PropertyValueSpecification","valueRequired":true,"valueName":"search_term_string"}}],"inLanguage":"sl-SI"},{"@type":"Organization","@id":"https:\/\/novice.si\/page\/#organization","name":"Novice.si","url":"https:\/\/novice.si\/page\/","logo":{"@type":"ImageObject","inLanguage":"sl-SI","@id":"https:\/\/novice.si\/page\/#\/schema\/logo\/image\/","url":"https:\/\/novice.si\/page\/wp-content\/uploads\/2023\/03\/novice_si.png","contentUrl":"https:\/\/novice.si\/page\/wp-content\/uploads\/2023\/03\/novice_si.png","width":576,"height":200,"caption":"Novice.si"},"image":{"@id":"https:\/\/novice.si\/page\/#\/schema\/logo\/image\/"}},{"@type":"Person","@id":"https:\/\/novice.si\/page\/#\/schema\/person\/57f25c9642a9541c7349c65d32032c3e","name":"Uredni\u0161tvo Celjana","image":{"@type":"ImageObject","inLanguage":"sl-SI","@id":"https:\/\/secure.gravatar.com\/avatar\/78e52bc4279b65f6df6345e0ef0f7b792d361361f230cf4ffecfe0afe6d5629c?s=96&d=mm&r=g","url":"https:\/\/secure.gravatar.com\/avatar\/78e52bc4279b65f6df6345e0ef0f7b792d361361f230cf4ffecfe0afe6d5629c?s=96&d=mm&r=g","contentUrl":"https:\/\/secure.gravatar.com\/avatar\/78e52bc4279b65f6df6345e0ef0f7b792d361361f230cf4ffecfe0afe6d5629c?s=96&d=mm&r=g","caption":"Uredni\u0161tvo Celjana"},"url":"https:\/\/novice.si\/page\/author\/primoz\/"}]}},"_links":{"self":[{"href":"https:\/\/novice.si\/page\/wp-json\/wp\/v2\/posts\/162122","targetHints":{"allow":["GET"]}}],"collection":[{"href":"https:\/\/novice.si\/page\/wp-json\/wp\/v2\/posts"}],"about":[{"href":"https:\/\/novice.si\/page\/wp-json\/wp\/v2\/types\/post"}],"author":[{"embeddable":true,"href":"https:\/\/novice.si\/page\/wp-json\/wp\/v2\/users\/33"}],"replies":[{"embeddable":true,"href":"https:\/\/novice.si\/page\/wp-json\/wp\/v2\/comments?post=162122"}],"version-history":[{"count":1,"href":"https:\/\/novice.si\/page\/wp-json\/wp\/v2\/posts\/162122\/revisions"}],"predecessor-version":[{"id":162124,"href":"https:\/\/novice.si\/page\/wp-json\/wp\/v2\/posts\/162122\/revisions\/162124"}],"wp:featuredmedia":[{"embeddable":true,"href":"https:\/\/novice.si\/page\/wp-json\/wp\/v2\/media\/162123"}],"wp:attachment":[{"href":"https:\/\/novice.si\/page\/wp-json\/wp\/v2\/media?parent=162122"}],"wp:term":[{"taxonomy":"category","embeddable":true,"href":"https:\/\/novice.si\/page\/wp-json\/wp\/v2\/categories?post=162122"},{"taxonomy":"post_tag","embeddable":true,"href":"https:\/\/novice.si\/page\/wp-json\/wp\/v2\/tags?post=162122"}],"curies":[{"name":"wp","href":"https:\/\/api.w.org\/{rel}","templated":true}]}}