{"id":162109,"date":"2023-04-27T11:32:25","date_gmt":"2023-04-27T09:32:25","guid":{"rendered":"https:\/\/novice.si\/page\/?p=162109"},"modified":"2023-04-27T11:32:25","modified_gmt":"2023-04-27T09:32:25","slug":"kultura-literatura-karel-destovnik-kajuh-vecni-mir-nasel-v-cetrtem-grobu","status":"publish","type":"post","link":"https:\/\/novice.si\/page\/kultura-literatura-karel-destovnik-kajuh-vecni-mir-nasel-v-cetrtem-grobu\/","title":{"rendered":"KULTURA LITERATURA Karel Destovnik Kajuh ve\u010dni mir na\u0161el v \u010detrtem grobu"},"content":{"rendered":"<p><strong>\u0160o\u0161tanj\u010dani in tudi Velenj\u010dani so Kajuhovo leto obele\u017eili \u017ee lani, na kar smo spomnili tudi v Kulturi literaturi. Ker pa je nacionalno Kajuhovo leto letos, smo pripravili \u0161e nekaj zanimivosti o sicer kratkem \u017eivljenju narodnega heroja.<\/strong><\/p>\n<p><strong><img loading=\"lazy\" decoding=\"async\" class=\" wp-image-162111 alignleft\" src=\"https:\/\/novice.si\/page\/wp-content\/uploads\/2023\/04\/getimage_class-2-600x450.jpg\" alt=\"\" width=\"281\" height=\"211\" srcset=\"https:\/\/novice.si\/page\/wp-content\/uploads\/2023\/04\/getimage_class-2-600x450.jpg 600w, https:\/\/novice.si\/page\/wp-content\/uploads\/2023\/04\/getimage_class-2-768x576.jpg 768w, https:\/\/novice.si\/page\/wp-content\/uploads\/2023\/04\/getimage_class-2-80x60.jpg 80w, https:\/\/novice.si\/page\/wp-content\/uploads\/2023\/04\/getimage_class-2-265x198.jpg 265w, https:\/\/novice.si\/page\/wp-content\/uploads\/2023\/04\/getimage_class-2-696x522.jpg 696w, https:\/\/novice.si\/page\/wp-content\/uploads\/2023\/04\/getimage_class-2-560x420.jpg 560w, https:\/\/novice.si\/page\/wp-content\/uploads\/2023\/04\/getimage_class-2-24x18.jpg 24w, https:\/\/novice.si\/page\/wp-content\/uploads\/2023\/04\/getimage_class-2-36x27.jpg 36w, https:\/\/novice.si\/page\/wp-content\/uploads\/2023\/04\/getimage_class-2-48x36.jpg 48w, https:\/\/novice.si\/page\/wp-content\/uploads\/2023\/04\/getimage_class-2.jpg 800w\" sizes=\"auto, (max-width: 281px) 100vw, 281px\" \/>Karol Vasle<\/strong> se je rodil v precej premo\u017eno okolje \u2013 dru\u017eina <strong>Marije Vasle<\/strong> je namre\u010d imela hotel Austria, kasneje imenovan Jugoslavija. \u0160e danes je to ena mogo\u010dnej\u0161ih stavb ob vstopu v \u0160o\u0161tanj, a je na njej zapisan napa\u010den datum rojstva. \u0160ele ko se je raziskovalec <strong>Vlado Vrbi\u010d<\/strong> dokopal do rojstnega lista, smo izvedeli, da se je pesnik rodil 13. in ne 19. decembra.<\/p>\n<p><strong>Priljubljen pri dekletih<\/strong><\/p>\n<p>Ko ga je za sina priznal o\u010de Jo\u017ee, je dobil tudi priimek Destovnik, psevdonim Kajuh pa je povzel po ko\u010di, v kateri je \u017eivel njegov ded. Prve pesmi je zapisoval z zeleno tinto. Kot srednje\u0161olec je bil izjemno priljubljen med dekleti, najbr\u017e tudi zaradi \u0161portne postave, med drugim je bil vratar pri lokalnem nogometnem klubu. \u017diveli so na podstre\u0161ju prej omenjenega hotela, kjer je ob\u010dasno prodajal tudi kino vstopnice. Poleg pisem in razglednic je ohranjena tudi njegova pisalna miza, ki je na ogled v Vili Mayer v \u0160o\u0161tanju.<\/p>\n<p><strong>\u0160tirikrat prekopan<\/strong><\/p>\n<p><strong><img loading=\"lazy\" decoding=\"async\" class=\"size-medium wp-image-149721 alignleft\" src=\"https:\/\/novice.si\/page\/wp-content\/uploads\/2022\/05\/Zadnja_fografija_Karla_Destovnika_Kajuha-300x189.jpg\" alt=\"\" width=\"300\" height=\"189\" srcset=\"https:\/\/novice.si\/page\/wp-content\/uploads\/2022\/05\/Zadnja_fografija_Karla_Destovnika_Kajuha-300x189.jpg 300w, https:\/\/novice.si\/page\/wp-content\/uploads\/2022\/05\/Zadnja_fografija_Karla_Destovnika_Kajuha-1024x646.jpg 1024w, https:\/\/novice.si\/page\/wp-content\/uploads\/2022\/05\/Zadnja_fografija_Karla_Destovnika_Kajuha-768x485.jpg 768w, https:\/\/novice.si\/page\/wp-content\/uploads\/2022\/05\/Zadnja_fografija_Karla_Destovnika_Kajuha-696x439.jpg 696w, https:\/\/novice.si\/page\/wp-content\/uploads\/2022\/05\/Zadnja_fografija_Karla_Destovnika_Kajuha-1068x674.jpg 1068w, https:\/\/novice.si\/page\/wp-content\/uploads\/2022\/05\/Zadnja_fografija_Karla_Destovnika_Kajuha-665x420.jpg 665w, https:\/\/novice.si\/page\/wp-content\/uploads\/2022\/05\/Zadnja_fografija_Karla_Destovnika_Kajuha-24x15.jpg 24w, https:\/\/novice.si\/page\/wp-content\/uploads\/2022\/05\/Zadnja_fografija_Karla_Destovnika_Kajuha-36x23.jpg 36w, https:\/\/novice.si\/page\/wp-content\/uploads\/2022\/05\/Zadnja_fografija_Karla_Destovnika_Kajuha-48x30.jpg 48w, https:\/\/novice.si\/page\/wp-content\/uploads\/2022\/05\/Zadnja_fografija_Karla_Destovnika_Kajuha.jpg 1280w\" sizes=\"auto, (max-width: 300px) 100vw, 300px\" \/><\/strong>Pa ste vedeli, da je bil Kajuh kar \u0161tirikrat prekopan? Na pustni torek, 22. februarja 1944, ga je v Zavodnjah na \u017dlebnikovi doma\u010diji ustrelil Slovenec v nem\u0161ki uniformi in ob tem zapisal, da je ubil smejo\u010dega se partizana. Sprva so ga pokopali v partizanski grob, tam danes stoji spominski objekt, kasneje na uradno pokopali\u0161\u010de v Zavodnjah, nato so ga \u0160o\u0161tanj\u010dani \u017eeleli pri sebi, v \u010detrto pa je bila Kajuhova krsta polo\u017eena v grob na pokopali\u0161\u010du v Podkraju pri Velenju.<br \/>\n<em>Zdaj veter razna\u0161a besede njegove. Prisluhni natanko, da \u010duje\u0161 glasove: Lepo je, ve\u0161, mama, lepo je \u017eiveti. Toda, za kar sem umrl, bi hotel \u0161e enkrat umreti!<\/em><br \/>\n(Goran Obradovi\u0107)<\/p>\n\r\n                <style type=\"text\/css\">\r\n                    \r\n                    #tdi_1  .td-doubleSlider-2 .td-item1 {\r\n                        background: url(https:\/\/novice.si\/page\/wp-content\/uploads\/2023\/04\/Foto-Karel-Destovnik-Kajuh__FitWzk4MCw5ODAsImRiNmEyZjRjMzUiXQ-80x60.jpg) 0 0 no-repeat;\r\n                    }\r\n                    #tdi_1  .td-doubleSlider-2 .td-item2 {\r\n                        background: url(https:\/\/novice.si\/page\/wp-content\/uploads\/2023\/04\/getimage_class-2-80x60.jpg) 0 0 no-repeat;\r\n                    }\r\n                    #tdi_1  .td-doubleSlider-2 .td-item3 {\r\n                        background: url(https:\/\/novice.si\/page\/wp-content\/uploads\/2023\/04\/getimage_class-1-80x60.jpg) 0 0 no-repeat;\r\n                    }\r\n                    #tdi_1  .td-doubleSlider-2 .td-item4 {\r\n                        background: url(https:\/\/novice.si\/page\/wp-content\/uploads\/2023\/04\/getimage_class-80x60.jpg) 0 0 no-repeat;\r\n                    }\r\n                <\/style>\r\n\r\n                <div id=\"tdi_1\" class=\"td-gallery td-slide-on-2-columns\">\r\n                    <div class=\"post_td_gallery\">\r\n                        <div class=\"td-gallery-slide-top\">\r\n                           <div class=\"td-gallery-title\"><\/div>\r\n\r\n                            <div class=\"td-gallery-controls-wrapper\">\r\n                                <div class=\"td-gallery-slide-count\"><span class=\"td-gallery-slide-item-focus\">1<\/span> od 4<\/div>\r\n                                <div class=\"td-gallery-slide-prev-next-but\">\r\n                                    <i class = \"td-icon-left doubleSliderPrevButton\"><\/i>\r\n                                    <i class = \"td-icon-right doubleSliderNextButton\"><\/i>\r\n                                <\/div>\r\n                            <\/div>\r\n                        <\/div>\r\n\r\n                        <div class = \"td-doubleSlider-1 \">\r\n                            <div class = \"td-slider\">\r\n                                \r\n                    <div class = \"td-slide-item td-item1\">\r\n                        <figure class=\"td-slide-galery-figure td-slide-popup-gallery\">\r\n                            <a class=\"slide-gallery-image-link\" href=\"https:\/\/novice.si\/page\/wp-content\/uploads\/2023\/04\/Foto-Karel-Destovnik-Kajuh__FitWzk4MCw5ODAsImRiNmEyZjRjMzUiXQ.jpg\" title=\"Foto-Karel-Destovnik-Kajuh__FitWzk4MCw5ODAsImRiNmEyZjRjMzUiXQ\"  data-caption=\"\"  data-description=\"\" data-gallery>\r\n                                <img decoding=\"async\" src=\"https:\/\/novice.si\/page\/wp-content\/uploads\/2023\/04\/Foto-Karel-Destovnik-Kajuh__FitWzk4MCw5ODAsImRiNmEyZjRjMzUiXQ-249x420.jpg\" srcset=\"https:\/\/novice.si\/page\/wp-content\/uploads\/2023\/04\/Foto-Karel-Destovnik-Kajuh__FitWzk4MCw5ODAsImRiNmEyZjRjMzUiXQ-249x420.jpg 249w, https:\/\/novice.si\/page\/wp-content\/uploads\/2023\/04\/Foto-Karel-Destovnik-Kajuh__FitWzk4MCw5ODAsImRiNmEyZjRjMzUiXQ-355x600.jpg 355w, https:\/\/novice.si\/page\/wp-content\/uploads\/2023\/04\/Foto-Karel-Destovnik-Kajuh__FitWzk4MCw5ODAsImRiNmEyZjRjMzUiXQ-14x24.jpg 14w, https:\/\/novice.si\/page\/wp-content\/uploads\/2023\/04\/Foto-Karel-Destovnik-Kajuh__FitWzk4MCw5ODAsImRiNmEyZjRjMzUiXQ-21x36.jpg 21w, https:\/\/novice.si\/page\/wp-content\/uploads\/2023\/04\/Foto-Karel-Destovnik-Kajuh__FitWzk4MCw5ODAsImRiNmEyZjRjMzUiXQ-28x48.jpg 28w, https:\/\/novice.si\/page\/wp-content\/uploads\/2023\/04\/Foto-Karel-Destovnik-Kajuh__FitWzk4MCw5ODAsImRiNmEyZjRjMzUiXQ.jpg 580w\" sizes=\"(max-width: 249px) 100vw, 249px\" alt=\"\">\r\n                            <\/a>\r\n                            \r\n                        <\/figure>\r\n                    <\/div>\r\n                    <div class = \"td-slide-item td-item2\">\r\n                        <figure class=\"td-slide-galery-figure td-slide-popup-gallery\">\r\n                            <a class=\"slide-gallery-image-link\" href=\"https:\/\/novice.si\/page\/wp-content\/uploads\/2023\/04\/getimage_class-2.jpg\" title=\"getimage_class (2)\"  data-caption=\"\"  data-description=\"\" data-gallery>\r\n                                <img decoding=\"async\" src=\"https:\/\/novice.si\/page\/wp-content\/uploads\/2023\/04\/getimage_class-2-560x420.jpg\" srcset=\"https:\/\/novice.si\/page\/wp-content\/uploads\/2023\/04\/getimage_class-2-560x420.jpg 560w, https:\/\/novice.si\/page\/wp-content\/uploads\/2023\/04\/getimage_class-2-600x450.jpg 600w, https:\/\/novice.si\/page\/wp-content\/uploads\/2023\/04\/getimage_class-2-768x576.jpg 768w, https:\/\/novice.si\/page\/wp-content\/uploads\/2023\/04\/getimage_class-2-80x60.jpg 80w, https:\/\/novice.si\/page\/wp-content\/uploads\/2023\/04\/getimage_class-2-265x198.jpg 265w, https:\/\/novice.si\/page\/wp-content\/uploads\/2023\/04\/getimage_class-2-696x522.jpg 696w, https:\/\/novice.si\/page\/wp-content\/uploads\/2023\/04\/getimage_class-2-24x18.jpg 24w, https:\/\/novice.si\/page\/wp-content\/uploads\/2023\/04\/getimage_class-2-36x27.jpg 36w, https:\/\/novice.si\/page\/wp-content\/uploads\/2023\/04\/getimage_class-2-48x36.jpg 48w, https:\/\/novice.si\/page\/wp-content\/uploads\/2023\/04\/getimage_class-2.jpg 800w\" sizes=\"(max-width: 560px) 100vw, 560px\" alt=\"\">\r\n                            <\/a>\r\n                            \r\n                        <\/figure>\r\n                    <\/div>\r\n                    <div class = \"td-slide-item td-item3\">\r\n                        <figure class=\"td-slide-galery-figure td-slide-popup-gallery\">\r\n                            <a class=\"slide-gallery-image-link\" href=\"https:\/\/novice.si\/page\/wp-content\/uploads\/2023\/04\/getimage_class-1.jpg\" title=\"getimage_class (1)\"  data-caption=\"\"  data-description=\"\" data-gallery>\r\n                                <img decoding=\"async\" src=\"https:\/\/novice.si\/page\/wp-content\/uploads\/2023\/04\/getimage_class-1-564x420.jpg\" srcset=\"https:\/\/novice.si\/page\/wp-content\/uploads\/2023\/04\/getimage_class-1-564x420.jpg 564w, https:\/\/novice.si\/page\/wp-content\/uploads\/2023\/04\/getimage_class-1-600x447.jpg 600w, https:\/\/novice.si\/page\/wp-content\/uploads\/2023\/04\/getimage_class-1-80x60.jpg 80w, https:\/\/novice.si\/page\/wp-content\/uploads\/2023\/04\/getimage_class-1-265x198.jpg 265w, https:\/\/novice.si\/page\/wp-content\/uploads\/2023\/04\/getimage_class-1-24x18.jpg 24w, https:\/\/novice.si\/page\/wp-content\/uploads\/2023\/04\/getimage_class-1-36x27.jpg 36w, https:\/\/novice.si\/page\/wp-content\/uploads\/2023\/04\/getimage_class-1-48x36.jpg 48w, https:\/\/novice.si\/page\/wp-content\/uploads\/2023\/04\/getimage_class-1.jpg 620w\" sizes=\"(max-width: 564px) 100vw, 564px\" alt=\"\">\r\n                            <\/a>\r\n                            \r\n                        <\/figure>\r\n                    <\/div>\r\n                    <div class = \"td-slide-item td-item4\">\r\n                        <figure class=\"td-slide-galery-figure td-slide-popup-gallery\">\r\n                            <a class=\"slide-gallery-image-link\" href=\"https:\/\/novice.si\/page\/wp-content\/uploads\/2023\/04\/getimage_class.jpg\" title=\"getimage_class\"  data-caption=\"\"  data-description=\"\" data-gallery>\r\n                                <img decoding=\"async\" src=\"https:\/\/novice.si\/page\/wp-content\/uploads\/2023\/04\/getimage_class-560x420.jpg\" srcset=\"https:\/\/novice.si\/page\/wp-content\/uploads\/2023\/04\/getimage_class-560x420.jpg 560w, https:\/\/novice.si\/page\/wp-content\/uploads\/2023\/04\/getimage_class-600x450.jpg 600w, https:\/\/novice.si\/page\/wp-content\/uploads\/2023\/04\/getimage_class-768x576.jpg 768w, https:\/\/novice.si\/page\/wp-content\/uploads\/2023\/04\/getimage_class-80x60.jpg 80w, https:\/\/novice.si\/page\/wp-content\/uploads\/2023\/04\/getimage_class-265x198.jpg 265w, https:\/\/novice.si\/page\/wp-content\/uploads\/2023\/04\/getimage_class-696x522.jpg 696w, https:\/\/novice.si\/page\/wp-content\/uploads\/2023\/04\/getimage_class-24x18.jpg 24w, https:\/\/novice.si\/page\/wp-content\/uploads\/2023\/04\/getimage_class-36x27.jpg 36w, https:\/\/novice.si\/page\/wp-content\/uploads\/2023\/04\/getimage_class-48x36.jpg 48w, https:\/\/novice.si\/page\/wp-content\/uploads\/2023\/04\/getimage_class.jpg 800w\" sizes=\"(max-width: 560px) 100vw, 560px\" alt=\"\">\r\n                            <\/a>\r\n                            \r\n                        <\/figure>\r\n                    <\/div>\r\n                            <\/div>\r\n                        <\/div>\r\n\r\n                        <div class = \"td-doubleSlider-2\">\r\n                            <div class = \"td-slider\">\r\n                                \r\n                    <div class = \"td-button td-item1\">\r\n                        <div class = \"td-border\"><\/div>\r\n                    <\/div>\r\n                    <div class = \"td-button td-item2\">\r\n                        <div class = \"td-border\"><\/div>\r\n                    <\/div>\r\n                    <div class = \"td-button td-item3\">\r\n                        <div class = \"td-border\"><\/div>\r\n                    <\/div>\r\n                    <div class = \"td-button td-item4\">\r\n                        <div class = \"td-border\"><\/div>\r\n                    <\/div>\r\n                            <\/div>\r\n                        <\/div>\r\n\r\n                    <\/div>\r\n\r\n                <\/div>\r\n                \n","protected":false},"excerpt":{"rendered":"<p>\u0160o\u0161tanj\u010dani in tudi Velenj\u010dani so Kajuhovo leto obele\u017eili \u017ee lani, na kar smo spomnili tudi v Kulturi literaturi. Ker pa je nacionalno Kajuhovo leto letos, smo pripravili \u0161e nekaj zanimivosti o sicer kratkem \u017eivljenju narodnega heroja. Karol Vasle se je rodil v precej premo\u017eno okolje \u2013 dru\u017eina Marije Vasle je namre\u010d imela hotel Austria, kasneje [&hellip;]<\/p>\n","protected":false},"author":12,"featured_media":162111,"comment_status":"closed","ping_status":"closed","sticky":false,"template":"","format":"standard","meta":{"footnotes":""},"categories":[14,868,17,15,16,141,3108],"tags":[14888],"class_list":{"0":"post-162109","1":"post","2":"type-post","3":"status-publish","4":"format-standard","5":"has-post-thumbnail","7":"category-aktualno","8":"category-casopisi","9":"category-celjsko","10":"category-druzabno","11":"category-konjisko","12":"category-novice","13":"category-radio-rogla","14":"tag-karel-destovnik-kajuh"},"yoast_head":"<!-- This site is optimized with the Yoast SEO plugin v27.4 - https:\/\/yoast.com\/product\/yoast-seo-wordpress\/ -->\n<title>KULTURA LITERATURA Karel Destovnik Kajuh ve\u010dni mir na\u0161el v \u010detrtem grobu - Novice.si<\/title>\n<meta name=\"robots\" content=\"index, follow, max-snippet:-1, max-image-preview:large, max-video-preview:-1\" \/>\n<link rel=\"canonical\" href=\"https:\/\/novice.si\/page\/kultura-literatura-karel-destovnik-kajuh-vecni-mir-nasel-v-cetrtem-grobu\/\" \/>\n<meta property=\"og:locale\" content=\"sl_SI\" \/>\n<meta property=\"og:type\" content=\"article\" \/>\n<meta property=\"og:title\" content=\"KULTURA LITERATURA Karel Destovnik Kajuh ve\u010dni mir na\u0161el v \u010detrtem grobu - Novice.si\" \/>\n<meta property=\"og:description\" content=\"\u0160o\u0161tanj\u010dani in tudi Velenj\u010dani so Kajuhovo leto obele\u017eili \u017ee lani, na kar smo spomnili tudi v Kulturi literaturi. Ker pa je nacionalno Kajuhovo leto letos, smo pripravili \u0161e nekaj zanimivosti o sicer kratkem \u017eivljenju narodnega heroja. Karol Vasle se je rodil v precej premo\u017eno okolje \u2013 dru\u017eina Marije Vasle je namre\u010d imela hotel Austria, kasneje [&hellip;]\" \/>\n<meta property=\"og:url\" content=\"https:\/\/novice.si\/page\/kultura-literatura-karel-destovnik-kajuh-vecni-mir-nasel-v-cetrtem-grobu\/\" \/>\n<meta property=\"og:site_name\" content=\"Novice.si\" \/>\n<meta property=\"article:published_time\" content=\"2023-04-27T09:32:25+00:00\" \/>\n<meta property=\"og:image\" content=\"https:\/\/novice.si\/page\/wp-content\/uploads\/2023\/04\/getimage_class-2.jpg\" \/>\n\t<meta property=\"og:image:width\" content=\"800\" \/>\n\t<meta property=\"og:image:height\" content=\"600\" \/>\n\t<meta property=\"og:image:type\" content=\"image\/jpeg\" \/>\n<meta name=\"author\" content=\"Uredni\u0161tvo Celjana\" \/>\n<meta name=\"twitter:card\" content=\"summary_large_image\" \/>\n<meta name=\"twitter:label1\" content=\"Written by\" \/>\n\t<meta name=\"twitter:data1\" content=\"Uredni\u0161tvo Celjana\" \/>\n\t<meta name=\"twitter:label2\" content=\"Est. reading time\" \/>\n\t<meta name=\"twitter:data2\" content=\"3 minute\" \/>\n<script type=\"application\/ld+json\" class=\"yoast-schema-graph\">{\"@context\":\"https:\\\/\\\/schema.org\",\"@graph\":[{\"@type\":\"Article\",\"@id\":\"https:\\\/\\\/novice.si\\\/page\\\/kultura-literatura-karel-destovnik-kajuh-vecni-mir-nasel-v-cetrtem-grobu\\\/#article\",\"isPartOf\":{\"@id\":\"https:\\\/\\\/novice.si\\\/page\\\/kultura-literatura-karel-destovnik-kajuh-vecni-mir-nasel-v-cetrtem-grobu\\\/\"},\"author\":{\"name\":\"Uredni\u0161tvo Celjana\",\"@id\":\"https:\\\/\\\/novice.si\\\/page\\\/#\\\/schema\\\/person\\\/51903923b50fefb075bc1cd24fe4d065\"},\"headline\":\"KULTURA LITERATURA Karel Destovnik Kajuh ve\u010dni mir na\u0161el v \u010detrtem grobu\",\"datePublished\":\"2023-04-27T09:32:25+00:00\",\"mainEntityOfPage\":{\"@id\":\"https:\\\/\\\/novice.si\\\/page\\\/kultura-literatura-karel-destovnik-kajuh-vecni-mir-nasel-v-cetrtem-grobu\\\/\"},\"wordCount\":343,\"publisher\":{\"@id\":\"https:\\\/\\\/novice.si\\\/page\\\/#organization\"},\"image\":{\"@id\":\"https:\\\/\\\/novice.si\\\/page\\\/kultura-literatura-karel-destovnik-kajuh-vecni-mir-nasel-v-cetrtem-grobu\\\/#primaryimage\"},\"thumbnailUrl\":\"https:\\\/\\\/novice.si\\\/page\\\/wp-content\\\/uploads\\\/2023\\\/04\\\/getimage_class-2.jpg\",\"keywords\":[\"karel destovnik kajuh\"],\"articleSection\":[\"Aktualno\",\"\u010casopisi\",\"Celjsko\",\"Dru\u017eabno\",\"Konji\u0161ko\",\"Novice\",\"Radio Rogla\"],\"inLanguage\":\"sl-SI\"},{\"@type\":\"WebPage\",\"@id\":\"https:\\\/\\\/novice.si\\\/page\\\/kultura-literatura-karel-destovnik-kajuh-vecni-mir-nasel-v-cetrtem-grobu\\\/\",\"url\":\"https:\\\/\\\/novice.si\\\/page\\\/kultura-literatura-karel-destovnik-kajuh-vecni-mir-nasel-v-cetrtem-grobu\\\/\",\"name\":\"KULTURA LITERATURA Karel Destovnik Kajuh ve\u010dni mir na\u0161el v \u010detrtem grobu - Novice.si\",\"isPartOf\":{\"@id\":\"https:\\\/\\\/novice.si\\\/page\\\/#website\"},\"primaryImageOfPage\":{\"@id\":\"https:\\\/\\\/novice.si\\\/page\\\/kultura-literatura-karel-destovnik-kajuh-vecni-mir-nasel-v-cetrtem-grobu\\\/#primaryimage\"},\"image\":{\"@id\":\"https:\\\/\\\/novice.si\\\/page\\\/kultura-literatura-karel-destovnik-kajuh-vecni-mir-nasel-v-cetrtem-grobu\\\/#primaryimage\"},\"thumbnailUrl\":\"https:\\\/\\\/novice.si\\\/page\\\/wp-content\\\/uploads\\\/2023\\\/04\\\/getimage_class-2.jpg\",\"datePublished\":\"2023-04-27T09:32:25+00:00\",\"breadcrumb\":{\"@id\":\"https:\\\/\\\/novice.si\\\/page\\\/kultura-literatura-karel-destovnik-kajuh-vecni-mir-nasel-v-cetrtem-grobu\\\/#breadcrumb\"},\"inLanguage\":\"sl-SI\",\"potentialAction\":[{\"@type\":\"ReadAction\",\"target\":[\"https:\\\/\\\/novice.si\\\/page\\\/kultura-literatura-karel-destovnik-kajuh-vecni-mir-nasel-v-cetrtem-grobu\\\/\"]}]},{\"@type\":\"ImageObject\",\"inLanguage\":\"sl-SI\",\"@id\":\"https:\\\/\\\/novice.si\\\/page\\\/kultura-literatura-karel-destovnik-kajuh-vecni-mir-nasel-v-cetrtem-grobu\\\/#primaryimage\",\"url\":\"https:\\\/\\\/novice.si\\\/page\\\/wp-content\\\/uploads\\\/2023\\\/04\\\/getimage_class-2.jpg\",\"contentUrl\":\"https:\\\/\\\/novice.si\\\/page\\\/wp-content\\\/uploads\\\/2023\\\/04\\\/getimage_class-2.jpg\",\"width\":800,\"height\":600},{\"@type\":\"BreadcrumbList\",\"@id\":\"https:\\\/\\\/novice.si\\\/page\\\/kultura-literatura-karel-destovnik-kajuh-vecni-mir-nasel-v-cetrtem-grobu\\\/#breadcrumb\",\"itemListElement\":[{\"@type\":\"ListItem\",\"position\":1,\"name\":\"Home\",\"item\":\"https:\\\/\\\/novice.si\\\/page\\\/\"},{\"@type\":\"ListItem\",\"position\":2,\"name\":\"KULTURA LITERATURA Karel Destovnik Kajuh ve\u010dni mir na\u0161el v \u010detrtem grobu\"}]},{\"@type\":\"WebSite\",\"@id\":\"https:\\\/\\\/novice.si\\\/page\\\/#website\",\"url\":\"https:\\\/\\\/novice.si\\\/page\\\/\",\"name\":\"Novice.si\",\"description\":\"\",\"publisher\":{\"@id\":\"https:\\\/\\\/novice.si\\\/page\\\/#organization\"},\"potentialAction\":[{\"@type\":\"SearchAction\",\"target\":{\"@type\":\"EntryPoint\",\"urlTemplate\":\"https:\\\/\\\/novice.si\\\/page\\\/?s={search_term_string}\"},\"query-input\":{\"@type\":\"PropertyValueSpecification\",\"valueRequired\":true,\"valueName\":\"search_term_string\"}}],\"inLanguage\":\"sl-SI\"},{\"@type\":\"Organization\",\"@id\":\"https:\\\/\\\/novice.si\\\/page\\\/#organization\",\"name\":\"Novice.si\",\"url\":\"https:\\\/\\\/novice.si\\\/page\\\/\",\"logo\":{\"@type\":\"ImageObject\",\"inLanguage\":\"sl-SI\",\"@id\":\"https:\\\/\\\/novice.si\\\/page\\\/#\\\/schema\\\/logo\\\/image\\\/\",\"url\":\"https:\\\/\\\/novice.si\\\/page\\\/wp-content\\\/uploads\\\/2023\\\/03\\\/novice_si.png\",\"contentUrl\":\"https:\\\/\\\/novice.si\\\/page\\\/wp-content\\\/uploads\\\/2023\\\/03\\\/novice_si.png\",\"width\":576,\"height\":200,\"caption\":\"Novice.si\"},\"image\":{\"@id\":\"https:\\\/\\\/novice.si\\\/page\\\/#\\\/schema\\\/logo\\\/image\\\/\"}},{\"@type\":\"Person\",\"@id\":\"https:\\\/\\\/novice.si\\\/page\\\/#\\\/schema\\\/person\\\/51903923b50fefb075bc1cd24fe4d065\",\"name\":\"Uredni\u0161tvo Celjana\",\"image\":{\"@type\":\"ImageObject\",\"inLanguage\":\"sl-SI\",\"@id\":\"https:\\\/\\\/secure.gravatar.com\\\/avatar\\\/b516f102aa90b53619e09722b8ea56721c99bfcb4f1035f9b333d99f52330226?s=96&d=mm&r=g\",\"url\":\"https:\\\/\\\/secure.gravatar.com\\\/avatar\\\/b516f102aa90b53619e09722b8ea56721c99bfcb4f1035f9b333d99f52330226?s=96&d=mm&r=g\",\"contentUrl\":\"https:\\\/\\\/secure.gravatar.com\\\/avatar\\\/b516f102aa90b53619e09722b8ea56721c99bfcb4f1035f9b333d99f52330226?s=96&d=mm&r=g\",\"caption\":\"Uredni\u0161tvo Celjana\"},\"url\":\"https:\\\/\\\/novice.si\\\/page\\\/author\\\/nejc\\\/\"}]}<\/script>\n<!-- \/ Yoast SEO plugin. -->","yoast_head_json":{"title":"KULTURA LITERATURA Karel Destovnik Kajuh ve\u010dni mir na\u0161el v \u010detrtem grobu - Novice.si","robots":{"index":"index","follow":"follow","max-snippet":"max-snippet:-1","max-image-preview":"max-image-preview:large","max-video-preview":"max-video-preview:-1"},"canonical":"https:\/\/novice.si\/page\/kultura-literatura-karel-destovnik-kajuh-vecni-mir-nasel-v-cetrtem-grobu\/","og_locale":"sl_SI","og_type":"article","og_title":"KULTURA LITERATURA Karel Destovnik Kajuh ve\u010dni mir na\u0161el v \u010detrtem grobu - Novice.si","og_description":"\u0160o\u0161tanj\u010dani in tudi Velenj\u010dani so Kajuhovo leto obele\u017eili \u017ee lani, na kar smo spomnili tudi v Kulturi literaturi. Ker pa je nacionalno Kajuhovo leto letos, smo pripravili \u0161e nekaj zanimivosti o sicer kratkem \u017eivljenju narodnega heroja. Karol Vasle se je rodil v precej premo\u017eno okolje \u2013 dru\u017eina Marije Vasle je namre\u010d imela hotel Austria, kasneje [&hellip;]","og_url":"https:\/\/novice.si\/page\/kultura-literatura-karel-destovnik-kajuh-vecni-mir-nasel-v-cetrtem-grobu\/","og_site_name":"Novice.si","article_published_time":"2023-04-27T09:32:25+00:00","og_image":[{"width":800,"height":600,"url":"https:\/\/novice.si\/page\/wp-content\/uploads\/2023\/04\/getimage_class-2.jpg","type":"image\/jpeg"}],"author":"Uredni\u0161tvo Celjana","twitter_card":"summary_large_image","twitter_misc":{"Written by":"Uredni\u0161tvo Celjana","Est. reading time":"3 minute"},"schema":{"@context":"https:\/\/schema.org","@graph":[{"@type":"Article","@id":"https:\/\/novice.si\/page\/kultura-literatura-karel-destovnik-kajuh-vecni-mir-nasel-v-cetrtem-grobu\/#article","isPartOf":{"@id":"https:\/\/novice.si\/page\/kultura-literatura-karel-destovnik-kajuh-vecni-mir-nasel-v-cetrtem-grobu\/"},"author":{"name":"Uredni\u0161tvo Celjana","@id":"https:\/\/novice.si\/page\/#\/schema\/person\/51903923b50fefb075bc1cd24fe4d065"},"headline":"KULTURA LITERATURA Karel Destovnik Kajuh ve\u010dni mir na\u0161el v \u010detrtem grobu","datePublished":"2023-04-27T09:32:25+00:00","mainEntityOfPage":{"@id":"https:\/\/novice.si\/page\/kultura-literatura-karel-destovnik-kajuh-vecni-mir-nasel-v-cetrtem-grobu\/"},"wordCount":343,"publisher":{"@id":"https:\/\/novice.si\/page\/#organization"},"image":{"@id":"https:\/\/novice.si\/page\/kultura-literatura-karel-destovnik-kajuh-vecni-mir-nasel-v-cetrtem-grobu\/#primaryimage"},"thumbnailUrl":"https:\/\/novice.si\/page\/wp-content\/uploads\/2023\/04\/getimage_class-2.jpg","keywords":["karel destovnik kajuh"],"articleSection":["Aktualno","\u010casopisi","Celjsko","Dru\u017eabno","Konji\u0161ko","Novice","Radio Rogla"],"inLanguage":"sl-SI"},{"@type":"WebPage","@id":"https:\/\/novice.si\/page\/kultura-literatura-karel-destovnik-kajuh-vecni-mir-nasel-v-cetrtem-grobu\/","url":"https:\/\/novice.si\/page\/kultura-literatura-karel-destovnik-kajuh-vecni-mir-nasel-v-cetrtem-grobu\/","name":"KULTURA LITERATURA Karel Destovnik Kajuh ve\u010dni mir na\u0161el v \u010detrtem grobu - Novice.si","isPartOf":{"@id":"https:\/\/novice.si\/page\/#website"},"primaryImageOfPage":{"@id":"https:\/\/novice.si\/page\/kultura-literatura-karel-destovnik-kajuh-vecni-mir-nasel-v-cetrtem-grobu\/#primaryimage"},"image":{"@id":"https:\/\/novice.si\/page\/kultura-literatura-karel-destovnik-kajuh-vecni-mir-nasel-v-cetrtem-grobu\/#primaryimage"},"thumbnailUrl":"https:\/\/novice.si\/page\/wp-content\/uploads\/2023\/04\/getimage_class-2.jpg","datePublished":"2023-04-27T09:32:25+00:00","breadcrumb":{"@id":"https:\/\/novice.si\/page\/kultura-literatura-karel-destovnik-kajuh-vecni-mir-nasel-v-cetrtem-grobu\/#breadcrumb"},"inLanguage":"sl-SI","potentialAction":[{"@type":"ReadAction","target":["https:\/\/novice.si\/page\/kultura-literatura-karel-destovnik-kajuh-vecni-mir-nasel-v-cetrtem-grobu\/"]}]},{"@type":"ImageObject","inLanguage":"sl-SI","@id":"https:\/\/novice.si\/page\/kultura-literatura-karel-destovnik-kajuh-vecni-mir-nasel-v-cetrtem-grobu\/#primaryimage","url":"https:\/\/novice.si\/page\/wp-content\/uploads\/2023\/04\/getimage_class-2.jpg","contentUrl":"https:\/\/novice.si\/page\/wp-content\/uploads\/2023\/04\/getimage_class-2.jpg","width":800,"height":600},{"@type":"BreadcrumbList","@id":"https:\/\/novice.si\/page\/kultura-literatura-karel-destovnik-kajuh-vecni-mir-nasel-v-cetrtem-grobu\/#breadcrumb","itemListElement":[{"@type":"ListItem","position":1,"name":"Home","item":"https:\/\/novice.si\/page\/"},{"@type":"ListItem","position":2,"name":"KULTURA LITERATURA Karel Destovnik Kajuh ve\u010dni mir na\u0161el v \u010detrtem grobu"}]},{"@type":"WebSite","@id":"https:\/\/novice.si\/page\/#website","url":"https:\/\/novice.si\/page\/","name":"Novice.si","description":"","publisher":{"@id":"https:\/\/novice.si\/page\/#organization"},"potentialAction":[{"@type":"SearchAction","target":{"@type":"EntryPoint","urlTemplate":"https:\/\/novice.si\/page\/?s={search_term_string}"},"query-input":{"@type":"PropertyValueSpecification","valueRequired":true,"valueName":"search_term_string"}}],"inLanguage":"sl-SI"},{"@type":"Organization","@id":"https:\/\/novice.si\/page\/#organization","name":"Novice.si","url":"https:\/\/novice.si\/page\/","logo":{"@type":"ImageObject","inLanguage":"sl-SI","@id":"https:\/\/novice.si\/page\/#\/schema\/logo\/image\/","url":"https:\/\/novice.si\/page\/wp-content\/uploads\/2023\/03\/novice_si.png","contentUrl":"https:\/\/novice.si\/page\/wp-content\/uploads\/2023\/03\/novice_si.png","width":576,"height":200,"caption":"Novice.si"},"image":{"@id":"https:\/\/novice.si\/page\/#\/schema\/logo\/image\/"}},{"@type":"Person","@id":"https:\/\/novice.si\/page\/#\/schema\/person\/51903923b50fefb075bc1cd24fe4d065","name":"Uredni\u0161tvo Celjana","image":{"@type":"ImageObject","inLanguage":"sl-SI","@id":"https:\/\/secure.gravatar.com\/avatar\/b516f102aa90b53619e09722b8ea56721c99bfcb4f1035f9b333d99f52330226?s=96&d=mm&r=g","url":"https:\/\/secure.gravatar.com\/avatar\/b516f102aa90b53619e09722b8ea56721c99bfcb4f1035f9b333d99f52330226?s=96&d=mm&r=g","contentUrl":"https:\/\/secure.gravatar.com\/avatar\/b516f102aa90b53619e09722b8ea56721c99bfcb4f1035f9b333d99f52330226?s=96&d=mm&r=g","caption":"Uredni\u0161tvo Celjana"},"url":"https:\/\/novice.si\/page\/author\/nejc\/"}]}},"_links":{"self":[{"href":"https:\/\/novice.si\/page\/wp-json\/wp\/v2\/posts\/162109","targetHints":{"allow":["GET"]}}],"collection":[{"href":"https:\/\/novice.si\/page\/wp-json\/wp\/v2\/posts"}],"about":[{"href":"https:\/\/novice.si\/page\/wp-json\/wp\/v2\/types\/post"}],"author":[{"embeddable":true,"href":"https:\/\/novice.si\/page\/wp-json\/wp\/v2\/users\/12"}],"replies":[{"embeddable":true,"href":"https:\/\/novice.si\/page\/wp-json\/wp\/v2\/comments?post=162109"}],"version-history":[{"count":1,"href":"https:\/\/novice.si\/page\/wp-json\/wp\/v2\/posts\/162109\/revisions"}],"predecessor-version":[{"id":162114,"href":"https:\/\/novice.si\/page\/wp-json\/wp\/v2\/posts\/162109\/revisions\/162114"}],"wp:featuredmedia":[{"embeddable":true,"href":"https:\/\/novice.si\/page\/wp-json\/wp\/v2\/media\/162111"}],"wp:attachment":[{"href":"https:\/\/novice.si\/page\/wp-json\/wp\/v2\/media?parent=162109"}],"wp:term":[{"taxonomy":"category","embeddable":true,"href":"https:\/\/novice.si\/page\/wp-json\/wp\/v2\/categories?post=162109"},{"taxonomy":"post_tag","embeddable":true,"href":"https:\/\/novice.si\/page\/wp-json\/wp\/v2\/tags?post=162109"}],"curies":[{"name":"wp","href":"https:\/\/api.w.org\/{rel}","templated":true}]}}