{"id":162020,"date":"2023-04-24T21:40:28","date_gmt":"2023-04-24T19:40:28","guid":{"rendered":"https:\/\/novice.si\/page\/?p=162020"},"modified":"2023-04-24T21:40:28","modified_gmt":"2023-04-24T19:40:28","slug":"celje-maribor-sodisce-v-aferi-uhajanja-preiskovalnih-podatkov-opravilo-se-s-soobtozenci","status":"publish","type":"post","link":"https:\/\/novice.si\/page\/celje-maribor-sodisce-v-aferi-uhajanja-preiskovalnih-podatkov-opravilo-se-s-soobtozenci\/","title":{"rendered":"CELJE MARIBOR Sodi\u0161\u010de v aferi uhajanja preiskovalnih podatkov opravilo \u0161e s soobto\u017eenci"},"content":{"rendered":"<p>Potem, ko na mariborskem sodi\u0161\u010du zaradi izdaje tajnih podatkov pred letom dni obsodili zapisnikarja preiskovalnega oddelka celjskega sodi\u0161\u010da <strong>Vojka Tadino<\/strong>, ki bo v zaporu ostal pet let, so zdaj izrekli sodbe \u0161e soobto\u017eenim <strong>Gregorju Tanj\u0161ku<\/strong>, <strong>Miranu Despotu<\/strong> in <strong>Maticu Mlakarju<\/strong>.<\/p>\n<p><img loading=\"lazy\" decoding=\"async\" class=\" wp-image-162021 alignleft\" src=\"https:\/\/novice.si\/page\/wp-content\/uploads\/2023\/04\/sodisce-maribor-e1682365128883-600x441.jpeg\" alt=\"\" width=\"473\" height=\"348\" srcset=\"https:\/\/novice.si\/page\/wp-content\/uploads\/2023\/04\/sodisce-maribor-e1682365128883-600x441.jpeg 600w, https:\/\/novice.si\/page\/wp-content\/uploads\/2023\/04\/sodisce-maribor-e1682365128883-768x565.jpeg 768w, https:\/\/novice.si\/page\/wp-content\/uploads\/2023\/04\/sodisce-maribor-e1682365128883-80x60.jpeg 80w, https:\/\/novice.si\/page\/wp-content\/uploads\/2023\/04\/sodisce-maribor-e1682365128883-696x512.jpeg 696w, https:\/\/novice.si\/page\/wp-content\/uploads\/2023\/04\/sodisce-maribor-e1682365128883-571x420.jpeg 571w, https:\/\/novice.si\/page\/wp-content\/uploads\/2023\/04\/sodisce-maribor-e1682365128883-24x18.jpeg 24w, https:\/\/novice.si\/page\/wp-content\/uploads\/2023\/04\/sodisce-maribor-e1682365128883-36x26.jpeg 36w, https:\/\/novice.si\/page\/wp-content\/uploads\/2023\/04\/sodisce-maribor-e1682365128883-48x35.jpeg 48w, https:\/\/novice.si\/page\/wp-content\/uploads\/2023\/04\/sodisce-maribor-e1682365128883.jpeg 935w\" sizes=\"auto, (max-width: 473px) 100vw, 473px\" \/>Tan\u0161ek je dobil \u0161est mesecev, Despot pa leto dni pogojnega zapora (pla\u010dati bo moral \u0161e stransko kazen 1150 evrov) zaradi pomo\u010di pri kaznivem dejanju, oba s preizkusno dobo dveh let, medtem ko so Mlakarja oprostili. Krivdo je priznal le prvoobto\u017eeni Tadina, ki se je za kazen pogodil s to\u017eilstvom.<\/p>\n<p>Afera z uhajanjem ob\u010dutljivih podatkov iz celjskega sodi\u0161\u010da je izbruhnila predlani, ko so kriminalisti posumili, da ti prihajajo v roke kriminalnih zdru\u017eb, ki so bile ob policijskih akcijah vselej korak pred njimi.<\/p>\n<p>Sodba \u0161e ni pravnomo\u010dna.<\/p>\n<p>P\u0160<\/p>\n","protected":false},"excerpt":{"rendered":"<p>Potem, ko na mariborskem sodi\u0161\u010du zaradi izdaje tajnih podatkov pred letom dni obsodili zapisnikarja preiskovalnega oddelka celjskega sodi\u0161\u010da Vojka Tadino, ki bo v zaporu ostal pet let, so zdaj izrekli sodbe \u0161e soobto\u017eenim Gregorju Tanj\u0161ku, Miranu Despotu in Maticu Mlakarju. Tan\u0161ek je dobil \u0161est mesecev, Despot pa leto dni pogojnega zapora (pla\u010dati bo moral \u0161e [&hellip;]<\/p>\n","protected":false},"author":33,"featured_media":162022,"comment_status":"closed","ping_status":"closed","sticky":false,"template":"","format":"standard","meta":{"footnotes":""},"categories":[14,17,29],"tags":[15463,12223,17625,17623,17624,12288],"class_list":{"0":"post-162020","1":"post","2":"type-post","3":"status-publish","4":"format-standard","5":"has-post-thumbnail","7":"category-aktualno","8":"category-celjsko","9":"category-kronika","10":"tag-okrajno-sodisce-v-celju","11":"tag-preiskovalni-oddelek","12":"tag-sodba-soobtozeni","13":"tag-sodisce-v-mariboru","14":"tag-uhajanje-podatkov","15":"tag-vojko-tadina"},"yoast_head":"<!-- This site is optimized with the Yoast SEO plugin v27.4 - https:\/\/yoast.com\/product\/yoast-seo-wordpress\/ -->\n<title>CELJE MARIBOR Sodi\u0161\u010de v aferi uhajanja preiskovalnih podatkov opravilo \u0161e s soobto\u017eenci - Novice.si<\/title>\n<meta name=\"robots\" content=\"index, follow, max-snippet:-1, max-image-preview:large, max-video-preview:-1\" \/>\n<link rel=\"canonical\" href=\"https:\/\/novice.si\/page\/celje-maribor-sodisce-v-aferi-uhajanja-preiskovalnih-podatkov-opravilo-se-s-soobtozenci\/\" \/>\n<meta property=\"og:locale\" content=\"sl_SI\" \/>\n<meta property=\"og:type\" content=\"article\" \/>\n<meta property=\"og:title\" content=\"CELJE MARIBOR Sodi\u0161\u010de v aferi uhajanja preiskovalnih podatkov opravilo \u0161e s soobto\u017eenci - Novice.si\" \/>\n<meta property=\"og:description\" content=\"Potem, ko na mariborskem sodi\u0161\u010du zaradi izdaje tajnih podatkov pred letom dni obsodili zapisnikarja preiskovalnega oddelka celjskega sodi\u0161\u010da Vojka Tadino, ki bo v zaporu ostal pet let, so zdaj izrekli sodbe \u0161e soobto\u017eenim Gregorju Tanj\u0161ku, Miranu Despotu in Maticu Mlakarju. Tan\u0161ek je dobil \u0161est mesecev, Despot pa leto dni pogojnega zapora (pla\u010dati bo moral \u0161e [&hellip;]\" \/>\n<meta property=\"og:url\" content=\"https:\/\/novice.si\/page\/celje-maribor-sodisce-v-aferi-uhajanja-preiskovalnih-podatkov-opravilo-se-s-soobtozenci\/\" \/>\n<meta property=\"og:site_name\" content=\"Novice.si\" \/>\n<meta property=\"article:published_time\" content=\"2023-04-24T19:40:28+00:00\" \/>\n<meta property=\"og:image\" content=\"https:\/\/novice.si\/page\/wp-content\/uploads\/2023\/04\/Okrozno-sodisce-Maribor-e1682365066645.jpg\" \/>\n\t<meta property=\"og:image:width\" content=\"625\" \/>\n\t<meta property=\"og:image:height\" content=\"377\" \/>\n\t<meta property=\"og:image:type\" content=\"image\/jpeg\" \/>\n<meta name=\"author\" content=\"Uredni\u0161tvo Celjana\" \/>\n<meta name=\"twitter:card\" content=\"summary_large_image\" \/>\n<meta name=\"twitter:label1\" content=\"Written by\" \/>\n\t<meta name=\"twitter:data1\" content=\"Uredni\u0161tvo Celjana\" \/>\n\t<meta name=\"twitter:label2\" content=\"Est. reading time\" \/>\n\t<meta name=\"twitter:data2\" content=\"1 minuta\" \/>\n<script type=\"application\/ld+json\" class=\"yoast-schema-graph\">{\"@context\":\"https:\\\/\\\/schema.org\",\"@graph\":[{\"@type\":\"Article\",\"@id\":\"https:\\\/\\\/novice.si\\\/page\\\/celje-maribor-sodisce-v-aferi-uhajanja-preiskovalnih-podatkov-opravilo-se-s-soobtozenci\\\/#article\",\"isPartOf\":{\"@id\":\"https:\\\/\\\/novice.si\\\/page\\\/celje-maribor-sodisce-v-aferi-uhajanja-preiskovalnih-podatkov-opravilo-se-s-soobtozenci\\\/\"},\"author\":{\"name\":\"Uredni\u0161tvo Celjana\",\"@id\":\"https:\\\/\\\/novice.si\\\/page\\\/#\\\/schema\\\/person\\\/57f25c9642a9541c7349c65d32032c3e\"},\"headline\":\"CELJE MARIBOR Sodi\u0161\u010de v aferi uhajanja preiskovalnih podatkov opravilo \u0161e s soobto\u017eenci\",\"datePublished\":\"2023-04-24T19:40:28+00:00\",\"mainEntityOfPage\":{\"@id\":\"https:\\\/\\\/novice.si\\\/page\\\/celje-maribor-sodisce-v-aferi-uhajanja-preiskovalnih-podatkov-opravilo-se-s-soobtozenci\\\/\"},\"wordCount\":152,\"publisher\":{\"@id\":\"https:\\\/\\\/novice.si\\\/page\\\/#organization\"},\"image\":{\"@id\":\"https:\\\/\\\/novice.si\\\/page\\\/celje-maribor-sodisce-v-aferi-uhajanja-preiskovalnih-podatkov-opravilo-se-s-soobtozenci\\\/#primaryimage\"},\"thumbnailUrl\":\"https:\\\/\\\/novice.si\\\/page\\\/wp-content\\\/uploads\\\/2023\\\/04\\\/Okrozno-sodisce-Maribor-e1682365066645.jpg\",\"keywords\":[\"okrajno sodi\u0161\u010de v Celju\",\"preiskovalni oddelek\",\"sodba soobto\u017eeni\",\"sodi\u0161\u010de v mariboru\",\"uhajanje podatkov\",\"Vojko Tadina\"],\"articleSection\":[\"Aktualno\",\"Celjsko\",\"Kronika\"],\"inLanguage\":\"sl-SI\"},{\"@type\":\"WebPage\",\"@id\":\"https:\\\/\\\/novice.si\\\/page\\\/celje-maribor-sodisce-v-aferi-uhajanja-preiskovalnih-podatkov-opravilo-se-s-soobtozenci\\\/\",\"url\":\"https:\\\/\\\/novice.si\\\/page\\\/celje-maribor-sodisce-v-aferi-uhajanja-preiskovalnih-podatkov-opravilo-se-s-soobtozenci\\\/\",\"name\":\"CELJE MARIBOR Sodi\u0161\u010de v aferi uhajanja preiskovalnih podatkov opravilo \u0161e s soobto\u017eenci - Novice.si\",\"isPartOf\":{\"@id\":\"https:\\\/\\\/novice.si\\\/page\\\/#website\"},\"primaryImageOfPage\":{\"@id\":\"https:\\\/\\\/novice.si\\\/page\\\/celje-maribor-sodisce-v-aferi-uhajanja-preiskovalnih-podatkov-opravilo-se-s-soobtozenci\\\/#primaryimage\"},\"image\":{\"@id\":\"https:\\\/\\\/novice.si\\\/page\\\/celje-maribor-sodisce-v-aferi-uhajanja-preiskovalnih-podatkov-opravilo-se-s-soobtozenci\\\/#primaryimage\"},\"thumbnailUrl\":\"https:\\\/\\\/novice.si\\\/page\\\/wp-content\\\/uploads\\\/2023\\\/04\\\/Okrozno-sodisce-Maribor-e1682365066645.jpg\",\"datePublished\":\"2023-04-24T19:40:28+00:00\",\"breadcrumb\":{\"@id\":\"https:\\\/\\\/novice.si\\\/page\\\/celje-maribor-sodisce-v-aferi-uhajanja-preiskovalnih-podatkov-opravilo-se-s-soobtozenci\\\/#breadcrumb\"},\"inLanguage\":\"sl-SI\",\"potentialAction\":[{\"@type\":\"ReadAction\",\"target\":[\"https:\\\/\\\/novice.si\\\/page\\\/celje-maribor-sodisce-v-aferi-uhajanja-preiskovalnih-podatkov-opravilo-se-s-soobtozenci\\\/\"]}]},{\"@type\":\"ImageObject\",\"inLanguage\":\"sl-SI\",\"@id\":\"https:\\\/\\\/novice.si\\\/page\\\/celje-maribor-sodisce-v-aferi-uhajanja-preiskovalnih-podatkov-opravilo-se-s-soobtozenci\\\/#primaryimage\",\"url\":\"https:\\\/\\\/novice.si\\\/page\\\/wp-content\\\/uploads\\\/2023\\\/04\\\/Okrozno-sodisce-Maribor-e1682365066645.jpg\",\"contentUrl\":\"https:\\\/\\\/novice.si\\\/page\\\/wp-content\\\/uploads\\\/2023\\\/04\\\/Okrozno-sodisce-Maribor-e1682365066645.jpg\",\"width\":625,\"height\":377},{\"@type\":\"BreadcrumbList\",\"@id\":\"https:\\\/\\\/novice.si\\\/page\\\/celje-maribor-sodisce-v-aferi-uhajanja-preiskovalnih-podatkov-opravilo-se-s-soobtozenci\\\/#breadcrumb\",\"itemListElement\":[{\"@type\":\"ListItem\",\"position\":1,\"name\":\"Home\",\"item\":\"https:\\\/\\\/novice.si\\\/page\\\/\"},{\"@type\":\"ListItem\",\"position\":2,\"name\":\"CELJE MARIBOR Sodi\u0161\u010de v aferi uhajanja preiskovalnih podatkov opravilo \u0161e s soobto\u017eenci\"}]},{\"@type\":\"WebSite\",\"@id\":\"https:\\\/\\\/novice.si\\\/page\\\/#website\",\"url\":\"https:\\\/\\\/novice.si\\\/page\\\/\",\"name\":\"Novice.si\",\"description\":\"\",\"publisher\":{\"@id\":\"https:\\\/\\\/novice.si\\\/page\\\/#organization\"},\"potentialAction\":[{\"@type\":\"SearchAction\",\"target\":{\"@type\":\"EntryPoint\",\"urlTemplate\":\"https:\\\/\\\/novice.si\\\/page\\\/?s={search_term_string}\"},\"query-input\":{\"@type\":\"PropertyValueSpecification\",\"valueRequired\":true,\"valueName\":\"search_term_string\"}}],\"inLanguage\":\"sl-SI\"},{\"@type\":\"Organization\",\"@id\":\"https:\\\/\\\/novice.si\\\/page\\\/#organization\",\"name\":\"Novice.si\",\"url\":\"https:\\\/\\\/novice.si\\\/page\\\/\",\"logo\":{\"@type\":\"ImageObject\",\"inLanguage\":\"sl-SI\",\"@id\":\"https:\\\/\\\/novice.si\\\/page\\\/#\\\/schema\\\/logo\\\/image\\\/\",\"url\":\"https:\\\/\\\/novice.si\\\/page\\\/wp-content\\\/uploads\\\/2023\\\/03\\\/novice_si.png\",\"contentUrl\":\"https:\\\/\\\/novice.si\\\/page\\\/wp-content\\\/uploads\\\/2023\\\/03\\\/novice_si.png\",\"width\":576,\"height\":200,\"caption\":\"Novice.si\"},\"image\":{\"@id\":\"https:\\\/\\\/novice.si\\\/page\\\/#\\\/schema\\\/logo\\\/image\\\/\"}},{\"@type\":\"Person\",\"@id\":\"https:\\\/\\\/novice.si\\\/page\\\/#\\\/schema\\\/person\\\/57f25c9642a9541c7349c65d32032c3e\",\"name\":\"Uredni\u0161tvo Celjana\",\"image\":{\"@type\":\"ImageObject\",\"inLanguage\":\"sl-SI\",\"@id\":\"https:\\\/\\\/secure.gravatar.com\\\/avatar\\\/78e52bc4279b65f6df6345e0ef0f7b792d361361f230cf4ffecfe0afe6d5629c?s=96&d=mm&r=g\",\"url\":\"https:\\\/\\\/secure.gravatar.com\\\/avatar\\\/78e52bc4279b65f6df6345e0ef0f7b792d361361f230cf4ffecfe0afe6d5629c?s=96&d=mm&r=g\",\"contentUrl\":\"https:\\\/\\\/secure.gravatar.com\\\/avatar\\\/78e52bc4279b65f6df6345e0ef0f7b792d361361f230cf4ffecfe0afe6d5629c?s=96&d=mm&r=g\",\"caption\":\"Uredni\u0161tvo Celjana\"},\"url\":\"https:\\\/\\\/novice.si\\\/page\\\/author\\\/primoz\\\/\"}]}<\/script>\n<!-- \/ Yoast SEO plugin. -->","yoast_head_json":{"title":"CELJE MARIBOR Sodi\u0161\u010de v aferi uhajanja preiskovalnih podatkov opravilo \u0161e s soobto\u017eenci - Novice.si","robots":{"index":"index","follow":"follow","max-snippet":"max-snippet:-1","max-image-preview":"max-image-preview:large","max-video-preview":"max-video-preview:-1"},"canonical":"https:\/\/novice.si\/page\/celje-maribor-sodisce-v-aferi-uhajanja-preiskovalnih-podatkov-opravilo-se-s-soobtozenci\/","og_locale":"sl_SI","og_type":"article","og_title":"CELJE MARIBOR Sodi\u0161\u010de v aferi uhajanja preiskovalnih podatkov opravilo \u0161e s soobto\u017eenci - Novice.si","og_description":"Potem, ko na mariborskem sodi\u0161\u010du zaradi izdaje tajnih podatkov pred letom dni obsodili zapisnikarja preiskovalnega oddelka celjskega sodi\u0161\u010da Vojka Tadino, ki bo v zaporu ostal pet let, so zdaj izrekli sodbe \u0161e soobto\u017eenim Gregorju Tanj\u0161ku, Miranu Despotu in Maticu Mlakarju. Tan\u0161ek je dobil \u0161est mesecev, Despot pa leto dni pogojnega zapora (pla\u010dati bo moral \u0161e [&hellip;]","og_url":"https:\/\/novice.si\/page\/celje-maribor-sodisce-v-aferi-uhajanja-preiskovalnih-podatkov-opravilo-se-s-soobtozenci\/","og_site_name":"Novice.si","article_published_time":"2023-04-24T19:40:28+00:00","og_image":[{"width":625,"height":377,"url":"https:\/\/novice.si\/page\/wp-content\/uploads\/2023\/04\/Okrozno-sodisce-Maribor-e1682365066645.jpg","type":"image\/jpeg"}],"author":"Uredni\u0161tvo Celjana","twitter_card":"summary_large_image","twitter_misc":{"Written by":"Uredni\u0161tvo Celjana","Est. reading time":"1 minuta"},"schema":{"@context":"https:\/\/schema.org","@graph":[{"@type":"Article","@id":"https:\/\/novice.si\/page\/celje-maribor-sodisce-v-aferi-uhajanja-preiskovalnih-podatkov-opravilo-se-s-soobtozenci\/#article","isPartOf":{"@id":"https:\/\/novice.si\/page\/celje-maribor-sodisce-v-aferi-uhajanja-preiskovalnih-podatkov-opravilo-se-s-soobtozenci\/"},"author":{"name":"Uredni\u0161tvo Celjana","@id":"https:\/\/novice.si\/page\/#\/schema\/person\/57f25c9642a9541c7349c65d32032c3e"},"headline":"CELJE MARIBOR Sodi\u0161\u010de v aferi uhajanja preiskovalnih podatkov opravilo \u0161e s soobto\u017eenci","datePublished":"2023-04-24T19:40:28+00:00","mainEntityOfPage":{"@id":"https:\/\/novice.si\/page\/celje-maribor-sodisce-v-aferi-uhajanja-preiskovalnih-podatkov-opravilo-se-s-soobtozenci\/"},"wordCount":152,"publisher":{"@id":"https:\/\/novice.si\/page\/#organization"},"image":{"@id":"https:\/\/novice.si\/page\/celje-maribor-sodisce-v-aferi-uhajanja-preiskovalnih-podatkov-opravilo-se-s-soobtozenci\/#primaryimage"},"thumbnailUrl":"https:\/\/novice.si\/page\/wp-content\/uploads\/2023\/04\/Okrozno-sodisce-Maribor-e1682365066645.jpg","keywords":["okrajno sodi\u0161\u010de v Celju","preiskovalni oddelek","sodba soobto\u017eeni","sodi\u0161\u010de v mariboru","uhajanje podatkov","Vojko Tadina"],"articleSection":["Aktualno","Celjsko","Kronika"],"inLanguage":"sl-SI"},{"@type":"WebPage","@id":"https:\/\/novice.si\/page\/celje-maribor-sodisce-v-aferi-uhajanja-preiskovalnih-podatkov-opravilo-se-s-soobtozenci\/","url":"https:\/\/novice.si\/page\/celje-maribor-sodisce-v-aferi-uhajanja-preiskovalnih-podatkov-opravilo-se-s-soobtozenci\/","name":"CELJE MARIBOR Sodi\u0161\u010de v aferi uhajanja preiskovalnih podatkov opravilo \u0161e s soobto\u017eenci - Novice.si","isPartOf":{"@id":"https:\/\/novice.si\/page\/#website"},"primaryImageOfPage":{"@id":"https:\/\/novice.si\/page\/celje-maribor-sodisce-v-aferi-uhajanja-preiskovalnih-podatkov-opravilo-se-s-soobtozenci\/#primaryimage"},"image":{"@id":"https:\/\/novice.si\/page\/celje-maribor-sodisce-v-aferi-uhajanja-preiskovalnih-podatkov-opravilo-se-s-soobtozenci\/#primaryimage"},"thumbnailUrl":"https:\/\/novice.si\/page\/wp-content\/uploads\/2023\/04\/Okrozno-sodisce-Maribor-e1682365066645.jpg","datePublished":"2023-04-24T19:40:28+00:00","breadcrumb":{"@id":"https:\/\/novice.si\/page\/celje-maribor-sodisce-v-aferi-uhajanja-preiskovalnih-podatkov-opravilo-se-s-soobtozenci\/#breadcrumb"},"inLanguage":"sl-SI","potentialAction":[{"@type":"ReadAction","target":["https:\/\/novice.si\/page\/celje-maribor-sodisce-v-aferi-uhajanja-preiskovalnih-podatkov-opravilo-se-s-soobtozenci\/"]}]},{"@type":"ImageObject","inLanguage":"sl-SI","@id":"https:\/\/novice.si\/page\/celje-maribor-sodisce-v-aferi-uhajanja-preiskovalnih-podatkov-opravilo-se-s-soobtozenci\/#primaryimage","url":"https:\/\/novice.si\/page\/wp-content\/uploads\/2023\/04\/Okrozno-sodisce-Maribor-e1682365066645.jpg","contentUrl":"https:\/\/novice.si\/page\/wp-content\/uploads\/2023\/04\/Okrozno-sodisce-Maribor-e1682365066645.jpg","width":625,"height":377},{"@type":"BreadcrumbList","@id":"https:\/\/novice.si\/page\/celje-maribor-sodisce-v-aferi-uhajanja-preiskovalnih-podatkov-opravilo-se-s-soobtozenci\/#breadcrumb","itemListElement":[{"@type":"ListItem","position":1,"name":"Home","item":"https:\/\/novice.si\/page\/"},{"@type":"ListItem","position":2,"name":"CELJE MARIBOR Sodi\u0161\u010de v aferi uhajanja preiskovalnih podatkov opravilo \u0161e s soobto\u017eenci"}]},{"@type":"WebSite","@id":"https:\/\/novice.si\/page\/#website","url":"https:\/\/novice.si\/page\/","name":"Novice.si","description":"","publisher":{"@id":"https:\/\/novice.si\/page\/#organization"},"potentialAction":[{"@type":"SearchAction","target":{"@type":"EntryPoint","urlTemplate":"https:\/\/novice.si\/page\/?s={search_term_string}"},"query-input":{"@type":"PropertyValueSpecification","valueRequired":true,"valueName":"search_term_string"}}],"inLanguage":"sl-SI"},{"@type":"Organization","@id":"https:\/\/novice.si\/page\/#organization","name":"Novice.si","url":"https:\/\/novice.si\/page\/","logo":{"@type":"ImageObject","inLanguage":"sl-SI","@id":"https:\/\/novice.si\/page\/#\/schema\/logo\/image\/","url":"https:\/\/novice.si\/page\/wp-content\/uploads\/2023\/03\/novice_si.png","contentUrl":"https:\/\/novice.si\/page\/wp-content\/uploads\/2023\/03\/novice_si.png","width":576,"height":200,"caption":"Novice.si"},"image":{"@id":"https:\/\/novice.si\/page\/#\/schema\/logo\/image\/"}},{"@type":"Person","@id":"https:\/\/novice.si\/page\/#\/schema\/person\/57f25c9642a9541c7349c65d32032c3e","name":"Uredni\u0161tvo Celjana","image":{"@type":"ImageObject","inLanguage":"sl-SI","@id":"https:\/\/secure.gravatar.com\/avatar\/78e52bc4279b65f6df6345e0ef0f7b792d361361f230cf4ffecfe0afe6d5629c?s=96&d=mm&r=g","url":"https:\/\/secure.gravatar.com\/avatar\/78e52bc4279b65f6df6345e0ef0f7b792d361361f230cf4ffecfe0afe6d5629c?s=96&d=mm&r=g","contentUrl":"https:\/\/secure.gravatar.com\/avatar\/78e52bc4279b65f6df6345e0ef0f7b792d361361f230cf4ffecfe0afe6d5629c?s=96&d=mm&r=g","caption":"Uredni\u0161tvo Celjana"},"url":"https:\/\/novice.si\/page\/author\/primoz\/"}]}},"_links":{"self":[{"href":"https:\/\/novice.si\/page\/wp-json\/wp\/v2\/posts\/162020","targetHints":{"allow":["GET"]}}],"collection":[{"href":"https:\/\/novice.si\/page\/wp-json\/wp\/v2\/posts"}],"about":[{"href":"https:\/\/novice.si\/page\/wp-json\/wp\/v2\/types\/post"}],"author":[{"embeddable":true,"href":"https:\/\/novice.si\/page\/wp-json\/wp\/v2\/users\/33"}],"replies":[{"embeddable":true,"href":"https:\/\/novice.si\/page\/wp-json\/wp\/v2\/comments?post=162020"}],"version-history":[{"count":1,"href":"https:\/\/novice.si\/page\/wp-json\/wp\/v2\/posts\/162020\/revisions"}],"predecessor-version":[{"id":162023,"href":"https:\/\/novice.si\/page\/wp-json\/wp\/v2\/posts\/162020\/revisions\/162023"}],"wp:featuredmedia":[{"embeddable":true,"href":"https:\/\/novice.si\/page\/wp-json\/wp\/v2\/media\/162022"}],"wp:attachment":[{"href":"https:\/\/novice.si\/page\/wp-json\/wp\/v2\/media?parent=162020"}],"wp:term":[{"taxonomy":"category","embeddable":true,"href":"https:\/\/novice.si\/page\/wp-json\/wp\/v2\/categories?post=162020"},{"taxonomy":"post_tag","embeddable":true,"href":"https:\/\/novice.si\/page\/wp-json\/wp\/v2\/tags?post=162020"}],"curies":[{"name":"wp","href":"https:\/\/api.w.org\/{rel}","templated":true}]}}