{"id":162015,"date":"2023-04-24T15:56:33","date_gmt":"2023-04-24T13:56:33","guid":{"rendered":"https:\/\/novice.si\/page\/?p=162015"},"modified":"2023-04-24T15:56:33","modified_gmt":"2023-04-24T13:56:33","slug":"celje-rajevic-priznal-vbod-ne-pa-poskusa-umora","status":"publish","type":"post","link":"https:\/\/novice.si\/page\/celje-rajevic-priznal-vbod-ne-pa-poskusa-umora\/","title":{"rendered":"CELJE Rajevi\u0107 priznal vbod, ne pa poskusa umora"},"content":{"rendered":"<p>Na celjskem okro\u017enem sodi\u0161\u010du so z zasli\u0161anjem zdravnikov <strong>Jureta Simonitija<\/strong> in <strong>Slavi\u0161e Mihaljevi\u0107a<\/strong> nadaljevali sojenje zobozdravniku <strong>Ivanu Rajevi\u0107u<\/strong>, ki ga bremenijo poskusa umora nekdanje partnerke v za\u010detku lanskega leta.<\/p>\n<p><img loading=\"lazy\" decoding=\"async\" class=\"wp-image-162016 alignleft\" src=\"https:\/\/novice.si\/page\/wp-content\/uploads\/2023\/04\/Rajevic-24apr23-1-450x600.jpg\" alt=\"\" width=\"325\" height=\"433\" srcset=\"https:\/\/novice.si\/page\/wp-content\/uploads\/2023\/04\/Rajevic-24apr23-1-450x600.jpg 450w, https:\/\/novice.si\/page\/wp-content\/uploads\/2023\/04\/Rajevic-24apr23-1-768x1024.jpg 768w, https:\/\/novice.si\/page\/wp-content\/uploads\/2023\/04\/Rajevic-24apr23-1-1152x1536.jpg 1152w, https:\/\/novice.si\/page\/wp-content\/uploads\/2023\/04\/Rajevic-24apr23-1-1536x2048.jpg 1536w, https:\/\/novice.si\/page\/wp-content\/uploads\/2023\/04\/Rajevic-24apr23-1-696x928.jpg 696w, https:\/\/novice.si\/page\/wp-content\/uploads\/2023\/04\/Rajevic-24apr23-1-1068x1424.jpg 1068w, https:\/\/novice.si\/page\/wp-content\/uploads\/2023\/04\/Rajevic-24apr23-1-315x420.jpg 315w, https:\/\/novice.si\/page\/wp-content\/uploads\/2023\/04\/Rajevic-24apr23-1-18x24.jpg 18w, https:\/\/novice.si\/page\/wp-content\/uploads\/2023\/04\/Rajevic-24apr23-1-27x36.jpg 27w, https:\/\/novice.si\/page\/wp-content\/uploads\/2023\/04\/Rajevic-24apr23-1-36x48.jpg 36w, https:\/\/novice.si\/page\/wp-content\/uploads\/2023\/04\/Rajevic-24apr23-1-scaled.jpg 1920w\" sizes=\"auto, (max-width: 325px) 100vw, 325px\" \/>Obto\u017eeni je \u017ee pred dana\u0161njim narokom na sodnico <strong>Leonido Jager <\/strong>naslovil dopis, v katerem priznava, da je o\u0161kodovanko zabodel na hodniku stanovanjskega bloka ob Savinji v Celju, ne priznava pa, da jo je nameraval umoriti.<\/p>\n<p>Ker Rajevi\u0107 doslej \u0161e ni podal zagovora, je sodi\u0161\u010de njegovo pisanje in vse ostale dopise \u0161telo kot del zagovora. A ker temeljnega dejanja po obto\u017enici ne priznava, morajo sojenje dokon\u010dati.<\/p>\n<p>Obramba vztraja pri anga\u017eiranju izvedenca za radiologijo, da bi lahko raz\u010distili, kakor nevaren je bil vbod, ki je o\u0161kodovanki po\u0161kodoval ledvico in jetra. A ker tak\u0161nega izvedenca po Rajevi\u0107evem v Sloveniji nimamo, je predlagal kar anga\u017eiranje prof. dr. Rako\u010devi\u0107a, predstojnika katedre na stomatolo\u0161ki fakulteti v Beogradu, kjer je \u0161tudiral tudi sam.<\/p>\n<p>Sodi\u0161\u010de bo o tem in vseh ostalih dokaznih predlogih odlo\u010dilo naknadno.<\/p>\n<p>P\u0160<\/p>\n","protected":false},"excerpt":{"rendered":"<p>Na celjskem okro\u017enem sodi\u0161\u010du so z zasli\u0161anjem zdravnikov Jureta Simonitija in Slavi\u0161e Mihaljevi\u0107a nadaljevali sojenje zobozdravniku Ivanu Rajevi\u0107u, ki ga bremenijo poskusa umora nekdanje partnerke v za\u010detku lanskega leta. Obto\u017eeni je \u017ee pred dana\u0161njim narokom na sodnico Leonido Jager naslovil dopis, v katerem priznava, da je o\u0161kodovanko zabodel na hodniku stanovanjskega bloka ob Savinji v [&hellip;]<\/p>\n","protected":false},"author":33,"featured_media":162017,"comment_status":"closed","ping_status":"closed","sticky":false,"template":"","format":"standard","meta":{"footnotes":""},"categories":[14,17,29],"tags":[14125,17620,10360,17622,4243,17621,356],"class_list":{"0":"post-162015","1":"post","2":"type-post","3":"status-publish","4":"format-standard","5":"has-post-thumbnail","7":"category-aktualno","8":"category-celjsko","9":"category-kronika","10":"tag-ivan-rajevic","11":"tag-jure-simoniti","12":"tag-leonida-jager","13":"tag-nepriznanje-poskusa-umora","14":"tag-priznanje-krivde","15":"tag-slavisa-mihaljevic","16":"tag-sojenje"},"yoast_head":"<!-- This site is optimized with the Yoast SEO plugin v27.4 - https:\/\/yoast.com\/product\/yoast-seo-wordpress\/ -->\n<title>CELJE Rajevi\u0107 priznal vbod, ne pa poskusa umora - Novice.si<\/title>\n<meta name=\"robots\" content=\"index, follow, max-snippet:-1, max-image-preview:large, max-video-preview:-1\" \/>\n<link rel=\"canonical\" href=\"https:\/\/novice.si\/page\/celje-rajevic-priznal-vbod-ne-pa-poskusa-umora\/\" \/>\n<meta property=\"og:locale\" content=\"sl_SI\" \/>\n<meta property=\"og:type\" content=\"article\" \/>\n<meta property=\"og:title\" content=\"CELJE Rajevi\u0107 priznal vbod, ne pa poskusa umora - Novice.si\" \/>\n<meta property=\"og:description\" content=\"Na celjskem okro\u017enem sodi\u0161\u010du so z zasli\u0161anjem zdravnikov Jureta Simonitija in Slavi\u0161e Mihaljevi\u0107a nadaljevali sojenje zobozdravniku Ivanu Rajevi\u0107u, ki ga bremenijo poskusa umora nekdanje partnerke v za\u010detku lanskega leta. Obto\u017eeni je \u017ee pred dana\u0161njim narokom na sodnico Leonido Jager naslovil dopis, v katerem priznava, da je o\u0161kodovanko zabodel na hodniku stanovanjskega bloka ob Savinji v [&hellip;]\" \/>\n<meta property=\"og:url\" content=\"https:\/\/novice.si\/page\/celje-rajevic-priznal-vbod-ne-pa-poskusa-umora\/\" \/>\n<meta property=\"og:site_name\" content=\"Novice.si\" \/>\n<meta property=\"article:published_time\" content=\"2023-04-24T13:56:33+00:00\" \/>\n<meta property=\"og:image\" content=\"https:\/\/novice.si\/page\/wp-content\/uploads\/2023\/04\/Rajevic-24apr23-2-scaled.jpg\" \/>\n\t<meta property=\"og:image:width\" content=\"2560\" \/>\n\t<meta property=\"og:image:height\" content=\"1920\" \/>\n\t<meta property=\"og:image:type\" content=\"image\/jpeg\" \/>\n<meta name=\"author\" content=\"Uredni\u0161tvo Celjana\" \/>\n<meta name=\"twitter:card\" content=\"summary_large_image\" \/>\n<meta name=\"twitter:label1\" content=\"Written by\" \/>\n\t<meta name=\"twitter:data1\" content=\"Uredni\u0161tvo Celjana\" \/>\n\t<meta name=\"twitter:label2\" content=\"Est. reading time\" \/>\n\t<meta name=\"twitter:data2\" content=\"2 minuti\" \/>\n<script type=\"application\/ld+json\" class=\"yoast-schema-graph\">{\"@context\":\"https:\\\/\\\/schema.org\",\"@graph\":[{\"@type\":\"Article\",\"@id\":\"https:\\\/\\\/novice.si\\\/page\\\/celje-rajevic-priznal-vbod-ne-pa-poskusa-umora\\\/#article\",\"isPartOf\":{\"@id\":\"https:\\\/\\\/novice.si\\\/page\\\/celje-rajevic-priznal-vbod-ne-pa-poskusa-umora\\\/\"},\"author\":{\"name\":\"Uredni\u0161tvo Celjana\",\"@id\":\"https:\\\/\\\/novice.si\\\/page\\\/#\\\/schema\\\/person\\\/57f25c9642a9541c7349c65d32032c3e\"},\"headline\":\"CELJE Rajevi\u0107 priznal vbod, ne pa poskusa umora\",\"datePublished\":\"2023-04-24T13:56:33+00:00\",\"mainEntityOfPage\":{\"@id\":\"https:\\\/\\\/novice.si\\\/page\\\/celje-rajevic-priznal-vbod-ne-pa-poskusa-umora\\\/\"},\"wordCount\":190,\"publisher\":{\"@id\":\"https:\\\/\\\/novice.si\\\/page\\\/#organization\"},\"image\":{\"@id\":\"https:\\\/\\\/novice.si\\\/page\\\/celje-rajevic-priznal-vbod-ne-pa-poskusa-umora\\\/#primaryimage\"},\"thumbnailUrl\":\"https:\\\/\\\/novice.si\\\/page\\\/wp-content\\\/uploads\\\/2023\\\/04\\\/Rajevic-24apr23-2-scaled.jpg\",\"keywords\":[\"ivan rajevi\u010d\",\"Jure Simoniti\",\"Leonida Jager\",\"nepriznanje poskusa umora\",\"priznanje krivde\",\"Slavi\u0161a Mihaljevi\u010d\",\"sojenje\"],\"articleSection\":[\"Aktualno\",\"Celjsko\",\"Kronika\"],\"inLanguage\":\"sl-SI\"},{\"@type\":\"WebPage\",\"@id\":\"https:\\\/\\\/novice.si\\\/page\\\/celje-rajevic-priznal-vbod-ne-pa-poskusa-umora\\\/\",\"url\":\"https:\\\/\\\/novice.si\\\/page\\\/celje-rajevic-priznal-vbod-ne-pa-poskusa-umora\\\/\",\"name\":\"CELJE Rajevi\u0107 priznal vbod, ne pa poskusa umora - Novice.si\",\"isPartOf\":{\"@id\":\"https:\\\/\\\/novice.si\\\/page\\\/#website\"},\"primaryImageOfPage\":{\"@id\":\"https:\\\/\\\/novice.si\\\/page\\\/celje-rajevic-priznal-vbod-ne-pa-poskusa-umora\\\/#primaryimage\"},\"image\":{\"@id\":\"https:\\\/\\\/novice.si\\\/page\\\/celje-rajevic-priznal-vbod-ne-pa-poskusa-umora\\\/#primaryimage\"},\"thumbnailUrl\":\"https:\\\/\\\/novice.si\\\/page\\\/wp-content\\\/uploads\\\/2023\\\/04\\\/Rajevic-24apr23-2-scaled.jpg\",\"datePublished\":\"2023-04-24T13:56:33+00:00\",\"breadcrumb\":{\"@id\":\"https:\\\/\\\/novice.si\\\/page\\\/celje-rajevic-priznal-vbod-ne-pa-poskusa-umora\\\/#breadcrumb\"},\"inLanguage\":\"sl-SI\",\"potentialAction\":[{\"@type\":\"ReadAction\",\"target\":[\"https:\\\/\\\/novice.si\\\/page\\\/celje-rajevic-priznal-vbod-ne-pa-poskusa-umora\\\/\"]}]},{\"@type\":\"ImageObject\",\"inLanguage\":\"sl-SI\",\"@id\":\"https:\\\/\\\/novice.si\\\/page\\\/celje-rajevic-priznal-vbod-ne-pa-poskusa-umora\\\/#primaryimage\",\"url\":\"https:\\\/\\\/novice.si\\\/page\\\/wp-content\\\/uploads\\\/2023\\\/04\\\/Rajevic-24apr23-2-scaled.jpg\",\"contentUrl\":\"https:\\\/\\\/novice.si\\\/page\\\/wp-content\\\/uploads\\\/2023\\\/04\\\/Rajevic-24apr23-2-scaled.jpg\",\"width\":2560,\"height\":1920},{\"@type\":\"BreadcrumbList\",\"@id\":\"https:\\\/\\\/novice.si\\\/page\\\/celje-rajevic-priznal-vbod-ne-pa-poskusa-umora\\\/#breadcrumb\",\"itemListElement\":[{\"@type\":\"ListItem\",\"position\":1,\"name\":\"Home\",\"item\":\"https:\\\/\\\/novice.si\\\/page\\\/\"},{\"@type\":\"ListItem\",\"position\":2,\"name\":\"CELJE Rajevi\u0107 priznal vbod, ne pa poskusa umora\"}]},{\"@type\":\"WebSite\",\"@id\":\"https:\\\/\\\/novice.si\\\/page\\\/#website\",\"url\":\"https:\\\/\\\/novice.si\\\/page\\\/\",\"name\":\"Novice.si\",\"description\":\"\",\"publisher\":{\"@id\":\"https:\\\/\\\/novice.si\\\/page\\\/#organization\"},\"potentialAction\":[{\"@type\":\"SearchAction\",\"target\":{\"@type\":\"EntryPoint\",\"urlTemplate\":\"https:\\\/\\\/novice.si\\\/page\\\/?s={search_term_string}\"},\"query-input\":{\"@type\":\"PropertyValueSpecification\",\"valueRequired\":true,\"valueName\":\"search_term_string\"}}],\"inLanguage\":\"sl-SI\"},{\"@type\":\"Organization\",\"@id\":\"https:\\\/\\\/novice.si\\\/page\\\/#organization\",\"name\":\"Novice.si\",\"url\":\"https:\\\/\\\/novice.si\\\/page\\\/\",\"logo\":{\"@type\":\"ImageObject\",\"inLanguage\":\"sl-SI\",\"@id\":\"https:\\\/\\\/novice.si\\\/page\\\/#\\\/schema\\\/logo\\\/image\\\/\",\"url\":\"https:\\\/\\\/novice.si\\\/page\\\/wp-content\\\/uploads\\\/2023\\\/03\\\/novice_si.png\",\"contentUrl\":\"https:\\\/\\\/novice.si\\\/page\\\/wp-content\\\/uploads\\\/2023\\\/03\\\/novice_si.png\",\"width\":576,\"height\":200,\"caption\":\"Novice.si\"},\"image\":{\"@id\":\"https:\\\/\\\/novice.si\\\/page\\\/#\\\/schema\\\/logo\\\/image\\\/\"}},{\"@type\":\"Person\",\"@id\":\"https:\\\/\\\/novice.si\\\/page\\\/#\\\/schema\\\/person\\\/57f25c9642a9541c7349c65d32032c3e\",\"name\":\"Uredni\u0161tvo Celjana\",\"image\":{\"@type\":\"ImageObject\",\"inLanguage\":\"sl-SI\",\"@id\":\"https:\\\/\\\/secure.gravatar.com\\\/avatar\\\/78e52bc4279b65f6df6345e0ef0f7b792d361361f230cf4ffecfe0afe6d5629c?s=96&d=mm&r=g\",\"url\":\"https:\\\/\\\/secure.gravatar.com\\\/avatar\\\/78e52bc4279b65f6df6345e0ef0f7b792d361361f230cf4ffecfe0afe6d5629c?s=96&d=mm&r=g\",\"contentUrl\":\"https:\\\/\\\/secure.gravatar.com\\\/avatar\\\/78e52bc4279b65f6df6345e0ef0f7b792d361361f230cf4ffecfe0afe6d5629c?s=96&d=mm&r=g\",\"caption\":\"Uredni\u0161tvo Celjana\"},\"url\":\"https:\\\/\\\/novice.si\\\/page\\\/author\\\/primoz\\\/\"}]}<\/script>\n<!-- \/ Yoast SEO plugin. -->","yoast_head_json":{"title":"CELJE Rajevi\u0107 priznal vbod, ne pa poskusa umora - Novice.si","robots":{"index":"index","follow":"follow","max-snippet":"max-snippet:-1","max-image-preview":"max-image-preview:large","max-video-preview":"max-video-preview:-1"},"canonical":"https:\/\/novice.si\/page\/celje-rajevic-priznal-vbod-ne-pa-poskusa-umora\/","og_locale":"sl_SI","og_type":"article","og_title":"CELJE Rajevi\u0107 priznal vbod, ne pa poskusa umora - Novice.si","og_description":"Na celjskem okro\u017enem sodi\u0161\u010du so z zasli\u0161anjem zdravnikov Jureta Simonitija in Slavi\u0161e Mihaljevi\u0107a nadaljevali sojenje zobozdravniku Ivanu Rajevi\u0107u, ki ga bremenijo poskusa umora nekdanje partnerke v za\u010detku lanskega leta. Obto\u017eeni je \u017ee pred dana\u0161njim narokom na sodnico Leonido Jager naslovil dopis, v katerem priznava, da je o\u0161kodovanko zabodel na hodniku stanovanjskega bloka ob Savinji v [&hellip;]","og_url":"https:\/\/novice.si\/page\/celje-rajevic-priznal-vbod-ne-pa-poskusa-umora\/","og_site_name":"Novice.si","article_published_time":"2023-04-24T13:56:33+00:00","og_image":[{"width":2560,"height":1920,"url":"https:\/\/novice.si\/page\/wp-content\/uploads\/2023\/04\/Rajevic-24apr23-2-scaled.jpg","type":"image\/jpeg"}],"author":"Uredni\u0161tvo Celjana","twitter_card":"summary_large_image","twitter_misc":{"Written by":"Uredni\u0161tvo Celjana","Est. reading time":"2 minuti"},"schema":{"@context":"https:\/\/schema.org","@graph":[{"@type":"Article","@id":"https:\/\/novice.si\/page\/celje-rajevic-priznal-vbod-ne-pa-poskusa-umora\/#article","isPartOf":{"@id":"https:\/\/novice.si\/page\/celje-rajevic-priznal-vbod-ne-pa-poskusa-umora\/"},"author":{"name":"Uredni\u0161tvo Celjana","@id":"https:\/\/novice.si\/page\/#\/schema\/person\/57f25c9642a9541c7349c65d32032c3e"},"headline":"CELJE Rajevi\u0107 priznal vbod, ne pa poskusa umora","datePublished":"2023-04-24T13:56:33+00:00","mainEntityOfPage":{"@id":"https:\/\/novice.si\/page\/celje-rajevic-priznal-vbod-ne-pa-poskusa-umora\/"},"wordCount":190,"publisher":{"@id":"https:\/\/novice.si\/page\/#organization"},"image":{"@id":"https:\/\/novice.si\/page\/celje-rajevic-priznal-vbod-ne-pa-poskusa-umora\/#primaryimage"},"thumbnailUrl":"https:\/\/novice.si\/page\/wp-content\/uploads\/2023\/04\/Rajevic-24apr23-2-scaled.jpg","keywords":["ivan rajevi\u010d","Jure Simoniti","Leonida Jager","nepriznanje poskusa umora","priznanje krivde","Slavi\u0161a Mihaljevi\u010d","sojenje"],"articleSection":["Aktualno","Celjsko","Kronika"],"inLanguage":"sl-SI"},{"@type":"WebPage","@id":"https:\/\/novice.si\/page\/celje-rajevic-priznal-vbod-ne-pa-poskusa-umora\/","url":"https:\/\/novice.si\/page\/celje-rajevic-priznal-vbod-ne-pa-poskusa-umora\/","name":"CELJE Rajevi\u0107 priznal vbod, ne pa poskusa umora - Novice.si","isPartOf":{"@id":"https:\/\/novice.si\/page\/#website"},"primaryImageOfPage":{"@id":"https:\/\/novice.si\/page\/celje-rajevic-priznal-vbod-ne-pa-poskusa-umora\/#primaryimage"},"image":{"@id":"https:\/\/novice.si\/page\/celje-rajevic-priznal-vbod-ne-pa-poskusa-umora\/#primaryimage"},"thumbnailUrl":"https:\/\/novice.si\/page\/wp-content\/uploads\/2023\/04\/Rajevic-24apr23-2-scaled.jpg","datePublished":"2023-04-24T13:56:33+00:00","breadcrumb":{"@id":"https:\/\/novice.si\/page\/celje-rajevic-priznal-vbod-ne-pa-poskusa-umora\/#breadcrumb"},"inLanguage":"sl-SI","potentialAction":[{"@type":"ReadAction","target":["https:\/\/novice.si\/page\/celje-rajevic-priznal-vbod-ne-pa-poskusa-umora\/"]}]},{"@type":"ImageObject","inLanguage":"sl-SI","@id":"https:\/\/novice.si\/page\/celje-rajevic-priznal-vbod-ne-pa-poskusa-umora\/#primaryimage","url":"https:\/\/novice.si\/page\/wp-content\/uploads\/2023\/04\/Rajevic-24apr23-2-scaled.jpg","contentUrl":"https:\/\/novice.si\/page\/wp-content\/uploads\/2023\/04\/Rajevic-24apr23-2-scaled.jpg","width":2560,"height":1920},{"@type":"BreadcrumbList","@id":"https:\/\/novice.si\/page\/celje-rajevic-priznal-vbod-ne-pa-poskusa-umora\/#breadcrumb","itemListElement":[{"@type":"ListItem","position":1,"name":"Home","item":"https:\/\/novice.si\/page\/"},{"@type":"ListItem","position":2,"name":"CELJE Rajevi\u0107 priznal vbod, ne pa poskusa umora"}]},{"@type":"WebSite","@id":"https:\/\/novice.si\/page\/#website","url":"https:\/\/novice.si\/page\/","name":"Novice.si","description":"","publisher":{"@id":"https:\/\/novice.si\/page\/#organization"},"potentialAction":[{"@type":"SearchAction","target":{"@type":"EntryPoint","urlTemplate":"https:\/\/novice.si\/page\/?s={search_term_string}"},"query-input":{"@type":"PropertyValueSpecification","valueRequired":true,"valueName":"search_term_string"}}],"inLanguage":"sl-SI"},{"@type":"Organization","@id":"https:\/\/novice.si\/page\/#organization","name":"Novice.si","url":"https:\/\/novice.si\/page\/","logo":{"@type":"ImageObject","inLanguage":"sl-SI","@id":"https:\/\/novice.si\/page\/#\/schema\/logo\/image\/","url":"https:\/\/novice.si\/page\/wp-content\/uploads\/2023\/03\/novice_si.png","contentUrl":"https:\/\/novice.si\/page\/wp-content\/uploads\/2023\/03\/novice_si.png","width":576,"height":200,"caption":"Novice.si"},"image":{"@id":"https:\/\/novice.si\/page\/#\/schema\/logo\/image\/"}},{"@type":"Person","@id":"https:\/\/novice.si\/page\/#\/schema\/person\/57f25c9642a9541c7349c65d32032c3e","name":"Uredni\u0161tvo Celjana","image":{"@type":"ImageObject","inLanguage":"sl-SI","@id":"https:\/\/secure.gravatar.com\/avatar\/78e52bc4279b65f6df6345e0ef0f7b792d361361f230cf4ffecfe0afe6d5629c?s=96&d=mm&r=g","url":"https:\/\/secure.gravatar.com\/avatar\/78e52bc4279b65f6df6345e0ef0f7b792d361361f230cf4ffecfe0afe6d5629c?s=96&d=mm&r=g","contentUrl":"https:\/\/secure.gravatar.com\/avatar\/78e52bc4279b65f6df6345e0ef0f7b792d361361f230cf4ffecfe0afe6d5629c?s=96&d=mm&r=g","caption":"Uredni\u0161tvo Celjana"},"url":"https:\/\/novice.si\/page\/author\/primoz\/"}]}},"_links":{"self":[{"href":"https:\/\/novice.si\/page\/wp-json\/wp\/v2\/posts\/162015","targetHints":{"allow":["GET"]}}],"collection":[{"href":"https:\/\/novice.si\/page\/wp-json\/wp\/v2\/posts"}],"about":[{"href":"https:\/\/novice.si\/page\/wp-json\/wp\/v2\/types\/post"}],"author":[{"embeddable":true,"href":"https:\/\/novice.si\/page\/wp-json\/wp\/v2\/users\/33"}],"replies":[{"embeddable":true,"href":"https:\/\/novice.si\/page\/wp-json\/wp\/v2\/comments?post=162015"}],"version-history":[{"count":1,"href":"https:\/\/novice.si\/page\/wp-json\/wp\/v2\/posts\/162015\/revisions"}],"predecessor-version":[{"id":162018,"href":"https:\/\/novice.si\/page\/wp-json\/wp\/v2\/posts\/162015\/revisions\/162018"}],"wp:featuredmedia":[{"embeddable":true,"href":"https:\/\/novice.si\/page\/wp-json\/wp\/v2\/media\/162017"}],"wp:attachment":[{"href":"https:\/\/novice.si\/page\/wp-json\/wp\/v2\/media?parent=162015"}],"wp:term":[{"taxonomy":"category","embeddable":true,"href":"https:\/\/novice.si\/page\/wp-json\/wp\/v2\/categories?post=162015"},{"taxonomy":"post_tag","embeddable":true,"href":"https:\/\/novice.si\/page\/wp-json\/wp\/v2\/tags?post=162015"}],"curies":[{"name":"wp","href":"https:\/\/api.w.org\/{rel}","templated":true}]}}