{"id":161989,"date":"2023-04-21T16:08:40","date_gmt":"2023-04-21T14:08:40","guid":{"rendered":"https:\/\/novice.si\/page\/?p=161989"},"modified":"2023-04-21T16:08:40","modified_gmt":"2023-04-21T14:08:40","slug":"sentjur-gradnja-krozisca-pri-resevni-se-odmika","status":"publish","type":"post","link":"https:\/\/novice.si\/page\/sentjur-gradnja-krozisca-pri-resevni-se-odmika\/","title":{"rendered":"\u0160ENTJUR Gradnja kro\u017ei\u0161\u010da pri Resevni se odmika"},"content":{"rendered":"<p>Pri\u010dakovati je bilo zamudo pri za\u010detku gradnje kro\u017ei\u0161\u010da Resevna, a ta bo br\u017e\u010das precej ve\u010dja, kakor je sprva kazalo. Urejati naj bi ga predvidoma za\u010deli pred tremi meseci, a kakor vse ka\u017ee, bo junija stekel \u0161ele postopek za izbiro izvajalca in naj bi bil kon\u010dan do decembra.<\/p>\n<p><img loading=\"lazy\" decoding=\"async\" class=\" wp-image-152880 alignleft\" src=\"https:\/\/novice.si\/page\/wp-content\/uploads\/2022\/08\/Resevna-5-300x169.jpg\" alt=\"\" width=\"446\" height=\"251\" srcset=\"https:\/\/novice.si\/page\/wp-content\/uploads\/2022\/08\/Resevna-5-300x169.jpg 300w, https:\/\/novice.si\/page\/wp-content\/uploads\/2022\/08\/Resevna-5-1024x576.jpg 1024w, https:\/\/novice.si\/page\/wp-content\/uploads\/2022\/08\/Resevna-5-768x432.jpg 768w, https:\/\/novice.si\/page\/wp-content\/uploads\/2022\/08\/Resevna-5-1536x864.jpg 1536w, https:\/\/novice.si\/page\/wp-content\/uploads\/2022\/08\/Resevna-5-2048x1152.jpg 2048w, https:\/\/novice.si\/page\/wp-content\/uploads\/2022\/08\/Resevna-5-696x392.jpg 696w, https:\/\/novice.si\/page\/wp-content\/uploads\/2022\/08\/Resevna-5-1068x601.jpg 1068w, https:\/\/novice.si\/page\/wp-content\/uploads\/2022\/08\/Resevna-5-747x420.jpg 747w, https:\/\/novice.si\/page\/wp-content\/uploads\/2022\/08\/Resevna-5-24x14.jpg 24w, https:\/\/novice.si\/page\/wp-content\/uploads\/2022\/08\/Resevna-5-36x20.jpg 36w, https:\/\/novice.si\/page\/wp-content\/uploads\/2022\/08\/Resevna-5-48x27.jpg 48w\" sizes=\"auto, (max-width: 446px) 100vw, 446px\" \/>Tako bodo glavnino gradbenih del prenesli v leto 2024, trenutno pa se dr\u017eava preko direkcije za ceste ukvarja z odkupi zemlji\u0161\u010d in urejanjem pogodbenih razmerij v zvezi s tem.<\/p>\n<p>\u0160entjurskih kro\u017ei\u0161\u010d bo v kon\u010dni fazi sedem, toda to pri Resevni je gotovo najpomembnej\u0161e, saj le\u017ei prakti\u010dno v sredi\u0161\u010du mesta, skozi obstoje\u010de kri\u017ei\u0161\u010de pa se ti\u0161\u010dijo tovornjaki, avtobusi in ves avtomobilski promet vklju\u010dno s kolesarji, motoristi in pe\u0161ci.<\/p>\n<p>Ob\u010dina \u0160entjur ima precej zvezane roke, kajti gre za sti\u010di\u0161\u010de dr\u017eavne in ob\u010dinske ceste, zato sami ne morejo zasaditi niti lopate. Nejevoljen je tudi \u017eupan <strong>Marko Diaci<\/strong>. \u00bbKako in koliko bo zamuda vplivala na ob\u010dinski prora\u010dun, ta hip ne morem ocenjevati. Za projektno dokumentacijo smo poskrbeli \u017ee pred devetimi leti. Direkcija za ceste in dr\u017eava se vselej lahko sklicujeta na pomanjkanje denarja, sporazum o sofinanciranju, ki bo poleg kro\u017ei\u0161\u010da zajel \u0161e dokon\u010dno ureditev Kvedrove ceste, pa smo prav tako podpisali \u017ee pred \u010dasom.\u00ab<\/p>\n<p>P\u0160<\/p>\n","protected":false},"excerpt":{"rendered":"<p>Pri\u010dakovati je bilo zamudo pri za\u010detku gradnje kro\u017ei\u0161\u010da Resevna, a ta bo br\u017e\u010das precej ve\u010dja, kakor je sprva kazalo. Urejati naj bi ga predvidoma za\u010deli pred tremi meseci, a kakor vse ka\u017ee, bo junija stekel \u0161ele postopek za izbiro izvajalca in naj bi bil kon\u010dan do decembra. Tako bodo glavnino gradbenih del prenesli v leto [&hellip;]<\/p>\n","protected":false},"author":33,"featured_media":152881,"comment_status":"closed","ping_status":"closed","sticky":false,"template":"","format":"standard","meta":{"footnotes":""},"categories":[57],"tags":[14023,4240,958,4989],"class_list":{"0":"post-161989","1":"post","2":"type-post","3":"status-publish","4":"format-standard","5":"has-post-thumbnail","7":"category-sentjursko","8":"tag-krozisce-resevna","9":"tag-marko-diaci","10":"tag-zacetek-gradnje","11":"tag-zamuda"},"yoast_head":"<!-- This site is optimized with the Yoast SEO plugin v27.4 - https:\/\/yoast.com\/product\/yoast-seo-wordpress\/ -->\n<title>\u0160ENTJUR Gradnja kro\u017ei\u0161\u010da pri Resevni se odmika - Novice.si<\/title>\n<meta name=\"robots\" content=\"index, follow, max-snippet:-1, max-image-preview:large, max-video-preview:-1\" \/>\n<link rel=\"canonical\" href=\"https:\/\/novice.si\/page\/sentjur-gradnja-krozisca-pri-resevni-se-odmika\/\" \/>\n<meta property=\"og:locale\" content=\"sl_SI\" \/>\n<meta property=\"og:type\" content=\"article\" \/>\n<meta property=\"og:title\" content=\"\u0160ENTJUR Gradnja kro\u017ei\u0161\u010da pri Resevni se odmika - Novice.si\" \/>\n<meta property=\"og:description\" content=\"Pri\u010dakovati je bilo zamudo pri za\u010detku gradnje kro\u017ei\u0161\u010da Resevna, a ta bo br\u017e\u010das precej ve\u010dja, kakor je sprva kazalo. Urejati naj bi ga predvidoma za\u010deli pred tremi meseci, a kakor vse ka\u017ee, bo junija stekel \u0161ele postopek za izbiro izvajalca in naj bi bil kon\u010dan do decembra. Tako bodo glavnino gradbenih del prenesli v leto [&hellip;]\" \/>\n<meta property=\"og:url\" content=\"https:\/\/novice.si\/page\/sentjur-gradnja-krozisca-pri-resevni-se-odmika\/\" \/>\n<meta property=\"og:site_name\" content=\"Novice.si\" \/>\n<meta property=\"article:published_time\" content=\"2023-04-21T14:08:40+00:00\" \/>\n<meta property=\"og:image\" content=\"https:\/\/novice.si\/page\/wp-content\/uploads\/2022\/08\/Resevna-4-scaled.jpg\" \/>\n\t<meta property=\"og:image:width\" content=\"2560\" \/>\n\t<meta property=\"og:image:height\" content=\"1440\" \/>\n\t<meta property=\"og:image:type\" content=\"image\/jpeg\" \/>\n<meta name=\"author\" content=\"Uredni\u0161tvo Celjana\" \/>\n<meta name=\"twitter:card\" content=\"summary_large_image\" \/>\n<meta name=\"twitter:label1\" content=\"Written by\" \/>\n\t<meta name=\"twitter:data1\" content=\"Uredni\u0161tvo Celjana\" \/>\n\t<meta name=\"twitter:label2\" content=\"Est. reading time\" \/>\n\t<meta name=\"twitter:data2\" content=\"2 minuti\" \/>\n<script type=\"application\/ld+json\" class=\"yoast-schema-graph\">{\"@context\":\"https:\\\/\\\/schema.org\",\"@graph\":[{\"@type\":\"Article\",\"@id\":\"https:\\\/\\\/novice.si\\\/page\\\/sentjur-gradnja-krozisca-pri-resevni-se-odmika\\\/#article\",\"isPartOf\":{\"@id\":\"https:\\\/\\\/novice.si\\\/page\\\/sentjur-gradnja-krozisca-pri-resevni-se-odmika\\\/\"},\"author\":{\"name\":\"Uredni\u0161tvo Celjana\",\"@id\":\"https:\\\/\\\/novice.si\\\/page\\\/#\\\/schema\\\/person\\\/57f25c9642a9541c7349c65d32032c3e\"},\"headline\":\"\u0160ENTJUR Gradnja kro\u017ei\u0161\u010da pri Resevni se odmika\",\"datePublished\":\"2023-04-21T14:08:40+00:00\",\"mainEntityOfPage\":{\"@id\":\"https:\\\/\\\/novice.si\\\/page\\\/sentjur-gradnja-krozisca-pri-resevni-se-odmika\\\/\"},\"wordCount\":239,\"publisher\":{\"@id\":\"https:\\\/\\\/novice.si\\\/page\\\/#organization\"},\"image\":{\"@id\":\"https:\\\/\\\/novice.si\\\/page\\\/sentjur-gradnja-krozisca-pri-resevni-se-odmika\\\/#primaryimage\"},\"thumbnailUrl\":\"https:\\\/\\\/novice.si\\\/page\\\/wp-content\\\/uploads\\\/2022\\\/08\\\/Resevna-4-scaled.jpg\",\"keywords\":[\"kro\u017ei\u0161\u010de Resevna\",\"marko diaci\",\"za\u010detek gradnje\",\"zamuda\"],\"articleSection\":[\"\u0160entjursko\"],\"inLanguage\":\"sl-SI\"},{\"@type\":\"WebPage\",\"@id\":\"https:\\\/\\\/novice.si\\\/page\\\/sentjur-gradnja-krozisca-pri-resevni-se-odmika\\\/\",\"url\":\"https:\\\/\\\/novice.si\\\/page\\\/sentjur-gradnja-krozisca-pri-resevni-se-odmika\\\/\",\"name\":\"\u0160ENTJUR Gradnja kro\u017ei\u0161\u010da pri Resevni se odmika - Novice.si\",\"isPartOf\":{\"@id\":\"https:\\\/\\\/novice.si\\\/page\\\/#website\"},\"primaryImageOfPage\":{\"@id\":\"https:\\\/\\\/novice.si\\\/page\\\/sentjur-gradnja-krozisca-pri-resevni-se-odmika\\\/#primaryimage\"},\"image\":{\"@id\":\"https:\\\/\\\/novice.si\\\/page\\\/sentjur-gradnja-krozisca-pri-resevni-se-odmika\\\/#primaryimage\"},\"thumbnailUrl\":\"https:\\\/\\\/novice.si\\\/page\\\/wp-content\\\/uploads\\\/2022\\\/08\\\/Resevna-4-scaled.jpg\",\"datePublished\":\"2023-04-21T14:08:40+00:00\",\"breadcrumb\":{\"@id\":\"https:\\\/\\\/novice.si\\\/page\\\/sentjur-gradnja-krozisca-pri-resevni-se-odmika\\\/#breadcrumb\"},\"inLanguage\":\"sl-SI\",\"potentialAction\":[{\"@type\":\"ReadAction\",\"target\":[\"https:\\\/\\\/novice.si\\\/page\\\/sentjur-gradnja-krozisca-pri-resevni-se-odmika\\\/\"]}]},{\"@type\":\"ImageObject\",\"inLanguage\":\"sl-SI\",\"@id\":\"https:\\\/\\\/novice.si\\\/page\\\/sentjur-gradnja-krozisca-pri-resevni-se-odmika\\\/#primaryimage\",\"url\":\"https:\\\/\\\/novice.si\\\/page\\\/wp-content\\\/uploads\\\/2022\\\/08\\\/Resevna-4-scaled.jpg\",\"contentUrl\":\"https:\\\/\\\/novice.si\\\/page\\\/wp-content\\\/uploads\\\/2022\\\/08\\\/Resevna-4-scaled.jpg\",\"width\":2560,\"height\":1440},{\"@type\":\"BreadcrumbList\",\"@id\":\"https:\\\/\\\/novice.si\\\/page\\\/sentjur-gradnja-krozisca-pri-resevni-se-odmika\\\/#breadcrumb\",\"itemListElement\":[{\"@type\":\"ListItem\",\"position\":1,\"name\":\"Home\",\"item\":\"https:\\\/\\\/novice.si\\\/page\\\/\"},{\"@type\":\"ListItem\",\"position\":2,\"name\":\"\u0160ENTJUR Gradnja kro\u017ei\u0161\u010da pri Resevni se odmika\"}]},{\"@type\":\"WebSite\",\"@id\":\"https:\\\/\\\/novice.si\\\/page\\\/#website\",\"url\":\"https:\\\/\\\/novice.si\\\/page\\\/\",\"name\":\"Novice.si\",\"description\":\"\",\"publisher\":{\"@id\":\"https:\\\/\\\/novice.si\\\/page\\\/#organization\"},\"potentialAction\":[{\"@type\":\"SearchAction\",\"target\":{\"@type\":\"EntryPoint\",\"urlTemplate\":\"https:\\\/\\\/novice.si\\\/page\\\/?s={search_term_string}\"},\"query-input\":{\"@type\":\"PropertyValueSpecification\",\"valueRequired\":true,\"valueName\":\"search_term_string\"}}],\"inLanguage\":\"sl-SI\"},{\"@type\":\"Organization\",\"@id\":\"https:\\\/\\\/novice.si\\\/page\\\/#organization\",\"name\":\"Novice.si\",\"url\":\"https:\\\/\\\/novice.si\\\/page\\\/\",\"logo\":{\"@type\":\"ImageObject\",\"inLanguage\":\"sl-SI\",\"@id\":\"https:\\\/\\\/novice.si\\\/page\\\/#\\\/schema\\\/logo\\\/image\\\/\",\"url\":\"https:\\\/\\\/novice.si\\\/page\\\/wp-content\\\/uploads\\\/2023\\\/03\\\/novice_si.png\",\"contentUrl\":\"https:\\\/\\\/novice.si\\\/page\\\/wp-content\\\/uploads\\\/2023\\\/03\\\/novice_si.png\",\"width\":576,\"height\":200,\"caption\":\"Novice.si\"},\"image\":{\"@id\":\"https:\\\/\\\/novice.si\\\/page\\\/#\\\/schema\\\/logo\\\/image\\\/\"}},{\"@type\":\"Person\",\"@id\":\"https:\\\/\\\/novice.si\\\/page\\\/#\\\/schema\\\/person\\\/57f25c9642a9541c7349c65d32032c3e\",\"name\":\"Uredni\u0161tvo Celjana\",\"image\":{\"@type\":\"ImageObject\",\"inLanguage\":\"sl-SI\",\"@id\":\"https:\\\/\\\/secure.gravatar.com\\\/avatar\\\/78e52bc4279b65f6df6345e0ef0f7b792d361361f230cf4ffecfe0afe6d5629c?s=96&d=mm&r=g\",\"url\":\"https:\\\/\\\/secure.gravatar.com\\\/avatar\\\/78e52bc4279b65f6df6345e0ef0f7b792d361361f230cf4ffecfe0afe6d5629c?s=96&d=mm&r=g\",\"contentUrl\":\"https:\\\/\\\/secure.gravatar.com\\\/avatar\\\/78e52bc4279b65f6df6345e0ef0f7b792d361361f230cf4ffecfe0afe6d5629c?s=96&d=mm&r=g\",\"caption\":\"Uredni\u0161tvo Celjana\"},\"url\":\"https:\\\/\\\/novice.si\\\/page\\\/author\\\/primoz\\\/\"}]}<\/script>\n<!-- \/ Yoast SEO plugin. -->","yoast_head_json":{"title":"\u0160ENTJUR Gradnja kro\u017ei\u0161\u010da pri Resevni se odmika - Novice.si","robots":{"index":"index","follow":"follow","max-snippet":"max-snippet:-1","max-image-preview":"max-image-preview:large","max-video-preview":"max-video-preview:-1"},"canonical":"https:\/\/novice.si\/page\/sentjur-gradnja-krozisca-pri-resevni-se-odmika\/","og_locale":"sl_SI","og_type":"article","og_title":"\u0160ENTJUR Gradnja kro\u017ei\u0161\u010da pri Resevni se odmika - Novice.si","og_description":"Pri\u010dakovati je bilo zamudo pri za\u010detku gradnje kro\u017ei\u0161\u010da Resevna, a ta bo br\u017e\u010das precej ve\u010dja, kakor je sprva kazalo. Urejati naj bi ga predvidoma za\u010deli pred tremi meseci, a kakor vse ka\u017ee, bo junija stekel \u0161ele postopek za izbiro izvajalca in naj bi bil kon\u010dan do decembra. Tako bodo glavnino gradbenih del prenesli v leto [&hellip;]","og_url":"https:\/\/novice.si\/page\/sentjur-gradnja-krozisca-pri-resevni-se-odmika\/","og_site_name":"Novice.si","article_published_time":"2023-04-21T14:08:40+00:00","og_image":[{"width":2560,"height":1440,"url":"https:\/\/novice.si\/page\/wp-content\/uploads\/2022\/08\/Resevna-4-scaled.jpg","type":"image\/jpeg"}],"author":"Uredni\u0161tvo Celjana","twitter_card":"summary_large_image","twitter_misc":{"Written by":"Uredni\u0161tvo Celjana","Est. reading time":"2 minuti"},"schema":{"@context":"https:\/\/schema.org","@graph":[{"@type":"Article","@id":"https:\/\/novice.si\/page\/sentjur-gradnja-krozisca-pri-resevni-se-odmika\/#article","isPartOf":{"@id":"https:\/\/novice.si\/page\/sentjur-gradnja-krozisca-pri-resevni-se-odmika\/"},"author":{"name":"Uredni\u0161tvo Celjana","@id":"https:\/\/novice.si\/page\/#\/schema\/person\/57f25c9642a9541c7349c65d32032c3e"},"headline":"\u0160ENTJUR Gradnja kro\u017ei\u0161\u010da pri Resevni se odmika","datePublished":"2023-04-21T14:08:40+00:00","mainEntityOfPage":{"@id":"https:\/\/novice.si\/page\/sentjur-gradnja-krozisca-pri-resevni-se-odmika\/"},"wordCount":239,"publisher":{"@id":"https:\/\/novice.si\/page\/#organization"},"image":{"@id":"https:\/\/novice.si\/page\/sentjur-gradnja-krozisca-pri-resevni-se-odmika\/#primaryimage"},"thumbnailUrl":"https:\/\/novice.si\/page\/wp-content\/uploads\/2022\/08\/Resevna-4-scaled.jpg","keywords":["kro\u017ei\u0161\u010de Resevna","marko diaci","za\u010detek gradnje","zamuda"],"articleSection":["\u0160entjursko"],"inLanguage":"sl-SI"},{"@type":"WebPage","@id":"https:\/\/novice.si\/page\/sentjur-gradnja-krozisca-pri-resevni-se-odmika\/","url":"https:\/\/novice.si\/page\/sentjur-gradnja-krozisca-pri-resevni-se-odmika\/","name":"\u0160ENTJUR Gradnja kro\u017ei\u0161\u010da pri Resevni se odmika - Novice.si","isPartOf":{"@id":"https:\/\/novice.si\/page\/#website"},"primaryImageOfPage":{"@id":"https:\/\/novice.si\/page\/sentjur-gradnja-krozisca-pri-resevni-se-odmika\/#primaryimage"},"image":{"@id":"https:\/\/novice.si\/page\/sentjur-gradnja-krozisca-pri-resevni-se-odmika\/#primaryimage"},"thumbnailUrl":"https:\/\/novice.si\/page\/wp-content\/uploads\/2022\/08\/Resevna-4-scaled.jpg","datePublished":"2023-04-21T14:08:40+00:00","breadcrumb":{"@id":"https:\/\/novice.si\/page\/sentjur-gradnja-krozisca-pri-resevni-se-odmika\/#breadcrumb"},"inLanguage":"sl-SI","potentialAction":[{"@type":"ReadAction","target":["https:\/\/novice.si\/page\/sentjur-gradnja-krozisca-pri-resevni-se-odmika\/"]}]},{"@type":"ImageObject","inLanguage":"sl-SI","@id":"https:\/\/novice.si\/page\/sentjur-gradnja-krozisca-pri-resevni-se-odmika\/#primaryimage","url":"https:\/\/novice.si\/page\/wp-content\/uploads\/2022\/08\/Resevna-4-scaled.jpg","contentUrl":"https:\/\/novice.si\/page\/wp-content\/uploads\/2022\/08\/Resevna-4-scaled.jpg","width":2560,"height":1440},{"@type":"BreadcrumbList","@id":"https:\/\/novice.si\/page\/sentjur-gradnja-krozisca-pri-resevni-se-odmika\/#breadcrumb","itemListElement":[{"@type":"ListItem","position":1,"name":"Home","item":"https:\/\/novice.si\/page\/"},{"@type":"ListItem","position":2,"name":"\u0160ENTJUR Gradnja kro\u017ei\u0161\u010da pri Resevni se odmika"}]},{"@type":"WebSite","@id":"https:\/\/novice.si\/page\/#website","url":"https:\/\/novice.si\/page\/","name":"Novice.si","description":"","publisher":{"@id":"https:\/\/novice.si\/page\/#organization"},"potentialAction":[{"@type":"SearchAction","target":{"@type":"EntryPoint","urlTemplate":"https:\/\/novice.si\/page\/?s={search_term_string}"},"query-input":{"@type":"PropertyValueSpecification","valueRequired":true,"valueName":"search_term_string"}}],"inLanguage":"sl-SI"},{"@type":"Organization","@id":"https:\/\/novice.si\/page\/#organization","name":"Novice.si","url":"https:\/\/novice.si\/page\/","logo":{"@type":"ImageObject","inLanguage":"sl-SI","@id":"https:\/\/novice.si\/page\/#\/schema\/logo\/image\/","url":"https:\/\/novice.si\/page\/wp-content\/uploads\/2023\/03\/novice_si.png","contentUrl":"https:\/\/novice.si\/page\/wp-content\/uploads\/2023\/03\/novice_si.png","width":576,"height":200,"caption":"Novice.si"},"image":{"@id":"https:\/\/novice.si\/page\/#\/schema\/logo\/image\/"}},{"@type":"Person","@id":"https:\/\/novice.si\/page\/#\/schema\/person\/57f25c9642a9541c7349c65d32032c3e","name":"Uredni\u0161tvo Celjana","image":{"@type":"ImageObject","inLanguage":"sl-SI","@id":"https:\/\/secure.gravatar.com\/avatar\/78e52bc4279b65f6df6345e0ef0f7b792d361361f230cf4ffecfe0afe6d5629c?s=96&d=mm&r=g","url":"https:\/\/secure.gravatar.com\/avatar\/78e52bc4279b65f6df6345e0ef0f7b792d361361f230cf4ffecfe0afe6d5629c?s=96&d=mm&r=g","contentUrl":"https:\/\/secure.gravatar.com\/avatar\/78e52bc4279b65f6df6345e0ef0f7b792d361361f230cf4ffecfe0afe6d5629c?s=96&d=mm&r=g","caption":"Uredni\u0161tvo Celjana"},"url":"https:\/\/novice.si\/page\/author\/primoz\/"}]}},"_links":{"self":[{"href":"https:\/\/novice.si\/page\/wp-json\/wp\/v2\/posts\/161989","targetHints":{"allow":["GET"]}}],"collection":[{"href":"https:\/\/novice.si\/page\/wp-json\/wp\/v2\/posts"}],"about":[{"href":"https:\/\/novice.si\/page\/wp-json\/wp\/v2\/types\/post"}],"author":[{"embeddable":true,"href":"https:\/\/novice.si\/page\/wp-json\/wp\/v2\/users\/33"}],"replies":[{"embeddable":true,"href":"https:\/\/novice.si\/page\/wp-json\/wp\/v2\/comments?post=161989"}],"version-history":[{"count":1,"href":"https:\/\/novice.si\/page\/wp-json\/wp\/v2\/posts\/161989\/revisions"}],"predecessor-version":[{"id":161990,"href":"https:\/\/novice.si\/page\/wp-json\/wp\/v2\/posts\/161989\/revisions\/161990"}],"wp:featuredmedia":[{"embeddable":true,"href":"https:\/\/novice.si\/page\/wp-json\/wp\/v2\/media\/152881"}],"wp:attachment":[{"href":"https:\/\/novice.si\/page\/wp-json\/wp\/v2\/media?parent=161989"}],"wp:term":[{"taxonomy":"category","embeddable":true,"href":"https:\/\/novice.si\/page\/wp-json\/wp\/v2\/categories?post=161989"},{"taxonomy":"post_tag","embeddable":true,"href":"https:\/\/novice.si\/page\/wp-json\/wp\/v2\/tags?post=161989"}],"curies":[{"name":"wp","href":"https:\/\/api.w.org\/{rel}","templated":true}]}}