{"id":161953,"date":"2023-04-19T09:35:47","date_gmt":"2023-04-19T07:35:47","guid":{"rendered":"https:\/\/novice.si\/page\/?p=161953"},"modified":"2023-04-19T10:00:40","modified_gmt":"2023-04-19T08:00:40","slug":"30-let-cvetlicarne-darja-ob-jubileju-odprli-nove-rastlinjake","status":"publish","type":"post","link":"https:\/\/novice.si\/page\/30-let-cvetlicarne-darja-ob-jubileju-odprli-nove-rastlinjake\/","title":{"rendered":"30 let Cvetli\u010darne Darja: ob jubileju odprli nove rastlinjake"},"content":{"rendered":"<p><strong>Konji\u010danka Darja Srebot je na Obmo\u010dni Obrtno-podjetni\u0161ki zbornici Slovenske Konjice prejela priznanje ob jubileju. Sama ga je nadgradila z odprtjem novih rastlinjakov v Ze\u010dah.<\/strong><\/p>\n<p><img loading=\"lazy\" decoding=\"async\" class=\"wp-image-161954 alignleft\" src=\"https:\/\/novice.si\/page\/wp-content\/uploads\/2023\/04\/received_231014679379331-e1681889675704-484x600.jpeg\" alt=\"\" width=\"169\" height=\"210\" srcset=\"https:\/\/novice.si\/page\/wp-content\/uploads\/2023\/04\/received_231014679379331-e1681889675704-484x600.jpeg 484w, https:\/\/novice.si\/page\/wp-content\/uploads\/2023\/04\/received_231014679379331-e1681889675704-827x1024.jpeg 827w, https:\/\/novice.si\/page\/wp-content\/uploads\/2023\/04\/received_231014679379331-e1681889675704-768x951.jpeg 768w, https:\/\/novice.si\/page\/wp-content\/uploads\/2023\/04\/received_231014679379331-e1681889675704-324x400.jpeg 324w, https:\/\/novice.si\/page\/wp-content\/uploads\/2023\/04\/received_231014679379331-e1681889675704-696x862.jpeg 696w, https:\/\/novice.si\/page\/wp-content\/uploads\/2023\/04\/received_231014679379331-e1681889675704-339x420.jpeg 339w, https:\/\/novice.si\/page\/wp-content\/uploads\/2023\/04\/received_231014679379331-e1681889675704-19x24.jpeg 19w, https:\/\/novice.si\/page\/wp-content\/uploads\/2023\/04\/received_231014679379331-e1681889675704-29x36.jpeg 29w, https:\/\/novice.si\/page\/wp-content\/uploads\/2023\/04\/received_231014679379331-e1681889675704-39x48.jpeg 39w, https:\/\/novice.si\/page\/wp-content\/uploads\/2023\/04\/received_231014679379331-e1681889675704.jpeg 921w\" sizes=\"auto, (max-width: 169px) 100vw, 169px\" \/>Marca je minilo 30 let, odkar je <strong>Darja Srebot<\/strong> v konji\u0161kem Starem trgu odprla Cvetli\u010dno darilni butik Darja in ustanovila podjetje Dar-denj. Ob jubileju so jo pred dnevi nagradili s priznanjem konji\u0161ke Obrtno-podjetni\u0161ke zbornice, sama pa pravi, da je jubilej okronala z novo pomembno nalo\u017ebo. Ob regionalni cesti med Slovenskimi Konjicami in Zre\u010dami, v Ze\u010dah, je izgradila in zasadila nove rastlinjake.<\/p>\n<p><strong>Za\u010detki<\/strong><br \/>\nDarja Srebot je v obrtno-podjetni\u0161ke vode sko\u010dila z odprtjem kavarne leta 1987 v Celju. <em>\u00bb\u017de takrat sem si \u017eelela predvsem svoje cvetli\u010darne,\u00ab<\/em> se spominja. Na\u010drte je uresni\u010dila spomladi leta 1993. Pravi, da so takrat v Konjice z novim na\u010dinom dela prinesli nekaj druga\u010dnega. Na enem mestu so ponudili ve\u010d storitev, od zavijanja, aran\u017eiranja, izdelave vencev in razli\u010dnih vrst \u0161opkov do aran\u017emajev za poroke. Dela jim ni manjkalo in kmalu je bilo zaposlenih \u0161est delavk. \u0160lo jim je dobro in cvetli\u010darno je pove\u010dala z nakupom sosednjega lokala, nedale\u010d stran so odprli Kristalni butik.<br \/>\nUspe\u0161nemu za\u010detku je sledilo obdobje, ki je bilo cvetli\u010darstvu manj naklonjeno. <em>&#8220;Ob navalu trgovskih centrov po Sloveniji je cvetli\u010darstvo postalo luksuzna dejavnost in upad dela je privedel do zmanj\u0161anja delovne sile,&#8221;<\/em> razlaga. Prav tako je upadu posla pripomogla ve\u010dletna obnova Starega trga. Toda leta 2009 se je zgodba znova obrnila v pozitivno smer.<\/p>\n<p><strong>Prevzeli Vrtnarstvo Zre\u010de <\/strong><br \/>\n<img loading=\"lazy\" decoding=\"async\" class=\"wp-image-161956 alignleft\" src=\"https:\/\/novice.si\/page\/wp-content\/uploads\/2023\/04\/20171108_123709-450x600.jpg\" alt=\"\" width=\"210\" height=\"280\" srcset=\"https:\/\/novice.si\/page\/wp-content\/uploads\/2023\/04\/20171108_123709-450x600.jpg 450w, https:\/\/novice.si\/page\/wp-content\/uploads\/2023\/04\/20171108_123709-768x1024.jpg 768w, https:\/\/novice.si\/page\/wp-content\/uploads\/2023\/04\/20171108_123709-1152x1536.jpg 1152w, https:\/\/novice.si\/page\/wp-content\/uploads\/2023\/04\/20171108_123709-1536x2048.jpg 1536w, https:\/\/novice.si\/page\/wp-content\/uploads\/2023\/04\/20171108_123709-696x928.jpg 696w, https:\/\/novice.si\/page\/wp-content\/uploads\/2023\/04\/20171108_123709-1068x1424.jpg 1068w, https:\/\/novice.si\/page\/wp-content\/uploads\/2023\/04\/20171108_123709-315x420.jpg 315w, https:\/\/novice.si\/page\/wp-content\/uploads\/2023\/04\/20171108_123709-18x24.jpg 18w, https:\/\/novice.si\/page\/wp-content\/uploads\/2023\/04\/20171108_123709-27x36.jpg 27w, https:\/\/novice.si\/page\/wp-content\/uploads\/2023\/04\/20171108_123709-36x48.jpg 36w, https:\/\/novice.si\/page\/wp-content\/uploads\/2023\/04\/20171108_123709-scaled.jpg 1920w\" sizes=\"auto, (max-width: 210px) 100vw, 210px\" \/>Ponudila se jim je prilo\u017enost, da v Zre\u010dah prevzamejo vrtnarstvo podjetja Unior. Vrtnarstvo Zre\u010de je v zimskih mesecih iz Zre\u010d preselila na novo lokacijo, v Ze\u010de, kjer so izgradili tri velike rastlinjake in jih pred dnevi tudi odprli.<br \/>\nV njih ponujajo balkonsko cvetje, trajnice, vso zelenjavo, kapusnice, solato, ve\u010d trajnih rastlin za ureditev okolice, pa tudi semena, gnojila, zemljo, okrasne lonce in korita, pa tudi sobne rastline, trpe\u017eno rezano cvetje in \u0161e kaj.<br \/>\nDarja Srebot pravi, da ji brez podpore mo\u017ea in cele dru\u017eine, ki ve\u010dkrat prisko\u010di na pomo\u010d, ne bi uspelo izpeljati vseh nalo\u017eb in uspe\u0161no voditi podjetja.<br \/>\n<em>\u00bbPrav tako se moram iz srca zahvaliti svojima zvestima delavkama, Tatjani, ki je pri meni zaposlena \u017ee 30 let in je gonilna sila cvetli\u010darne, ter Alenki, ki je zares nepogre\u0161ljiva v vrtnarstvu,\u00ab<\/em> dodaja Darja Srebot. Pravi, da so zdaj v njenem podjetju zaposlene tri, a \u017ee potrebujejo nove pridne roke. V teh dneh tako i\u0161\u010dejo pomo\u010d za delo v cvetli\u010darni in rastlinjakih.<\/p>\n<p><strong>O Darji Srebot<\/strong><br \/>\nPo kon\u010dani trgovski \u0161oli se je izpopolnjevala na oddelku bonboniera v veleblagovnici Teko Celju. Pravi, da je aran\u017eiranje \u017ee od nekdaj bilo njena velika strast. V vode samostojnega podjetni\u0161tva se je pri komaj 18 letih podala z gostinstvom. Kon\u010dala je gostinsko \u0161olo in \u010dez nekaj let ob delu \u0161e komercialno.<br \/>\nV letu 1993 je odprla cvetli\u010darno in kmalu za tem pri\u010dela s poslovanjem podjetja Dar-denj d.o.o. \u010cez vsa leta je skupaj z zaposlenimi svoje znanje izpopolnjevala na raznih seminarjih in prezentacijah. Z izobra\u017eevanjem na Nizozemskem je pridobila tudi naslov Evropski florist 1.<br \/>\n\u010ceprav je, kot pravi, njen delovnik poln in natrpan, si rada vzame \u010das za dru\u017eino. V prostem \u010dasu igra odbojko ali se poda po raznih gorskih poteh. Pravi, da jo \u0161port napolni z energijo.<br \/>\n(Nina Krobat)<\/p>\n\r\n                <style type=\"text\/css\">\r\n                    \r\n                    #tdi_1  .td-doubleSlider-2 .td-item1 {\r\n                        background: url(https:\/\/novice.si\/page\/wp-content\/uploads\/2023\/04\/received_231014679379331-e1681889675704-80x60.jpeg) 0 0 no-repeat;\r\n                    }\r\n                    #tdi_1  .td-doubleSlider-2 .td-item2 {\r\n                        background: url(https:\/\/novice.si\/page\/wp-content\/uploads\/2023\/04\/20171108_123709-80x60.jpg) 0 0 no-repeat;\r\n                    }\r\n                    #tdi_1  .td-doubleSlider-2 .td-item3 {\r\n                        background: url(https:\/\/novice.si\/page\/wp-content\/uploads\/2023\/04\/radtlinjak-2-80x60.jpg) 0 0 no-repeat;\r\n                    }\r\n                    #tdi_1  .td-doubleSlider-2 .td-item4 {\r\n                        background: url(https:\/\/novice.si\/page\/wp-content\/uploads\/2023\/04\/received_6267022600026879-80x60.jpeg) 0 0 no-repeat;\r\n                    }\r\n                    #tdi_1  .td-doubleSlider-2 .td-item5 {\r\n                        background: url(https:\/\/novice.si\/page\/wp-content\/uploads\/2023\/04\/rastlinjak--80x60.jpg) 0 0 no-repeat;\r\n                    }\r\n                <\/style>\r\n\r\n                <div id=\"tdi_1\" class=\"td-gallery td-slide-on-2-columns\">\r\n                    <div class=\"post_td_gallery\">\r\n                        <div class=\"td-gallery-slide-top\">\r\n                           <div class=\"td-gallery-title\"><\/div>\r\n\r\n                            <div class=\"td-gallery-controls-wrapper\">\r\n                                <div class=\"td-gallery-slide-count\"><span class=\"td-gallery-slide-item-focus\">1<\/span> od 5<\/div>\r\n                                <div class=\"td-gallery-slide-prev-next-but\">\r\n                                    <i class = \"td-icon-left doubleSliderPrevButton\"><\/i>\r\n                                    <i class = \"td-icon-right doubleSliderNextButton\"><\/i>\r\n                                <\/div>\r\n                            <\/div>\r\n                        <\/div>\r\n\r\n                        <div class = \"td-doubleSlider-1 \">\r\n                            <div class = \"td-slider\">\r\n                                \r\n                    <div class = \"td-slide-item td-item1\">\r\n                        <figure class=\"td-slide-galery-figure td-slide-popup-gallery\">\r\n                            <a class=\"slide-gallery-image-link\" href=\"https:\/\/novice.si\/page\/wp-content\/uploads\/2023\/04\/received_231014679379331-e1681889675704.jpeg\" title=\"received_231014679379331\"  data-caption=\"\"  data-description=\"\" data-gallery>\r\n                                <img decoding=\"async\" src=\"https:\/\/novice.si\/page\/wp-content\/uploads\/2023\/04\/received_231014679379331-e1681889675704-339x420.jpeg\" srcset=\"https:\/\/novice.si\/page\/wp-content\/uploads\/2023\/04\/received_231014679379331-e1681889675704-339x420.jpeg 339w, https:\/\/novice.si\/page\/wp-content\/uploads\/2023\/04\/received_231014679379331-e1681889675704-484x600.jpeg 484w, https:\/\/novice.si\/page\/wp-content\/uploads\/2023\/04\/received_231014679379331-e1681889675704-827x1024.jpeg 827w, https:\/\/novice.si\/page\/wp-content\/uploads\/2023\/04\/received_231014679379331-e1681889675704-768x951.jpeg 768w, https:\/\/novice.si\/page\/wp-content\/uploads\/2023\/04\/received_231014679379331-e1681889675704-324x400.jpeg 324w, https:\/\/novice.si\/page\/wp-content\/uploads\/2023\/04\/received_231014679379331-e1681889675704-696x862.jpeg 696w, https:\/\/novice.si\/page\/wp-content\/uploads\/2023\/04\/received_231014679379331-e1681889675704-19x24.jpeg 19w, https:\/\/novice.si\/page\/wp-content\/uploads\/2023\/04\/received_231014679379331-e1681889675704-29x36.jpeg 29w, https:\/\/novice.si\/page\/wp-content\/uploads\/2023\/04\/received_231014679379331-e1681889675704-39x48.jpeg 39w, https:\/\/novice.si\/page\/wp-content\/uploads\/2023\/04\/received_231014679379331-e1681889675704.jpeg 921w\" sizes=\"(max-width: 339px) 100vw, 339px\" alt=\"\">\r\n                            <\/a>\r\n                            \r\n                        <\/figure>\r\n                    <\/div>\r\n                    <div class = \"td-slide-item td-item2\">\r\n                        <figure class=\"td-slide-galery-figure td-slide-popup-gallery\">\r\n                            <a class=\"slide-gallery-image-link\" href=\"https:\/\/novice.si\/page\/wp-content\/uploads\/2023\/04\/20171108_123709-scaled.jpg\" title=\"20171108_123709\"  data-caption=\"\"  data-description=\"\" data-gallery>\r\n                                <img decoding=\"async\" src=\"https:\/\/novice.si\/page\/wp-content\/uploads\/2023\/04\/20171108_123709-315x420.jpg\" srcset=\"https:\/\/novice.si\/page\/wp-content\/uploads\/2023\/04\/20171108_123709-315x420.jpg 315w, https:\/\/novice.si\/page\/wp-content\/uploads\/2023\/04\/20171108_123709-450x600.jpg 450w, https:\/\/novice.si\/page\/wp-content\/uploads\/2023\/04\/20171108_123709-768x1024.jpg 768w, https:\/\/novice.si\/page\/wp-content\/uploads\/2023\/04\/20171108_123709-1152x1536.jpg 1152w, https:\/\/novice.si\/page\/wp-content\/uploads\/2023\/04\/20171108_123709-1536x2048.jpg 1536w, https:\/\/novice.si\/page\/wp-content\/uploads\/2023\/04\/20171108_123709-696x928.jpg 696w, https:\/\/novice.si\/page\/wp-content\/uploads\/2023\/04\/20171108_123709-1068x1424.jpg 1068w, https:\/\/novice.si\/page\/wp-content\/uploads\/2023\/04\/20171108_123709-18x24.jpg 18w, https:\/\/novice.si\/page\/wp-content\/uploads\/2023\/04\/20171108_123709-27x36.jpg 27w, https:\/\/novice.si\/page\/wp-content\/uploads\/2023\/04\/20171108_123709-36x48.jpg 36w, https:\/\/novice.si\/page\/wp-content\/uploads\/2023\/04\/20171108_123709-scaled.jpg 1920w\" sizes=\"(max-width: 315px) 100vw, 315px\" alt=\"\">\r\n                            <\/a>\r\n                            \r\n                        <\/figure>\r\n                    <\/div>\r\n                    <div class = \"td-slide-item td-item3\">\r\n                        <figure class=\"td-slide-galery-figure td-slide-popup-gallery\">\r\n                            <a class=\"slide-gallery-image-link\" href=\"https:\/\/novice.si\/page\/wp-content\/uploads\/2023\/04\/radtlinjak-2-scaled.jpg\" title=\"radtlinjak 2\"  data-caption=\"\"  data-description=\"\" data-gallery>\r\n                                <img decoding=\"async\" src=\"https:\/\/novice.si\/page\/wp-content\/uploads\/2023\/04\/radtlinjak-2-420x420.jpg\" srcset=\"https:\/\/novice.si\/page\/wp-content\/uploads\/2023\/04\/radtlinjak-2-420x420.jpg 420w, https:\/\/novice.si\/page\/wp-content\/uploads\/2023\/04\/radtlinjak-2-600x600.jpg 600w, https:\/\/novice.si\/page\/wp-content\/uploads\/2023\/04\/radtlinjak-2-1024x1024.jpg 1024w, https:\/\/novice.si\/page\/wp-content\/uploads\/2023\/04\/radtlinjak-2-150x150.jpg 150w, https:\/\/novice.si\/page\/wp-content\/uploads\/2023\/04\/radtlinjak-2-768x768.jpg 768w, https:\/\/novice.si\/page\/wp-content\/uploads\/2023\/04\/radtlinjak-2-1536x1536.jpg 1536w, https:\/\/novice.si\/page\/wp-content\/uploads\/2023\/04\/radtlinjak-2-2048x2048.jpg 2048w, https:\/\/novice.si\/page\/wp-content\/uploads\/2023\/04\/radtlinjak-2-696x696.jpg 696w, https:\/\/novice.si\/page\/wp-content\/uploads\/2023\/04\/radtlinjak-2-1068x1068.jpg 1068w, https:\/\/novice.si\/page\/wp-content\/uploads\/2023\/04\/radtlinjak-2-24x24.jpg 24w, https:\/\/novice.si\/page\/wp-content\/uploads\/2023\/04\/radtlinjak-2-36x36.jpg 36w, https:\/\/novice.si\/page\/wp-content\/uploads\/2023\/04\/radtlinjak-2-48x48.jpg 48w\" sizes=\"(max-width: 420px) 100vw, 420px\" alt=\"\">\r\n                            <\/a>\r\n                            \r\n                        <\/figure>\r\n                    <\/div>\r\n                    <div class = \"td-slide-item td-item4\">\r\n                        <figure class=\"td-slide-galery-figure td-slide-popup-gallery\">\r\n                            <a class=\"slide-gallery-image-link\" href=\"https:\/\/novice.si\/page\/wp-content\/uploads\/2023\/04\/received_6267022600026879.jpeg\" title=\"received_6267022600026879\"  data-caption=\"\"  data-description=\"\" data-gallery>\r\n                                <img decoding=\"async\" src=\"https:\/\/novice.si\/page\/wp-content\/uploads\/2023\/04\/received_6267022600026879-189x420.jpeg\" srcset=\"https:\/\/novice.si\/page\/wp-content\/uploads\/2023\/04\/received_6267022600026879-189x420.jpeg 189w, https:\/\/novice.si\/page\/wp-content\/uploads\/2023\/04\/received_6267022600026879-270x600.jpeg 270w, https:\/\/novice.si\/page\/wp-content\/uploads\/2023\/04\/received_6267022600026879-461x1024.jpeg 461w, https:\/\/novice.si\/page\/wp-content\/uploads\/2023\/04\/received_6267022600026879-768x1706.jpeg 768w, https:\/\/novice.si\/page\/wp-content\/uploads\/2023\/04\/received_6267022600026879-692x1536.jpeg 692w, https:\/\/novice.si\/page\/wp-content\/uploads\/2023\/04\/received_6267022600026879-696x1546.jpeg 696w, https:\/\/novice.si\/page\/wp-content\/uploads\/2023\/04\/received_6267022600026879-11x24.jpeg 11w, https:\/\/novice.si\/page\/wp-content\/uploads\/2023\/04\/received_6267022600026879-16x36.jpeg 16w, https:\/\/novice.si\/page\/wp-content\/uploads\/2023\/04\/received_6267022600026879-22x48.jpeg 22w, https:\/\/novice.si\/page\/wp-content\/uploads\/2023\/04\/received_6267022600026879.jpeg 922w\" sizes=\"(max-width: 189px) 100vw, 189px\" alt=\"\">\r\n                            <\/a>\r\n                            \r\n                        <\/figure>\r\n                    <\/div>\r\n                    <div class = \"td-slide-item td-item5\">\r\n                        <figure class=\"td-slide-galery-figure td-slide-popup-gallery\">\r\n                            <a class=\"slide-gallery-image-link\" href=\"https:\/\/novice.si\/page\/wp-content\/uploads\/2023\/04\/rastlinjak--scaled.jpg\" title=\"rastlinjak\"  data-caption=\"\"  data-description=\"\" data-gallery>\r\n                                <img decoding=\"async\" src=\"https:\/\/novice.si\/page\/wp-content\/uploads\/2023\/04\/rastlinjak--420x420.jpg\" srcset=\"https:\/\/novice.si\/page\/wp-content\/uploads\/2023\/04\/rastlinjak--420x420.jpg 420w, https:\/\/novice.si\/page\/wp-content\/uploads\/2023\/04\/rastlinjak--600x600.jpg 600w, https:\/\/novice.si\/page\/wp-content\/uploads\/2023\/04\/rastlinjak--1024x1024.jpg 1024w, https:\/\/novice.si\/page\/wp-content\/uploads\/2023\/04\/rastlinjak--150x150.jpg 150w, https:\/\/novice.si\/page\/wp-content\/uploads\/2023\/04\/rastlinjak--768x768.jpg 768w, https:\/\/novice.si\/page\/wp-content\/uploads\/2023\/04\/rastlinjak--1536x1536.jpg 1536w, https:\/\/novice.si\/page\/wp-content\/uploads\/2023\/04\/rastlinjak--2048x2048.jpg 2048w, https:\/\/novice.si\/page\/wp-content\/uploads\/2023\/04\/rastlinjak--696x696.jpg 696w, https:\/\/novice.si\/page\/wp-content\/uploads\/2023\/04\/rastlinjak--1068x1068.jpg 1068w, https:\/\/novice.si\/page\/wp-content\/uploads\/2023\/04\/rastlinjak--24x24.jpg 24w, https:\/\/novice.si\/page\/wp-content\/uploads\/2023\/04\/rastlinjak--36x36.jpg 36w, https:\/\/novice.si\/page\/wp-content\/uploads\/2023\/04\/rastlinjak--48x48.jpg 48w\" sizes=\"(max-width: 420px) 100vw, 420px\" alt=\"\">\r\n                            <\/a>\r\n                            \r\n                        <\/figure>\r\n                    <\/div>\r\n                            <\/div>\r\n                        <\/div>\r\n\r\n                        <div class = \"td-doubleSlider-2\">\r\n                            <div class = \"td-slider\">\r\n                                \r\n                    <div class = \"td-button td-item1\">\r\n                        <div class = \"td-border\"><\/div>\r\n                    <\/div>\r\n                    <div class = \"td-button td-item2\">\r\n                        <div class = \"td-border\"><\/div>\r\n                    <\/div>\r\n                    <div class = \"td-button td-item3\">\r\n                        <div class = \"td-border\"><\/div>\r\n                    <\/div>\r\n                    <div class = \"td-button td-item4\">\r\n                        <div class = \"td-border\"><\/div>\r\n                    <\/div>\r\n                    <div class = \"td-button td-item5\">\r\n                        <div class = \"td-border\"><\/div>\r\n                    <\/div>\r\n                            <\/div>\r\n                        <\/div>\r\n\r\n                    <\/div>\r\n\r\n                <\/div>\r\n                \n","protected":false},"excerpt":{"rendered":"<p>Konji\u010danka Darja Srebot je na Obmo\u010dni Obrtno-podjetni\u0161ki zbornici Slovenske Konjice prejela priznanje ob jubileju. Sama ga je nadgradila z odprtjem novih rastlinjakov v Ze\u010dah. Marca je minilo 30 let, odkar je Darja Srebot v konji\u0161kem Starem trgu odprla Cvetli\u010dno darilni butik Darja in ustanovila podjetje Dar-denj. Ob jubileju so jo pred dnevi nagradili s priznanjem [&hellip;]<\/p>\n","protected":false},"author":12,"featured_media":161954,"comment_status":"closed","ping_status":"closed","sticky":false,"template":"","format":"standard","meta":{"footnotes":""},"categories":[14,868,16,141,3108],"tags":[17604,17605,4409,17603],"class_list":{"0":"post-161953","1":"post","2":"type-post","3":"status-publish","4":"format-standard","5":"has-post-thumbnail","7":"category-aktualno","8":"category-casopisi","9":"category-konjisko","10":"category-novice","11":"category-radio-rogla","12":"tag-cvetlicarna-darja","13":"tag-dar-denj","14":"tag-darja-srebot","15":"tag-vrtnarstvo-zrece"},"yoast_head":"<!-- This site is optimized with the Yoast SEO plugin v27.4 - https:\/\/yoast.com\/product\/yoast-seo-wordpress\/ -->\n<title>30 let Cvetli\u010darne Darja: ob jubileju odprli nove rastlinjake - Novice.si<\/title>\n<meta name=\"robots\" content=\"index, follow, max-snippet:-1, max-image-preview:large, max-video-preview:-1\" \/>\n<link rel=\"canonical\" href=\"https:\/\/novice.si\/page\/30-let-cvetlicarne-darja-ob-jubileju-odprli-nove-rastlinjake\/\" \/>\n<meta property=\"og:locale\" content=\"sl_SI\" \/>\n<meta property=\"og:type\" content=\"article\" \/>\n<meta property=\"og:title\" content=\"30 let Cvetli\u010darne Darja: ob jubileju odprli nove rastlinjake - Novice.si\" \/>\n<meta property=\"og:description\" content=\"Konji\u010danka Darja Srebot je na Obmo\u010dni Obrtno-podjetni\u0161ki zbornici Slovenske Konjice prejela priznanje ob jubileju. Sama ga je nadgradila z odprtjem novih rastlinjakov v Ze\u010dah. Marca je minilo 30 let, odkar je Darja Srebot v konji\u0161kem Starem trgu odprla Cvetli\u010dno darilni butik Darja in ustanovila podjetje Dar-denj. Ob jubileju so jo pred dnevi nagradili s priznanjem [&hellip;]\" \/>\n<meta property=\"og:url\" content=\"https:\/\/novice.si\/page\/30-let-cvetlicarne-darja-ob-jubileju-odprli-nove-rastlinjake\/\" \/>\n<meta property=\"og:site_name\" content=\"Novice.si\" \/>\n<meta property=\"article:published_time\" content=\"2023-04-19T07:35:47+00:00\" \/>\n<meta property=\"article:modified_time\" content=\"2023-04-19T08:00:40+00:00\" \/>\n<meta property=\"og:image\" content=\"https:\/\/novice.si\/page\/wp-content\/uploads\/2023\/04\/received_231014679379331-e1681889675704.jpeg\" \/>\n\t<meta property=\"og:image:width\" content=\"921\" \/>\n\t<meta property=\"og:image:height\" content=\"1141\" \/>\n\t<meta property=\"og:image:type\" content=\"image\/jpeg\" \/>\n<meta name=\"author\" content=\"Uredni\u0161tvo Celjana\" \/>\n<meta name=\"twitter:card\" content=\"summary_large_image\" \/>\n<meta name=\"twitter:label1\" content=\"Written by\" \/>\n\t<meta name=\"twitter:data1\" content=\"Uredni\u0161tvo Celjana\" \/>\n\t<meta name=\"twitter:label2\" content=\"Est. reading time\" \/>\n\t<meta name=\"twitter:data2\" content=\"4 minute\" \/>\n<script type=\"application\/ld+json\" class=\"yoast-schema-graph\">{\"@context\":\"https:\\\/\\\/schema.org\",\"@graph\":[{\"@type\":\"Article\",\"@id\":\"https:\\\/\\\/novice.si\\\/page\\\/30-let-cvetlicarne-darja-ob-jubileju-odprli-nove-rastlinjake\\\/#article\",\"isPartOf\":{\"@id\":\"https:\\\/\\\/novice.si\\\/page\\\/30-let-cvetlicarne-darja-ob-jubileju-odprli-nove-rastlinjake\\\/\"},\"author\":{\"name\":\"Uredni\u0161tvo Celjana\",\"@id\":\"https:\\\/\\\/novice.si\\\/page\\\/#\\\/schema\\\/person\\\/51903923b50fefb075bc1cd24fe4d065\"},\"headline\":\"30 let Cvetli\u010darne Darja: ob jubileju odprli nove rastlinjake\",\"datePublished\":\"2023-04-19T07:35:47+00:00\",\"dateModified\":\"2023-04-19T08:00:40+00:00\",\"mainEntityOfPage\":{\"@id\":\"https:\\\/\\\/novice.si\\\/page\\\/30-let-cvetlicarne-darja-ob-jubileju-odprli-nove-rastlinjake\\\/\"},\"wordCount\":592,\"publisher\":{\"@id\":\"https:\\\/\\\/novice.si\\\/page\\\/#organization\"},\"image\":{\"@id\":\"https:\\\/\\\/novice.si\\\/page\\\/30-let-cvetlicarne-darja-ob-jubileju-odprli-nove-rastlinjake\\\/#primaryimage\"},\"thumbnailUrl\":\"https:\\\/\\\/novice.si\\\/page\\\/wp-content\\\/uploads\\\/2023\\\/04\\\/received_231014679379331-e1681889675704.jpeg\",\"keywords\":[\"cvetli\u010darna darja\",\"dar denj\",\"Darja Srebot\",\"vrtnarstvo zre\u010de\"],\"articleSection\":[\"Aktualno\",\"\u010casopisi\",\"Konji\u0161ko\",\"Novice\",\"Radio Rogla\"],\"inLanguage\":\"sl-SI\"},{\"@type\":\"WebPage\",\"@id\":\"https:\\\/\\\/novice.si\\\/page\\\/30-let-cvetlicarne-darja-ob-jubileju-odprli-nove-rastlinjake\\\/\",\"url\":\"https:\\\/\\\/novice.si\\\/page\\\/30-let-cvetlicarne-darja-ob-jubileju-odprli-nove-rastlinjake\\\/\",\"name\":\"30 let Cvetli\u010darne Darja: ob jubileju odprli nove rastlinjake - Novice.si\",\"isPartOf\":{\"@id\":\"https:\\\/\\\/novice.si\\\/page\\\/#website\"},\"primaryImageOfPage\":{\"@id\":\"https:\\\/\\\/novice.si\\\/page\\\/30-let-cvetlicarne-darja-ob-jubileju-odprli-nove-rastlinjake\\\/#primaryimage\"},\"image\":{\"@id\":\"https:\\\/\\\/novice.si\\\/page\\\/30-let-cvetlicarne-darja-ob-jubileju-odprli-nove-rastlinjake\\\/#primaryimage\"},\"thumbnailUrl\":\"https:\\\/\\\/novice.si\\\/page\\\/wp-content\\\/uploads\\\/2023\\\/04\\\/received_231014679379331-e1681889675704.jpeg\",\"datePublished\":\"2023-04-19T07:35:47+00:00\",\"dateModified\":\"2023-04-19T08:00:40+00:00\",\"breadcrumb\":{\"@id\":\"https:\\\/\\\/novice.si\\\/page\\\/30-let-cvetlicarne-darja-ob-jubileju-odprli-nove-rastlinjake\\\/#breadcrumb\"},\"inLanguage\":\"sl-SI\",\"potentialAction\":[{\"@type\":\"ReadAction\",\"target\":[\"https:\\\/\\\/novice.si\\\/page\\\/30-let-cvetlicarne-darja-ob-jubileju-odprli-nove-rastlinjake\\\/\"]}]},{\"@type\":\"ImageObject\",\"inLanguage\":\"sl-SI\",\"@id\":\"https:\\\/\\\/novice.si\\\/page\\\/30-let-cvetlicarne-darja-ob-jubileju-odprli-nove-rastlinjake\\\/#primaryimage\",\"url\":\"https:\\\/\\\/novice.si\\\/page\\\/wp-content\\\/uploads\\\/2023\\\/04\\\/received_231014679379331-e1681889675704.jpeg\",\"contentUrl\":\"https:\\\/\\\/novice.si\\\/page\\\/wp-content\\\/uploads\\\/2023\\\/04\\\/received_231014679379331-e1681889675704.jpeg\",\"width\":921,\"height\":1141},{\"@type\":\"BreadcrumbList\",\"@id\":\"https:\\\/\\\/novice.si\\\/page\\\/30-let-cvetlicarne-darja-ob-jubileju-odprli-nove-rastlinjake\\\/#breadcrumb\",\"itemListElement\":[{\"@type\":\"ListItem\",\"position\":1,\"name\":\"Home\",\"item\":\"https:\\\/\\\/novice.si\\\/page\\\/\"},{\"@type\":\"ListItem\",\"position\":2,\"name\":\"30 let Cvetli\u010darne Darja: ob jubileju odprli nove rastlinjake\"}]},{\"@type\":\"WebSite\",\"@id\":\"https:\\\/\\\/novice.si\\\/page\\\/#website\",\"url\":\"https:\\\/\\\/novice.si\\\/page\\\/\",\"name\":\"Novice.si\",\"description\":\"\",\"publisher\":{\"@id\":\"https:\\\/\\\/novice.si\\\/page\\\/#organization\"},\"potentialAction\":[{\"@type\":\"SearchAction\",\"target\":{\"@type\":\"EntryPoint\",\"urlTemplate\":\"https:\\\/\\\/novice.si\\\/page\\\/?s={search_term_string}\"},\"query-input\":{\"@type\":\"PropertyValueSpecification\",\"valueRequired\":true,\"valueName\":\"search_term_string\"}}],\"inLanguage\":\"sl-SI\"},{\"@type\":\"Organization\",\"@id\":\"https:\\\/\\\/novice.si\\\/page\\\/#organization\",\"name\":\"Novice.si\",\"url\":\"https:\\\/\\\/novice.si\\\/page\\\/\",\"logo\":{\"@type\":\"ImageObject\",\"inLanguage\":\"sl-SI\",\"@id\":\"https:\\\/\\\/novice.si\\\/page\\\/#\\\/schema\\\/logo\\\/image\\\/\",\"url\":\"https:\\\/\\\/novice.si\\\/page\\\/wp-content\\\/uploads\\\/2023\\\/03\\\/novice_si.png\",\"contentUrl\":\"https:\\\/\\\/novice.si\\\/page\\\/wp-content\\\/uploads\\\/2023\\\/03\\\/novice_si.png\",\"width\":576,\"height\":200,\"caption\":\"Novice.si\"},\"image\":{\"@id\":\"https:\\\/\\\/novice.si\\\/page\\\/#\\\/schema\\\/logo\\\/image\\\/\"}},{\"@type\":\"Person\",\"@id\":\"https:\\\/\\\/novice.si\\\/page\\\/#\\\/schema\\\/person\\\/51903923b50fefb075bc1cd24fe4d065\",\"name\":\"Uredni\u0161tvo Celjana\",\"image\":{\"@type\":\"ImageObject\",\"inLanguage\":\"sl-SI\",\"@id\":\"https:\\\/\\\/secure.gravatar.com\\\/avatar\\\/b516f102aa90b53619e09722b8ea56721c99bfcb4f1035f9b333d99f52330226?s=96&d=mm&r=g\",\"url\":\"https:\\\/\\\/secure.gravatar.com\\\/avatar\\\/b516f102aa90b53619e09722b8ea56721c99bfcb4f1035f9b333d99f52330226?s=96&d=mm&r=g\",\"contentUrl\":\"https:\\\/\\\/secure.gravatar.com\\\/avatar\\\/b516f102aa90b53619e09722b8ea56721c99bfcb4f1035f9b333d99f52330226?s=96&d=mm&r=g\",\"caption\":\"Uredni\u0161tvo Celjana\"},\"url\":\"https:\\\/\\\/novice.si\\\/page\\\/author\\\/nejc\\\/\"}]}<\/script>\n<!-- \/ Yoast SEO plugin. -->","yoast_head_json":{"title":"30 let Cvetli\u010darne Darja: ob jubileju odprli nove rastlinjake - Novice.si","robots":{"index":"index","follow":"follow","max-snippet":"max-snippet:-1","max-image-preview":"max-image-preview:large","max-video-preview":"max-video-preview:-1"},"canonical":"https:\/\/novice.si\/page\/30-let-cvetlicarne-darja-ob-jubileju-odprli-nove-rastlinjake\/","og_locale":"sl_SI","og_type":"article","og_title":"30 let Cvetli\u010darne Darja: ob jubileju odprli nove rastlinjake - Novice.si","og_description":"Konji\u010danka Darja Srebot je na Obmo\u010dni Obrtno-podjetni\u0161ki zbornici Slovenske Konjice prejela priznanje ob jubileju. Sama ga je nadgradila z odprtjem novih rastlinjakov v Ze\u010dah. Marca je minilo 30 let, odkar je Darja Srebot v konji\u0161kem Starem trgu odprla Cvetli\u010dno darilni butik Darja in ustanovila podjetje Dar-denj. Ob jubileju so jo pred dnevi nagradili s priznanjem [&hellip;]","og_url":"https:\/\/novice.si\/page\/30-let-cvetlicarne-darja-ob-jubileju-odprli-nove-rastlinjake\/","og_site_name":"Novice.si","article_published_time":"2023-04-19T07:35:47+00:00","article_modified_time":"2023-04-19T08:00:40+00:00","og_image":[{"width":921,"height":1141,"url":"https:\/\/novice.si\/page\/wp-content\/uploads\/2023\/04\/received_231014679379331-e1681889675704.jpeg","type":"image\/jpeg"}],"author":"Uredni\u0161tvo Celjana","twitter_card":"summary_large_image","twitter_misc":{"Written by":"Uredni\u0161tvo Celjana","Est. reading time":"4 minute"},"schema":{"@context":"https:\/\/schema.org","@graph":[{"@type":"Article","@id":"https:\/\/novice.si\/page\/30-let-cvetlicarne-darja-ob-jubileju-odprli-nove-rastlinjake\/#article","isPartOf":{"@id":"https:\/\/novice.si\/page\/30-let-cvetlicarne-darja-ob-jubileju-odprli-nove-rastlinjake\/"},"author":{"name":"Uredni\u0161tvo Celjana","@id":"https:\/\/novice.si\/page\/#\/schema\/person\/51903923b50fefb075bc1cd24fe4d065"},"headline":"30 let Cvetli\u010darne Darja: ob jubileju odprli nove rastlinjake","datePublished":"2023-04-19T07:35:47+00:00","dateModified":"2023-04-19T08:00:40+00:00","mainEntityOfPage":{"@id":"https:\/\/novice.si\/page\/30-let-cvetlicarne-darja-ob-jubileju-odprli-nove-rastlinjake\/"},"wordCount":592,"publisher":{"@id":"https:\/\/novice.si\/page\/#organization"},"image":{"@id":"https:\/\/novice.si\/page\/30-let-cvetlicarne-darja-ob-jubileju-odprli-nove-rastlinjake\/#primaryimage"},"thumbnailUrl":"https:\/\/novice.si\/page\/wp-content\/uploads\/2023\/04\/received_231014679379331-e1681889675704.jpeg","keywords":["cvetli\u010darna darja","dar denj","Darja Srebot","vrtnarstvo zre\u010de"],"articleSection":["Aktualno","\u010casopisi","Konji\u0161ko","Novice","Radio Rogla"],"inLanguage":"sl-SI"},{"@type":"WebPage","@id":"https:\/\/novice.si\/page\/30-let-cvetlicarne-darja-ob-jubileju-odprli-nove-rastlinjake\/","url":"https:\/\/novice.si\/page\/30-let-cvetlicarne-darja-ob-jubileju-odprli-nove-rastlinjake\/","name":"30 let Cvetli\u010darne Darja: ob jubileju odprli nove rastlinjake - Novice.si","isPartOf":{"@id":"https:\/\/novice.si\/page\/#website"},"primaryImageOfPage":{"@id":"https:\/\/novice.si\/page\/30-let-cvetlicarne-darja-ob-jubileju-odprli-nove-rastlinjake\/#primaryimage"},"image":{"@id":"https:\/\/novice.si\/page\/30-let-cvetlicarne-darja-ob-jubileju-odprli-nove-rastlinjake\/#primaryimage"},"thumbnailUrl":"https:\/\/novice.si\/page\/wp-content\/uploads\/2023\/04\/received_231014679379331-e1681889675704.jpeg","datePublished":"2023-04-19T07:35:47+00:00","dateModified":"2023-04-19T08:00:40+00:00","breadcrumb":{"@id":"https:\/\/novice.si\/page\/30-let-cvetlicarne-darja-ob-jubileju-odprli-nove-rastlinjake\/#breadcrumb"},"inLanguage":"sl-SI","potentialAction":[{"@type":"ReadAction","target":["https:\/\/novice.si\/page\/30-let-cvetlicarne-darja-ob-jubileju-odprli-nove-rastlinjake\/"]}]},{"@type":"ImageObject","inLanguage":"sl-SI","@id":"https:\/\/novice.si\/page\/30-let-cvetlicarne-darja-ob-jubileju-odprli-nove-rastlinjake\/#primaryimage","url":"https:\/\/novice.si\/page\/wp-content\/uploads\/2023\/04\/received_231014679379331-e1681889675704.jpeg","contentUrl":"https:\/\/novice.si\/page\/wp-content\/uploads\/2023\/04\/received_231014679379331-e1681889675704.jpeg","width":921,"height":1141},{"@type":"BreadcrumbList","@id":"https:\/\/novice.si\/page\/30-let-cvetlicarne-darja-ob-jubileju-odprli-nove-rastlinjake\/#breadcrumb","itemListElement":[{"@type":"ListItem","position":1,"name":"Home","item":"https:\/\/novice.si\/page\/"},{"@type":"ListItem","position":2,"name":"30 let Cvetli\u010darne Darja: ob jubileju odprli nove rastlinjake"}]},{"@type":"WebSite","@id":"https:\/\/novice.si\/page\/#website","url":"https:\/\/novice.si\/page\/","name":"Novice.si","description":"","publisher":{"@id":"https:\/\/novice.si\/page\/#organization"},"potentialAction":[{"@type":"SearchAction","target":{"@type":"EntryPoint","urlTemplate":"https:\/\/novice.si\/page\/?s={search_term_string}"},"query-input":{"@type":"PropertyValueSpecification","valueRequired":true,"valueName":"search_term_string"}}],"inLanguage":"sl-SI"},{"@type":"Organization","@id":"https:\/\/novice.si\/page\/#organization","name":"Novice.si","url":"https:\/\/novice.si\/page\/","logo":{"@type":"ImageObject","inLanguage":"sl-SI","@id":"https:\/\/novice.si\/page\/#\/schema\/logo\/image\/","url":"https:\/\/novice.si\/page\/wp-content\/uploads\/2023\/03\/novice_si.png","contentUrl":"https:\/\/novice.si\/page\/wp-content\/uploads\/2023\/03\/novice_si.png","width":576,"height":200,"caption":"Novice.si"},"image":{"@id":"https:\/\/novice.si\/page\/#\/schema\/logo\/image\/"}},{"@type":"Person","@id":"https:\/\/novice.si\/page\/#\/schema\/person\/51903923b50fefb075bc1cd24fe4d065","name":"Uredni\u0161tvo Celjana","image":{"@type":"ImageObject","inLanguage":"sl-SI","@id":"https:\/\/secure.gravatar.com\/avatar\/b516f102aa90b53619e09722b8ea56721c99bfcb4f1035f9b333d99f52330226?s=96&d=mm&r=g","url":"https:\/\/secure.gravatar.com\/avatar\/b516f102aa90b53619e09722b8ea56721c99bfcb4f1035f9b333d99f52330226?s=96&d=mm&r=g","contentUrl":"https:\/\/secure.gravatar.com\/avatar\/b516f102aa90b53619e09722b8ea56721c99bfcb4f1035f9b333d99f52330226?s=96&d=mm&r=g","caption":"Uredni\u0161tvo Celjana"},"url":"https:\/\/novice.si\/page\/author\/nejc\/"}]}},"_links":{"self":[{"href":"https:\/\/novice.si\/page\/wp-json\/wp\/v2\/posts\/161953","targetHints":{"allow":["GET"]}}],"collection":[{"href":"https:\/\/novice.si\/page\/wp-json\/wp\/v2\/posts"}],"about":[{"href":"https:\/\/novice.si\/page\/wp-json\/wp\/v2\/types\/post"}],"author":[{"embeddable":true,"href":"https:\/\/novice.si\/page\/wp-json\/wp\/v2\/users\/12"}],"replies":[{"embeddable":true,"href":"https:\/\/novice.si\/page\/wp-json\/wp\/v2\/comments?post=161953"}],"version-history":[{"count":3,"href":"https:\/\/novice.si\/page\/wp-json\/wp\/v2\/posts\/161953\/revisions"}],"predecessor-version":[{"id":161961,"href":"https:\/\/novice.si\/page\/wp-json\/wp\/v2\/posts\/161953\/revisions\/161961"}],"wp:featuredmedia":[{"embeddable":true,"href":"https:\/\/novice.si\/page\/wp-json\/wp\/v2\/media\/161954"}],"wp:attachment":[{"href":"https:\/\/novice.si\/page\/wp-json\/wp\/v2\/media?parent=161953"}],"wp:term":[{"taxonomy":"category","embeddable":true,"href":"https:\/\/novice.si\/page\/wp-json\/wp\/v2\/categories?post=161953"},{"taxonomy":"post_tag","embeddable":true,"href":"https:\/\/novice.si\/page\/wp-json\/wp\/v2\/tags?post=161953"}],"curies":[{"name":"wp","href":"https:\/\/api.w.org\/{rel}","templated":true}]}}