{"id":161924,"date":"2023-04-18T11:47:33","date_gmt":"2023-04-18T09:47:33","guid":{"rendered":"https:\/\/novice.si\/page\/?p=161924"},"modified":"2023-04-19T17:14:14","modified_gmt":"2023-04-19T15:14:14","slug":"sentjur-domnevni-manijak-pri-os-franja-malgaja-je-bil-izmisljen","status":"publish","type":"post","link":"https:\/\/novice.si\/page\/sentjur-domnevni-manijak-pri-os-franja-malgaja-je-bil-izmisljen\/","title":{"rendered":"\u0160ENTJUR Domnevni manijak pri O\u0160 Franja Malgaja je bil izmi\u0161ljen"},"content":{"rendered":"<p>Povsem za neutemeljene so se izkazale domneve, da se v okolici \u0161entjurske Osnovne \u0161ole Franja Malgaja potika neznanec, ki v avto sku\u0161a zvabiti u\u010dence.<\/p>\n<p>O tem je eden od star\u0161ev obvestil vodstvo \u0161ole, ki je nemudoma opozorilo star\u0161e in svetovalo, naj otroke posvarijo na previdnost, predvsem pa naj se ne odzivajo na morebitno nagovarjanje neznancev in naj v tak\u0161nih primerih nemudoma poi\u0161\u010dejo pomo\u010d <img loading=\"lazy\" decoding=\"async\" class=\"size-medium wp-image-111274 alignleft\" src=\"https:\/\/novice.si\/page\/wp-content\/uploads\/2019\/09\/O\u0160-Malgaj-2-300x200.jpg\" alt=\"\" width=\"300\" height=\"200\" srcset=\"https:\/\/novice.si\/page\/wp-content\/uploads\/2019\/09\/O\u0160-Malgaj-2-300x200.jpg 300w, https:\/\/novice.si\/page\/wp-content\/uploads\/2019\/09\/O\u0160-Malgaj-2-768x512.jpg 768w, https:\/\/novice.si\/page\/wp-content\/uploads\/2019\/09\/O\u0160-Malgaj-2-1024x682.jpg 1024w, https:\/\/novice.si\/page\/wp-content\/uploads\/2019\/09\/O\u0160-Malgaj-2-696x464.jpg 696w, https:\/\/novice.si\/page\/wp-content\/uploads\/2019\/09\/O\u0160-Malgaj-2-1068x712.jpg 1068w, https:\/\/novice.si\/page\/wp-content\/uploads\/2019\/09\/O\u0160-Malgaj-2-630x420.jpg 630w, https:\/\/novice.si\/page\/wp-content\/uploads\/2019\/09\/O\u0160-Malgaj-2-24x16.jpg 24w, https:\/\/novice.si\/page\/wp-content\/uploads\/2019\/09\/O\u0160-Malgaj-2-36x24.jpg 36w, https:\/\/novice.si\/page\/wp-content\/uploads\/2019\/09\/O\u0160-Malgaj-2-48x32.jpg 48w, https:\/\/novice.si\/page\/wp-content\/uploads\/2019\/09\/O\u0160-Malgaj-2.jpg 2000w\" sizes=\"auto, (max-width: 300px) 100vw, 300px\" \/>odrasle osebe ali se zate\u010dejo v \u0161olo.<\/p>\n<p>Zadevo so prijavili policistom, ki pa so pri\u0161li do povsem druga\u010dnih ugotovitev. Kmalu so namre\u010d pri\u0161li do osebe, ki je spro\u017eila tak\u0161no informacijo. Gre za u\u010denca te \u0161ole, ki si je vse skupaj izmislil.<\/p>\n<p>Z njim so opravili razgovor, o ugotovitvah so \u017ee obvestili vodstvo \u0161ole, kjer naj bi delovala tudi mladostni\u0161ka skupina, ki si zastavlja zelo nenavadne, tudi nevarne izzive, naznanilo o domnevnem manijaku je le eden od teh.<\/p>\n<p>\u0160entjurski primer ni bil prvi, a ker gre za ob\u010dutljive zadeve, iz tega hitro nastane panika, zlasti ko \u0161ola dobronamerno opozori star\u0161e in jih pozove, naj tovrstne primere prijavijo.<\/p>\n<p>Se pa najve\u010dkrat izka\u017ee, da gre za naznanila brez osnove.<\/p>\n<p>P\u0160<\/p>\n","protected":false},"excerpt":{"rendered":"<p>Povsem za neutemeljene so se izkazale domneve, da se v okolici \u0161entjurske Osnovne \u0161ole Franja Malgaja potika neznanec, ki v avto sku\u0161a zvabiti u\u010dence. O tem je eden od star\u0161ev obvestil vodstvo \u0161ole, ki je nemudoma opozorilo star\u0161e in svetovalo, naj otroke posvarijo na previdnost, predvsem pa naj se ne odzivajo na morebitno nagovarjanje neznancev [&hellip;]<\/p>\n","protected":false},"author":33,"featured_media":161966,"comment_status":"closed","ping_status":"closed","sticky":false,"template":"","format":"standard","meta":{"footnotes":""},"categories":[14,29,57],"tags":[17599,17601,17600,1572,634],"class_list":{"0":"post-161924","1":"post","2":"type-post","3":"status-publish","4":"format-standard","5":"has-post-thumbnail","7":"category-aktualno","8":"category-kronika","9":"category-sentjursko","10":"tag-domnevni-maniak","11":"tag-nagovarjanje-ucencev","12":"tag-opozorilo-starsem","13":"tag-os-franja-malgaja-sentjur","14":"tag-policija"},"yoast_head":"<!-- This site is optimized with the Yoast SEO plugin v27.4 - https:\/\/yoast.com\/product\/yoast-seo-wordpress\/ -->\n<title>\u0160ENTJUR Domnevni manijak pri O\u0160 Franja Malgaja je bil izmi\u0161ljen - Novice.si<\/title>\n<meta name=\"robots\" content=\"index, follow, max-snippet:-1, max-image-preview:large, max-video-preview:-1\" \/>\n<link rel=\"canonical\" href=\"https:\/\/novice.si\/page\/sentjur-domnevni-manijak-pri-os-franja-malgaja-je-bil-izmisljen\/\" \/>\n<meta property=\"og:locale\" content=\"sl_SI\" \/>\n<meta property=\"og:type\" content=\"article\" \/>\n<meta property=\"og:title\" content=\"\u0160ENTJUR Domnevni manijak pri O\u0160 Franja Malgaja je bil izmi\u0161ljen - Novice.si\" \/>\n<meta property=\"og:description\" content=\"Povsem za neutemeljene so se izkazale domneve, da se v okolici \u0161entjurske Osnovne \u0161ole Franja Malgaja potika neznanec, ki v avto sku\u0161a zvabiti u\u010dence. O tem je eden od star\u0161ev obvestil vodstvo \u0161ole, ki je nemudoma opozorilo star\u0161e in svetovalo, naj otroke posvarijo na previdnost, predvsem pa naj se ne odzivajo na morebitno nagovarjanje neznancev [&hellip;]\" \/>\n<meta property=\"og:url\" content=\"https:\/\/novice.si\/page\/sentjur-domnevni-manijak-pri-os-franja-malgaja-je-bil-izmisljen\/\" \/>\n<meta property=\"og:site_name\" content=\"Novice.si\" \/>\n<meta property=\"article:published_time\" content=\"2023-04-18T09:47:33+00:00\" \/>\n<meta property=\"article:modified_time\" content=\"2023-04-19T15:14:14+00:00\" \/>\n<meta property=\"og:image\" content=\"https:\/\/novice.si\/page\/wp-content\/uploads\/2023\/04\/OS-Malgah-foto-Robert-Gajsek-scaled.jpg\" \/>\n\t<meta property=\"og:image:width\" content=\"2560\" \/>\n\t<meta property=\"og:image:height\" content=\"1739\" \/>\n\t<meta property=\"og:image:type\" content=\"image\/jpeg\" \/>\n<meta name=\"author\" content=\"Uredni\u0161tvo Celjana\" \/>\n<meta name=\"twitter:card\" content=\"summary_large_image\" \/>\n<meta name=\"twitter:label1\" content=\"Written by\" \/>\n\t<meta name=\"twitter:data1\" content=\"Uredni\u0161tvo Celjana\" \/>\n\t<meta name=\"twitter:label2\" content=\"Est. reading time\" \/>\n\t<meta name=\"twitter:data2\" content=\"2 minuti\" \/>\n<script type=\"application\/ld+json\" class=\"yoast-schema-graph\">{\"@context\":\"https:\\\/\\\/schema.org\",\"@graph\":[{\"@type\":\"Article\",\"@id\":\"https:\\\/\\\/novice.si\\\/page\\\/sentjur-domnevni-manijak-pri-os-franja-malgaja-je-bil-izmisljen\\\/#article\",\"isPartOf\":{\"@id\":\"https:\\\/\\\/novice.si\\\/page\\\/sentjur-domnevni-manijak-pri-os-franja-malgaja-je-bil-izmisljen\\\/\"},\"author\":{\"name\":\"Uredni\u0161tvo Celjana\",\"@id\":\"https:\\\/\\\/novice.si\\\/page\\\/#\\\/schema\\\/person\\\/57f25c9642a9541c7349c65d32032c3e\"},\"headline\":\"\u0160ENTJUR Domnevni manijak pri O\u0160 Franja Malgaja je bil izmi\u0161ljen\",\"datePublished\":\"2023-04-18T09:47:33+00:00\",\"dateModified\":\"2023-04-19T15:14:14+00:00\",\"mainEntityOfPage\":{\"@id\":\"https:\\\/\\\/novice.si\\\/page\\\/sentjur-domnevni-manijak-pri-os-franja-malgaja-je-bil-izmisljen\\\/\"},\"wordCount\":209,\"publisher\":{\"@id\":\"https:\\\/\\\/novice.si\\\/page\\\/#organization\"},\"image\":{\"@id\":\"https:\\\/\\\/novice.si\\\/page\\\/sentjur-domnevni-manijak-pri-os-franja-malgaja-je-bil-izmisljen\\\/#primaryimage\"},\"thumbnailUrl\":\"https:\\\/\\\/novice.si\\\/page\\\/wp-content\\\/uploads\\\/2023\\\/04\\\/OS-Malgah-foto-Robert-Gajsek-scaled.jpg\",\"keywords\":[\"domnevni maniak\",\"nagovarjanje u\u010dencev\",\"opozorilo star\u0161em\",\"o\u0161 Franja Malgaja \u0160entjur\",\"policija\"],\"articleSection\":[\"Aktualno\",\"Kronika\",\"\u0160entjursko\"],\"inLanguage\":\"sl-SI\"},{\"@type\":\"WebPage\",\"@id\":\"https:\\\/\\\/novice.si\\\/page\\\/sentjur-domnevni-manijak-pri-os-franja-malgaja-je-bil-izmisljen\\\/\",\"url\":\"https:\\\/\\\/novice.si\\\/page\\\/sentjur-domnevni-manijak-pri-os-franja-malgaja-je-bil-izmisljen\\\/\",\"name\":\"\u0160ENTJUR Domnevni manijak pri O\u0160 Franja Malgaja je bil izmi\u0161ljen - Novice.si\",\"isPartOf\":{\"@id\":\"https:\\\/\\\/novice.si\\\/page\\\/#website\"},\"primaryImageOfPage\":{\"@id\":\"https:\\\/\\\/novice.si\\\/page\\\/sentjur-domnevni-manijak-pri-os-franja-malgaja-je-bil-izmisljen\\\/#primaryimage\"},\"image\":{\"@id\":\"https:\\\/\\\/novice.si\\\/page\\\/sentjur-domnevni-manijak-pri-os-franja-malgaja-je-bil-izmisljen\\\/#primaryimage\"},\"thumbnailUrl\":\"https:\\\/\\\/novice.si\\\/page\\\/wp-content\\\/uploads\\\/2023\\\/04\\\/OS-Malgah-foto-Robert-Gajsek-scaled.jpg\",\"datePublished\":\"2023-04-18T09:47:33+00:00\",\"dateModified\":\"2023-04-19T15:14:14+00:00\",\"breadcrumb\":{\"@id\":\"https:\\\/\\\/novice.si\\\/page\\\/sentjur-domnevni-manijak-pri-os-franja-malgaja-je-bil-izmisljen\\\/#breadcrumb\"},\"inLanguage\":\"sl-SI\",\"potentialAction\":[{\"@type\":\"ReadAction\",\"target\":[\"https:\\\/\\\/novice.si\\\/page\\\/sentjur-domnevni-manijak-pri-os-franja-malgaja-je-bil-izmisljen\\\/\"]}]},{\"@type\":\"ImageObject\",\"inLanguage\":\"sl-SI\",\"@id\":\"https:\\\/\\\/novice.si\\\/page\\\/sentjur-domnevni-manijak-pri-os-franja-malgaja-je-bil-izmisljen\\\/#primaryimage\",\"url\":\"https:\\\/\\\/novice.si\\\/page\\\/wp-content\\\/uploads\\\/2023\\\/04\\\/OS-Malgah-foto-Robert-Gajsek-scaled.jpg\",\"contentUrl\":\"https:\\\/\\\/novice.si\\\/page\\\/wp-content\\\/uploads\\\/2023\\\/04\\\/OS-Malgah-foto-Robert-Gajsek-scaled.jpg\",\"width\":2560,\"height\":1739},{\"@type\":\"BreadcrumbList\",\"@id\":\"https:\\\/\\\/novice.si\\\/page\\\/sentjur-domnevni-manijak-pri-os-franja-malgaja-je-bil-izmisljen\\\/#breadcrumb\",\"itemListElement\":[{\"@type\":\"ListItem\",\"position\":1,\"name\":\"Home\",\"item\":\"https:\\\/\\\/novice.si\\\/page\\\/\"},{\"@type\":\"ListItem\",\"position\":2,\"name\":\"\u0160ENTJUR Domnevni manijak pri O\u0160 Franja Malgaja je bil izmi\u0161ljen\"}]},{\"@type\":\"WebSite\",\"@id\":\"https:\\\/\\\/novice.si\\\/page\\\/#website\",\"url\":\"https:\\\/\\\/novice.si\\\/page\\\/\",\"name\":\"Novice.si\",\"description\":\"\",\"publisher\":{\"@id\":\"https:\\\/\\\/novice.si\\\/page\\\/#organization\"},\"potentialAction\":[{\"@type\":\"SearchAction\",\"target\":{\"@type\":\"EntryPoint\",\"urlTemplate\":\"https:\\\/\\\/novice.si\\\/page\\\/?s={search_term_string}\"},\"query-input\":{\"@type\":\"PropertyValueSpecification\",\"valueRequired\":true,\"valueName\":\"search_term_string\"}}],\"inLanguage\":\"sl-SI\"},{\"@type\":\"Organization\",\"@id\":\"https:\\\/\\\/novice.si\\\/page\\\/#organization\",\"name\":\"Novice.si\",\"url\":\"https:\\\/\\\/novice.si\\\/page\\\/\",\"logo\":{\"@type\":\"ImageObject\",\"inLanguage\":\"sl-SI\",\"@id\":\"https:\\\/\\\/novice.si\\\/page\\\/#\\\/schema\\\/logo\\\/image\\\/\",\"url\":\"https:\\\/\\\/novice.si\\\/page\\\/wp-content\\\/uploads\\\/2023\\\/03\\\/novice_si.png\",\"contentUrl\":\"https:\\\/\\\/novice.si\\\/page\\\/wp-content\\\/uploads\\\/2023\\\/03\\\/novice_si.png\",\"width\":576,\"height\":200,\"caption\":\"Novice.si\"},\"image\":{\"@id\":\"https:\\\/\\\/novice.si\\\/page\\\/#\\\/schema\\\/logo\\\/image\\\/\"}},{\"@type\":\"Person\",\"@id\":\"https:\\\/\\\/novice.si\\\/page\\\/#\\\/schema\\\/person\\\/57f25c9642a9541c7349c65d32032c3e\",\"name\":\"Uredni\u0161tvo Celjana\",\"image\":{\"@type\":\"ImageObject\",\"inLanguage\":\"sl-SI\",\"@id\":\"https:\\\/\\\/secure.gravatar.com\\\/avatar\\\/78e52bc4279b65f6df6345e0ef0f7b792d361361f230cf4ffecfe0afe6d5629c?s=96&d=mm&r=g\",\"url\":\"https:\\\/\\\/secure.gravatar.com\\\/avatar\\\/78e52bc4279b65f6df6345e0ef0f7b792d361361f230cf4ffecfe0afe6d5629c?s=96&d=mm&r=g\",\"contentUrl\":\"https:\\\/\\\/secure.gravatar.com\\\/avatar\\\/78e52bc4279b65f6df6345e0ef0f7b792d361361f230cf4ffecfe0afe6d5629c?s=96&d=mm&r=g\",\"caption\":\"Uredni\u0161tvo Celjana\"},\"url\":\"https:\\\/\\\/novice.si\\\/page\\\/author\\\/primoz\\\/\"}]}<\/script>\n<!-- \/ Yoast SEO plugin. -->","yoast_head_json":{"title":"\u0160ENTJUR Domnevni manijak pri O\u0160 Franja Malgaja je bil izmi\u0161ljen - Novice.si","robots":{"index":"index","follow":"follow","max-snippet":"max-snippet:-1","max-image-preview":"max-image-preview:large","max-video-preview":"max-video-preview:-1"},"canonical":"https:\/\/novice.si\/page\/sentjur-domnevni-manijak-pri-os-franja-malgaja-je-bil-izmisljen\/","og_locale":"sl_SI","og_type":"article","og_title":"\u0160ENTJUR Domnevni manijak pri O\u0160 Franja Malgaja je bil izmi\u0161ljen - Novice.si","og_description":"Povsem za neutemeljene so se izkazale domneve, da se v okolici \u0161entjurske Osnovne \u0161ole Franja Malgaja potika neznanec, ki v avto sku\u0161a zvabiti u\u010dence. O tem je eden od star\u0161ev obvestil vodstvo \u0161ole, ki je nemudoma opozorilo star\u0161e in svetovalo, naj otroke posvarijo na previdnost, predvsem pa naj se ne odzivajo na morebitno nagovarjanje neznancev [&hellip;]","og_url":"https:\/\/novice.si\/page\/sentjur-domnevni-manijak-pri-os-franja-malgaja-je-bil-izmisljen\/","og_site_name":"Novice.si","article_published_time":"2023-04-18T09:47:33+00:00","article_modified_time":"2023-04-19T15:14:14+00:00","og_image":[{"width":2560,"height":1739,"url":"https:\/\/novice.si\/page\/wp-content\/uploads\/2023\/04\/OS-Malgah-foto-Robert-Gajsek-scaled.jpg","type":"image\/jpeg"}],"author":"Uredni\u0161tvo Celjana","twitter_card":"summary_large_image","twitter_misc":{"Written by":"Uredni\u0161tvo Celjana","Est. reading time":"2 minuti"},"schema":{"@context":"https:\/\/schema.org","@graph":[{"@type":"Article","@id":"https:\/\/novice.si\/page\/sentjur-domnevni-manijak-pri-os-franja-malgaja-je-bil-izmisljen\/#article","isPartOf":{"@id":"https:\/\/novice.si\/page\/sentjur-domnevni-manijak-pri-os-franja-malgaja-je-bil-izmisljen\/"},"author":{"name":"Uredni\u0161tvo Celjana","@id":"https:\/\/novice.si\/page\/#\/schema\/person\/57f25c9642a9541c7349c65d32032c3e"},"headline":"\u0160ENTJUR Domnevni manijak pri O\u0160 Franja Malgaja je bil izmi\u0161ljen","datePublished":"2023-04-18T09:47:33+00:00","dateModified":"2023-04-19T15:14:14+00:00","mainEntityOfPage":{"@id":"https:\/\/novice.si\/page\/sentjur-domnevni-manijak-pri-os-franja-malgaja-je-bil-izmisljen\/"},"wordCount":209,"publisher":{"@id":"https:\/\/novice.si\/page\/#organization"},"image":{"@id":"https:\/\/novice.si\/page\/sentjur-domnevni-manijak-pri-os-franja-malgaja-je-bil-izmisljen\/#primaryimage"},"thumbnailUrl":"https:\/\/novice.si\/page\/wp-content\/uploads\/2023\/04\/OS-Malgah-foto-Robert-Gajsek-scaled.jpg","keywords":["domnevni maniak","nagovarjanje u\u010dencev","opozorilo star\u0161em","o\u0161 Franja Malgaja \u0160entjur","policija"],"articleSection":["Aktualno","Kronika","\u0160entjursko"],"inLanguage":"sl-SI"},{"@type":"WebPage","@id":"https:\/\/novice.si\/page\/sentjur-domnevni-manijak-pri-os-franja-malgaja-je-bil-izmisljen\/","url":"https:\/\/novice.si\/page\/sentjur-domnevni-manijak-pri-os-franja-malgaja-je-bil-izmisljen\/","name":"\u0160ENTJUR Domnevni manijak pri O\u0160 Franja Malgaja je bil izmi\u0161ljen - Novice.si","isPartOf":{"@id":"https:\/\/novice.si\/page\/#website"},"primaryImageOfPage":{"@id":"https:\/\/novice.si\/page\/sentjur-domnevni-manijak-pri-os-franja-malgaja-je-bil-izmisljen\/#primaryimage"},"image":{"@id":"https:\/\/novice.si\/page\/sentjur-domnevni-manijak-pri-os-franja-malgaja-je-bil-izmisljen\/#primaryimage"},"thumbnailUrl":"https:\/\/novice.si\/page\/wp-content\/uploads\/2023\/04\/OS-Malgah-foto-Robert-Gajsek-scaled.jpg","datePublished":"2023-04-18T09:47:33+00:00","dateModified":"2023-04-19T15:14:14+00:00","breadcrumb":{"@id":"https:\/\/novice.si\/page\/sentjur-domnevni-manijak-pri-os-franja-malgaja-je-bil-izmisljen\/#breadcrumb"},"inLanguage":"sl-SI","potentialAction":[{"@type":"ReadAction","target":["https:\/\/novice.si\/page\/sentjur-domnevni-manijak-pri-os-franja-malgaja-je-bil-izmisljen\/"]}]},{"@type":"ImageObject","inLanguage":"sl-SI","@id":"https:\/\/novice.si\/page\/sentjur-domnevni-manijak-pri-os-franja-malgaja-je-bil-izmisljen\/#primaryimage","url":"https:\/\/novice.si\/page\/wp-content\/uploads\/2023\/04\/OS-Malgah-foto-Robert-Gajsek-scaled.jpg","contentUrl":"https:\/\/novice.si\/page\/wp-content\/uploads\/2023\/04\/OS-Malgah-foto-Robert-Gajsek-scaled.jpg","width":2560,"height":1739},{"@type":"BreadcrumbList","@id":"https:\/\/novice.si\/page\/sentjur-domnevni-manijak-pri-os-franja-malgaja-je-bil-izmisljen\/#breadcrumb","itemListElement":[{"@type":"ListItem","position":1,"name":"Home","item":"https:\/\/novice.si\/page\/"},{"@type":"ListItem","position":2,"name":"\u0160ENTJUR Domnevni manijak pri O\u0160 Franja Malgaja je bil izmi\u0161ljen"}]},{"@type":"WebSite","@id":"https:\/\/novice.si\/page\/#website","url":"https:\/\/novice.si\/page\/","name":"Novice.si","description":"","publisher":{"@id":"https:\/\/novice.si\/page\/#organization"},"potentialAction":[{"@type":"SearchAction","target":{"@type":"EntryPoint","urlTemplate":"https:\/\/novice.si\/page\/?s={search_term_string}"},"query-input":{"@type":"PropertyValueSpecification","valueRequired":true,"valueName":"search_term_string"}}],"inLanguage":"sl-SI"},{"@type":"Organization","@id":"https:\/\/novice.si\/page\/#organization","name":"Novice.si","url":"https:\/\/novice.si\/page\/","logo":{"@type":"ImageObject","inLanguage":"sl-SI","@id":"https:\/\/novice.si\/page\/#\/schema\/logo\/image\/","url":"https:\/\/novice.si\/page\/wp-content\/uploads\/2023\/03\/novice_si.png","contentUrl":"https:\/\/novice.si\/page\/wp-content\/uploads\/2023\/03\/novice_si.png","width":576,"height":200,"caption":"Novice.si"},"image":{"@id":"https:\/\/novice.si\/page\/#\/schema\/logo\/image\/"}},{"@type":"Person","@id":"https:\/\/novice.si\/page\/#\/schema\/person\/57f25c9642a9541c7349c65d32032c3e","name":"Uredni\u0161tvo Celjana","image":{"@type":"ImageObject","inLanguage":"sl-SI","@id":"https:\/\/secure.gravatar.com\/avatar\/78e52bc4279b65f6df6345e0ef0f7b792d361361f230cf4ffecfe0afe6d5629c?s=96&d=mm&r=g","url":"https:\/\/secure.gravatar.com\/avatar\/78e52bc4279b65f6df6345e0ef0f7b792d361361f230cf4ffecfe0afe6d5629c?s=96&d=mm&r=g","contentUrl":"https:\/\/secure.gravatar.com\/avatar\/78e52bc4279b65f6df6345e0ef0f7b792d361361f230cf4ffecfe0afe6d5629c?s=96&d=mm&r=g","caption":"Uredni\u0161tvo Celjana"},"url":"https:\/\/novice.si\/page\/author\/primoz\/"}]}},"_links":{"self":[{"href":"https:\/\/novice.si\/page\/wp-json\/wp\/v2\/posts\/161924","targetHints":{"allow":["GET"]}}],"collection":[{"href":"https:\/\/novice.si\/page\/wp-json\/wp\/v2\/posts"}],"about":[{"href":"https:\/\/novice.si\/page\/wp-json\/wp\/v2\/types\/post"}],"author":[{"embeddable":true,"href":"https:\/\/novice.si\/page\/wp-json\/wp\/v2\/users\/33"}],"replies":[{"embeddable":true,"href":"https:\/\/novice.si\/page\/wp-json\/wp\/v2\/comments?post=161924"}],"version-history":[{"count":1,"href":"https:\/\/novice.si\/page\/wp-json\/wp\/v2\/posts\/161924\/revisions"}],"predecessor-version":[{"id":161925,"href":"https:\/\/novice.si\/page\/wp-json\/wp\/v2\/posts\/161924\/revisions\/161925"}],"wp:featuredmedia":[{"embeddable":true,"href":"https:\/\/novice.si\/page\/wp-json\/wp\/v2\/media\/161966"}],"wp:attachment":[{"href":"https:\/\/novice.si\/page\/wp-json\/wp\/v2\/media?parent=161924"}],"wp:term":[{"taxonomy":"category","embeddable":true,"href":"https:\/\/novice.si\/page\/wp-json\/wp\/v2\/categories?post=161924"},{"taxonomy":"post_tag","embeddable":true,"href":"https:\/\/novice.si\/page\/wp-json\/wp\/v2\/tags?post=161924"}],"curies":[{"name":"wp","href":"https:\/\/api.w.org\/{rel}","templated":true}]}}